{"id":19542378,"date":"2026-08-31T10:07:56","date_gmt":"2026-08-31T09:07:56","guid":{"rendered":"https:\/\/kapitalis.com\/tunisie\/?p=19542378"},"modified":"2026-08-31T10:33:39","modified_gmt":"2026-08-31T09:33:39","slug":"la-tunisie-plateforme-pour-acceder-aux-marches-europeen-et-africain","status":"publish","type":"post","link":"https:\/\/kapitalis.com\/tunisie\/2026\/08\/31\/la-tunisie-plateforme-pour-acceder-aux-marches-europeen-et-africain\/","title":{"rendered":"La Tunisie, plateforme pour acc\u00e9der aux march\u00e9s europ\u00e9en et africain"},"content":{"rendered":"\n<p class=\"wp-block-paragraph\"><strong><em>La position strat\u00e9gique en M\u00e9diterran\u00e9e ainsi que les investissements en cours dans les infrastructures et la transition \u00e9nerg\u00e9tique renforcent davantage le r\u00f4le de la Tunisie en tant que plateforme privil\u00e9gi\u00e9e pour acc\u00e9der aux march\u00e9s europ\u00e9en et africain.<\/em><\/strong><\/p>\n\n\n\n<!--more-->\n\n\n\n<p class=\"wp-block-paragraph\">C\u2019est ce qu\u2019a d\u00e9clar\u00e9 \u00e0 l\u2019agence Nova Jelel Tebib, directeur g\u00e9n\u00e9ral de l\u2019Agence de promotion de l\u2019investissement ext\u00e9rieur (Fipa) et pr\u00e9sident par int\u00e9rim de la Tunisia Investment Authority (Tia).<\/p>\n\n\n\n<p class=\"wp-block-paragraph\">Selon le responsable, <em>\u00ables investissements internationaux en Tunisie ont atteint 1,929 milliard de dinars (environ 580 millions d\u2019euros) \u00e0 la fin du premier semestre 2026, enregistrant une croissance de 11,5 % par rapport \u00e0 la m\u00eame p\u00e9riode en 2025, de 41,7 % par rapport \u00e0 2024 et de 58,8 % par rapport \u00e0 2023\u00bb<\/em>. La Tunisie se confirme ainsi comme un march\u00e9 aux perspectives particuli\u00e8rement int\u00e9ressantes pour les investisseurs \u00e9trangers, et notamment italiens, gr\u00e2ce \u00e0 un ensemble de facteurs qui renforcent progressivement son attractivit\u00e9.<\/p>\n\n\n\n<p class=\"wp-block-paragraph\">La proximit\u00e9 g\u00e9ographique et culturelle avec l\u2019Italie, alli\u00e9e \u00e0 une main-d\u2019\u0153uvre jeune, qualifi\u00e9e et comp\u00e9titive, permet aux entreprises de d\u00e9velopper une pr\u00e9sence industrielle \u00e9troitement int\u00e9gr\u00e9e \u00e0 leurs activit\u00e9s en Europe.<\/p>\n\n\n\n<p class=\"wp-block-paragraph\">Le pays dispose en outre de fili\u00e8res industrielles solides et d\u2019un potentiel croissant dans les secteurs \u00e0 plus forte valeur ajout\u00e9e, allant des composants automobiles aux \u00e9quipements \u00e9lectriques et \u00e9lectroniques, en passant par l\u2019a\u00e9ronautique et les \u00e9nergies renouvelables. Sa position strat\u00e9gique en M\u00e9diterran\u00e9e ainsi que les investissements en cours dans les infrastructures et la transition \u00e9nerg\u00e9tique renforcent encore le r\u00f4le de la Tunisie en tant que plateforme privil\u00e9gi\u00e9e pour acc\u00e9der aux march\u00e9s europ\u00e9en et africain. Dans ce contexte, la pr\u00e9sence d\u00e9j\u00e0 bien ancr\u00e9e des entreprises italiennes constitue un atout suppl\u00e9mentaire ; elle cr\u00e9e un \u00e9cosyst\u00e8me de comp\u00e9tences, de fournisseurs et de relations industrielles qui facilite les nouvelles implantations et favorise, selon les experts, la consolidation d\u2019un partenariat \u00e9conomique appel\u00e9 \u00e0 se d\u00e9velopper davantage, souligne M. Tebib.<\/p>\n\n\n\n<p class=\"has-text-align-right wp-block-paragraph\"><strong>I. B.<\/strong><\/p>\n","protected":false},"excerpt":{"rendered":"<p>Pour le renforcement du r\u00f4le de la Tunisie en tant que plateforme privil\u00e9gi\u00e9e pour acc\u00e9der aux march\u00e9s europ\u00e9en et africain.<\/p>\n","protected":false},"author":8,"featured_media":19094845,"comment_status":"open","ping_status":"open","sticky":false,"template":"","format":"standard","meta":{"footnotes":""},"categories":[995,2433],"tags":[33,41,220,356,1328,82772,62643],"class_list":["post-19542378","post","type-post","status-publish","format-standard","has-post-thumbnail","hentry","category-economie","category-tunisie","tag-aeronautique","tag-afrique","tag-composants-automobiles","tag-europe","tag-fipa","tag-investissements-exterieurs","tag-tunisie"],"yoast_head":"<!-- This site is optimized with the Yoast SEO plugin v26.6 - https:\/\/yoast.com\/wordpress\/plugins\/seo\/ -->\n<title>La Tunisie, plateforme pour acc\u00e9der aux march\u00e9s europ\u00e9en et africain - Kapitalis<\/title>\n<meta name=\"description\" content=\"Pour le renforcement du r\u00f4le de la Tunisie en tant que plateforme privil\u00e9gi\u00e9e pour acc\u00e9der aux march\u00e9s europ\u00e9en et africain.\" \/>\n<meta name=\"robots\" content=\"index, follow, max-snippet:-1, max-image-preview:large, max-video-preview:-1\" \/>\n<link rel=\"canonical\" href=\"https:\/\/kapitalis.com\/tunisie\/2026\/08\/31\/la-tunisie-plateforme-pour-acceder-aux-marches-europeen-et-africain\/\" \/>\n<meta property=\"og:locale\" content=\"fr_FR\" \/>\n<meta property=\"og:type\" content=\"article\" \/>\n<meta property=\"og:title\" content=\"La Tunisie, plateforme pour acc\u00e9der aux march\u00e9s europ\u00e9en et africain - Kapitalis\" \/>\n<meta property=\"og:description\" content=\"Pour le renforcement du r\u00f4le de la Tunisie en tant que plateforme privil\u00e9gi\u00e9e pour acc\u00e9der aux march\u00e9s europ\u00e9en et africain.\" \/>\n<meta property=\"og:url\" content=\"https:\/\/kapitalis.com\/tunisie\/2026\/08\/31\/la-tunisie-plateforme-pour-acceder-aux-marches-europeen-et-africain\/\" \/>\n<meta property=\"og:site_name\" content=\"Kapitalis\" \/>\n<meta property=\"article:publisher\" content=\"https:\/\/www.facebook.com\/KapitalisInfo\/\" \/>\n<meta property=\"article:published_time\" content=\"2026-08-31T09:07:56+00:00\" \/>\n<meta property=\"article:modified_time\" content=\"2026-08-31T09:33:39+00:00\" \/>\n<meta property=\"og:image\" content=\"https:\/\/kapitalis.com\/tunisie\/wp-content\/uploads\/2026\/06\/Jalel-Tebib-TIF-2026.jpg\" \/>\n\t<meta property=\"og:image:width\" content=\"1200\" \/>\n\t<meta property=\"og:image:height\" content=\"630\" \/>\n\t<meta property=\"og:image:type\" content=\"image\/jpeg\" \/>\n<meta name=\"author\" content=\"webmaster kapitalis\" \/>\n<meta name=\"twitter:card\" content=\"summary_large_image\" \/>\n<meta name=\"twitter:creator\" content=\"@KapitalisInfo\" \/>\n<meta name=\"twitter:site\" content=\"@KapitalisInfo\" \/>\n<meta name=\"twitter:label1\" content=\"\u00c9crit par\" \/>\n\t<meta name=\"twitter:data1\" content=\"webmaster kapitalis\" \/>\n\t<meta name=\"twitter:label2\" content=\"Dur\u00e9e de lecture estim\u00e9e\" \/>\n\t<meta name=\"twitter:data2\" content=\"2 minutes\" \/>\n<script type=\"application\/ld+json\" class=\"yoast-schema-graph\">{\"@context\":\"https:\/\/schema.org\",\"@graph\":[{\"@type\":\"Article\",\"@id\":\"https:\/\/kapitalis.com\/tunisie\/2026\/08\/31\/la-tunisie-plateforme-pour-acceder-aux-marches-europeen-et-africain\/#article\",\"isPartOf\":{\"@id\":\"https:\/\/kapitalis.com\/tunisie\/2026\/08\/31\/la-tunisie-plateforme-pour-acceder-aux-marches-europeen-et-africain\/\"},\"author\":{\"name\":\"webmaster kapitalis\",\"@id\":\"https:\/\/kapitalis.com\/tunisie\/#\/schema\/person\/d71f33a9ca44f7bad4698210b480c8e9\"},\"headline\":\"La Tunisie, plateforme pour acc\u00e9der aux march\u00e9s europ\u00e9en et africain\",\"datePublished\":\"2026-08-31T09:07:56+00:00\",\"dateModified\":\"2026-08-31T09:33:39+00:00\",\"mainEntityOfPage\":{\"@id\":\"https:\/\/kapitalis.com\/tunisie\/2026\/08\/31\/la-tunisie-plateforme-pour-acceder-aux-marches-europeen-et-africain\/\"},\"wordCount\":360,\"commentCount\":0,\"publisher\":{\"@id\":\"https:\/\/kapitalis.com\/tunisie\/#organization\"},\"image\":{\"@id\":\"https:\/\/kapitalis.com\/tunisie\/2026\/08\/31\/la-tunisie-plateforme-pour-acceder-aux-marches-europeen-et-africain\/#primaryimage\"},\"thumbnailUrl\":\"https:\/\/kapitalis.com\/tunisie\/wp-content\/uploads\/2026\/06\/Jalel-Tebib-TIF-2026.jpg\",\"keywords\":[\"a\u00e9ronautique\",\"Afrique\",\"composants automobiles\",\"Europe\",\"Fipa\",\"investissements ext\u00e9rieurs\",\"Tunisie\"],\"articleSection\":[\"ECONOMIE\",\"Tunisie\"],\"inLanguage\":\"fr-FR\",\"potentialAction\":[{\"@type\":\"CommentAction\",\"name\":\"Comment\",\"target\":[\"https:\/\/kapitalis.com\/tunisie\/2026\/08\/31\/la-tunisie-plateforme-pour-acceder-aux-marches-europeen-et-africain\/#respond\"]}]},{\"@type\":\"WebPage\",\"@id\":\"https:\/\/kapitalis.com\/tunisie\/2026\/08\/31\/la-tunisie-plateforme-pour-acceder-aux-marches-europeen-et-africain\/\",\"url\":\"https:\/\/kapitalis.com\/tunisie\/2026\/08\/31\/la-tunisie-plateforme-pour-acceder-aux-marches-europeen-et-africain\/\",\"name\":\"La Tunisie, plateforme pour acc\u00e9der aux march\u00e9s europ\u00e9en et africain - Kapitalis\",\"isPartOf\":{\"@id\":\"https:\/\/kapitalis.com\/tunisie\/#website\"},\"primaryImageOfPage\":{\"@id\":\"https:\/\/kapitalis.com\/tunisie\/2026\/08\/31\/la-tunisie-plateforme-pour-acceder-aux-marches-europeen-et-africain\/#primaryimage\"},\"image\":{\"@id\":\"https:\/\/kapitalis.com\/tunisie\/2026\/08\/31\/la-tunisie-plateforme-pour-acceder-aux-marches-europeen-et-africain\/#primaryimage\"},\"thumbnailUrl\":\"https:\/\/kapitalis.com\/tunisie\/wp-content\/uploads\/2026\/06\/Jalel-Tebib-TIF-2026.jpg\",\"datePublished\":\"2026-08-31T09:07:56+00:00\",\"dateModified\":\"2026-08-31T09:33:39+00:00\",\"description\":\"Pour le renforcement du r\u00f4le de la Tunisie en tant que plateforme privil\u00e9gi\u00e9e pour acc\u00e9der aux march\u00e9s europ\u00e9en et africain.\",\"breadcrumb\":{\"@id\":\"https:\/\/kapitalis.com\/tunisie\/2026\/08\/31\/la-tunisie-plateforme-pour-acceder-aux-marches-europeen-et-africain\/#breadcrumb\"},\"inLanguage\":\"fr-FR\",\"potentialAction\":[{\"@type\":\"ReadAction\",\"target\":[\"https:\/\/kapitalis.com\/tunisie\/2026\/08\/31\/la-tunisie-plateforme-pour-acceder-aux-marches-europeen-et-africain\/\"]}]},{\"@type\":\"ImageObject\",\"inLanguage\":\"fr-FR\",\"@id\":\"https:\/\/kapitalis.com\/tunisie\/2026\/08\/31\/la-tunisie-plateforme-pour-acceder-aux-marches-europeen-et-africain\/#primaryimage\",\"url\":\"https:\/\/kapitalis.com\/tunisie\/wp-content\/uploads\/2026\/06\/Jalel-Tebib-TIF-2026.jpg\",\"contentUrl\":\"https:\/\/kapitalis.com\/tunisie\/wp-content\/uploads\/2026\/06\/Jalel-Tebib-TIF-2026.jpg\",\"width\":1200,\"height\":630},{\"@type\":\"BreadcrumbList\",\"@id\":\"https:\/\/kapitalis.com\/tunisie\/2026\/08\/31\/la-tunisie-plateforme-pour-acceder-aux-marches-europeen-et-africain\/#breadcrumb\",\"itemListElement\":[{\"@type\":\"ListItem\",\"position\":1,\"name\":\"Accueil\",\"item\":\"https:\/\/kapitalis.com\/tunisie\/\"},{\"@type\":\"ListItem\",\"position\":2,\"name\":\"La Tunisie, plateforme pour acc\u00e9der aux march\u00e9s europ\u00e9en et africain\"}]},{\"@type\":\"WebSite\",\"@id\":\"https:\/\/kapitalis.com\/tunisie\/#website\",\"url\":\"https:\/\/kapitalis.com\/tunisie\/\",\"name\":\"Kapitalis\",\"description\":\"L&#039;actualit\u00e9 en Tunisie et dans le monde\",\"publisher\":{\"@id\":\"https:\/\/kapitalis.com\/tunisie\/#organization\"},\"potentialAction\":[{\"@type\":\"SearchAction\",\"target\":{\"@type\":\"EntryPoint\",\"urlTemplate\":\"https:\/\/kapitalis.com\/tunisie\/?s={search_term_string}\"},\"query-input\":{\"@type\":\"PropertyValueSpecification\",\"valueRequired\":true,\"valueName\":\"search_term_string\"}}],\"inLanguage\":\"fr-FR\"},{\"@type\":\"Organization\",\"@id\":\"https:\/\/kapitalis.com\/tunisie\/#organization\",\"name\":\"Kapitalis\",\"url\":\"https:\/\/kapitalis.com\/tunisie\/\",\"logo\":{\"@type\":\"ImageObject\",\"inLanguage\":\"fr-FR\",\"@id\":\"https:\/\/kapitalis.com\/tunisie\/#\/schema\/logo\/image\/\",\"url\":\"https:\/\/kapitalis.com\/tunisie\/wp-content\/uploads\/2022\/05\/Kapitalis-big-size.png\",\"contentUrl\":\"https:\/\/kapitalis.com\/tunisie\/wp-content\/uploads\/2022\/05\/Kapitalis-big-size.png\",\"width\":5000,\"height\":1500,\"caption\":\"Kapitalis\"},\"image\":{\"@id\":\"https:\/\/kapitalis.com\/tunisie\/#\/schema\/logo\/image\/\"},\"sameAs\":[\"https:\/\/www.facebook.com\/KapitalisInfo\/\",\"https:\/\/x.com\/KapitalisInfo\",\"https:\/\/www.youtube.com\/channel\/UC-yDYrHyfFBWWZaOw3FPg9Q\"]},{\"@type\":\"Person\",\"@id\":\"https:\/\/kapitalis.com\/tunisie\/#\/schema\/person\/d71f33a9ca44f7bad4698210b480c8e9\",\"name\":\"webmaster kapitalis\",\"url\":\"https:\/\/kapitalis.com\/tunisie\/author\/webmaster-kapitalis\/\"}]}<\/script>\n<!-- \/ Yoast SEO plugin. -->","yoast_head_json":{"title":"La Tunisie, plateforme pour acc\u00e9der aux march\u00e9s europ\u00e9en et africain - Kapitalis","description":"Pour le renforcement du r\u00f4le de la Tunisie en tant que plateforme privil\u00e9gi\u00e9e pour acc\u00e9der aux march\u00e9s europ\u00e9en et africain.","robots":{"index":"index","follow":"follow","max-snippet":"max-snippet:-1","max-image-preview":"max-image-preview:large","max-video-preview":"max-video-preview:-1"},"canonical":"https:\/\/kapitalis.com\/tunisie\/2026\/08\/31\/la-tunisie-plateforme-pour-acceder-aux-marches-europeen-et-africain\/","og_locale":"fr_FR","og_type":"article","og_title":"La Tunisie, plateforme pour acc\u00e9der aux march\u00e9s europ\u00e9en et africain - Kapitalis","og_description":"Pour le renforcement du r\u00f4le de la Tunisie en tant que plateforme privil\u00e9gi\u00e9e pour acc\u00e9der aux march\u00e9s europ\u00e9en et africain.","og_url":"https:\/\/kapitalis.com\/tunisie\/2026\/08\/31\/la-tunisie-plateforme-pour-acceder-aux-marches-europeen-et-africain\/","og_site_name":"Kapitalis","article_publisher":"https:\/\/www.facebook.com\/KapitalisInfo\/","article_published_time":"2026-08-31T09:07:56+00:00","article_modified_time":"2026-08-31T09:33:39+00:00","og_image":[{"width":1200,"height":630,"url":"https:\/\/kapitalis.com\/tunisie\/wp-content\/uploads\/2026\/06\/Jalel-Tebib-TIF-2026.jpg","type":"image\/jpeg"}],"author":"webmaster kapitalis","twitter_card":"summary_large_image","twitter_creator":"@KapitalisInfo","twitter_site":"@KapitalisInfo","twitter_misc":{"\u00c9crit par":"webmaster kapitalis","Dur\u00e9e de lecture estim\u00e9e":"2 minutes"},"schema":{"@context":"https:\/\/schema.org","@graph":[{"@type":"Article","@id":"https:\/\/kapitalis.com\/tunisie\/2026\/08\/31\/la-tunisie-plateforme-pour-acceder-aux-marches-europeen-et-africain\/#article","isPartOf":{"@id":"https:\/\/kapitalis.com\/tunisie\/2026\/08\/31\/la-tunisie-plateforme-pour-acceder-aux-marches-europeen-et-africain\/"},"author":{"name":"webmaster kapitalis","@id":"https:\/\/kapitalis.com\/tunisie\/#\/schema\/person\/d71f33a9ca44f7bad4698210b480c8e9"},"headline":"La Tunisie, plateforme pour acc\u00e9der aux march\u00e9s europ\u00e9en et africain","datePublished":"2026-08-31T09:07:56+00:00","dateModified":"2026-08-31T09:33:39+00:00","mainEntityOfPage":{"@id":"https:\/\/kapitalis.com\/tunisie\/2026\/08\/31\/la-tunisie-plateforme-pour-acceder-aux-marches-europeen-et-africain\/"},"wordCount":360,"commentCount":0,"publisher":{"@id":"https:\/\/kapitalis.com\/tunisie\/#organization"},"image":{"@id":"https:\/\/kapitalis.com\/tunisie\/2026\/08\/31\/la-tunisie-plateforme-pour-acceder-aux-marches-europeen-et-africain\/#primaryimage"},"thumbnailUrl":"https:\/\/kapitalis.com\/tunisie\/wp-content\/uploads\/2026\/06\/Jalel-Tebib-TIF-2026.jpg","keywords":["a\u00e9ronautique","Afrique","composants automobiles","Europe","Fipa","investissements ext\u00e9rieurs","Tunisie"],"articleSection":["ECONOMIE","Tunisie"],"inLanguage":"fr-FR","potentialAction":[{"@type":"CommentAction","name":"Comment","target":["https:\/\/kapitalis.com\/tunisie\/2026\/08\/31\/la-tunisie-plateforme-pour-acceder-aux-marches-europeen-et-africain\/#respond"]}]},{"@type":"WebPage","@id":"https:\/\/kapitalis.com\/tunisie\/2026\/08\/31\/la-tunisie-plateforme-pour-acceder-aux-marches-europeen-et-africain\/","url":"https:\/\/kapitalis.com\/tunisie\/2026\/08\/31\/la-tunisie-plateforme-pour-acceder-aux-marches-europeen-et-africain\/","name":"La Tunisie, plateforme pour acc\u00e9der aux march\u00e9s europ\u00e9en et africain - Kapitalis","isPartOf":{"@id":"https:\/\/kapitalis.com\/tunisie\/#website"},"primaryImageOfPage":{"@id":"https:\/\/kapitalis.com\/tunisie\/2026\/08\/31\/la-tunisie-plateforme-pour-acceder-aux-marches-europeen-et-africain\/#primaryimage"},"image":{"@id":"https:\/\/kapitalis.com\/tunisie\/2026\/08\/31\/la-tunisie-plateforme-pour-acceder-aux-marches-europeen-et-africain\/#primaryimage"},"thumbnailUrl":"https:\/\/kapitalis.com\/tunisie\/wp-content\/uploads\/2026\/06\/Jalel-Tebib-TIF-2026.jpg","datePublished":"2026-08-31T09:07:56+00:00","dateModified":"2026-08-31T09:33:39+00:00","description":"Pour le renforcement du r\u00f4le de la Tunisie en tant que plateforme privil\u00e9gi\u00e9e pour acc\u00e9der aux march\u00e9s europ\u00e9en et africain.","breadcrumb":{"@id":"https:\/\/kapitalis.com\/tunisie\/2026\/08\/31\/la-tunisie-plateforme-pour-acceder-aux-marches-europeen-et-africain\/#breadcrumb"},"inLanguage":"fr-FR","potentialAction":[{"@type":"ReadAction","target":["https:\/\/kapitalis.com\/tunisie\/2026\/08\/31\/la-tunisie-plateforme-pour-acceder-aux-marches-europeen-et-africain\/"]}]},{"@type":"ImageObject","inLanguage":"fr-FR","@id":"https:\/\/kapitalis.com\/tunisie\/2026\/08\/31\/la-tunisie-plateforme-pour-acceder-aux-marches-europeen-et-africain\/#primaryimage","url":"https:\/\/kapitalis.com\/tunisie\/wp-content\/uploads\/2026\/06\/Jalel-Tebib-TIF-2026.jpg","contentUrl":"https:\/\/kapitalis.com\/tunisie\/wp-content\/uploads\/2026\/06\/Jalel-Tebib-TIF-2026.jpg","width":1200,"height":630},{"@type":"BreadcrumbList","@id":"https:\/\/kapitalis.com\/tunisie\/2026\/08\/31\/la-tunisie-plateforme-pour-acceder-aux-marches-europeen-et-africain\/#breadcrumb","itemListElement":[{"@type":"ListItem","position":1,"name":"Accueil","item":"https:\/\/kapitalis.com\/tunisie\/"},{"@type":"ListItem","position":2,"name":"La Tunisie, plateforme pour acc\u00e9der aux march\u00e9s europ\u00e9en et africain"}]},{"@type":"WebSite","@id":"https:\/\/kapitalis.com\/tunisie\/#website","url":"https:\/\/kapitalis.com\/tunisie\/","name":"Kapitalis","description":"L&#039;actualit\u00e9 en Tunisie et dans le monde","publisher":{"@id":"https:\/\/kapitalis.com\/tunisie\/#organization"},"potentialAction":[{"@type":"SearchAction","target":{"@type":"EntryPoint","urlTemplate":"https:\/\/kapitalis.com\/tunisie\/?s={search_term_string}"},"query-input":{"@type":"PropertyValueSpecification","valueRequired":true,"valueName":"search_term_string"}}],"inLanguage":"fr-FR"},{"@type":"Organization","@id":"https:\/\/kapitalis.com\/tunisie\/#organization","name":"Kapitalis","url":"https:\/\/kapitalis.com\/tunisie\/","logo":{"@type":"ImageObject","inLanguage":"fr-FR","@id":"https:\/\/kapitalis.com\/tunisie\/#\/schema\/logo\/image\/","url":"https:\/\/kapitalis.com\/tunisie\/wp-content\/uploads\/2022\/05\/Kapitalis-big-size.png","contentUrl":"https:\/\/kapitalis.com\/tunisie\/wp-content\/uploads\/2022\/05\/Kapitalis-big-size.png","width":5000,"height":1500,"caption":"Kapitalis"},"image":{"@id":"https:\/\/kapitalis.com\/tunisie\/#\/schema\/logo\/image\/"},"sameAs":["https:\/\/www.facebook.com\/KapitalisInfo\/","https:\/\/x.com\/KapitalisInfo","https:\/\/www.youtube.com\/channel\/UC-yDYrHyfFBWWZaOw3FPg9Q"]},{"@type":"Person","@id":"https:\/\/kapitalis.com\/tunisie\/#\/schema\/person\/d71f33a9ca44f7bad4698210b480c8e9","name":"webmaster kapitalis","url":"https:\/\/kapitalis.com\/tunisie\/author\/webmaster-kapitalis\/"}]}},"_links":{"self":[{"href":"https:\/\/kapitalis.com\/tunisie\/wp-json\/wp\/v2\/posts\/19542378","targetHints":{"allow":["GET"]}}],"collection":[{"href":"https:\/\/kapitalis.com\/tunisie\/wp-json\/wp\/v2\/posts"}],"about":[{"href":"https:\/\/kapitalis.com\/tunisie\/wp-json\/wp\/v2\/types\/post"}],"author":[{"embeddable":true,"href":"https:\/\/kapitalis.com\/tunisie\/wp-json\/wp\/v2\/users\/8"}],"replies":[{"embeddable":true,"href":"https:\/\/kapitalis.com\/tunisie\/wp-json\/wp\/v2\/comments?post=19542378"}],"version-history":[{"count":2,"href":"https:\/\/kapitalis.com\/tunisie\/wp-json\/wp\/v2\/posts\/19542378\/revisions"}],"predecessor-version":[{"id":19542675,"href":"https:\/\/kapitalis.com\/tunisie\/wp-json\/wp\/v2\/posts\/19542378\/revisions\/19542675"}],"wp:featuredmedia":[{"embeddable":true,"href":"https:\/\/kapitalis.com\/tunisie\/wp-json\/wp\/v2\/media\/19094845"}],"wp:attachment":[{"href":"https:\/\/kapitalis.com\/tunisie\/wp-json\/wp\/v2\/media?parent=19542378"}],"wp:term":[{"taxonomy":"category","embeddable":true,"href":"https:\/\/kapitalis.com\/tunisie\/wp-json\/wp\/v2\/categories?post=19542378"},{"taxonomy":"post_tag","embeddable":true,"href":"https:\/\/kapitalis.com\/tunisie\/wp-json\/wp\/v2\/tags?post=19542378"}],"curies":[{"name":"wp","href":"https:\/\/api.w.org\/{rel}","templated":true}]}}