{"id":19543224,"date":"2026-08-31T12:08:25","date_gmt":"2026-08-31T11:08:25","guid":{"rendered":"https:\/\/kapitalis.com\/tunisie\/?p=19543224"},"modified":"2026-08-31T12:08:27","modified_gmt":"2026-08-31T11:08:27","slug":"lalgerie-telle-quelle-doit-sassumer-legataire-du-fardeau-colonial","status":"publish","type":"post","link":"https:\/\/kapitalis.com\/tunisie\/2026\/08\/31\/lalgerie-telle-quelle-doit-sassumer-legataire-du-fardeau-colonial\/","title":{"rendered":"L\u2019Alg\u00e9rie, telle qu\u2019elle doit s\u2019assumer, l\u00e9gataire du fardeau colonial"},"content":{"rendered":"\n<p class=\"wp-block-paragraph\"><strong><em>L\u2019auteur r\u00e9agit ici \u00e0 la r\u00e9ponse du Dr Abderrahmane Cherfouh intitul\u00e9e <a href=\"https:\/\/kapitalis.com\/tunisie\/2026\/08\/27\/lalgerie-face-a-lhistoire-de-la-souverainete-a-la-reconquete\/\" target=\"_blank\" rel=\"noreferrer noopener\">L\u2019Alg\u00e9rie face \u00e0 l\u2019histoire\u00a0: De la souverainet\u00e9 \u00e0 la reconqu\u00eate<\/a> \u00e0 un pr\u00e9c\u00e9dent article qu\u2019il avait publi\u00e9 dans Kapitalis\u00a0: <a href=\"https:\/\/kapitalis.com\/tunisie\/2026\/08\/26\/tunisie-du-souverainisme-a-la-question-numide-ou-lopposition-aveugle\/\" target=\"_blank\" rel=\"noreferrer noopener\">Tunisie\u00a0: du souverainisme \u00e0 la question numide<\/a>.<\/em><\/strong><\/p>\n\n\n\n<p class=\"wp-block-paragraph\"><strong>Dr Mounir Hanablia *<\/strong><\/p>\n\n\n\n<!--more-->\n\n\n\n<p class=\"wp-block-paragraph\">Suite \u00e0 l\u2019intervention de mon coll\u00e8gue alg\u00e9rien, qui semble avoir perdu&nbsp; le fil de l\u2019essentiel de mon pr\u00e9c\u00e9dent \u00e9crit, \u00e0 savoir le caract\u00e8re inutile et nuisible d\u2019une guerre du gaz entre nos deux pays, ou bien d\u2019entreprises qui pourraient remettre en cause leur int\u00e9grit\u00e9 territoriale mutuelle, et qui finit&nbsp; par se lancer dans un r\u00e9cit apolog\u00e9tique d\u00e9nu\u00e9 d\u2019int\u00e9r\u00eat sur l\u2019Histoire de l\u2019Alg\u00e9rie contemporaine,&nbsp; je me dois de rappeler que beaucoup de nations ne furent que les cons\u00e9quences du fait colonial. Leurs citoyens doivent-ils pour autant porter cela comme une marque d\u2019infamie ? L\u2019Inde est une cr\u00e9ation anglaise. Aucun Indien ne le niera aujourd\u2019hui, pas plus qu\u2019aucun Pakistanais. Pourtant lors de la bataille de Plassey en 1757, l\u2019Inde poss\u00e9dait les attributs au moins nominaux de l\u2019\u00c9tat unitaire,&nbsp;m\u00eame si celui-ci&nbsp;min\u00e9 par les s\u00e9cessions n\u2019\u00e9tait&nbsp;plus que l\u2019ombre de lui-m\u00eame.<\/p>\n\n\n\n<h2 class=\"wp-block-heading\">Un b\u00e9b\u00e9 n\u00e9 d\u2019un viol<\/h2>\n\n\n\n<p class=\"wp-block-paragraph\">L\u2019Alg\u00e9rie aujourd\u2019hui est un \u00e9tat libre et ind\u00e9pendant reconnu par la communaut\u00e9 internationale. Et nul ne pr\u00e9tend minimiser l\u2019ampleur du combat h\u00e9ro\u00efque de son peuple contre le colonialisme. Cela n\u2019est nullement antinomique avec la r\u00e9alit\u00e9 que ce pays, d\u00e9pourvu \u00e0 l\u2019origine d\u2019Etat unitaire, ait \u00e9t\u00e9 r\u00e9unifi\u00e9 bon gr\u00e9 mal gr\u00e9 par la puissance destructrice de l\u2019arm\u00e9e fran\u00e7aise. C\u2019est un fait, m\u00eame si la France n\u2019avait aucun droit l\u00e9gitime \u00e0 occuper un sol qui ne lui appartenait pas.<\/p>\n\n\n\n<p class=\"wp-block-paragraph\">Si les gouvernements europ\u00e9ens ont \u00e9tabli entre eux des protocoles et des droits de conqu\u00eate fond\u00e9s sur des trait\u00e9s in\u00e9gaux ou ill\u00e9gaux sign\u00e9s avec des chefs indig\u00e8nes pour l\u00e9gitimer leurs entreprises respectives, cela ne constitue pas un argument valable pour justifier une conqu\u00eate, tant bien m\u00eame la n\u00e9gation ou l\u2019absence d\u2019un \u00c9tat en servirait de couverture juridique. Mais quand le b\u00e9b\u00e9 est n\u00e9 d\u2019un viol, il faut avoir le courage de le reconna\u00eetre, et non pas pr\u00e9tendre \u00e0 la l\u00e9gitimit\u00e9 du mariage. Et que les colonialistes usent&nbsp;de cet argument&nbsp;pour nier tout droit alg\u00e9rien \u00e0 l\u2019ind\u00e9pendance ne signifie pas plus qu\u2019ils aient raison de le faire, face \u00e0 la reconnaissance internationale. Et celle-ci se rapporte \u00e0 l\u2019Onu, cr\u00e9\u00e9e par le Pr\u00e9sident Roosevelt et consolid\u00e9e par Truman, avec l\u2019assentiment de l\u2019URSS. Et lorsque la Tunisie, l\u2019Alg\u00e9rie et le Maroc sont pass\u00e9s \u00e0 l\u2019ind\u00e9pendance, celle-ci n\u2019est devenue effective que par la communaut\u00e9 internationale.<\/p>\n\n\n\n<p class=\"wp-block-paragraph\">En 1943 \u00e0 Casablanca c\u2019est un fait que le Pr\u00e9sident Roosevelt ait promis l\u2019ind\u00e9pendance au Sultan Mohamed V et que \u00e0 la suite de cela les agents am\u00e9ricains aient diffus\u00e9 la bonne nouvelle sur la fin proche du colonialisme fran\u00e7ais&nbsp;chez les leaders ind\u00e9pendantistes maghr\u00e9bins.<\/p>\n\n\n\n<p class=\"wp-block-paragraph\">La protection conf\u00e9r\u00e9e par Robert Murphy \u00e0 Bourguiba contre les repr\u00e9sailles fran\u00e7aises pour ses contacts avec les Italiens ne d\u00e9mentira certes pas cette r\u00e9alit\u00e9.&nbsp;<\/p>\n\n\n\n<h2 class=\"wp-block-heading\">Le r\u00f4le am\u00e9ricain dans la d\u00e9colonisation du Maghreb<\/h2>\n\n\n\n<p class=\"wp-block-paragraph\">Le statut de l\u2019Alg\u00e9rie demeure particulier du fait de l\u2019int\u00e9gration du territoire alg\u00e9rien \u00e0 la France. Et si Messali Hadj&nbsp;fut le v\u00e9ritable p\u00e8re de l\u2019ind\u00e9pendance alg\u00e9rienne, il n&rsquo;en a pas moins \u00e9t\u00e9 reni\u00e9 et combattu par le Front de lib\u00e9ration national&nbsp;(FLN) alg\u00e9rien. Il est vrai que ses tendances socialisantes ne l\u2019auraient pas fait consid\u00e9rer d\u2019un bon \u0153il de la part des Am\u00e9ricains.<\/p>\n\n\n\n<p class=\"wp-block-paragraph\">Or au moment du d\u00e9barquement am\u00e9ricain en Afrique&nbsp;du Nord, le FLN n\u2019existait pas encore. Ferhat Abb\u00e8s, fondateur de l\u2019Union d\u00e9mocratique du Manifeste alg\u00e9rien et futur pr\u00e9sident du Gouvernement provisoire de la r\u00e9publique alg\u00e9rienne (GPRA), lui, \u00e9crivait quelques ann\u00e9es auparavant : <em>\u00abJ\u2019ai err\u00e9 parmi les cimeti\u00e8res, la nation alg\u00e9rienne n\u2019existe pas, notre avenir est avec la France\u00bb<\/em>.<\/p>\n\n\n\n<p class=\"wp-block-paragraph\">Ainsi on ne peut pas pr\u00e9tendre que l\u2019ind\u00e9pendance du Maghreb ait \u00e9t\u00e9 l\u2019\u0153uvre de Roosevelt et je ne l\u2019ai pas fait. Par contre sans les pressions am\u00e9ricaines il est fort probable que la France n\u2019e\u00fbt pas quitt\u00e9 au moins l\u2019Alg\u00e9rie,&nbsp;tout comme l\u2019Allemagne n\u2019e\u00fbt pas \u00e9vacu\u00e9 la France.<\/p>\n\n\n\n<p class=\"wp-block-paragraph\">Naturellement l\u2019historiographie ind\u00e9pendantiste alg\u00e9rienne pr\u00e9tend que ce d\u00e9part des Fran\u00e7ais s\u2019est op\u00e9r\u00e9 sous la pression militaire des fellagas. Rien ne le prouve. Outre que cela est ni\u00e9 par de nombreux Fran\u00e7ais, en particulier les militaires, ce qui est naturel,&nbsp;il n\u2019y a pas eu de Dien Bien Phu alg\u00e9rien.<\/p>\n\n\n\n<p class=\"wp-block-paragraph\">Ce qui est admis ailleurs que dans&nbsp;le discours officiel alg\u00e9rien, c\u2019est que les combattants alg\u00e9riens de l\u2019int\u00e9rieur aient \u00e9t\u00e9 \u00e9cras\u00e9s dans des op\u00e9rations d\u2019encerclement, par exemple celle dite Courroie, apr\u00e8s avoir \u00e9t\u00e9 enferm\u00e9s gr\u00e2ce \u00e0 ligne Morrice qui a coup\u00e9 leurs approvisionnements et les lignes de communication avec la Tunisie.<\/p>\n\n\n\n<p class=\"wp-block-paragraph\">C\u2019est d\u2019ailleurs l\u2019une des raisons qui a entra\u00een\u00e9 le putsch des g\u00e9n\u00e9raux contre De Gaulle en avril 1961 qui ne comprenaient pas les raisons de quitter l\u2019Alg\u00e9rie alors que les op\u00e9rations militaires tournaient \u00e0 leur avantage contre les r\u00e9sistants alg\u00e9riens. Ceux qui ont surv\u00e9cu ont \u00e9t\u00e9 les combattants mass\u00e9s \u00e0 la fronti\u00e8re et que les lignes de haute tension d\u00e9ploy\u00e9es depuis Tabarka jusqu\u2019au Sahara ont emp\u00each\u00e9s de traverser. Cela a d\u2019ailleurs provoqu\u00e9 des frictions entre les maquis de l\u2019int\u00e9rieur et l\u2019arm\u00e9e des fronti\u00e8res command\u00e9e par le colonel Boumediene accus\u00e9 d\u2019\u00eatre un planqu\u00e9.<\/p>\n\n\n\n<p class=\"wp-block-paragraph\">Donc sans pr\u00e9tendre que les Alg\u00e9riens n\u2019aient pas lutt\u00e9 pour leur ind\u00e9pendance, il n\u2019en demeure pas moins que l\u2019\u00e9l\u00e9ment d\u00e9cisif a \u00e9t\u00e9 la volont\u00e9 am\u00e9ricaine de liquider les colonies anglaises et fran\u00e7aises, non dans un souci de libert\u00e9, mais pour ouvrir ces pays au commerce et \u00e0 l&rsquo;influence am\u00e9ricains.<\/p>\n\n\n\n<p class=\"wp-block-paragraph\">Le cas d\u2019Isra\u00ebl prouve bien \u00e0 l\u2019inverse que le soul\u00e8vement populaire et la lutte pour l\u2019ind\u00e9pendance nationale seuls aussi l\u00e9gitimes soient ils ne suffisent pas \u00e0 abattre une puissance coloniale.<\/p>\n\n\n\n<p class=\"wp-block-paragraph\">Pour en revenir \u00e0 l\u2019Etat alg\u00e9rien tel que nous le connaissons, qu\u2019il ait \u00e9t\u00e9 forg\u00e9 par le fer et par le sang ainsi que je l\u2019ai indiqu\u00e9, ne signifie nullement que Bugeaud et le Duc d\u2019Aumale eussent \u00e9t\u00e9 de grands hommes. Evoquer cela ne laisse d\u2019autre opportunit\u00e9 aux d\u00e9tracteurs de la fiction nationaliste alg\u00e9rienne que d\u2019appara\u00eetre comme des colonialistes. Houcine Ait Ahmed, l\u2019un des chefs historiques du FLN, tout comme Krim Belkacem, auraient-ils donc \u00e9t\u00e9 des colonialistes pour s\u2019\u00eatre oppos\u00e9s au Clan de Oujda ?<\/p>\n\n\n\n<p class=\"wp-block-paragraph\">Je me refuse&nbsp;\u00e0 entrer dans ce sujet qui m\u2019appara\u00eet t\u00e9moigner d\u2019une volont\u00e9 de d\u00e9tournement du c\u0153ur du d\u00e9bat, \u00e0 savoir si l\u2019Etat alg\u00e9rien actuel est bien le successeur de celui dont l\u2019arm\u00e9e de Massu et de Salan a constitu\u00e9 un des piliers fondamentaux.<\/p>\n\n\n\n<p class=\"wp-block-paragraph\">Afin de r\u00e9pondre \u00e0 cette question, et ind\u00e9pendamment de celle des fronti\u00e8res issues de la colonisation fran\u00e7aise, que Bourguiba, conscient des r\u00e9alit\u00e9s, a choisi de r\u00e9gler d\u00e9finitivement avec une grande sagesse,&nbsp;il m\u2019appara\u00eet n\u00e9cessaire de rappeler qu\u2019en 1991 alors que le Front islamique du salut (Fis) gagnait les \u00e9lections, \u00e9ventualit\u00e9 dont je reconnais volontiers le caract\u00e8re funeste pour l\u2019Alg\u00e9rie et le Maghreb dans son ensemble, c\u2019est bien l\u2019arm\u00e9e alg\u00e9rienne appel\u00e9e \u00e0 la rescousse par des intellectuels se qualifiant de d\u00e9mocrates qui a mis fin au processus \u00e9lectoral et engag\u00e9 le pays dans la d\u00e9cennie noire. Aurait-elle \u00e9t\u00e9 en droit de le faire sans l\u2019emprise exerc\u00e9e sur le r\u00e9gime qui n\u2019en&nbsp;\u00e9tait&nbsp;que l\u2019\u00e9manation ?<\/p>\n\n\n\n<p class=\"wp-block-paragraph\">Le d\u00e9roulement de la lutte contre-insurrectionnelle, ou si vous voulez antiterroriste, a apport\u00e9&nbsp;la&nbsp;preuve que les m\u00e9thodes utilis\u00e9es ne diff\u00e9raient&nbsp;en rien de celles utilis\u00e9es par l\u2019arm\u00e9e coloniale pour \u00e9craser la r\u00e9sistance alg\u00e9rienne, depuis la guerre psychologique, la bleuite et les faux maquis, jusqu\u2019\u00e0 la torture et aux liquidations extrajudiciaires.<\/p>\n\n\n\n<h2 class=\"wp-block-heading\">La guerre d\u2019Alg\u00e9rie a \u00e9t\u00e9 loin du st\u00e9r\u00e9otype Maghr\u00e9bin contre Fran\u00e7ais<\/h2>\n\n\n\n<p class=\"wp-block-paragraph\">Je vous invite \u00e0 ce sujet \u00e0 lire le livre de Habib Soua\u00efdia un ex officier du DRS, \u2018<em>\u2018La sale guerre\u2019\u2019<\/em>, ainsi que les comptes-rendus du proc\u00e8s en diffamation apr\u00e8s une plainte d\u00e9pos\u00e9e aupr\u00e8s du parquet de Paris par le G\u00e9n\u00e9ral Khaled Nezzar. Un autre livre, <em>\u2018\u2018Fran\u00e7alg\u00e9rie, crimes et mensonges d\u2019Etat\u2019\u2019<\/em> de Louis Aggoun et Jean Baptiste Rivoire, \u00e9clairera sur tous les&nbsp;liens occultes entretenus&nbsp;par les \u00e9lites de la m\u00e9tropole et celles du nouvel Etat alg\u00e9rien ind\u00e9pendant, loin des mystifications et de la langue de bois, dans le cadre des accords d\u2019Evian, cela va sans dire, qui n\u2019\u00e9taient que les obligations contract\u00e9es par le nouvel Etat vis-\u00e0-vis de l\u2019ancienne puissance occupante.<\/p>\n\n\n\n<p class=\"wp-block-paragraph\">Si d\u2019aucuns s\u2019estiment offens\u00e9s par le rappel de ces r\u00e9alit\u00e9s, c\u2019est plut\u00f4t \u00e0 leurs dirigeants qu\u2019ils doivent en faire reproche, plut\u00f4t que les nier.<\/p>\n\n\n\n<p class=\"wp-block-paragraph\">Il n\u2019emp\u00eache ! En tant que Tunisien, j\u2019ai beaucoup d\u2019admiration pour Mustapha Ben Boula\u00efd, Larbi Ben M\u2019hidi, Abane Ramdane,&nbsp;Djamila Bouhired, ou Yassef Saadi. J\u2019ai en ai aussi&nbsp;pour le Docteur Cholet et sa femme qui cachaient les deux r\u00e9sistants kabyles Krim Belkacem et le capitaine Ouamrane dans leur voiture et risquaient d\u2019\u00eatre arr\u00eat\u00e9s et ex\u00e9cut\u00e9s par les Parachutistes. Tout comme j\u2019ai de l\u2019admiration pour l\u2019aspirant Maillot ou bien l\u2019instituteur Maurice Labbene, cet ancien internationaliste d\u2019Espagne fondateur du maquis rouge dans l\u2019Ouarsenis, et qui sont morts en patriotes alg\u00e9riens dans un accrochage avec les harkis du bachaga Boualem au service de l\u2019arm\u00e9e coloniale fran\u00e7aise.<\/p>\n\n\n\n<p class=\"wp-block-paragraph\">Cela d\u00e9montre combien la guerre d\u2019Alg\u00e9rie a \u00e9t\u00e9 loin du st\u00e9r\u00e9otype Maghr\u00e9bin contre Fran\u00e7ais. L\u2019Histoire de l\u2019Alg\u00e9rie m\u2019int\u00e9resse donc m\u00eame si mon interpr\u00e9tation en est diff\u00e9rente. Je n\u2019ai \u00e0 ce sujet pas de complexe. Les Hambli se trouvent de part et d\u2019autre de la fronti\u00e8re alg\u00e9ro-tunisienne\u00a0et Ali Hambli un r\u00e9sistant qui ne voulait pas tenir le r\u00f4le \u00e0 lui assign\u00e9\u00a0a \u00e9t\u00e9 liquid\u00e9 par le FLN\u00a0avec la complicit\u00e9 des autorit\u00e9s tunisiennes qui le trouvaient trop proche de ses propres fellagas. Ma grand-m\u00e8re paternelle \u00e9tait originaire d\u2019au-del\u00e0 la fronti\u00e8re, tout comme mon a\u00efeule\u00a0maternelle. Mon grand-p\u00e8re\u00a0maternel a exerc\u00e9 la m\u00e9decine pendant de nombreuses ann\u00e9es en Alg\u00e9rie, \u00e0 Souk Ahras, et apr\u00e8s la guerre sa maison a \u00e9t\u00e9 confisqu\u00e9e par le FLN qui en a fait une biblioth\u00e8que. Il n\u2019a jamais pu se faire d\u00e9dommager. Mais cela ne p\u00e8se d\u2019aucun poids dans ma r\u00e9flexion. Je n\u2019en demeure pas moins convaincu que tout comme les peuples sont les seuls \u00e0 m\u00eame de choisir les dirigeants qui les gouvernent sans aucune interf\u00e9rence ext\u00e9rieure,\u00a0 la Tunisie et l\u2019Alg\u00e9rie, tout comme le Maroc, sont appel\u00e9s \u00e0 plus de coop\u00e9ration pour faire face \u00e0 un environnement international\u00a0de plus en plus hostile.<\/p>\n\n\n\n<p class=\"wp-block-paragraph\">* <em>M\u00e9decin de libre pratique.&nbsp;<\/em><\/p>\n\n\n\n<p class=\"wp-block-paragraph\"><\/p>\n\n\n\n<p class=\"wp-block-paragraph\"><\/p>\n","protected":false},"excerpt":{"rendered":"<p>Il faut lire l&rsquo;histoire de nos peuples du Maghreb loin des mystifications et de la langue de bois des pouvoirs politiques. <\/p>\n","protected":false},"author":8,"featured_media":19543280,"comment_status":"open","ping_status":"open","sticky":false,"template":"","format":"standard","meta":{"footnotes":""},"categories":[992,997,1000,2433],"tags":[64,129930,163,26892,104068,87558,395,577,62643],"class_list":["post-19543224","post","type-post","status-publish","format-standard","has-post-thumbnail","hentry","category-a-la-une","category-politique","category-tribune","category-tunisie","tag-algerie","tag-boumediene","tag-bourguiba","tag-colonisation","tag-dr-abderrahmane-cherfouh","tag-dr-mounir-hanablia","tag-france","tag-maroc","tag-tunisie"],"yoast_head":"<!-- This site is optimized with the Yoast SEO plugin v26.6 - https:\/\/yoast.com\/wordpress\/plugins\/seo\/ -->\n<title>L\u2019Alg\u00e9rie, telle qu\u2019elle doit s\u2019assumer, l\u00e9gataire du fardeau colonial - Kapitalis<\/title>\n<meta name=\"description\" content=\"Il faut lire l&#039;histoire de nos peuples du Maghreb loin des mystifications et de la langue de bois des pouvoirs politiques.\" \/>\n<meta name=\"robots\" content=\"index, follow, max-snippet:-1, max-image-preview:large, max-video-preview:-1\" \/>\n<link rel=\"canonical\" href=\"https:\/\/kapitalis.com\/tunisie\/2026\/08\/31\/lalgerie-telle-quelle-doit-sassumer-legataire-du-fardeau-colonial\/\" \/>\n<meta property=\"og:locale\" content=\"fr_FR\" \/>\n<meta property=\"og:type\" content=\"article\" \/>\n<meta property=\"og:title\" content=\"L\u2019Alg\u00e9rie, telle qu\u2019elle doit s\u2019assumer, l\u00e9gataire du fardeau colonial - Kapitalis\" \/>\n<meta property=\"og:description\" content=\"Il faut lire l&#039;histoire de nos peuples du Maghreb loin des mystifications et de la langue de bois des pouvoirs politiques.\" \/>\n<meta property=\"og:url\" content=\"https:\/\/kapitalis.com\/tunisie\/2026\/08\/31\/lalgerie-telle-quelle-doit-sassumer-legataire-du-fardeau-colonial\/\" \/>\n<meta property=\"og:site_name\" content=\"Kapitalis\" \/>\n<meta property=\"article:publisher\" content=\"https:\/\/www.facebook.com\/KapitalisInfo\/\" \/>\n<meta property=\"article:published_time\" content=\"2026-08-31T11:08:25+00:00\" \/>\n<meta property=\"article:modified_time\" content=\"2026-08-31T11:08:27+00:00\" \/>\n<meta property=\"og:image\" content=\"https:\/\/kapitalis.com\/tunisie\/wp-content\/uploads\/2026\/08\/Guerre-Algerie-2.jpg\" \/>\n\t<meta property=\"og:image:width\" content=\"2048\" \/>\n\t<meta property=\"og:image:height\" content=\"1365\" \/>\n\t<meta property=\"og:image:type\" content=\"image\/jpeg\" \/>\n<meta name=\"author\" content=\"webmaster kapitalis\" \/>\n<meta name=\"twitter:card\" content=\"summary_large_image\" \/>\n<meta name=\"twitter:creator\" content=\"@KapitalisInfo\" \/>\n<meta name=\"twitter:site\" content=\"@KapitalisInfo\" \/>\n<meta name=\"twitter:label1\" content=\"\u00c9crit par\" \/>\n\t<meta name=\"twitter:data1\" content=\"webmaster kapitalis\" \/>\n\t<meta name=\"twitter:label2\" content=\"Dur\u00e9e de lecture estim\u00e9e\" \/>\n\t<meta name=\"twitter:data2\" content=\"9 minutes\" \/>\n<script type=\"application\/ld+json\" class=\"yoast-schema-graph\">{\"@context\":\"https:\/\/schema.org\",\"@graph\":[{\"@type\":\"Article\",\"@id\":\"https:\/\/kapitalis.com\/tunisie\/2026\/08\/31\/lalgerie-telle-quelle-doit-sassumer-legataire-du-fardeau-colonial\/#article\",\"isPartOf\":{\"@id\":\"https:\/\/kapitalis.com\/tunisie\/2026\/08\/31\/lalgerie-telle-quelle-doit-sassumer-legataire-du-fardeau-colonial\/\"},\"author\":{\"name\":\"webmaster kapitalis\",\"@id\":\"https:\/\/kapitalis.com\/tunisie\/#\/schema\/person\/d71f33a9ca44f7bad4698210b480c8e9\"},\"headline\":\"L\u2019Alg\u00e9rie, telle qu\u2019elle doit s\u2019assumer, l\u00e9gataire du fardeau colonial\",\"datePublished\":\"2026-08-31T11:08:25+00:00\",\"dateModified\":\"2026-08-31T11:08:27+00:00\",\"mainEntityOfPage\":{\"@id\":\"https:\/\/kapitalis.com\/tunisie\/2026\/08\/31\/lalgerie-telle-quelle-doit-sassumer-legataire-du-fardeau-colonial\/\"},\"wordCount\":2066,\"commentCount\":0,\"publisher\":{\"@id\":\"https:\/\/kapitalis.com\/tunisie\/#organization\"},\"image\":{\"@id\":\"https:\/\/kapitalis.com\/tunisie\/2026\/08\/31\/lalgerie-telle-quelle-doit-sassumer-legataire-du-fardeau-colonial\/#primaryimage\"},\"thumbnailUrl\":\"https:\/\/kapitalis.com\/tunisie\/wp-content\/uploads\/2026\/08\/Guerre-Algerie-2.jpg\",\"keywords\":[\"Alg\u00e9rie\",\"Boumediene\",\"Bourguiba\",\"colonisation\",\"Dr Abderrahmane Cherfouh\",\"Dr Mounir Hanablia\",\"France\",\"Maroc\",\"Tunisie\"],\"articleSection\":[\"A LA UNE\",\"POLITIQUE\",\"TRIBUNE\",\"Tunisie\"],\"inLanguage\":\"fr-FR\",\"potentialAction\":[{\"@type\":\"CommentAction\",\"name\":\"Comment\",\"target\":[\"https:\/\/kapitalis.com\/tunisie\/2026\/08\/31\/lalgerie-telle-quelle-doit-sassumer-legataire-du-fardeau-colonial\/#respond\"]}]},{\"@type\":\"WebPage\",\"@id\":\"https:\/\/kapitalis.com\/tunisie\/2026\/08\/31\/lalgerie-telle-quelle-doit-sassumer-legataire-du-fardeau-colonial\/\",\"url\":\"https:\/\/kapitalis.com\/tunisie\/2026\/08\/31\/lalgerie-telle-quelle-doit-sassumer-legataire-du-fardeau-colonial\/\",\"name\":\"L\u2019Alg\u00e9rie, telle qu\u2019elle doit s\u2019assumer, l\u00e9gataire du fardeau colonial - Kapitalis\",\"isPartOf\":{\"@id\":\"https:\/\/kapitalis.com\/tunisie\/#website\"},\"primaryImageOfPage\":{\"@id\":\"https:\/\/kapitalis.com\/tunisie\/2026\/08\/31\/lalgerie-telle-quelle-doit-sassumer-legataire-du-fardeau-colonial\/#primaryimage\"},\"image\":{\"@id\":\"https:\/\/kapitalis.com\/tunisie\/2026\/08\/31\/lalgerie-telle-quelle-doit-sassumer-legataire-du-fardeau-colonial\/#primaryimage\"},\"thumbnailUrl\":\"https:\/\/kapitalis.com\/tunisie\/wp-content\/uploads\/2026\/08\/Guerre-Algerie-2.jpg\",\"datePublished\":\"2026-08-31T11:08:25+00:00\",\"dateModified\":\"2026-08-31T11:08:27+00:00\",\"description\":\"Il faut lire l'histoire de nos peuples du Maghreb loin des mystifications et de la langue de bois des pouvoirs politiques.\",\"breadcrumb\":{\"@id\":\"https:\/\/kapitalis.com\/tunisie\/2026\/08\/31\/lalgerie-telle-quelle-doit-sassumer-legataire-du-fardeau-colonial\/#breadcrumb\"},\"inLanguage\":\"fr-FR\",\"potentialAction\":[{\"@type\":\"ReadAction\",\"target\":[\"https:\/\/kapitalis.com\/tunisie\/2026\/08\/31\/lalgerie-telle-quelle-doit-sassumer-legataire-du-fardeau-colonial\/\"]}]},{\"@type\":\"ImageObject\",\"inLanguage\":\"fr-FR\",\"@id\":\"https:\/\/kapitalis.com\/tunisie\/2026\/08\/31\/lalgerie-telle-quelle-doit-sassumer-legataire-du-fardeau-colonial\/#primaryimage\",\"url\":\"https:\/\/kapitalis.com\/tunisie\/wp-content\/uploads\/2026\/08\/Guerre-Algerie-2.jpg\",\"contentUrl\":\"https:\/\/kapitalis.com\/tunisie\/wp-content\/uploads\/2026\/08\/Guerre-Algerie-2.jpg\",\"width\":2048,\"height\":1365},{\"@type\":\"BreadcrumbList\",\"@id\":\"https:\/\/kapitalis.com\/tunisie\/2026\/08\/31\/lalgerie-telle-quelle-doit-sassumer-legataire-du-fardeau-colonial\/#breadcrumb\",\"itemListElement\":[{\"@type\":\"ListItem\",\"position\":1,\"name\":\"Accueil\",\"item\":\"https:\/\/kapitalis.com\/tunisie\/\"},{\"@type\":\"ListItem\",\"position\":2,\"name\":\"L\u2019Alg\u00e9rie, telle qu\u2019elle doit s\u2019assumer, l\u00e9gataire du fardeau colonial\"}]},{\"@type\":\"WebSite\",\"@id\":\"https:\/\/kapitalis.com\/tunisie\/#website\",\"url\":\"https:\/\/kapitalis.com\/tunisie\/\",\"name\":\"Kapitalis\",\"description\":\"L&#039;actualit\u00e9 en Tunisie et dans le monde\",\"publisher\":{\"@id\":\"https:\/\/kapitalis.com\/tunisie\/#organization\"},\"potentialAction\":[{\"@type\":\"SearchAction\",\"target\":{\"@type\":\"EntryPoint\",\"urlTemplate\":\"https:\/\/kapitalis.com\/tunisie\/?s={search_term_string}\"},\"query-input\":{\"@type\":\"PropertyValueSpecification\",\"valueRequired\":true,\"valueName\":\"search_term_string\"}}],\"inLanguage\":\"fr-FR\"},{\"@type\":\"Organization\",\"@id\":\"https:\/\/kapitalis.com\/tunisie\/#organization\",\"name\":\"Kapitalis\",\"url\":\"https:\/\/kapitalis.com\/tunisie\/\",\"logo\":{\"@type\":\"ImageObject\",\"inLanguage\":\"fr-FR\",\"@id\":\"https:\/\/kapitalis.com\/tunisie\/#\/schema\/logo\/image\/\",\"url\":\"https:\/\/kapitalis.com\/tunisie\/wp-content\/uploads\/2022\/05\/Kapitalis-big-size.png\",\"contentUrl\":\"https:\/\/kapitalis.com\/tunisie\/wp-content\/uploads\/2022\/05\/Kapitalis-big-size.png\",\"width\":5000,\"height\":1500,\"caption\":\"Kapitalis\"},\"image\":{\"@id\":\"https:\/\/kapitalis.com\/tunisie\/#\/schema\/logo\/image\/\"},\"sameAs\":[\"https:\/\/www.facebook.com\/KapitalisInfo\/\",\"https:\/\/x.com\/KapitalisInfo\",\"https:\/\/www.youtube.com\/channel\/UC-yDYrHyfFBWWZaOw3FPg9Q\"]},{\"@type\":\"Person\",\"@id\":\"https:\/\/kapitalis.com\/tunisie\/#\/schema\/person\/d71f33a9ca44f7bad4698210b480c8e9\",\"name\":\"webmaster kapitalis\",\"url\":\"https:\/\/kapitalis.com\/tunisie\/author\/webmaster-kapitalis\/\"}]}<\/script>\n<!-- \/ Yoast SEO plugin. -->","yoast_head_json":{"title":"L\u2019Alg\u00e9rie, telle qu\u2019elle doit s\u2019assumer, l\u00e9gataire du fardeau colonial - Kapitalis","description":"Il faut lire l'histoire de nos peuples du Maghreb loin des mystifications et de la langue de bois des pouvoirs politiques.","robots":{"index":"index","follow":"follow","max-snippet":"max-snippet:-1","max-image-preview":"max-image-preview:large","max-video-preview":"max-video-preview:-1"},"canonical":"https:\/\/kapitalis.com\/tunisie\/2026\/08\/31\/lalgerie-telle-quelle-doit-sassumer-legataire-du-fardeau-colonial\/","og_locale":"fr_FR","og_type":"article","og_title":"L\u2019Alg\u00e9rie, telle qu\u2019elle doit s\u2019assumer, l\u00e9gataire du fardeau colonial - Kapitalis","og_description":"Il faut lire l'histoire de nos peuples du Maghreb loin des mystifications et de la langue de bois des pouvoirs politiques.","og_url":"https:\/\/kapitalis.com\/tunisie\/2026\/08\/31\/lalgerie-telle-quelle-doit-sassumer-legataire-du-fardeau-colonial\/","og_site_name":"Kapitalis","article_publisher":"https:\/\/www.facebook.com\/KapitalisInfo\/","article_published_time":"2026-08-31T11:08:25+00:00","article_modified_time":"2026-08-31T11:08:27+00:00","og_image":[{"width":2048,"height":1365,"url":"https:\/\/kapitalis.com\/tunisie\/wp-content\/uploads\/2026\/08\/Guerre-Algerie-2.jpg","type":"image\/jpeg"}],"author":"webmaster kapitalis","twitter_card":"summary_large_image","twitter_creator":"@KapitalisInfo","twitter_site":"@KapitalisInfo","twitter_misc":{"\u00c9crit par":"webmaster kapitalis","Dur\u00e9e de lecture estim\u00e9e":"9 minutes"},"schema":{"@context":"https:\/\/schema.org","@graph":[{"@type":"Article","@id":"https:\/\/kapitalis.com\/tunisie\/2026\/08\/31\/lalgerie-telle-quelle-doit-sassumer-legataire-du-fardeau-colonial\/#article","isPartOf":{"@id":"https:\/\/kapitalis.com\/tunisie\/2026\/08\/31\/lalgerie-telle-quelle-doit-sassumer-legataire-du-fardeau-colonial\/"},"author":{"name":"webmaster kapitalis","@id":"https:\/\/kapitalis.com\/tunisie\/#\/schema\/person\/d71f33a9ca44f7bad4698210b480c8e9"},"headline":"L\u2019Alg\u00e9rie, telle qu\u2019elle doit s\u2019assumer, l\u00e9gataire du fardeau colonial","datePublished":"2026-08-31T11:08:25+00:00","dateModified":"2026-08-31T11:08:27+00:00","mainEntityOfPage":{"@id":"https:\/\/kapitalis.com\/tunisie\/2026\/08\/31\/lalgerie-telle-quelle-doit-sassumer-legataire-du-fardeau-colonial\/"},"wordCount":2066,"commentCount":0,"publisher":{"@id":"https:\/\/kapitalis.com\/tunisie\/#organization"},"image":{"@id":"https:\/\/kapitalis.com\/tunisie\/2026\/08\/31\/lalgerie-telle-quelle-doit-sassumer-legataire-du-fardeau-colonial\/#primaryimage"},"thumbnailUrl":"https:\/\/kapitalis.com\/tunisie\/wp-content\/uploads\/2026\/08\/Guerre-Algerie-2.jpg","keywords":["Alg\u00e9rie","Boumediene","Bourguiba","colonisation","Dr Abderrahmane Cherfouh","Dr Mounir Hanablia","France","Maroc","Tunisie"],"articleSection":["A LA UNE","POLITIQUE","TRIBUNE","Tunisie"],"inLanguage":"fr-FR","potentialAction":[{"@type":"CommentAction","name":"Comment","target":["https:\/\/kapitalis.com\/tunisie\/2026\/08\/31\/lalgerie-telle-quelle-doit-sassumer-legataire-du-fardeau-colonial\/#respond"]}]},{"@type":"WebPage","@id":"https:\/\/kapitalis.com\/tunisie\/2026\/08\/31\/lalgerie-telle-quelle-doit-sassumer-legataire-du-fardeau-colonial\/","url":"https:\/\/kapitalis.com\/tunisie\/2026\/08\/31\/lalgerie-telle-quelle-doit-sassumer-legataire-du-fardeau-colonial\/","name":"L\u2019Alg\u00e9rie, telle qu\u2019elle doit s\u2019assumer, l\u00e9gataire du fardeau colonial - Kapitalis","isPartOf":{"@id":"https:\/\/kapitalis.com\/tunisie\/#website"},"primaryImageOfPage":{"@id":"https:\/\/kapitalis.com\/tunisie\/2026\/08\/31\/lalgerie-telle-quelle-doit-sassumer-legataire-du-fardeau-colonial\/#primaryimage"},"image":{"@id":"https:\/\/kapitalis.com\/tunisie\/2026\/08\/31\/lalgerie-telle-quelle-doit-sassumer-legataire-du-fardeau-colonial\/#primaryimage"},"thumbnailUrl":"https:\/\/kapitalis.com\/tunisie\/wp-content\/uploads\/2026\/08\/Guerre-Algerie-2.jpg","datePublished":"2026-08-31T11:08:25+00:00","dateModified":"2026-08-31T11:08:27+00:00","description":"Il faut lire l'histoire de nos peuples du Maghreb loin des mystifications et de la langue de bois des pouvoirs politiques.","breadcrumb":{"@id":"https:\/\/kapitalis.com\/tunisie\/2026\/08\/31\/lalgerie-telle-quelle-doit-sassumer-legataire-du-fardeau-colonial\/#breadcrumb"},"inLanguage":"fr-FR","potentialAction":[{"@type":"ReadAction","target":["https:\/\/kapitalis.com\/tunisie\/2026\/08\/31\/lalgerie-telle-quelle-doit-sassumer-legataire-du-fardeau-colonial\/"]}]},{"@type":"ImageObject","inLanguage":"fr-FR","@id":"https:\/\/kapitalis.com\/tunisie\/2026\/08\/31\/lalgerie-telle-quelle-doit-sassumer-legataire-du-fardeau-colonial\/#primaryimage","url":"https:\/\/kapitalis.com\/tunisie\/wp-content\/uploads\/2026\/08\/Guerre-Algerie-2.jpg","contentUrl":"https:\/\/kapitalis.com\/tunisie\/wp-content\/uploads\/2026\/08\/Guerre-Algerie-2.jpg","width":2048,"height":1365},{"@type":"BreadcrumbList","@id":"https:\/\/kapitalis.com\/tunisie\/2026\/08\/31\/lalgerie-telle-quelle-doit-sassumer-legataire-du-fardeau-colonial\/#breadcrumb","itemListElement":[{"@type":"ListItem","position":1,"name":"Accueil","item":"https:\/\/kapitalis.com\/tunisie\/"},{"@type":"ListItem","position":2,"name":"L\u2019Alg\u00e9rie, telle qu\u2019elle doit s\u2019assumer, l\u00e9gataire du fardeau colonial"}]},{"@type":"WebSite","@id":"https:\/\/kapitalis.com\/tunisie\/#website","url":"https:\/\/kapitalis.com\/tunisie\/","name":"Kapitalis","description":"L&#039;actualit\u00e9 en Tunisie et dans le monde","publisher":{"@id":"https:\/\/kapitalis.com\/tunisie\/#organization"},"potentialAction":[{"@type":"SearchAction","target":{"@type":"EntryPoint","urlTemplate":"https:\/\/kapitalis.com\/tunisie\/?s={search_term_string}"},"query-input":{"@type":"PropertyValueSpecification","valueRequired":true,"valueName":"search_term_string"}}],"inLanguage":"fr-FR"},{"@type":"Organization","@id":"https:\/\/kapitalis.com\/tunisie\/#organization","name":"Kapitalis","url":"https:\/\/kapitalis.com\/tunisie\/","logo":{"@type":"ImageObject","inLanguage":"fr-FR","@id":"https:\/\/kapitalis.com\/tunisie\/#\/schema\/logo\/image\/","url":"https:\/\/kapitalis.com\/tunisie\/wp-content\/uploads\/2022\/05\/Kapitalis-big-size.png","contentUrl":"https:\/\/kapitalis.com\/tunisie\/wp-content\/uploads\/2022\/05\/Kapitalis-big-size.png","width":5000,"height":1500,"caption":"Kapitalis"},"image":{"@id":"https:\/\/kapitalis.com\/tunisie\/#\/schema\/logo\/image\/"},"sameAs":["https:\/\/www.facebook.com\/KapitalisInfo\/","https:\/\/x.com\/KapitalisInfo","https:\/\/www.youtube.com\/channel\/UC-yDYrHyfFBWWZaOw3FPg9Q"]},{"@type":"Person","@id":"https:\/\/kapitalis.com\/tunisie\/#\/schema\/person\/d71f33a9ca44f7bad4698210b480c8e9","name":"webmaster kapitalis","url":"https:\/\/kapitalis.com\/tunisie\/author\/webmaster-kapitalis\/"}]}},"_links":{"self":[{"href":"https:\/\/kapitalis.com\/tunisie\/wp-json\/wp\/v2\/posts\/19543224","targetHints":{"allow":["GET"]}}],"collection":[{"href":"https:\/\/kapitalis.com\/tunisie\/wp-json\/wp\/v2\/posts"}],"about":[{"href":"https:\/\/kapitalis.com\/tunisie\/wp-json\/wp\/v2\/types\/post"}],"author":[{"embeddable":true,"href":"https:\/\/kapitalis.com\/tunisie\/wp-json\/wp\/v2\/users\/8"}],"replies":[{"embeddable":true,"href":"https:\/\/kapitalis.com\/tunisie\/wp-json\/wp\/v2\/comments?post=19543224"}],"version-history":[{"count":1,"href":"https:\/\/kapitalis.com\/tunisie\/wp-json\/wp\/v2\/posts\/19543224\/revisions"}],"predecessor-version":[{"id":19543291,"href":"https:\/\/kapitalis.com\/tunisie\/wp-json\/wp\/v2\/posts\/19543224\/revisions\/19543291"}],"wp:featuredmedia":[{"embeddable":true,"href":"https:\/\/kapitalis.com\/tunisie\/wp-json\/wp\/v2\/media\/19543280"}],"wp:attachment":[{"href":"https:\/\/kapitalis.com\/tunisie\/wp-json\/wp\/v2\/media?parent=19543224"}],"wp:term":[{"taxonomy":"category","embeddable":true,"href":"https:\/\/kapitalis.com\/tunisie\/wp-json\/wp\/v2\/categories?post=19543224"},{"taxonomy":"post_tag","embeddable":true,"href":"https:\/\/kapitalis.com\/tunisie\/wp-json\/wp\/v2\/tags?post=19543224"}],"curies":[{"name":"wp","href":"https:\/\/api.w.org\/{rel}","templated":true}]}}