{"id":19543624,"date":"2026-08-31T13:15:57","date_gmt":"2026-08-31T12:15:57","guid":{"rendered":"https:\/\/kapitalis.com\/tunisie\/?p=19543624"},"modified":"2026-08-31T13:15:58","modified_gmt":"2026-08-31T12:15:58","slug":"en-novembre-a-la-boite-diquadila-art-et-migrations-en-mediterranee","status":"publish","type":"post","link":"https:\/\/kapitalis.com\/tunisie\/2026\/08\/31\/en-novembre-a-la-boite-diquadila-art-et-migrations-en-mediterranee\/","title":{"rendered":"En novembre \u00e0 La Bo\u00eete| \u00abDiquadil\u00e0\u00bb, art et migrations en M\u00e9diterran\u00e9e"},"content":{"rendered":"\n<p class=\"wp-block-paragraph\"><strong><em>Raconter les migrations en M\u00e9diterran\u00e9e \u00e0 travers le dessin, la musique, la performance et les marionnettes, en pla\u00e7ant au c\u0153ur du projet non seulement ceux qui partent, mais aussi ceux qui restent et ceux qui continuent d&rsquo;attendre.<\/em><\/strong><\/p>\n\n\n\n<!--more-->\n\n\n\n<p class=\"wp-block-paragraph\">Tel est le fil conducteur de \u00abDiquadil\u00e0\u00bb, une performance m\u00ealant dessin, musique, marionnettes et r\u00e9cits recueillis entre la Tunisie et l\u2019Italie. C\u2019est un projet des artistes Ahmed Ben Nessib, Omar Cheikh et Stefano Ricci qui fera \u00e9tape les 9 et 10 novembre 2026 \u00e0 La Bo\u00eete (Centre d\u2019art et d\u2019architecture de Tunis), sous le commissariat de la Tunisienne Salma Kossemtini.<\/p>\n\n\n\n<p class=\"wp-block-paragraph\">Le projet prend forme \u00e0 l\u2019issue d\u2019une s\u00e9rie de r\u00e9sidences artistiques (actuellement \u00e0 Sejnane en Tunisie) et s\u2019enrichit de t\u00e9moignages et de r\u00e9cits recueillis sur les deux rives, en Tunisie et en Italie.<\/p>\n\n\n\n<p class=\"wp-block-paragraph\">Il s\u2019agit d\u2019histoires diverses, unies par la travers\u00e9e d\u2019une m\u00eame mer et par les exp\u00e9riences du d\u00e9part, de l\u2019exil, de l\u2019attente et, parfois, de la disparition.<\/p>\n\n\n\n<p class=\"wp-block-paragraph\">La restitution au public m\u00ealera musique exp\u00e9rimentale et marionnettes \u00e0 gaine, le tout accompagn\u00e9 d\u2019une installation compos\u00e9e de cordes et de dessins r\u00e9alis\u00e9s sur bois.<\/p>\n\n\n\n<p class=\"wp-block-paragraph\"><em>\u00abDiquadil\u00e0\u00bb<\/em> prolonge une d\u00e9marche artistique d\u00e9j\u00e0 amorc\u00e9e par les trois auteurs. Une version ant\u00e9rieure du projet avait \u00e9t\u00e9 pr\u00e9sent\u00e9e en octobre 2023 au Periferico Festival de Mod\u00e8ne ; la question des migrations y \u00e9tait alors abord\u00e9e \u00e0 travers une exposition de dessins et un concert en direct.<\/p>\n\n\n\n<p class=\"wp-block-paragraph\">Ce projet r\u00e9unit des parcours artistiques ancr\u00e9s entre la Tunisie et l\u2019Italie. Ahmed Ben Nessib, n\u00e9 \u00e0 Tunis en 1992 et install\u00e9 en Italie, est dessinateur et r\u00e9alisateur de films d\u2019animation ; form\u00e9 \u00e0 l\u2019EMCA d\u2019Angoul\u00eame et \u00e0 la Scuola del Libro d\u2019Urbino, il a vu ses travaux publi\u00e9s notamment par <em>Internazionale<\/em> et <em>Lo Straniero<\/em>.<\/p>\n\n\n\n<p class=\"wp-block-paragraph\">Omar Cheikh, n\u00e9 en 1996, est illustrateur, animateur et musicien ; \u00e9galement form\u00e9 \u00e0 Urbino, il m\u00e8ne une recherche qui croise dessin anim\u00e9, \u00e9dition ind\u00e9pendante et exp\u00e9rimentation sonore.<\/p>\n\n\n\n<p class=\"wp-block-paragraph\">Enfin, Stefano Ricci est l\u2019une des figures les plus reconnues du dessin et de l\u2019illustration italiens contemporains, avec une pratique qui, au fil des ans, a m\u00eal\u00e9 bande dessin\u00e9e, \u00e9dition, th\u00e9\u00e2tre, performance et animation.<\/p>\n\n\n\n<p class=\"wp-block-paragraph\">Le commissariat est confi\u00e9 \u00e0 Salma Kossemtini, curatrice et productrice culturelle tunisienne active entre la Tunisie et l\u2019Europe, dont les recherches portent une attention particuli\u00e8re aux pratiques contemporaines, \u00e0 la m\u00e9diation culturelle et aux formes de l\u2019archive.<\/p>\n\n\n\n<p class=\"wp-block-paragraph\">Avec <em>\u00abDiquadil\u00e0\u00bb<\/em>, La Bo\u00eete poursuit ainsi une programmation fond\u00e9e sur les r\u00e9sidences et le croisement des disciplines et des langages contemporains. Cr\u00e9\u00e9 pour soutenir, diffuser et m\u00e9diatiser l\u2019art contemporain en Tunisie, le centre fond\u00e9 par Fatma Kilani a d\u00e9velopp\u00e9, au fil des ans, des projets tissant des liens entre artistes, territoire et public.<\/p>\n\n\n\n<p class=\"wp-block-paragraph\">&nbsp;Au c\u0153ur de cette nouvelle \u00e9tape tunisienne demeure la M\u00e9diterran\u00e9e en tant qu\u2019espace physique et symbolique : une fronti\u00e8re \u00e0 traverser, mais aussi un lieu de liens, d\u2019absences et de m\u00e9moires qui continuent d\u2019unir ceux qui sont partis \u00e0 ceux rest\u00e9s de l\u2019autre c\u00f4t\u00e9.<\/p>\n","protected":false},"excerpt":{"rendered":"<p>\u00abDiquadil\u00e0\u00bb sera une performance m\u00ealant dessin, musique, marionnettes et r\u00e9cits recueillis entre la Tunisie et l\u2019Italie.<\/p>\n","protected":false},"author":8,"featured_media":19543627,"comment_status":"open","ping_status":"open","sticky":false,"template":"","format":"standard","meta":{"footnotes":""},"categories":[994,2433],"tags":[129936,113081,129935,129934,129937],"class_list":["post-19543624","post","type-post","status-publish","format-standard","has-post-thumbnail","hentry","category-culture","category-tunisie","tag-ahmed-ben-nessib","tag-la-boite","tag-omar-cheikh","tag-salma-kossemtini","tag-stefano-riccin"],"yoast_head":"<!-- This site is optimized with the Yoast SEO plugin v26.6 - https:\/\/yoast.com\/wordpress\/plugins\/seo\/ -->\n<title>En novembre \u00e0 La Bo\u00eete| \u00abDiquadil\u00e0\u00bb, art et migrations en M\u00e9diterran\u00e9e - Kapitalis<\/title>\n<meta name=\"description\" content=\"\u00abDiquadil\u00e0\u00bb sera une performance m\u00ealant dessin, musique, marionnettes et r\u00e9cits recueillis entre la Tunisie et l\u2019Italie.\" \/>\n<meta name=\"robots\" content=\"index, follow, max-snippet:-1, max-image-preview:large, max-video-preview:-1\" \/>\n<link rel=\"canonical\" href=\"https:\/\/kapitalis.com\/tunisie\/2026\/08\/31\/en-novembre-a-la-boite-diquadila-art-et-migrations-en-mediterranee\/\" \/>\n<meta property=\"og:locale\" content=\"fr_FR\" \/>\n<meta property=\"og:type\" content=\"article\" \/>\n<meta property=\"og:title\" content=\"En novembre \u00e0 La Bo\u00eete| \u00abDiquadil\u00e0\u00bb, art et migrations en M\u00e9diterran\u00e9e - Kapitalis\" \/>\n<meta property=\"og:description\" content=\"\u00abDiquadil\u00e0\u00bb sera une performance m\u00ealant dessin, musique, marionnettes et r\u00e9cits recueillis entre la Tunisie et l\u2019Italie.\" \/>\n<meta property=\"og:url\" content=\"https:\/\/kapitalis.com\/tunisie\/2026\/08\/31\/en-novembre-a-la-boite-diquadila-art-et-migrations-en-mediterranee\/\" \/>\n<meta property=\"og:site_name\" content=\"Kapitalis\" \/>\n<meta property=\"article:publisher\" content=\"https:\/\/www.facebook.com\/KapitalisInfo\/\" \/>\n<meta property=\"article:published_time\" content=\"2026-08-31T12:15:57+00:00\" \/>\n<meta property=\"article:modified_time\" content=\"2026-08-31T12:15:58+00:00\" \/>\n<meta property=\"og:image\" content=\"https:\/\/kapitalis.com\/tunisie\/wp-content\/uploads\/2026\/08\/Diquadila.jpg\" \/>\n\t<meta property=\"og:image:width\" content=\"1200\" \/>\n\t<meta property=\"og:image:height\" content=\"630\" \/>\n\t<meta property=\"og:image:type\" content=\"image\/jpeg\" \/>\n<meta name=\"author\" content=\"webmaster kapitalis\" \/>\n<meta name=\"twitter:card\" content=\"summary_large_image\" \/>\n<meta name=\"twitter:creator\" content=\"@KapitalisInfo\" \/>\n<meta name=\"twitter:site\" content=\"@KapitalisInfo\" \/>\n<meta name=\"twitter:label1\" content=\"\u00c9crit par\" \/>\n\t<meta name=\"twitter:data1\" content=\"webmaster kapitalis\" \/>\n\t<meta name=\"twitter:label2\" content=\"Dur\u00e9e de lecture estim\u00e9e\" \/>\n\t<meta name=\"twitter:data2\" content=\"3 minutes\" \/>\n<script type=\"application\/ld+json\" class=\"yoast-schema-graph\">{\"@context\":\"https:\/\/schema.org\",\"@graph\":[{\"@type\":\"Article\",\"@id\":\"https:\/\/kapitalis.com\/tunisie\/2026\/08\/31\/en-novembre-a-la-boite-diquadila-art-et-migrations-en-mediterranee\/#article\",\"isPartOf\":{\"@id\":\"https:\/\/kapitalis.com\/tunisie\/2026\/08\/31\/en-novembre-a-la-boite-diquadila-art-et-migrations-en-mediterranee\/\"},\"author\":{\"name\":\"webmaster kapitalis\",\"@id\":\"https:\/\/kapitalis.com\/tunisie\/#\/schema\/person\/d71f33a9ca44f7bad4698210b480c8e9\"},\"headline\":\"En novembre \u00e0 La Bo\u00eete| \u00abDiquadil\u00e0\u00bb, art et migrations en M\u00e9diterran\u00e9e\",\"datePublished\":\"2026-08-31T12:15:57+00:00\",\"dateModified\":\"2026-08-31T12:15:58+00:00\",\"mainEntityOfPage\":{\"@id\":\"https:\/\/kapitalis.com\/tunisie\/2026\/08\/31\/en-novembre-a-la-boite-diquadila-art-et-migrations-en-mediterranee\/\"},\"wordCount\":549,\"commentCount\":0,\"publisher\":{\"@id\":\"https:\/\/kapitalis.com\/tunisie\/#organization\"},\"image\":{\"@id\":\"https:\/\/kapitalis.com\/tunisie\/2026\/08\/31\/en-novembre-a-la-boite-diquadila-art-et-migrations-en-mediterranee\/#primaryimage\"},\"thumbnailUrl\":\"https:\/\/kapitalis.com\/tunisie\/wp-content\/uploads\/2026\/08\/Diquadila.jpg\",\"keywords\":[\"Ahmed Ben Nessib\",\"La Bo\u00eete\",\"Omar Cheikh\",\"Salma Kossemtini\",\"Stefano Riccin\"],\"articleSection\":[\"CULTURE\",\"Tunisie\"],\"inLanguage\":\"fr-FR\",\"potentialAction\":[{\"@type\":\"CommentAction\",\"name\":\"Comment\",\"target\":[\"https:\/\/kapitalis.com\/tunisie\/2026\/08\/31\/en-novembre-a-la-boite-diquadila-art-et-migrations-en-mediterranee\/#respond\"]}]},{\"@type\":\"WebPage\",\"@id\":\"https:\/\/kapitalis.com\/tunisie\/2026\/08\/31\/en-novembre-a-la-boite-diquadila-art-et-migrations-en-mediterranee\/\",\"url\":\"https:\/\/kapitalis.com\/tunisie\/2026\/08\/31\/en-novembre-a-la-boite-diquadila-art-et-migrations-en-mediterranee\/\",\"name\":\"En novembre \u00e0 La Bo\u00eete| \u00abDiquadil\u00e0\u00bb, art et migrations en M\u00e9diterran\u00e9e - Kapitalis\",\"isPartOf\":{\"@id\":\"https:\/\/kapitalis.com\/tunisie\/#website\"},\"primaryImageOfPage\":{\"@id\":\"https:\/\/kapitalis.com\/tunisie\/2026\/08\/31\/en-novembre-a-la-boite-diquadila-art-et-migrations-en-mediterranee\/#primaryimage\"},\"image\":{\"@id\":\"https:\/\/kapitalis.com\/tunisie\/2026\/08\/31\/en-novembre-a-la-boite-diquadila-art-et-migrations-en-mediterranee\/#primaryimage\"},\"thumbnailUrl\":\"https:\/\/kapitalis.com\/tunisie\/wp-content\/uploads\/2026\/08\/Diquadila.jpg\",\"datePublished\":\"2026-08-31T12:15:57+00:00\",\"dateModified\":\"2026-08-31T12:15:58+00:00\",\"description\":\"\u00abDiquadil\u00e0\u00bb sera une performance m\u00ealant dessin, musique, marionnettes et r\u00e9cits recueillis entre la Tunisie et l\u2019Italie.\",\"breadcrumb\":{\"@id\":\"https:\/\/kapitalis.com\/tunisie\/2026\/08\/31\/en-novembre-a-la-boite-diquadila-art-et-migrations-en-mediterranee\/#breadcrumb\"},\"inLanguage\":\"fr-FR\",\"potentialAction\":[{\"@type\":\"ReadAction\",\"target\":[\"https:\/\/kapitalis.com\/tunisie\/2026\/08\/31\/en-novembre-a-la-boite-diquadila-art-et-migrations-en-mediterranee\/\"]}]},{\"@type\":\"ImageObject\",\"inLanguage\":\"fr-FR\",\"@id\":\"https:\/\/kapitalis.com\/tunisie\/2026\/08\/31\/en-novembre-a-la-boite-diquadila-art-et-migrations-en-mediterranee\/#primaryimage\",\"url\":\"https:\/\/kapitalis.com\/tunisie\/wp-content\/uploads\/2026\/08\/Diquadila.jpg\",\"contentUrl\":\"https:\/\/kapitalis.com\/tunisie\/wp-content\/uploads\/2026\/08\/Diquadila.jpg\",\"width\":1200,\"height\":630},{\"@type\":\"BreadcrumbList\",\"@id\":\"https:\/\/kapitalis.com\/tunisie\/2026\/08\/31\/en-novembre-a-la-boite-diquadila-art-et-migrations-en-mediterranee\/#breadcrumb\",\"itemListElement\":[{\"@type\":\"ListItem\",\"position\":1,\"name\":\"Accueil\",\"item\":\"https:\/\/kapitalis.com\/tunisie\/\"},{\"@type\":\"ListItem\",\"position\":2,\"name\":\"En novembre \u00e0 La Bo\u00eete| \u00abDiquadil\u00e0\u00bb, art et migrations en M\u00e9diterran\u00e9e\"}]},{\"@type\":\"WebSite\",\"@id\":\"https:\/\/kapitalis.com\/tunisie\/#website\",\"url\":\"https:\/\/kapitalis.com\/tunisie\/\",\"name\":\"Kapitalis\",\"description\":\"L&#039;actualit\u00e9 en Tunisie et dans le monde\",\"publisher\":{\"@id\":\"https:\/\/kapitalis.com\/tunisie\/#organization\"},\"potentialAction\":[{\"@type\":\"SearchAction\",\"target\":{\"@type\":\"EntryPoint\",\"urlTemplate\":\"https:\/\/kapitalis.com\/tunisie\/?s={search_term_string}\"},\"query-input\":{\"@type\":\"PropertyValueSpecification\",\"valueRequired\":true,\"valueName\":\"search_term_string\"}}],\"inLanguage\":\"fr-FR\"},{\"@type\":\"Organization\",\"@id\":\"https:\/\/kapitalis.com\/tunisie\/#organization\",\"name\":\"Kapitalis\",\"url\":\"https:\/\/kapitalis.com\/tunisie\/\",\"logo\":{\"@type\":\"ImageObject\",\"inLanguage\":\"fr-FR\",\"@id\":\"https:\/\/kapitalis.com\/tunisie\/#\/schema\/logo\/image\/\",\"url\":\"https:\/\/kapitalis.com\/tunisie\/wp-content\/uploads\/2022\/05\/Kapitalis-big-size.png\",\"contentUrl\":\"https:\/\/kapitalis.com\/tunisie\/wp-content\/uploads\/2022\/05\/Kapitalis-big-size.png\",\"width\":5000,\"height\":1500,\"caption\":\"Kapitalis\"},\"image\":{\"@id\":\"https:\/\/kapitalis.com\/tunisie\/#\/schema\/logo\/image\/\"},\"sameAs\":[\"https:\/\/www.facebook.com\/KapitalisInfo\/\",\"https:\/\/x.com\/KapitalisInfo\",\"https:\/\/www.youtube.com\/channel\/UC-yDYrHyfFBWWZaOw3FPg9Q\"]},{\"@type\":\"Person\",\"@id\":\"https:\/\/kapitalis.com\/tunisie\/#\/schema\/person\/d71f33a9ca44f7bad4698210b480c8e9\",\"name\":\"webmaster kapitalis\",\"url\":\"https:\/\/kapitalis.com\/tunisie\/author\/webmaster-kapitalis\/\"}]}<\/script>\n<!-- \/ Yoast SEO plugin. -->","yoast_head_json":{"title":"En novembre \u00e0 La Bo\u00eete| \u00abDiquadil\u00e0\u00bb, art et migrations en M\u00e9diterran\u00e9e - Kapitalis","description":"\u00abDiquadil\u00e0\u00bb sera une performance m\u00ealant dessin, musique, marionnettes et r\u00e9cits recueillis entre la Tunisie et l\u2019Italie.","robots":{"index":"index","follow":"follow","max-snippet":"max-snippet:-1","max-image-preview":"max-image-preview:large","max-video-preview":"max-video-preview:-1"},"canonical":"https:\/\/kapitalis.com\/tunisie\/2026\/08\/31\/en-novembre-a-la-boite-diquadila-art-et-migrations-en-mediterranee\/","og_locale":"fr_FR","og_type":"article","og_title":"En novembre \u00e0 La Bo\u00eete| \u00abDiquadil\u00e0\u00bb, art et migrations en M\u00e9diterran\u00e9e - Kapitalis","og_description":"\u00abDiquadil\u00e0\u00bb sera une performance m\u00ealant dessin, musique, marionnettes et r\u00e9cits recueillis entre la Tunisie et l\u2019Italie.","og_url":"https:\/\/kapitalis.com\/tunisie\/2026\/08\/31\/en-novembre-a-la-boite-diquadila-art-et-migrations-en-mediterranee\/","og_site_name":"Kapitalis","article_publisher":"https:\/\/www.facebook.com\/KapitalisInfo\/","article_published_time":"2026-08-31T12:15:57+00:00","article_modified_time":"2026-08-31T12:15:58+00:00","og_image":[{"width":1200,"height":630,"url":"https:\/\/kapitalis.com\/tunisie\/wp-content\/uploads\/2026\/08\/Diquadila.jpg","type":"image\/jpeg"}],"author":"webmaster kapitalis","twitter_card":"summary_large_image","twitter_creator":"@KapitalisInfo","twitter_site":"@KapitalisInfo","twitter_misc":{"\u00c9crit par":"webmaster kapitalis","Dur\u00e9e de lecture estim\u00e9e":"3 minutes"},"schema":{"@context":"https:\/\/schema.org","@graph":[{"@type":"Article","@id":"https:\/\/kapitalis.com\/tunisie\/2026\/08\/31\/en-novembre-a-la-boite-diquadila-art-et-migrations-en-mediterranee\/#article","isPartOf":{"@id":"https:\/\/kapitalis.com\/tunisie\/2026\/08\/31\/en-novembre-a-la-boite-diquadila-art-et-migrations-en-mediterranee\/"},"author":{"name":"webmaster kapitalis","@id":"https:\/\/kapitalis.com\/tunisie\/#\/schema\/person\/d71f33a9ca44f7bad4698210b480c8e9"},"headline":"En novembre \u00e0 La Bo\u00eete| \u00abDiquadil\u00e0\u00bb, art et migrations en M\u00e9diterran\u00e9e","datePublished":"2026-08-31T12:15:57+00:00","dateModified":"2026-08-31T12:15:58+00:00","mainEntityOfPage":{"@id":"https:\/\/kapitalis.com\/tunisie\/2026\/08\/31\/en-novembre-a-la-boite-diquadila-art-et-migrations-en-mediterranee\/"},"wordCount":549,"commentCount":0,"publisher":{"@id":"https:\/\/kapitalis.com\/tunisie\/#organization"},"image":{"@id":"https:\/\/kapitalis.com\/tunisie\/2026\/08\/31\/en-novembre-a-la-boite-diquadila-art-et-migrations-en-mediterranee\/#primaryimage"},"thumbnailUrl":"https:\/\/kapitalis.com\/tunisie\/wp-content\/uploads\/2026\/08\/Diquadila.jpg","keywords":["Ahmed Ben Nessib","La Bo\u00eete","Omar Cheikh","Salma Kossemtini","Stefano Riccin"],"articleSection":["CULTURE","Tunisie"],"inLanguage":"fr-FR","potentialAction":[{"@type":"CommentAction","name":"Comment","target":["https:\/\/kapitalis.com\/tunisie\/2026\/08\/31\/en-novembre-a-la-boite-diquadila-art-et-migrations-en-mediterranee\/#respond"]}]},{"@type":"WebPage","@id":"https:\/\/kapitalis.com\/tunisie\/2026\/08\/31\/en-novembre-a-la-boite-diquadila-art-et-migrations-en-mediterranee\/","url":"https:\/\/kapitalis.com\/tunisie\/2026\/08\/31\/en-novembre-a-la-boite-diquadila-art-et-migrations-en-mediterranee\/","name":"En novembre \u00e0 La Bo\u00eete| \u00abDiquadil\u00e0\u00bb, art et migrations en M\u00e9diterran\u00e9e - Kapitalis","isPartOf":{"@id":"https:\/\/kapitalis.com\/tunisie\/#website"},"primaryImageOfPage":{"@id":"https:\/\/kapitalis.com\/tunisie\/2026\/08\/31\/en-novembre-a-la-boite-diquadila-art-et-migrations-en-mediterranee\/#primaryimage"},"image":{"@id":"https:\/\/kapitalis.com\/tunisie\/2026\/08\/31\/en-novembre-a-la-boite-diquadila-art-et-migrations-en-mediterranee\/#primaryimage"},"thumbnailUrl":"https:\/\/kapitalis.com\/tunisie\/wp-content\/uploads\/2026\/08\/Diquadila.jpg","datePublished":"2026-08-31T12:15:57+00:00","dateModified":"2026-08-31T12:15:58+00:00","description":"\u00abDiquadil\u00e0\u00bb sera une performance m\u00ealant dessin, musique, marionnettes et r\u00e9cits recueillis entre la Tunisie et l\u2019Italie.","breadcrumb":{"@id":"https:\/\/kapitalis.com\/tunisie\/2026\/08\/31\/en-novembre-a-la-boite-diquadila-art-et-migrations-en-mediterranee\/#breadcrumb"},"inLanguage":"fr-FR","potentialAction":[{"@type":"ReadAction","target":["https:\/\/kapitalis.com\/tunisie\/2026\/08\/31\/en-novembre-a-la-boite-diquadila-art-et-migrations-en-mediterranee\/"]}]},{"@type":"ImageObject","inLanguage":"fr-FR","@id":"https:\/\/kapitalis.com\/tunisie\/2026\/08\/31\/en-novembre-a-la-boite-diquadila-art-et-migrations-en-mediterranee\/#primaryimage","url":"https:\/\/kapitalis.com\/tunisie\/wp-content\/uploads\/2026\/08\/Diquadila.jpg","contentUrl":"https:\/\/kapitalis.com\/tunisie\/wp-content\/uploads\/2026\/08\/Diquadila.jpg","width":1200,"height":630},{"@type":"BreadcrumbList","@id":"https:\/\/kapitalis.com\/tunisie\/2026\/08\/31\/en-novembre-a-la-boite-diquadila-art-et-migrations-en-mediterranee\/#breadcrumb","itemListElement":[{"@type":"ListItem","position":1,"name":"Accueil","item":"https:\/\/kapitalis.com\/tunisie\/"},{"@type":"ListItem","position":2,"name":"En novembre \u00e0 La Bo\u00eete| \u00abDiquadil\u00e0\u00bb, art et migrations en M\u00e9diterran\u00e9e"}]},{"@type":"WebSite","@id":"https:\/\/kapitalis.com\/tunisie\/#website","url":"https:\/\/kapitalis.com\/tunisie\/","name":"Kapitalis","description":"L&#039;actualit\u00e9 en Tunisie et dans le monde","publisher":{"@id":"https:\/\/kapitalis.com\/tunisie\/#organization"},"potentialAction":[{"@type":"SearchAction","target":{"@type":"EntryPoint","urlTemplate":"https:\/\/kapitalis.com\/tunisie\/?s={search_term_string}"},"query-input":{"@type":"PropertyValueSpecification","valueRequired":true,"valueName":"search_term_string"}}],"inLanguage":"fr-FR"},{"@type":"Organization","@id":"https:\/\/kapitalis.com\/tunisie\/#organization","name":"Kapitalis","url":"https:\/\/kapitalis.com\/tunisie\/","logo":{"@type":"ImageObject","inLanguage":"fr-FR","@id":"https:\/\/kapitalis.com\/tunisie\/#\/schema\/logo\/image\/","url":"https:\/\/kapitalis.com\/tunisie\/wp-content\/uploads\/2022\/05\/Kapitalis-big-size.png","contentUrl":"https:\/\/kapitalis.com\/tunisie\/wp-content\/uploads\/2022\/05\/Kapitalis-big-size.png","width":5000,"height":1500,"caption":"Kapitalis"},"image":{"@id":"https:\/\/kapitalis.com\/tunisie\/#\/schema\/logo\/image\/"},"sameAs":["https:\/\/www.facebook.com\/KapitalisInfo\/","https:\/\/x.com\/KapitalisInfo","https:\/\/www.youtube.com\/channel\/UC-yDYrHyfFBWWZaOw3FPg9Q"]},{"@type":"Person","@id":"https:\/\/kapitalis.com\/tunisie\/#\/schema\/person\/d71f33a9ca44f7bad4698210b480c8e9","name":"webmaster kapitalis","url":"https:\/\/kapitalis.com\/tunisie\/author\/webmaster-kapitalis\/"}]}},"_links":{"self":[{"href":"https:\/\/kapitalis.com\/tunisie\/wp-json\/wp\/v2\/posts\/19543624","targetHints":{"allow":["GET"]}}],"collection":[{"href":"https:\/\/kapitalis.com\/tunisie\/wp-json\/wp\/v2\/posts"}],"about":[{"href":"https:\/\/kapitalis.com\/tunisie\/wp-json\/wp\/v2\/types\/post"}],"author":[{"embeddable":true,"href":"https:\/\/kapitalis.com\/tunisie\/wp-json\/wp\/v2\/users\/8"}],"replies":[{"embeddable":true,"href":"https:\/\/kapitalis.com\/tunisie\/wp-json\/wp\/v2\/comments?post=19543624"}],"version-history":[{"count":1,"href":"https:\/\/kapitalis.com\/tunisie\/wp-json\/wp\/v2\/posts\/19543624\/revisions"}],"predecessor-version":[{"id":19543631,"href":"https:\/\/kapitalis.com\/tunisie\/wp-json\/wp\/v2\/posts\/19543624\/revisions\/19543631"}],"wp:featuredmedia":[{"embeddable":true,"href":"https:\/\/kapitalis.com\/tunisie\/wp-json\/wp\/v2\/media\/19543627"}],"wp:attachment":[{"href":"https:\/\/kapitalis.com\/tunisie\/wp-json\/wp\/v2\/media?parent=19543624"}],"wp:term":[{"taxonomy":"category","embeddable":true,"href":"https:\/\/kapitalis.com\/tunisie\/wp-json\/wp\/v2\/categories?post=19543624"},{"taxonomy":"post_tag","embeddable":true,"href":"https:\/\/kapitalis.com\/tunisie\/wp-json\/wp\/v2\/tags?post=19543624"}],"curies":[{"name":"wp","href":"https:\/\/api.w.org\/{rel}","templated":true}]}}