{"id":19543773,"date":"2026-08-31T13:51:27","date_gmt":"2026-08-31T12:51:27","guid":{"rendered":"https:\/\/kapitalis.com\/tunisie\/?p=19543773"},"modified":"2026-08-31T13:51:29","modified_gmt":"2026-08-31T12:51:29","slug":"coupures-electriques-grosses-pertes-chez-les-industriels-de-la-volaille","status":"publish","type":"post","link":"https:\/\/kapitalis.com\/tunisie\/2026\/08\/31\/coupures-electriques-grosses-pertes-chez-les-industriels-de-la-volaille\/","title":{"rendered":"Coupures \u00e9lectriques | Grosses pertes chez les industriels de la volaille \u00a0"},"content":{"rendered":"\n<p class=\"wp-block-paragraph\"><strong><em>Les coupures intempestives d\u2019\u00e9lectricit\u00e9 se poursuivent de mani\u00e8re intermittente dans toute la Tunisie. La Soci\u00e9t\u00e9 tunisienne de l\u2019\u00e9lectricit\u00e9 et du gaz (Steg) y est accul\u00e9e parce que la production nationale d\u2019\u00e9lectricit\u00e9 est aujourd\u2019hui en-de\u00e7\u00e0 de la demande. Et rien n\u2019indique que cette situation va s\u2019am\u00e9liorer dans un avenir proche. En attendant, les citoyens, et notamment les op\u00e9rateurs \u00e9conomiques, \u00e9valuent leurs pertes cumul\u00e9es et reprochent aux autorit\u00e9s leur manque de planification et d\u2019anticipation.<\/em><\/strong><\/p>\n\n\n\n<!--more-->\n\n\n\n<p class=\"wp-block-paragraph\"><strong><em>\u00a0<\/em><\/strong>Dans ce contexte de crise tous azimuts que vivent les Tunisiens, les \u00e9leveurs de volaille annoncent d\u2019\u00e9normes pertes subies par leurs \u00e9levages en raison des coupures fr\u00e9quentes d\u2019\u00e9lectricit\u00e9 et des temp\u00e9ratures record enregistr\u00e9es depuis la mi-juillet. \u00a0Mohamed Ben Hazzaz, un \u00e9leveur de volaille de Boukrim, d\u00e9l\u00e9gation d\u2019El Haouaria, gouvernorat de Nabeul, a fait \u00e9tat, dans une d\u00e9claration \u00e0 <a href=\"https:\/\/www.mosaiquefm.net\/ar\/%D8%A3%D8%AE%D8%A8%D8%A7%D8%B1-%D8%AA%D9%88%D9%86%D8%B3-%D8%AC%D9%87%D8%A7%D8%AA\/1528799\/%D8%A7%D9%84%D9%87%D9%88%D8%A7%D8%B1%D9%8A%D8%A9-%D9%85%D8%B1%D8%A8%D9%88-%D8%A7%D9%84%D8%AF%D9%88%D8%A7%D8%AC%D9%86-%D9%8A%D8%B4%D9%83%D9%88%D9%86-%D8%AE%D8%B3%D8%A7%D8%A6%D8%B1%D9%87%D9%85-%D8%A8%D8%B3%D8%A8%D8%A8-%D8%A7%D9%86%D9%82%D8%B7%D8%A7%D8%B9%D8%A7%D8%AA-%D8%A7%D9%84%D9%83%D9%87%D8%B1%D8%A8%D8%A7%D8%A1\" target=\"_blank\" rel=\"noreferrer noopener\">Mosaique FM<\/a>, de la mort de milliers de volailles dans les \u00e9levages de cette r\u00e9gion r\u00e9put\u00e9e pour cette activit\u00e9 qui constitue leur unique source de revenus, selon ses dires.<\/p>\n\n\n\n<p class=\"wp-block-paragraph\">M. Ben Hazzaz a expliqu\u00e9 que la situation des agriculteurs s\u2019est aggrav\u00e9e en raison de la flamb\u00e9e des prix des groupes \u00e9lectrog\u00e8nes \u00e0 essence, pass\u00e9s de 3 000 \u00e0 7 000 dinars. Il a appel\u00e9 l\u2019\u00c9tat \u00e0 intervenir pour trouver une solution et <em>\u00abmettre fin aux agissements des commer\u00e7ants qui monopolisent la vente de ces \u00e9quipements\u00bb<\/em>.<\/p>\n\n\n\n<p class=\"wp-block-paragraph\">Il a \u00e9galement d\u00e9plor\u00e9 l\u2019absence de r\u00e9action de la part des responsables du minist\u00e8re de tutelle ou de la Steg face aux difficult\u00e9s rencontr\u00e9es par les \u00e9leveurs de volaille. Ces derniers font face \u00e0 un \u00e9t\u00e9 caniculaire ayant entra\u00een\u00e9 la mort d\u2019un grand nombre de volailles dans leurs \u00e9levages, ainsi que la panne \u2014 par surchauffe due \u00e0 une utilisation prolong\u00e9e \u2014 de plusieurs groupes \u00e9lectrog\u00e8nes \u00e0 essence. Il a qualifi\u00e9 les pertes subies par les industriels de <em>\u00abcatastrophiques\u00bb<\/em>.<\/p>\n\n\n\n<p class=\"has-text-align-right wp-block-paragraph\"><strong>I. B.<\/strong> <\/p>\n","protected":false},"excerpt":{"rendered":"<p>Les coupures intempestives d\u2019\u00e9lectricit\u00e9 causent d&rsquo;\u00e9normes pertes aux citoyens et, surtout, aux op\u00e9rateurs \u00e9conomiques. <\/p>\n","protected":false},"author":8,"featured_media":19543820,"comment_status":"open","ping_status":"open","sticky":false,"template":"","format":"standard","meta":{"footnotes":""},"categories":[995,2433],"tags":[129939,97078,104826,129938,650,3763,10796],"class_list":["post-19543773","post","type-post","status-publish","format-standard","has-post-thumbnail","hentry","category-economie","category-tunisie","tag-boukrim","tag-coupures-delectricite-2","tag-el-haouaria-2","tag-mohamed-ben-hazzaz","tag-nabeul","tag-steg","tag-volaille"],"yoast_head":"<!-- This site is optimized with the Yoast SEO plugin v26.6 - https:\/\/yoast.com\/wordpress\/plugins\/seo\/ -->\n<title>Coupures \u00e9lectriques | Grosses pertes chez les industriels de la volaille \u00a0 - Kapitalis<\/title>\n<meta name=\"description\" content=\"Les coupures intempestives d\u2019\u00e9lectricit\u00e9 causent d&#039;\u00e9normes pertes aux citoyens et, surtout, aux op\u00e9rateurs \u00e9conomiques.\" \/>\n<meta name=\"robots\" content=\"index, follow, max-snippet:-1, max-image-preview:large, max-video-preview:-1\" \/>\n<link rel=\"canonical\" href=\"https:\/\/kapitalis.com\/tunisie\/2026\/08\/31\/coupures-electriques-grosses-pertes-chez-les-industriels-de-la-volaille\/\" \/>\n<meta property=\"og:locale\" content=\"fr_FR\" \/>\n<meta property=\"og:type\" content=\"article\" \/>\n<meta property=\"og:title\" content=\"Coupures \u00e9lectriques | Grosses pertes chez les industriels de la volaille \u00a0 - Kapitalis\" \/>\n<meta property=\"og:description\" content=\"Les coupures intempestives d\u2019\u00e9lectricit\u00e9 causent d&#039;\u00e9normes pertes aux citoyens et, surtout, aux op\u00e9rateurs \u00e9conomiques.\" \/>\n<meta property=\"og:url\" content=\"https:\/\/kapitalis.com\/tunisie\/2026\/08\/31\/coupures-electriques-grosses-pertes-chez-les-industriels-de-la-volaille\/\" \/>\n<meta property=\"og:site_name\" content=\"Kapitalis\" \/>\n<meta property=\"article:publisher\" content=\"https:\/\/www.facebook.com\/KapitalisInfo\/\" \/>\n<meta property=\"article:published_time\" content=\"2026-08-31T12:51:27+00:00\" \/>\n<meta property=\"article:modified_time\" content=\"2026-08-31T12:51:29+00:00\" \/>\n<meta property=\"og:image\" content=\"https:\/\/kapitalis.com\/tunisie\/wp-content\/uploads\/2026\/08\/Poulailler.jpg\" \/>\n\t<meta property=\"og:image:width\" content=\"1200\" \/>\n\t<meta property=\"og:image:height\" content=\"630\" \/>\n\t<meta property=\"og:image:type\" content=\"image\/jpeg\" \/>\n<meta name=\"author\" content=\"webmaster kapitalis\" \/>\n<meta name=\"twitter:card\" content=\"summary_large_image\" \/>\n<meta name=\"twitter:creator\" content=\"@KapitalisInfo\" \/>\n<meta name=\"twitter:site\" content=\"@KapitalisInfo\" \/>\n<meta name=\"twitter:label1\" content=\"\u00c9crit par\" \/>\n\t<meta name=\"twitter:data1\" content=\"webmaster kapitalis\" \/>\n\t<meta name=\"twitter:label2\" content=\"Dur\u00e9e de lecture estim\u00e9e\" \/>\n\t<meta name=\"twitter:data2\" content=\"2 minutes\" \/>\n<script type=\"application\/ld+json\" class=\"yoast-schema-graph\">{\"@context\":\"https:\/\/schema.org\",\"@graph\":[{\"@type\":\"Article\",\"@id\":\"https:\/\/kapitalis.com\/tunisie\/2026\/08\/31\/coupures-electriques-grosses-pertes-chez-les-industriels-de-la-volaille\/#article\",\"isPartOf\":{\"@id\":\"https:\/\/kapitalis.com\/tunisie\/2026\/08\/31\/coupures-electriques-grosses-pertes-chez-les-industriels-de-la-volaille\/\"},\"author\":{\"name\":\"webmaster kapitalis\",\"@id\":\"https:\/\/kapitalis.com\/tunisie\/#\/schema\/person\/d71f33a9ca44f7bad4698210b480c8e9\"},\"headline\":\"Coupures \u00e9lectriques | Grosses pertes chez les industriels de la volaille \u00a0\",\"datePublished\":\"2026-08-31T12:51:27+00:00\",\"dateModified\":\"2026-08-31T12:51:29+00:00\",\"mainEntityOfPage\":{\"@id\":\"https:\/\/kapitalis.com\/tunisie\/2026\/08\/31\/coupures-electriques-grosses-pertes-chez-les-industriels-de-la-volaille\/\"},\"wordCount\":336,\"commentCount\":0,\"publisher\":{\"@id\":\"https:\/\/kapitalis.com\/tunisie\/#organization\"},\"image\":{\"@id\":\"https:\/\/kapitalis.com\/tunisie\/2026\/08\/31\/coupures-electriques-grosses-pertes-chez-les-industriels-de-la-volaille\/#primaryimage\"},\"thumbnailUrl\":\"https:\/\/kapitalis.com\/tunisie\/wp-content\/uploads\/2026\/08\/Poulailler.jpg\",\"keywords\":[\"Boukrim\",\"Coupures d\u2019\u00e9lectricit\u00e9\",\"El Haouaria\",\"Mohamed Ben Hazzaz\",\"Nabeul\",\"Steg\",\"volaille\"],\"articleSection\":[\"ECONOMIE\",\"Tunisie\"],\"inLanguage\":\"fr-FR\",\"potentialAction\":[{\"@type\":\"CommentAction\",\"name\":\"Comment\",\"target\":[\"https:\/\/kapitalis.com\/tunisie\/2026\/08\/31\/coupures-electriques-grosses-pertes-chez-les-industriels-de-la-volaille\/#respond\"]}]},{\"@type\":\"WebPage\",\"@id\":\"https:\/\/kapitalis.com\/tunisie\/2026\/08\/31\/coupures-electriques-grosses-pertes-chez-les-industriels-de-la-volaille\/\",\"url\":\"https:\/\/kapitalis.com\/tunisie\/2026\/08\/31\/coupures-electriques-grosses-pertes-chez-les-industriels-de-la-volaille\/\",\"name\":\"Coupures \u00e9lectriques | Grosses pertes chez les industriels de la volaille \u00a0 - Kapitalis\",\"isPartOf\":{\"@id\":\"https:\/\/kapitalis.com\/tunisie\/#website\"},\"primaryImageOfPage\":{\"@id\":\"https:\/\/kapitalis.com\/tunisie\/2026\/08\/31\/coupures-electriques-grosses-pertes-chez-les-industriels-de-la-volaille\/#primaryimage\"},\"image\":{\"@id\":\"https:\/\/kapitalis.com\/tunisie\/2026\/08\/31\/coupures-electriques-grosses-pertes-chez-les-industriels-de-la-volaille\/#primaryimage\"},\"thumbnailUrl\":\"https:\/\/kapitalis.com\/tunisie\/wp-content\/uploads\/2026\/08\/Poulailler.jpg\",\"datePublished\":\"2026-08-31T12:51:27+00:00\",\"dateModified\":\"2026-08-31T12:51:29+00:00\",\"description\":\"Les coupures intempestives d\u2019\u00e9lectricit\u00e9 causent d'\u00e9normes pertes aux citoyens et, surtout, aux op\u00e9rateurs \u00e9conomiques.\",\"breadcrumb\":{\"@id\":\"https:\/\/kapitalis.com\/tunisie\/2026\/08\/31\/coupures-electriques-grosses-pertes-chez-les-industriels-de-la-volaille\/#breadcrumb\"},\"inLanguage\":\"fr-FR\",\"potentialAction\":[{\"@type\":\"ReadAction\",\"target\":[\"https:\/\/kapitalis.com\/tunisie\/2026\/08\/31\/coupures-electriques-grosses-pertes-chez-les-industriels-de-la-volaille\/\"]}]},{\"@type\":\"ImageObject\",\"inLanguage\":\"fr-FR\",\"@id\":\"https:\/\/kapitalis.com\/tunisie\/2026\/08\/31\/coupures-electriques-grosses-pertes-chez-les-industriels-de-la-volaille\/#primaryimage\",\"url\":\"https:\/\/kapitalis.com\/tunisie\/wp-content\/uploads\/2026\/08\/Poulailler.jpg\",\"contentUrl\":\"https:\/\/kapitalis.com\/tunisie\/wp-content\/uploads\/2026\/08\/Poulailler.jpg\",\"width\":1200,\"height\":630},{\"@type\":\"BreadcrumbList\",\"@id\":\"https:\/\/kapitalis.com\/tunisie\/2026\/08\/31\/coupures-electriques-grosses-pertes-chez-les-industriels-de-la-volaille\/#breadcrumb\",\"itemListElement\":[{\"@type\":\"ListItem\",\"position\":1,\"name\":\"Accueil\",\"item\":\"https:\/\/kapitalis.com\/tunisie\/\"},{\"@type\":\"ListItem\",\"position\":2,\"name\":\"Coupures \u00e9lectriques | Grosses pertes chez les industriels de la volaille \u00a0\"}]},{\"@type\":\"WebSite\",\"@id\":\"https:\/\/kapitalis.com\/tunisie\/#website\",\"url\":\"https:\/\/kapitalis.com\/tunisie\/\",\"name\":\"Kapitalis\",\"description\":\"L&#039;actualit\u00e9 en Tunisie et dans le monde\",\"publisher\":{\"@id\":\"https:\/\/kapitalis.com\/tunisie\/#organization\"},\"potentialAction\":[{\"@type\":\"SearchAction\",\"target\":{\"@type\":\"EntryPoint\",\"urlTemplate\":\"https:\/\/kapitalis.com\/tunisie\/?s={search_term_string}\"},\"query-input\":{\"@type\":\"PropertyValueSpecification\",\"valueRequired\":true,\"valueName\":\"search_term_string\"}}],\"inLanguage\":\"fr-FR\"},{\"@type\":\"Organization\",\"@id\":\"https:\/\/kapitalis.com\/tunisie\/#organization\",\"name\":\"Kapitalis\",\"url\":\"https:\/\/kapitalis.com\/tunisie\/\",\"logo\":{\"@type\":\"ImageObject\",\"inLanguage\":\"fr-FR\",\"@id\":\"https:\/\/kapitalis.com\/tunisie\/#\/schema\/logo\/image\/\",\"url\":\"https:\/\/kapitalis.com\/tunisie\/wp-content\/uploads\/2022\/05\/Kapitalis-big-size.png\",\"contentUrl\":\"https:\/\/kapitalis.com\/tunisie\/wp-content\/uploads\/2022\/05\/Kapitalis-big-size.png\",\"width\":5000,\"height\":1500,\"caption\":\"Kapitalis\"},\"image\":{\"@id\":\"https:\/\/kapitalis.com\/tunisie\/#\/schema\/logo\/image\/\"},\"sameAs\":[\"https:\/\/www.facebook.com\/KapitalisInfo\/\",\"https:\/\/x.com\/KapitalisInfo\",\"https:\/\/www.youtube.com\/channel\/UC-yDYrHyfFBWWZaOw3FPg9Q\"]},{\"@type\":\"Person\",\"@id\":\"https:\/\/kapitalis.com\/tunisie\/#\/schema\/person\/d71f33a9ca44f7bad4698210b480c8e9\",\"name\":\"webmaster kapitalis\",\"url\":\"https:\/\/kapitalis.com\/tunisie\/author\/webmaster-kapitalis\/\"}]}<\/script>\n<!-- \/ Yoast SEO plugin. -->","yoast_head_json":{"title":"Coupures \u00e9lectriques | Grosses pertes chez les industriels de la volaille \u00a0 - Kapitalis","description":"Les coupures intempestives d\u2019\u00e9lectricit\u00e9 causent d'\u00e9normes pertes aux citoyens et, surtout, aux op\u00e9rateurs \u00e9conomiques.","robots":{"index":"index","follow":"follow","max-snippet":"max-snippet:-1","max-image-preview":"max-image-preview:large","max-video-preview":"max-video-preview:-1"},"canonical":"https:\/\/kapitalis.com\/tunisie\/2026\/08\/31\/coupures-electriques-grosses-pertes-chez-les-industriels-de-la-volaille\/","og_locale":"fr_FR","og_type":"article","og_title":"Coupures \u00e9lectriques | Grosses pertes chez les industriels de la volaille \u00a0 - Kapitalis","og_description":"Les coupures intempestives d\u2019\u00e9lectricit\u00e9 causent d'\u00e9normes pertes aux citoyens et, surtout, aux op\u00e9rateurs \u00e9conomiques.","og_url":"https:\/\/kapitalis.com\/tunisie\/2026\/08\/31\/coupures-electriques-grosses-pertes-chez-les-industriels-de-la-volaille\/","og_site_name":"Kapitalis","article_publisher":"https:\/\/www.facebook.com\/KapitalisInfo\/","article_published_time":"2026-08-31T12:51:27+00:00","article_modified_time":"2026-08-31T12:51:29+00:00","og_image":[{"width":1200,"height":630,"url":"https:\/\/kapitalis.com\/tunisie\/wp-content\/uploads\/2026\/08\/Poulailler.jpg","type":"image\/jpeg"}],"author":"webmaster kapitalis","twitter_card":"summary_large_image","twitter_creator":"@KapitalisInfo","twitter_site":"@KapitalisInfo","twitter_misc":{"\u00c9crit par":"webmaster kapitalis","Dur\u00e9e de lecture estim\u00e9e":"2 minutes"},"schema":{"@context":"https:\/\/schema.org","@graph":[{"@type":"Article","@id":"https:\/\/kapitalis.com\/tunisie\/2026\/08\/31\/coupures-electriques-grosses-pertes-chez-les-industriels-de-la-volaille\/#article","isPartOf":{"@id":"https:\/\/kapitalis.com\/tunisie\/2026\/08\/31\/coupures-electriques-grosses-pertes-chez-les-industriels-de-la-volaille\/"},"author":{"name":"webmaster kapitalis","@id":"https:\/\/kapitalis.com\/tunisie\/#\/schema\/person\/d71f33a9ca44f7bad4698210b480c8e9"},"headline":"Coupures \u00e9lectriques | Grosses pertes chez les industriels de la volaille \u00a0","datePublished":"2026-08-31T12:51:27+00:00","dateModified":"2026-08-31T12:51:29+00:00","mainEntityOfPage":{"@id":"https:\/\/kapitalis.com\/tunisie\/2026\/08\/31\/coupures-electriques-grosses-pertes-chez-les-industriels-de-la-volaille\/"},"wordCount":336,"commentCount":0,"publisher":{"@id":"https:\/\/kapitalis.com\/tunisie\/#organization"},"image":{"@id":"https:\/\/kapitalis.com\/tunisie\/2026\/08\/31\/coupures-electriques-grosses-pertes-chez-les-industriels-de-la-volaille\/#primaryimage"},"thumbnailUrl":"https:\/\/kapitalis.com\/tunisie\/wp-content\/uploads\/2026\/08\/Poulailler.jpg","keywords":["Boukrim","Coupures d\u2019\u00e9lectricit\u00e9","El Haouaria","Mohamed Ben Hazzaz","Nabeul","Steg","volaille"],"articleSection":["ECONOMIE","Tunisie"],"inLanguage":"fr-FR","potentialAction":[{"@type":"CommentAction","name":"Comment","target":["https:\/\/kapitalis.com\/tunisie\/2026\/08\/31\/coupures-electriques-grosses-pertes-chez-les-industriels-de-la-volaille\/#respond"]}]},{"@type":"WebPage","@id":"https:\/\/kapitalis.com\/tunisie\/2026\/08\/31\/coupures-electriques-grosses-pertes-chez-les-industriels-de-la-volaille\/","url":"https:\/\/kapitalis.com\/tunisie\/2026\/08\/31\/coupures-electriques-grosses-pertes-chez-les-industriels-de-la-volaille\/","name":"Coupures \u00e9lectriques | Grosses pertes chez les industriels de la volaille \u00a0 - Kapitalis","isPartOf":{"@id":"https:\/\/kapitalis.com\/tunisie\/#website"},"primaryImageOfPage":{"@id":"https:\/\/kapitalis.com\/tunisie\/2026\/08\/31\/coupures-electriques-grosses-pertes-chez-les-industriels-de-la-volaille\/#primaryimage"},"image":{"@id":"https:\/\/kapitalis.com\/tunisie\/2026\/08\/31\/coupures-electriques-grosses-pertes-chez-les-industriels-de-la-volaille\/#primaryimage"},"thumbnailUrl":"https:\/\/kapitalis.com\/tunisie\/wp-content\/uploads\/2026\/08\/Poulailler.jpg","datePublished":"2026-08-31T12:51:27+00:00","dateModified":"2026-08-31T12:51:29+00:00","description":"Les coupures intempestives d\u2019\u00e9lectricit\u00e9 causent d'\u00e9normes pertes aux citoyens et, surtout, aux op\u00e9rateurs \u00e9conomiques.","breadcrumb":{"@id":"https:\/\/kapitalis.com\/tunisie\/2026\/08\/31\/coupures-electriques-grosses-pertes-chez-les-industriels-de-la-volaille\/#breadcrumb"},"inLanguage":"fr-FR","potentialAction":[{"@type":"ReadAction","target":["https:\/\/kapitalis.com\/tunisie\/2026\/08\/31\/coupures-electriques-grosses-pertes-chez-les-industriels-de-la-volaille\/"]}]},{"@type":"ImageObject","inLanguage":"fr-FR","@id":"https:\/\/kapitalis.com\/tunisie\/2026\/08\/31\/coupures-electriques-grosses-pertes-chez-les-industriels-de-la-volaille\/#primaryimage","url":"https:\/\/kapitalis.com\/tunisie\/wp-content\/uploads\/2026\/08\/Poulailler.jpg","contentUrl":"https:\/\/kapitalis.com\/tunisie\/wp-content\/uploads\/2026\/08\/Poulailler.jpg","width":1200,"height":630},{"@type":"BreadcrumbList","@id":"https:\/\/kapitalis.com\/tunisie\/2026\/08\/31\/coupures-electriques-grosses-pertes-chez-les-industriels-de-la-volaille\/#breadcrumb","itemListElement":[{"@type":"ListItem","position":1,"name":"Accueil","item":"https:\/\/kapitalis.com\/tunisie\/"},{"@type":"ListItem","position":2,"name":"Coupures \u00e9lectriques | Grosses pertes chez les industriels de la volaille \u00a0"}]},{"@type":"WebSite","@id":"https:\/\/kapitalis.com\/tunisie\/#website","url":"https:\/\/kapitalis.com\/tunisie\/","name":"Kapitalis","description":"L&#039;actualit\u00e9 en Tunisie et dans le monde","publisher":{"@id":"https:\/\/kapitalis.com\/tunisie\/#organization"},"potentialAction":[{"@type":"SearchAction","target":{"@type":"EntryPoint","urlTemplate":"https:\/\/kapitalis.com\/tunisie\/?s={search_term_string}"},"query-input":{"@type":"PropertyValueSpecification","valueRequired":true,"valueName":"search_term_string"}}],"inLanguage":"fr-FR"},{"@type":"Organization","@id":"https:\/\/kapitalis.com\/tunisie\/#organization","name":"Kapitalis","url":"https:\/\/kapitalis.com\/tunisie\/","logo":{"@type":"ImageObject","inLanguage":"fr-FR","@id":"https:\/\/kapitalis.com\/tunisie\/#\/schema\/logo\/image\/","url":"https:\/\/kapitalis.com\/tunisie\/wp-content\/uploads\/2022\/05\/Kapitalis-big-size.png","contentUrl":"https:\/\/kapitalis.com\/tunisie\/wp-content\/uploads\/2022\/05\/Kapitalis-big-size.png","width":5000,"height":1500,"caption":"Kapitalis"},"image":{"@id":"https:\/\/kapitalis.com\/tunisie\/#\/schema\/logo\/image\/"},"sameAs":["https:\/\/www.facebook.com\/KapitalisInfo\/","https:\/\/x.com\/KapitalisInfo","https:\/\/www.youtube.com\/channel\/UC-yDYrHyfFBWWZaOw3FPg9Q"]},{"@type":"Person","@id":"https:\/\/kapitalis.com\/tunisie\/#\/schema\/person\/d71f33a9ca44f7bad4698210b480c8e9","name":"webmaster kapitalis","url":"https:\/\/kapitalis.com\/tunisie\/author\/webmaster-kapitalis\/"}]}},"_links":{"self":[{"href":"https:\/\/kapitalis.com\/tunisie\/wp-json\/wp\/v2\/posts\/19543773","targetHints":{"allow":["GET"]}}],"collection":[{"href":"https:\/\/kapitalis.com\/tunisie\/wp-json\/wp\/v2\/posts"}],"about":[{"href":"https:\/\/kapitalis.com\/tunisie\/wp-json\/wp\/v2\/types\/post"}],"author":[{"embeddable":true,"href":"https:\/\/kapitalis.com\/tunisie\/wp-json\/wp\/v2\/users\/8"}],"replies":[{"embeddable":true,"href":"https:\/\/kapitalis.com\/tunisie\/wp-json\/wp\/v2\/comments?post=19543773"}],"version-history":[{"count":1,"href":"https:\/\/kapitalis.com\/tunisie\/wp-json\/wp\/v2\/posts\/19543773\/revisions"}],"predecessor-version":[{"id":19543851,"href":"https:\/\/kapitalis.com\/tunisie\/wp-json\/wp\/v2\/posts\/19543773\/revisions\/19543851"}],"wp:featuredmedia":[{"embeddable":true,"href":"https:\/\/kapitalis.com\/tunisie\/wp-json\/wp\/v2\/media\/19543820"}],"wp:attachment":[{"href":"https:\/\/kapitalis.com\/tunisie\/wp-json\/wp\/v2\/media?parent=19543773"}],"wp:term":[{"taxonomy":"category","embeddable":true,"href":"https:\/\/kapitalis.com\/tunisie\/wp-json\/wp\/v2\/categories?post=19543773"},{"taxonomy":"post_tag","embeddable":true,"href":"https:\/\/kapitalis.com\/tunisie\/wp-json\/wp\/v2\/tags?post=19543773"}],"curies":[{"name":"wp","href":"https:\/\/api.w.org\/{rel}","templated":true}]}}