{"id":19547772,"date":"2026-09-01T07:27:24","date_gmt":"2026-09-01T06:27:24","guid":{"rendered":"https:\/\/kapitalis.com\/tunisie\/?p=19547772"},"modified":"2026-09-01T07:27:25","modified_gmt":"2026-09-01T06:27:25","slug":"edouard-balladur-seteint-a-97-ans-i-une-figure-de-la-france-des-annees-1990","status":"publish","type":"post","link":"https:\/\/kapitalis.com\/tunisie\/2026\/09\/01\/edouard-balladur-seteint-a-97-ans-i-une-figure-de-la-france-des-annees-1990\/","title":{"rendered":"\u00c9douard Balladur s\u2019\u00e9teint \u00e0 97 ans I Une figure de la France des ann\u00e9es 1990"},"content":{"rendered":"\n<p class=\"wp-block-paragraph\"><strong><em>\u00c9douard Balladur, ancien Premier ministre fran\u00e7ais et figure importante de la droite, est mort lundi 31 ao\u00fbt 2026 \u00e0 Paris, \u00e0 l\u2019\u00e2ge de 97 ans. Avec lui dispara\u00eet l\u2019un des derniers grands t\u00e9moins d\u2019une g\u00e9n\u00e9ration politique qui a profond\u00e9ment marqu\u00e9 la France de la Ve R\u00e9publique.<\/em><\/strong><\/p>\n\n\n\n<!--more-->\n\n\n\n<p class=\"wp-block-paragraph\">N\u00e9 le 2 mai 1929 \u00e0 Smyrne, l\u2019actuelle Izmir, en Turquie, \u00c9douard Balladur \u00e9tait issu d\u2019une famille de chr\u00e9tiens d\u2019Orient originaires du Nakhitchevan. Il arrive en France \u00e0 l\u2019\u00e2ge de six ans et y construit l\u2019essentiel de sa carri\u00e8re, d\u2019abord dans la haute administration, puis au sommet de l\u2019\u00c9tat.<\/p>\n\n\n\n<p class=\"wp-block-paragraph\">Son parcours est indissociable de celui de Georges Pompidou. Collaborateur du futur pr\u00e9sident de la R\u00e9publique, Balladur s\u2019impose dans les coulisses du pouvoir et acquiert une solide exp\u00e9rience des rouages de l\u2019\u00c9tat. Cette proximit\u00e9 avec Pompidou sera d\u00e9terminante dans son ascension politique.<\/p>\n\n\n\n<p class=\"wp-block-paragraph\">Apr\u00e8s une p\u00e9riode pass\u00e9e dans le secteur priv\u00e9, il revient au gouvernement en 1986, lorsque Jacques Chirac devient Premier ministre durant la premi\u00e8re cohabitation avec Fran\u00e7ois Mitterrand. Ministre de l\u2019\u00c9conomie, des Finances et de la Privatisation, il conduit notamment une importante politique de privatisations.<\/p>\n\n\n\n<h2 class=\"wp-block-heading\">Premier ministre durant la cohabitation et rupture avec Chirac<\/h2>\n\n\n\n<p class=\"wp-block-paragraph\">Le v\u00e9ritable sommet de sa carri\u00e8re intervient en 1993. Apr\u00e8s la large victoire de la droite aux \u00e9lections l\u00e9gislatives, le pr\u00e9sident socialiste Fran\u00e7ois Mitterrand le nomme Premier ministre. La France entre alors dans sa deuxi\u00e8me cohabitation, avec un pr\u00e9sident de gauche et un gouvernement de droite.<\/p>\n\n\n\n<p class=\"wp-block-paragraph\">Pendant deux ans, Balladur dirige le gouvernement avec une r\u00e9putation de s\u00e9rieux et de mod\u00e9ration. Son style, tr\u00e8s \u00e9loign\u00e9 de celui des hommes politiques plus d\u00e9monstratifs, lui vaut alors une forte popularit\u00e9 dans l&rsquo;opinion fran\u00e7aise.<\/p>\n\n\n\n<p class=\"wp-block-paragraph\">Mais cette popularit\u00e9 va rapidement transformer les relations entre les deux hommes qui dominent la droite fran\u00e7aise : Balladur et Chirac.<\/p>\n\n\n\n<p class=\"wp-block-paragraph\">En 1995, Balladur d\u00e9cide de se pr\u00e9senter \u00e0 l\u2019\u00e9lection pr\u00e9sidentielle. Sa candidature l\u2019oppose directement \u00e0 Chirac, son ancien compagnon politique. La campagne pr\u00e9sidentielle r\u00e9v\u00e8le alors une profonde fracture au sein de la droite fran\u00e7aise.<\/p>\n\n\n\n<p class=\"wp-block-paragraph\">Balladur est finalement \u00e9limin\u00e9 d\u00e8s le premier tour, remport\u00e9 par Lionel Jospin. Chirac acc\u00e8de au second tour puis devient pr\u00e9sident de la R\u00e9publique.<\/p>\n\n\n\n<p class=\"wp-block-paragraph\">Apr\u00e8s son d\u00e9part de Matignon, Balladur poursuit sa carri\u00e8re politique, notamment comme d\u00e9put\u00e9. Il reste \u00e9galement pr\u00e9sent dans les d\u00e9bats sur les institutions et l\u2019avenir de la France.<\/p>\n\n\n\n<h2 class=\"wp-block-heading\">Un destin marqu\u00e9 par la M\u00e9diterran\u00e9e<\/h2>\n\n\n\n<p class=\"wp-block-paragraph\">Le parcours de Balladur pr\u00e9sente une dimension particuli\u00e8re. N\u00e9 \u00e0 Smyrne, ville portuaire situ\u00e9e au carrefour de plusieurs mondes, il appartient \u00e0 cette histoire des communaut\u00e9s levantines et chr\u00e9tiennes d\u2019Orient dont les trajectoires ont longtemps \u00e9t\u00e9 li\u00e9es \u00e0 la M\u00e9diterran\u00e9e.<\/p>\n\n\n\n<p class=\"wp-block-paragraph\">Son itin\u00e9raire illustre aussi une r\u00e9alit\u00e9 historique plus large : celle de familles originaires de l\u2019ancien espace ottoman qui, au cours du XX<sup>e<\/sup> si\u00e8cle, se sont install\u00e9es en France et ont progressivement int\u00e9gr\u00e9 les \u00e9lites administratives, \u00e9conomiques et politiques du pays.<\/p>\n\n\n\n<p class=\"wp-block-paragraph\">Balladur aura ainsi travers\u00e9 pr\u00e8s d\u2019un si\u00e8cle d\u2019histoire fran\u00e7aise et europ\u00e9enne : de l\u2019entre-deux-guerres \u00e0 la construction europ\u00e9enne, des bouleversements de Mai 68 aux alternances politiques de la Ve R\u00e9publique.<\/p>\n\n\n\n<p class=\"wp-block-paragraph\">Avec sa disparition \u00e0 97 ans, la France perd un ancien chef de gouvernement, mais aussi un t\u00e9moin privil\u00e9gi\u00e9 des transformations politiques qui ont fa\u00e7onn\u00e9 le pays durant la seconde moiti\u00e9 du XXe si\u00e8cle.<\/p>\n\n\n\n<p class=\"has-text-align-right wp-block-paragraph\"><strong>Djamal Guettala<\/strong><\/p>\n\n\n\n<p class=\"wp-block-paragraph\"><\/p>\n","protected":false},"excerpt":{"rendered":"<p>Avec le d\u00e9c\u00e8s d&rsquo;Edouard Balladur \u00e0 97 ans, c&rsquo;est une figure importante de la droite fran\u00e7aise qui dispara\u00eet.  <\/p>\n","protected":false},"author":8,"featured_media":19547815,"comment_status":"open","ping_status":"open","sticky":false,"template":"","format":"standard","meta":{"footnotes":""},"categories":[997,2433],"tags":[127479,83088,395,83086,129940,65569],"class_list":["post-19547772","post","type-post","status-publish","format-standard","has-post-thumbnail","hentry","category-politique","category-tunisie","tag-cohabitation","tag-edouard-balladur","tag-france","tag-francois-mitterrand","tag-georges-pompidou","tag-jacques-chirac"],"yoast_head":"<!-- This site is optimized with the Yoast SEO plugin v26.6 - https:\/\/yoast.com\/wordpress\/plugins\/seo\/ -->\n<title>\u00c9douard Balladur s\u2019\u00e9teint \u00e0 97 ans I Une figure de la France des ann\u00e9es 1990 - Kapitalis<\/title>\n<meta name=\"description\" content=\"Avec le d\u00e9c\u00e8s d&#039;Edouard Balladur \u00e0 97 ans, c&#039;est une figure importante de la droite fran\u00e7aise qui dispara\u00eet.\" \/>\n<meta name=\"robots\" content=\"index, follow, max-snippet:-1, max-image-preview:large, max-video-preview:-1\" \/>\n<link rel=\"canonical\" href=\"https:\/\/kapitalis.com\/tunisie\/2026\/09\/01\/edouard-balladur-seteint-a-97-ans-i-une-figure-de-la-france-des-annees-1990\/\" \/>\n<meta property=\"og:locale\" content=\"fr_FR\" \/>\n<meta property=\"og:type\" content=\"article\" \/>\n<meta property=\"og:title\" content=\"\u00c9douard Balladur s\u2019\u00e9teint \u00e0 97 ans I Une figure de la France des ann\u00e9es 1990 - Kapitalis\" \/>\n<meta property=\"og:description\" content=\"Avec le d\u00e9c\u00e8s d&#039;Edouard Balladur \u00e0 97 ans, c&#039;est une figure importante de la droite fran\u00e7aise qui dispara\u00eet.\" \/>\n<meta property=\"og:url\" content=\"https:\/\/kapitalis.com\/tunisie\/2026\/09\/01\/edouard-balladur-seteint-a-97-ans-i-une-figure-de-la-france-des-annees-1990\/\" \/>\n<meta property=\"og:site_name\" content=\"Kapitalis\" \/>\n<meta property=\"article:publisher\" content=\"https:\/\/www.facebook.com\/KapitalisInfo\/\" \/>\n<meta property=\"article:published_time\" content=\"2026-09-01T06:27:24+00:00\" \/>\n<meta property=\"article:modified_time\" content=\"2026-09-01T06:27:25+00:00\" \/>\n<meta property=\"og:image\" content=\"https:\/\/kapitalis.com\/tunisie\/wp-content\/uploads\/2026\/09\/Edouard-Balladur.jpg\" \/>\n\t<meta property=\"og:image:width\" content=\"1024\" \/>\n\t<meta property=\"og:image:height\" content=\"682\" \/>\n\t<meta property=\"og:image:type\" content=\"image\/jpeg\" \/>\n<meta name=\"author\" content=\"webmaster kapitalis\" \/>\n<meta name=\"twitter:card\" content=\"summary_large_image\" \/>\n<meta name=\"twitter:creator\" content=\"@KapitalisInfo\" \/>\n<meta name=\"twitter:site\" content=\"@KapitalisInfo\" \/>\n<meta name=\"twitter:label1\" content=\"\u00c9crit par\" \/>\n\t<meta name=\"twitter:data1\" content=\"webmaster kapitalis\" \/>\n\t<meta name=\"twitter:label2\" content=\"Dur\u00e9e de lecture estim\u00e9e\" \/>\n\t<meta name=\"twitter:data2\" content=\"3 minutes\" \/>\n<script type=\"application\/ld+json\" class=\"yoast-schema-graph\">{\"@context\":\"https:\/\/schema.org\",\"@graph\":[{\"@type\":\"Article\",\"@id\":\"https:\/\/kapitalis.com\/tunisie\/2026\/09\/01\/edouard-balladur-seteint-a-97-ans-i-une-figure-de-la-france-des-annees-1990\/#article\",\"isPartOf\":{\"@id\":\"https:\/\/kapitalis.com\/tunisie\/2026\/09\/01\/edouard-balladur-seteint-a-97-ans-i-une-figure-de-la-france-des-annees-1990\/\"},\"author\":{\"name\":\"webmaster kapitalis\",\"@id\":\"https:\/\/kapitalis.com\/tunisie\/#\/schema\/person\/d71f33a9ca44f7bad4698210b480c8e9\"},\"headline\":\"\u00c9douard Balladur s\u2019\u00e9teint \u00e0 97 ans I Une figure de la France des ann\u00e9es 1990\",\"datePublished\":\"2026-09-01T06:27:24+00:00\",\"dateModified\":\"2026-09-01T06:27:25+00:00\",\"mainEntityOfPage\":{\"@id\":\"https:\/\/kapitalis.com\/tunisie\/2026\/09\/01\/edouard-balladur-seteint-a-97-ans-i-une-figure-de-la-france-des-annees-1990\/\"},\"wordCount\":617,\"commentCount\":1,\"publisher\":{\"@id\":\"https:\/\/kapitalis.com\/tunisie\/#organization\"},\"image\":{\"@id\":\"https:\/\/kapitalis.com\/tunisie\/2026\/09\/01\/edouard-balladur-seteint-a-97-ans-i-une-figure-de-la-france-des-annees-1990\/#primaryimage\"},\"thumbnailUrl\":\"https:\/\/kapitalis.com\/tunisie\/wp-content\/uploads\/2026\/09\/Edouard-Balladur.jpg\",\"keywords\":[\"cohabitation\",\"\u00c9douard Balladur\",\"France\",\"Fran\u00e7ois Mitterrand\",\"Georges Pompidou\",\"Jacques Chirac\"],\"articleSection\":[\"POLITIQUE\",\"Tunisie\"],\"inLanguage\":\"fr-FR\",\"potentialAction\":[{\"@type\":\"CommentAction\",\"name\":\"Comment\",\"target\":[\"https:\/\/kapitalis.com\/tunisie\/2026\/09\/01\/edouard-balladur-seteint-a-97-ans-i-une-figure-de-la-france-des-annees-1990\/#respond\"]}]},{\"@type\":\"WebPage\",\"@id\":\"https:\/\/kapitalis.com\/tunisie\/2026\/09\/01\/edouard-balladur-seteint-a-97-ans-i-une-figure-de-la-france-des-annees-1990\/\",\"url\":\"https:\/\/kapitalis.com\/tunisie\/2026\/09\/01\/edouard-balladur-seteint-a-97-ans-i-une-figure-de-la-france-des-annees-1990\/\",\"name\":\"\u00c9douard Balladur s\u2019\u00e9teint \u00e0 97 ans I Une figure de la France des ann\u00e9es 1990 - Kapitalis\",\"isPartOf\":{\"@id\":\"https:\/\/kapitalis.com\/tunisie\/#website\"},\"primaryImageOfPage\":{\"@id\":\"https:\/\/kapitalis.com\/tunisie\/2026\/09\/01\/edouard-balladur-seteint-a-97-ans-i-une-figure-de-la-france-des-annees-1990\/#primaryimage\"},\"image\":{\"@id\":\"https:\/\/kapitalis.com\/tunisie\/2026\/09\/01\/edouard-balladur-seteint-a-97-ans-i-une-figure-de-la-france-des-annees-1990\/#primaryimage\"},\"thumbnailUrl\":\"https:\/\/kapitalis.com\/tunisie\/wp-content\/uploads\/2026\/09\/Edouard-Balladur.jpg\",\"datePublished\":\"2026-09-01T06:27:24+00:00\",\"dateModified\":\"2026-09-01T06:27:25+00:00\",\"description\":\"Avec le d\u00e9c\u00e8s d'Edouard Balladur \u00e0 97 ans, c'est une figure importante de la droite fran\u00e7aise qui dispara\u00eet.\",\"breadcrumb\":{\"@id\":\"https:\/\/kapitalis.com\/tunisie\/2026\/09\/01\/edouard-balladur-seteint-a-97-ans-i-une-figure-de-la-france-des-annees-1990\/#breadcrumb\"},\"inLanguage\":\"fr-FR\",\"potentialAction\":[{\"@type\":\"ReadAction\",\"target\":[\"https:\/\/kapitalis.com\/tunisie\/2026\/09\/01\/edouard-balladur-seteint-a-97-ans-i-une-figure-de-la-france-des-annees-1990\/\"]}]},{\"@type\":\"ImageObject\",\"inLanguage\":\"fr-FR\",\"@id\":\"https:\/\/kapitalis.com\/tunisie\/2026\/09\/01\/edouard-balladur-seteint-a-97-ans-i-une-figure-de-la-france-des-annees-1990\/#primaryimage\",\"url\":\"https:\/\/kapitalis.com\/tunisie\/wp-content\/uploads\/2026\/09\/Edouard-Balladur.jpg\",\"contentUrl\":\"https:\/\/kapitalis.com\/tunisie\/wp-content\/uploads\/2026\/09\/Edouard-Balladur.jpg\",\"width\":1024,\"height\":682},{\"@type\":\"BreadcrumbList\",\"@id\":\"https:\/\/kapitalis.com\/tunisie\/2026\/09\/01\/edouard-balladur-seteint-a-97-ans-i-une-figure-de-la-france-des-annees-1990\/#breadcrumb\",\"itemListElement\":[{\"@type\":\"ListItem\",\"position\":1,\"name\":\"Accueil\",\"item\":\"https:\/\/kapitalis.com\/tunisie\/\"},{\"@type\":\"ListItem\",\"position\":2,\"name\":\"\u00c9douard Balladur s\u2019\u00e9teint \u00e0 97 ans I Une figure de la France des ann\u00e9es 1990\"}]},{\"@type\":\"WebSite\",\"@id\":\"https:\/\/kapitalis.com\/tunisie\/#website\",\"url\":\"https:\/\/kapitalis.com\/tunisie\/\",\"name\":\"Kapitalis\",\"description\":\"L&#039;actualit\u00e9 en Tunisie et dans le monde\",\"publisher\":{\"@id\":\"https:\/\/kapitalis.com\/tunisie\/#organization\"},\"potentialAction\":[{\"@type\":\"SearchAction\",\"target\":{\"@type\":\"EntryPoint\",\"urlTemplate\":\"https:\/\/kapitalis.com\/tunisie\/?s={search_term_string}\"},\"query-input\":{\"@type\":\"PropertyValueSpecification\",\"valueRequired\":true,\"valueName\":\"search_term_string\"}}],\"inLanguage\":\"fr-FR\"},{\"@type\":\"Organization\",\"@id\":\"https:\/\/kapitalis.com\/tunisie\/#organization\",\"name\":\"Kapitalis\",\"url\":\"https:\/\/kapitalis.com\/tunisie\/\",\"logo\":{\"@type\":\"ImageObject\",\"inLanguage\":\"fr-FR\",\"@id\":\"https:\/\/kapitalis.com\/tunisie\/#\/schema\/logo\/image\/\",\"url\":\"https:\/\/kapitalis.com\/tunisie\/wp-content\/uploads\/2022\/05\/Kapitalis-big-size.png\",\"contentUrl\":\"https:\/\/kapitalis.com\/tunisie\/wp-content\/uploads\/2022\/05\/Kapitalis-big-size.png\",\"width\":5000,\"height\":1500,\"caption\":\"Kapitalis\"},\"image\":{\"@id\":\"https:\/\/kapitalis.com\/tunisie\/#\/schema\/logo\/image\/\"},\"sameAs\":[\"https:\/\/www.facebook.com\/KapitalisInfo\/\",\"https:\/\/x.com\/KapitalisInfo\",\"https:\/\/www.youtube.com\/channel\/UC-yDYrHyfFBWWZaOw3FPg9Q\"]},{\"@type\":\"Person\",\"@id\":\"https:\/\/kapitalis.com\/tunisie\/#\/schema\/person\/d71f33a9ca44f7bad4698210b480c8e9\",\"name\":\"webmaster kapitalis\",\"url\":\"https:\/\/kapitalis.com\/tunisie\/author\/webmaster-kapitalis\/\"}]}<\/script>\n<!-- \/ Yoast SEO plugin. -->","yoast_head_json":{"title":"\u00c9douard Balladur s\u2019\u00e9teint \u00e0 97 ans I Une figure de la France des ann\u00e9es 1990 - Kapitalis","description":"Avec le d\u00e9c\u00e8s d'Edouard Balladur \u00e0 97 ans, c'est une figure importante de la droite fran\u00e7aise qui dispara\u00eet.","robots":{"index":"index","follow":"follow","max-snippet":"max-snippet:-1","max-image-preview":"max-image-preview:large","max-video-preview":"max-video-preview:-1"},"canonical":"https:\/\/kapitalis.com\/tunisie\/2026\/09\/01\/edouard-balladur-seteint-a-97-ans-i-une-figure-de-la-france-des-annees-1990\/","og_locale":"fr_FR","og_type":"article","og_title":"\u00c9douard Balladur s\u2019\u00e9teint \u00e0 97 ans I Une figure de la France des ann\u00e9es 1990 - Kapitalis","og_description":"Avec le d\u00e9c\u00e8s d'Edouard Balladur \u00e0 97 ans, c'est une figure importante de la droite fran\u00e7aise qui dispara\u00eet.","og_url":"https:\/\/kapitalis.com\/tunisie\/2026\/09\/01\/edouard-balladur-seteint-a-97-ans-i-une-figure-de-la-france-des-annees-1990\/","og_site_name":"Kapitalis","article_publisher":"https:\/\/www.facebook.com\/KapitalisInfo\/","article_published_time":"2026-09-01T06:27:24+00:00","article_modified_time":"2026-09-01T06:27:25+00:00","og_image":[{"width":1024,"height":682,"url":"https:\/\/kapitalis.com\/tunisie\/wp-content\/uploads\/2026\/09\/Edouard-Balladur.jpg","type":"image\/jpeg"}],"author":"webmaster kapitalis","twitter_card":"summary_large_image","twitter_creator":"@KapitalisInfo","twitter_site":"@KapitalisInfo","twitter_misc":{"\u00c9crit par":"webmaster kapitalis","Dur\u00e9e de lecture estim\u00e9e":"3 minutes"},"schema":{"@context":"https:\/\/schema.org","@graph":[{"@type":"Article","@id":"https:\/\/kapitalis.com\/tunisie\/2026\/09\/01\/edouard-balladur-seteint-a-97-ans-i-une-figure-de-la-france-des-annees-1990\/#article","isPartOf":{"@id":"https:\/\/kapitalis.com\/tunisie\/2026\/09\/01\/edouard-balladur-seteint-a-97-ans-i-une-figure-de-la-france-des-annees-1990\/"},"author":{"name":"webmaster kapitalis","@id":"https:\/\/kapitalis.com\/tunisie\/#\/schema\/person\/d71f33a9ca44f7bad4698210b480c8e9"},"headline":"\u00c9douard Balladur s\u2019\u00e9teint \u00e0 97 ans I Une figure de la France des ann\u00e9es 1990","datePublished":"2026-09-01T06:27:24+00:00","dateModified":"2026-09-01T06:27:25+00:00","mainEntityOfPage":{"@id":"https:\/\/kapitalis.com\/tunisie\/2026\/09\/01\/edouard-balladur-seteint-a-97-ans-i-une-figure-de-la-france-des-annees-1990\/"},"wordCount":617,"commentCount":1,"publisher":{"@id":"https:\/\/kapitalis.com\/tunisie\/#organization"},"image":{"@id":"https:\/\/kapitalis.com\/tunisie\/2026\/09\/01\/edouard-balladur-seteint-a-97-ans-i-une-figure-de-la-france-des-annees-1990\/#primaryimage"},"thumbnailUrl":"https:\/\/kapitalis.com\/tunisie\/wp-content\/uploads\/2026\/09\/Edouard-Balladur.jpg","keywords":["cohabitation","\u00c9douard Balladur","France","Fran\u00e7ois Mitterrand","Georges Pompidou","Jacques Chirac"],"articleSection":["POLITIQUE","Tunisie"],"inLanguage":"fr-FR","potentialAction":[{"@type":"CommentAction","name":"Comment","target":["https:\/\/kapitalis.com\/tunisie\/2026\/09\/01\/edouard-balladur-seteint-a-97-ans-i-une-figure-de-la-france-des-annees-1990\/#respond"]}]},{"@type":"WebPage","@id":"https:\/\/kapitalis.com\/tunisie\/2026\/09\/01\/edouard-balladur-seteint-a-97-ans-i-une-figure-de-la-france-des-annees-1990\/","url":"https:\/\/kapitalis.com\/tunisie\/2026\/09\/01\/edouard-balladur-seteint-a-97-ans-i-une-figure-de-la-france-des-annees-1990\/","name":"\u00c9douard Balladur s\u2019\u00e9teint \u00e0 97 ans I Une figure de la France des ann\u00e9es 1990 - Kapitalis","isPartOf":{"@id":"https:\/\/kapitalis.com\/tunisie\/#website"},"primaryImageOfPage":{"@id":"https:\/\/kapitalis.com\/tunisie\/2026\/09\/01\/edouard-balladur-seteint-a-97-ans-i-une-figure-de-la-france-des-annees-1990\/#primaryimage"},"image":{"@id":"https:\/\/kapitalis.com\/tunisie\/2026\/09\/01\/edouard-balladur-seteint-a-97-ans-i-une-figure-de-la-france-des-annees-1990\/#primaryimage"},"thumbnailUrl":"https:\/\/kapitalis.com\/tunisie\/wp-content\/uploads\/2026\/09\/Edouard-Balladur.jpg","datePublished":"2026-09-01T06:27:24+00:00","dateModified":"2026-09-01T06:27:25+00:00","description":"Avec le d\u00e9c\u00e8s d'Edouard Balladur \u00e0 97 ans, c'est une figure importante de la droite fran\u00e7aise qui dispara\u00eet.","breadcrumb":{"@id":"https:\/\/kapitalis.com\/tunisie\/2026\/09\/01\/edouard-balladur-seteint-a-97-ans-i-une-figure-de-la-france-des-annees-1990\/#breadcrumb"},"inLanguage":"fr-FR","potentialAction":[{"@type":"ReadAction","target":["https:\/\/kapitalis.com\/tunisie\/2026\/09\/01\/edouard-balladur-seteint-a-97-ans-i-une-figure-de-la-france-des-annees-1990\/"]}]},{"@type":"ImageObject","inLanguage":"fr-FR","@id":"https:\/\/kapitalis.com\/tunisie\/2026\/09\/01\/edouard-balladur-seteint-a-97-ans-i-une-figure-de-la-france-des-annees-1990\/#primaryimage","url":"https:\/\/kapitalis.com\/tunisie\/wp-content\/uploads\/2026\/09\/Edouard-Balladur.jpg","contentUrl":"https:\/\/kapitalis.com\/tunisie\/wp-content\/uploads\/2026\/09\/Edouard-Balladur.jpg","width":1024,"height":682},{"@type":"BreadcrumbList","@id":"https:\/\/kapitalis.com\/tunisie\/2026\/09\/01\/edouard-balladur-seteint-a-97-ans-i-une-figure-de-la-france-des-annees-1990\/#breadcrumb","itemListElement":[{"@type":"ListItem","position":1,"name":"Accueil","item":"https:\/\/kapitalis.com\/tunisie\/"},{"@type":"ListItem","position":2,"name":"\u00c9douard Balladur s\u2019\u00e9teint \u00e0 97 ans I Une figure de la France des ann\u00e9es 1990"}]},{"@type":"WebSite","@id":"https:\/\/kapitalis.com\/tunisie\/#website","url":"https:\/\/kapitalis.com\/tunisie\/","name":"Kapitalis","description":"L&#039;actualit\u00e9 en Tunisie et dans le monde","publisher":{"@id":"https:\/\/kapitalis.com\/tunisie\/#organization"},"potentialAction":[{"@type":"SearchAction","target":{"@type":"EntryPoint","urlTemplate":"https:\/\/kapitalis.com\/tunisie\/?s={search_term_string}"},"query-input":{"@type":"PropertyValueSpecification","valueRequired":true,"valueName":"search_term_string"}}],"inLanguage":"fr-FR"},{"@type":"Organization","@id":"https:\/\/kapitalis.com\/tunisie\/#organization","name":"Kapitalis","url":"https:\/\/kapitalis.com\/tunisie\/","logo":{"@type":"ImageObject","inLanguage":"fr-FR","@id":"https:\/\/kapitalis.com\/tunisie\/#\/schema\/logo\/image\/","url":"https:\/\/kapitalis.com\/tunisie\/wp-content\/uploads\/2022\/05\/Kapitalis-big-size.png","contentUrl":"https:\/\/kapitalis.com\/tunisie\/wp-content\/uploads\/2022\/05\/Kapitalis-big-size.png","width":5000,"height":1500,"caption":"Kapitalis"},"image":{"@id":"https:\/\/kapitalis.com\/tunisie\/#\/schema\/logo\/image\/"},"sameAs":["https:\/\/www.facebook.com\/KapitalisInfo\/","https:\/\/x.com\/KapitalisInfo","https:\/\/www.youtube.com\/channel\/UC-yDYrHyfFBWWZaOw3FPg9Q"]},{"@type":"Person","@id":"https:\/\/kapitalis.com\/tunisie\/#\/schema\/person\/d71f33a9ca44f7bad4698210b480c8e9","name":"webmaster kapitalis","url":"https:\/\/kapitalis.com\/tunisie\/author\/webmaster-kapitalis\/"}]}},"_links":{"self":[{"href":"https:\/\/kapitalis.com\/tunisie\/wp-json\/wp\/v2\/posts\/19547772","targetHints":{"allow":["GET"]}}],"collection":[{"href":"https:\/\/kapitalis.com\/tunisie\/wp-json\/wp\/v2\/posts"}],"about":[{"href":"https:\/\/kapitalis.com\/tunisie\/wp-json\/wp\/v2\/types\/post"}],"author":[{"embeddable":true,"href":"https:\/\/kapitalis.com\/tunisie\/wp-json\/wp\/v2\/users\/8"}],"replies":[{"embeddable":true,"href":"https:\/\/kapitalis.com\/tunisie\/wp-json\/wp\/v2\/comments?post=19547772"}],"version-history":[{"count":1,"href":"https:\/\/kapitalis.com\/tunisie\/wp-json\/wp\/v2\/posts\/19547772\/revisions"}],"predecessor-version":[{"id":19547820,"href":"https:\/\/kapitalis.com\/tunisie\/wp-json\/wp\/v2\/posts\/19547772\/revisions\/19547820"}],"wp:featuredmedia":[{"embeddable":true,"href":"https:\/\/kapitalis.com\/tunisie\/wp-json\/wp\/v2\/media\/19547815"}],"wp:attachment":[{"href":"https:\/\/kapitalis.com\/tunisie\/wp-json\/wp\/v2\/media?parent=19547772"}],"wp:term":[{"taxonomy":"category","embeddable":true,"href":"https:\/\/kapitalis.com\/tunisie\/wp-json\/wp\/v2\/categories?post=19547772"},{"taxonomy":"post_tag","embeddable":true,"href":"https:\/\/kapitalis.com\/tunisie\/wp-json\/wp\/v2\/tags?post=19547772"}],"curies":[{"name":"wp","href":"https:\/\/api.w.org\/{rel}","templated":true}]}}