{"id":19547913,"date":"2026-09-01T07:55:29","date_gmt":"2026-09-01T06:55:29","guid":{"rendered":"https:\/\/kapitalis.com\/tunisie\/?p=19547913"},"modified":"2026-09-01T07:55:31","modified_gmt":"2026-09-01T06:55:31","slug":"tunisie-pour-le-crldht-letat-est-garant-de-la-vie-des-detenus","status":"publish","type":"post","link":"https:\/\/kapitalis.com\/tunisie\/2026\/09\/01\/tunisie-pour-le-crldht-letat-est-garant-de-la-vie-des-detenus\/","title":{"rendered":"Tunisie | Pour le CRLDHT, l\u2019Etat est garant de la vie des d\u00e9tenus"},"content":{"rendered":"\n<p class=\"wp-block-paragraph\"><strong><em>Dans le communiqu\u00e9 reproduit ci-dessous, publi\u00e9 le 30 ao\u00fbt 2026 \u00e0 Paris, le Centre pour le respect des libert\u00e9s et des droits de l\u2019homme en Tunisie (CRLDHT) a \u00e9voqu\u00e9 les effets d\u00e9sastreux de la canicule, de la surpopulation, des coupures d\u2019eau et d\u2019\u00e9lectricit\u00e9, qui ont provoqu\u00e9 des d\u00e9c\u00e8s dans les prison. \u00abL\u2019\u00c9tat doit garantir la vie des personnes qu\u2019il d\u00e9tient\u00bb, affirme l\u2019organisation de d\u00e9fense des droits humains.<\/em><\/strong><strong><\/strong><\/p>\n\n\n\n<!--more-->\n\n\n\n<p class=\"wp-block-paragraph\">Le CRLDHT&nbsp;tire une nouvelle fois la sonnette d\u2019alarme face \u00e0 la situation extr\u00eamement grave qui pr\u00e9vaut dans les prisons tunisiennes.<\/p>\n\n\n\n<p class=\"wp-block-paragraph\">Depuis plusieurs mois, les d\u00e9c\u00e8s de personnes d\u00e9tenues dans des circonstances suspectes ou insuffisamment \u00e9lucid\u00e9es se multiplient. \u00c0 cette crise ancienne s\u2019est ajout\u00e9e, durant l\u2019\u00e9t\u00e9 2026, une succession de vagues de chaleur exceptionnelles, accompagn\u00e9es dans plusieurs r\u00e9gions de coupures d\u2019eau et d\u2019\u00e9lectricit\u00e9, alors que le syst\u00e8me p\u00e9nitentiaire conna\u00eet d\u00e9j\u00e0 une surpopulation massive, des infrastructures d\u00e9grad\u00e9es et des difficult\u00e9s persistantes d\u2019acc\u00e8s aux soins.<\/p>\n\n\n\n<p class=\"wp-block-paragraph\">Dans son <a href=\"https:\/\/kapitalis.com\/tunisie\/2026\/07\/25\/le-crldht-alerte-sur-la-situation-alarmante-dans-les-prisons-tunisiennes\/\" target=\"_blank\" rel=\"noreferrer noopener\">alerte <\/a>du\u00a024 juillet 2026, le CRLDHT avait averti que la combinaison de la canicule, du manque d\u2019eau, des coupures d\u2019\u00e9lectricit\u00e9, du d\u00e9faut d\u2019a\u00e9ration et de la surpopulation faisait peser une menace directe sur la vie et l\u2019int\u00e9grit\u00e9 physique des personnes d\u00e9tenues. Des familles ont depuis fait \u00e9tat de malaises, d\u2019\u00e9vanouissements, de retards dans l\u2019acc\u00e8s aux soins et de cellules transform\u00e9es en v\u00e9ritables \u00e9tuves.<\/p>\n\n\n\n<p class=\"wp-block-paragraph\">La canicule n\u2019a pas cr\u00e9\u00e9 la crise carc\u00e9rale.&nbsp;Elle en a r\u00e9v\u00e9l\u00e9 la dangerosit\u00e9.<\/p>\n\n\n\n<p class=\"wp-block-paragraph\">Selon les donn\u00e9es publi\u00e9es par l\u2019association <a href=\"https:\/\/kapitalis.com\/tunisie\/2025\/10\/29\/rapport-sur-les-carences-du-systeme-carceral-tunisien\/\" target=\"_blank\" rel=\"noreferrer noopener\">Intersection<\/a>, les prisons tunisiennes accueilleraient aujourd\u2019hui\u00a0plus de 33 000 d\u00e9tenus pour une capacit\u00e9 officielle d\u2019environ 17 000 places, soit un taux d\u2019occupation proche de\u00a0194 %. La population carc\u00e9rale serait pass\u00e9e de 23 000 personnes en 2022 \u00e0 plus de 33 000 en 2025. Dans certains \u00e9tablissements, la situation est encore plus critique :\u00a0251 % d\u2019occupation \u00e0 Kairouan, 210 % \u00e0 Mornaguia, 209 % \u00e0 Gab\u00e8s et 200 % \u00e0 Sfax.<\/p>\n\n\n\n<p class=\"wp-block-paragraph\">Dans huit prisons, l\u2019espace disponible ne d\u00e9passerait pas&nbsp;deux m\u00e8tres carr\u00e9s par d\u00e9tenu, tandis que les sanitaires, les douches, l\u2019acc\u00e8s aux produits d\u2019hygi\u00e8ne et aux soins sont largement insuffisants.<\/p>\n\n\n\n<p class=\"wp-block-paragraph\">Dans de telles conditions, lorsque les temp\u00e9ratures approchent ou d\u00e9passent&nbsp;45 \u00e0 50 \u00b0C, la chaleur devient un risque vital.<\/p>\n\n\n\n<h2 class=\"wp-block-heading\">Des morts qui exigent des r\u00e9ponses<\/h2>\n\n\n\n<p class=\"wp-block-paragraph\">Le d\u00e9c\u00e8s de&nbsp;Hamza Dridi, 33 ans, d\u00e9tenu \u00e0 Borj El Amri, est particuli\u00e8rement alarmant. Selon le t\u00e9moignage de sa m\u00e8re recueilli par <em>Nawaat<\/em>, il lui avait confi\u00e9 lors de sa derni\u00e8re visite que&nbsp;l\u2019eau avait \u00e9t\u00e9 coup\u00e9e pendant quatre jours cons\u00e9cutifs, l\u2019emp\u00eachant, comme les autres d\u00e9tenus, de se laver ou de se rafra\u00eechir malgr\u00e9 la chaleur extr\u00eame. Peu apr\u00e8s cette conversation, il aurait \u00e9t\u00e9 plac\u00e9 en cellule disciplinaire. Cinq jours plus tard, le 22 juillet, il d\u00e9c\u00e9dait. Il n\u2019avait pas encore \u00e9t\u00e9 jug\u00e9 et, selon sa famille, ne souffrait d\u2019aucune pathologie connue. Le rapport d\u2019autopsie n\u2019avait pas encore \u00e9t\u00e9 rendu public.<\/p>\n\n\n\n<p class=\"wp-block-paragraph\">\u00c0 la prison civile de&nbsp;Gab\u00e8s, deux d\u00e9tenus sont \u00e9galement morts :&nbsp;Ali Bejaoui&nbsp;et&nbsp;Ali Ben El Tijani Ben Mohamed El Mansi. La LTDH a qualifi\u00e9 ces d\u00e9c\u00e8s de <em>\u00absuspects\u00bb<\/em>. La famille de ce dernier affirme avoir constat\u00e9 des contusions et une fracture au niveau du cou apr\u00e8s la restitution du corps.<\/p>\n\n\n\n<p class=\"wp-block-paragraph\">Surtout, la section de Gab\u00e8s de la LTDH dit avoir recueilli des t\u00e9moignages concordants faisant \u00e9tat de&nbsp;coupures r\u00e9currentes d\u2019eau et d\u2019\u00e9lectricit\u00e9, de surpopulation extr\u00eame et d\u2019\u00e9pisodes d\u2019\u00e9touffement parmi les d\u00e9tenus.<\/p>\n\n\n\n<p class=\"wp-block-paragraph\">\u00c0 Messadine,&nbsp;Salem Karmous, Franco-Tunisien, est d\u00e9c\u00e9d\u00e9 le 19 juillet. Son p\u00e8re affirme avoir constat\u00e9 des traces de violence et d\u2019agression sur son corps. Ici encore, seule une enqu\u00eate ind\u00e9pendante peut d\u00e9terminer les causes du d\u00e9c\u00e8s et \u00e9tablir les responsabilit\u00e9s.<\/p>\n\n\n\n<p class=\"wp-block-paragraph\">Ces morts s\u2019inscrivent dans une s\u00e9rie plus large. L\u2019OMCT avait d\u00e9j\u00e0 document\u00e9&nbsp;treize morts suspectes entre mai 2025 et avril 2026, sans compter celles survenues pendant la canicule.<\/p>\n\n\n\n<p class=\"wp-block-paragraph\">Fin ao\u00fbt, un d\u00e9tenu est \u00e9galement d\u00e9c\u00e9d\u00e9 \u00e0 la prison civile de Gafsa, tandis que deux d\u00e9tenus de Mahdia ont d\u00fb \u00eatre transf\u00e9r\u00e9s en r\u00e9animation dans un contexte de chaleur extr\u00eame et de conditions de d\u00e9tention d\u00e9grad\u00e9es.<\/p>\n\n\n\n<p class=\"wp-block-paragraph\">Le&nbsp;29 ao\u00fbt, l\u2019Organisation tunisienne des jeunes m\u00e9decins a lanc\u00e9 une nouvelle alerte : elle fait \u00e9tat d\u2019une&nbsp;augmentation sans pr\u00e9c\u00e9dent des d\u00e9c\u00e8s et des hospitalisations li\u00e9s aux coups de chaleur, ainsi que de&nbsp;d\u00e9c\u00e8s de d\u00e9tenus dans plusieurs services d\u2019urgence. Elle souligne en outre que le minist\u00e8re de la Sant\u00e9 recueille des donn\u00e9es sur les d\u00e9c\u00e8s, les coups de chaleur et les capacit\u00e9s des services de r\u00e9animation, mais qu\u2019aucun bilan officiel d\u00e9taill\u00e9 n\u2019a encore \u00e9t\u00e9 rendu public.<\/p>\n\n\n\n<p class=\"wp-block-paragraph\">Une autre information grave a circul\u00e9 le 28 ao\u00fbt concernant&nbsp;cinq d\u00e9c\u00e8s dans les prisons du Grand Tunis. Bassem Trifi, pr\u00e9sident de la LTDH, a indiqu\u00e9, en citant des sources judiciaires saisies des dossiers, que cinq d\u00e9c\u00e8s avaient \u00e9t\u00e9 enregistr\u00e9s la veille, sans compter d\u2019autres r\u00e9gions.<\/p>\n\n\n\n<p class=\"wp-block-paragraph\">Le p\u00e9rim\u00e8tre exact de ces d\u00e9c\u00e8s et leurs causes doivent encore \u00eatre \u00e9tablis. Mais c\u2019est pr\u00e9cis\u00e9ment pour cette raison que le silence des autorit\u00e9s n\u2019est plus acceptable.<\/p>\n\n\n\n<h2 class=\"wp-block-heading\">L\u2019\u00c9tat ne peut d\u00e9tenir quelqu\u2019un sans garantir sa vie<\/h2>\n\n\n\n<p class=\"wp-block-paragraph\">Une personne d\u00e9tenue d\u00e9pend enti\u00e8rement de l\u2019administration pour&nbsp;l\u2019eau, l\u2019\u00e9lectricit\u00e9, l\u2019a\u00e9ration, l\u2019alimentation, les m\u00e9dicaments, les soins et le transfert vers un h\u00f4pital. Elle ne peut pas quitter sa cellule parce qu\u2019il fait trop chaud ni chercher elle-m\u00eame de quoi se prot\u00e9ger.<\/p>\n\n\n\n<p class=\"wp-block-paragraph\">L\u2019\u00c9tat qui prive une personne de libert\u00e9 assume donc envers elle une obligation particuli\u00e8re de protection.<\/p>\n\n\n\n<p class=\"wp-block-paragraph\">La peine prononc\u00e9e par un tribunal est la privation de libert\u00e9. Elle ne comprend ni la privation d\u2019eau, ni la chaleur insupportable, ni les violences, ni la n\u00e9gligence m\u00e9dicale, ni l\u2019exposition \u00e0 un risque mortel \u00e9vitable.<\/p>\n\n\n\n<p class=\"wp-block-paragraph\">Le d\u00e9tenu conserve pleinement son droit&nbsp;\u00e0 la vie, \u00e0 l\u2019int\u00e9grit\u00e9 physique, \u00e0 l\u2019eau, aux soins, \u00e0 la dignit\u00e9 et \u00e0 la protection contre les traitements cruels, inhumains ou d\u00e9gradants.<\/p>\n\n\n\n<h2 class=\"wp-block-heading\">Ouvrir les prisons au contr\u00f4le ind\u00e9pendant<\/h2>\n\n\n\n<ul class=\"wp-block-list\"><\/ul>\n\n\n\n<p class=\"wp-block-paragraph\">L\u2019administration p\u00e9nitentiaire affirme disposer de groupes \u00e9lectrog\u00e8nes, de citernes de secours et de dispositifs permettant d\u2019assurer la continuit\u00e9 de l\u2019approvisionnement en eau et en \u00e9lectricit\u00e9. Elle affirme \u00e9galement que les d\u00e9tenus sont pris en charge m\u00e9dicalement et transf\u00e9r\u00e9s vers les h\u00f4pitaux lorsque leur \u00e9tat l\u2019exige. Ces affirmations doivent pouvoir \u00eatre v\u00e9rifi\u00e9es.<\/p>\n\n\n\n<p class=\"wp-block-paragraph\">Or, au moment m\u00eame o\u00f9 les d\u00e9c\u00e8s et les alertes se multiplient,&nbsp;la LTDH rencontre des obstacles pour visiter les \u00e9tablissements p\u00e9nitentiaires. Une d\u00e9l\u00e9gation a notamment \u00e9t\u00e9 emp\u00each\u00e9e d\u2019acc\u00e9der \u00e0 la prison de Messadine le 21 juillet, alors qu\u2019un m\u00e9morandum d\u2019entente sign\u00e9 en 2015 avec le minist\u00e8re de la Justice avait pr\u00e9cis\u00e9ment institu\u00e9 un m\u00e9canisme de visites ind\u00e9pendantes.<\/p>\n\n\n\n<p class=\"wp-block-paragraph\">Si les autorit\u00e9s affirment que les conditions sont conformes au droit, elles doivent ouvrir les prisons au contr\u00f4le ind\u00e9pendant.<\/p>\n\n\n\n<p class=\"wp-block-paragraph\">Le CRLDHT demande :<\/p>\n\n\n\n<p class=\"wp-block-paragraph\">1- la publication imm\u00e9diate d\u2019un bilan national exhaustif des d\u00e9c\u00e8s en d\u00e9tention depuis le 1er juillet 2026, \u00e9tablissement par \u00e9tablissement&nbsp;;<\/p>\n\n\n\n<p class=\"wp-block-paragraph\">2- la clarification imm\u00e9diate des cinq d\u00e9c\u00e8s signal\u00e9s fin ao\u00fbt dans les prisons du Grand Tunis, avec identification des personnes concern\u00e9es et des circonstances exactes&nbsp;;<\/p>\n\n\n\n<p class=\"wp-block-paragraph\">3- l\u2019ouverture d\u2019enqu\u00eates ind\u00e9pendantes&nbsp;sur tous les d\u00e9c\u00e8s suspects, notamment ceux de Hamza Dridi, Ali Bejaoui, Ali Ben El Tijani Ben Mohamed El Mansi et Salem Karmous.<\/p>\n\n\n\n<p class=\"wp-block-paragraph\">4- la communication aux familles des conclusions m\u00e9dico-l\u00e9gales et des rapports d\u2019autopsie, ainsi que l\u2019acc\u00e8s aux dossiers m\u00e9dicaux.<\/p>\n\n\n\n<p class=\"wp-block-paragraph\">5- la publication par le minist\u00e8re de la Sant\u00e9 des donn\u00e9es relatives \u00e0 la canicule&nbsp;: d\u00e9c\u00e8s, hospitalisations, admissions en r\u00e9animation et transferts de d\u00e9tenus.<\/p>\n\n\n\n<p class=\"wp-block-paragraph\">6- des mesures d\u2019urgence dans toutes les prisons&nbsp;: acc\u00e8s permanent \u00e0 l\u2019eau potable, \u00e9lectricit\u00e9, ventilation, soins m\u00e9dicaux et protection particuli\u00e8re des personnes \u00e2g\u00e9es, malades ou vuln\u00e9rables&nbsp;;<\/p>\n\n\n\n<p class=\"wp-block-paragraph\">&#8211; des inspections ind\u00e9pendantes et inopin\u00e9es&nbsp;des \u00e9tablissements p\u00e9nitentiaires&nbsp;;<\/p>\n\n\n\n<p class=\"wp-block-paragraph\">7- la lev\u00e9e imm\u00e9diate des entraves aux visites de la LTDH&nbsp;et le respect du m\u00e9morandum de 2015&nbsp;;<\/p>\n\n\n\n<p class=\"wp-block-paragraph\">8- l\u2019identification des responsabilit\u00e9s administratives, politiques ou p\u00e9nales&nbsp;chaque fois qu\u2019une faute, une n\u00e9gligence ou une violence ayant contribu\u00e9 \u00e0 un d\u00e9c\u00e8s est \u00e9tablie&nbsp;;<\/p>\n\n\n\n<p class=\"wp-block-paragraph\">9- des mesures urgentes contre la surpopulation carc\u00e9rale, notamment par un r\u00e9examen de la d\u00e9tention provisoire et le d\u00e9veloppement des alternatives \u00e0 l\u2019incarc\u00e9ration.<\/p>\n\n\n\n<p class=\"wp-block-paragraph\">Les familles ont droit \u00e0 la v\u00e9rit\u00e9.<\/p>\n\n\n\n<p class=\"wp-block-paragraph\">Les d\u00e9tenus ont droit \u00e0 la dignit\u00e9.<\/p>\n\n\n\n<p class=\"wp-block-paragraph\">Et, avant toute chose, ils ont droit \u00e0 la vie.<\/p>\n\n\n\n<p class=\"has-text-align-right wp-block-paragraph\"><strong><em>Paris, le 30 ao\u00fbt 2026<\/em><\/strong><\/p>\n\n\n\n<p class=\"wp-block-paragraph\"><\/p>\n","protected":false},"excerpt":{"rendered":"<p>\u00abL\u2019\u00c9tat doit garantir la vie des personnes qu\u2019il d\u00e9tient\u00bb, affirme une organisation tunisienne de d\u00e9fense des droits humains.<\/p>\n","protected":false},"author":8,"featured_media":19547949,"comment_status":"open","ping_status":"open","sticky":false,"template":"","format":"standard","meta":{"footnotes":""},"categories":[997,998,2433],"tags":[101350,129941,3887,100515,97078,109673,129942,6566,62643],"class_list":["post-19547913","post","type-post","status-publish","format-standard","has-post-thumbnail","hentry","category-politique","category-societe","category-tunisie","tag-ali-bejaoui","tag-ali-el-mansi","tag-canicule","tag-coupures-deau-2","tag-coupures-delectricite-2","tag-crldht","tag-hamza-dridi","tag-prisonniers","tag-tunisie"],"yoast_head":"<!-- This site is optimized with the Yoast SEO plugin v26.6 - https:\/\/yoast.com\/wordpress\/plugins\/seo\/ -->\n<title>Tunisie | Pour le CRLDHT, l\u2019Etat est garant de la vie des d\u00e9tenus - Kapitalis<\/title>\n<meta name=\"description\" content=\"\u00abL\u2019\u00c9tat doit garantir la vie des personnes qu\u2019il d\u00e9tient\u00bb, affirme une organisation tunisienne de d\u00e9fense des droits humains.\" \/>\n<meta name=\"robots\" content=\"index, follow, max-snippet:-1, max-image-preview:large, max-video-preview:-1\" \/>\n<link rel=\"canonical\" href=\"https:\/\/kapitalis.com\/tunisie\/2026\/09\/01\/tunisie-pour-le-crldht-letat-est-garant-de-la-vie-des-detenus\/\" \/>\n<meta property=\"og:locale\" content=\"fr_FR\" \/>\n<meta property=\"og:type\" content=\"article\" \/>\n<meta property=\"og:title\" content=\"Tunisie | Pour le CRLDHT, l\u2019Etat est garant de la vie des d\u00e9tenus - Kapitalis\" \/>\n<meta property=\"og:description\" content=\"\u00abL\u2019\u00c9tat doit garantir la vie des personnes qu\u2019il d\u00e9tient\u00bb, affirme une organisation tunisienne de d\u00e9fense des droits humains.\" \/>\n<meta property=\"og:url\" content=\"https:\/\/kapitalis.com\/tunisie\/2026\/09\/01\/tunisie-pour-le-crldht-letat-est-garant-de-la-vie-des-detenus\/\" \/>\n<meta property=\"og:site_name\" content=\"Kapitalis\" \/>\n<meta property=\"article:publisher\" content=\"https:\/\/www.facebook.com\/KapitalisInfo\/\" \/>\n<meta property=\"article:published_time\" content=\"2026-09-01T06:55:29+00:00\" \/>\n<meta property=\"article:modified_time\" content=\"2026-09-01T06:55:31+00:00\" \/>\n<meta property=\"og:image\" content=\"https:\/\/kapitalis.com\/tunisie\/wp-content\/uploads\/2026\/09\/Prisonniers-1.jpg\" \/>\n\t<meta property=\"og:image:width\" content=\"1200\" \/>\n\t<meta property=\"og:image:height\" content=\"630\" \/>\n\t<meta property=\"og:image:type\" content=\"image\/jpeg\" \/>\n<meta name=\"author\" content=\"webmaster kapitalis\" \/>\n<meta name=\"twitter:card\" content=\"summary_large_image\" \/>\n<meta name=\"twitter:creator\" content=\"@KapitalisInfo\" \/>\n<meta name=\"twitter:site\" content=\"@KapitalisInfo\" \/>\n<meta name=\"twitter:label1\" content=\"\u00c9crit par\" \/>\n\t<meta name=\"twitter:data1\" content=\"webmaster kapitalis\" \/>\n\t<meta name=\"twitter:label2\" content=\"Dur\u00e9e de lecture estim\u00e9e\" \/>\n\t<meta name=\"twitter:data2\" content=\"7 minutes\" \/>\n<script type=\"application\/ld+json\" class=\"yoast-schema-graph\">{\"@context\":\"https:\/\/schema.org\",\"@graph\":[{\"@type\":\"Article\",\"@id\":\"https:\/\/kapitalis.com\/tunisie\/2026\/09\/01\/tunisie-pour-le-crldht-letat-est-garant-de-la-vie-des-detenus\/#article\",\"isPartOf\":{\"@id\":\"https:\/\/kapitalis.com\/tunisie\/2026\/09\/01\/tunisie-pour-le-crldht-letat-est-garant-de-la-vie-des-detenus\/\"},\"author\":{\"name\":\"webmaster kapitalis\",\"@id\":\"https:\/\/kapitalis.com\/tunisie\/#\/schema\/person\/d71f33a9ca44f7bad4698210b480c8e9\"},\"headline\":\"Tunisie | Pour le CRLDHT, l\u2019Etat est garant de la vie des d\u00e9tenus\",\"datePublished\":\"2026-09-01T06:55:29+00:00\",\"dateModified\":\"2026-09-01T06:55:31+00:00\",\"mainEntityOfPage\":{\"@id\":\"https:\/\/kapitalis.com\/tunisie\/2026\/09\/01\/tunisie-pour-le-crldht-letat-est-garant-de-la-vie-des-detenus\/\"},\"wordCount\":1595,\"commentCount\":0,\"publisher\":{\"@id\":\"https:\/\/kapitalis.com\/tunisie\/#organization\"},\"image\":{\"@id\":\"https:\/\/kapitalis.com\/tunisie\/2026\/09\/01\/tunisie-pour-le-crldht-letat-est-garant-de-la-vie-des-detenus\/#primaryimage\"},\"thumbnailUrl\":\"https:\/\/kapitalis.com\/tunisie\/wp-content\/uploads\/2026\/09\/Prisonniers-1.jpg\",\"keywords\":[\"Ali Bejaoui\",\"Ali El Mansi\",\"canicule\",\"coupures d\u2019eau\",\"Coupures d\u2019\u00e9lectricit\u00e9\",\"CRLDHT\",\"Hamza Dridi\",\"prisonniers\",\"Tunisie\"],\"articleSection\":[\"POLITIQUE\",\"SOCIETE\",\"Tunisie\"],\"inLanguage\":\"fr-FR\",\"potentialAction\":[{\"@type\":\"CommentAction\",\"name\":\"Comment\",\"target\":[\"https:\/\/kapitalis.com\/tunisie\/2026\/09\/01\/tunisie-pour-le-crldht-letat-est-garant-de-la-vie-des-detenus\/#respond\"]}]},{\"@type\":\"WebPage\",\"@id\":\"https:\/\/kapitalis.com\/tunisie\/2026\/09\/01\/tunisie-pour-le-crldht-letat-est-garant-de-la-vie-des-detenus\/\",\"url\":\"https:\/\/kapitalis.com\/tunisie\/2026\/09\/01\/tunisie-pour-le-crldht-letat-est-garant-de-la-vie-des-detenus\/\",\"name\":\"Tunisie | Pour le CRLDHT, l\u2019Etat est garant de la vie des d\u00e9tenus - Kapitalis\",\"isPartOf\":{\"@id\":\"https:\/\/kapitalis.com\/tunisie\/#website\"},\"primaryImageOfPage\":{\"@id\":\"https:\/\/kapitalis.com\/tunisie\/2026\/09\/01\/tunisie-pour-le-crldht-letat-est-garant-de-la-vie-des-detenus\/#primaryimage\"},\"image\":{\"@id\":\"https:\/\/kapitalis.com\/tunisie\/2026\/09\/01\/tunisie-pour-le-crldht-letat-est-garant-de-la-vie-des-detenus\/#primaryimage\"},\"thumbnailUrl\":\"https:\/\/kapitalis.com\/tunisie\/wp-content\/uploads\/2026\/09\/Prisonniers-1.jpg\",\"datePublished\":\"2026-09-01T06:55:29+00:00\",\"dateModified\":\"2026-09-01T06:55:31+00:00\",\"description\":\"\u00abL\u2019\u00c9tat doit garantir la vie des personnes qu\u2019il d\u00e9tient\u00bb, affirme une organisation tunisienne de d\u00e9fense des droits humains.\",\"breadcrumb\":{\"@id\":\"https:\/\/kapitalis.com\/tunisie\/2026\/09\/01\/tunisie-pour-le-crldht-letat-est-garant-de-la-vie-des-detenus\/#breadcrumb\"},\"inLanguage\":\"fr-FR\",\"potentialAction\":[{\"@type\":\"ReadAction\",\"target\":[\"https:\/\/kapitalis.com\/tunisie\/2026\/09\/01\/tunisie-pour-le-crldht-letat-est-garant-de-la-vie-des-detenus\/\"]}]},{\"@type\":\"ImageObject\",\"inLanguage\":\"fr-FR\",\"@id\":\"https:\/\/kapitalis.com\/tunisie\/2026\/09\/01\/tunisie-pour-le-crldht-letat-est-garant-de-la-vie-des-detenus\/#primaryimage\",\"url\":\"https:\/\/kapitalis.com\/tunisie\/wp-content\/uploads\/2026\/09\/Prisonniers-1.jpg\",\"contentUrl\":\"https:\/\/kapitalis.com\/tunisie\/wp-content\/uploads\/2026\/09\/Prisonniers-1.jpg\",\"width\":1200,\"height\":630},{\"@type\":\"BreadcrumbList\",\"@id\":\"https:\/\/kapitalis.com\/tunisie\/2026\/09\/01\/tunisie-pour-le-crldht-letat-est-garant-de-la-vie-des-detenus\/#breadcrumb\",\"itemListElement\":[{\"@type\":\"ListItem\",\"position\":1,\"name\":\"Accueil\",\"item\":\"https:\/\/kapitalis.com\/tunisie\/\"},{\"@type\":\"ListItem\",\"position\":2,\"name\":\"Tunisie | Pour le CRLDHT, l\u2019Etat est garant de la vie des d\u00e9tenus\"}]},{\"@type\":\"WebSite\",\"@id\":\"https:\/\/kapitalis.com\/tunisie\/#website\",\"url\":\"https:\/\/kapitalis.com\/tunisie\/\",\"name\":\"Kapitalis\",\"description\":\"L&#039;actualit\u00e9 en Tunisie et dans le monde\",\"publisher\":{\"@id\":\"https:\/\/kapitalis.com\/tunisie\/#organization\"},\"potentialAction\":[{\"@type\":\"SearchAction\",\"target\":{\"@type\":\"EntryPoint\",\"urlTemplate\":\"https:\/\/kapitalis.com\/tunisie\/?s={search_term_string}\"},\"query-input\":{\"@type\":\"PropertyValueSpecification\",\"valueRequired\":true,\"valueName\":\"search_term_string\"}}],\"inLanguage\":\"fr-FR\"},{\"@type\":\"Organization\",\"@id\":\"https:\/\/kapitalis.com\/tunisie\/#organization\",\"name\":\"Kapitalis\",\"url\":\"https:\/\/kapitalis.com\/tunisie\/\",\"logo\":{\"@type\":\"ImageObject\",\"inLanguage\":\"fr-FR\",\"@id\":\"https:\/\/kapitalis.com\/tunisie\/#\/schema\/logo\/image\/\",\"url\":\"https:\/\/kapitalis.com\/tunisie\/wp-content\/uploads\/2022\/05\/Kapitalis-big-size.png\",\"contentUrl\":\"https:\/\/kapitalis.com\/tunisie\/wp-content\/uploads\/2022\/05\/Kapitalis-big-size.png\",\"width\":5000,\"height\":1500,\"caption\":\"Kapitalis\"},\"image\":{\"@id\":\"https:\/\/kapitalis.com\/tunisie\/#\/schema\/logo\/image\/\"},\"sameAs\":[\"https:\/\/www.facebook.com\/KapitalisInfo\/\",\"https:\/\/x.com\/KapitalisInfo\",\"https:\/\/www.youtube.com\/channel\/UC-yDYrHyfFBWWZaOw3FPg9Q\"]},{\"@type\":\"Person\",\"@id\":\"https:\/\/kapitalis.com\/tunisie\/#\/schema\/person\/d71f33a9ca44f7bad4698210b480c8e9\",\"name\":\"webmaster kapitalis\",\"url\":\"https:\/\/kapitalis.com\/tunisie\/author\/webmaster-kapitalis\/\"}]}<\/script>\n<!-- \/ Yoast SEO plugin. -->","yoast_head_json":{"title":"Tunisie | Pour le CRLDHT, l\u2019Etat est garant de la vie des d\u00e9tenus - Kapitalis","description":"\u00abL\u2019\u00c9tat doit garantir la vie des personnes qu\u2019il d\u00e9tient\u00bb, affirme une organisation tunisienne de d\u00e9fense des droits humains.","robots":{"index":"index","follow":"follow","max-snippet":"max-snippet:-1","max-image-preview":"max-image-preview:large","max-video-preview":"max-video-preview:-1"},"canonical":"https:\/\/kapitalis.com\/tunisie\/2026\/09\/01\/tunisie-pour-le-crldht-letat-est-garant-de-la-vie-des-detenus\/","og_locale":"fr_FR","og_type":"article","og_title":"Tunisie | Pour le CRLDHT, l\u2019Etat est garant de la vie des d\u00e9tenus - Kapitalis","og_description":"\u00abL\u2019\u00c9tat doit garantir la vie des personnes qu\u2019il d\u00e9tient\u00bb, affirme une organisation tunisienne de d\u00e9fense des droits humains.","og_url":"https:\/\/kapitalis.com\/tunisie\/2026\/09\/01\/tunisie-pour-le-crldht-letat-est-garant-de-la-vie-des-detenus\/","og_site_name":"Kapitalis","article_publisher":"https:\/\/www.facebook.com\/KapitalisInfo\/","article_published_time":"2026-09-01T06:55:29+00:00","article_modified_time":"2026-09-01T06:55:31+00:00","og_image":[{"width":1200,"height":630,"url":"https:\/\/kapitalis.com\/tunisie\/wp-content\/uploads\/2026\/09\/Prisonniers-1.jpg","type":"image\/jpeg"}],"author":"webmaster kapitalis","twitter_card":"summary_large_image","twitter_creator":"@KapitalisInfo","twitter_site":"@KapitalisInfo","twitter_misc":{"\u00c9crit par":"webmaster kapitalis","Dur\u00e9e de lecture estim\u00e9e":"7 minutes"},"schema":{"@context":"https:\/\/schema.org","@graph":[{"@type":"Article","@id":"https:\/\/kapitalis.com\/tunisie\/2026\/09\/01\/tunisie-pour-le-crldht-letat-est-garant-de-la-vie-des-detenus\/#article","isPartOf":{"@id":"https:\/\/kapitalis.com\/tunisie\/2026\/09\/01\/tunisie-pour-le-crldht-letat-est-garant-de-la-vie-des-detenus\/"},"author":{"name":"webmaster kapitalis","@id":"https:\/\/kapitalis.com\/tunisie\/#\/schema\/person\/d71f33a9ca44f7bad4698210b480c8e9"},"headline":"Tunisie | Pour le CRLDHT, l\u2019Etat est garant de la vie des d\u00e9tenus","datePublished":"2026-09-01T06:55:29+00:00","dateModified":"2026-09-01T06:55:31+00:00","mainEntityOfPage":{"@id":"https:\/\/kapitalis.com\/tunisie\/2026\/09\/01\/tunisie-pour-le-crldht-letat-est-garant-de-la-vie-des-detenus\/"},"wordCount":1595,"commentCount":0,"publisher":{"@id":"https:\/\/kapitalis.com\/tunisie\/#organization"},"image":{"@id":"https:\/\/kapitalis.com\/tunisie\/2026\/09\/01\/tunisie-pour-le-crldht-letat-est-garant-de-la-vie-des-detenus\/#primaryimage"},"thumbnailUrl":"https:\/\/kapitalis.com\/tunisie\/wp-content\/uploads\/2026\/09\/Prisonniers-1.jpg","keywords":["Ali Bejaoui","Ali El Mansi","canicule","coupures d\u2019eau","Coupures d\u2019\u00e9lectricit\u00e9","CRLDHT","Hamza Dridi","prisonniers","Tunisie"],"articleSection":["POLITIQUE","SOCIETE","Tunisie"],"inLanguage":"fr-FR","potentialAction":[{"@type":"CommentAction","name":"Comment","target":["https:\/\/kapitalis.com\/tunisie\/2026\/09\/01\/tunisie-pour-le-crldht-letat-est-garant-de-la-vie-des-detenus\/#respond"]}]},{"@type":"WebPage","@id":"https:\/\/kapitalis.com\/tunisie\/2026\/09\/01\/tunisie-pour-le-crldht-letat-est-garant-de-la-vie-des-detenus\/","url":"https:\/\/kapitalis.com\/tunisie\/2026\/09\/01\/tunisie-pour-le-crldht-letat-est-garant-de-la-vie-des-detenus\/","name":"Tunisie | Pour le CRLDHT, l\u2019Etat est garant de la vie des d\u00e9tenus - Kapitalis","isPartOf":{"@id":"https:\/\/kapitalis.com\/tunisie\/#website"},"primaryImageOfPage":{"@id":"https:\/\/kapitalis.com\/tunisie\/2026\/09\/01\/tunisie-pour-le-crldht-letat-est-garant-de-la-vie-des-detenus\/#primaryimage"},"image":{"@id":"https:\/\/kapitalis.com\/tunisie\/2026\/09\/01\/tunisie-pour-le-crldht-letat-est-garant-de-la-vie-des-detenus\/#primaryimage"},"thumbnailUrl":"https:\/\/kapitalis.com\/tunisie\/wp-content\/uploads\/2026\/09\/Prisonniers-1.jpg","datePublished":"2026-09-01T06:55:29+00:00","dateModified":"2026-09-01T06:55:31+00:00","description":"\u00abL\u2019\u00c9tat doit garantir la vie des personnes qu\u2019il d\u00e9tient\u00bb, affirme une organisation tunisienne de d\u00e9fense des droits humains.","breadcrumb":{"@id":"https:\/\/kapitalis.com\/tunisie\/2026\/09\/01\/tunisie-pour-le-crldht-letat-est-garant-de-la-vie-des-detenus\/#breadcrumb"},"inLanguage":"fr-FR","potentialAction":[{"@type":"ReadAction","target":["https:\/\/kapitalis.com\/tunisie\/2026\/09\/01\/tunisie-pour-le-crldht-letat-est-garant-de-la-vie-des-detenus\/"]}]},{"@type":"ImageObject","inLanguage":"fr-FR","@id":"https:\/\/kapitalis.com\/tunisie\/2026\/09\/01\/tunisie-pour-le-crldht-letat-est-garant-de-la-vie-des-detenus\/#primaryimage","url":"https:\/\/kapitalis.com\/tunisie\/wp-content\/uploads\/2026\/09\/Prisonniers-1.jpg","contentUrl":"https:\/\/kapitalis.com\/tunisie\/wp-content\/uploads\/2026\/09\/Prisonniers-1.jpg","width":1200,"height":630},{"@type":"BreadcrumbList","@id":"https:\/\/kapitalis.com\/tunisie\/2026\/09\/01\/tunisie-pour-le-crldht-letat-est-garant-de-la-vie-des-detenus\/#breadcrumb","itemListElement":[{"@type":"ListItem","position":1,"name":"Accueil","item":"https:\/\/kapitalis.com\/tunisie\/"},{"@type":"ListItem","position":2,"name":"Tunisie | Pour le CRLDHT, l\u2019Etat est garant de la vie des d\u00e9tenus"}]},{"@type":"WebSite","@id":"https:\/\/kapitalis.com\/tunisie\/#website","url":"https:\/\/kapitalis.com\/tunisie\/","name":"Kapitalis","description":"L&#039;actualit\u00e9 en Tunisie et dans le monde","publisher":{"@id":"https:\/\/kapitalis.com\/tunisie\/#organization"},"potentialAction":[{"@type":"SearchAction","target":{"@type":"EntryPoint","urlTemplate":"https:\/\/kapitalis.com\/tunisie\/?s={search_term_string}"},"query-input":{"@type":"PropertyValueSpecification","valueRequired":true,"valueName":"search_term_string"}}],"inLanguage":"fr-FR"},{"@type":"Organization","@id":"https:\/\/kapitalis.com\/tunisie\/#organization","name":"Kapitalis","url":"https:\/\/kapitalis.com\/tunisie\/","logo":{"@type":"ImageObject","inLanguage":"fr-FR","@id":"https:\/\/kapitalis.com\/tunisie\/#\/schema\/logo\/image\/","url":"https:\/\/kapitalis.com\/tunisie\/wp-content\/uploads\/2022\/05\/Kapitalis-big-size.png","contentUrl":"https:\/\/kapitalis.com\/tunisie\/wp-content\/uploads\/2022\/05\/Kapitalis-big-size.png","width":5000,"height":1500,"caption":"Kapitalis"},"image":{"@id":"https:\/\/kapitalis.com\/tunisie\/#\/schema\/logo\/image\/"},"sameAs":["https:\/\/www.facebook.com\/KapitalisInfo\/","https:\/\/x.com\/KapitalisInfo","https:\/\/www.youtube.com\/channel\/UC-yDYrHyfFBWWZaOw3FPg9Q"]},{"@type":"Person","@id":"https:\/\/kapitalis.com\/tunisie\/#\/schema\/person\/d71f33a9ca44f7bad4698210b480c8e9","name":"webmaster kapitalis","url":"https:\/\/kapitalis.com\/tunisie\/author\/webmaster-kapitalis\/"}]}},"_links":{"self":[{"href":"https:\/\/kapitalis.com\/tunisie\/wp-json\/wp\/v2\/posts\/19547913","targetHints":{"allow":["GET"]}}],"collection":[{"href":"https:\/\/kapitalis.com\/tunisie\/wp-json\/wp\/v2\/posts"}],"about":[{"href":"https:\/\/kapitalis.com\/tunisie\/wp-json\/wp\/v2\/types\/post"}],"author":[{"embeddable":true,"href":"https:\/\/kapitalis.com\/tunisie\/wp-json\/wp\/v2\/users\/8"}],"replies":[{"embeddable":true,"href":"https:\/\/kapitalis.com\/tunisie\/wp-json\/wp\/v2\/comments?post=19547913"}],"version-history":[{"count":1,"href":"https:\/\/kapitalis.com\/tunisie\/wp-json\/wp\/v2\/posts\/19547913\/revisions"}],"predecessor-version":[{"id":19547964,"href":"https:\/\/kapitalis.com\/tunisie\/wp-json\/wp\/v2\/posts\/19547913\/revisions\/19547964"}],"wp:featuredmedia":[{"embeddable":true,"href":"https:\/\/kapitalis.com\/tunisie\/wp-json\/wp\/v2\/media\/19547949"}],"wp:attachment":[{"href":"https:\/\/kapitalis.com\/tunisie\/wp-json\/wp\/v2\/media?parent=19547913"}],"wp:term":[{"taxonomy":"category","embeddable":true,"href":"https:\/\/kapitalis.com\/tunisie\/wp-json\/wp\/v2\/categories?post=19547913"},{"taxonomy":"post_tag","embeddable":true,"href":"https:\/\/kapitalis.com\/tunisie\/wp-json\/wp\/v2\/tags?post=19547913"}],"curies":[{"name":"wp","href":"https:\/\/api.w.org\/{rel}","templated":true}]}}