{"id":19548125,"date":"2026-09-01T08:55:22","date_gmt":"2026-09-01T07:55:22","guid":{"rendered":"https:\/\/kapitalis.com\/tunisie\/?p=19548125"},"modified":"2026-09-01T08:55:25","modified_gmt":"2026-09-01T07:55:25","slug":"tunisie-les-erreurs-dhier-limpuissance-daujourdhui","status":"publish","type":"post","link":"https:\/\/kapitalis.com\/tunisie\/2026\/09\/01\/tunisie-les-erreurs-dhier-limpuissance-daujourdhui\/","title":{"rendered":"Tunisie | Les erreurs d&rsquo;hier, l\u2019impuissance d\u2019aujourd\u2019hui"},"content":{"rendered":"\n<p class=\"wp-block-paragraph\"><strong><em>La crise tunisienne nourrit une tentation famili\u00e8re : regarder le pass\u00e9 comme un \u00e2ge de stabilit\u00e9, d\u2019ordre et de prosp\u00e9rit\u00e9 relative. Face aux difficult\u00e9s \u00e9conomiques, \u00e0 la d\u00e9gradation des services publics, \u00e0 la fatigue d\u00e9mocratique et au sentiment d\u2019impuissance qui traverse le pays, les ann\u00e9es Bourguiba et Ben Ali peuvent appara\u00eetre, r\u00e9trospectivement, comme des p\u00e9riodes plus lisibles et plus protectrices.<\/em><\/strong><\/p>\n\n\n\n<p class=\"wp-block-paragraph\"><strong>Ali Guidara *<\/strong><\/p>\n\n\n\n<!--more-->\n\n\n<div class=\"wp-block-image\">\n<figure class=\"alignleft size-full is-resized\"><img loading=\"lazy\" decoding=\"async\" width=\"341\" height=\"512\" src=\"https:\/\/kapitalis.com\/tunisie\/wp-content\/uploads\/2026\/07\/Ali-Guidara-2.png\" alt=\"\" class=\"wp-image-19296482\" style=\"width:200px;height:auto\" srcset=\"https:\/\/kapitalis.com\/tunisie\/wp-content\/uploads\/2026\/07\/Ali-Guidara-2.png 341w, https:\/\/kapitalis.com\/tunisie\/wp-content\/uploads\/2026\/07\/Ali-Guidara-2-200x300.png 200w\" sizes=\"auto, (max-width: 341px) 100vw, 341px\" \/><\/figure>\n<\/div>\n\n\n<p class=\"wp-block-paragraph\">Cette nostalgie confond pourtant souvent l\u2019absence de bruit avec l\u2019absence de blocage. La Tunisie d\u2019aujourd&rsquo;hui n\u2019est pas n\u00e9e du seul d\u00e9sordre de la transition d\u00e9mocratique. Elle est aussi l\u2019h\u00e9riti\u00e8re de fragilit\u00e9s politiques, sociales et \u00e9conomiques constitu\u00e9es bien avant 2011.<\/p>\n\n\n\n<p class=\"wp-block-paragraph\">Reconna\u00eetre les r\u00e9alisations des pouvoirs pass\u00e9s ne signifie donc pas les absoudre. Cela suppose de tenir ensemble les acquis r\u00e9els et les failles profondes qu\u2019ils ont laiss\u00e9s derri\u00e8re eux.<\/p>\n\n\n\n<h2 class=\"wp-block-heading\">L\u2019\u00c9tat construit par le sommet<\/h2>\n\n\n\n<p class=\"wp-block-paragraph\">Sous Habib Bourguiba, la Tunisie ind\u00e9pendante a consolid\u00e9 un \u00c9tat moderne, une administration structur\u00e9e et un syst\u00e8me \u00e9ducatif ambitieux. Les progr\u00e8s accomplis en mati\u00e8re de sant\u00e9, de scolarisation et de droits des femmes, notamment avec l\u2019adoption du Code du statut personnel, demeurent des rep\u00e8res majeurs de l\u2019histoire nationale.<\/p>\n\n\n\n<p class=\"wp-block-paragraph\">Cette p\u00e9riode a \u00e9galement consolid\u00e9 l\u2019id\u00e9e d\u2019une citoyennet\u00e9 tunisienne et fourni au pays des instruments de modernisation dont il b\u00e9n\u00e9ficie encore. Mais la centralisation du pouvoir, le refus du pluralisme et la pr\u00e9\u00e9minence du parti-\u00c9tat ont limit\u00e9 l\u2019\u00e9mergence d&rsquo;une vie politique autonome.<\/p>\n\n\n\n<p class=\"wp-block-paragraph\">Surtout, les b\u00e9n\u00e9fices de cette modernisation n\u2019ont pas \u00e9t\u00e9 distribu\u00e9s de mani\u00e8re \u00e9quitable. Une partie importante de la population est demeur\u00e9e exclue des circuits de d\u00e9cision, de l\u2019acc\u00e8s aux opportunit\u00e9s \u00e9conomiques et de la redistribution des richesses. La concentration progressive des ressources entre les mains d\u2019une bourgeoisie urbaine et de groupes proches du pouvoir a nourri un sentiment durable de rel\u00e9gation.<\/p>\n\n\n\n<p class=\"wp-block-paragraph\">Pour les cat\u00e9gories populaires, les r\u00e9gions de l\u2019int\u00e9rieur et les groupes \u00e9loign\u00e9s des r\u00e9seaux administratifs ou politiques, cette exclusion a fini par an\u00e9antir l\u2019espoir d\u2019un changement accessible par les voies ordinaires. Lorsque les institutions ne permettent pas l\u2019expression de la contestation, l\u2019immobilit\u00e9 politique cesse d\u2019appara\u00eetre comme une stabilit\u00e9 : elle devient une forme d\u2019enfermement.<\/p>\n\n\n\n<p class=\"wp-block-paragraph\">Le mod\u00e8le de d\u00e9veloppement a, lui aussi, produit des d\u00e9s\u00e9quilibres durables. Il a favoris\u00e9 le littoral, Tunis et les zones int\u00e9gr\u00e9es au tourisme ou \u00e0 l\u2019industrie, tandis que de nombreuses r\u00e9gions de l\u2019int\u00e9rieur demeuraient \u00e0 l\u2019\u00e9cart des investissements, des infrastructures et des opportunit\u00e9s.<\/p>\n\n\n\n<p class=\"wp-block-paragraph\">L\u2019\u00c9tat s\u2019est renforc\u00e9 sans que cette puissance s\u2019accompagne d\u2019un contr\u00f4le citoyen v\u00e9ritable, d\u2019un \u00e9quilibre territorial durable ou d\u2019un renouvellement suffisant des \u00e9lites capables de d\u00e9mocratiser le pays et le rendre \u00e9quitable. Une partie des fragilit\u00e9s actuelles se trouve dans cette contradiction : un appareil \u00e9tatique relativement fort, mais une soci\u00e9t\u00e9 longtemps priv\u00e9e des moyens de participer \u00e0 la d\u00e9finition et au contr\u00f4le de l&rsquo;action publique.<\/p>\n\n\n\n<figure class=\"wp-block-embed alignleft is-type-wp-embed is-provider-kapitalis wp-block-embed-kapitalis\"><div class=\"wp-block-embed__wrapper\">\n<blockquote class=\"wp-embedded-content\" data-secret=\"biDrP4EYv7\"><a href=\"https:\/\/kapitalis.com\/tunisie\/2026\/08\/18\/la-tunisie-et-le-spectre-du-sous-developpement\/\">La Tunisie et le spectre du sous-d\u00e9veloppement<\/a><\/blockquote><iframe loading=\"lazy\" class=\"wp-embedded-content\" sandbox=\"allow-scripts\" security=\"restricted\" style=\"position: absolute; visibility: hidden;\" title=\"\u00ab\u00a0La Tunisie et le spectre du sous-d\u00e9veloppement\u00a0\u00bb \u2014 Kapitalis\" src=\"https:\/\/kapitalis.com\/tunisie\/2026\/08\/18\/la-tunisie-et-le-spectre-du-sous-developpement\/embed\/#?secret=WaZaJyM1Sy#?secret=biDrP4EYv7\" data-secret=\"biDrP4EYv7\" width=\"600\" height=\"338\" frameborder=\"0\" marginwidth=\"0\" marginheight=\"0\" scrolling=\"no\"><\/iframe>\n<\/div><\/figure>\n\n\n\n<h2 class=\"wp-block-heading\">La stabilit\u00e9 comme fa\u00e7ade<\/h2>\n\n\n\n<p class=\"wp-block-paragraph\">Le r\u00e9gime de Zine El-Abidine Ben Ali a prolong\u00e9 cette architecture tout en la durcissant. Il a entretenu l\u2019image d\u2019un pays stable, ouvert aux investissements et tourn\u00e9 vers la croissance. Une partie de la population a effectivement connu une am\u00e9lioration de ses conditions mat\u00e9rielles, particuli\u00e8rement dans les grands centres urbains et les secteurs li\u00e9s au tourisme, aux services ou \u00e0 l\u2019exportation.<\/p>\n\n\n\n<p class=\"wp-block-paragraph\">Mais cette stabilit\u00e9 reposait sur des fondations fragiles. L\u2019\u00e9conomie demeurait d\u00e9pendante de secteurs expos\u00e9s et insuffisamment cr\u00e9ateurs de valeur et d\u2019emplois. L\u2019acc\u00e8s aux march\u00e9s, aux autorisations, au cr\u00e9dit et aux opportunit\u00e9s \u00e9conomiques \u00e9tait souvent conditionn\u00e9 par la proximit\u00e9 avec le pouvoir.<\/p>\n\n\n\n<p class=\"wp-block-paragraph\">Cette confiscation des opportunit\u00e9s a progressivement atteint des proportions in\u00e9dites. Une \u00e9tude de la Banque mondiale a montr\u00e9 que 220 entreprises li\u00e9es au clan pr\u00e9sidentiel, qui repr\u00e9sentaient moins de 1 % de l\u2019emploi salari\u00e9, captaient \u00e0 elles seules 21 % des profits du secteur priv\u00e9 tunisien entre 1996 et 2010 \u2013 une emprise \u00e9conomique qui s\u2019\u00e9tendait aux secteurs les plus strat\u00e9giques du pays. Cette concentration des richesses r\u00e9duisait consid\u00e9rablement l\u2019acc\u00e8s des entrepreneurs et des citoyens aux ressources et aux opportunit\u00e9s \u00e9conomiques. Le n\u00e9potisme, le client\u00e9lisme et la corruption ne relevaient donc pas de pratiques marginales : ils participaient au fonctionnement m\u00eame du syst\u00e8me.<\/p>\n\n\n\n<p class=\"wp-block-paragraph\">La r\u00e9pression emp\u00eachait, quant \u00e0 elle, les frustrations sociales, professionnelles et territoriales de trouver une expression politique organis\u00e9e. Le soul\u00e8vement de 2010-2011 n\u2019a donc pas surgi d\u2019un vide. Il a rendu visibles des tensions accumul\u00e9es pendant des d\u00e9cennies.<\/p>\n\n\n\n<h2 class=\"wp-block-heading\">La promesse inachev\u00e9e de 2011<\/h2>\n\n\n\n<p class=\"wp-block-paragraph\">La r\u00e9volution a ouvert un espace politique in\u00e9dit. Elle a rendu possibles le pluralisme, la libert\u00e9 de parole, les \u00e9lections comp\u00e9titives et l\u2019\u00e9mergence d\u2019une soci\u00e9t\u00e9 civile plus active. Mais elle n\u2019a pas effac\u00e9 l\u2019h\u00e9ritage administratif, \u00e9conomique et social du pass\u00e9. Les gouvernements successifs ont d\u00fb composer avec un \u00c9tat fragilis\u00e9, des disparit\u00e9s r\u00e9gionales profondes, une \u00e9conomie travers\u00e9e par les rentes et les privil\u00e8ges, ainsi qu\u2019une administration peu pr\u00e9par\u00e9e \u00e0 une transformation politique de cette ampleur.<\/p>\n\n\n\n<p class=\"wp-block-paragraph\">L\u2019apr\u00e8s-2011 a produit ses propres impasses. L\u2019incomp\u00e9tence de plusieurs responsables, la persistance de pratiques client\u00e9listes, l\u2019incapacit\u00e9 \u00e0 contenir la corruption et les calculs partisans ont largement affaibli la confiance publique. Trop souvent, l\u2019action gouvernementale a \u00e9t\u00e9 soumise aux coalitions pr\u00e9caires, aux rivalit\u00e9s d\u2019appareil et aux int\u00e9r\u00eats de court terme. Les ambitions individuelles et les man\u0153uvres partisanes ont pris le pas sur la construction de compromis durables et sur la pr\u00e9paration de r\u00e9formes indispensables.<\/p>\n\n\n\n<p class=\"wp-block-paragraph\">La d\u00e9mocratie a permis \u00e0 des probl\u00e8mes longtemps \u00e9touff\u00e9s de s(exprimer. Elle n\u2019a pas toujours permis de les traiter avec la coh\u00e9rence, la continuit\u00e9 et la comp\u00e9tence n\u00e9cessaires.<\/p>\n\n\n\n<h2 class=\"wp-block-heading\">L\u2019autoritarisme n\u2019est pas une solution<\/h2>\n\n\n\n<p class=\"wp-block-paragraph\">Il serait pourtant trompeur de pr\u00e9senter ces d\u00e9faillances comme la d\u00e9monstration que l\u2019autoritarisme constituerait une r\u00e9ponse plus efficace. Les r\u00e9gimes autoritaires peuvent imposer le silence, acc\u00e9l\u00e9rer parfois certaines d\u00e9cisions et donner une impression d\u2019ordre. Mais ils emp\u00eachent aussi la correction des erreurs, favorisent les r\u00e9seaux de loyaut\u00e9 au d\u00e9triment du m\u00e9rite et concentrent les responsabilit\u00e9s jusqu\u2019\u00e0 rendre les institutions d\u00e9pendantes d\u2019un cercle \u00e9troit et souvent corrompu.<\/p>\n\n\n\n<p class=\"wp-block-paragraph\">Une stabilit\u00e9 qui ne repose ni sur l\u2019\u00e9quit\u00e9 territoriale, ni sur des institutions solides, ni sur le respect des droits et libert\u00e9s, ni sur une \u00e9conomie ouverte aux comp\u00e9tences et aux investisseurs demeure une stabilit\u00e9 pr\u00e9caire. Elle peut durer tant que la r\u00e9pression contient les tensions ; elle ne les r\u00e9sout pas.<\/p>\n\n\n\n<p class=\"wp-block-paragraph\">La nostalgie de l\u2019ordre oublie souvent le prix de cet ordre : l\u2019absence de transparence, l\u2019\u00e9touffement du pluralisme, la confiscation des libert\u00e9s et des opportunit\u00e9s, et l\u2019impossibilit\u00e9 de demander des comptes \u00e0 ceux qui gouvernent.<\/p>\n\n\n\n<h2 class=\"wp-block-heading\">Le pouvoir sans projet<\/h2>\n\n\n\n<p class=\"wp-block-paragraph\">La situation actuelle confirme la n\u00e9cessit\u00e9 de d\u00e9passer les oppositions simplistes entre le pass\u00e9 autoritaire et les d\u00e9sillusions de la transition. Le pouvoir en place semble r\u00e9pondre aux transformations du monde contemporain avec des r\u00e9flexes h\u00e9rit\u00e9s d\u2019une autre \u00e9poque : concentration du pouvoir, verticalit\u00e9 de la d\u00e9cision, m\u00e9fiance envers les contre-pouvoirs, suspicion \u00e0 l\u2019\u00e9gard de l\u2019expertise et conception d\u00e9fensive de l\u2019\u00c9tat-citadelle.<\/p>\n\n\n\n<p class=\"wp-block-paragraph\">La Tunisie doit pourtant affronter des mutations technologiques, climatiques, financi\u00e8res et g\u00e9opolitiques rapides. Elle doit retenir ses comp\u00e9tences, attirer des investissements, cr\u00e9er des emplois qualifi\u00e9s, moderniser ses services publics et restaurer la confiance dans les institutions. Gouverner ne peut plus consister \u00e0 reconduire des logiques d\u00e9pass\u00e9es ni \u00e0 pr\u00e9senter l\u2019\u00c9tat comme un instrument ferm\u00e9, centralis\u00e9 et enti\u00e8rement soumis \u00e0 la volont\u00e9 d\u2019un seul pouvoir.<\/p>\n\n\n\n<p class=\"wp-block-paragraph\">La Tunisie ne se rel\u00e8vera ni par la nostalgie ni par la r\u00e9p\u00e9tition des recettes qui l\u2019ont conduite \u00e0 l\u2019impasse. Elle ne pourra pas davantage sortir de la crise sous un pouvoir qui reconduit, en les aggravant, certains d\u00e9fauts des r\u00e9gimes ant\u00e9rieurs. \u00c0 cette d\u00e9rive s\u2019ajoute une faiblesse plus pr\u00e9occupante encore : l\u2019absence d\u2019un projet lisible pour r\u00e9pondre aux urgences concr\u00e8tes du pays et aux transformations du monde.<\/p>\n\n\n\n<figure class=\"wp-block-embed alignleft is-type-wp-embed is-provider-kapitalis wp-block-embed-kapitalis\"><div class=\"wp-block-embed__wrapper\">\n<blockquote class=\"wp-embedded-content\" data-secret=\"dLEmrsY1kd\"><a href=\"https:\/\/kapitalis.com\/tunisie\/2026\/07\/23\/tunisie-le-double-abandon-de-la-democratie\/\">Tunisie | Le double abandon de la d\u00e9mocratie<\/a><\/blockquote><iframe loading=\"lazy\" class=\"wp-embedded-content\" sandbox=\"allow-scripts\" security=\"restricted\" style=\"position: absolute; visibility: hidden;\" title=\"\u00ab\u00a0Tunisie | Le double abandon de la d\u00e9mocratie\u00a0\u00bb \u2014 Kapitalis\" src=\"https:\/\/kapitalis.com\/tunisie\/2026\/07\/23\/tunisie-le-double-abandon-de-la-democratie\/embed\/#?secret=7At5QBZ4sz#?secret=dLEmrsY1kd\" data-secret=\"dLEmrsY1kd\" width=\"600\" height=\"338\" frameborder=\"0\" marginwidth=\"0\" marginheight=\"0\" scrolling=\"no\"><\/iframe>\n<\/div><\/figure>\n\n\n\n<h2 class=\"wp-block-heading\">Une pr\u00e9sidence \u00e0 r\u00e9\u00e9quilibrer<\/h2>\n\n\n\n<p class=\"wp-block-paragraph\">La Constitution de 2022 \u2013 \u00e9labor\u00e9e sans v\u00e9ritable consultation \u2013 a renforc\u00e9 les pr\u00e9rogatives du pr\u00e9sident de la R\u00e9publique et r\u00e9duit les m\u00e9canismes de partage et de contr\u00f4le qui limitaient auparavant la concentration du pouvoir. Cette architecture institutionnelle pose une question centrale : comment pr\u00e9server la responsabilit\u00e9 d\u00e9mocratique lorsque l\u2019essentiel de l\u2019orientation politique, de la nomination du gouvernement et de l\u2019arbitrage institutionnel d\u00e9pend d\u2019un seul centre de d\u00e9cision, dans un syst\u00e8me o\u00f9 les contre-pouvoirs sont fortement affaiblis et o\u00f9 la souverainet\u00e9 populaire est r\u00e9duite \u00e0 un principe proclam\u00e9 plut\u00f4t qu\u2019\u00e0 une r\u00e9alit\u00e9 institutionnelle ?<\/p>\n\n\n\n<p class=\"wp-block-paragraph\">Le probl\u00e8me ne r\u00e9side pas seulement dans la personne qui occupe la fonction pr\u00e9sidentielle ; il est aussi, et peut-\u00eatre surtout, institutionnel. Un syst\u00e8me qui personnalise \u00e0 l&rsquo;exc\u00e8s le pouvoir nourrit l\u2019illusion de l\u2019homme providentiel et affaiblit les corps interm\u00e9diaires \u2013 partis, syndicats, associations, m\u00e9dias, justice, collectivit\u00e9s locales \u2013 qui devraient structurer la vie politique et contr\u00f4ler l\u2019ex\u00e9cutif.<\/p>\n\n\n\n<p class=\"wp-block-paragraph\">La question du mode de d\u00e9signation du chef de l\u2019\u00c9tat m\u00e9rite donc d\u2019\u00eatre pos\u00e9e. Une d\u00e9mocratie parlementaire renforc\u00e9e pourrait envisager une d\u00e9signation encadr\u00e9e du pr\u00e9sident et des pr\u00e9rogatives clairement d\u00e9limit\u00e9es, afin de rompre avec une tradition pr\u00e9sidentielle autocratique qui se reproduit de mani\u00e8re r\u00e9currente, \u00e0 la satisfaction de certains acteurs. Car il est sans doute plus confortable d\u2019avoir un interlocuteur unique, qu\u2019il est possible de mettre sous pression, que d\u2019avoir affaire \u00e0 un ensemble d\u2019institutions autonomes qui se partagent le pouvoir et se contr\u00f4lent mutuellement.<\/p>\n\n\n\n<p class=\"wp-block-paragraph\">Une telle r\u00e9forme devrait toutefois tirer les le\u00e7ons de la fragmentation parlementaire de la d\u00e9cennie 2011-2021 : la simple d\u00e9signation du chef de l\u2019\u00c9tat ne suffira pas sans un mode de scrutin propice \u00e0 des majorit\u00e9s stables et sans une r\u00e9elle discipline de coalition.<\/p>\n\n\n\n<p class=\"wp-block-paragraph\">Enfin, cette r\u00e9forme ne prendrait tout son sens que dans le cadre d\u2019un ensemble plus large : une justice ind\u00e9pendante, un Parlement dot\u00e9 de v\u00e9ritables pouvoirs de l\u00e9gislation et de contr\u00f4le, une administration professionnelle et impartiale, des collectivit\u00e9s locales autonomes et des m\u00e9canismes de contr\u00f4le accessibles aux citoyens.<\/p>\n\n\n\n<h2 class=\"wp-block-heading\">Ne pas confondre m\u00e9moire et r\u00e9habilitation<\/h2>\n\n\n\n<p class=\"wp-block-paragraph\">Critiquer les \u00e9checs de la transition d\u00e9mocratique, comme les impasses du pr\u00e9sent, est indispensable. Mais cette critique ne doit pas devenir une r\u00e9habilitation du pass\u00e9 autoritaire.<\/p>\n\n\n\n<p class=\"wp-block-paragraph\">Les acquis de l\u2019histoire tunisienne \u2013 l\u2019\u00c9tat, l\u2019\u00e9cole, la protection sociale et l\u2019\u00e9mancipation juridique des femmes \u2013 m\u00e9ritent d\u2019\u00eatre pr\u00e9serv\u00e9s et approfondis. En revanche, l\u2019opacit\u00e9, le centralisme, les privil\u00e8ges, la d\u00e9pendance \u00e9conomique, l\u2019exclusion sociale et l\u2019\u00e9touffement du pluralisme doivent \u00eatre identifi\u00e9s pour ce qu\u2019ils sont : non pas des garanties d\u2019ordre, mais une part des causes de la crise actuelle et de l\u2019affaiblissement de la conscience et de la participation citoyennes dans la vie politique.<\/p>\n\n\n\n<p class=\"wp-block-paragraph\">La Tunisie aura besoin d\u2019un \u00c9tat plus comp\u00e9tent, mais aussi plus ouvert ; plus exigeant, mais plus juste ; plus strat\u00e9gique, mais moins captif des int\u00e9r\u00eats particuliers. Surtout, elle devra rendre \u00e0 la comp\u00e9tence, \u00e0 l\u2019int\u00e9grit\u00e9 et \u00e0 l\u2019action publique leur place centrale. C\u2019est \u00e0 cette condition seulement qu\u2019elle pourra sortir du face-\u00e0-face st\u00e9rile entre la nostalgie d\u2019un pass\u00e9 id\u00e9alis\u00e9 et l\u2019impuissance d\u2019un pr\u00e9sent sans cap.<\/p>\n\n\n\n<p class=\"wp-block-paragraph\"><em>\u00a0Docteur en politiques publiques<\/em>.<\/p>\n\n\n\n<figure class=\"wp-block-embed alignleft is-type-wp-embed is-provider-kapitalis wp-block-embed-kapitalis\"><div class=\"wp-block-embed__wrapper\">\n<blockquote class=\"wp-embedded-content\" data-secret=\"XhM7Ho79ob\"><a href=\"https:\/\/kapitalis.com\/tunisie\/2026\/07\/25\/tunisie-le-piege-du-presidentialisme\/\">Tunisie | Le pi\u00e8ge du pr\u00e9sidentialisme<\/a><\/blockquote><iframe loading=\"lazy\" class=\"wp-embedded-content\" sandbox=\"allow-scripts\" security=\"restricted\" style=\"position: absolute; visibility: hidden;\" title=\"\u00ab\u00a0Tunisie | Le pi\u00e8ge du pr\u00e9sidentialisme\u00a0\u00bb \u2014 Kapitalis\" src=\"https:\/\/kapitalis.com\/tunisie\/2026\/07\/25\/tunisie-le-piege-du-presidentialisme\/embed\/#?secret=aqAgq24lbO#?secret=XhM7Ho79ob\" data-secret=\"XhM7Ho79ob\" width=\"600\" height=\"338\" frameborder=\"0\" marginwidth=\"0\" marginheight=\"0\" scrolling=\"no\"><\/iframe>\n<\/div><\/figure>\n","protected":false},"excerpt":{"rendered":"<p>La Tunisie fait face aujourd&rsquo;hui aux difficult\u00e9s \u00e9conomiques, \u00e0 la d\u00e9gradation des services publics, \u00e0 la fatigue d\u00e9mocratique et au sentiment d\u2019impuissance. <\/p>\n","protected":false},"author":8,"featured_media":18157566,"comment_status":"open","ping_status":"open","sticky":false,"template":"","format":"standard","meta":{"footnotes":""},"categories":[992,997,1000,2433],"tags":[129435,85564,1313,2358,3236,62643,129943],"class_list":["post-19548125","post","type-post","status-publish","format-standard","has-post-thumbnail","hentry","category-a-la-une","category-politique","category-tribune","category-tunisie","tag-ali-guidara","tag-autocratie","tag-crise","tag-habib-bourguiba","tag-transition-democratique","tag-tunisie","tag-zine-el-abudine-ben-ali"],"yoast_head":"<!-- This site is optimized with the Yoast SEO plugin v26.6 - https:\/\/yoast.com\/wordpress\/plugins\/seo\/ -->\n<title>Tunisie | Les erreurs d&#039;hier, l\u2019impuissance d\u2019aujourd\u2019hui - Kapitalis<\/title>\n<meta name=\"description\" content=\"La Tunisie fait face aujourd&#039;hui aux difficult\u00e9s \u00e9conomiques, \u00e0 la fatigue d\u00e9mocratique et au sentiment d\u2019impuissance.\" \/>\n<meta name=\"robots\" content=\"index, follow, max-snippet:-1, max-image-preview:large, max-video-preview:-1\" \/>\n<link rel=\"canonical\" href=\"https:\/\/kapitalis.com\/tunisie\/2026\/09\/01\/tunisie-les-erreurs-dhier-limpuissance-daujourdhui\/\" \/>\n<meta property=\"og:locale\" content=\"fr_FR\" \/>\n<meta property=\"og:type\" content=\"article\" \/>\n<meta property=\"og:title\" content=\"Tunisie | Les erreurs d&#039;hier, l\u2019impuissance d\u2019aujourd\u2019hui - Kapitalis\" \/>\n<meta property=\"og:description\" content=\"La Tunisie fait face aujourd&#039;hui aux difficult\u00e9s \u00e9conomiques, \u00e0 la fatigue d\u00e9mocratique et au sentiment d\u2019impuissance.\" \/>\n<meta property=\"og:url\" content=\"https:\/\/kapitalis.com\/tunisie\/2026\/09\/01\/tunisie-les-erreurs-dhier-limpuissance-daujourdhui\/\" \/>\n<meta property=\"og:site_name\" content=\"Kapitalis\" \/>\n<meta property=\"article:publisher\" content=\"https:\/\/www.facebook.com\/KapitalisInfo\/\" \/>\n<meta property=\"article:published_time\" content=\"2026-09-01T07:55:22+00:00\" \/>\n<meta property=\"article:modified_time\" content=\"2026-09-01T07:55:25+00:00\" \/>\n<meta property=\"og:image\" content=\"https:\/\/kapitalis.com\/tunisie\/wp-content\/uploads\/2025\/12\/Bourguiba-Ben-Ali-Saied.jpg\" \/>\n\t<meta property=\"og:image:width\" content=\"1200\" \/>\n\t<meta property=\"og:image:height\" content=\"630\" \/>\n\t<meta property=\"og:image:type\" content=\"image\/jpeg\" \/>\n<meta name=\"author\" content=\"webmaster kapitalis\" \/>\n<meta name=\"twitter:card\" content=\"summary_large_image\" \/>\n<meta name=\"twitter:creator\" content=\"@KapitalisInfo\" \/>\n<meta name=\"twitter:site\" content=\"@KapitalisInfo\" \/>\n<meta name=\"twitter:label1\" content=\"\u00c9crit par\" \/>\n\t<meta name=\"twitter:data1\" content=\"webmaster kapitalis\" \/>\n\t<meta name=\"twitter:label2\" content=\"Dur\u00e9e de lecture estim\u00e9e\" \/>\n\t<meta name=\"twitter:data2\" content=\"10 minutes\" \/>\n<script type=\"application\/ld+json\" class=\"yoast-schema-graph\">{\"@context\":\"https:\/\/schema.org\",\"@graph\":[{\"@type\":\"Article\",\"@id\":\"https:\/\/kapitalis.com\/tunisie\/2026\/09\/01\/tunisie-les-erreurs-dhier-limpuissance-daujourdhui\/#article\",\"isPartOf\":{\"@id\":\"https:\/\/kapitalis.com\/tunisie\/2026\/09\/01\/tunisie-les-erreurs-dhier-limpuissance-daujourdhui\/\"},\"author\":{\"name\":\"webmaster kapitalis\",\"@id\":\"https:\/\/kapitalis.com\/tunisie\/#\/schema\/person\/d71f33a9ca44f7bad4698210b480c8e9\"},\"headline\":\"Tunisie | Les erreurs d&rsquo;hier, l\u2019impuissance d\u2019aujourd\u2019hui\",\"datePublished\":\"2026-09-01T07:55:22+00:00\",\"dateModified\":\"2026-09-01T07:55:25+00:00\",\"mainEntityOfPage\":{\"@id\":\"https:\/\/kapitalis.com\/tunisie\/2026\/09\/01\/tunisie-les-erreurs-dhier-limpuissance-daujourdhui\/\"},\"wordCount\":2072,\"commentCount\":1,\"publisher\":{\"@id\":\"https:\/\/kapitalis.com\/tunisie\/#organization\"},\"image\":{\"@id\":\"https:\/\/kapitalis.com\/tunisie\/2026\/09\/01\/tunisie-les-erreurs-dhier-limpuissance-daujourdhui\/#primaryimage\"},\"thumbnailUrl\":\"https:\/\/kapitalis.com\/tunisie\/wp-content\/uploads\/2025\/12\/Bourguiba-Ben-Ali-Saied.jpg\",\"keywords\":[\"Ali Guidara\",\"autocratie\",\"crise\",\"Habib Bourguiba\",\"transition d\u00e9mocratique\",\"Tunisie\",\"Zine El Abudine Ben Ali\"],\"articleSection\":[\"A LA UNE\",\"POLITIQUE\",\"TRIBUNE\",\"Tunisie\"],\"inLanguage\":\"fr-FR\",\"potentialAction\":[{\"@type\":\"CommentAction\",\"name\":\"Comment\",\"target\":[\"https:\/\/kapitalis.com\/tunisie\/2026\/09\/01\/tunisie-les-erreurs-dhier-limpuissance-daujourdhui\/#respond\"]}]},{\"@type\":\"WebPage\",\"@id\":\"https:\/\/kapitalis.com\/tunisie\/2026\/09\/01\/tunisie-les-erreurs-dhier-limpuissance-daujourdhui\/\",\"url\":\"https:\/\/kapitalis.com\/tunisie\/2026\/09\/01\/tunisie-les-erreurs-dhier-limpuissance-daujourdhui\/\",\"name\":\"Tunisie | Les erreurs d'hier, l\u2019impuissance d\u2019aujourd\u2019hui - Kapitalis\",\"isPartOf\":{\"@id\":\"https:\/\/kapitalis.com\/tunisie\/#website\"},\"primaryImageOfPage\":{\"@id\":\"https:\/\/kapitalis.com\/tunisie\/2026\/09\/01\/tunisie-les-erreurs-dhier-limpuissance-daujourdhui\/#primaryimage\"},\"image\":{\"@id\":\"https:\/\/kapitalis.com\/tunisie\/2026\/09\/01\/tunisie-les-erreurs-dhier-limpuissance-daujourdhui\/#primaryimage\"},\"thumbnailUrl\":\"https:\/\/kapitalis.com\/tunisie\/wp-content\/uploads\/2025\/12\/Bourguiba-Ben-Ali-Saied.jpg\",\"datePublished\":\"2026-09-01T07:55:22+00:00\",\"dateModified\":\"2026-09-01T07:55:25+00:00\",\"description\":\"La Tunisie fait face aujourd'hui aux difficult\u00e9s \u00e9conomiques, \u00e0 la fatigue d\u00e9mocratique et au sentiment d\u2019impuissance.\",\"breadcrumb\":{\"@id\":\"https:\/\/kapitalis.com\/tunisie\/2026\/09\/01\/tunisie-les-erreurs-dhier-limpuissance-daujourdhui\/#breadcrumb\"},\"inLanguage\":\"fr-FR\",\"potentialAction\":[{\"@type\":\"ReadAction\",\"target\":[\"https:\/\/kapitalis.com\/tunisie\/2026\/09\/01\/tunisie-les-erreurs-dhier-limpuissance-daujourdhui\/\"]}]},{\"@type\":\"ImageObject\",\"inLanguage\":\"fr-FR\",\"@id\":\"https:\/\/kapitalis.com\/tunisie\/2026\/09\/01\/tunisie-les-erreurs-dhier-limpuissance-daujourdhui\/#primaryimage\",\"url\":\"https:\/\/kapitalis.com\/tunisie\/wp-content\/uploads\/2025\/12\/Bourguiba-Ben-Ali-Saied.jpg\",\"contentUrl\":\"https:\/\/kapitalis.com\/tunisie\/wp-content\/uploads\/2025\/12\/Bourguiba-Ben-Ali-Saied.jpg\",\"width\":1200,\"height\":630},{\"@type\":\"BreadcrumbList\",\"@id\":\"https:\/\/kapitalis.com\/tunisie\/2026\/09\/01\/tunisie-les-erreurs-dhier-limpuissance-daujourdhui\/#breadcrumb\",\"itemListElement\":[{\"@type\":\"ListItem\",\"position\":1,\"name\":\"Accueil\",\"item\":\"https:\/\/kapitalis.com\/tunisie\/\"},{\"@type\":\"ListItem\",\"position\":2,\"name\":\"Tunisie | Les erreurs d&rsquo;hier, l\u2019impuissance d\u2019aujourd\u2019hui\"}]},{\"@type\":\"WebSite\",\"@id\":\"https:\/\/kapitalis.com\/tunisie\/#website\",\"url\":\"https:\/\/kapitalis.com\/tunisie\/\",\"name\":\"Kapitalis\",\"description\":\"L&#039;actualit\u00e9 en Tunisie et dans le monde\",\"publisher\":{\"@id\":\"https:\/\/kapitalis.com\/tunisie\/#organization\"},\"potentialAction\":[{\"@type\":\"SearchAction\",\"target\":{\"@type\":\"EntryPoint\",\"urlTemplate\":\"https:\/\/kapitalis.com\/tunisie\/?s={search_term_string}\"},\"query-input\":{\"@type\":\"PropertyValueSpecification\",\"valueRequired\":true,\"valueName\":\"search_term_string\"}}],\"inLanguage\":\"fr-FR\"},{\"@type\":\"Organization\",\"@id\":\"https:\/\/kapitalis.com\/tunisie\/#organization\",\"name\":\"Kapitalis\",\"url\":\"https:\/\/kapitalis.com\/tunisie\/\",\"logo\":{\"@type\":\"ImageObject\",\"inLanguage\":\"fr-FR\",\"@id\":\"https:\/\/kapitalis.com\/tunisie\/#\/schema\/logo\/image\/\",\"url\":\"https:\/\/kapitalis.com\/tunisie\/wp-content\/uploads\/2022\/05\/Kapitalis-big-size.png\",\"contentUrl\":\"https:\/\/kapitalis.com\/tunisie\/wp-content\/uploads\/2022\/05\/Kapitalis-big-size.png\",\"width\":5000,\"height\":1500,\"caption\":\"Kapitalis\"},\"image\":{\"@id\":\"https:\/\/kapitalis.com\/tunisie\/#\/schema\/logo\/image\/\"},\"sameAs\":[\"https:\/\/www.facebook.com\/KapitalisInfo\/\",\"https:\/\/x.com\/KapitalisInfo\",\"https:\/\/www.youtube.com\/channel\/UC-yDYrHyfFBWWZaOw3FPg9Q\"]},{\"@type\":\"Person\",\"@id\":\"https:\/\/kapitalis.com\/tunisie\/#\/schema\/person\/d71f33a9ca44f7bad4698210b480c8e9\",\"name\":\"webmaster kapitalis\",\"url\":\"https:\/\/kapitalis.com\/tunisie\/author\/webmaster-kapitalis\/\"}]}<\/script>\n<!-- \/ Yoast SEO plugin. -->","yoast_head_json":{"title":"Tunisie | Les erreurs d'hier, l\u2019impuissance d\u2019aujourd\u2019hui - Kapitalis","description":"La Tunisie fait face aujourd'hui aux difficult\u00e9s \u00e9conomiques, \u00e0 la fatigue d\u00e9mocratique et au sentiment d\u2019impuissance.","robots":{"index":"index","follow":"follow","max-snippet":"max-snippet:-1","max-image-preview":"max-image-preview:large","max-video-preview":"max-video-preview:-1"},"canonical":"https:\/\/kapitalis.com\/tunisie\/2026\/09\/01\/tunisie-les-erreurs-dhier-limpuissance-daujourdhui\/","og_locale":"fr_FR","og_type":"article","og_title":"Tunisie | Les erreurs d'hier, l\u2019impuissance d\u2019aujourd\u2019hui - Kapitalis","og_description":"La Tunisie fait face aujourd'hui aux difficult\u00e9s \u00e9conomiques, \u00e0 la fatigue d\u00e9mocratique et au sentiment d\u2019impuissance.","og_url":"https:\/\/kapitalis.com\/tunisie\/2026\/09\/01\/tunisie-les-erreurs-dhier-limpuissance-daujourdhui\/","og_site_name":"Kapitalis","article_publisher":"https:\/\/www.facebook.com\/KapitalisInfo\/","article_published_time":"2026-09-01T07:55:22+00:00","article_modified_time":"2026-09-01T07:55:25+00:00","og_image":[{"width":1200,"height":630,"url":"https:\/\/kapitalis.com\/tunisie\/wp-content\/uploads\/2025\/12\/Bourguiba-Ben-Ali-Saied.jpg","type":"image\/jpeg"}],"author":"webmaster kapitalis","twitter_card":"summary_large_image","twitter_creator":"@KapitalisInfo","twitter_site":"@KapitalisInfo","twitter_misc":{"\u00c9crit par":"webmaster kapitalis","Dur\u00e9e de lecture estim\u00e9e":"10 minutes"},"schema":{"@context":"https:\/\/schema.org","@graph":[{"@type":"Article","@id":"https:\/\/kapitalis.com\/tunisie\/2026\/09\/01\/tunisie-les-erreurs-dhier-limpuissance-daujourdhui\/#article","isPartOf":{"@id":"https:\/\/kapitalis.com\/tunisie\/2026\/09\/01\/tunisie-les-erreurs-dhier-limpuissance-daujourdhui\/"},"author":{"name":"webmaster kapitalis","@id":"https:\/\/kapitalis.com\/tunisie\/#\/schema\/person\/d71f33a9ca44f7bad4698210b480c8e9"},"headline":"Tunisie | Les erreurs d&rsquo;hier, l\u2019impuissance d\u2019aujourd\u2019hui","datePublished":"2026-09-01T07:55:22+00:00","dateModified":"2026-09-01T07:55:25+00:00","mainEntityOfPage":{"@id":"https:\/\/kapitalis.com\/tunisie\/2026\/09\/01\/tunisie-les-erreurs-dhier-limpuissance-daujourdhui\/"},"wordCount":2072,"commentCount":1,"publisher":{"@id":"https:\/\/kapitalis.com\/tunisie\/#organization"},"image":{"@id":"https:\/\/kapitalis.com\/tunisie\/2026\/09\/01\/tunisie-les-erreurs-dhier-limpuissance-daujourdhui\/#primaryimage"},"thumbnailUrl":"https:\/\/kapitalis.com\/tunisie\/wp-content\/uploads\/2025\/12\/Bourguiba-Ben-Ali-Saied.jpg","keywords":["Ali Guidara","autocratie","crise","Habib Bourguiba","transition d\u00e9mocratique","Tunisie","Zine El Abudine Ben Ali"],"articleSection":["A LA UNE","POLITIQUE","TRIBUNE","Tunisie"],"inLanguage":"fr-FR","potentialAction":[{"@type":"CommentAction","name":"Comment","target":["https:\/\/kapitalis.com\/tunisie\/2026\/09\/01\/tunisie-les-erreurs-dhier-limpuissance-daujourdhui\/#respond"]}]},{"@type":"WebPage","@id":"https:\/\/kapitalis.com\/tunisie\/2026\/09\/01\/tunisie-les-erreurs-dhier-limpuissance-daujourdhui\/","url":"https:\/\/kapitalis.com\/tunisie\/2026\/09\/01\/tunisie-les-erreurs-dhier-limpuissance-daujourdhui\/","name":"Tunisie | Les erreurs d'hier, l\u2019impuissance d\u2019aujourd\u2019hui - Kapitalis","isPartOf":{"@id":"https:\/\/kapitalis.com\/tunisie\/#website"},"primaryImageOfPage":{"@id":"https:\/\/kapitalis.com\/tunisie\/2026\/09\/01\/tunisie-les-erreurs-dhier-limpuissance-daujourdhui\/#primaryimage"},"image":{"@id":"https:\/\/kapitalis.com\/tunisie\/2026\/09\/01\/tunisie-les-erreurs-dhier-limpuissance-daujourdhui\/#primaryimage"},"thumbnailUrl":"https:\/\/kapitalis.com\/tunisie\/wp-content\/uploads\/2025\/12\/Bourguiba-Ben-Ali-Saied.jpg","datePublished":"2026-09-01T07:55:22+00:00","dateModified":"2026-09-01T07:55:25+00:00","description":"La Tunisie fait face aujourd'hui aux difficult\u00e9s \u00e9conomiques, \u00e0 la fatigue d\u00e9mocratique et au sentiment d\u2019impuissance.","breadcrumb":{"@id":"https:\/\/kapitalis.com\/tunisie\/2026\/09\/01\/tunisie-les-erreurs-dhier-limpuissance-daujourdhui\/#breadcrumb"},"inLanguage":"fr-FR","potentialAction":[{"@type":"ReadAction","target":["https:\/\/kapitalis.com\/tunisie\/2026\/09\/01\/tunisie-les-erreurs-dhier-limpuissance-daujourdhui\/"]}]},{"@type":"ImageObject","inLanguage":"fr-FR","@id":"https:\/\/kapitalis.com\/tunisie\/2026\/09\/01\/tunisie-les-erreurs-dhier-limpuissance-daujourdhui\/#primaryimage","url":"https:\/\/kapitalis.com\/tunisie\/wp-content\/uploads\/2025\/12\/Bourguiba-Ben-Ali-Saied.jpg","contentUrl":"https:\/\/kapitalis.com\/tunisie\/wp-content\/uploads\/2025\/12\/Bourguiba-Ben-Ali-Saied.jpg","width":1200,"height":630},{"@type":"BreadcrumbList","@id":"https:\/\/kapitalis.com\/tunisie\/2026\/09\/01\/tunisie-les-erreurs-dhier-limpuissance-daujourdhui\/#breadcrumb","itemListElement":[{"@type":"ListItem","position":1,"name":"Accueil","item":"https:\/\/kapitalis.com\/tunisie\/"},{"@type":"ListItem","position":2,"name":"Tunisie | Les erreurs d&rsquo;hier, l\u2019impuissance d\u2019aujourd\u2019hui"}]},{"@type":"WebSite","@id":"https:\/\/kapitalis.com\/tunisie\/#website","url":"https:\/\/kapitalis.com\/tunisie\/","name":"Kapitalis","description":"L&#039;actualit\u00e9 en Tunisie et dans le monde","publisher":{"@id":"https:\/\/kapitalis.com\/tunisie\/#organization"},"potentialAction":[{"@type":"SearchAction","target":{"@type":"EntryPoint","urlTemplate":"https:\/\/kapitalis.com\/tunisie\/?s={search_term_string}"},"query-input":{"@type":"PropertyValueSpecification","valueRequired":true,"valueName":"search_term_string"}}],"inLanguage":"fr-FR"},{"@type":"Organization","@id":"https:\/\/kapitalis.com\/tunisie\/#organization","name":"Kapitalis","url":"https:\/\/kapitalis.com\/tunisie\/","logo":{"@type":"ImageObject","inLanguage":"fr-FR","@id":"https:\/\/kapitalis.com\/tunisie\/#\/schema\/logo\/image\/","url":"https:\/\/kapitalis.com\/tunisie\/wp-content\/uploads\/2022\/05\/Kapitalis-big-size.png","contentUrl":"https:\/\/kapitalis.com\/tunisie\/wp-content\/uploads\/2022\/05\/Kapitalis-big-size.png","width":5000,"height":1500,"caption":"Kapitalis"},"image":{"@id":"https:\/\/kapitalis.com\/tunisie\/#\/schema\/logo\/image\/"},"sameAs":["https:\/\/www.facebook.com\/KapitalisInfo\/","https:\/\/x.com\/KapitalisInfo","https:\/\/www.youtube.com\/channel\/UC-yDYrHyfFBWWZaOw3FPg9Q"]},{"@type":"Person","@id":"https:\/\/kapitalis.com\/tunisie\/#\/schema\/person\/d71f33a9ca44f7bad4698210b480c8e9","name":"webmaster kapitalis","url":"https:\/\/kapitalis.com\/tunisie\/author\/webmaster-kapitalis\/"}]}},"_links":{"self":[{"href":"https:\/\/kapitalis.com\/tunisie\/wp-json\/wp\/v2\/posts\/19548125","targetHints":{"allow":["GET"]}}],"collection":[{"href":"https:\/\/kapitalis.com\/tunisie\/wp-json\/wp\/v2\/posts"}],"about":[{"href":"https:\/\/kapitalis.com\/tunisie\/wp-json\/wp\/v2\/types\/post"}],"author":[{"embeddable":true,"href":"https:\/\/kapitalis.com\/tunisie\/wp-json\/wp\/v2\/users\/8"}],"replies":[{"embeddable":true,"href":"https:\/\/kapitalis.com\/tunisie\/wp-json\/wp\/v2\/comments?post=19548125"}],"version-history":[{"count":1,"href":"https:\/\/kapitalis.com\/tunisie\/wp-json\/wp\/v2\/posts\/19548125\/revisions"}],"predecessor-version":[{"id":19548164,"href":"https:\/\/kapitalis.com\/tunisie\/wp-json\/wp\/v2\/posts\/19548125\/revisions\/19548164"}],"wp:featuredmedia":[{"embeddable":true,"href":"https:\/\/kapitalis.com\/tunisie\/wp-json\/wp\/v2\/media\/18157566"}],"wp:attachment":[{"href":"https:\/\/kapitalis.com\/tunisie\/wp-json\/wp\/v2\/media?parent=19548125"}],"wp:term":[{"taxonomy":"category","embeddable":true,"href":"https:\/\/kapitalis.com\/tunisie\/wp-json\/wp\/v2\/categories?post=19548125"},{"taxonomy":"post_tag","embeddable":true,"href":"https:\/\/kapitalis.com\/tunisie\/wp-json\/wp\/v2\/tags?post=19548125"}],"curies":[{"name":"wp","href":"https:\/\/api.w.org\/{rel}","templated":true}]}}