{"id":19548542,"date":"2026-09-01T10:13:56","date_gmt":"2026-09-01T09:13:56","guid":{"rendered":"https:\/\/kapitalis.com\/tunisie\/?p=19548542"},"modified":"2026-09-01T10:13:59","modified_gmt":"2026-09-01T09:13:59","slug":"ce-que-leurope-craint-dun-effondrement-tunisien","status":"publish","type":"post","link":"https:\/\/kapitalis.com\/tunisie\/2026\/09\/01\/ce-que-leurope-craint-dun-effondrement-tunisien\/","title":{"rendered":"Ce que l\u2019Europe craint d\u2019un effondrement tunisien"},"content":{"rendered":"\n<p class=\"wp-block-paragraph\"><strong><em>Que l\u2019Allemagne ait un int\u00e9r\u00eat direct \u00e0 la stabilit\u00e9 tunisienne, personne ne le conteste. Mais l\u2019Allemagne n\u2019est jamais seule quand elle parle de stabilit\u00e9 et de Sahel \u00e0 un chef d\u2019\u00c9tat nord-africain : elle parle aussi, de fait, au nom du continent europ\u00e9en qui a fait de la Tunisie son verrou migratoire et \u00e9nerg\u00e9tique, et qui n\u2019a pas oubli\u00e9 qu\u2019un effondrement tunisien se traduirait par une pression migratoire sur ses propres c\u00f4tes.<\/em><\/strong><\/p>\n\n\n\n<p class=\"wp-block-paragraph\"><strong>Moktar Lamari<\/strong> *<\/p>\n\n\n\n<!--more-->\n\n\n<div class=\"wp-block-image\">\n<figure class=\"alignleft size-full is-resized\"><img decoding=\"async\" src=\"http:\/\/kapitalis.com\/tunisie\/wp-content\/uploads\/2019\/10\/Moktar-Lamari.jpg\" alt=\"\" class=\"wp-image-246439\" style=\"width:200px;height:auto\"\/><\/figure>\n<\/div>\n\n\n<p class=\"wp-block-paragraph\">Il faut se m\u00e9fier des communiqu\u00e9s diplomatiques qui se ressemblent trop pour \u00eatre honn\u00eates \u2014 et se m\u00e9fier plus encore de ceux qui ne se ressemblent pas du tout. Explication\u2026<\/p>\n\n\n\n<p class=\"wp-block-paragraph\">Le 31 ao\u00fbt, Johann Wadephul, ministre allemand des Affaires \u00e9trang\u00e8res, a atterri \u00e0 Tunis, dans une visite impr\u00e9vue et urgente, pour une tourn\u00e9e maghr\u00e9bine pr\u00e9sent\u00e9e comme une simple courtoisie anniversaire : soixante-dix ans de relations diplomatiques tuniso-allemandes, une d\u00e9l\u00e9gation d\u2019industriels, des dossiers \u00e9nergie et cha\u00eenes d\u2019approvisionnement automobile.<\/p>\n\n\n\n<p class=\"wp-block-paragraph\">Rien, en apparence, qui justifie qu\u2019un ministre des Affaires \u00e9trang\u00e8res d\u2019un pays du G7 se d\u00e9place en personne, accompagn\u00e9 de son patronat, pour aller souffler des bougies protocolaires. Sauf que le d\u00e9cor a craqu\u00e9 presque aussit\u00f4t, et de la fa\u00e7on la plus flagrante qui soit : les deux capitales ont racont\u00e9 deux rencontres diff\u00e9rentes.<\/p>\n\n\n\n<p class=\"wp-block-paragraph\">Avant m\u00eame l\u2019atterrissage, le minist\u00e8re allemand des Affaires \u00e9trang\u00e8res annon\u00e7ait sur son propre site que les discussions avec Ka\u00efs Sa\u00efed porteraient sur leurs <em>\u00abint\u00e9r\u00eats communs en faveur de la stabilit\u00e9 de la Tunisie\u00bb<\/em>. Une fois sur place, interrog\u00e9 par la cha\u00eene publique allemande ARD, Wadephul est all\u00e9 plus loin encore, \u00e9voquant sans d\u00e9tour le terrorisme et la mont\u00e9e de <em>\u00abl\u2019islamisme\u00bb<\/em>, et pr\u00e9sentant la migration comme l\u2019un des fils conducteurs de sa tourn\u00e9e nord-africaine.<\/p>\n\n\n\n<p class=\"wp-block-paragraph\">En conf\u00e9rence de presse \u00e0 Tunis, il a par ailleurs insist\u00e9 sur la volont\u00e9 allemande d\u2019<em>\u00abexploiter les potentiels mutuels\u00bb<\/em>, en particulier dans <em>\u00abl\u2019approvisionnement en \u00e9nergie respectueuse du climat\u00bb<\/em> \u2014 une mani\u00e8re polie de dire qu\u2019on est venu s\u00e9curiser des tuyaux, pas signer des cartes postales.<\/p>\n\n\n\n<p class=\"wp-block-paragraph\">Or aucun de ces trois sujets \u2014 Sahel, terrorisme islamiste, \u00e9nergie climatique \u2014 ne figure dans le compte rendu publi\u00e9 depuis le Palais de Carthage.<\/p>\n\n\n\n<p class=\"wp-block-paragraph\">Pas une ligne, pas une allusion. \u00c0 la place, la pr\u00e9sidence tunisienne met en sc\u00e8ne un Ka\u00efs Sa\u00efed qui disserte sur l\u2019humanit\u00e9 entrant dans une <em>\u00abnouvelle \u00e9tape de son histoire\u00bb<\/em> n\u00e9cessitant une pens\u00e9e fond\u00e9e sur la libert\u00e9 et la justice, et qui profite de l\u2019audience pour exiger la r\u00e9vision de plusieurs accords \u2014 au premier rang desquels l\u2019accord d\u2019association avec l\u2019Union europ\u00e9enne, jug\u00e9 trop d\u00e9s\u00e9quilibr\u00e9.<\/p>\n\n\n\n<figure class=\"wp-block-embed alignleft is-type-wp-embed is-provider-kapitalis wp-block-embed-kapitalis\"><div class=\"wp-block-embed__wrapper\">\n<blockquote class=\"wp-embedded-content\" data-secret=\"ZkvSY2BLYG\"><a href=\"https:\/\/kapitalis.com\/tunisie\/2026\/03\/17\/tunisie-italie-les-tensions-internationales-pourraient-retarder-le-projet-elmed\/\">Tunisie-Italie | Les tensions internationales pourraient retarder le projet Elmed<\/a><\/blockquote><iframe loading=\"lazy\" class=\"wp-embedded-content\" sandbox=\"allow-scripts\" security=\"restricted\" style=\"position: absolute; visibility: hidden;\" title=\"\u00ab\u00a0Tunisie-Italie | Les tensions internationales pourraient retarder le projet Elmed\u00a0\u00bb \u2014 Kapitalis\" src=\"https:\/\/kapitalis.com\/tunisie\/2026\/03\/17\/tunisie-italie-les-tensions-internationales-pourraient-retarder-le-projet-elmed\/embed\/#?secret=incj52YpOl#?secret=ZkvSY2BLYG\" data-secret=\"ZkvSY2BLYG\" width=\"600\" height=\"338\" frameborder=\"0\" marginwidth=\"0\" marginheight=\"0\" scrolling=\"no\"><\/iframe>\n<\/div><\/figure>\n\n\n\n<h2 class=\"wp-block-heading\">Int\u00e9r\u00eat direct de l\u2019Europe \u00e0 la stabilit\u00e9 tunisienne<\/h2>\n\n\n\n<p class=\"wp-block-paragraph\">Deux minist\u00e8res, une seule et m\u00eame rencontre, et pourtant deux comptes rendus qui pourraient d\u00e9crire deux r\u00e9unions tenues \u00e0 des ann\u00e9es de distance. Ce genre de dissonance ne s\u2019invente pas dans un simple exercice de communication maladroit ; il trahit deux agendas qui se sont crois\u00e9s dans la m\u00eame salle sans jamais vraiment se parler \u2014 l\u2019un venu \u00e9valuer un risque, l\u2019autre venu r\u00e9citer un grief.<\/p>\n\n\n\n<p class=\"wp-block-paragraph\">Que l\u2019Allemagne \u2014 troisi\u00e8me march\u00e9 \u00e0 l\u2019export pour la Tunisie, pilier de l\u2019approvisionnement automobile europ\u00e9en, h\u00f4te de 7 500 \u00e9tudiants tunisiens et de milliers de soignants tunisiens dans ses h\u00f4pitaux \u2014 ait un int\u00e9r\u00eat direct \u00e0 la stabilit\u00e9 tunisienne, personne ne le conteste. <\/p>\n\n\n\n<p class=\"wp-block-paragraph\">Mais l\u2019Allemagne, dans l\u2019architecture europ\u00e9enne, n\u2019est jamais seule quand elle parle de stabilit\u00e9 et de Sahel \u00e0 un chef d\u2019\u00c9tat nord-africain : elle parle aussi, de fait, au nom d\u2019un continent qui a fait de la Tunisie son verrou migratoire et \u00e9nerg\u00e9tique, et qui n\u2019a pas oubli\u00e9 qu\u2019un effondrement tunisien se traduirait en semaines, pas en mois, par une pression migratoire sur ses propres c\u00f4tes.<\/p>\n\n\n\n<p class=\"wp-block-paragraph\">On ne d\u00e9p\u00eache pas le chef de sa diplomatie, escort\u00e9 d\u2019industriels et suivi d\u2019un crochet imm\u00e9diat \u00e0 Alger pour discuter interconnexions \u00e9lectriques, si le seul enjeu a trait \u00e0 un anniversaire \u00e0 souligner.<\/p>\n\n\n\n<p class=\"wp-block-paragraph\">On le fait quand on veut prendre le pouls d\u2019un pays avant qu\u2019il ne s\u2019arr\u00eate de battre.<\/p>\n\n\n\n<p class=\"wp-block-paragraph\">Et ce pouls, aujourd\u2019hui, est franchement inqui\u00e9tant. Pendant que Wadephul serrait des mains \u00e0 Carthage, des quartiers entiers de Tunis, de Sfax, du Kef, de Djerba ou de Gab\u00e8s continuaient de vivre au rythme de coupures d\u2019eau et d\u2019\u00e9lectricit\u00e9 r\u00e9p\u00e9t\u00e9es, parfois plusieurs fois par jour \u2014 le sympt\u00f4me le plus visible d\u2019un r\u00e9seau Steg en d\u00e9ficit structurel de production que plus aucun d\u00e9cret pr\u00e9sidentiel ne peut masquer.<\/p>\n\n\n\n<p class=\"wp-block-paragraph\">Des menaces terroristes en Tunisie sont probables selon des sources proches de la chancellerie allemande.<\/p>\n\n\n\n<p class=\"wp-block-paragraph\">\u00c0 cela s\u2019ajoutent des p\u00e9nuries r\u00e9currentes de m\u00e9dicaments essentiels dans les pharmacies, remont\u00e9es presque chaque semaine par la soci\u00e9t\u00e9 civile et les syndicats de la sant\u00e9, signe que m\u00eame la cha\u00eene d\u2019approvisionnement pharmaceutique, pourtant vitale, craque sous la pression budg\u00e9taire et le manque de devises.<\/p>\n\n\n\n<h2 class=\"wp-block-heading\">Les trois ingr\u00e9dients de l\u2019embrasement social<\/h2>\n\n\n\n<p class=\"wp-block-paragraph\">Ce sont exactement les trois ingr\u00e9dients \u2014 eau, courant, m\u00e9dicaments \u2014 dont l\u2019histoire politique r\u00e9cente du monde arabe a montr\u00e9 qu\u2019ils pr\u00e9c\u00e8dent, presque toujours, l\u2019embrasement social. Ce n\u2019est pas un hasard si le crochet alg\u00e9rien de Wadephul porte pr\u00e9cis\u00e9ment sur l\u2019offre \u00e9lectrique : Berlin cherche, tr\u00e8s concr\u00e8tement, des solutions de d\u00e9pannage \u00e9nerg\u00e9tique pour un voisin tunisien exsangue, faute de pouvoir compter sur une r\u00e9forme interne que le r\u00e9gime refuse d\u2019engager.<\/p>\n\n\n\n<p class=\"wp-block-paragraph\">Rien de tout cela ne serait alarmant si le contexte politique tunisien n\u2019\u00e9tait pas d\u00e9j\u00e0 \u00e0 ce point tendu.<\/p>\n\n\n\n<p class=\"wp-block-paragraph\">Un pouvoir r\u00e9\u00e9lu \u00e0 90,7 % sur une participation de 28,8 %, une opposition emprisonn\u00e9e par dizaines, un Premier ministre limog\u00e9 presque chaque ann\u00e9e, une dette publique qui fr\u00f4le 85 % du PIB, un d\u00e9ficit qui se creuse de nouveau : la marge de man\u0153uvre du r\u00e9gime pour absorber un choc social suppl\u00e9mentaire est proche de z\u00e9ro.<\/p>\n\n\n\n<p class=\"wp-block-paragraph\">Quand l\u2019eau, l\u2019\u00e9lectricit\u00e9 et les m\u00e9dicaments manquent en m\u00eame temps, la col\u00e8re ne cherche plus de porte-parole partisan ; elle descend dans la rue directement, comme on l\u2019a vu ailleurs dans la r\u00e9gion ces derniers mois.<\/p>\n\n\n\n<p class=\"wp-block-paragraph\">Et c\u2019est pr\u00e9cis\u00e9ment ce sc\u00e9nario que l\u2019Europe, par la voix de son \u00e9missaire allemand, semble \u00eatre venue \u00e9valuer de tr\u00e8s pr\u00e8s \u2014 sans jamais le dire tout haut. La visite protocolaire de Wadephul n\u2019est peut-\u00eatre qu\u2019une couverture \u00e9l\u00e9gante pour une question bien plus brutale que Berlin, et derri\u00e8re elle Bruxelles, se pose d\u00e9sormais sans d\u00e9tour : combien de temps le syst\u00e8me Sa\u00efed peut-il encore tenir avant que la rue ne tranche \u00e0 sa place ?\u00a0<\/p>\n\n\n\n<p class=\"wp-block-paragraph\">Economiste universitaire. <\/p>\n\n\n\n<p class=\"wp-block-paragraph\"><strong>Blog de l&rsquo;auteur:<\/strong> <a href=\"https:\/\/www.facebook.com\/groups\/375846620757494\" target=\"_blank\" rel=\"noreferrer noopener\">E4T<\/a>.<\/p>\n\n\n\n<figure class=\"wp-block-embed alignleft is-type-wp-embed is-provider-kapitalis wp-block-embed-kapitalis\"><div class=\"wp-block-embed__wrapper\">\n<blockquote class=\"wp-embedded-content\" data-secret=\"jUygZVRr5s\"><a href=\"https:\/\/kapitalis.com\/tunisie\/2026\/08\/02\/la-tunisie-face-a-son-deficit-energetique-lhydrogene-vert-est-il-la-panacee\/\">La Tunisie face \u00e0 son d\u00e9ficit \u00e9nerg\u00e9tique | L\u2019hydrog\u00e8ne vert est-il la panac\u00e9e\u00a0?<\/a><\/blockquote><iframe loading=\"lazy\" class=\"wp-embedded-content\" sandbox=\"allow-scripts\" security=\"restricted\" style=\"position: absolute; visibility: hidden;\" title=\"\u00ab\u00a0La Tunisie face \u00e0 son d\u00e9ficit \u00e9nerg\u00e9tique | L\u2019hydrog\u00e8ne vert est-il la panac\u00e9e\u00a0?\u00a0\u00bb \u2014 Kapitalis\" src=\"https:\/\/kapitalis.com\/tunisie\/2026\/08\/02\/la-tunisie-face-a-son-deficit-energetique-lhydrogene-vert-est-il-la-panacee\/embed\/#?secret=Mkyl935oL9#?secret=jUygZVRr5s\" data-secret=\"jUygZVRr5s\" width=\"600\" height=\"338\" frameborder=\"0\" marginwidth=\"0\" marginheight=\"0\" scrolling=\"no\"><\/iframe>\n<\/div><\/figure>\n\n\n\n<p class=\"wp-block-paragraph\"><\/p>\n","protected":false},"excerpt":{"rendered":"<p>Quand l\u2019Allemagne montre un int\u00e9r\u00eat direct \u00e0 la stabilit\u00e9 tunisienne, c&rsquo;est l&rsquo;inqui\u00e9tude de toute l&rsquo;Europe  qu&rsquo;elle exprime. <\/p>\n","protected":false},"author":8,"featured_media":19548567,"comment_status":"open","ping_status":"open","sticky":false,"template":"","format":"standard","meta":{"footnotes":""},"categories":[992,997,1000,2433],"tags":[64,1096,318,129944,76012,5548,68595,799,62643,937],"class_list":["post-19548542","post","type-post","status-publish","format-standard","has-post-thumbnail","hentry","category-a-la-une","category-politique","category-tribune","category-tunisie","tag-algerie","tag-allemagne","tag-energie","tag-johann-wadephul","tag-kais-saied-2","tag-migration","tag-moktar-lamari","tag-sahel","tag-tunisie","tag-union-europeenne"],"yoast_head":"<!-- This site is optimized with the Yoast SEO plugin v26.6 - https:\/\/yoast.com\/wordpress\/plugins\/seo\/ -->\n<title>Ce que l\u2019Europe craint d\u2019un effondrement tunisien - Kapitalis<\/title>\n<meta name=\"description\" content=\"Quand l\u2019Allemagne montre un int\u00e9r\u00eat direct \u00e0 la stabilit\u00e9 tunisienne, c&#039;est l&#039;inqui\u00e9tude de toute l&#039;Europe qu&#039;elle exprime.\" \/>\n<meta name=\"robots\" content=\"index, follow, max-snippet:-1, max-image-preview:large, max-video-preview:-1\" \/>\n<link rel=\"canonical\" href=\"https:\/\/kapitalis.com\/tunisie\/2026\/09\/01\/ce-que-leurope-craint-dun-effondrement-tunisien\/\" \/>\n<meta property=\"og:locale\" content=\"fr_FR\" \/>\n<meta property=\"og:type\" content=\"article\" \/>\n<meta property=\"og:title\" content=\"Ce que l\u2019Europe craint d\u2019un effondrement tunisien - Kapitalis\" \/>\n<meta property=\"og:description\" content=\"Quand l\u2019Allemagne montre un int\u00e9r\u00eat direct \u00e0 la stabilit\u00e9 tunisienne, c&#039;est l&#039;inqui\u00e9tude de toute l&#039;Europe qu&#039;elle exprime.\" \/>\n<meta property=\"og:url\" content=\"https:\/\/kapitalis.com\/tunisie\/2026\/09\/01\/ce-que-leurope-craint-dun-effondrement-tunisien\/\" \/>\n<meta property=\"og:site_name\" content=\"Kapitalis\" \/>\n<meta property=\"article:publisher\" content=\"https:\/\/www.facebook.com\/KapitalisInfo\/\" \/>\n<meta property=\"article:published_time\" content=\"2026-09-01T09:13:56+00:00\" \/>\n<meta property=\"article:modified_time\" content=\"2026-09-01T09:13:59+00:00\" \/>\n<meta property=\"og:image\" content=\"https:\/\/kapitalis.com\/tunisie\/wp-content\/uploads\/2026\/09\/Kais-Saied-Johann-Wadephul-Tunisie-Allemagne.jpg\" \/>\n\t<meta property=\"og:image:width\" content=\"1200\" \/>\n\t<meta property=\"og:image:height\" content=\"630\" \/>\n\t<meta property=\"og:image:type\" content=\"image\/jpeg\" \/>\n<meta name=\"author\" content=\"webmaster kapitalis\" \/>\n<meta name=\"twitter:card\" content=\"summary_large_image\" \/>\n<meta name=\"twitter:creator\" content=\"@KapitalisInfo\" \/>\n<meta name=\"twitter:site\" content=\"@KapitalisInfo\" \/>\n<meta name=\"twitter:label1\" content=\"\u00c9crit par\" \/>\n\t<meta name=\"twitter:data1\" content=\"webmaster kapitalis\" \/>\n\t<meta name=\"twitter:label2\" content=\"Dur\u00e9e de lecture estim\u00e9e\" \/>\n\t<meta name=\"twitter:data2\" content=\"6 minutes\" \/>\n<script type=\"application\/ld+json\" class=\"yoast-schema-graph\">{\"@context\":\"https:\/\/schema.org\",\"@graph\":[{\"@type\":\"Article\",\"@id\":\"https:\/\/kapitalis.com\/tunisie\/2026\/09\/01\/ce-que-leurope-craint-dun-effondrement-tunisien\/#article\",\"isPartOf\":{\"@id\":\"https:\/\/kapitalis.com\/tunisie\/2026\/09\/01\/ce-que-leurope-craint-dun-effondrement-tunisien\/\"},\"author\":{\"name\":\"webmaster kapitalis\",\"@id\":\"https:\/\/kapitalis.com\/tunisie\/#\/schema\/person\/d71f33a9ca44f7bad4698210b480c8e9\"},\"headline\":\"Ce que l\u2019Europe craint d\u2019un effondrement tunisien\",\"datePublished\":\"2026-09-01T09:13:56+00:00\",\"dateModified\":\"2026-09-01T09:13:59+00:00\",\"mainEntityOfPage\":{\"@id\":\"https:\/\/kapitalis.com\/tunisie\/2026\/09\/01\/ce-que-leurope-craint-dun-effondrement-tunisien\/\"},\"wordCount\":1207,\"commentCount\":0,\"publisher\":{\"@id\":\"https:\/\/kapitalis.com\/tunisie\/#organization\"},\"image\":{\"@id\":\"https:\/\/kapitalis.com\/tunisie\/2026\/09\/01\/ce-que-leurope-craint-dun-effondrement-tunisien\/#primaryimage\"},\"thumbnailUrl\":\"https:\/\/kapitalis.com\/tunisie\/wp-content\/uploads\/2026\/09\/Kais-Saied-Johann-Wadephul-Tunisie-Allemagne.jpg\",\"keywords\":[\"Alg\u00e9rie\",\"Allemagne\",\"\u00e9nergie\",\"Johann Wadephul\",\"Ka\u00efs Sa\u00efed\",\"migration\",\"Moktar Lamari\",\"Sahel\",\"Tunisie\",\"Union europ\u00e9enne\"],\"articleSection\":[\"A LA UNE\",\"POLITIQUE\",\"TRIBUNE\",\"Tunisie\"],\"inLanguage\":\"fr-FR\",\"potentialAction\":[{\"@type\":\"CommentAction\",\"name\":\"Comment\",\"target\":[\"https:\/\/kapitalis.com\/tunisie\/2026\/09\/01\/ce-que-leurope-craint-dun-effondrement-tunisien\/#respond\"]}]},{\"@type\":\"WebPage\",\"@id\":\"https:\/\/kapitalis.com\/tunisie\/2026\/09\/01\/ce-que-leurope-craint-dun-effondrement-tunisien\/\",\"url\":\"https:\/\/kapitalis.com\/tunisie\/2026\/09\/01\/ce-que-leurope-craint-dun-effondrement-tunisien\/\",\"name\":\"Ce que l\u2019Europe craint d\u2019un effondrement tunisien - Kapitalis\",\"isPartOf\":{\"@id\":\"https:\/\/kapitalis.com\/tunisie\/#website\"},\"primaryImageOfPage\":{\"@id\":\"https:\/\/kapitalis.com\/tunisie\/2026\/09\/01\/ce-que-leurope-craint-dun-effondrement-tunisien\/#primaryimage\"},\"image\":{\"@id\":\"https:\/\/kapitalis.com\/tunisie\/2026\/09\/01\/ce-que-leurope-craint-dun-effondrement-tunisien\/#primaryimage\"},\"thumbnailUrl\":\"https:\/\/kapitalis.com\/tunisie\/wp-content\/uploads\/2026\/09\/Kais-Saied-Johann-Wadephul-Tunisie-Allemagne.jpg\",\"datePublished\":\"2026-09-01T09:13:56+00:00\",\"dateModified\":\"2026-09-01T09:13:59+00:00\",\"description\":\"Quand l\u2019Allemagne montre un int\u00e9r\u00eat direct \u00e0 la stabilit\u00e9 tunisienne, c'est l'inqui\u00e9tude de toute l'Europe qu'elle exprime.\",\"breadcrumb\":{\"@id\":\"https:\/\/kapitalis.com\/tunisie\/2026\/09\/01\/ce-que-leurope-craint-dun-effondrement-tunisien\/#breadcrumb\"},\"inLanguage\":\"fr-FR\",\"potentialAction\":[{\"@type\":\"ReadAction\",\"target\":[\"https:\/\/kapitalis.com\/tunisie\/2026\/09\/01\/ce-que-leurope-craint-dun-effondrement-tunisien\/\"]}]},{\"@type\":\"ImageObject\",\"inLanguage\":\"fr-FR\",\"@id\":\"https:\/\/kapitalis.com\/tunisie\/2026\/09\/01\/ce-que-leurope-craint-dun-effondrement-tunisien\/#primaryimage\",\"url\":\"https:\/\/kapitalis.com\/tunisie\/wp-content\/uploads\/2026\/09\/Kais-Saied-Johann-Wadephul-Tunisie-Allemagne.jpg\",\"contentUrl\":\"https:\/\/kapitalis.com\/tunisie\/wp-content\/uploads\/2026\/09\/Kais-Saied-Johann-Wadephul-Tunisie-Allemagne.jpg\",\"width\":1200,\"height\":630},{\"@type\":\"BreadcrumbList\",\"@id\":\"https:\/\/kapitalis.com\/tunisie\/2026\/09\/01\/ce-que-leurope-craint-dun-effondrement-tunisien\/#breadcrumb\",\"itemListElement\":[{\"@type\":\"ListItem\",\"position\":1,\"name\":\"Accueil\",\"item\":\"https:\/\/kapitalis.com\/tunisie\/\"},{\"@type\":\"ListItem\",\"position\":2,\"name\":\"Ce que l\u2019Europe craint d\u2019un effondrement tunisien\"}]},{\"@type\":\"WebSite\",\"@id\":\"https:\/\/kapitalis.com\/tunisie\/#website\",\"url\":\"https:\/\/kapitalis.com\/tunisie\/\",\"name\":\"Kapitalis\",\"description\":\"L&#039;actualit\u00e9 en Tunisie et dans le monde\",\"publisher\":{\"@id\":\"https:\/\/kapitalis.com\/tunisie\/#organization\"},\"potentialAction\":[{\"@type\":\"SearchAction\",\"target\":{\"@type\":\"EntryPoint\",\"urlTemplate\":\"https:\/\/kapitalis.com\/tunisie\/?s={search_term_string}\"},\"query-input\":{\"@type\":\"PropertyValueSpecification\",\"valueRequired\":true,\"valueName\":\"search_term_string\"}}],\"inLanguage\":\"fr-FR\"},{\"@type\":\"Organization\",\"@id\":\"https:\/\/kapitalis.com\/tunisie\/#organization\",\"name\":\"Kapitalis\",\"url\":\"https:\/\/kapitalis.com\/tunisie\/\",\"logo\":{\"@type\":\"ImageObject\",\"inLanguage\":\"fr-FR\",\"@id\":\"https:\/\/kapitalis.com\/tunisie\/#\/schema\/logo\/image\/\",\"url\":\"https:\/\/kapitalis.com\/tunisie\/wp-content\/uploads\/2022\/05\/Kapitalis-big-size.png\",\"contentUrl\":\"https:\/\/kapitalis.com\/tunisie\/wp-content\/uploads\/2022\/05\/Kapitalis-big-size.png\",\"width\":5000,\"height\":1500,\"caption\":\"Kapitalis\"},\"image\":{\"@id\":\"https:\/\/kapitalis.com\/tunisie\/#\/schema\/logo\/image\/\"},\"sameAs\":[\"https:\/\/www.facebook.com\/KapitalisInfo\/\",\"https:\/\/x.com\/KapitalisInfo\",\"https:\/\/www.youtube.com\/channel\/UC-yDYrHyfFBWWZaOw3FPg9Q\"]},{\"@type\":\"Person\",\"@id\":\"https:\/\/kapitalis.com\/tunisie\/#\/schema\/person\/d71f33a9ca44f7bad4698210b480c8e9\",\"name\":\"webmaster kapitalis\",\"url\":\"https:\/\/kapitalis.com\/tunisie\/author\/webmaster-kapitalis\/\"}]}<\/script>\n<!-- \/ Yoast SEO plugin. -->","yoast_head_json":{"title":"Ce que l\u2019Europe craint d\u2019un effondrement tunisien - Kapitalis","description":"Quand l\u2019Allemagne montre un int\u00e9r\u00eat direct \u00e0 la stabilit\u00e9 tunisienne, c'est l'inqui\u00e9tude de toute l'Europe qu'elle exprime.","robots":{"index":"index","follow":"follow","max-snippet":"max-snippet:-1","max-image-preview":"max-image-preview:large","max-video-preview":"max-video-preview:-1"},"canonical":"https:\/\/kapitalis.com\/tunisie\/2026\/09\/01\/ce-que-leurope-craint-dun-effondrement-tunisien\/","og_locale":"fr_FR","og_type":"article","og_title":"Ce que l\u2019Europe craint d\u2019un effondrement tunisien - Kapitalis","og_description":"Quand l\u2019Allemagne montre un int\u00e9r\u00eat direct \u00e0 la stabilit\u00e9 tunisienne, c'est l'inqui\u00e9tude de toute l'Europe qu'elle exprime.","og_url":"https:\/\/kapitalis.com\/tunisie\/2026\/09\/01\/ce-que-leurope-craint-dun-effondrement-tunisien\/","og_site_name":"Kapitalis","article_publisher":"https:\/\/www.facebook.com\/KapitalisInfo\/","article_published_time":"2026-09-01T09:13:56+00:00","article_modified_time":"2026-09-01T09:13:59+00:00","og_image":[{"width":1200,"height":630,"url":"https:\/\/kapitalis.com\/tunisie\/wp-content\/uploads\/2026\/09\/Kais-Saied-Johann-Wadephul-Tunisie-Allemagne.jpg","type":"image\/jpeg"}],"author":"webmaster kapitalis","twitter_card":"summary_large_image","twitter_creator":"@KapitalisInfo","twitter_site":"@KapitalisInfo","twitter_misc":{"\u00c9crit par":"webmaster kapitalis","Dur\u00e9e de lecture estim\u00e9e":"6 minutes"},"schema":{"@context":"https:\/\/schema.org","@graph":[{"@type":"Article","@id":"https:\/\/kapitalis.com\/tunisie\/2026\/09\/01\/ce-que-leurope-craint-dun-effondrement-tunisien\/#article","isPartOf":{"@id":"https:\/\/kapitalis.com\/tunisie\/2026\/09\/01\/ce-que-leurope-craint-dun-effondrement-tunisien\/"},"author":{"name":"webmaster kapitalis","@id":"https:\/\/kapitalis.com\/tunisie\/#\/schema\/person\/d71f33a9ca44f7bad4698210b480c8e9"},"headline":"Ce que l\u2019Europe craint d\u2019un effondrement tunisien","datePublished":"2026-09-01T09:13:56+00:00","dateModified":"2026-09-01T09:13:59+00:00","mainEntityOfPage":{"@id":"https:\/\/kapitalis.com\/tunisie\/2026\/09\/01\/ce-que-leurope-craint-dun-effondrement-tunisien\/"},"wordCount":1207,"commentCount":0,"publisher":{"@id":"https:\/\/kapitalis.com\/tunisie\/#organization"},"image":{"@id":"https:\/\/kapitalis.com\/tunisie\/2026\/09\/01\/ce-que-leurope-craint-dun-effondrement-tunisien\/#primaryimage"},"thumbnailUrl":"https:\/\/kapitalis.com\/tunisie\/wp-content\/uploads\/2026\/09\/Kais-Saied-Johann-Wadephul-Tunisie-Allemagne.jpg","keywords":["Alg\u00e9rie","Allemagne","\u00e9nergie","Johann Wadephul","Ka\u00efs Sa\u00efed","migration","Moktar Lamari","Sahel","Tunisie","Union europ\u00e9enne"],"articleSection":["A LA UNE","POLITIQUE","TRIBUNE","Tunisie"],"inLanguage":"fr-FR","potentialAction":[{"@type":"CommentAction","name":"Comment","target":["https:\/\/kapitalis.com\/tunisie\/2026\/09\/01\/ce-que-leurope-craint-dun-effondrement-tunisien\/#respond"]}]},{"@type":"WebPage","@id":"https:\/\/kapitalis.com\/tunisie\/2026\/09\/01\/ce-que-leurope-craint-dun-effondrement-tunisien\/","url":"https:\/\/kapitalis.com\/tunisie\/2026\/09\/01\/ce-que-leurope-craint-dun-effondrement-tunisien\/","name":"Ce que l\u2019Europe craint d\u2019un effondrement tunisien - Kapitalis","isPartOf":{"@id":"https:\/\/kapitalis.com\/tunisie\/#website"},"primaryImageOfPage":{"@id":"https:\/\/kapitalis.com\/tunisie\/2026\/09\/01\/ce-que-leurope-craint-dun-effondrement-tunisien\/#primaryimage"},"image":{"@id":"https:\/\/kapitalis.com\/tunisie\/2026\/09\/01\/ce-que-leurope-craint-dun-effondrement-tunisien\/#primaryimage"},"thumbnailUrl":"https:\/\/kapitalis.com\/tunisie\/wp-content\/uploads\/2026\/09\/Kais-Saied-Johann-Wadephul-Tunisie-Allemagne.jpg","datePublished":"2026-09-01T09:13:56+00:00","dateModified":"2026-09-01T09:13:59+00:00","description":"Quand l\u2019Allemagne montre un int\u00e9r\u00eat direct \u00e0 la stabilit\u00e9 tunisienne, c'est l'inqui\u00e9tude de toute l'Europe qu'elle exprime.","breadcrumb":{"@id":"https:\/\/kapitalis.com\/tunisie\/2026\/09\/01\/ce-que-leurope-craint-dun-effondrement-tunisien\/#breadcrumb"},"inLanguage":"fr-FR","potentialAction":[{"@type":"ReadAction","target":["https:\/\/kapitalis.com\/tunisie\/2026\/09\/01\/ce-que-leurope-craint-dun-effondrement-tunisien\/"]}]},{"@type":"ImageObject","inLanguage":"fr-FR","@id":"https:\/\/kapitalis.com\/tunisie\/2026\/09\/01\/ce-que-leurope-craint-dun-effondrement-tunisien\/#primaryimage","url":"https:\/\/kapitalis.com\/tunisie\/wp-content\/uploads\/2026\/09\/Kais-Saied-Johann-Wadephul-Tunisie-Allemagne.jpg","contentUrl":"https:\/\/kapitalis.com\/tunisie\/wp-content\/uploads\/2026\/09\/Kais-Saied-Johann-Wadephul-Tunisie-Allemagne.jpg","width":1200,"height":630},{"@type":"BreadcrumbList","@id":"https:\/\/kapitalis.com\/tunisie\/2026\/09\/01\/ce-que-leurope-craint-dun-effondrement-tunisien\/#breadcrumb","itemListElement":[{"@type":"ListItem","position":1,"name":"Accueil","item":"https:\/\/kapitalis.com\/tunisie\/"},{"@type":"ListItem","position":2,"name":"Ce que l\u2019Europe craint d\u2019un effondrement tunisien"}]},{"@type":"WebSite","@id":"https:\/\/kapitalis.com\/tunisie\/#website","url":"https:\/\/kapitalis.com\/tunisie\/","name":"Kapitalis","description":"L&#039;actualit\u00e9 en Tunisie et dans le monde","publisher":{"@id":"https:\/\/kapitalis.com\/tunisie\/#organization"},"potentialAction":[{"@type":"SearchAction","target":{"@type":"EntryPoint","urlTemplate":"https:\/\/kapitalis.com\/tunisie\/?s={search_term_string}"},"query-input":{"@type":"PropertyValueSpecification","valueRequired":true,"valueName":"search_term_string"}}],"inLanguage":"fr-FR"},{"@type":"Organization","@id":"https:\/\/kapitalis.com\/tunisie\/#organization","name":"Kapitalis","url":"https:\/\/kapitalis.com\/tunisie\/","logo":{"@type":"ImageObject","inLanguage":"fr-FR","@id":"https:\/\/kapitalis.com\/tunisie\/#\/schema\/logo\/image\/","url":"https:\/\/kapitalis.com\/tunisie\/wp-content\/uploads\/2022\/05\/Kapitalis-big-size.png","contentUrl":"https:\/\/kapitalis.com\/tunisie\/wp-content\/uploads\/2022\/05\/Kapitalis-big-size.png","width":5000,"height":1500,"caption":"Kapitalis"},"image":{"@id":"https:\/\/kapitalis.com\/tunisie\/#\/schema\/logo\/image\/"},"sameAs":["https:\/\/www.facebook.com\/KapitalisInfo\/","https:\/\/x.com\/KapitalisInfo","https:\/\/www.youtube.com\/channel\/UC-yDYrHyfFBWWZaOw3FPg9Q"]},{"@type":"Person","@id":"https:\/\/kapitalis.com\/tunisie\/#\/schema\/person\/d71f33a9ca44f7bad4698210b480c8e9","name":"webmaster kapitalis","url":"https:\/\/kapitalis.com\/tunisie\/author\/webmaster-kapitalis\/"}]}},"_links":{"self":[{"href":"https:\/\/kapitalis.com\/tunisie\/wp-json\/wp\/v2\/posts\/19548542","targetHints":{"allow":["GET"]}}],"collection":[{"href":"https:\/\/kapitalis.com\/tunisie\/wp-json\/wp\/v2\/posts"}],"about":[{"href":"https:\/\/kapitalis.com\/tunisie\/wp-json\/wp\/v2\/types\/post"}],"author":[{"embeddable":true,"href":"https:\/\/kapitalis.com\/tunisie\/wp-json\/wp\/v2\/users\/8"}],"replies":[{"embeddable":true,"href":"https:\/\/kapitalis.com\/tunisie\/wp-json\/wp\/v2\/comments?post=19548542"}],"version-history":[{"count":1,"href":"https:\/\/kapitalis.com\/tunisie\/wp-json\/wp\/v2\/posts\/19548542\/revisions"}],"predecessor-version":[{"id":19548600,"href":"https:\/\/kapitalis.com\/tunisie\/wp-json\/wp\/v2\/posts\/19548542\/revisions\/19548600"}],"wp:featuredmedia":[{"embeddable":true,"href":"https:\/\/kapitalis.com\/tunisie\/wp-json\/wp\/v2\/media\/19548567"}],"wp:attachment":[{"href":"https:\/\/kapitalis.com\/tunisie\/wp-json\/wp\/v2\/media?parent=19548542"}],"wp:term":[{"taxonomy":"category","embeddable":true,"href":"https:\/\/kapitalis.com\/tunisie\/wp-json\/wp\/v2\/categories?post=19548542"},{"taxonomy":"post_tag","embeddable":true,"href":"https:\/\/kapitalis.com\/tunisie\/wp-json\/wp\/v2\/tags?post=19548542"}],"curies":[{"name":"wp","href":"https:\/\/api.w.org\/{rel}","templated":true}]}}