{"id":19548970,"date":"2026-09-01T11:30:50","date_gmt":"2026-09-01T10:30:50","guid":{"rendered":"https:\/\/kapitalis.com\/tunisie\/?p=19548970"},"modified":"2026-09-01T11:30:52","modified_gmt":"2026-09-01T10:30:52","slug":"trois-jours-apres-lincendie-de-bargou-non-encore-maitrise","status":"publish","type":"post","link":"https:\/\/kapitalis.com\/tunisie\/2026\/09\/01\/trois-jours-apres-lincendie-de-bargou-non-encore-maitrise\/","title":{"rendered":"Trois jours apr\u00e8s, l\u2019incendie de Bargou non encore ma\u00eetris\u00e9"},"content":{"rendered":"\n<p class=\"wp-block-paragraph\"><strong><em>La vitesse du vent a contribu\u00e9, lundi soir 1<sup>er<\/sup> septembre 2026, \u00e0 l\u2019extension de l\u2019incendie du mont Boulmane (zone de Mazata) ; les flammes ont atteint la localit\u00e9 d\u2019Ain Boussa\u00e2dia, dans la d\u00e9l\u00e9gation de Bargou, \u00e0 la limite entre les gouvernorats de Siliana et de Kairouan, a indiqu\u00e9 le commissaire r\u00e9gional au d\u00e9veloppement agricole de Siliana, Jamel Ferchichi, cit\u00e9 par l\u2019agence Tap.<\/em><\/strong><\/p>\n\n\n\n<!--more-->\n\n\n\n<p class=\"wp-block-paragraph\">Selon M. Ferchichi, plusieurs familles de la zone d\u2019Ain Boussa\u00e2dia ont \u00e9t\u00e9 \u00e9vacu\u00e9es par des bus de la Soci\u00e9t\u00e9 r\u00e9gionale de transport de Siliana et h\u00e9berg\u00e9es au centre de stages et de vill\u00e9giature de la r\u00e9gion pour assurer leur s\u00e9curit\u00e9, confirmant qu\u2019aucune perte humaine n\u2019a \u00e9t\u00e9 enregistr\u00e9e.<\/p>\n\n\n\n<p class=\"wp-block-paragraph\">Le responsable a qualifi\u00e9 de <em>\u00abcritique\u00bb<\/em> la situation de l\u2019incendie du mont Bargou, qui se poursuit ce mardi matin, 2 septembre, soulignant qu\u2019elle n\u00e9cessite une surveillance et une vigilance accrues.<\/p>\n\n\n\n<p class=\"wp-block-paragraph\">Deux avions militaires sont intervenus \u00e0 plusieurs reprises pour \u00e9teindre des foyers d\u2019incendie difficiles d\u2019acc\u00e8s par voie terrestre, a ajout\u00e9 le responsable, en pr\u00e9cisant que d\u2019importants renforts \u2014 compos\u00e9s de camions de pompiers des services des for\u00eats et de la Protection civile \u2014 sont arriv\u00e9s depuis les gouvernorats de Zaghouan, Kairouan et Le Kef.<\/p>\n\n\n\n<p class=\"wp-block-paragraph\">Jamel Ferchichi a indiqu\u00e9 que tous les membres du comit\u00e9 r\u00e9gional de pr\u00e9vention et de lutte contre les catastrophes et d\u2019organisation des secours sont mobilis\u00e9s sur place depuis plus de trois jours pour ma\u00eetriser l\u2019incendie. Parall\u00e8lement, les \u00e9quipes de terrain \u2014 incluant les agents des for\u00eats, les unit\u00e9s de la protection civile, les services de la direction r\u00e9gionale de l\u2019\u00e9quipement et de l\u2019habitat, ainsi que des habitants de Bargou et des b\u00e9n\u00e9voles \u2014 poursuivent les op\u00e9rations d\u2019extinction du feu.<\/p>\n\n\n\n<p class=\"wp-block-paragraph\">Il convient de noter que dix familles du douar El Qasmia, situ\u00e9 \u00e0 proximit\u00e9 imm\u00e9diate de la montagne, ont \u00e9t\u00e9 \u00e9vacu\u00e9es et h\u00e9berg\u00e9es dans un \u00e9tablissement scolaire de la ville de Bargou.<\/p>\n\n\n\n<p class=\"wp-block-paragraph\">Par ailleurs, l\u2019h\u00f4pital local a accueilli, dimanche, 18 personnes \u00e2g\u00e9es de 10 mois \u00e0 89 ans, victimes de crises de panique provoqu\u00e9es par la reprise des flammes.<\/p>\n\n\n\n<p class=\"has-text-align-right wp-block-paragraph\"><strong>I. B.<\/strong><\/p>\n\n\n\n<p class=\"wp-block-paragraph\"><\/p>\n","protected":false},"excerpt":{"rendered":"<p>L\u2019extension de l\u2019incendie dans la r\u00e9gion de Bargou (Siliana), attis\u00e9 par la vitesse du vent, rend difficile les secours.  <\/p>\n","protected":false},"author":8,"featured_media":19548981,"comment_status":"open","ping_status":"open","sticky":false,"template":"","format":"standard","meta":{"footnotes":""},"categories":[998,2433],"tags":[129946,11107,1035,64557,754,2763],"class_list":["post-19548970","post","type-post","status-publish","format-standard","has-post-thumbnail","hentry","category-societe","category-tunisie","tag-ain-boussaadia","tag-bargou","tag-incendie","tag-kairouan","tag-protection-civile","tag-siliana"],"yoast_head":"<!-- This site is optimized with the Yoast SEO plugin v26.6 - https:\/\/yoast.com\/wordpress\/plugins\/seo\/ -->\n<title>Trois jours apr\u00e8s, l\u2019incendie de Bargou non encore ma\u00eetris\u00e9 - Kapitalis<\/title>\n<meta name=\"description\" content=\"L\u2019extension de l\u2019incendie dans la r\u00e9gion de Bargou (Siliana), attis\u00e9 par la vitesse du vent, rend difficile les secours.\" \/>\n<meta name=\"robots\" content=\"index, follow, max-snippet:-1, max-image-preview:large, max-video-preview:-1\" \/>\n<link rel=\"canonical\" href=\"https:\/\/kapitalis.com\/tunisie\/2026\/09\/01\/trois-jours-apres-lincendie-de-bargou-non-encore-maitrise\/\" \/>\n<meta property=\"og:locale\" content=\"fr_FR\" \/>\n<meta property=\"og:type\" content=\"article\" \/>\n<meta property=\"og:title\" content=\"Trois jours apr\u00e8s, l\u2019incendie de Bargou non encore ma\u00eetris\u00e9 - Kapitalis\" \/>\n<meta property=\"og:description\" content=\"L\u2019extension de l\u2019incendie dans la r\u00e9gion de Bargou (Siliana), attis\u00e9 par la vitesse du vent, rend difficile les secours.\" \/>\n<meta property=\"og:url\" content=\"https:\/\/kapitalis.com\/tunisie\/2026\/09\/01\/trois-jours-apres-lincendie-de-bargou-non-encore-maitrise\/\" \/>\n<meta property=\"og:site_name\" content=\"Kapitalis\" \/>\n<meta property=\"article:publisher\" content=\"https:\/\/www.facebook.com\/KapitalisInfo\/\" \/>\n<meta property=\"article:published_time\" content=\"2026-09-01T10:30:50+00:00\" \/>\n<meta property=\"article:modified_time\" content=\"2026-09-01T10:30:52+00:00\" \/>\n<meta property=\"og:image\" content=\"https:\/\/kapitalis.com\/tunisie\/wp-content\/uploads\/2026\/09\/Incendie-Bargou.jpg\" \/>\n\t<meta property=\"og:image:width\" content=\"1200\" \/>\n\t<meta property=\"og:image:height\" content=\"630\" \/>\n\t<meta property=\"og:image:type\" content=\"image\/jpeg\" \/>\n<meta name=\"author\" content=\"webmaster kapitalis\" \/>\n<meta name=\"twitter:card\" content=\"summary_large_image\" \/>\n<meta name=\"twitter:creator\" content=\"@KapitalisInfo\" \/>\n<meta name=\"twitter:site\" content=\"@KapitalisInfo\" \/>\n<meta name=\"twitter:label1\" content=\"\u00c9crit par\" \/>\n\t<meta name=\"twitter:data1\" content=\"webmaster kapitalis\" \/>\n\t<meta name=\"twitter:label2\" content=\"Dur\u00e9e de lecture estim\u00e9e\" \/>\n\t<meta name=\"twitter:data2\" content=\"2 minutes\" \/>\n<script type=\"application\/ld+json\" class=\"yoast-schema-graph\">{\"@context\":\"https:\/\/schema.org\",\"@graph\":[{\"@type\":\"Article\",\"@id\":\"https:\/\/kapitalis.com\/tunisie\/2026\/09\/01\/trois-jours-apres-lincendie-de-bargou-non-encore-maitrise\/#article\",\"isPartOf\":{\"@id\":\"https:\/\/kapitalis.com\/tunisie\/2026\/09\/01\/trois-jours-apres-lincendie-de-bargou-non-encore-maitrise\/\"},\"author\":{\"name\":\"webmaster kapitalis\",\"@id\":\"https:\/\/kapitalis.com\/tunisie\/#\/schema\/person\/d71f33a9ca44f7bad4698210b480c8e9\"},\"headline\":\"Trois jours apr\u00e8s, l\u2019incendie de Bargou non encore ma\u00eetris\u00e9\",\"datePublished\":\"2026-09-01T10:30:50+00:00\",\"dateModified\":\"2026-09-01T10:30:52+00:00\",\"mainEntityOfPage\":{\"@id\":\"https:\/\/kapitalis.com\/tunisie\/2026\/09\/01\/trois-jours-apres-lincendie-de-bargou-non-encore-maitrise\/\"},\"wordCount\":387,\"commentCount\":0,\"publisher\":{\"@id\":\"https:\/\/kapitalis.com\/tunisie\/#organization\"},\"image\":{\"@id\":\"https:\/\/kapitalis.com\/tunisie\/2026\/09\/01\/trois-jours-apres-lincendie-de-bargou-non-encore-maitrise\/#primaryimage\"},\"thumbnailUrl\":\"https:\/\/kapitalis.com\/tunisie\/wp-content\/uploads\/2026\/09\/Incendie-Bargou.jpg\",\"keywords\":[\"A\u00efn Boussa\u00e2dia\",\"Bargou\",\"Incendie\",\"Kairouan\",\"protection civile\",\"Siliana\"],\"articleSection\":[\"SOCIETE\",\"Tunisie\"],\"inLanguage\":\"fr-FR\",\"potentialAction\":[{\"@type\":\"CommentAction\",\"name\":\"Comment\",\"target\":[\"https:\/\/kapitalis.com\/tunisie\/2026\/09\/01\/trois-jours-apres-lincendie-de-bargou-non-encore-maitrise\/#respond\"]}]},{\"@type\":\"WebPage\",\"@id\":\"https:\/\/kapitalis.com\/tunisie\/2026\/09\/01\/trois-jours-apres-lincendie-de-bargou-non-encore-maitrise\/\",\"url\":\"https:\/\/kapitalis.com\/tunisie\/2026\/09\/01\/trois-jours-apres-lincendie-de-bargou-non-encore-maitrise\/\",\"name\":\"Trois jours apr\u00e8s, l\u2019incendie de Bargou non encore ma\u00eetris\u00e9 - Kapitalis\",\"isPartOf\":{\"@id\":\"https:\/\/kapitalis.com\/tunisie\/#website\"},\"primaryImageOfPage\":{\"@id\":\"https:\/\/kapitalis.com\/tunisie\/2026\/09\/01\/trois-jours-apres-lincendie-de-bargou-non-encore-maitrise\/#primaryimage\"},\"image\":{\"@id\":\"https:\/\/kapitalis.com\/tunisie\/2026\/09\/01\/trois-jours-apres-lincendie-de-bargou-non-encore-maitrise\/#primaryimage\"},\"thumbnailUrl\":\"https:\/\/kapitalis.com\/tunisie\/wp-content\/uploads\/2026\/09\/Incendie-Bargou.jpg\",\"datePublished\":\"2026-09-01T10:30:50+00:00\",\"dateModified\":\"2026-09-01T10:30:52+00:00\",\"description\":\"L\u2019extension de l\u2019incendie dans la r\u00e9gion de Bargou (Siliana), attis\u00e9 par la vitesse du vent, rend difficile les secours.\",\"breadcrumb\":{\"@id\":\"https:\/\/kapitalis.com\/tunisie\/2026\/09\/01\/trois-jours-apres-lincendie-de-bargou-non-encore-maitrise\/#breadcrumb\"},\"inLanguage\":\"fr-FR\",\"potentialAction\":[{\"@type\":\"ReadAction\",\"target\":[\"https:\/\/kapitalis.com\/tunisie\/2026\/09\/01\/trois-jours-apres-lincendie-de-bargou-non-encore-maitrise\/\"]}]},{\"@type\":\"ImageObject\",\"inLanguage\":\"fr-FR\",\"@id\":\"https:\/\/kapitalis.com\/tunisie\/2026\/09\/01\/trois-jours-apres-lincendie-de-bargou-non-encore-maitrise\/#primaryimage\",\"url\":\"https:\/\/kapitalis.com\/tunisie\/wp-content\/uploads\/2026\/09\/Incendie-Bargou.jpg\",\"contentUrl\":\"https:\/\/kapitalis.com\/tunisie\/wp-content\/uploads\/2026\/09\/Incendie-Bargou.jpg\",\"width\":1200,\"height\":630},{\"@type\":\"BreadcrumbList\",\"@id\":\"https:\/\/kapitalis.com\/tunisie\/2026\/09\/01\/trois-jours-apres-lincendie-de-bargou-non-encore-maitrise\/#breadcrumb\",\"itemListElement\":[{\"@type\":\"ListItem\",\"position\":1,\"name\":\"Accueil\",\"item\":\"https:\/\/kapitalis.com\/tunisie\/\"},{\"@type\":\"ListItem\",\"position\":2,\"name\":\"Trois jours apr\u00e8s, l\u2019incendie de Bargou non encore ma\u00eetris\u00e9\"}]},{\"@type\":\"WebSite\",\"@id\":\"https:\/\/kapitalis.com\/tunisie\/#website\",\"url\":\"https:\/\/kapitalis.com\/tunisie\/\",\"name\":\"Kapitalis\",\"description\":\"L&#039;actualit\u00e9 en Tunisie et dans le monde\",\"publisher\":{\"@id\":\"https:\/\/kapitalis.com\/tunisie\/#organization\"},\"potentialAction\":[{\"@type\":\"SearchAction\",\"target\":{\"@type\":\"EntryPoint\",\"urlTemplate\":\"https:\/\/kapitalis.com\/tunisie\/?s={search_term_string}\"},\"query-input\":{\"@type\":\"PropertyValueSpecification\",\"valueRequired\":true,\"valueName\":\"search_term_string\"}}],\"inLanguage\":\"fr-FR\"},{\"@type\":\"Organization\",\"@id\":\"https:\/\/kapitalis.com\/tunisie\/#organization\",\"name\":\"Kapitalis\",\"url\":\"https:\/\/kapitalis.com\/tunisie\/\",\"logo\":{\"@type\":\"ImageObject\",\"inLanguage\":\"fr-FR\",\"@id\":\"https:\/\/kapitalis.com\/tunisie\/#\/schema\/logo\/image\/\",\"url\":\"https:\/\/kapitalis.com\/tunisie\/wp-content\/uploads\/2022\/05\/Kapitalis-big-size.png\",\"contentUrl\":\"https:\/\/kapitalis.com\/tunisie\/wp-content\/uploads\/2022\/05\/Kapitalis-big-size.png\",\"width\":5000,\"height\":1500,\"caption\":\"Kapitalis\"},\"image\":{\"@id\":\"https:\/\/kapitalis.com\/tunisie\/#\/schema\/logo\/image\/\"},\"sameAs\":[\"https:\/\/www.facebook.com\/KapitalisInfo\/\",\"https:\/\/x.com\/KapitalisInfo\",\"https:\/\/www.youtube.com\/channel\/UC-yDYrHyfFBWWZaOw3FPg9Q\"]},{\"@type\":\"Person\",\"@id\":\"https:\/\/kapitalis.com\/tunisie\/#\/schema\/person\/d71f33a9ca44f7bad4698210b480c8e9\",\"name\":\"webmaster kapitalis\",\"url\":\"https:\/\/kapitalis.com\/tunisie\/author\/webmaster-kapitalis\/\"}]}<\/script>\n<!-- \/ Yoast SEO plugin. -->","yoast_head_json":{"title":"Trois jours apr\u00e8s, l\u2019incendie de Bargou non encore ma\u00eetris\u00e9 - Kapitalis","description":"L\u2019extension de l\u2019incendie dans la r\u00e9gion de Bargou (Siliana), attis\u00e9 par la vitesse du vent, rend difficile les secours.","robots":{"index":"index","follow":"follow","max-snippet":"max-snippet:-1","max-image-preview":"max-image-preview:large","max-video-preview":"max-video-preview:-1"},"canonical":"https:\/\/kapitalis.com\/tunisie\/2026\/09\/01\/trois-jours-apres-lincendie-de-bargou-non-encore-maitrise\/","og_locale":"fr_FR","og_type":"article","og_title":"Trois jours apr\u00e8s, l\u2019incendie de Bargou non encore ma\u00eetris\u00e9 - Kapitalis","og_description":"L\u2019extension de l\u2019incendie dans la r\u00e9gion de Bargou (Siliana), attis\u00e9 par la vitesse du vent, rend difficile les secours.","og_url":"https:\/\/kapitalis.com\/tunisie\/2026\/09\/01\/trois-jours-apres-lincendie-de-bargou-non-encore-maitrise\/","og_site_name":"Kapitalis","article_publisher":"https:\/\/www.facebook.com\/KapitalisInfo\/","article_published_time":"2026-09-01T10:30:50+00:00","article_modified_time":"2026-09-01T10:30:52+00:00","og_image":[{"width":1200,"height":630,"url":"https:\/\/kapitalis.com\/tunisie\/wp-content\/uploads\/2026\/09\/Incendie-Bargou.jpg","type":"image\/jpeg"}],"author":"webmaster kapitalis","twitter_card":"summary_large_image","twitter_creator":"@KapitalisInfo","twitter_site":"@KapitalisInfo","twitter_misc":{"\u00c9crit par":"webmaster kapitalis","Dur\u00e9e de lecture estim\u00e9e":"2 minutes"},"schema":{"@context":"https:\/\/schema.org","@graph":[{"@type":"Article","@id":"https:\/\/kapitalis.com\/tunisie\/2026\/09\/01\/trois-jours-apres-lincendie-de-bargou-non-encore-maitrise\/#article","isPartOf":{"@id":"https:\/\/kapitalis.com\/tunisie\/2026\/09\/01\/trois-jours-apres-lincendie-de-bargou-non-encore-maitrise\/"},"author":{"name":"webmaster kapitalis","@id":"https:\/\/kapitalis.com\/tunisie\/#\/schema\/person\/d71f33a9ca44f7bad4698210b480c8e9"},"headline":"Trois jours apr\u00e8s, l\u2019incendie de Bargou non encore ma\u00eetris\u00e9","datePublished":"2026-09-01T10:30:50+00:00","dateModified":"2026-09-01T10:30:52+00:00","mainEntityOfPage":{"@id":"https:\/\/kapitalis.com\/tunisie\/2026\/09\/01\/trois-jours-apres-lincendie-de-bargou-non-encore-maitrise\/"},"wordCount":387,"commentCount":0,"publisher":{"@id":"https:\/\/kapitalis.com\/tunisie\/#organization"},"image":{"@id":"https:\/\/kapitalis.com\/tunisie\/2026\/09\/01\/trois-jours-apres-lincendie-de-bargou-non-encore-maitrise\/#primaryimage"},"thumbnailUrl":"https:\/\/kapitalis.com\/tunisie\/wp-content\/uploads\/2026\/09\/Incendie-Bargou.jpg","keywords":["A\u00efn Boussa\u00e2dia","Bargou","Incendie","Kairouan","protection civile","Siliana"],"articleSection":["SOCIETE","Tunisie"],"inLanguage":"fr-FR","potentialAction":[{"@type":"CommentAction","name":"Comment","target":["https:\/\/kapitalis.com\/tunisie\/2026\/09\/01\/trois-jours-apres-lincendie-de-bargou-non-encore-maitrise\/#respond"]}]},{"@type":"WebPage","@id":"https:\/\/kapitalis.com\/tunisie\/2026\/09\/01\/trois-jours-apres-lincendie-de-bargou-non-encore-maitrise\/","url":"https:\/\/kapitalis.com\/tunisie\/2026\/09\/01\/trois-jours-apres-lincendie-de-bargou-non-encore-maitrise\/","name":"Trois jours apr\u00e8s, l\u2019incendie de Bargou non encore ma\u00eetris\u00e9 - Kapitalis","isPartOf":{"@id":"https:\/\/kapitalis.com\/tunisie\/#website"},"primaryImageOfPage":{"@id":"https:\/\/kapitalis.com\/tunisie\/2026\/09\/01\/trois-jours-apres-lincendie-de-bargou-non-encore-maitrise\/#primaryimage"},"image":{"@id":"https:\/\/kapitalis.com\/tunisie\/2026\/09\/01\/trois-jours-apres-lincendie-de-bargou-non-encore-maitrise\/#primaryimage"},"thumbnailUrl":"https:\/\/kapitalis.com\/tunisie\/wp-content\/uploads\/2026\/09\/Incendie-Bargou.jpg","datePublished":"2026-09-01T10:30:50+00:00","dateModified":"2026-09-01T10:30:52+00:00","description":"L\u2019extension de l\u2019incendie dans la r\u00e9gion de Bargou (Siliana), attis\u00e9 par la vitesse du vent, rend difficile les secours.","breadcrumb":{"@id":"https:\/\/kapitalis.com\/tunisie\/2026\/09\/01\/trois-jours-apres-lincendie-de-bargou-non-encore-maitrise\/#breadcrumb"},"inLanguage":"fr-FR","potentialAction":[{"@type":"ReadAction","target":["https:\/\/kapitalis.com\/tunisie\/2026\/09\/01\/trois-jours-apres-lincendie-de-bargou-non-encore-maitrise\/"]}]},{"@type":"ImageObject","inLanguage":"fr-FR","@id":"https:\/\/kapitalis.com\/tunisie\/2026\/09\/01\/trois-jours-apres-lincendie-de-bargou-non-encore-maitrise\/#primaryimage","url":"https:\/\/kapitalis.com\/tunisie\/wp-content\/uploads\/2026\/09\/Incendie-Bargou.jpg","contentUrl":"https:\/\/kapitalis.com\/tunisie\/wp-content\/uploads\/2026\/09\/Incendie-Bargou.jpg","width":1200,"height":630},{"@type":"BreadcrumbList","@id":"https:\/\/kapitalis.com\/tunisie\/2026\/09\/01\/trois-jours-apres-lincendie-de-bargou-non-encore-maitrise\/#breadcrumb","itemListElement":[{"@type":"ListItem","position":1,"name":"Accueil","item":"https:\/\/kapitalis.com\/tunisie\/"},{"@type":"ListItem","position":2,"name":"Trois jours apr\u00e8s, l\u2019incendie de Bargou non encore ma\u00eetris\u00e9"}]},{"@type":"WebSite","@id":"https:\/\/kapitalis.com\/tunisie\/#website","url":"https:\/\/kapitalis.com\/tunisie\/","name":"Kapitalis","description":"L&#039;actualit\u00e9 en Tunisie et dans le monde","publisher":{"@id":"https:\/\/kapitalis.com\/tunisie\/#organization"},"potentialAction":[{"@type":"SearchAction","target":{"@type":"EntryPoint","urlTemplate":"https:\/\/kapitalis.com\/tunisie\/?s={search_term_string}"},"query-input":{"@type":"PropertyValueSpecification","valueRequired":true,"valueName":"search_term_string"}}],"inLanguage":"fr-FR"},{"@type":"Organization","@id":"https:\/\/kapitalis.com\/tunisie\/#organization","name":"Kapitalis","url":"https:\/\/kapitalis.com\/tunisie\/","logo":{"@type":"ImageObject","inLanguage":"fr-FR","@id":"https:\/\/kapitalis.com\/tunisie\/#\/schema\/logo\/image\/","url":"https:\/\/kapitalis.com\/tunisie\/wp-content\/uploads\/2022\/05\/Kapitalis-big-size.png","contentUrl":"https:\/\/kapitalis.com\/tunisie\/wp-content\/uploads\/2022\/05\/Kapitalis-big-size.png","width":5000,"height":1500,"caption":"Kapitalis"},"image":{"@id":"https:\/\/kapitalis.com\/tunisie\/#\/schema\/logo\/image\/"},"sameAs":["https:\/\/www.facebook.com\/KapitalisInfo\/","https:\/\/x.com\/KapitalisInfo","https:\/\/www.youtube.com\/channel\/UC-yDYrHyfFBWWZaOw3FPg9Q"]},{"@type":"Person","@id":"https:\/\/kapitalis.com\/tunisie\/#\/schema\/person\/d71f33a9ca44f7bad4698210b480c8e9","name":"webmaster kapitalis","url":"https:\/\/kapitalis.com\/tunisie\/author\/webmaster-kapitalis\/"}]}},"_links":{"self":[{"href":"https:\/\/kapitalis.com\/tunisie\/wp-json\/wp\/v2\/posts\/19548970","targetHints":{"allow":["GET"]}}],"collection":[{"href":"https:\/\/kapitalis.com\/tunisie\/wp-json\/wp\/v2\/posts"}],"about":[{"href":"https:\/\/kapitalis.com\/tunisie\/wp-json\/wp\/v2\/types\/post"}],"author":[{"embeddable":true,"href":"https:\/\/kapitalis.com\/tunisie\/wp-json\/wp\/v2\/users\/8"}],"replies":[{"embeddable":true,"href":"https:\/\/kapitalis.com\/tunisie\/wp-json\/wp\/v2\/comments?post=19548970"}],"version-history":[{"count":1,"href":"https:\/\/kapitalis.com\/tunisie\/wp-json\/wp\/v2\/posts\/19548970\/revisions"}],"predecessor-version":[{"id":19548992,"href":"https:\/\/kapitalis.com\/tunisie\/wp-json\/wp\/v2\/posts\/19548970\/revisions\/19548992"}],"wp:featuredmedia":[{"embeddable":true,"href":"https:\/\/kapitalis.com\/tunisie\/wp-json\/wp\/v2\/media\/19548981"}],"wp:attachment":[{"href":"https:\/\/kapitalis.com\/tunisie\/wp-json\/wp\/v2\/media?parent=19548970"}],"wp:term":[{"taxonomy":"category","embeddable":true,"href":"https:\/\/kapitalis.com\/tunisie\/wp-json\/wp\/v2\/categories?post=19548970"},{"taxonomy":"post_tag","embeddable":true,"href":"https:\/\/kapitalis.com\/tunisie\/wp-json\/wp\/v2\/tags?post=19548970"}],"curies":[{"name":"wp","href":"https:\/\/api.w.org\/{rel}","templated":true}]}}