{"id":19549179,"date":"2026-09-01T12:19:16","date_gmt":"2026-09-01T11:19:16","guid":{"rendered":"https:\/\/kapitalis.com\/tunisie\/?p=19549179"},"modified":"2026-09-01T12:24:51","modified_gmt":"2026-09-01T11:24:51","slug":"plus-de-5-000-deces-lies-a-la-chaleur-en-espagne-0-en-tunisie","status":"publish","type":"post","link":"https:\/\/kapitalis.com\/tunisie\/2026\/09\/01\/plus-de-5-000-deces-lies-a-la-chaleur-en-espagne-0-en-tunisie\/","title":{"rendered":"Plus de 5 000 d\u00e9c\u00e8s li\u00e9s \u00e0 la chaleur en Espagne, 0 en Tunisie\u00a0!"},"content":{"rendered":"\n<p class=\"wp-block-paragraph\"><strong><em>L\u2019Espagne a annonc\u00e9 un lourd bilan de d\u00e9c\u00e8s caus\u00e9s par la chaleur entre le 1<sup>er<\/sup> juin et le 31 ao\u00fbt 2026. C\u2019est un record pour cette p\u00e9riode depuis que l\u2019Institut de sant\u00e9 Carlos III a commenc\u00e9 \u00e0 collecter ces donn\u00e9es en 2015. En Tunisie, le minist\u00e8re de la Sant\u00e9 refuse toujours de communiquer sur le nombre de d\u00e9c\u00e8s caus\u00e9s par la canicule s\u00e9vissant depuis plusieurs semaines dans le pays, et ce, malgr\u00e9 les <a href=\"https:\/\/kapitalis.com\/tunisie\/2026\/08\/29\/tunisie-les-autorites-ne-communiquent-pas-le-nombre-de-morts-liees-a-la-canicule\/\" target=\"_blank\" rel=\"noreferrer noopener\">interpellations <\/a>\u00e0 ce propos de la part des professionnels de la sant\u00e9 op\u00e9rant dans les h\u00f4pitaux publics. \u00a0\u00a0<\/em><\/strong><\/p>\n\n\n\n<!--more-->\n\n\n\n<p class=\"wp-block-paragraph\">En Espagne, la chaleur a caus\u00e9 la mort de 2 025 personnes en juin, 937 en juillet et 2 149 en ao\u00fbt, soit un total de 5 111 d\u00e9c\u00e8s, selon les donn\u00e9es de l\u2019institut cit\u00e9es par l\u2019AFP.<\/p>\n\n\n\n<p class=\"wp-block-paragraph\">Le pr\u00e9c\u00e9dent record pour ces trois mois datait de 2022, ann\u00e9e o\u00f9 4 652 d\u00e9c\u00e8s li\u00e9s \u00e0 la chaleur avaient \u00e9t\u00e9 enregistr\u00e9s.<\/p>\n\n\n\n<p class=\"wp-block-paragraph\">Ces estimations reposent sur le syst\u00e8me <em>\u00abMoMo\u00bb<\/em> (surveillance de la mortalit\u00e9), qui recense quotidiennement les d\u00e9c\u00e8s en Espagne et calcule l\u2019\u00e9cart entre le nombre de d\u00e9c\u00e8s r\u00e9els et celui des d\u00e9c\u00e8s attendus, sur la base de donn\u00e9es historiques.<\/p>\n\n\n\n<p class=\"wp-block-paragraph\">Le pays devrait conna\u00eetre une nouvelle hausse des temp\u00e9ratures dans les prochains jours, alors que celles-ci \u00e9taient <em>\u00abinf\u00e9rieures aux normales saisonni\u00e8res dans plusieurs r\u00e9gions ces derniers jours\u00bb<\/em>, selon l\u2019agence m\u00e9t\u00e9orologique nationale ; cette derni\u00e8re a \u00e9galement averti que les temp\u00e9ratures pourraient d\u00e9passer les normales de quelque 10 degr\u00e9s Celsius au cours du mois de septembre.<\/p>\n\n\n\n<p class=\"wp-block-paragraph\">Les temp\u00e9ratures en Tunisie au cours des prochains jours seront tout aussi \u00e9lev\u00e9es et il est fort \u00e0 parier, \u00e9tant donn\u00e9 le manque de m\u00e9decins, de personnel soignant, d\u2019\u00e9quipements et m\u00eame de m\u00e9dicaments dans nos h\u00f4pitaux publics, que le nombre de morts caus\u00e9es par la canicule va continuer \u00e0 augmenter. Est-ce que le minist\u00e8re de la Sant\u00e9 va se r\u00e9signer enfin \u00e0 informer le public sur les d\u00e9g\u00e2ts caus\u00e9s par la canicule sur la sant\u00e9 publique, ou va-t-il poursuivre dans sa politique de d\u00e9ni qui consiste \u00e0 n\u2019annoncer que les bonnes nouvelles, si ch\u00e8re au ministre Mustapha Ferjani\u00a0? <\/p>\n\n\n\n<p class=\"has-text-align-right wp-block-paragraph\"><strong>I. B.<\/strong><\/p>\n\n\n\n<figure class=\"wp-block-embed alignleft is-type-wp-embed is-provider-kapitalis wp-block-embed-kapitalis\"><div class=\"wp-block-embed__wrapper\">\n<blockquote class=\"wp-embedded-content\" data-secret=\"yuOzxGhdAp\"><a href=\"https:\/\/kapitalis.com\/tunisie\/2026\/08\/29\/tunisie-les-autorites-ne-communiquent-pas-le-nombre-de-morts-liees-a-la-canicule\/\">Tunisie | Les autorit\u00e9s ne communiquent pas le nombre de morts li\u00e9es \u00e0 la canicule<\/a><\/blockquote><iframe loading=\"lazy\" class=\"wp-embedded-content\" sandbox=\"allow-scripts\" security=\"restricted\" style=\"position: absolute; visibility: hidden;\" title=\"\u00ab\u00a0Tunisie | Les autorit\u00e9s ne communiquent pas le nombre de morts li\u00e9es \u00e0 la canicule\u00a0\u00bb \u2014 Kapitalis\" src=\"https:\/\/kapitalis.com\/tunisie\/2026\/08\/29\/tunisie-les-autorites-ne-communiquent-pas-le-nombre-de-morts-liees-a-la-canicule\/embed\/#?secret=uD68oLEAYO#?secret=yuOzxGhdAp\" data-secret=\"yuOzxGhdAp\" width=\"600\" height=\"338\" frameborder=\"0\" marginwidth=\"0\" marginheight=\"0\" scrolling=\"no\"><\/iframe>\n<\/div><\/figure>\n","protected":false},"excerpt":{"rendered":"<p>L&rsquo;Espagne a annonc\u00e9  5 111 d\u00e9c\u00e8s par la chaleur en 3 mois. En Tunisie, le ministre de la Sant\u00e9 garde ls chiffres pour lui-m\u00eame.  <\/p>\n","protected":false},"author":8,"featured_media":16182104,"comment_status":"open","ping_status":"open","sticky":false,"template":"","format":"standard","meta":{"footnotes":""},"categories":[998,2433],"tags":[3887,341,77393,810,62643],"class_list":["post-19549179","post","type-post","status-publish","format-standard","has-post-thumbnail","hentry","category-societe","category-tunisie","tag-canicule","tag-espagne","tag-mustapha-ferjani","tag-sante","tag-tunisie"],"yoast_head":"<!-- This site is optimized with the Yoast SEO plugin v26.6 - https:\/\/yoast.com\/wordpress\/plugins\/seo\/ -->\n<title>Plus de 5 000 d\u00e9c\u00e8s li\u00e9s \u00e0 la chaleur en Espagne, 0 en Tunisie\u00a0! - Kapitalis<\/title>\n<meta name=\"description\" content=\"L&#039;Espagne a annonc\u00e9 5 111 d\u00e9c\u00e8s par la chaleur en 3 mois. En Tunisie, le ministre de la Sant\u00e9 garde ls chiffres pour lui-m\u00eame.\" \/>\n<meta name=\"robots\" content=\"index, follow, max-snippet:-1, max-image-preview:large, max-video-preview:-1\" \/>\n<link rel=\"canonical\" href=\"https:\/\/kapitalis.com\/tunisie\/2026\/09\/01\/plus-de-5-000-deces-lies-a-la-chaleur-en-espagne-0-en-tunisie\/\" \/>\n<meta property=\"og:locale\" content=\"fr_FR\" \/>\n<meta property=\"og:type\" content=\"article\" \/>\n<meta property=\"og:title\" content=\"Plus de 5 000 d\u00e9c\u00e8s li\u00e9s \u00e0 la chaleur en Espagne, 0 en Tunisie\u00a0! - Kapitalis\" \/>\n<meta property=\"og:description\" content=\"L&#039;Espagne a annonc\u00e9 5 111 d\u00e9c\u00e8s par la chaleur en 3 mois. En Tunisie, le ministre de la Sant\u00e9 garde ls chiffres pour lui-m\u00eame.\" \/>\n<meta property=\"og:url\" content=\"https:\/\/kapitalis.com\/tunisie\/2026\/09\/01\/plus-de-5-000-deces-lies-a-la-chaleur-en-espagne-0-en-tunisie\/\" \/>\n<meta property=\"og:site_name\" content=\"Kapitalis\" \/>\n<meta property=\"article:publisher\" content=\"https:\/\/www.facebook.com\/KapitalisInfo\/\" \/>\n<meta property=\"article:published_time\" content=\"2026-09-01T11:19:16+00:00\" \/>\n<meta property=\"article:modified_time\" content=\"2026-09-01T11:24:51+00:00\" \/>\n<meta property=\"og:image\" content=\"https:\/\/kapitalis.com\/tunisie\/wp-content\/uploads\/2025\/04\/lit-hopital.jpg\" \/>\n\t<meta property=\"og:image:width\" content=\"1200\" \/>\n\t<meta property=\"og:image:height\" content=\"630\" \/>\n\t<meta property=\"og:image:type\" content=\"image\/jpeg\" \/>\n<meta name=\"author\" content=\"webmaster kapitalis\" \/>\n<meta name=\"twitter:card\" content=\"summary_large_image\" \/>\n<meta name=\"twitter:creator\" content=\"@KapitalisInfo\" \/>\n<meta name=\"twitter:site\" content=\"@KapitalisInfo\" \/>\n<meta name=\"twitter:label1\" content=\"\u00c9crit par\" \/>\n\t<meta name=\"twitter:data1\" content=\"webmaster kapitalis\" \/>\n\t<meta name=\"twitter:label2\" content=\"Dur\u00e9e de lecture estim\u00e9e\" \/>\n\t<meta name=\"twitter:data2\" content=\"2 minutes\" \/>\n<script type=\"application\/ld+json\" class=\"yoast-schema-graph\">{\"@context\":\"https:\/\/schema.org\",\"@graph\":[{\"@type\":\"Article\",\"@id\":\"https:\/\/kapitalis.com\/tunisie\/2026\/09\/01\/plus-de-5-000-deces-lies-a-la-chaleur-en-espagne-0-en-tunisie\/#article\",\"isPartOf\":{\"@id\":\"https:\/\/kapitalis.com\/tunisie\/2026\/09\/01\/plus-de-5-000-deces-lies-a-la-chaleur-en-espagne-0-en-tunisie\/\"},\"author\":{\"name\":\"webmaster kapitalis\",\"@id\":\"https:\/\/kapitalis.com\/tunisie\/#\/schema\/person\/d71f33a9ca44f7bad4698210b480c8e9\"},\"headline\":\"Plus de 5 000 d\u00e9c\u00e8s li\u00e9s \u00e0 la chaleur en Espagne, 0 en Tunisie\u00a0!\",\"datePublished\":\"2026-09-01T11:19:16+00:00\",\"dateModified\":\"2026-09-01T11:24:51+00:00\",\"mainEntityOfPage\":{\"@id\":\"https:\/\/kapitalis.com\/tunisie\/2026\/09\/01\/plus-de-5-000-deces-lies-a-la-chaleur-en-espagne-0-en-tunisie\/\"},\"wordCount\":406,\"commentCount\":0,\"publisher\":{\"@id\":\"https:\/\/kapitalis.com\/tunisie\/#organization\"},\"image\":{\"@id\":\"https:\/\/kapitalis.com\/tunisie\/2026\/09\/01\/plus-de-5-000-deces-lies-a-la-chaleur-en-espagne-0-en-tunisie\/#primaryimage\"},\"thumbnailUrl\":\"https:\/\/kapitalis.com\/tunisie\/wp-content\/uploads\/2025\/04\/lit-hopital.jpg\",\"keywords\":[\"canicule\",\"Espagne\",\"Mustapha Ferjani\",\"Sant\u00e9\",\"Tunisie\"],\"articleSection\":[\"SOCIETE\",\"Tunisie\"],\"inLanguage\":\"fr-FR\",\"potentialAction\":[{\"@type\":\"CommentAction\",\"name\":\"Comment\",\"target\":[\"https:\/\/kapitalis.com\/tunisie\/2026\/09\/01\/plus-de-5-000-deces-lies-a-la-chaleur-en-espagne-0-en-tunisie\/#respond\"]}]},{\"@type\":\"WebPage\",\"@id\":\"https:\/\/kapitalis.com\/tunisie\/2026\/09\/01\/plus-de-5-000-deces-lies-a-la-chaleur-en-espagne-0-en-tunisie\/\",\"url\":\"https:\/\/kapitalis.com\/tunisie\/2026\/09\/01\/plus-de-5-000-deces-lies-a-la-chaleur-en-espagne-0-en-tunisie\/\",\"name\":\"Plus de 5 000 d\u00e9c\u00e8s li\u00e9s \u00e0 la chaleur en Espagne, 0 en Tunisie\u00a0! - Kapitalis\",\"isPartOf\":{\"@id\":\"https:\/\/kapitalis.com\/tunisie\/#website\"},\"primaryImageOfPage\":{\"@id\":\"https:\/\/kapitalis.com\/tunisie\/2026\/09\/01\/plus-de-5-000-deces-lies-a-la-chaleur-en-espagne-0-en-tunisie\/#primaryimage\"},\"image\":{\"@id\":\"https:\/\/kapitalis.com\/tunisie\/2026\/09\/01\/plus-de-5-000-deces-lies-a-la-chaleur-en-espagne-0-en-tunisie\/#primaryimage\"},\"thumbnailUrl\":\"https:\/\/kapitalis.com\/tunisie\/wp-content\/uploads\/2025\/04\/lit-hopital.jpg\",\"datePublished\":\"2026-09-01T11:19:16+00:00\",\"dateModified\":\"2026-09-01T11:24:51+00:00\",\"description\":\"L'Espagne a annonc\u00e9 5 111 d\u00e9c\u00e8s par la chaleur en 3 mois. En Tunisie, le ministre de la Sant\u00e9 garde ls chiffres pour lui-m\u00eame.\",\"breadcrumb\":{\"@id\":\"https:\/\/kapitalis.com\/tunisie\/2026\/09\/01\/plus-de-5-000-deces-lies-a-la-chaleur-en-espagne-0-en-tunisie\/#breadcrumb\"},\"inLanguage\":\"fr-FR\",\"potentialAction\":[{\"@type\":\"ReadAction\",\"target\":[\"https:\/\/kapitalis.com\/tunisie\/2026\/09\/01\/plus-de-5-000-deces-lies-a-la-chaleur-en-espagne-0-en-tunisie\/\"]}]},{\"@type\":\"ImageObject\",\"inLanguage\":\"fr-FR\",\"@id\":\"https:\/\/kapitalis.com\/tunisie\/2026\/09\/01\/plus-de-5-000-deces-lies-a-la-chaleur-en-espagne-0-en-tunisie\/#primaryimage\",\"url\":\"https:\/\/kapitalis.com\/tunisie\/wp-content\/uploads\/2025\/04\/lit-hopital.jpg\",\"contentUrl\":\"https:\/\/kapitalis.com\/tunisie\/wp-content\/uploads\/2025\/04\/lit-hopital.jpg\",\"width\":1200,\"height\":630},{\"@type\":\"BreadcrumbList\",\"@id\":\"https:\/\/kapitalis.com\/tunisie\/2026\/09\/01\/plus-de-5-000-deces-lies-a-la-chaleur-en-espagne-0-en-tunisie\/#breadcrumb\",\"itemListElement\":[{\"@type\":\"ListItem\",\"position\":1,\"name\":\"Accueil\",\"item\":\"https:\/\/kapitalis.com\/tunisie\/\"},{\"@type\":\"ListItem\",\"position\":2,\"name\":\"Plus de 5 000 d\u00e9c\u00e8s li\u00e9s \u00e0 la chaleur en Espagne, 0 en Tunisie\u00a0!\"}]},{\"@type\":\"WebSite\",\"@id\":\"https:\/\/kapitalis.com\/tunisie\/#website\",\"url\":\"https:\/\/kapitalis.com\/tunisie\/\",\"name\":\"Kapitalis\",\"description\":\"L&#039;actualit\u00e9 en Tunisie et dans le monde\",\"publisher\":{\"@id\":\"https:\/\/kapitalis.com\/tunisie\/#organization\"},\"potentialAction\":[{\"@type\":\"SearchAction\",\"target\":{\"@type\":\"EntryPoint\",\"urlTemplate\":\"https:\/\/kapitalis.com\/tunisie\/?s={search_term_string}\"},\"query-input\":{\"@type\":\"PropertyValueSpecification\",\"valueRequired\":true,\"valueName\":\"search_term_string\"}}],\"inLanguage\":\"fr-FR\"},{\"@type\":\"Organization\",\"@id\":\"https:\/\/kapitalis.com\/tunisie\/#organization\",\"name\":\"Kapitalis\",\"url\":\"https:\/\/kapitalis.com\/tunisie\/\",\"logo\":{\"@type\":\"ImageObject\",\"inLanguage\":\"fr-FR\",\"@id\":\"https:\/\/kapitalis.com\/tunisie\/#\/schema\/logo\/image\/\",\"url\":\"https:\/\/kapitalis.com\/tunisie\/wp-content\/uploads\/2022\/05\/Kapitalis-big-size.png\",\"contentUrl\":\"https:\/\/kapitalis.com\/tunisie\/wp-content\/uploads\/2022\/05\/Kapitalis-big-size.png\",\"width\":5000,\"height\":1500,\"caption\":\"Kapitalis\"},\"image\":{\"@id\":\"https:\/\/kapitalis.com\/tunisie\/#\/schema\/logo\/image\/\"},\"sameAs\":[\"https:\/\/www.facebook.com\/KapitalisInfo\/\",\"https:\/\/x.com\/KapitalisInfo\",\"https:\/\/www.youtube.com\/channel\/UC-yDYrHyfFBWWZaOw3FPg9Q\"]},{\"@type\":\"Person\",\"@id\":\"https:\/\/kapitalis.com\/tunisie\/#\/schema\/person\/d71f33a9ca44f7bad4698210b480c8e9\",\"name\":\"webmaster kapitalis\",\"url\":\"https:\/\/kapitalis.com\/tunisie\/author\/webmaster-kapitalis\/\"}]}<\/script>\n<!-- \/ Yoast SEO plugin. -->","yoast_head_json":{"title":"Plus de 5 000 d\u00e9c\u00e8s li\u00e9s \u00e0 la chaleur en Espagne, 0 en Tunisie\u00a0! - Kapitalis","description":"L'Espagne a annonc\u00e9 5 111 d\u00e9c\u00e8s par la chaleur en 3 mois. En Tunisie, le ministre de la Sant\u00e9 garde ls chiffres pour lui-m\u00eame.","robots":{"index":"index","follow":"follow","max-snippet":"max-snippet:-1","max-image-preview":"max-image-preview:large","max-video-preview":"max-video-preview:-1"},"canonical":"https:\/\/kapitalis.com\/tunisie\/2026\/09\/01\/plus-de-5-000-deces-lies-a-la-chaleur-en-espagne-0-en-tunisie\/","og_locale":"fr_FR","og_type":"article","og_title":"Plus de 5 000 d\u00e9c\u00e8s li\u00e9s \u00e0 la chaleur en Espagne, 0 en Tunisie\u00a0! - Kapitalis","og_description":"L'Espagne a annonc\u00e9 5 111 d\u00e9c\u00e8s par la chaleur en 3 mois. En Tunisie, le ministre de la Sant\u00e9 garde ls chiffres pour lui-m\u00eame.","og_url":"https:\/\/kapitalis.com\/tunisie\/2026\/09\/01\/plus-de-5-000-deces-lies-a-la-chaleur-en-espagne-0-en-tunisie\/","og_site_name":"Kapitalis","article_publisher":"https:\/\/www.facebook.com\/KapitalisInfo\/","article_published_time":"2026-09-01T11:19:16+00:00","article_modified_time":"2026-09-01T11:24:51+00:00","og_image":[{"width":1200,"height":630,"url":"https:\/\/kapitalis.com\/tunisie\/wp-content\/uploads\/2025\/04\/lit-hopital.jpg","type":"image\/jpeg"}],"author":"webmaster kapitalis","twitter_card":"summary_large_image","twitter_creator":"@KapitalisInfo","twitter_site":"@KapitalisInfo","twitter_misc":{"\u00c9crit par":"webmaster kapitalis","Dur\u00e9e de lecture estim\u00e9e":"2 minutes"},"schema":{"@context":"https:\/\/schema.org","@graph":[{"@type":"Article","@id":"https:\/\/kapitalis.com\/tunisie\/2026\/09\/01\/plus-de-5-000-deces-lies-a-la-chaleur-en-espagne-0-en-tunisie\/#article","isPartOf":{"@id":"https:\/\/kapitalis.com\/tunisie\/2026\/09\/01\/plus-de-5-000-deces-lies-a-la-chaleur-en-espagne-0-en-tunisie\/"},"author":{"name":"webmaster kapitalis","@id":"https:\/\/kapitalis.com\/tunisie\/#\/schema\/person\/d71f33a9ca44f7bad4698210b480c8e9"},"headline":"Plus de 5 000 d\u00e9c\u00e8s li\u00e9s \u00e0 la chaleur en Espagne, 0 en Tunisie\u00a0!","datePublished":"2026-09-01T11:19:16+00:00","dateModified":"2026-09-01T11:24:51+00:00","mainEntityOfPage":{"@id":"https:\/\/kapitalis.com\/tunisie\/2026\/09\/01\/plus-de-5-000-deces-lies-a-la-chaleur-en-espagne-0-en-tunisie\/"},"wordCount":406,"commentCount":0,"publisher":{"@id":"https:\/\/kapitalis.com\/tunisie\/#organization"},"image":{"@id":"https:\/\/kapitalis.com\/tunisie\/2026\/09\/01\/plus-de-5-000-deces-lies-a-la-chaleur-en-espagne-0-en-tunisie\/#primaryimage"},"thumbnailUrl":"https:\/\/kapitalis.com\/tunisie\/wp-content\/uploads\/2025\/04\/lit-hopital.jpg","keywords":["canicule","Espagne","Mustapha Ferjani","Sant\u00e9","Tunisie"],"articleSection":["SOCIETE","Tunisie"],"inLanguage":"fr-FR","potentialAction":[{"@type":"CommentAction","name":"Comment","target":["https:\/\/kapitalis.com\/tunisie\/2026\/09\/01\/plus-de-5-000-deces-lies-a-la-chaleur-en-espagne-0-en-tunisie\/#respond"]}]},{"@type":"WebPage","@id":"https:\/\/kapitalis.com\/tunisie\/2026\/09\/01\/plus-de-5-000-deces-lies-a-la-chaleur-en-espagne-0-en-tunisie\/","url":"https:\/\/kapitalis.com\/tunisie\/2026\/09\/01\/plus-de-5-000-deces-lies-a-la-chaleur-en-espagne-0-en-tunisie\/","name":"Plus de 5 000 d\u00e9c\u00e8s li\u00e9s \u00e0 la chaleur en Espagne, 0 en Tunisie\u00a0! - Kapitalis","isPartOf":{"@id":"https:\/\/kapitalis.com\/tunisie\/#website"},"primaryImageOfPage":{"@id":"https:\/\/kapitalis.com\/tunisie\/2026\/09\/01\/plus-de-5-000-deces-lies-a-la-chaleur-en-espagne-0-en-tunisie\/#primaryimage"},"image":{"@id":"https:\/\/kapitalis.com\/tunisie\/2026\/09\/01\/plus-de-5-000-deces-lies-a-la-chaleur-en-espagne-0-en-tunisie\/#primaryimage"},"thumbnailUrl":"https:\/\/kapitalis.com\/tunisie\/wp-content\/uploads\/2025\/04\/lit-hopital.jpg","datePublished":"2026-09-01T11:19:16+00:00","dateModified":"2026-09-01T11:24:51+00:00","description":"L'Espagne a annonc\u00e9 5 111 d\u00e9c\u00e8s par la chaleur en 3 mois. En Tunisie, le ministre de la Sant\u00e9 garde ls chiffres pour lui-m\u00eame.","breadcrumb":{"@id":"https:\/\/kapitalis.com\/tunisie\/2026\/09\/01\/plus-de-5-000-deces-lies-a-la-chaleur-en-espagne-0-en-tunisie\/#breadcrumb"},"inLanguage":"fr-FR","potentialAction":[{"@type":"ReadAction","target":["https:\/\/kapitalis.com\/tunisie\/2026\/09\/01\/plus-de-5-000-deces-lies-a-la-chaleur-en-espagne-0-en-tunisie\/"]}]},{"@type":"ImageObject","inLanguage":"fr-FR","@id":"https:\/\/kapitalis.com\/tunisie\/2026\/09\/01\/plus-de-5-000-deces-lies-a-la-chaleur-en-espagne-0-en-tunisie\/#primaryimage","url":"https:\/\/kapitalis.com\/tunisie\/wp-content\/uploads\/2025\/04\/lit-hopital.jpg","contentUrl":"https:\/\/kapitalis.com\/tunisie\/wp-content\/uploads\/2025\/04\/lit-hopital.jpg","width":1200,"height":630},{"@type":"BreadcrumbList","@id":"https:\/\/kapitalis.com\/tunisie\/2026\/09\/01\/plus-de-5-000-deces-lies-a-la-chaleur-en-espagne-0-en-tunisie\/#breadcrumb","itemListElement":[{"@type":"ListItem","position":1,"name":"Accueil","item":"https:\/\/kapitalis.com\/tunisie\/"},{"@type":"ListItem","position":2,"name":"Plus de 5 000 d\u00e9c\u00e8s li\u00e9s \u00e0 la chaleur en Espagne, 0 en Tunisie\u00a0!"}]},{"@type":"WebSite","@id":"https:\/\/kapitalis.com\/tunisie\/#website","url":"https:\/\/kapitalis.com\/tunisie\/","name":"Kapitalis","description":"L&#039;actualit\u00e9 en Tunisie et dans le monde","publisher":{"@id":"https:\/\/kapitalis.com\/tunisie\/#organization"},"potentialAction":[{"@type":"SearchAction","target":{"@type":"EntryPoint","urlTemplate":"https:\/\/kapitalis.com\/tunisie\/?s={search_term_string}"},"query-input":{"@type":"PropertyValueSpecification","valueRequired":true,"valueName":"search_term_string"}}],"inLanguage":"fr-FR"},{"@type":"Organization","@id":"https:\/\/kapitalis.com\/tunisie\/#organization","name":"Kapitalis","url":"https:\/\/kapitalis.com\/tunisie\/","logo":{"@type":"ImageObject","inLanguage":"fr-FR","@id":"https:\/\/kapitalis.com\/tunisie\/#\/schema\/logo\/image\/","url":"https:\/\/kapitalis.com\/tunisie\/wp-content\/uploads\/2022\/05\/Kapitalis-big-size.png","contentUrl":"https:\/\/kapitalis.com\/tunisie\/wp-content\/uploads\/2022\/05\/Kapitalis-big-size.png","width":5000,"height":1500,"caption":"Kapitalis"},"image":{"@id":"https:\/\/kapitalis.com\/tunisie\/#\/schema\/logo\/image\/"},"sameAs":["https:\/\/www.facebook.com\/KapitalisInfo\/","https:\/\/x.com\/KapitalisInfo","https:\/\/www.youtube.com\/channel\/UC-yDYrHyfFBWWZaOw3FPg9Q"]},{"@type":"Person","@id":"https:\/\/kapitalis.com\/tunisie\/#\/schema\/person\/d71f33a9ca44f7bad4698210b480c8e9","name":"webmaster kapitalis","url":"https:\/\/kapitalis.com\/tunisie\/author\/webmaster-kapitalis\/"}]}},"_links":{"self":[{"href":"https:\/\/kapitalis.com\/tunisie\/wp-json\/wp\/v2\/posts\/19549179","targetHints":{"allow":["GET"]}}],"collection":[{"href":"https:\/\/kapitalis.com\/tunisie\/wp-json\/wp\/v2\/posts"}],"about":[{"href":"https:\/\/kapitalis.com\/tunisie\/wp-json\/wp\/v2\/types\/post"}],"author":[{"embeddable":true,"href":"https:\/\/kapitalis.com\/tunisie\/wp-json\/wp\/v2\/users\/8"}],"replies":[{"embeddable":true,"href":"https:\/\/kapitalis.com\/tunisie\/wp-json\/wp\/v2\/comments?post=19549179"}],"version-history":[{"count":2,"href":"https:\/\/kapitalis.com\/tunisie\/wp-json\/wp\/v2\/posts\/19549179\/revisions"}],"predecessor-version":[{"id":19549235,"href":"https:\/\/kapitalis.com\/tunisie\/wp-json\/wp\/v2\/posts\/19549179\/revisions\/19549235"}],"wp:featuredmedia":[{"embeddable":true,"href":"https:\/\/kapitalis.com\/tunisie\/wp-json\/wp\/v2\/media\/16182104"}],"wp:attachment":[{"href":"https:\/\/kapitalis.com\/tunisie\/wp-json\/wp\/v2\/media?parent=19549179"}],"wp:term":[{"taxonomy":"category","embeddable":true,"href":"https:\/\/kapitalis.com\/tunisie\/wp-json\/wp\/v2\/categories?post=19549179"},{"taxonomy":"post_tag","embeddable":true,"href":"https:\/\/kapitalis.com\/tunisie\/wp-json\/wp\/v2\/tags?post=19549179"}],"curies":[{"name":"wp","href":"https:\/\/api.w.org\/{rel}","templated":true}]}}