{"id":19549405,"date":"2026-09-01T13:04:32","date_gmt":"2026-09-01T12:04:32","guid":{"rendered":"https:\/\/kapitalis.com\/tunisie\/?p=19549405"},"modified":"2026-09-01T13:04:34","modified_gmt":"2026-09-01T12:04:34","slug":"le-ftdes-avertit-contre-une-crise-globale-en-tunisie","status":"publish","type":"post","link":"https:\/\/kapitalis.com\/tunisie\/2026\/09\/01\/le-ftdes-avertit-contre-une-crise-globale-en-tunisie\/","title":{"rendered":"Le FTDES avertit contre une crise globale en Tunisie"},"content":{"rendered":"\n<p class=\"wp-block-paragraph\"><strong><em>Les interruptions r\u00e9p\u00e9t\u00e9es de la distribution d\u2019eau et d\u2019\u00e9lectricit\u00e9, la hausse du co\u00fbt de la vie et la d\u00e9t\u00e9rioration des services publics risquent d\u2019alimenter une crise sociale de plus en plus profonde en Tunisie, au point de menacer \u00abla s\u00e9curit\u00e9 et la paix sociale\u00bb.<\/em><\/strong><\/p>\n\n\n\n<!--more-->\n\n\n\n<p class=\"wp-block-paragraph\">C\u2019est l\u2019alerte lanc\u00e9e par le Forum tunisien pour les droits \u00e9conomiques et sociaux (FTDES), qui demande aux autorit\u00e9s de prendre des mesures urgentes pour r\u00e9pondre au malaise croissant de la population.<\/p>\n\n\n\n<p class=\"wp-block-paragraph\">Dans un<a href=\"https:\/\/ftdes.net\/fr\/publications\/\" target=\"_blank\" rel=\"noreferrer noopener\"> communiqu\u00e9<\/a> publi\u00e9 le 30 ao\u00fbt 2026, l\u2019ONG \u00e9voque une <em>\u00abcrise sociale structurelle\u00bb<\/em> qui ne peut plus \u00eatre r\u00e9duite \u00e0 des urgences ponctuelles. Elle pointe du doigt les difficult\u00e9s d\u2019approvisionnement en eau potable et min\u00e9rale, les coupures d\u2019\u00e9lectricit\u00e9, la perte de pouvoir d\u2019achat, le ch\u00f4mage et la pr\u00e9carit\u00e9 \u00e9conomique, la d\u00e9gradation des services publics ainsi que l\u2019aggravation des probl\u00e8mes environnementaux.<\/p>\n\n\n\n<p class=\"wp-block-paragraph\">Le FTDES critique ce qu\u2019il consid\u00e8re comme une r\u00e9ponse insuffisante des autorit\u00e9s et d\u00e9nonce un foss\u00e9 grandissant entre le discours officiel et les difficult\u00e9s v\u00e9cues au quotidien par les citoyens.<\/p>\n\n\n\n<p class=\"wp-block-paragraph\">Parmi les revendications figurent la garantie de la continuit\u00e9 de la fourniture d\u2019eau et d\u2019\u00e9lectricit\u00e9, des interventions pour contenir la hausse du co\u00fbt de la vie et des mesures assurant la disponibilit\u00e9 des produits de base, notamment \u00e0 la veille de la rentr\u00e9e scolaire, p\u00e9riode synonyme de nouvelles d\u00e9penses pour les familles.<\/p>\n\n\n\n<p class=\"wp-block-paragraph\">Le FTDES r\u00e9clame par ailleurs le respect des libert\u00e9s publiques ainsi que la reprise du dialogue entre les institutions, les organisations sociales, la soci\u00e9t\u00e9 civile et les citoyens.<\/p>\n\n\n\n<p class=\"wp-block-paragraph\">Selon le Forum, le fait de continuer \u00e0 diff\u00e9rer des r\u00e9ponses concr\u00e8tes pourrait entra\u00eener une <em>\u00abdangereuse d\u00e9rive sociale\u00bb<\/em>.<\/p>\n\n\n\n<p class=\"wp-block-paragraph\">L\u2019initiative incombe aux institutions de l\u2019\u00c9tat, souligne l\u2019organisation, et <em>\u00aben premier lieu \u00e0 la pr\u00e9sidence de la R\u00e9publique\u00bb<\/em>.<\/p>\n\n\n\n<p class=\"wp-block-paragraph\">Cette mise en garde intervient au terme d\u2019un \u00e9t\u00e9 particuli\u00e8rement \u00e9prouvant pour le pays, marqu\u00e9 par des temp\u00e9ratures exceptionnellement \u00e9lev\u00e9es et des perturbations fr\u00e9quentes des r\u00e9seaux d\u2019eau et d\u2019\u00e9lectricit\u00e9.<\/p>\n\n\n\n<p class=\"wp-block-paragraph\">D\u2019apr\u00e8s l\u2019Observatoire social tunisien du FTDES, 1 101 mouvements de protestation ont \u00e9t\u00e9 recens\u00e9s en juillet, contre 867 en juin. Pas moins de 678 mobilisations \u2014 soit 61,6 % du total \u2014 \u00e9taient li\u00e9es aux probl\u00e8mes d\u2019acc\u00e8s \u00e0 l\u2019eau et aux coupures d\u2019\u00e9lectricit\u00e9.<\/p>\n\n\n\n<p class=\"wp-block-paragraph\">Le m\u00e9contentement a \u00e9galement gagn\u00e9 le Parlement : 56 d\u00e9put\u00e9s de l\u2019Assembl\u00e9e des repr\u00e9sentants du peuple ont demand\u00e9 la convocation d\u2019une s\u00e9ance pl\u00e9ni\u00e8re extraordinaire durant la pause estivale, afin de discuter avec le gouvernement des interruptions de services essentiels, de la hausse des prix, de la perte de pouvoir d\u2019achat et des difficult\u00e9s d\u2019approvisionnement en certains produits. Sur le plan politique, le pr\u00e9sident Ka\u00efs Sa\u00efed a affirm\u00e9 ces derniers jours que des enqu\u00eates avaient \u00e9tabli que certaines coupures d\u2019eau et d\u2019\u00e9lectricit\u00e9 enregistr\u00e9es dans le pays ne r\u00e9sultaient pas de pannes ordinaires, mais d\u2019<em>\u00abactes pr\u00e9m\u00e9dit\u00e9s\u00bb<\/em> visant, selon lui, \u00e0 attiser les tensions dans le pays.<\/p>\n\n\n\n<p class=\"wp-block-paragraph\">Plus que les souffrances quotidiennes qu\u2019ils endurent, c\u2019est ce d\u00e9ni de la r\u00e9alit\u00e9 de a part du pouvoir ex\u00e9cutif qui r\u00e9volte d\u00e9sormais les Tunisiens, dont la parole critique s\u2019est totalement rel\u00e2ch\u00e9e sur les r\u00e9seaux sociaux.<\/p>\n\n\n\n<p class=\"has-text-align-right wp-block-paragraph\"><strong>I. B. &nbsp;<\/strong><\/p>\n\n\n\n<p class=\"wp-block-paragraph\"><\/p>\n","protected":false},"excerpt":{"rendered":"<p>Le FTDES avertit contre une crise de plus en plus profonde en Tunisie, au point de menacer \u00abla s\u00e9curit\u00e9 et la paix sociale\u00bb dans le pays.<\/p>\n","protected":false},"author":8,"featured_media":19549446,"comment_status":"open","ping_status":"open","sticky":false,"template":"","format":"standard","meta":{"footnotes":""},"categories":[997,998,2433],"tags":[100515,77432,401,129845,62643],"class_list":["post-19549405","post","type-post","status-publish","format-standard","has-post-thumbnail","hentry","category-politique","category-societe","category-tunisie","tag-coupures-deau-2","tag-crise-sociale","tag-ftdes","tag-pannes-delectricite","tag-tunisie"],"yoast_head":"<!-- This site is optimized with the Yoast SEO plugin v26.6 - https:\/\/yoast.com\/wordpress\/plugins\/seo\/ -->\n<title>Le FTDES avertit contre une crise globale en Tunisie - Kapitalis<\/title>\n<meta name=\"description\" content=\"Le FTDES avertit contre une crise de plus en plus profonde en Tunisie, au point de menacer \u00abla s\u00e9curit\u00e9 et la paix sociale\u00bb dans le pays.\" \/>\n<meta name=\"robots\" content=\"index, follow, max-snippet:-1, max-image-preview:large, max-video-preview:-1\" \/>\n<link rel=\"canonical\" href=\"https:\/\/kapitalis.com\/tunisie\/2026\/09\/01\/le-ftdes-avertit-contre-une-crise-globale-en-tunisie\/\" \/>\n<meta property=\"og:locale\" content=\"fr_FR\" \/>\n<meta property=\"og:type\" content=\"article\" \/>\n<meta property=\"og:title\" content=\"Le FTDES avertit contre une crise globale en Tunisie - Kapitalis\" \/>\n<meta property=\"og:description\" content=\"Le FTDES avertit contre une crise de plus en plus profonde en Tunisie, au point de menacer \u00abla s\u00e9curit\u00e9 et la paix sociale\u00bb dans le pays.\" \/>\n<meta property=\"og:url\" content=\"https:\/\/kapitalis.com\/tunisie\/2026\/09\/01\/le-ftdes-avertit-contre-une-crise-globale-en-tunisie\/\" \/>\n<meta property=\"og:site_name\" content=\"Kapitalis\" \/>\n<meta property=\"article:publisher\" content=\"https:\/\/www.facebook.com\/KapitalisInfo\/\" \/>\n<meta property=\"article:published_time\" content=\"2026-09-01T12:04:32+00:00\" \/>\n<meta property=\"article:modified_time\" content=\"2026-09-01T12:04:34+00:00\" \/>\n<meta property=\"og:image\" content=\"https:\/\/kapitalis.com\/tunisie\/wp-content\/uploads\/2026\/09\/FTDES-Crise-sociale.jpg\" \/>\n\t<meta property=\"og:image:width\" content=\"1200\" \/>\n\t<meta property=\"og:image:height\" content=\"630\" \/>\n\t<meta property=\"og:image:type\" content=\"image\/jpeg\" \/>\n<meta name=\"author\" content=\"webmaster kapitalis\" \/>\n<meta name=\"twitter:card\" content=\"summary_large_image\" \/>\n<meta name=\"twitter:creator\" content=\"@KapitalisInfo\" \/>\n<meta name=\"twitter:site\" content=\"@KapitalisInfo\" \/>\n<meta name=\"twitter:label1\" content=\"\u00c9crit par\" \/>\n\t<meta name=\"twitter:data1\" content=\"webmaster kapitalis\" \/>\n\t<meta name=\"twitter:label2\" content=\"Dur\u00e9e de lecture estim\u00e9e\" \/>\n\t<meta name=\"twitter:data2\" content=\"3 minutes\" \/>\n<script type=\"application\/ld+json\" class=\"yoast-schema-graph\">{\"@context\":\"https:\/\/schema.org\",\"@graph\":[{\"@type\":\"Article\",\"@id\":\"https:\/\/kapitalis.com\/tunisie\/2026\/09\/01\/le-ftdes-avertit-contre-une-crise-globale-en-tunisie\/#article\",\"isPartOf\":{\"@id\":\"https:\/\/kapitalis.com\/tunisie\/2026\/09\/01\/le-ftdes-avertit-contre-une-crise-globale-en-tunisie\/\"},\"author\":{\"name\":\"webmaster kapitalis\",\"@id\":\"https:\/\/kapitalis.com\/tunisie\/#\/schema\/person\/d71f33a9ca44f7bad4698210b480c8e9\"},\"headline\":\"Le FTDES avertit contre une crise globale en Tunisie\",\"datePublished\":\"2026-09-01T12:04:32+00:00\",\"dateModified\":\"2026-09-01T12:04:34+00:00\",\"mainEntityOfPage\":{\"@id\":\"https:\/\/kapitalis.com\/tunisie\/2026\/09\/01\/le-ftdes-avertit-contre-une-crise-globale-en-tunisie\/\"},\"wordCount\":595,\"commentCount\":0,\"publisher\":{\"@id\":\"https:\/\/kapitalis.com\/tunisie\/#organization\"},\"image\":{\"@id\":\"https:\/\/kapitalis.com\/tunisie\/2026\/09\/01\/le-ftdes-avertit-contre-une-crise-globale-en-tunisie\/#primaryimage\"},\"thumbnailUrl\":\"https:\/\/kapitalis.com\/tunisie\/wp-content\/uploads\/2026\/09\/FTDES-Crise-sociale.jpg\",\"keywords\":[\"coupures d\u2019eau\",\"crise sociale\",\"FTDES\",\"pannes d\u2019\u00e9lectricit\u00e9\",\"Tunisie\"],\"articleSection\":[\"POLITIQUE\",\"SOCIETE\",\"Tunisie\"],\"inLanguage\":\"fr-FR\",\"potentialAction\":[{\"@type\":\"CommentAction\",\"name\":\"Comment\",\"target\":[\"https:\/\/kapitalis.com\/tunisie\/2026\/09\/01\/le-ftdes-avertit-contre-une-crise-globale-en-tunisie\/#respond\"]}]},{\"@type\":\"WebPage\",\"@id\":\"https:\/\/kapitalis.com\/tunisie\/2026\/09\/01\/le-ftdes-avertit-contre-une-crise-globale-en-tunisie\/\",\"url\":\"https:\/\/kapitalis.com\/tunisie\/2026\/09\/01\/le-ftdes-avertit-contre-une-crise-globale-en-tunisie\/\",\"name\":\"Le FTDES avertit contre une crise globale en Tunisie - Kapitalis\",\"isPartOf\":{\"@id\":\"https:\/\/kapitalis.com\/tunisie\/#website\"},\"primaryImageOfPage\":{\"@id\":\"https:\/\/kapitalis.com\/tunisie\/2026\/09\/01\/le-ftdes-avertit-contre-une-crise-globale-en-tunisie\/#primaryimage\"},\"image\":{\"@id\":\"https:\/\/kapitalis.com\/tunisie\/2026\/09\/01\/le-ftdes-avertit-contre-une-crise-globale-en-tunisie\/#primaryimage\"},\"thumbnailUrl\":\"https:\/\/kapitalis.com\/tunisie\/wp-content\/uploads\/2026\/09\/FTDES-Crise-sociale.jpg\",\"datePublished\":\"2026-09-01T12:04:32+00:00\",\"dateModified\":\"2026-09-01T12:04:34+00:00\",\"description\":\"Le FTDES avertit contre une crise de plus en plus profonde en Tunisie, au point de menacer \u00abla s\u00e9curit\u00e9 et la paix sociale\u00bb dans le pays.\",\"breadcrumb\":{\"@id\":\"https:\/\/kapitalis.com\/tunisie\/2026\/09\/01\/le-ftdes-avertit-contre-une-crise-globale-en-tunisie\/#breadcrumb\"},\"inLanguage\":\"fr-FR\",\"potentialAction\":[{\"@type\":\"ReadAction\",\"target\":[\"https:\/\/kapitalis.com\/tunisie\/2026\/09\/01\/le-ftdes-avertit-contre-une-crise-globale-en-tunisie\/\"]}]},{\"@type\":\"ImageObject\",\"inLanguage\":\"fr-FR\",\"@id\":\"https:\/\/kapitalis.com\/tunisie\/2026\/09\/01\/le-ftdes-avertit-contre-une-crise-globale-en-tunisie\/#primaryimage\",\"url\":\"https:\/\/kapitalis.com\/tunisie\/wp-content\/uploads\/2026\/09\/FTDES-Crise-sociale.jpg\",\"contentUrl\":\"https:\/\/kapitalis.com\/tunisie\/wp-content\/uploads\/2026\/09\/FTDES-Crise-sociale.jpg\",\"width\":1200,\"height\":630},{\"@type\":\"BreadcrumbList\",\"@id\":\"https:\/\/kapitalis.com\/tunisie\/2026\/09\/01\/le-ftdes-avertit-contre-une-crise-globale-en-tunisie\/#breadcrumb\",\"itemListElement\":[{\"@type\":\"ListItem\",\"position\":1,\"name\":\"Accueil\",\"item\":\"https:\/\/kapitalis.com\/tunisie\/\"},{\"@type\":\"ListItem\",\"position\":2,\"name\":\"Le FTDES avertit contre une crise globale en Tunisie\"}]},{\"@type\":\"WebSite\",\"@id\":\"https:\/\/kapitalis.com\/tunisie\/#website\",\"url\":\"https:\/\/kapitalis.com\/tunisie\/\",\"name\":\"Kapitalis\",\"description\":\"L&#039;actualit\u00e9 en Tunisie et dans le monde\",\"publisher\":{\"@id\":\"https:\/\/kapitalis.com\/tunisie\/#organization\"},\"potentialAction\":[{\"@type\":\"SearchAction\",\"target\":{\"@type\":\"EntryPoint\",\"urlTemplate\":\"https:\/\/kapitalis.com\/tunisie\/?s={search_term_string}\"},\"query-input\":{\"@type\":\"PropertyValueSpecification\",\"valueRequired\":true,\"valueName\":\"search_term_string\"}}],\"inLanguage\":\"fr-FR\"},{\"@type\":\"Organization\",\"@id\":\"https:\/\/kapitalis.com\/tunisie\/#organization\",\"name\":\"Kapitalis\",\"url\":\"https:\/\/kapitalis.com\/tunisie\/\",\"logo\":{\"@type\":\"ImageObject\",\"inLanguage\":\"fr-FR\",\"@id\":\"https:\/\/kapitalis.com\/tunisie\/#\/schema\/logo\/image\/\",\"url\":\"https:\/\/kapitalis.com\/tunisie\/wp-content\/uploads\/2022\/05\/Kapitalis-big-size.png\",\"contentUrl\":\"https:\/\/kapitalis.com\/tunisie\/wp-content\/uploads\/2022\/05\/Kapitalis-big-size.png\",\"width\":5000,\"height\":1500,\"caption\":\"Kapitalis\"},\"image\":{\"@id\":\"https:\/\/kapitalis.com\/tunisie\/#\/schema\/logo\/image\/\"},\"sameAs\":[\"https:\/\/www.facebook.com\/KapitalisInfo\/\",\"https:\/\/x.com\/KapitalisInfo\",\"https:\/\/www.youtube.com\/channel\/UC-yDYrHyfFBWWZaOw3FPg9Q\"]},{\"@type\":\"Person\",\"@id\":\"https:\/\/kapitalis.com\/tunisie\/#\/schema\/person\/d71f33a9ca44f7bad4698210b480c8e9\",\"name\":\"webmaster kapitalis\",\"url\":\"https:\/\/kapitalis.com\/tunisie\/author\/webmaster-kapitalis\/\"}]}<\/script>\n<!-- \/ Yoast SEO plugin. -->","yoast_head_json":{"title":"Le FTDES avertit contre une crise globale en Tunisie - Kapitalis","description":"Le FTDES avertit contre une crise de plus en plus profonde en Tunisie, au point de menacer \u00abla s\u00e9curit\u00e9 et la paix sociale\u00bb dans le pays.","robots":{"index":"index","follow":"follow","max-snippet":"max-snippet:-1","max-image-preview":"max-image-preview:large","max-video-preview":"max-video-preview:-1"},"canonical":"https:\/\/kapitalis.com\/tunisie\/2026\/09\/01\/le-ftdes-avertit-contre-une-crise-globale-en-tunisie\/","og_locale":"fr_FR","og_type":"article","og_title":"Le FTDES avertit contre une crise globale en Tunisie - Kapitalis","og_description":"Le FTDES avertit contre une crise de plus en plus profonde en Tunisie, au point de menacer \u00abla s\u00e9curit\u00e9 et la paix sociale\u00bb dans le pays.","og_url":"https:\/\/kapitalis.com\/tunisie\/2026\/09\/01\/le-ftdes-avertit-contre-une-crise-globale-en-tunisie\/","og_site_name":"Kapitalis","article_publisher":"https:\/\/www.facebook.com\/KapitalisInfo\/","article_published_time":"2026-09-01T12:04:32+00:00","article_modified_time":"2026-09-01T12:04:34+00:00","og_image":[{"width":1200,"height":630,"url":"https:\/\/kapitalis.com\/tunisie\/wp-content\/uploads\/2026\/09\/FTDES-Crise-sociale.jpg","type":"image\/jpeg"}],"author":"webmaster kapitalis","twitter_card":"summary_large_image","twitter_creator":"@KapitalisInfo","twitter_site":"@KapitalisInfo","twitter_misc":{"\u00c9crit par":"webmaster kapitalis","Dur\u00e9e de lecture estim\u00e9e":"3 minutes"},"schema":{"@context":"https:\/\/schema.org","@graph":[{"@type":"Article","@id":"https:\/\/kapitalis.com\/tunisie\/2026\/09\/01\/le-ftdes-avertit-contre-une-crise-globale-en-tunisie\/#article","isPartOf":{"@id":"https:\/\/kapitalis.com\/tunisie\/2026\/09\/01\/le-ftdes-avertit-contre-une-crise-globale-en-tunisie\/"},"author":{"name":"webmaster kapitalis","@id":"https:\/\/kapitalis.com\/tunisie\/#\/schema\/person\/d71f33a9ca44f7bad4698210b480c8e9"},"headline":"Le FTDES avertit contre une crise globale en Tunisie","datePublished":"2026-09-01T12:04:32+00:00","dateModified":"2026-09-01T12:04:34+00:00","mainEntityOfPage":{"@id":"https:\/\/kapitalis.com\/tunisie\/2026\/09\/01\/le-ftdes-avertit-contre-une-crise-globale-en-tunisie\/"},"wordCount":595,"commentCount":0,"publisher":{"@id":"https:\/\/kapitalis.com\/tunisie\/#organization"},"image":{"@id":"https:\/\/kapitalis.com\/tunisie\/2026\/09\/01\/le-ftdes-avertit-contre-une-crise-globale-en-tunisie\/#primaryimage"},"thumbnailUrl":"https:\/\/kapitalis.com\/tunisie\/wp-content\/uploads\/2026\/09\/FTDES-Crise-sociale.jpg","keywords":["coupures d\u2019eau","crise sociale","FTDES","pannes d\u2019\u00e9lectricit\u00e9","Tunisie"],"articleSection":["POLITIQUE","SOCIETE","Tunisie"],"inLanguage":"fr-FR","potentialAction":[{"@type":"CommentAction","name":"Comment","target":["https:\/\/kapitalis.com\/tunisie\/2026\/09\/01\/le-ftdes-avertit-contre-une-crise-globale-en-tunisie\/#respond"]}]},{"@type":"WebPage","@id":"https:\/\/kapitalis.com\/tunisie\/2026\/09\/01\/le-ftdes-avertit-contre-une-crise-globale-en-tunisie\/","url":"https:\/\/kapitalis.com\/tunisie\/2026\/09\/01\/le-ftdes-avertit-contre-une-crise-globale-en-tunisie\/","name":"Le FTDES avertit contre une crise globale en Tunisie - Kapitalis","isPartOf":{"@id":"https:\/\/kapitalis.com\/tunisie\/#website"},"primaryImageOfPage":{"@id":"https:\/\/kapitalis.com\/tunisie\/2026\/09\/01\/le-ftdes-avertit-contre-une-crise-globale-en-tunisie\/#primaryimage"},"image":{"@id":"https:\/\/kapitalis.com\/tunisie\/2026\/09\/01\/le-ftdes-avertit-contre-une-crise-globale-en-tunisie\/#primaryimage"},"thumbnailUrl":"https:\/\/kapitalis.com\/tunisie\/wp-content\/uploads\/2026\/09\/FTDES-Crise-sociale.jpg","datePublished":"2026-09-01T12:04:32+00:00","dateModified":"2026-09-01T12:04:34+00:00","description":"Le FTDES avertit contre une crise de plus en plus profonde en Tunisie, au point de menacer \u00abla s\u00e9curit\u00e9 et la paix sociale\u00bb dans le pays.","breadcrumb":{"@id":"https:\/\/kapitalis.com\/tunisie\/2026\/09\/01\/le-ftdes-avertit-contre-une-crise-globale-en-tunisie\/#breadcrumb"},"inLanguage":"fr-FR","potentialAction":[{"@type":"ReadAction","target":["https:\/\/kapitalis.com\/tunisie\/2026\/09\/01\/le-ftdes-avertit-contre-une-crise-globale-en-tunisie\/"]}]},{"@type":"ImageObject","inLanguage":"fr-FR","@id":"https:\/\/kapitalis.com\/tunisie\/2026\/09\/01\/le-ftdes-avertit-contre-une-crise-globale-en-tunisie\/#primaryimage","url":"https:\/\/kapitalis.com\/tunisie\/wp-content\/uploads\/2026\/09\/FTDES-Crise-sociale.jpg","contentUrl":"https:\/\/kapitalis.com\/tunisie\/wp-content\/uploads\/2026\/09\/FTDES-Crise-sociale.jpg","width":1200,"height":630},{"@type":"BreadcrumbList","@id":"https:\/\/kapitalis.com\/tunisie\/2026\/09\/01\/le-ftdes-avertit-contre-une-crise-globale-en-tunisie\/#breadcrumb","itemListElement":[{"@type":"ListItem","position":1,"name":"Accueil","item":"https:\/\/kapitalis.com\/tunisie\/"},{"@type":"ListItem","position":2,"name":"Le FTDES avertit contre une crise globale en Tunisie"}]},{"@type":"WebSite","@id":"https:\/\/kapitalis.com\/tunisie\/#website","url":"https:\/\/kapitalis.com\/tunisie\/","name":"Kapitalis","description":"L&#039;actualit\u00e9 en Tunisie et dans le monde","publisher":{"@id":"https:\/\/kapitalis.com\/tunisie\/#organization"},"potentialAction":[{"@type":"SearchAction","target":{"@type":"EntryPoint","urlTemplate":"https:\/\/kapitalis.com\/tunisie\/?s={search_term_string}"},"query-input":{"@type":"PropertyValueSpecification","valueRequired":true,"valueName":"search_term_string"}}],"inLanguage":"fr-FR"},{"@type":"Organization","@id":"https:\/\/kapitalis.com\/tunisie\/#organization","name":"Kapitalis","url":"https:\/\/kapitalis.com\/tunisie\/","logo":{"@type":"ImageObject","inLanguage":"fr-FR","@id":"https:\/\/kapitalis.com\/tunisie\/#\/schema\/logo\/image\/","url":"https:\/\/kapitalis.com\/tunisie\/wp-content\/uploads\/2022\/05\/Kapitalis-big-size.png","contentUrl":"https:\/\/kapitalis.com\/tunisie\/wp-content\/uploads\/2022\/05\/Kapitalis-big-size.png","width":5000,"height":1500,"caption":"Kapitalis"},"image":{"@id":"https:\/\/kapitalis.com\/tunisie\/#\/schema\/logo\/image\/"},"sameAs":["https:\/\/www.facebook.com\/KapitalisInfo\/","https:\/\/x.com\/KapitalisInfo","https:\/\/www.youtube.com\/channel\/UC-yDYrHyfFBWWZaOw3FPg9Q"]},{"@type":"Person","@id":"https:\/\/kapitalis.com\/tunisie\/#\/schema\/person\/d71f33a9ca44f7bad4698210b480c8e9","name":"webmaster kapitalis","url":"https:\/\/kapitalis.com\/tunisie\/author\/webmaster-kapitalis\/"}]}},"_links":{"self":[{"href":"https:\/\/kapitalis.com\/tunisie\/wp-json\/wp\/v2\/posts\/19549405","targetHints":{"allow":["GET"]}}],"collection":[{"href":"https:\/\/kapitalis.com\/tunisie\/wp-json\/wp\/v2\/posts"}],"about":[{"href":"https:\/\/kapitalis.com\/tunisie\/wp-json\/wp\/v2\/types\/post"}],"author":[{"embeddable":true,"href":"https:\/\/kapitalis.com\/tunisie\/wp-json\/wp\/v2\/users\/8"}],"replies":[{"embeddable":true,"href":"https:\/\/kapitalis.com\/tunisie\/wp-json\/wp\/v2\/comments?post=19549405"}],"version-history":[{"count":1,"href":"https:\/\/kapitalis.com\/tunisie\/wp-json\/wp\/v2\/posts\/19549405\/revisions"}],"predecessor-version":[{"id":19549453,"href":"https:\/\/kapitalis.com\/tunisie\/wp-json\/wp\/v2\/posts\/19549405\/revisions\/19549453"}],"wp:featuredmedia":[{"embeddable":true,"href":"https:\/\/kapitalis.com\/tunisie\/wp-json\/wp\/v2\/media\/19549446"}],"wp:attachment":[{"href":"https:\/\/kapitalis.com\/tunisie\/wp-json\/wp\/v2\/media?parent=19549405"}],"wp:term":[{"taxonomy":"category","embeddable":true,"href":"https:\/\/kapitalis.com\/tunisie\/wp-json\/wp\/v2\/categories?post=19549405"},{"taxonomy":"post_tag","embeddable":true,"href":"https:\/\/kapitalis.com\/tunisie\/wp-json\/wp\/v2\/tags?post=19549405"}],"curies":[{"name":"wp","href":"https:\/\/api.w.org\/{rel}","templated":true}]}}