{"id":19549659,"date":"2026-09-01T13:48:03","date_gmt":"2026-09-01T12:48:03","guid":{"rendered":"https:\/\/kapitalis.com\/tunisie\/?p=19549659"},"modified":"2026-09-01T13:48:05","modified_gmt":"2026-09-01T12:48:05","slug":"un-livre-ravive-la-memoire-des-italiens-de-tunisie","status":"publish","type":"post","link":"https:\/\/kapitalis.com\/tunisie\/2026\/09\/01\/un-livre-ravive-la-memoire-des-italiens-de-tunisie\/","title":{"rendered":"Un livre ravive la m\u00e9moire des Italiens de Tunisie"},"content":{"rendered":"\n<p class=\"wp-block-paragraph\"><strong><em>\u2018\u2018Les otages de Mussolini. Une histoire vraie des Italiens de Tunis\u2019\u2019, le premier livre de Marie-Ange La Rosa, disponible en fran\u00e7ais sur Amazon, aux formats papier et num\u00e9rique, raconte l\u2019histoire d\u2019enfants italiens de Tunisie envoy\u00e9s dans des colonies de vacances fascistes en Italie et s\u00e9par\u00e9s de leurs familles. Un voyage vers le pays d\u2019origine qui aurait d\u00fb durer cinq semaines mais qui, boulevers\u00e9 par l\u2019entr\u00e9e du pays dans la Seconde Guerre mondiale, s\u2019est transform\u00e9 pour certains enfants en une s\u00e9paration d\u2019avec leurs familles ayant dur\u00e9 des ann\u00e9es.<\/em><\/strong><\/p>\n\n\n\n<!--more-->\n\n\n\n<p class=\"wp-block-paragraph\">L\u2019ouvrage met en lumi\u00e8re un \u00e9pisode m\u00e9connu de l\u2019histoire de l\u2019importante communaut\u00e9 italienne vivant dans la Tunisie du protectorat fran\u00e7ais, en le reconstituant \u00e0 partir de documents, d\u2019archives diplomatiques et de souvenirs familiaux.<\/p>\n\n\n\n<p class=\"wp-block-paragraph\">Selon le r\u00e9cit de La Rosa, le 8 juin 1940, des dizaines de familles accompagn\u00e8rent au port de Tunis leurs enfants, qui devaient passer quelques semaines en Italie. Parmi eux se trouvait Joseph, \u00e2g\u00e9 de huit ans, l\u2019oncle de l\u2019auteure.<\/p>\n\n\n\n<p class=\"wp-block-paragraph\">Une colonie de vacances ordinaire les attendait, dans le cadre des initiatives alors organis\u00e9es pour les enfants d\u2019Italiens r\u00e9sidant \u00e0 l\u2019\u00e9tranger ; mais deux jours plus tard, le 10 juin, Benito Mussolini annon\u00e7a l\u2019entr\u00e9e en guerre de l\u2019Italie contre la France et la Grande-Bretagne. Les liaisons avec Tunis furent interrompues et ce qui devait \u00eatre des vacances changea de nature.<\/p>\n\n\n\n<p class=\"wp-block-paragraph\">La d\u00e9claration de guerre de l\u2019Italie \u00e0 la France est attest\u00e9e par les sources historiques comme le moment de rupture qui bouleversa \u00e9galement les \u00e9quilibres de la communaut\u00e9 italienne de Tunisie.<\/p>\n\n\n\n<h2 class=\"wp-block-heading\">Les communaut\u00e9s \u00e9migr\u00e9es et l\u2019Italie fasciste<\/h2>\n\n\n\n<p class=\"wp-block-paragraph\">Dans son livre, La Rosa retrace le parcours de ces enfants \u00e0 travers diff\u00e9rentes localit\u00e9s italiennes jusqu\u2019\u00e0 Menton, \u00e9voquant la discipline en vigueur dans les structures de jeunesse fascistes puis l\u2019irruption de la guerre dans leur vie, avec les bombardements, la faim et les d\u00e9placements incessants.<\/p>\n\n\n\n<p class=\"wp-block-paragraph\">Le terme <em>\u00abotages\u00bb<\/em>, choisi pour le titre, renvoie donc avant tout \u00e0 des enfants prisonniers des cons\u00e9quences de d\u00e9cisions politiques et militaires prises par les adultes.<\/p>\n\n\n\n<p class=\"wp-block-paragraph\">Par ailleurs, le ph\u00e9nom\u00e8ne des colonies de vacances pour les Italiens de l\u2019\u00e9tranger \u00e9tait d\u00e9j\u00e0 d\u2019une ampleur consid\u00e9rable avant la guerre ; il constituait l\u2019un des outils utilis\u00e9s par le r\u00e9gime pour renforcer les liens entre les jeunes issus des communaut\u00e9s \u00e9migr\u00e9es et l\u2019Italie fasciste.<\/p>\n\n\n\n<p class=\"wp-block-paragraph\">Des \u00e9tudes sur la pr\u00e9sence italienne en Tunisie indiquent qu\u2019environ 23 000 jeunes italo-tunisiens ont particip\u00e9 \u00e0 ces colonies de vacances en Italie durant le Ventennio. Une source fran\u00e7aise de l\u2019\u00e9poque \u00e9valuait \u00e0 environ 2 000 par an le nombre d\u2019enfants envoy\u00e9s depuis la Tunisie.<\/p>\n\n\n\n<p class=\"wp-block-paragraph\">Toutefois, l\u2019histoire relat\u00e9e dans le livre s\u2019inscrit dans un contexte plus complexe que celui d\u2019une communaut\u00e9 faisant bloc derri\u00e8re Mussolini. Parmi les Italiens de Tunisie, on comptait certes des partisans du r\u00e9gime, mais aussi des antifascistes, des communistes et une importante communaut\u00e9 juive italienne. Tunis \u00e9tait \u00e9galement un centre majeur de l\u2019antifascisme italien \u00e0 l\u2019\u00e9tranger.<\/p>\n\n\n\n<p class=\"wp-block-paragraph\">L\u2019entr\u00e9e en guerre de l\u2019Italie a \u00e9galement suscit\u00e9 une r\u00e9action s\u00e9v\u00e8re de la part des autorit\u00e9s fran\u00e7aises du protectorat. Les recherches historiques attestent l\u2019existence d\u2019un plan d\u2019internement visant initialement plus de 16 000 citoyens italiens \u00e2g\u00e9s de 18 \u00e0 50 ans.<\/p>\n\n\n\n<p class=\"wp-block-paragraph\">Ces mesures ont fini par toucher, selon une \u00e9tude publi\u00e9e par les Presses universitaires de Rennes, pr\u00e8s de 30 000 Italiens, sans distinction nette entre fascistes, antifascistes et autres composantes de la communaut\u00e9. Nombre d\u2019entre eux furent transf\u00e9r\u00e9s dans les camps de Sbeitla, Kasserine, A\u00efn Sefra et Kreider.<\/p>\n\n\n\n<p class=\"wp-block-paragraph\">C\u2019est dans ce contexte qu\u2019\u00e0 Tunis, les familles des enfants partis pour l\u2019Italie perdirent peu \u00e0 peu la possibilit\u00e9 de suivre leur trace. Le livre relate notamment les d\u00e9marches entreprises par Balthazar Rallo, tailleur italien \u00e9tabli \u00e0 Tunis et grand-p\u00e8re de l\u2019auteure, pour retrouver son fils Joseph.<\/p>\n\n\n\n<p class=\"wp-block-paragraph\">La Rosa explique avoir reconstitu\u00e9 cette histoire en visitant les localit\u00e9s italiennes travers\u00e9es par le groupe, en consultant des sources historiques ainsi que les archives diplomatiques fran\u00e7aises de Nantes et de La Courneuve, et en recueillant les t\u00e9moignages de son oncle, de membres de sa famille et d\u2019autres acteurs de cette exp\u00e9rience.<\/p>\n\n\n\n<h2 class=\"wp-block-heading\">Une page sensible de la m\u00e9moire des Italiens de Tunisie  <\/h2>\n\n\n\n<p class=\"wp-block-paragraph\">Depuis la publication de l\u2019ouvrage, confie l&rsquo;auteure \u00e0 l\u2019<a href=\"https:\/\/www.ansa.it\/ansamed\/it\/notizie\/rubriche\/cultura\/2026\/08\/31\/gli-ostaggi-di-mussolini-un-libro-riapre-la-memoria-degli-italiani-di-tunisia_301101c9-bf46-435d-8fca-067e484b89d9.html\" target=\"_blank\" rel=\"noreferrer noopener\">agence Ansa<\/a>, de nouveaux souvenirs sont parvenus de France, d\u2019Italie et de Tunisie, \u00e9manant de descendants d\u2019intern\u00e9s, d\u2019enfants ayant v\u00e9cu sous les bombardements et de familles ayant compt\u00e9 des proches dans ces colonies.<\/p>\n\n\n\n<p class=\"wp-block-paragraph\"><em>\u2018\u2018Les otages de Mussolini\u2019\u2019<\/em> aborde ainsi une page particuli\u00e8rement sensible de la m\u00e9moire italienne en M\u00e9diterran\u00e9e : celle d\u2019une communaut\u00e9 enracin\u00e9e en Tunisie depuis des g\u00e9n\u00e9rations, travers\u00e9e par les divisions politiques de l\u2019\u00e9poque et finalement broy\u00e9e entre les ambitions du fascisme, l\u2019entr\u00e9e en guerre de l\u2019Italie, la r\u00e9action des autorit\u00e9s coloniales fran\u00e7aises et le conflit qui, \u00e0 partir de 1942, allait frapper directement la Tunisie. Une histoire o\u00f9 les responsabilit\u00e9s du r\u00e9gime fasciste et de sa politique de mobilisation des Italiens \u00e0 l\u2019\u00e9tranger constituent un \u00e9l\u00e9ment incontournable, mais o\u00f9 \u00e9mergent \u00e9galement les destins individuels de familles et d\u2019enfants ayant subi des d\u00e9cisions sur lesquelles ils n\u2019avaient aucune prise. Une m\u00e9moire rest\u00e9e durant des d\u00e9cennies essentiellement priv\u00e9e et familiale, que le livre de Marie-Ange La Rosa tente d\u00e9sormais d\u2019inscrire dans l\u2019histoire collective des Italiens de Tunisie.<\/p>\n\n\n\n<p class=\"wp-block-paragraph\">Selon l\u2019auteure, l\u2019ouvrage <em>\u00abremet en lumi\u00e8re un souvenir familial longtemps rest\u00e9 dans l&rsquo;ombre : celui des Italiens de Tunis, pris au pi\u00e8ge d\u2019une guerre qui n\u2019\u00e9tait pas la leur.\u00bb<\/em><\/p>\n\n\n\n<p class=\"wp-block-paragraph\"><\/p>\n","protected":false},"excerpt":{"rendered":"<p>Marie-Ange La Rosa vient de publier son premier livre \u2018\u2018Les otages de Mussolini. Une histoire vraie des Italiens de Tunis\u2019\u2019. <\/p>\n","protected":false},"author":8,"featured_media":19549712,"comment_status":"open","ping_status":"open","sticky":false,"template":"","format":"standard","meta":{"footnotes":""},"categories":[992,994,2433],"tags":[129947,77311,395,2510,129948,62643],"class_list":["post-19549659","post","type-post","status-publish","format-standard","has-post-thumbnail","hentry","category-a-la-une","category-culture","category-tunisie","tag-benito-mussollini","tag-fascisme","tag-france","tag-italiens","tag-marie-ange-la-rosa","tag-tunisie"],"yoast_head":"<!-- This site is optimized with the Yoast SEO plugin v26.6 - https:\/\/yoast.com\/wordpress\/plugins\/seo\/ -->\n<title>Un livre ravive la m\u00e9moire des Italiens de Tunisie - Kapitalis<\/title>\n<meta name=\"description\" content=\"Marie-Ange La Rosa vient de publier son premier livre \u2018\u2018Les otages de Mussolini. Une histoire vraie des Italiens de Tunis\u2019\u2019.\" \/>\n<meta name=\"robots\" content=\"index, follow, max-snippet:-1, max-image-preview:large, max-video-preview:-1\" \/>\n<link rel=\"canonical\" href=\"https:\/\/kapitalis.com\/tunisie\/2026\/09\/01\/un-livre-ravive-la-memoire-des-italiens-de-tunisie\/\" \/>\n<meta property=\"og:locale\" content=\"fr_FR\" \/>\n<meta property=\"og:type\" content=\"article\" \/>\n<meta property=\"og:title\" content=\"Un livre ravive la m\u00e9moire des Italiens de Tunisie - Kapitalis\" \/>\n<meta property=\"og:description\" content=\"Marie-Ange La Rosa vient de publier son premier livre \u2018\u2018Les otages de Mussolini. Une histoire vraie des Italiens de Tunis\u2019\u2019.\" \/>\n<meta property=\"og:url\" content=\"https:\/\/kapitalis.com\/tunisie\/2026\/09\/01\/un-livre-ravive-la-memoire-des-italiens-de-tunisie\/\" \/>\n<meta property=\"og:site_name\" content=\"Kapitalis\" \/>\n<meta property=\"article:publisher\" content=\"https:\/\/www.facebook.com\/KapitalisInfo\/\" \/>\n<meta property=\"article:published_time\" content=\"2026-09-01T12:48:03+00:00\" \/>\n<meta property=\"article:modified_time\" content=\"2026-09-01T12:48:05+00:00\" \/>\n<meta property=\"og:image\" content=\"https:\/\/kapitalis.com\/tunisie\/wp-content\/uploads\/2026\/09\/Les-otages-de-Mussollini.jpg\" \/>\n\t<meta property=\"og:image:width\" content=\"1200\" \/>\n\t<meta property=\"og:image:height\" content=\"630\" \/>\n\t<meta property=\"og:image:type\" content=\"image\/jpeg\" \/>\n<meta name=\"author\" content=\"webmaster kapitalis\" \/>\n<meta name=\"twitter:card\" content=\"summary_large_image\" \/>\n<meta name=\"twitter:creator\" content=\"@KapitalisInfo\" \/>\n<meta name=\"twitter:site\" content=\"@KapitalisInfo\" \/>\n<meta name=\"twitter:label1\" content=\"\u00c9crit par\" \/>\n\t<meta name=\"twitter:data1\" content=\"webmaster kapitalis\" \/>\n\t<meta name=\"twitter:label2\" content=\"Dur\u00e9e de lecture estim\u00e9e\" \/>\n\t<meta name=\"twitter:data2\" content=\"5 minutes\" \/>\n<script type=\"application\/ld+json\" class=\"yoast-schema-graph\">{\"@context\":\"https:\/\/schema.org\",\"@graph\":[{\"@type\":\"Article\",\"@id\":\"https:\/\/kapitalis.com\/tunisie\/2026\/09\/01\/un-livre-ravive-la-memoire-des-italiens-de-tunisie\/#article\",\"isPartOf\":{\"@id\":\"https:\/\/kapitalis.com\/tunisie\/2026\/09\/01\/un-livre-ravive-la-memoire-des-italiens-de-tunisie\/\"},\"author\":{\"name\":\"webmaster kapitalis\",\"@id\":\"https:\/\/kapitalis.com\/tunisie\/#\/schema\/person\/d71f33a9ca44f7bad4698210b480c8e9\"},\"headline\":\"Un livre ravive la m\u00e9moire des Italiens de Tunisie\",\"datePublished\":\"2026-09-01T12:48:03+00:00\",\"dateModified\":\"2026-09-01T12:48:05+00:00\",\"mainEntityOfPage\":{\"@id\":\"https:\/\/kapitalis.com\/tunisie\/2026\/09\/01\/un-livre-ravive-la-memoire-des-italiens-de-tunisie\/\"},\"wordCount\":1000,\"commentCount\":0,\"publisher\":{\"@id\":\"https:\/\/kapitalis.com\/tunisie\/#organization\"},\"image\":{\"@id\":\"https:\/\/kapitalis.com\/tunisie\/2026\/09\/01\/un-livre-ravive-la-memoire-des-italiens-de-tunisie\/#primaryimage\"},\"thumbnailUrl\":\"https:\/\/kapitalis.com\/tunisie\/wp-content\/uploads\/2026\/09\/Les-otages-de-Mussollini.jpg\",\"keywords\":[\"Benito Mussollini\",\"fascisme\",\"France\",\"Italiens\",\"Marie-Ange La Rosa\",\"Tunisie\"],\"articleSection\":[\"A LA UNE\",\"CULTURE\",\"Tunisie\"],\"inLanguage\":\"fr-FR\",\"potentialAction\":[{\"@type\":\"CommentAction\",\"name\":\"Comment\",\"target\":[\"https:\/\/kapitalis.com\/tunisie\/2026\/09\/01\/un-livre-ravive-la-memoire-des-italiens-de-tunisie\/#respond\"]}]},{\"@type\":\"WebPage\",\"@id\":\"https:\/\/kapitalis.com\/tunisie\/2026\/09\/01\/un-livre-ravive-la-memoire-des-italiens-de-tunisie\/\",\"url\":\"https:\/\/kapitalis.com\/tunisie\/2026\/09\/01\/un-livre-ravive-la-memoire-des-italiens-de-tunisie\/\",\"name\":\"Un livre ravive la m\u00e9moire des Italiens de Tunisie - Kapitalis\",\"isPartOf\":{\"@id\":\"https:\/\/kapitalis.com\/tunisie\/#website\"},\"primaryImageOfPage\":{\"@id\":\"https:\/\/kapitalis.com\/tunisie\/2026\/09\/01\/un-livre-ravive-la-memoire-des-italiens-de-tunisie\/#primaryimage\"},\"image\":{\"@id\":\"https:\/\/kapitalis.com\/tunisie\/2026\/09\/01\/un-livre-ravive-la-memoire-des-italiens-de-tunisie\/#primaryimage\"},\"thumbnailUrl\":\"https:\/\/kapitalis.com\/tunisie\/wp-content\/uploads\/2026\/09\/Les-otages-de-Mussollini.jpg\",\"datePublished\":\"2026-09-01T12:48:03+00:00\",\"dateModified\":\"2026-09-01T12:48:05+00:00\",\"description\":\"Marie-Ange La Rosa vient de publier son premier livre \u2018\u2018Les otages de Mussolini. Une histoire vraie des Italiens de Tunis\u2019\u2019.\",\"breadcrumb\":{\"@id\":\"https:\/\/kapitalis.com\/tunisie\/2026\/09\/01\/un-livre-ravive-la-memoire-des-italiens-de-tunisie\/#breadcrumb\"},\"inLanguage\":\"fr-FR\",\"potentialAction\":[{\"@type\":\"ReadAction\",\"target\":[\"https:\/\/kapitalis.com\/tunisie\/2026\/09\/01\/un-livre-ravive-la-memoire-des-italiens-de-tunisie\/\"]}]},{\"@type\":\"ImageObject\",\"inLanguage\":\"fr-FR\",\"@id\":\"https:\/\/kapitalis.com\/tunisie\/2026\/09\/01\/un-livre-ravive-la-memoire-des-italiens-de-tunisie\/#primaryimage\",\"url\":\"https:\/\/kapitalis.com\/tunisie\/wp-content\/uploads\/2026\/09\/Les-otages-de-Mussollini.jpg\",\"contentUrl\":\"https:\/\/kapitalis.com\/tunisie\/wp-content\/uploads\/2026\/09\/Les-otages-de-Mussollini.jpg\",\"width\":1200,\"height\":630},{\"@type\":\"BreadcrumbList\",\"@id\":\"https:\/\/kapitalis.com\/tunisie\/2026\/09\/01\/un-livre-ravive-la-memoire-des-italiens-de-tunisie\/#breadcrumb\",\"itemListElement\":[{\"@type\":\"ListItem\",\"position\":1,\"name\":\"Accueil\",\"item\":\"https:\/\/kapitalis.com\/tunisie\/\"},{\"@type\":\"ListItem\",\"position\":2,\"name\":\"Un livre ravive la m\u00e9moire des Italiens de Tunisie\"}]},{\"@type\":\"WebSite\",\"@id\":\"https:\/\/kapitalis.com\/tunisie\/#website\",\"url\":\"https:\/\/kapitalis.com\/tunisie\/\",\"name\":\"Kapitalis\",\"description\":\"L&#039;actualit\u00e9 en Tunisie et dans le monde\",\"publisher\":{\"@id\":\"https:\/\/kapitalis.com\/tunisie\/#organization\"},\"potentialAction\":[{\"@type\":\"SearchAction\",\"target\":{\"@type\":\"EntryPoint\",\"urlTemplate\":\"https:\/\/kapitalis.com\/tunisie\/?s={search_term_string}\"},\"query-input\":{\"@type\":\"PropertyValueSpecification\",\"valueRequired\":true,\"valueName\":\"search_term_string\"}}],\"inLanguage\":\"fr-FR\"},{\"@type\":\"Organization\",\"@id\":\"https:\/\/kapitalis.com\/tunisie\/#organization\",\"name\":\"Kapitalis\",\"url\":\"https:\/\/kapitalis.com\/tunisie\/\",\"logo\":{\"@type\":\"ImageObject\",\"inLanguage\":\"fr-FR\",\"@id\":\"https:\/\/kapitalis.com\/tunisie\/#\/schema\/logo\/image\/\",\"url\":\"https:\/\/kapitalis.com\/tunisie\/wp-content\/uploads\/2022\/05\/Kapitalis-big-size.png\",\"contentUrl\":\"https:\/\/kapitalis.com\/tunisie\/wp-content\/uploads\/2022\/05\/Kapitalis-big-size.png\",\"width\":5000,\"height\":1500,\"caption\":\"Kapitalis\"},\"image\":{\"@id\":\"https:\/\/kapitalis.com\/tunisie\/#\/schema\/logo\/image\/\"},\"sameAs\":[\"https:\/\/www.facebook.com\/KapitalisInfo\/\",\"https:\/\/x.com\/KapitalisInfo\",\"https:\/\/www.youtube.com\/channel\/UC-yDYrHyfFBWWZaOw3FPg9Q\"]},{\"@type\":\"Person\",\"@id\":\"https:\/\/kapitalis.com\/tunisie\/#\/schema\/person\/d71f33a9ca44f7bad4698210b480c8e9\",\"name\":\"webmaster kapitalis\",\"url\":\"https:\/\/kapitalis.com\/tunisie\/author\/webmaster-kapitalis\/\"}]}<\/script>\n<!-- \/ Yoast SEO plugin. -->","yoast_head_json":{"title":"Un livre ravive la m\u00e9moire des Italiens de Tunisie - Kapitalis","description":"Marie-Ange La Rosa vient de publier son premier livre \u2018\u2018Les otages de Mussolini. Une histoire vraie des Italiens de Tunis\u2019\u2019.","robots":{"index":"index","follow":"follow","max-snippet":"max-snippet:-1","max-image-preview":"max-image-preview:large","max-video-preview":"max-video-preview:-1"},"canonical":"https:\/\/kapitalis.com\/tunisie\/2026\/09\/01\/un-livre-ravive-la-memoire-des-italiens-de-tunisie\/","og_locale":"fr_FR","og_type":"article","og_title":"Un livre ravive la m\u00e9moire des Italiens de Tunisie - Kapitalis","og_description":"Marie-Ange La Rosa vient de publier son premier livre \u2018\u2018Les otages de Mussolini. Une histoire vraie des Italiens de Tunis\u2019\u2019.","og_url":"https:\/\/kapitalis.com\/tunisie\/2026\/09\/01\/un-livre-ravive-la-memoire-des-italiens-de-tunisie\/","og_site_name":"Kapitalis","article_publisher":"https:\/\/www.facebook.com\/KapitalisInfo\/","article_published_time":"2026-09-01T12:48:03+00:00","article_modified_time":"2026-09-01T12:48:05+00:00","og_image":[{"width":1200,"height":630,"url":"https:\/\/kapitalis.com\/tunisie\/wp-content\/uploads\/2026\/09\/Les-otages-de-Mussollini.jpg","type":"image\/jpeg"}],"author":"webmaster kapitalis","twitter_card":"summary_large_image","twitter_creator":"@KapitalisInfo","twitter_site":"@KapitalisInfo","twitter_misc":{"\u00c9crit par":"webmaster kapitalis","Dur\u00e9e de lecture estim\u00e9e":"5 minutes"},"schema":{"@context":"https:\/\/schema.org","@graph":[{"@type":"Article","@id":"https:\/\/kapitalis.com\/tunisie\/2026\/09\/01\/un-livre-ravive-la-memoire-des-italiens-de-tunisie\/#article","isPartOf":{"@id":"https:\/\/kapitalis.com\/tunisie\/2026\/09\/01\/un-livre-ravive-la-memoire-des-italiens-de-tunisie\/"},"author":{"name":"webmaster kapitalis","@id":"https:\/\/kapitalis.com\/tunisie\/#\/schema\/person\/d71f33a9ca44f7bad4698210b480c8e9"},"headline":"Un livre ravive la m\u00e9moire des Italiens de Tunisie","datePublished":"2026-09-01T12:48:03+00:00","dateModified":"2026-09-01T12:48:05+00:00","mainEntityOfPage":{"@id":"https:\/\/kapitalis.com\/tunisie\/2026\/09\/01\/un-livre-ravive-la-memoire-des-italiens-de-tunisie\/"},"wordCount":1000,"commentCount":0,"publisher":{"@id":"https:\/\/kapitalis.com\/tunisie\/#organization"},"image":{"@id":"https:\/\/kapitalis.com\/tunisie\/2026\/09\/01\/un-livre-ravive-la-memoire-des-italiens-de-tunisie\/#primaryimage"},"thumbnailUrl":"https:\/\/kapitalis.com\/tunisie\/wp-content\/uploads\/2026\/09\/Les-otages-de-Mussollini.jpg","keywords":["Benito Mussollini","fascisme","France","Italiens","Marie-Ange La Rosa","Tunisie"],"articleSection":["A LA UNE","CULTURE","Tunisie"],"inLanguage":"fr-FR","potentialAction":[{"@type":"CommentAction","name":"Comment","target":["https:\/\/kapitalis.com\/tunisie\/2026\/09\/01\/un-livre-ravive-la-memoire-des-italiens-de-tunisie\/#respond"]}]},{"@type":"WebPage","@id":"https:\/\/kapitalis.com\/tunisie\/2026\/09\/01\/un-livre-ravive-la-memoire-des-italiens-de-tunisie\/","url":"https:\/\/kapitalis.com\/tunisie\/2026\/09\/01\/un-livre-ravive-la-memoire-des-italiens-de-tunisie\/","name":"Un livre ravive la m\u00e9moire des Italiens de Tunisie - Kapitalis","isPartOf":{"@id":"https:\/\/kapitalis.com\/tunisie\/#website"},"primaryImageOfPage":{"@id":"https:\/\/kapitalis.com\/tunisie\/2026\/09\/01\/un-livre-ravive-la-memoire-des-italiens-de-tunisie\/#primaryimage"},"image":{"@id":"https:\/\/kapitalis.com\/tunisie\/2026\/09\/01\/un-livre-ravive-la-memoire-des-italiens-de-tunisie\/#primaryimage"},"thumbnailUrl":"https:\/\/kapitalis.com\/tunisie\/wp-content\/uploads\/2026\/09\/Les-otages-de-Mussollini.jpg","datePublished":"2026-09-01T12:48:03+00:00","dateModified":"2026-09-01T12:48:05+00:00","description":"Marie-Ange La Rosa vient de publier son premier livre \u2018\u2018Les otages de Mussolini. Une histoire vraie des Italiens de Tunis\u2019\u2019.","breadcrumb":{"@id":"https:\/\/kapitalis.com\/tunisie\/2026\/09\/01\/un-livre-ravive-la-memoire-des-italiens-de-tunisie\/#breadcrumb"},"inLanguage":"fr-FR","potentialAction":[{"@type":"ReadAction","target":["https:\/\/kapitalis.com\/tunisie\/2026\/09\/01\/un-livre-ravive-la-memoire-des-italiens-de-tunisie\/"]}]},{"@type":"ImageObject","inLanguage":"fr-FR","@id":"https:\/\/kapitalis.com\/tunisie\/2026\/09\/01\/un-livre-ravive-la-memoire-des-italiens-de-tunisie\/#primaryimage","url":"https:\/\/kapitalis.com\/tunisie\/wp-content\/uploads\/2026\/09\/Les-otages-de-Mussollini.jpg","contentUrl":"https:\/\/kapitalis.com\/tunisie\/wp-content\/uploads\/2026\/09\/Les-otages-de-Mussollini.jpg","width":1200,"height":630},{"@type":"BreadcrumbList","@id":"https:\/\/kapitalis.com\/tunisie\/2026\/09\/01\/un-livre-ravive-la-memoire-des-italiens-de-tunisie\/#breadcrumb","itemListElement":[{"@type":"ListItem","position":1,"name":"Accueil","item":"https:\/\/kapitalis.com\/tunisie\/"},{"@type":"ListItem","position":2,"name":"Un livre ravive la m\u00e9moire des Italiens de Tunisie"}]},{"@type":"WebSite","@id":"https:\/\/kapitalis.com\/tunisie\/#website","url":"https:\/\/kapitalis.com\/tunisie\/","name":"Kapitalis","description":"L&#039;actualit\u00e9 en Tunisie et dans le monde","publisher":{"@id":"https:\/\/kapitalis.com\/tunisie\/#organization"},"potentialAction":[{"@type":"SearchAction","target":{"@type":"EntryPoint","urlTemplate":"https:\/\/kapitalis.com\/tunisie\/?s={search_term_string}"},"query-input":{"@type":"PropertyValueSpecification","valueRequired":true,"valueName":"search_term_string"}}],"inLanguage":"fr-FR"},{"@type":"Organization","@id":"https:\/\/kapitalis.com\/tunisie\/#organization","name":"Kapitalis","url":"https:\/\/kapitalis.com\/tunisie\/","logo":{"@type":"ImageObject","inLanguage":"fr-FR","@id":"https:\/\/kapitalis.com\/tunisie\/#\/schema\/logo\/image\/","url":"https:\/\/kapitalis.com\/tunisie\/wp-content\/uploads\/2022\/05\/Kapitalis-big-size.png","contentUrl":"https:\/\/kapitalis.com\/tunisie\/wp-content\/uploads\/2022\/05\/Kapitalis-big-size.png","width":5000,"height":1500,"caption":"Kapitalis"},"image":{"@id":"https:\/\/kapitalis.com\/tunisie\/#\/schema\/logo\/image\/"},"sameAs":["https:\/\/www.facebook.com\/KapitalisInfo\/","https:\/\/x.com\/KapitalisInfo","https:\/\/www.youtube.com\/channel\/UC-yDYrHyfFBWWZaOw3FPg9Q"]},{"@type":"Person","@id":"https:\/\/kapitalis.com\/tunisie\/#\/schema\/person\/d71f33a9ca44f7bad4698210b480c8e9","name":"webmaster kapitalis","url":"https:\/\/kapitalis.com\/tunisie\/author\/webmaster-kapitalis\/"}]}},"_links":{"self":[{"href":"https:\/\/kapitalis.com\/tunisie\/wp-json\/wp\/v2\/posts\/19549659","targetHints":{"allow":["GET"]}}],"collection":[{"href":"https:\/\/kapitalis.com\/tunisie\/wp-json\/wp\/v2\/posts"}],"about":[{"href":"https:\/\/kapitalis.com\/tunisie\/wp-json\/wp\/v2\/types\/post"}],"author":[{"embeddable":true,"href":"https:\/\/kapitalis.com\/tunisie\/wp-json\/wp\/v2\/users\/8"}],"replies":[{"embeddable":true,"href":"https:\/\/kapitalis.com\/tunisie\/wp-json\/wp\/v2\/comments?post=19549659"}],"version-history":[{"count":1,"href":"https:\/\/kapitalis.com\/tunisie\/wp-json\/wp\/v2\/posts\/19549659\/revisions"}],"predecessor-version":[{"id":19549724,"href":"https:\/\/kapitalis.com\/tunisie\/wp-json\/wp\/v2\/posts\/19549659\/revisions\/19549724"}],"wp:featuredmedia":[{"embeddable":true,"href":"https:\/\/kapitalis.com\/tunisie\/wp-json\/wp\/v2\/media\/19549712"}],"wp:attachment":[{"href":"https:\/\/kapitalis.com\/tunisie\/wp-json\/wp\/v2\/media?parent=19549659"}],"wp:term":[{"taxonomy":"category","embeddable":true,"href":"https:\/\/kapitalis.com\/tunisie\/wp-json\/wp\/v2\/categories?post=19549659"},{"taxonomy":"post_tag","embeddable":true,"href":"https:\/\/kapitalis.com\/tunisie\/wp-json\/wp\/v2\/tags?post=19549659"}],"curies":[{"name":"wp","href":"https:\/\/api.w.org\/{rel}","templated":true}]}}