{"id":19551896,"date":"2026-09-01T20:42:55","date_gmt":"2026-09-01T19:42:55","guid":{"rendered":"https:\/\/kapitalis.com\/tunisie\/?p=19551896"},"modified":"2026-09-01T20:47:36","modified_gmt":"2026-09-01T19:47:36","slug":"le-film-13eme-round-rafle-deux-nouveaux-prix-au-festival-de-saidia-au-maroc","status":"publish","type":"post","link":"https:\/\/kapitalis.com\/tunisie\/2026\/09\/01\/le-film-13eme-round-rafle-deux-nouveaux-prix-au-festival-de-saidia-au-maroc\/","title":{"rendered":"Le film \u00ab 13\u00e8me Round \u00bb rafle deux nouveaux prix au Festival de Sa\u00efdia au Maroc"},"content":{"rendered":"\n<p class=\"wp-block-paragraph\"><strong><em>Le parcours international de \u00ab 13\u00e8me Round \u00bb se poursuit sous les meilleurs auspices, notamment au Maroc, o\u00f9 il vient de d\u00e9crocher deux nouveaux prix au Festival de Sa\u00efdia.<\/em><\/strong><\/p>\n\n\n\n<!--more-->\n\n\n\n<p class=\"wp-block-paragraph\">C&rsquo;est ce qu&rsquo;a annonc\u00e9 le r\u00e9alisateur Mohamed Ali Nahdi, en pr\u00e9cisant que son long-m\u00e9trage vient de d\u00e9crocher le Prix d&rsquo;interpr\u00e9tation f\u00e9minine, attribu\u00e9 \u00e0 la talentueuse actrice Afef Ben Mahmoud, ainsi que le Prix sp\u00e9cial du festival.<\/p>\n\n\n\n<p class=\"wp-block-paragraph\">En seulement deux participations au Maroc, \u00ab 13\u00e8me Round \u00bb cumule d\u00e9sormais trois distinctions, avec un Prix d&rsquo;interpr\u00e9tation masculine pr\u00e9c\u00e9demment d\u00e9croch\u00e9 au Festival de Dakhla, sachant qu&rsquo;une troisi\u00e8me participation \u00e0 un festival au Maroc est d\u00e9j\u00e0 pr\u00e9vue au mois de novembre, pr\u00e9cise le r\u00e9alisateur.<\/p>\n\n\n\n<p class=\"wp-block-paragraph\">Exprimant sa profonde gratitude, Mohamed Ali Nahdi a tenu \u00e0 saluer le travail de toute l&rsquo;\u00e9quipe artistique et technique, avant de conclure en d\u00e9diant l&rsquo;ensemble de ces distinctions \u00e0<em> \u00ab tous les anges partis beaucoup trop t\u00f4t<\/em> \u00bb.<\/p>\n\n\n\n<p class=\"has-text-align-right wp-block-paragraph\"><strong>Y. N.<\/strong><\/p>\n","protected":false},"excerpt":{"rendered":"<p>Le parcours international de \u00ab 13\u00e8me Round \u00bb se poursuit sous les meilleurs auspices, notamment au Maroc, o\u00f9 il vient de d\u00e9crocher deux nouveaux prix au Festival de Sa\u00efdia.<\/p>\n","protected":false},"author":6,"featured_media":19551926,"comment_status":"open","ping_status":"open","sticky":false,"template":"","format":"standard","meta":{"footnotes":""},"categories":[994,2433],"tags":[129949,129950,62643],"class_list":["post-19551896","post","type-post","status-publish","format-standard","has-post-thumbnail","hentry","category-culture","category-tunisie","tag-13eme-round","tag-festival-de-saidia","tag-tunisie"],"yoast_head":"<!-- This site is optimized with the Yoast SEO plugin v26.6 - https:\/\/yoast.com\/wordpress\/plugins\/seo\/ -->\n<title>Le film \u00ab 13\u00e8me Round \u00bb rafle deux nouveaux prix au Festival de Sa\u00efdia au Maroc - Kapitalis<\/title>\n<meta name=\"robots\" content=\"index, follow, max-snippet:-1, max-image-preview:large, max-video-preview:-1\" \/>\n<link rel=\"canonical\" href=\"https:\/\/kapitalis.com\/tunisie\/2026\/09\/01\/le-film-13eme-round-rafle-deux-nouveaux-prix-au-festival-de-saidia-au-maroc\/\" \/>\n<meta property=\"og:locale\" content=\"fr_FR\" \/>\n<meta property=\"og:type\" content=\"article\" \/>\n<meta property=\"og:title\" content=\"Le film \u00ab 13\u00e8me Round \u00bb rafle deux nouveaux prix au Festival de Sa\u00efdia au Maroc - Kapitalis\" \/>\n<meta property=\"og:description\" content=\"Le parcours international de \u00ab 13\u00e8me Round \u00bb se poursuit sous les meilleurs auspices, notamment au Maroc, o\u00f9 il vient de d\u00e9crocher deux nouveaux prix au Festival de Sa\u00efdia.\" \/>\n<meta property=\"og:url\" content=\"https:\/\/kapitalis.com\/tunisie\/2026\/09\/01\/le-film-13eme-round-rafle-deux-nouveaux-prix-au-festival-de-saidia-au-maroc\/\" \/>\n<meta property=\"og:site_name\" content=\"Kapitalis\" \/>\n<meta property=\"article:publisher\" content=\"https:\/\/www.facebook.com\/KapitalisInfo\/\" \/>\n<meta property=\"article:published_time\" content=\"2026-09-01T19:42:55+00:00\" \/>\n<meta property=\"article:modified_time\" content=\"2026-09-01T19:47:36+00:00\" \/>\n<meta property=\"og:image\" content=\"https:\/\/kapitalis.com\/tunisie\/wp-content\/uploads\/2026\/09\/13e-Round.png\" \/>\n\t<meta property=\"og:image:width\" content=\"1200\" \/>\n\t<meta property=\"og:image:height\" content=\"630\" \/>\n\t<meta property=\"og:image:type\" content=\"image\/png\" \/>\n<meta name=\"author\" content=\"Yusra NY\" \/>\n<meta name=\"twitter:card\" content=\"summary_large_image\" \/>\n<meta name=\"twitter:creator\" content=\"@KapitalisInfo\" \/>\n<meta name=\"twitter:site\" content=\"@KapitalisInfo\" \/>\n<meta name=\"twitter:label1\" content=\"\u00c9crit par\" \/>\n\t<meta name=\"twitter:data1\" content=\"Yusra NY\" \/>\n\t<meta name=\"twitter:label2\" content=\"Dur\u00e9e de lecture estim\u00e9e\" \/>\n\t<meta name=\"twitter:data2\" content=\"1 minute\" \/>\n<script type=\"application\/ld+json\" class=\"yoast-schema-graph\">{\"@context\":\"https:\/\/schema.org\",\"@graph\":[{\"@type\":\"Article\",\"@id\":\"https:\/\/kapitalis.com\/tunisie\/2026\/09\/01\/le-film-13eme-round-rafle-deux-nouveaux-prix-au-festival-de-saidia-au-maroc\/#article\",\"isPartOf\":{\"@id\":\"https:\/\/kapitalis.com\/tunisie\/2026\/09\/01\/le-film-13eme-round-rafle-deux-nouveaux-prix-au-festival-de-saidia-au-maroc\/\"},\"author\":{\"name\":\"Yusra NY\",\"@id\":\"https:\/\/kapitalis.com\/tunisie\/#\/schema\/person\/74bbde0154d49d790a92aaeac5bc01d5\"},\"headline\":\"Le film \u00ab 13\u00e8me Round \u00bb rafle deux nouveaux prix au Festival de Sa\u00efdia au Maroc\",\"datePublished\":\"2026-09-01T19:42:55+00:00\",\"dateModified\":\"2026-09-01T19:47:36+00:00\",\"mainEntityOfPage\":{\"@id\":\"https:\/\/kapitalis.com\/tunisie\/2026\/09\/01\/le-film-13eme-round-rafle-deux-nouveaux-prix-au-festival-de-saidia-au-maroc\/\"},\"wordCount\":176,\"commentCount\":0,\"publisher\":{\"@id\":\"https:\/\/kapitalis.com\/tunisie\/#organization\"},\"image\":{\"@id\":\"https:\/\/kapitalis.com\/tunisie\/2026\/09\/01\/le-film-13eme-round-rafle-deux-nouveaux-prix-au-festival-de-saidia-au-maroc\/#primaryimage\"},\"thumbnailUrl\":\"https:\/\/kapitalis.com\/tunisie\/wp-content\/uploads\/2026\/09\/13e-Round.png\",\"keywords\":[\"13\u00e8me Round\",\"Festival de Sa\u00efdia\",\"Tunisie\"],\"articleSection\":[\"CULTURE\",\"Tunisie\"],\"inLanguage\":\"fr-FR\",\"potentialAction\":[{\"@type\":\"CommentAction\",\"name\":\"Comment\",\"target\":[\"https:\/\/kapitalis.com\/tunisie\/2026\/09\/01\/le-film-13eme-round-rafle-deux-nouveaux-prix-au-festival-de-saidia-au-maroc\/#respond\"]}]},{\"@type\":\"WebPage\",\"@id\":\"https:\/\/kapitalis.com\/tunisie\/2026\/09\/01\/le-film-13eme-round-rafle-deux-nouveaux-prix-au-festival-de-saidia-au-maroc\/\",\"url\":\"https:\/\/kapitalis.com\/tunisie\/2026\/09\/01\/le-film-13eme-round-rafle-deux-nouveaux-prix-au-festival-de-saidia-au-maroc\/\",\"name\":\"Le film \u00ab 13\u00e8me Round \u00bb rafle deux nouveaux prix au Festival de Sa\u00efdia au Maroc - Kapitalis\",\"isPartOf\":{\"@id\":\"https:\/\/kapitalis.com\/tunisie\/#website\"},\"primaryImageOfPage\":{\"@id\":\"https:\/\/kapitalis.com\/tunisie\/2026\/09\/01\/le-film-13eme-round-rafle-deux-nouveaux-prix-au-festival-de-saidia-au-maroc\/#primaryimage\"},\"image\":{\"@id\":\"https:\/\/kapitalis.com\/tunisie\/2026\/09\/01\/le-film-13eme-round-rafle-deux-nouveaux-prix-au-festival-de-saidia-au-maroc\/#primaryimage\"},\"thumbnailUrl\":\"https:\/\/kapitalis.com\/tunisie\/wp-content\/uploads\/2026\/09\/13e-Round.png\",\"datePublished\":\"2026-09-01T19:42:55+00:00\",\"dateModified\":\"2026-09-01T19:47:36+00:00\",\"breadcrumb\":{\"@id\":\"https:\/\/kapitalis.com\/tunisie\/2026\/09\/01\/le-film-13eme-round-rafle-deux-nouveaux-prix-au-festival-de-saidia-au-maroc\/#breadcrumb\"},\"inLanguage\":\"fr-FR\",\"potentialAction\":[{\"@type\":\"ReadAction\",\"target\":[\"https:\/\/kapitalis.com\/tunisie\/2026\/09\/01\/le-film-13eme-round-rafle-deux-nouveaux-prix-au-festival-de-saidia-au-maroc\/\"]}]},{\"@type\":\"ImageObject\",\"inLanguage\":\"fr-FR\",\"@id\":\"https:\/\/kapitalis.com\/tunisie\/2026\/09\/01\/le-film-13eme-round-rafle-deux-nouveaux-prix-au-festival-de-saidia-au-maroc\/#primaryimage\",\"url\":\"https:\/\/kapitalis.com\/tunisie\/wp-content\/uploads\/2026\/09\/13e-Round.png\",\"contentUrl\":\"https:\/\/kapitalis.com\/tunisie\/wp-content\/uploads\/2026\/09\/13e-Round.png\",\"width\":1200,\"height\":630},{\"@type\":\"BreadcrumbList\",\"@id\":\"https:\/\/kapitalis.com\/tunisie\/2026\/09\/01\/le-film-13eme-round-rafle-deux-nouveaux-prix-au-festival-de-saidia-au-maroc\/#breadcrumb\",\"itemListElement\":[{\"@type\":\"ListItem\",\"position\":1,\"name\":\"Accueil\",\"item\":\"https:\/\/kapitalis.com\/tunisie\/\"},{\"@type\":\"ListItem\",\"position\":2,\"name\":\"Le film \u00ab 13\u00e8me Round \u00bb rafle deux nouveaux prix au Festival de Sa\u00efdia au Maroc\"}]},{\"@type\":\"WebSite\",\"@id\":\"https:\/\/kapitalis.com\/tunisie\/#website\",\"url\":\"https:\/\/kapitalis.com\/tunisie\/\",\"name\":\"Kapitalis\",\"description\":\"L&#039;actualit\u00e9 en Tunisie et dans le monde\",\"publisher\":{\"@id\":\"https:\/\/kapitalis.com\/tunisie\/#organization\"},\"potentialAction\":[{\"@type\":\"SearchAction\",\"target\":{\"@type\":\"EntryPoint\",\"urlTemplate\":\"https:\/\/kapitalis.com\/tunisie\/?s={search_term_string}\"},\"query-input\":{\"@type\":\"PropertyValueSpecification\",\"valueRequired\":true,\"valueName\":\"search_term_string\"}}],\"inLanguage\":\"fr-FR\"},{\"@type\":\"Organization\",\"@id\":\"https:\/\/kapitalis.com\/tunisie\/#organization\",\"name\":\"Kapitalis\",\"url\":\"https:\/\/kapitalis.com\/tunisie\/\",\"logo\":{\"@type\":\"ImageObject\",\"inLanguage\":\"fr-FR\",\"@id\":\"https:\/\/kapitalis.com\/tunisie\/#\/schema\/logo\/image\/\",\"url\":\"https:\/\/kapitalis.com\/tunisie\/wp-content\/uploads\/2022\/05\/Kapitalis-big-size.png\",\"contentUrl\":\"https:\/\/kapitalis.com\/tunisie\/wp-content\/uploads\/2022\/05\/Kapitalis-big-size.png\",\"width\":5000,\"height\":1500,\"caption\":\"Kapitalis\"},\"image\":{\"@id\":\"https:\/\/kapitalis.com\/tunisie\/#\/schema\/logo\/image\/\"},\"sameAs\":[\"https:\/\/www.facebook.com\/KapitalisInfo\/\",\"https:\/\/x.com\/KapitalisInfo\",\"https:\/\/www.youtube.com\/channel\/UC-yDYrHyfFBWWZaOw3FPg9Q\"]},{\"@type\":\"Person\",\"@id\":\"https:\/\/kapitalis.com\/tunisie\/#\/schema\/person\/74bbde0154d49d790a92aaeac5bc01d5\",\"name\":\"Yusra NY\",\"url\":\"https:\/\/kapitalis.com\/tunisie\/author\/yuza_adam\/\"}]}<\/script>\n<!-- \/ Yoast SEO plugin. -->","yoast_head_json":{"title":"Le film \u00ab 13\u00e8me Round \u00bb rafle deux nouveaux prix au Festival de Sa\u00efdia au Maroc - Kapitalis","robots":{"index":"index","follow":"follow","max-snippet":"max-snippet:-1","max-image-preview":"max-image-preview:large","max-video-preview":"max-video-preview:-1"},"canonical":"https:\/\/kapitalis.com\/tunisie\/2026\/09\/01\/le-film-13eme-round-rafle-deux-nouveaux-prix-au-festival-de-saidia-au-maroc\/","og_locale":"fr_FR","og_type":"article","og_title":"Le film \u00ab 13\u00e8me Round \u00bb rafle deux nouveaux prix au Festival de Sa\u00efdia au Maroc - Kapitalis","og_description":"Le parcours international de \u00ab 13\u00e8me Round \u00bb se poursuit sous les meilleurs auspices, notamment au Maroc, o\u00f9 il vient de d\u00e9crocher deux nouveaux prix au Festival de Sa\u00efdia.","og_url":"https:\/\/kapitalis.com\/tunisie\/2026\/09\/01\/le-film-13eme-round-rafle-deux-nouveaux-prix-au-festival-de-saidia-au-maroc\/","og_site_name":"Kapitalis","article_publisher":"https:\/\/www.facebook.com\/KapitalisInfo\/","article_published_time":"2026-09-01T19:42:55+00:00","article_modified_time":"2026-09-01T19:47:36+00:00","og_image":[{"width":1200,"height":630,"url":"https:\/\/kapitalis.com\/tunisie\/wp-content\/uploads\/2026\/09\/13e-Round.png","type":"image\/png"}],"author":"Yusra NY","twitter_card":"summary_large_image","twitter_creator":"@KapitalisInfo","twitter_site":"@KapitalisInfo","twitter_misc":{"\u00c9crit par":"Yusra NY","Dur\u00e9e de lecture estim\u00e9e":"1 minute"},"schema":{"@context":"https:\/\/schema.org","@graph":[{"@type":"Article","@id":"https:\/\/kapitalis.com\/tunisie\/2026\/09\/01\/le-film-13eme-round-rafle-deux-nouveaux-prix-au-festival-de-saidia-au-maroc\/#article","isPartOf":{"@id":"https:\/\/kapitalis.com\/tunisie\/2026\/09\/01\/le-film-13eme-round-rafle-deux-nouveaux-prix-au-festival-de-saidia-au-maroc\/"},"author":{"name":"Yusra NY","@id":"https:\/\/kapitalis.com\/tunisie\/#\/schema\/person\/74bbde0154d49d790a92aaeac5bc01d5"},"headline":"Le film \u00ab 13\u00e8me Round \u00bb rafle deux nouveaux prix au Festival de Sa\u00efdia au Maroc","datePublished":"2026-09-01T19:42:55+00:00","dateModified":"2026-09-01T19:47:36+00:00","mainEntityOfPage":{"@id":"https:\/\/kapitalis.com\/tunisie\/2026\/09\/01\/le-film-13eme-round-rafle-deux-nouveaux-prix-au-festival-de-saidia-au-maroc\/"},"wordCount":176,"commentCount":0,"publisher":{"@id":"https:\/\/kapitalis.com\/tunisie\/#organization"},"image":{"@id":"https:\/\/kapitalis.com\/tunisie\/2026\/09\/01\/le-film-13eme-round-rafle-deux-nouveaux-prix-au-festival-de-saidia-au-maroc\/#primaryimage"},"thumbnailUrl":"https:\/\/kapitalis.com\/tunisie\/wp-content\/uploads\/2026\/09\/13e-Round.png","keywords":["13\u00e8me Round","Festival de Sa\u00efdia","Tunisie"],"articleSection":["CULTURE","Tunisie"],"inLanguage":"fr-FR","potentialAction":[{"@type":"CommentAction","name":"Comment","target":["https:\/\/kapitalis.com\/tunisie\/2026\/09\/01\/le-film-13eme-round-rafle-deux-nouveaux-prix-au-festival-de-saidia-au-maroc\/#respond"]}]},{"@type":"WebPage","@id":"https:\/\/kapitalis.com\/tunisie\/2026\/09\/01\/le-film-13eme-round-rafle-deux-nouveaux-prix-au-festival-de-saidia-au-maroc\/","url":"https:\/\/kapitalis.com\/tunisie\/2026\/09\/01\/le-film-13eme-round-rafle-deux-nouveaux-prix-au-festival-de-saidia-au-maroc\/","name":"Le film \u00ab 13\u00e8me Round \u00bb rafle deux nouveaux prix au Festival de Sa\u00efdia au Maroc - Kapitalis","isPartOf":{"@id":"https:\/\/kapitalis.com\/tunisie\/#website"},"primaryImageOfPage":{"@id":"https:\/\/kapitalis.com\/tunisie\/2026\/09\/01\/le-film-13eme-round-rafle-deux-nouveaux-prix-au-festival-de-saidia-au-maroc\/#primaryimage"},"image":{"@id":"https:\/\/kapitalis.com\/tunisie\/2026\/09\/01\/le-film-13eme-round-rafle-deux-nouveaux-prix-au-festival-de-saidia-au-maroc\/#primaryimage"},"thumbnailUrl":"https:\/\/kapitalis.com\/tunisie\/wp-content\/uploads\/2026\/09\/13e-Round.png","datePublished":"2026-09-01T19:42:55+00:00","dateModified":"2026-09-01T19:47:36+00:00","breadcrumb":{"@id":"https:\/\/kapitalis.com\/tunisie\/2026\/09\/01\/le-film-13eme-round-rafle-deux-nouveaux-prix-au-festival-de-saidia-au-maroc\/#breadcrumb"},"inLanguage":"fr-FR","potentialAction":[{"@type":"ReadAction","target":["https:\/\/kapitalis.com\/tunisie\/2026\/09\/01\/le-film-13eme-round-rafle-deux-nouveaux-prix-au-festival-de-saidia-au-maroc\/"]}]},{"@type":"ImageObject","inLanguage":"fr-FR","@id":"https:\/\/kapitalis.com\/tunisie\/2026\/09\/01\/le-film-13eme-round-rafle-deux-nouveaux-prix-au-festival-de-saidia-au-maroc\/#primaryimage","url":"https:\/\/kapitalis.com\/tunisie\/wp-content\/uploads\/2026\/09\/13e-Round.png","contentUrl":"https:\/\/kapitalis.com\/tunisie\/wp-content\/uploads\/2026\/09\/13e-Round.png","width":1200,"height":630},{"@type":"BreadcrumbList","@id":"https:\/\/kapitalis.com\/tunisie\/2026\/09\/01\/le-film-13eme-round-rafle-deux-nouveaux-prix-au-festival-de-saidia-au-maroc\/#breadcrumb","itemListElement":[{"@type":"ListItem","position":1,"name":"Accueil","item":"https:\/\/kapitalis.com\/tunisie\/"},{"@type":"ListItem","position":2,"name":"Le film \u00ab 13\u00e8me Round \u00bb rafle deux nouveaux prix au Festival de Sa\u00efdia au Maroc"}]},{"@type":"WebSite","@id":"https:\/\/kapitalis.com\/tunisie\/#website","url":"https:\/\/kapitalis.com\/tunisie\/","name":"Kapitalis","description":"L&#039;actualit\u00e9 en Tunisie et dans le monde","publisher":{"@id":"https:\/\/kapitalis.com\/tunisie\/#organization"},"potentialAction":[{"@type":"SearchAction","target":{"@type":"EntryPoint","urlTemplate":"https:\/\/kapitalis.com\/tunisie\/?s={search_term_string}"},"query-input":{"@type":"PropertyValueSpecification","valueRequired":true,"valueName":"search_term_string"}}],"inLanguage":"fr-FR"},{"@type":"Organization","@id":"https:\/\/kapitalis.com\/tunisie\/#organization","name":"Kapitalis","url":"https:\/\/kapitalis.com\/tunisie\/","logo":{"@type":"ImageObject","inLanguage":"fr-FR","@id":"https:\/\/kapitalis.com\/tunisie\/#\/schema\/logo\/image\/","url":"https:\/\/kapitalis.com\/tunisie\/wp-content\/uploads\/2022\/05\/Kapitalis-big-size.png","contentUrl":"https:\/\/kapitalis.com\/tunisie\/wp-content\/uploads\/2022\/05\/Kapitalis-big-size.png","width":5000,"height":1500,"caption":"Kapitalis"},"image":{"@id":"https:\/\/kapitalis.com\/tunisie\/#\/schema\/logo\/image\/"},"sameAs":["https:\/\/www.facebook.com\/KapitalisInfo\/","https:\/\/x.com\/KapitalisInfo","https:\/\/www.youtube.com\/channel\/UC-yDYrHyfFBWWZaOw3FPg9Q"]},{"@type":"Person","@id":"https:\/\/kapitalis.com\/tunisie\/#\/schema\/person\/74bbde0154d49d790a92aaeac5bc01d5","name":"Yusra NY","url":"https:\/\/kapitalis.com\/tunisie\/author\/yuza_adam\/"}]}},"_links":{"self":[{"href":"https:\/\/kapitalis.com\/tunisie\/wp-json\/wp\/v2\/posts\/19551896","targetHints":{"allow":["GET"]}}],"collection":[{"href":"https:\/\/kapitalis.com\/tunisie\/wp-json\/wp\/v2\/posts"}],"about":[{"href":"https:\/\/kapitalis.com\/tunisie\/wp-json\/wp\/v2\/types\/post"}],"author":[{"embeddable":true,"href":"https:\/\/kapitalis.com\/tunisie\/wp-json\/wp\/v2\/users\/6"}],"replies":[{"embeddable":true,"href":"https:\/\/kapitalis.com\/tunisie\/wp-json\/wp\/v2\/comments?post=19551896"}],"version-history":[{"count":1,"href":"https:\/\/kapitalis.com\/tunisie\/wp-json\/wp\/v2\/posts\/19551896\/revisions"}],"predecessor-version":[{"id":19551909,"href":"https:\/\/kapitalis.com\/tunisie\/wp-json\/wp\/v2\/posts\/19551896\/revisions\/19551909"}],"wp:featuredmedia":[{"embeddable":true,"href":"https:\/\/kapitalis.com\/tunisie\/wp-json\/wp\/v2\/media\/19551926"}],"wp:attachment":[{"href":"https:\/\/kapitalis.com\/tunisie\/wp-json\/wp\/v2\/media?parent=19551896"}],"wp:term":[{"taxonomy":"category","embeddable":true,"href":"https:\/\/kapitalis.com\/tunisie\/wp-json\/wp\/v2\/categories?post=19551896"},{"taxonomy":"post_tag","embeddable":true,"href":"https:\/\/kapitalis.com\/tunisie\/wp-json\/wp\/v2\/tags?post=19551896"}],"curies":[{"name":"wp","href":"https:\/\/api.w.org\/{rel}","templated":true}]}}