{"id":19553925,"date":"2026-09-02T07:06:39","date_gmt":"2026-09-02T06:06:39","guid":{"rendered":"https:\/\/kapitalis.com\/tunisie\/?p=19553925"},"modified":"2026-09-02T07:06:41","modified_gmt":"2026-09-02T06:06:41","slug":"la-france-accusee-de-harcelement-judiciaire-contre-rima-hassan","status":"publish","type":"post","link":"https:\/\/kapitalis.com\/tunisie\/2026\/09\/02\/la-france-accusee-de-harcelement-judiciaire-contre-rima-hassan\/","title":{"rendered":"La France accus\u00e9e de \u00abharc\u00e8lement judiciaire\u00bb contre Rima Hassan"},"content":{"rendered":"\n<p class=\"wp-block-paragraph\"><strong><em>La d\u00e9nonciation du g\u00e9nocide perp\u00e9tr\u00e9 par Isra\u00ebl \u00e0 Gaza et la d\u00e9fense des droits du peuple palestinien sont presque devenues un crime en France. La d\u00e9put\u00e9e fran\u00e7aise d\u2019origine palestinienne Rima Hassan, figure embl\u00e9matique de la d\u00e9fense de la cause palestinienne au pays de Voltaire et de Hugo, n\u2019a cess\u00e9 d\u2019en faire l\u2019exp\u00e9rience \u00e0 ses d\u00e9pens.<\/em><\/strong><\/p>\n\n\n\n<p class=\"wp-block-paragraph\"><strong>Djamal Guettala<\/strong><\/p>\n\n\n\n<!--more-->\n\n\n\n<p class=\"wp-block-paragraph\">Cette d\u00e9rive, qui d\u00e9shonore la France et les Fran\u00e7ais, vaut au suppos\u00e9 pays des droits de l\u2019homme de se retrouver une nouvelle fois interpell\u00e9e sur le terrain des libert\u00e9s publiques. Cinq rapporteurs sp\u00e9ciaux des Nations unies \u2013 excusez du peu&nbsp;! \u2013 demandent officiellement des comptes \u00e0 Paris au sujet des mesures polici\u00e8res et des proc\u00e9dures judiciaires visant Rima Hassan en raison de ses prises de position politiques, notamment sur la Palestine. Pour ces experts, la multiplication des auditions, la garde \u00e0 vue et les mesures de surveillance soul\u00e8vent de <em>\u00abgraves pr\u00e9occupations\u00bb<\/em> et pourraient constituer des atteintes \u00e0 plusieurs droits fondamentaux.<\/p>\n\n\n\n<p class=\"wp-block-paragraph\">Dans leur communication adress\u00e9e aux autorit\u00e9s fran\u00e7aises, les experts de l\u2019Onu rel\u00e8vent \u00e9galement que la quasi-totalit\u00e9 des proc\u00e9dures engag\u00e9es contre la juriste franco-palestinienne auraient \u00e9t\u00e9 class\u00e9es sans suite.<\/p>\n\n\n\n<p class=\"wp-block-paragraph\">Au-del\u00e0 du seul cas de Rima Hassan, c\u2019est la mani\u00e8re dont la France traite certaines expressions politiques li\u00e9es \u00e0 la Palestine qui inqui\u00e8te les rapporteurs.<\/p>\n\n\n\n<h2 class=\"wp-block-heading\">Des proc\u00e9dures qui deviennent elles-m\u00eames une sanction<\/h2>\n\n\n\n<p class=\"wp-block-paragraph\">Le constat qu\u2019ils dressent est particuli\u00e8rement s\u00e9v\u00e8re. M\u00eame lorsqu\u2019elles ne d\u00e9bouchent pas sur une condamnation, la r\u00e9p\u00e9tition des proc\u00e9dures judiciaires peut, selon eux, produire un effet dissuasif consid\u00e9rable sur la libert\u00e9 d\u2019expression.<\/p>\n\n\n\n<p class=\"wp-block-paragraph\">Autrement dit, le probl\u00e8me ne r\u00e9siderait pas uniquement dans l\u2019issue judiciaire d\u2019une affaire, mais dans l\u2019accumulation des convocations, interrogatoires, gardes \u00e0 vue et mesures de surveillance.<\/p>\n\n\n\n<p class=\"wp-block-paragraph\">Les rapporteurs \u00e9voquent ainsi des mesures susceptibles de relever du <em>\u00abharc\u00e8lement judiciaire et politique\u00bb<\/em> et estiment qu\u2019elles pourraient porter atteinte \u00e0 plusieurs droits fondamentaux : libert\u00e9 d\u2019opinion et d\u2019expression, droit \u00e0 la vie priv\u00e9e, libert\u00e9 de r\u00e9union et d\u2019association, principe d\u2019\u00e9galit\u00e9 et de non-discrimination, mais \u00e9galement droit de participer \u00e0 la vie publique.<\/p>\n\n\n\n<p class=\"wp-block-paragraph\">Une mise en garde qui d\u00e9passe largement le cas individuel de Rima Hassan.<\/p>\n\n\n\n<p class=\"wp-block-paragraph\">Les experts de l\u2019Onu d\u00e9noncent ce qu\u2019ils d\u00e9crivent comme une <em>\u00abtendance croissante \u00e0 la r\u00e9pression des voix d\u00e9fendant les droits du peuple palestinien par les autorit\u00e9s fran\u00e7aises\u00bb<\/em>.<\/p>\n\n\n\n<p class=\"wp-block-paragraph\">Le recours \u00e0 l\u2019infraction d\u2019<em>\u00abapologie du terrorisme\u00bb<\/em> constitue l\u2019un des principaux points d\u2019inqui\u00e9tude. Les rapporteurs demandent \u00e0 Paris de d\u00e9montrer que l\u2019utilisation r\u00e9p\u00e9t\u00e9e de cette qualification respecte les engagements internationaux de la France en mati\u00e8re de libert\u00e9 d\u2019expression.<\/p>\n\n\n\n<p class=\"wp-block-paragraph\">La question est politiquement explosive : jusqu\u2019o\u00f9 un \u00c9tat peut-il aller dans la lutte contre l\u2019apologie du terrorisme sans transformer cet arsenal juridique en instrument de restriction de la parole politique ?<\/p>\n\n\n\n<p class=\"wp-block-paragraph\">Pour les rapporteurs, le risque est pr\u00e9cis\u00e9ment celui d\u2019un glissement. L\u2019ouverture r\u00e9p\u00e9t\u00e9e de proc\u00e9dures, y compris lorsqu\u2019elles se terminent sans condamnation, peut suffire \u00e0 intimider les militants, les \u00e9lus, les associations, les universitaires ou les simples citoyens qui prennent publiquement position.<\/p>\n\n\n\n<p class=\"wp-block-paragraph\">La justice ne sanctionnerait alors plus seulement par une condamnation. La proc\u00e9dure elle-m\u00eame pourrait devenir une forme de pression.<\/p>\n\n\n<div class=\"wp-block-image\">\n<figure class=\"aligncenter size-large\"><img loading=\"lazy\" decoding=\"async\" width=\"1024\" height=\"538\" src=\"https:\/\/kapitalis.com\/tunisie\/wp-content\/uploads\/2026\/09\/Rima-Hassan-Palestine-1024x538.jpg\" alt=\"\" class=\"wp-image-19553970\" srcset=\"https:\/\/kapitalis.com\/tunisie\/wp-content\/uploads\/2026\/09\/Rima-Hassan-Palestine-1024x538.jpg 1024w, https:\/\/kapitalis.com\/tunisie\/wp-content\/uploads\/2026\/09\/Rima-Hassan-Palestine-300x158.jpg 300w, https:\/\/kapitalis.com\/tunisie\/wp-content\/uploads\/2026\/09\/Rima-Hassan-Palestine-768x403.jpg 768w, https:\/\/kapitalis.com\/tunisie\/wp-content\/uploads\/2026\/09\/Rima-Hassan-Palestine-580x305.jpg 580w, https:\/\/kapitalis.com\/tunisie\/wp-content\/uploads\/2026\/09\/Rima-Hassan-Palestine-860x452.jpg 860w, https:\/\/kapitalis.com\/tunisie\/wp-content\/uploads\/2026\/09\/Rima-Hassan-Palestine-1160x609.jpg 1160w, https:\/\/kapitalis.com\/tunisie\/wp-content\/uploads\/2026\/09\/Rima-Hassan-Palestine.jpg 1200w\" sizes=\"auto, (max-width: 1024px) 100vw, 1024px\" \/><figcaption class=\"wp-element-caption\"><em>Rima Hassan doit-elle renier son pays d&rsquo;origine, la Palestine, dont ses parents ont \u00e9t\u00e9 chass\u00e9s par l&rsquo;arm\u00e9e d&rsquo;occupation isra\u00e9lienne, pour avoir droit \u00e0 la libert\u00e9 d&rsquo;expression comme tout citoyen fran\u00e7ais ? <\/em> <\/figcaption><\/figure>\n<\/div>\n\n\n<h2 class=\"wp-block-heading\">Un avertissement qui d\u00e9passe Rima Hassan<\/h2>\n\n\n\n<p class=\"wp-block-paragraph\">Les cinq rapporteurs sp\u00e9ciaux demandent d\u00e9sormais au gouvernement fran\u00e7ais de fournir des explications sur les motifs et la proportionnalit\u00e9 de la garde \u00e0 vue de Rima Hassan, mais aussi sur les informations communiqu\u00e9es aux m\u00e9dias, les interrogatoires r\u00e9p\u00e9t\u00e9s et les \u00e9ventuelles mesures de surveillance.<\/p>\n\n\n\n<p class=\"wp-block-paragraph\">Ils interrogent \u00e9galement Paris sur la compatibilit\u00e9 du recours \u00e0 l\u2019<em>\u00abapologie du terrorisme\u00bb<\/em> avec les obligations internationales de la France.<\/p>\n\n\n\n<p class=\"wp-block-paragraph\">La question est loin d\u2019\u00eatre secondaire. La France se pr\u00e9sente r\u00e9guli\u00e8rement comme une d\u00e9mocratie attach\u00e9e \u00e0 la libert\u00e9 d\u2019expression, \u00e0 l\u2019\u00c9tat de droit et \u00e0 la d\u00e9fense des droits humains. La communication des experts de l\u2019Onu vient mettre cette posture \u00e0 l\u2019\u00e9preuve, en demandant aux autorit\u00e9s fran\u00e7aises de d\u00e9montrer que leur pratique est conforme aux principes qu\u2019elles d\u00e9fendent sur la sc\u00e8ne internationale.<\/p>\n\n\n\n<p class=\"wp-block-paragraph\">L\u2019int\u00e9r\u00eat de cette intervention onusienne r\u00e9side surtout dans sa port\u00e9e g\u00e9n\u00e9rale. Les rapporteurs ne se limitent pas \u00e0 d\u00e9noncer une situation individuelle. Ils alertent sur les cons\u00e9quences politiques d\u2019une multiplication des poursuites visant des voix favorables aux droits des Palestiniens.<\/p>\n\n\n\n<p class=\"wp-block-paragraph\">La libert\u00e9 d\u2019expression ne se mesure pas seulement \u00e0 la possibilit\u00e9 th\u00e9orique de parler. Elle se mesure aussi \u00e0 la capacit\u00e9 de le faire sans craindre une succession de convocations, de proc\u00e9dures ou de mesures polici\u00e8res.<\/p>\n\n\n\n<p class=\"wp-block-paragraph\">C\u2019est pr\u00e9cis\u00e9ment ce ph\u00e9nom\u00e8ne que les experts redoutent lorsqu\u2019ils \u00e9voquent un <em>\u00abeffet dissuasif\u00bb<\/em> sur la libert\u00e9 d\u2019expression, la soci\u00e9t\u00e9 civile et le pluralisme d\u00e9mocratique.<\/p>\n\n\n\n<p class=\"wp-block-paragraph\">La France doit donc r\u00e9pondre. Et cette fois, la question ne vient pas seulement d\u2019associations, de militants ou d\u2019opposants politiques. Elle est pos\u00e9e par cinq experts mandat\u00e9s par les Nations unies.<\/p>\n\n\n\n<p class=\"wp-block-paragraph\">Le dossier Rima Hassan devient ainsi le r\u00e9v\u00e9lateur d\u2019une interrogation plus vaste : la lutte contre l\u2019apologie du terrorisme peut-elle servir de justification \u00e0 la mise sous pression de la parole politique, notamment lorsqu\u2019elle concerne la Palestine, une nation spoli\u00e9e de sa terre et un peuple martyris\u00e9 par l\u2019une des plus redoutables machines de guerre actuelle dans le monde, celle de l\u2019Etat d\u2019occupation isra\u00e9lien ?<\/p>\n\n\n\n<p class=\"wp-block-paragraph\">La r\u00e9ponse du gouvernement fran\u00e7ais sera scrut\u00e9e bien au-del\u00e0 de l\u2019Hexagone. Car la situation des d\u00e9fenseurs de la cause palestinienne en Allemagne, aux Etats-Unis et dans d\u2019autres pays occidentaux n\u2019est pas meilleure qu\u2019en France.<\/p>\n\n\n\n<figure class=\"wp-block-embed alignleft is-type-wp-embed is-provider-kapitalis wp-block-embed-kapitalis\"><div class=\"wp-block-embed__wrapper\">\n<blockquote class=\"wp-embedded-content\" data-secret=\"Ip0NGnboMn\"><a href=\"https:\/\/kapitalis.com\/tunisie\/2026\/07\/02\/proces-de-rima-hassan-peut-on-encore-defendre-la-palestine-en-france\/\">Proc\u00e8s de Rima Hassan | Peut-on encore d\u00e9fendre la Palestine en France\u00a0?<\/a><\/blockquote><iframe loading=\"lazy\" class=\"wp-embedded-content\" sandbox=\"allow-scripts\" security=\"restricted\" style=\"position: absolute; visibility: hidden;\" title=\"\u00ab\u00a0Proc\u00e8s de Rima Hassan | Peut-on encore d\u00e9fendre la Palestine en France\u00a0?\u00a0\u00bb \u2014 Kapitalis\" src=\"https:\/\/kapitalis.com\/tunisie\/2026\/07\/02\/proces-de-rima-hassan-peut-on-encore-defendre-la-palestine-en-france\/embed\/#?secret=ikrRsZDpiV#?secret=Ip0NGnboMn\" data-secret=\"Ip0NGnboMn\" width=\"600\" height=\"338\" frameborder=\"0\" marginwidth=\"0\" marginheight=\"0\" scrolling=\"no\"><\/iframe>\n<\/div><\/figure>\n","protected":false},"excerpt":{"rendered":"<p>Rima Hassan doit-elle renier son pays d&rsquo;origine, la Palestine pour avoir droit \u00e0 la libert\u00e9 d&rsquo;expression comme tout citoyen fran\u00e7ais ? <\/p>\n","protected":false},"author":8,"featured_media":19553967,"comment_status":"open","ping_status":"open","sticky":false,"template":"","format":"standard","meta":{"footnotes":""},"categories":[992,997,2433],"tags":[395,114700,2478,125878,4026,114389],"class_list":["post-19553925","post","type-post","status-publish","format-standard","has-post-thumbnail","hentry","category-a-la-une","category-politique","category-tunisie","tag-france","tag-harcelement-judiciaire","tag-israel","tag-libertes-publiques","tag-palestine","tag-rima-hassan"],"yoast_head":"<!-- This site is optimized with the Yoast SEO plugin v26.6 - https:\/\/yoast.com\/wordpress\/plugins\/seo\/ -->\n<title>La France accus\u00e9e de \u00abharc\u00e8lement judiciaire\u00bb contre Rima Hassan - Kapitalis<\/title>\n<meta name=\"description\" content=\"Rima Hassan doit-elle renier son pays d&#039;origine, la Palestine pour avoir droit \u00e0 la libert\u00e9 d&#039;expression comme tout citoyen fran\u00e7ais ?\" \/>\n<meta name=\"robots\" content=\"index, follow, max-snippet:-1, max-image-preview:large, max-video-preview:-1\" \/>\n<link rel=\"canonical\" href=\"https:\/\/kapitalis.com\/tunisie\/2026\/09\/02\/la-france-accusee-de-harcelement-judiciaire-contre-rima-hassan\/\" \/>\n<meta property=\"og:locale\" content=\"fr_FR\" \/>\n<meta property=\"og:type\" content=\"article\" \/>\n<meta property=\"og:title\" content=\"La France accus\u00e9e de \u00abharc\u00e8lement judiciaire\u00bb contre Rima Hassan - Kapitalis\" \/>\n<meta property=\"og:description\" content=\"Rima Hassan doit-elle renier son pays d&#039;origine, la Palestine pour avoir droit \u00e0 la libert\u00e9 d&#039;expression comme tout citoyen fran\u00e7ais ?\" \/>\n<meta property=\"og:url\" content=\"https:\/\/kapitalis.com\/tunisie\/2026\/09\/02\/la-france-accusee-de-harcelement-judiciaire-contre-rima-hassan\/\" \/>\n<meta property=\"og:site_name\" content=\"Kapitalis\" \/>\n<meta property=\"article:publisher\" content=\"https:\/\/www.facebook.com\/KapitalisInfo\/\" \/>\n<meta property=\"article:published_time\" content=\"2026-09-02T06:06:39+00:00\" \/>\n<meta property=\"article:modified_time\" content=\"2026-09-02T06:06:41+00:00\" \/>\n<meta property=\"og:image\" content=\"https:\/\/kapitalis.com\/tunisie\/wp-content\/uploads\/2026\/09\/Rima-Hassan-Arrestation.jpg\" \/>\n\t<meta property=\"og:image:width\" content=\"1200\" \/>\n\t<meta property=\"og:image:height\" content=\"630\" \/>\n\t<meta property=\"og:image:type\" content=\"image\/jpeg\" \/>\n<meta name=\"author\" content=\"webmaster kapitalis\" \/>\n<meta name=\"twitter:card\" content=\"summary_large_image\" \/>\n<meta name=\"twitter:creator\" content=\"@KapitalisInfo\" \/>\n<meta name=\"twitter:site\" content=\"@KapitalisInfo\" \/>\n<meta name=\"twitter:label1\" content=\"\u00c9crit par\" \/>\n\t<meta name=\"twitter:data1\" content=\"webmaster kapitalis\" \/>\n\t<meta name=\"twitter:label2\" content=\"Dur\u00e9e de lecture estim\u00e9e\" \/>\n\t<meta name=\"twitter:data2\" content=\"5 minutes\" \/>\n<script type=\"application\/ld+json\" class=\"yoast-schema-graph\">{\"@context\":\"https:\/\/schema.org\",\"@graph\":[{\"@type\":\"Article\",\"@id\":\"https:\/\/kapitalis.com\/tunisie\/2026\/09\/02\/la-france-accusee-de-harcelement-judiciaire-contre-rima-hassan\/#article\",\"isPartOf\":{\"@id\":\"https:\/\/kapitalis.com\/tunisie\/2026\/09\/02\/la-france-accusee-de-harcelement-judiciaire-contre-rima-hassan\/\"},\"author\":{\"name\":\"webmaster kapitalis\",\"@id\":\"https:\/\/kapitalis.com\/tunisie\/#\/schema\/person\/d71f33a9ca44f7bad4698210b480c8e9\"},\"headline\":\"La France accus\u00e9e de \u00abharc\u00e8lement judiciaire\u00bb contre Rima Hassan\",\"datePublished\":\"2026-09-02T06:06:39+00:00\",\"dateModified\":\"2026-09-02T06:06:41+00:00\",\"mainEntityOfPage\":{\"@id\":\"https:\/\/kapitalis.com\/tunisie\/2026\/09\/02\/la-france-accusee-de-harcelement-judiciaire-contre-rima-hassan\/\"},\"wordCount\":1052,\"commentCount\":0,\"publisher\":{\"@id\":\"https:\/\/kapitalis.com\/tunisie\/#organization\"},\"image\":{\"@id\":\"https:\/\/kapitalis.com\/tunisie\/2026\/09\/02\/la-france-accusee-de-harcelement-judiciaire-contre-rima-hassan\/#primaryimage\"},\"thumbnailUrl\":\"https:\/\/kapitalis.com\/tunisie\/wp-content\/uploads\/2026\/09\/Rima-Hassan-Arrestation.jpg\",\"keywords\":[\"France\",\"harc\u00e8lement judiciaire\",\"Isra\u00ebl\",\"libert\u00e9s publiques\",\"Palestine\",\"Rima Hassan\"],\"articleSection\":[\"A LA UNE\",\"POLITIQUE\",\"Tunisie\"],\"inLanguage\":\"fr-FR\",\"potentialAction\":[{\"@type\":\"CommentAction\",\"name\":\"Comment\",\"target\":[\"https:\/\/kapitalis.com\/tunisie\/2026\/09\/02\/la-france-accusee-de-harcelement-judiciaire-contre-rima-hassan\/#respond\"]}]},{\"@type\":\"WebPage\",\"@id\":\"https:\/\/kapitalis.com\/tunisie\/2026\/09\/02\/la-france-accusee-de-harcelement-judiciaire-contre-rima-hassan\/\",\"url\":\"https:\/\/kapitalis.com\/tunisie\/2026\/09\/02\/la-france-accusee-de-harcelement-judiciaire-contre-rima-hassan\/\",\"name\":\"La France accus\u00e9e de \u00abharc\u00e8lement judiciaire\u00bb contre Rima Hassan - Kapitalis\",\"isPartOf\":{\"@id\":\"https:\/\/kapitalis.com\/tunisie\/#website\"},\"primaryImageOfPage\":{\"@id\":\"https:\/\/kapitalis.com\/tunisie\/2026\/09\/02\/la-france-accusee-de-harcelement-judiciaire-contre-rima-hassan\/#primaryimage\"},\"image\":{\"@id\":\"https:\/\/kapitalis.com\/tunisie\/2026\/09\/02\/la-france-accusee-de-harcelement-judiciaire-contre-rima-hassan\/#primaryimage\"},\"thumbnailUrl\":\"https:\/\/kapitalis.com\/tunisie\/wp-content\/uploads\/2026\/09\/Rima-Hassan-Arrestation.jpg\",\"datePublished\":\"2026-09-02T06:06:39+00:00\",\"dateModified\":\"2026-09-02T06:06:41+00:00\",\"description\":\"Rima Hassan doit-elle renier son pays d'origine, la Palestine pour avoir droit \u00e0 la libert\u00e9 d'expression comme tout citoyen fran\u00e7ais ?\",\"breadcrumb\":{\"@id\":\"https:\/\/kapitalis.com\/tunisie\/2026\/09\/02\/la-france-accusee-de-harcelement-judiciaire-contre-rima-hassan\/#breadcrumb\"},\"inLanguage\":\"fr-FR\",\"potentialAction\":[{\"@type\":\"ReadAction\",\"target\":[\"https:\/\/kapitalis.com\/tunisie\/2026\/09\/02\/la-france-accusee-de-harcelement-judiciaire-contre-rima-hassan\/\"]}]},{\"@type\":\"ImageObject\",\"inLanguage\":\"fr-FR\",\"@id\":\"https:\/\/kapitalis.com\/tunisie\/2026\/09\/02\/la-france-accusee-de-harcelement-judiciaire-contre-rima-hassan\/#primaryimage\",\"url\":\"https:\/\/kapitalis.com\/tunisie\/wp-content\/uploads\/2026\/09\/Rima-Hassan-Arrestation.jpg\",\"contentUrl\":\"https:\/\/kapitalis.com\/tunisie\/wp-content\/uploads\/2026\/09\/Rima-Hassan-Arrestation.jpg\",\"width\":1200,\"height\":630},{\"@type\":\"BreadcrumbList\",\"@id\":\"https:\/\/kapitalis.com\/tunisie\/2026\/09\/02\/la-france-accusee-de-harcelement-judiciaire-contre-rima-hassan\/#breadcrumb\",\"itemListElement\":[{\"@type\":\"ListItem\",\"position\":1,\"name\":\"Accueil\",\"item\":\"https:\/\/kapitalis.com\/tunisie\/\"},{\"@type\":\"ListItem\",\"position\":2,\"name\":\"La France accus\u00e9e de \u00abharc\u00e8lement judiciaire\u00bb contre Rima Hassan\"}]},{\"@type\":\"WebSite\",\"@id\":\"https:\/\/kapitalis.com\/tunisie\/#website\",\"url\":\"https:\/\/kapitalis.com\/tunisie\/\",\"name\":\"Kapitalis\",\"description\":\"L&#039;actualit\u00e9 en Tunisie et dans le monde\",\"publisher\":{\"@id\":\"https:\/\/kapitalis.com\/tunisie\/#organization\"},\"potentialAction\":[{\"@type\":\"SearchAction\",\"target\":{\"@type\":\"EntryPoint\",\"urlTemplate\":\"https:\/\/kapitalis.com\/tunisie\/?s={search_term_string}\"},\"query-input\":{\"@type\":\"PropertyValueSpecification\",\"valueRequired\":true,\"valueName\":\"search_term_string\"}}],\"inLanguage\":\"fr-FR\"},{\"@type\":\"Organization\",\"@id\":\"https:\/\/kapitalis.com\/tunisie\/#organization\",\"name\":\"Kapitalis\",\"url\":\"https:\/\/kapitalis.com\/tunisie\/\",\"logo\":{\"@type\":\"ImageObject\",\"inLanguage\":\"fr-FR\",\"@id\":\"https:\/\/kapitalis.com\/tunisie\/#\/schema\/logo\/image\/\",\"url\":\"https:\/\/kapitalis.com\/tunisie\/wp-content\/uploads\/2022\/05\/Kapitalis-big-size.png\",\"contentUrl\":\"https:\/\/kapitalis.com\/tunisie\/wp-content\/uploads\/2022\/05\/Kapitalis-big-size.png\",\"width\":5000,\"height\":1500,\"caption\":\"Kapitalis\"},\"image\":{\"@id\":\"https:\/\/kapitalis.com\/tunisie\/#\/schema\/logo\/image\/\"},\"sameAs\":[\"https:\/\/www.facebook.com\/KapitalisInfo\/\",\"https:\/\/x.com\/KapitalisInfo\",\"https:\/\/www.youtube.com\/channel\/UC-yDYrHyfFBWWZaOw3FPg9Q\"]},{\"@type\":\"Person\",\"@id\":\"https:\/\/kapitalis.com\/tunisie\/#\/schema\/person\/d71f33a9ca44f7bad4698210b480c8e9\",\"name\":\"webmaster kapitalis\",\"url\":\"https:\/\/kapitalis.com\/tunisie\/author\/webmaster-kapitalis\/\"}]}<\/script>\n<!-- \/ Yoast SEO plugin. -->","yoast_head_json":{"title":"La France accus\u00e9e de \u00abharc\u00e8lement judiciaire\u00bb contre Rima Hassan - Kapitalis","description":"Rima Hassan doit-elle renier son pays d'origine, la Palestine pour avoir droit \u00e0 la libert\u00e9 d'expression comme tout citoyen fran\u00e7ais ?","robots":{"index":"index","follow":"follow","max-snippet":"max-snippet:-1","max-image-preview":"max-image-preview:large","max-video-preview":"max-video-preview:-1"},"canonical":"https:\/\/kapitalis.com\/tunisie\/2026\/09\/02\/la-france-accusee-de-harcelement-judiciaire-contre-rima-hassan\/","og_locale":"fr_FR","og_type":"article","og_title":"La France accus\u00e9e de \u00abharc\u00e8lement judiciaire\u00bb contre Rima Hassan - Kapitalis","og_description":"Rima Hassan doit-elle renier son pays d'origine, la Palestine pour avoir droit \u00e0 la libert\u00e9 d'expression comme tout citoyen fran\u00e7ais ?","og_url":"https:\/\/kapitalis.com\/tunisie\/2026\/09\/02\/la-france-accusee-de-harcelement-judiciaire-contre-rima-hassan\/","og_site_name":"Kapitalis","article_publisher":"https:\/\/www.facebook.com\/KapitalisInfo\/","article_published_time":"2026-09-02T06:06:39+00:00","article_modified_time":"2026-09-02T06:06:41+00:00","og_image":[{"width":1200,"height":630,"url":"https:\/\/kapitalis.com\/tunisie\/wp-content\/uploads\/2026\/09\/Rima-Hassan-Arrestation.jpg","type":"image\/jpeg"}],"author":"webmaster kapitalis","twitter_card":"summary_large_image","twitter_creator":"@KapitalisInfo","twitter_site":"@KapitalisInfo","twitter_misc":{"\u00c9crit par":"webmaster kapitalis","Dur\u00e9e de lecture estim\u00e9e":"5 minutes"},"schema":{"@context":"https:\/\/schema.org","@graph":[{"@type":"Article","@id":"https:\/\/kapitalis.com\/tunisie\/2026\/09\/02\/la-france-accusee-de-harcelement-judiciaire-contre-rima-hassan\/#article","isPartOf":{"@id":"https:\/\/kapitalis.com\/tunisie\/2026\/09\/02\/la-france-accusee-de-harcelement-judiciaire-contre-rima-hassan\/"},"author":{"name":"webmaster kapitalis","@id":"https:\/\/kapitalis.com\/tunisie\/#\/schema\/person\/d71f33a9ca44f7bad4698210b480c8e9"},"headline":"La France accus\u00e9e de \u00abharc\u00e8lement judiciaire\u00bb contre Rima Hassan","datePublished":"2026-09-02T06:06:39+00:00","dateModified":"2026-09-02T06:06:41+00:00","mainEntityOfPage":{"@id":"https:\/\/kapitalis.com\/tunisie\/2026\/09\/02\/la-france-accusee-de-harcelement-judiciaire-contre-rima-hassan\/"},"wordCount":1052,"commentCount":0,"publisher":{"@id":"https:\/\/kapitalis.com\/tunisie\/#organization"},"image":{"@id":"https:\/\/kapitalis.com\/tunisie\/2026\/09\/02\/la-france-accusee-de-harcelement-judiciaire-contre-rima-hassan\/#primaryimage"},"thumbnailUrl":"https:\/\/kapitalis.com\/tunisie\/wp-content\/uploads\/2026\/09\/Rima-Hassan-Arrestation.jpg","keywords":["France","harc\u00e8lement judiciaire","Isra\u00ebl","libert\u00e9s publiques","Palestine","Rima Hassan"],"articleSection":["A LA UNE","POLITIQUE","Tunisie"],"inLanguage":"fr-FR","potentialAction":[{"@type":"CommentAction","name":"Comment","target":["https:\/\/kapitalis.com\/tunisie\/2026\/09\/02\/la-france-accusee-de-harcelement-judiciaire-contre-rima-hassan\/#respond"]}]},{"@type":"WebPage","@id":"https:\/\/kapitalis.com\/tunisie\/2026\/09\/02\/la-france-accusee-de-harcelement-judiciaire-contre-rima-hassan\/","url":"https:\/\/kapitalis.com\/tunisie\/2026\/09\/02\/la-france-accusee-de-harcelement-judiciaire-contre-rima-hassan\/","name":"La France accus\u00e9e de \u00abharc\u00e8lement judiciaire\u00bb contre Rima Hassan - Kapitalis","isPartOf":{"@id":"https:\/\/kapitalis.com\/tunisie\/#website"},"primaryImageOfPage":{"@id":"https:\/\/kapitalis.com\/tunisie\/2026\/09\/02\/la-france-accusee-de-harcelement-judiciaire-contre-rima-hassan\/#primaryimage"},"image":{"@id":"https:\/\/kapitalis.com\/tunisie\/2026\/09\/02\/la-france-accusee-de-harcelement-judiciaire-contre-rima-hassan\/#primaryimage"},"thumbnailUrl":"https:\/\/kapitalis.com\/tunisie\/wp-content\/uploads\/2026\/09\/Rima-Hassan-Arrestation.jpg","datePublished":"2026-09-02T06:06:39+00:00","dateModified":"2026-09-02T06:06:41+00:00","description":"Rima Hassan doit-elle renier son pays d'origine, la Palestine pour avoir droit \u00e0 la libert\u00e9 d'expression comme tout citoyen fran\u00e7ais ?","breadcrumb":{"@id":"https:\/\/kapitalis.com\/tunisie\/2026\/09\/02\/la-france-accusee-de-harcelement-judiciaire-contre-rima-hassan\/#breadcrumb"},"inLanguage":"fr-FR","potentialAction":[{"@type":"ReadAction","target":["https:\/\/kapitalis.com\/tunisie\/2026\/09\/02\/la-france-accusee-de-harcelement-judiciaire-contre-rima-hassan\/"]}]},{"@type":"ImageObject","inLanguage":"fr-FR","@id":"https:\/\/kapitalis.com\/tunisie\/2026\/09\/02\/la-france-accusee-de-harcelement-judiciaire-contre-rima-hassan\/#primaryimage","url":"https:\/\/kapitalis.com\/tunisie\/wp-content\/uploads\/2026\/09\/Rima-Hassan-Arrestation.jpg","contentUrl":"https:\/\/kapitalis.com\/tunisie\/wp-content\/uploads\/2026\/09\/Rima-Hassan-Arrestation.jpg","width":1200,"height":630},{"@type":"BreadcrumbList","@id":"https:\/\/kapitalis.com\/tunisie\/2026\/09\/02\/la-france-accusee-de-harcelement-judiciaire-contre-rima-hassan\/#breadcrumb","itemListElement":[{"@type":"ListItem","position":1,"name":"Accueil","item":"https:\/\/kapitalis.com\/tunisie\/"},{"@type":"ListItem","position":2,"name":"La France accus\u00e9e de \u00abharc\u00e8lement judiciaire\u00bb contre Rima Hassan"}]},{"@type":"WebSite","@id":"https:\/\/kapitalis.com\/tunisie\/#website","url":"https:\/\/kapitalis.com\/tunisie\/","name":"Kapitalis","description":"L&#039;actualit\u00e9 en Tunisie et dans le monde","publisher":{"@id":"https:\/\/kapitalis.com\/tunisie\/#organization"},"potentialAction":[{"@type":"SearchAction","target":{"@type":"EntryPoint","urlTemplate":"https:\/\/kapitalis.com\/tunisie\/?s={search_term_string}"},"query-input":{"@type":"PropertyValueSpecification","valueRequired":true,"valueName":"search_term_string"}}],"inLanguage":"fr-FR"},{"@type":"Organization","@id":"https:\/\/kapitalis.com\/tunisie\/#organization","name":"Kapitalis","url":"https:\/\/kapitalis.com\/tunisie\/","logo":{"@type":"ImageObject","inLanguage":"fr-FR","@id":"https:\/\/kapitalis.com\/tunisie\/#\/schema\/logo\/image\/","url":"https:\/\/kapitalis.com\/tunisie\/wp-content\/uploads\/2022\/05\/Kapitalis-big-size.png","contentUrl":"https:\/\/kapitalis.com\/tunisie\/wp-content\/uploads\/2022\/05\/Kapitalis-big-size.png","width":5000,"height":1500,"caption":"Kapitalis"},"image":{"@id":"https:\/\/kapitalis.com\/tunisie\/#\/schema\/logo\/image\/"},"sameAs":["https:\/\/www.facebook.com\/KapitalisInfo\/","https:\/\/x.com\/KapitalisInfo","https:\/\/www.youtube.com\/channel\/UC-yDYrHyfFBWWZaOw3FPg9Q"]},{"@type":"Person","@id":"https:\/\/kapitalis.com\/tunisie\/#\/schema\/person\/d71f33a9ca44f7bad4698210b480c8e9","name":"webmaster kapitalis","url":"https:\/\/kapitalis.com\/tunisie\/author\/webmaster-kapitalis\/"}]}},"_links":{"self":[{"href":"https:\/\/kapitalis.com\/tunisie\/wp-json\/wp\/v2\/posts\/19553925","targetHints":{"allow":["GET"]}}],"collection":[{"href":"https:\/\/kapitalis.com\/tunisie\/wp-json\/wp\/v2\/posts"}],"about":[{"href":"https:\/\/kapitalis.com\/tunisie\/wp-json\/wp\/v2\/types\/post"}],"author":[{"embeddable":true,"href":"https:\/\/kapitalis.com\/tunisie\/wp-json\/wp\/v2\/users\/8"}],"replies":[{"embeddable":true,"href":"https:\/\/kapitalis.com\/tunisie\/wp-json\/wp\/v2\/comments?post=19553925"}],"version-history":[{"count":1,"href":"https:\/\/kapitalis.com\/tunisie\/wp-json\/wp\/v2\/posts\/19553925\/revisions"}],"predecessor-version":[{"id":19553991,"href":"https:\/\/kapitalis.com\/tunisie\/wp-json\/wp\/v2\/posts\/19553925\/revisions\/19553991"}],"wp:featuredmedia":[{"embeddable":true,"href":"https:\/\/kapitalis.com\/tunisie\/wp-json\/wp\/v2\/media\/19553967"}],"wp:attachment":[{"href":"https:\/\/kapitalis.com\/tunisie\/wp-json\/wp\/v2\/media?parent=19553925"}],"wp:term":[{"taxonomy":"category","embeddable":true,"href":"https:\/\/kapitalis.com\/tunisie\/wp-json\/wp\/v2\/categories?post=19553925"},{"taxonomy":"post_tag","embeddable":true,"href":"https:\/\/kapitalis.com\/tunisie\/wp-json\/wp\/v2\/tags?post=19553925"}],"curies":[{"name":"wp","href":"https:\/\/api.w.org\/{rel}","templated":true}]}}