{"id":19554064,"date":"2026-09-02T07:25:21","date_gmt":"2026-09-02T06:25:21","guid":{"rendered":"https:\/\/kapitalis.com\/tunisie\/?p=19554064"},"modified":"2026-09-02T07:25:23","modified_gmt":"2026-09-02T06:25:23","slug":"le-crldht-exige-la-liberation-immediate-de-seif-eddine-arfaoui","status":"publish","type":"post","link":"https:\/\/kapitalis.com\/tunisie\/2026\/09\/02\/le-crldht-exige-la-liberation-immediate-de-seif-eddine-arfaoui\/","title":{"rendered":"Le CRLDHT exige\u00a0la lib\u00e9ration imm\u00e9diate de Seif Eddine Arfaoui"},"content":{"rendered":"\n<p class=\"wp-block-paragraph\"><strong><em>Dans le communiqu\u00e9 reproduit ci-dessous, publi\u00e9 le 1<sup>er<\/sup> septembre 2026, le Comit\u00e9 pour le respect des libert\u00e9s et des droits de l\u2019Homme en Tunisie (CRLDHT)&nbsp;\u00abd\u00e9nonce avec la plus grande \u00e9nergie et condamne sans r\u00e9serve\u00bb&nbsp;le jugement prononc\u00e9 le 31 ao\u00fbt 2026 contre&nbsp;Seif Eddine Arfaoui,&nbsp;militant du mouvement&nbsp;Nafas,&nbsp;condamn\u00e9 \u00e0&nbsp;18 mois de prison&nbsp;par la chambre correctionnelle du Tribunal de premi\u00e8re instance de Tunis.<\/em><\/strong><\/p>\n\n\n\n<!--more-->\n\n\n\n<p class=\"wp-block-paragraph\">Cette condamnation est&nbsp;scandaleuse, profond\u00e9ment injuste et d\u2019une brutalit\u00e9 disproportionn\u00e9e.<\/p>\n\n\n\n<p class=\"wp-block-paragraph\">Seif Eddine Arfaoui avait particip\u00e9, le 20 ao\u00fbt \u00e0 Tunis, \u00e0 une manifestation pacifique organis\u00e9e par Nafas pour d\u00e9noncer&nbsp;l\u2019\u00e9rosion continue des droits et des libert\u00e9s, l\u2019aggravation de la r\u00e9pression et les d\u00e9faillances d\u2019un r\u00e9gime de plus en plus incapable d\u2019apporter des r\u00e9ponses aux difficult\u00e9s que vivent les Tunisiennes et les Tunisiens. Il a \u00e9t\u00e9 arr\u00eat\u00e9 d\u00e8s le lendemain et poursuivi notamment \u00e0 la suite de publications sur les r\u00e9seaux sociaux reprenant des slogans scand\u00e9s pendant cette manifestation.<\/p>\n\n\n\n<p class=\"wp-block-paragraph\">Le 31 ao\u00fbt, la <em>\u00abjustice\u00bb<\/em> l\u2019a condamn\u00e9 \u00e0 18 mois de prison sur le fondement de l\u2019article 86 du Code des t\u00e9l\u00e9communications pour ce qui a \u00e9t\u00e9 qualifi\u00e9 d\u2019<em>\u00abatteinte \u00e0 autrui \u00e0 travers les r\u00e9seaux publics de t\u00e9l\u00e9communications\u00bb<\/em>.<\/p>\n\n\n\n<p class=\"wp-block-paragraph\">Nous refusons que l\u2019arbitraire devienne la norme et que la prison devienne la r\u00e9ponse ordinaire \u00e0 la contestation politique.<\/p>\n\n\n\n<p class=\"wp-block-paragraph\">Un jeune militant est envoy\u00e9 en prison pour avoir manifest\u00e9, cri\u00e9 des slogans et relay\u00e9 une parole politique sur Facebook. Ce jugement ne sanctionne pas un acte de violence. Il ne sanctionne pas une atteinte \u00e0 l\u2019int\u00e9grit\u00e9 physique d\u2019une personne.&nbsp;Il sanctionne une parole politique.<\/p>\n\n\n\n<p class=\"wp-block-paragraph\">Depuis plusieurs ann\u00e9es, les poursuites se multiplient contre les journalistes, avocats, militants politiques et associatifs, syndicalistes, d\u00e9fenseurs des droits humains et simples citoyens.<\/p>\n\n\n\n<p class=\"wp-block-paragraph\">L\u2019article 86 du Code des t\u00e9l\u00e9communications, le d\u00e9cret-loi 54 et d\u2019autres dispositions r\u00e9pressives sont mobilis\u00e9s pour&nbsp;faire entrer la contestation politique dans le champ p\u00e9nal.<\/p>\n\n\n\n<p class=\"wp-block-paragraph\">Aujourd\u2019hui, c\u2019est Seif Eddine Arfaoui. Hier, d\u2019autres ont \u00e9t\u00e9 condamn\u00e9s ou emprisonn\u00e9s. Demain, si cette m\u00e9canique n\u2019est pas arr\u00eat\u00e9e,&nbsp;n\u2019importe quel citoyen tunisien exprimant sa col\u00e8re sur une place publique ou sur un r\u00e9seau social pourra devenir \u00e0 son tour un justiciable, puis un prisonnier.<\/p>\n\n\n\n<p class=\"wp-block-paragraph\">Le CRLDHT affirme avec force que&nbsp;la critique du chef de l\u2019\u00c9tat et des gouvernants est un droit. Les slogans politiques, m\u00eame durs, provocateurs ou offensants, appartiennent au d\u00e9bat public. Un pouvoir qui accepte uniquement les paroles qui lui plaisent ne d\u00e9fend pas la libert\u00e9 d\u2019expression :&nbsp;il exige le silence et l\u2019ob\u00e9issance.<\/p>\n\n\n\n<p class=\"wp-block-paragraph\">Nous refusons ce silence.<\/p>\n\n\n\n<p class=\"wp-block-paragraph\">Nous refusons que la peur devienne un mode de gouvernement.<\/p>\n\n\n\n<p class=\"wp-block-paragraph\">Nous refusons que les tribunaux soient utilis\u00e9s pour r\u00e9gler le probl\u00e8me politique pos\u00e9 par la contestation.<\/p>\n\n\n\n<p class=\"wp-block-paragraph\">Nous refusons surtout de nous habituer \u00e0 voir des Tunisiennes et des Tunisiens condamn\u00e9s \u00e0 des mois ou des ann\u00e9es de prison&nbsp;pour avoir parl\u00e9.<\/p>\n\n\n\n<p class=\"wp-block-paragraph\">Assez.<\/p>\n\n\n\n<p class=\"wp-block-paragraph\">Le CRLDHT exige&nbsp;la lib\u00e9ration imm\u00e9diate de Seif Eddine Arfaoui et l\u2019annulation de cette condamnation inique.<\/p>\n\n\n\n<p class=\"wp-block-paragraph\">Il exige la fin des poursuites contre toutes les personnes poursuivies ou d\u00e9tenues pour l\u2019exercice pacifique de leurs libert\u00e9s d\u2019opinion, d\u2019expression et de manifestation.<\/p>\n\n\n\n<p class=\"wp-block-paragraph\">Il appelle les organisations de d\u00e9fense des droits humains, les associations, les syndicats, les avocats, les journalistes, les intellectuels, les forces d\u00e9mocratiques et tous les citoyens attach\u00e9s \u00e0 leur libert\u00e9 \u00e0&nbsp;refuser collectivement cette politique de peur et d\u2019intimidation.<\/p>\n\n\n\n<p class=\"wp-block-paragraph\">Face \u00e0 la banalisation de la r\u00e9pression, la solidarit\u00e9 doit devenir mobilisation.&nbsp;Il faut d\u00e9fendre Seif Eddine Arfaoui aujourd\u2019hui parce qu\u2019au-del\u00e0 de sa personne,&nbsp;c\u2019est notre droit collectif de dire non qui est condamn\u00e9 \u00e0 dix-huit mois de prison.<\/p>\n\n\n\n<p class=\"wp-block-paragraph\">Nous ne nous tairons pas.<\/p>\n\n\n\n<p class=\"wp-block-paragraph\">Nous ne consid\u00e9rerons jamais comme normal qu\u2019un citoyen soit emprisonn\u00e9 pour un slogan.<\/p>\n\n\n\n<p class=\"wp-block-paragraph\">Nous ne nous r\u00e9signerons pas \u00e0 voir la Tunisie devenir&nbsp;un pays o\u00f9 la parole conduit en prison et o\u00f9 le silence devient la condition de la libert\u00e9.<\/p>\n\n\n\n<p class=\"wp-block-paragraph\">La libert\u00e9 d\u2019expression n\u2019est pas un crime.<br>Manifester n\u2019est pas un crime.<br>Crier un slogan n\u2019est pas un crime.<br>Critiquer le pouvoir n\u2019est pas un crime.<\/p>\n\n\n\n<p class=\"wp-block-paragraph\">Libert\u00e9 imm\u00e9diate pour Seif Eddine Arfaoui.<br>Libert\u00e9 pour toutes les personnes emprisonn\u00e9es pour leurs opinions.<br>Libert\u00e9 pour la Tunisie.<\/p>\n\n\n\n<p class=\"has-text-align-right wp-block-paragraph\"><em><strong>CRLDHT, 1<sup>er<\/sup> septembre 2026.<\/strong><\/em><\/p>\n\n\n\n<figure class=\"wp-block-embed alignleft is-type-wp-embed is-provider-kapitalis wp-block-embed-kapitalis\"><div class=\"wp-block-embed__wrapper\">\n<blockquote class=\"wp-embedded-content\" data-secret=\"Fi2P4TiDUU\"><a href=\"https:\/\/kapitalis.com\/tunisie\/2026\/08\/22\/tunisie-le-mouvement-nafas-appelle-a-la-liberation-de-seifeddine-arfaoui\/\">Tunisie | Le Mouvement Nafas appelle \u00e0 la lib\u00e9ration de Seifeddine Arfaoui<\/a><\/blockquote><iframe loading=\"lazy\" class=\"wp-embedded-content\" sandbox=\"allow-scripts\" security=\"restricted\" style=\"position: absolute; visibility: hidden;\" title=\"\u00ab\u00a0Tunisie | Le Mouvement Nafas appelle \u00e0 la lib\u00e9ration de Seifeddine Arfaoui\u00a0\u00bb \u2014 Kapitalis\" src=\"https:\/\/kapitalis.com\/tunisie\/2026\/08\/22\/tunisie-le-mouvement-nafas-appelle-a-la-liberation-de-seifeddine-arfaoui\/embed\/#?secret=7mfY0CVfN4#?secret=Fi2P4TiDUU\" data-secret=\"Fi2P4TiDUU\" width=\"600\" height=\"338\" frameborder=\"0\" marginwidth=\"0\" marginheight=\"0\" scrolling=\"no\"><\/iframe>\n<\/div><\/figure>\n","protected":false},"excerpt":{"rendered":"<p>Le CRLDHT\u00a0\u00abd\u00e9nonce avec la plus grande \u00e9nergie et condamne sans r\u00e9serve\u00bb\u00a0la condamnation Seif Eddine Arfaoui \u00e0 18 mois de prison. <\/p>\n","protected":false},"author":8,"featured_media":19554088,"comment_status":"open","ping_status":"open","sticky":false,"template":"","format":"standard","meta":{"footnotes":""},"categories":[996,997,2433],"tags":[128045,116828,109673,113143,129817,129955],"class_list":["post-19554064","post","type-post","status-publish","format-standard","has-post-thumbnail","hentry","category-media","category-politique","category-tunisie","tag-article-86","tag-code-des-telecommunications","tag-crldht","tag-decret-loi-54","tag-mouvement-nafas","tag-seif-eddine-arfaoui"],"yoast_head":"<!-- This site is optimized with the Yoast SEO plugin v26.6 - https:\/\/yoast.com\/wordpress\/plugins\/seo\/ -->\n<title>Le CRLDHT exige\u00a0la lib\u00e9ration imm\u00e9diate de Seif Eddine Arfaoui - Kapitalis<\/title>\n<meta name=\"description\" content=\"Le CRLDHT\u00a0\u00abd\u00e9nonce avec la plus grande \u00e9nergie et condamne sans r\u00e9serve\u00bb\u00a0la condamnation Seif Eddine Arfaoui \u00e0 18 mois de prison.\" \/>\n<meta name=\"robots\" content=\"index, follow, max-snippet:-1, max-image-preview:large, max-video-preview:-1\" \/>\n<link rel=\"canonical\" href=\"https:\/\/kapitalis.com\/tunisie\/2026\/09\/02\/le-crldht-exige-la-liberation-immediate-de-seif-eddine-arfaoui\/\" \/>\n<meta property=\"og:locale\" content=\"fr_FR\" \/>\n<meta property=\"og:type\" content=\"article\" \/>\n<meta property=\"og:title\" content=\"Le CRLDHT exige\u00a0la lib\u00e9ration imm\u00e9diate de Seif Eddine Arfaoui - Kapitalis\" \/>\n<meta property=\"og:description\" content=\"Le CRLDHT\u00a0\u00abd\u00e9nonce avec la plus grande \u00e9nergie et condamne sans r\u00e9serve\u00bb\u00a0la condamnation Seif Eddine Arfaoui \u00e0 18 mois de prison.\" \/>\n<meta property=\"og:url\" content=\"https:\/\/kapitalis.com\/tunisie\/2026\/09\/02\/le-crldht-exige-la-liberation-immediate-de-seif-eddine-arfaoui\/\" \/>\n<meta property=\"og:site_name\" content=\"Kapitalis\" \/>\n<meta property=\"article:publisher\" content=\"https:\/\/www.facebook.com\/KapitalisInfo\/\" \/>\n<meta property=\"article:published_time\" content=\"2026-09-02T06:25:21+00:00\" \/>\n<meta property=\"article:modified_time\" content=\"2026-09-02T06:25:23+00:00\" \/>\n<meta property=\"og:image\" content=\"https:\/\/kapitalis.com\/tunisie\/wp-content\/uploads\/2026\/09\/Seif-Eddine-Arfaoui-CRLDHT.jpg\" \/>\n\t<meta property=\"og:image:width\" content=\"1200\" \/>\n\t<meta property=\"og:image:height\" content=\"630\" \/>\n\t<meta property=\"og:image:type\" content=\"image\/jpeg\" \/>\n<meta name=\"author\" content=\"webmaster kapitalis\" \/>\n<meta name=\"twitter:card\" content=\"summary_large_image\" \/>\n<meta name=\"twitter:creator\" content=\"@KapitalisInfo\" \/>\n<meta name=\"twitter:site\" content=\"@KapitalisInfo\" \/>\n<meta name=\"twitter:label1\" content=\"\u00c9crit par\" \/>\n\t<meta name=\"twitter:data1\" content=\"webmaster kapitalis\" \/>\n\t<meta name=\"twitter:label2\" content=\"Dur\u00e9e de lecture estim\u00e9e\" \/>\n\t<meta name=\"twitter:data2\" content=\"4 minutes\" \/>\n<script type=\"application\/ld+json\" class=\"yoast-schema-graph\">{\"@context\":\"https:\/\/schema.org\",\"@graph\":[{\"@type\":\"Article\",\"@id\":\"https:\/\/kapitalis.com\/tunisie\/2026\/09\/02\/le-crldht-exige-la-liberation-immediate-de-seif-eddine-arfaoui\/#article\",\"isPartOf\":{\"@id\":\"https:\/\/kapitalis.com\/tunisie\/2026\/09\/02\/le-crldht-exige-la-liberation-immediate-de-seif-eddine-arfaoui\/\"},\"author\":{\"name\":\"webmaster kapitalis\",\"@id\":\"https:\/\/kapitalis.com\/tunisie\/#\/schema\/person\/d71f33a9ca44f7bad4698210b480c8e9\"},\"headline\":\"Le CRLDHT exige\u00a0la lib\u00e9ration imm\u00e9diate de Seif Eddine Arfaoui\",\"datePublished\":\"2026-09-02T06:25:21+00:00\",\"dateModified\":\"2026-09-02T06:25:23+00:00\",\"mainEntityOfPage\":{\"@id\":\"https:\/\/kapitalis.com\/tunisie\/2026\/09\/02\/le-crldht-exige-la-liberation-immediate-de-seif-eddine-arfaoui\/\"},\"wordCount\":782,\"commentCount\":0,\"publisher\":{\"@id\":\"https:\/\/kapitalis.com\/tunisie\/#organization\"},\"image\":{\"@id\":\"https:\/\/kapitalis.com\/tunisie\/2026\/09\/02\/le-crldht-exige-la-liberation-immediate-de-seif-eddine-arfaoui\/#primaryimage\"},\"thumbnailUrl\":\"https:\/\/kapitalis.com\/tunisie\/wp-content\/uploads\/2026\/09\/Seif-Eddine-Arfaoui-CRLDHT.jpg\",\"keywords\":[\"article 86\",\"code des t\u00e9l\u00e9communications\",\"CRLDHT\",\"d\u00e9cret-loi 54\",\"mouvement Nafas\",\"Seif Eddine Arfaoui\"],\"articleSection\":[\"MEDIA\",\"POLITIQUE\",\"Tunisie\"],\"inLanguage\":\"fr-FR\",\"potentialAction\":[{\"@type\":\"CommentAction\",\"name\":\"Comment\",\"target\":[\"https:\/\/kapitalis.com\/tunisie\/2026\/09\/02\/le-crldht-exige-la-liberation-immediate-de-seif-eddine-arfaoui\/#respond\"]}]},{\"@type\":\"WebPage\",\"@id\":\"https:\/\/kapitalis.com\/tunisie\/2026\/09\/02\/le-crldht-exige-la-liberation-immediate-de-seif-eddine-arfaoui\/\",\"url\":\"https:\/\/kapitalis.com\/tunisie\/2026\/09\/02\/le-crldht-exige-la-liberation-immediate-de-seif-eddine-arfaoui\/\",\"name\":\"Le CRLDHT exige\u00a0la lib\u00e9ration imm\u00e9diate de Seif Eddine Arfaoui - Kapitalis\",\"isPartOf\":{\"@id\":\"https:\/\/kapitalis.com\/tunisie\/#website\"},\"primaryImageOfPage\":{\"@id\":\"https:\/\/kapitalis.com\/tunisie\/2026\/09\/02\/le-crldht-exige-la-liberation-immediate-de-seif-eddine-arfaoui\/#primaryimage\"},\"image\":{\"@id\":\"https:\/\/kapitalis.com\/tunisie\/2026\/09\/02\/le-crldht-exige-la-liberation-immediate-de-seif-eddine-arfaoui\/#primaryimage\"},\"thumbnailUrl\":\"https:\/\/kapitalis.com\/tunisie\/wp-content\/uploads\/2026\/09\/Seif-Eddine-Arfaoui-CRLDHT.jpg\",\"datePublished\":\"2026-09-02T06:25:21+00:00\",\"dateModified\":\"2026-09-02T06:25:23+00:00\",\"description\":\"Le CRLDHT\u00a0\u00abd\u00e9nonce avec la plus grande \u00e9nergie et condamne sans r\u00e9serve\u00bb\u00a0la condamnation Seif Eddine Arfaoui \u00e0 18 mois de prison.\",\"breadcrumb\":{\"@id\":\"https:\/\/kapitalis.com\/tunisie\/2026\/09\/02\/le-crldht-exige-la-liberation-immediate-de-seif-eddine-arfaoui\/#breadcrumb\"},\"inLanguage\":\"fr-FR\",\"potentialAction\":[{\"@type\":\"ReadAction\",\"target\":[\"https:\/\/kapitalis.com\/tunisie\/2026\/09\/02\/le-crldht-exige-la-liberation-immediate-de-seif-eddine-arfaoui\/\"]}]},{\"@type\":\"ImageObject\",\"inLanguage\":\"fr-FR\",\"@id\":\"https:\/\/kapitalis.com\/tunisie\/2026\/09\/02\/le-crldht-exige-la-liberation-immediate-de-seif-eddine-arfaoui\/#primaryimage\",\"url\":\"https:\/\/kapitalis.com\/tunisie\/wp-content\/uploads\/2026\/09\/Seif-Eddine-Arfaoui-CRLDHT.jpg\",\"contentUrl\":\"https:\/\/kapitalis.com\/tunisie\/wp-content\/uploads\/2026\/09\/Seif-Eddine-Arfaoui-CRLDHT.jpg\",\"width\":1200,\"height\":630},{\"@type\":\"BreadcrumbList\",\"@id\":\"https:\/\/kapitalis.com\/tunisie\/2026\/09\/02\/le-crldht-exige-la-liberation-immediate-de-seif-eddine-arfaoui\/#breadcrumb\",\"itemListElement\":[{\"@type\":\"ListItem\",\"position\":1,\"name\":\"Accueil\",\"item\":\"https:\/\/kapitalis.com\/tunisie\/\"},{\"@type\":\"ListItem\",\"position\":2,\"name\":\"Le CRLDHT exige\u00a0la lib\u00e9ration imm\u00e9diate de Seif Eddine Arfaoui\"}]},{\"@type\":\"WebSite\",\"@id\":\"https:\/\/kapitalis.com\/tunisie\/#website\",\"url\":\"https:\/\/kapitalis.com\/tunisie\/\",\"name\":\"Kapitalis\",\"description\":\"L&#039;actualit\u00e9 en Tunisie et dans le monde\",\"publisher\":{\"@id\":\"https:\/\/kapitalis.com\/tunisie\/#organization\"},\"potentialAction\":[{\"@type\":\"SearchAction\",\"target\":{\"@type\":\"EntryPoint\",\"urlTemplate\":\"https:\/\/kapitalis.com\/tunisie\/?s={search_term_string}\"},\"query-input\":{\"@type\":\"PropertyValueSpecification\",\"valueRequired\":true,\"valueName\":\"search_term_string\"}}],\"inLanguage\":\"fr-FR\"},{\"@type\":\"Organization\",\"@id\":\"https:\/\/kapitalis.com\/tunisie\/#organization\",\"name\":\"Kapitalis\",\"url\":\"https:\/\/kapitalis.com\/tunisie\/\",\"logo\":{\"@type\":\"ImageObject\",\"inLanguage\":\"fr-FR\",\"@id\":\"https:\/\/kapitalis.com\/tunisie\/#\/schema\/logo\/image\/\",\"url\":\"https:\/\/kapitalis.com\/tunisie\/wp-content\/uploads\/2022\/05\/Kapitalis-big-size.png\",\"contentUrl\":\"https:\/\/kapitalis.com\/tunisie\/wp-content\/uploads\/2022\/05\/Kapitalis-big-size.png\",\"width\":5000,\"height\":1500,\"caption\":\"Kapitalis\"},\"image\":{\"@id\":\"https:\/\/kapitalis.com\/tunisie\/#\/schema\/logo\/image\/\"},\"sameAs\":[\"https:\/\/www.facebook.com\/KapitalisInfo\/\",\"https:\/\/x.com\/KapitalisInfo\",\"https:\/\/www.youtube.com\/channel\/UC-yDYrHyfFBWWZaOw3FPg9Q\"]},{\"@type\":\"Person\",\"@id\":\"https:\/\/kapitalis.com\/tunisie\/#\/schema\/person\/d71f33a9ca44f7bad4698210b480c8e9\",\"name\":\"webmaster kapitalis\",\"url\":\"https:\/\/kapitalis.com\/tunisie\/author\/webmaster-kapitalis\/\"}]}<\/script>\n<!-- \/ Yoast SEO plugin. -->","yoast_head_json":{"title":"Le CRLDHT exige\u00a0la lib\u00e9ration imm\u00e9diate de Seif Eddine Arfaoui - Kapitalis","description":"Le CRLDHT\u00a0\u00abd\u00e9nonce avec la plus grande \u00e9nergie et condamne sans r\u00e9serve\u00bb\u00a0la condamnation Seif Eddine Arfaoui \u00e0 18 mois de prison.","robots":{"index":"index","follow":"follow","max-snippet":"max-snippet:-1","max-image-preview":"max-image-preview:large","max-video-preview":"max-video-preview:-1"},"canonical":"https:\/\/kapitalis.com\/tunisie\/2026\/09\/02\/le-crldht-exige-la-liberation-immediate-de-seif-eddine-arfaoui\/","og_locale":"fr_FR","og_type":"article","og_title":"Le CRLDHT exige\u00a0la lib\u00e9ration imm\u00e9diate de Seif Eddine Arfaoui - Kapitalis","og_description":"Le CRLDHT\u00a0\u00abd\u00e9nonce avec la plus grande \u00e9nergie et condamne sans r\u00e9serve\u00bb\u00a0la condamnation Seif Eddine Arfaoui \u00e0 18 mois de prison.","og_url":"https:\/\/kapitalis.com\/tunisie\/2026\/09\/02\/le-crldht-exige-la-liberation-immediate-de-seif-eddine-arfaoui\/","og_site_name":"Kapitalis","article_publisher":"https:\/\/www.facebook.com\/KapitalisInfo\/","article_published_time":"2026-09-02T06:25:21+00:00","article_modified_time":"2026-09-02T06:25:23+00:00","og_image":[{"width":1200,"height":630,"url":"https:\/\/kapitalis.com\/tunisie\/wp-content\/uploads\/2026\/09\/Seif-Eddine-Arfaoui-CRLDHT.jpg","type":"image\/jpeg"}],"author":"webmaster kapitalis","twitter_card":"summary_large_image","twitter_creator":"@KapitalisInfo","twitter_site":"@KapitalisInfo","twitter_misc":{"\u00c9crit par":"webmaster kapitalis","Dur\u00e9e de lecture estim\u00e9e":"4 minutes"},"schema":{"@context":"https:\/\/schema.org","@graph":[{"@type":"Article","@id":"https:\/\/kapitalis.com\/tunisie\/2026\/09\/02\/le-crldht-exige-la-liberation-immediate-de-seif-eddine-arfaoui\/#article","isPartOf":{"@id":"https:\/\/kapitalis.com\/tunisie\/2026\/09\/02\/le-crldht-exige-la-liberation-immediate-de-seif-eddine-arfaoui\/"},"author":{"name":"webmaster kapitalis","@id":"https:\/\/kapitalis.com\/tunisie\/#\/schema\/person\/d71f33a9ca44f7bad4698210b480c8e9"},"headline":"Le CRLDHT exige\u00a0la lib\u00e9ration imm\u00e9diate de Seif Eddine Arfaoui","datePublished":"2026-09-02T06:25:21+00:00","dateModified":"2026-09-02T06:25:23+00:00","mainEntityOfPage":{"@id":"https:\/\/kapitalis.com\/tunisie\/2026\/09\/02\/le-crldht-exige-la-liberation-immediate-de-seif-eddine-arfaoui\/"},"wordCount":782,"commentCount":0,"publisher":{"@id":"https:\/\/kapitalis.com\/tunisie\/#organization"},"image":{"@id":"https:\/\/kapitalis.com\/tunisie\/2026\/09\/02\/le-crldht-exige-la-liberation-immediate-de-seif-eddine-arfaoui\/#primaryimage"},"thumbnailUrl":"https:\/\/kapitalis.com\/tunisie\/wp-content\/uploads\/2026\/09\/Seif-Eddine-Arfaoui-CRLDHT.jpg","keywords":["article 86","code des t\u00e9l\u00e9communications","CRLDHT","d\u00e9cret-loi 54","mouvement Nafas","Seif Eddine Arfaoui"],"articleSection":["MEDIA","POLITIQUE","Tunisie"],"inLanguage":"fr-FR","potentialAction":[{"@type":"CommentAction","name":"Comment","target":["https:\/\/kapitalis.com\/tunisie\/2026\/09\/02\/le-crldht-exige-la-liberation-immediate-de-seif-eddine-arfaoui\/#respond"]}]},{"@type":"WebPage","@id":"https:\/\/kapitalis.com\/tunisie\/2026\/09\/02\/le-crldht-exige-la-liberation-immediate-de-seif-eddine-arfaoui\/","url":"https:\/\/kapitalis.com\/tunisie\/2026\/09\/02\/le-crldht-exige-la-liberation-immediate-de-seif-eddine-arfaoui\/","name":"Le CRLDHT exige\u00a0la lib\u00e9ration imm\u00e9diate de Seif Eddine Arfaoui - Kapitalis","isPartOf":{"@id":"https:\/\/kapitalis.com\/tunisie\/#website"},"primaryImageOfPage":{"@id":"https:\/\/kapitalis.com\/tunisie\/2026\/09\/02\/le-crldht-exige-la-liberation-immediate-de-seif-eddine-arfaoui\/#primaryimage"},"image":{"@id":"https:\/\/kapitalis.com\/tunisie\/2026\/09\/02\/le-crldht-exige-la-liberation-immediate-de-seif-eddine-arfaoui\/#primaryimage"},"thumbnailUrl":"https:\/\/kapitalis.com\/tunisie\/wp-content\/uploads\/2026\/09\/Seif-Eddine-Arfaoui-CRLDHT.jpg","datePublished":"2026-09-02T06:25:21+00:00","dateModified":"2026-09-02T06:25:23+00:00","description":"Le CRLDHT\u00a0\u00abd\u00e9nonce avec la plus grande \u00e9nergie et condamne sans r\u00e9serve\u00bb\u00a0la condamnation Seif Eddine Arfaoui \u00e0 18 mois de prison.","breadcrumb":{"@id":"https:\/\/kapitalis.com\/tunisie\/2026\/09\/02\/le-crldht-exige-la-liberation-immediate-de-seif-eddine-arfaoui\/#breadcrumb"},"inLanguage":"fr-FR","potentialAction":[{"@type":"ReadAction","target":["https:\/\/kapitalis.com\/tunisie\/2026\/09\/02\/le-crldht-exige-la-liberation-immediate-de-seif-eddine-arfaoui\/"]}]},{"@type":"ImageObject","inLanguage":"fr-FR","@id":"https:\/\/kapitalis.com\/tunisie\/2026\/09\/02\/le-crldht-exige-la-liberation-immediate-de-seif-eddine-arfaoui\/#primaryimage","url":"https:\/\/kapitalis.com\/tunisie\/wp-content\/uploads\/2026\/09\/Seif-Eddine-Arfaoui-CRLDHT.jpg","contentUrl":"https:\/\/kapitalis.com\/tunisie\/wp-content\/uploads\/2026\/09\/Seif-Eddine-Arfaoui-CRLDHT.jpg","width":1200,"height":630},{"@type":"BreadcrumbList","@id":"https:\/\/kapitalis.com\/tunisie\/2026\/09\/02\/le-crldht-exige-la-liberation-immediate-de-seif-eddine-arfaoui\/#breadcrumb","itemListElement":[{"@type":"ListItem","position":1,"name":"Accueil","item":"https:\/\/kapitalis.com\/tunisie\/"},{"@type":"ListItem","position":2,"name":"Le CRLDHT exige\u00a0la lib\u00e9ration imm\u00e9diate de Seif Eddine Arfaoui"}]},{"@type":"WebSite","@id":"https:\/\/kapitalis.com\/tunisie\/#website","url":"https:\/\/kapitalis.com\/tunisie\/","name":"Kapitalis","description":"L&#039;actualit\u00e9 en Tunisie et dans le monde","publisher":{"@id":"https:\/\/kapitalis.com\/tunisie\/#organization"},"potentialAction":[{"@type":"SearchAction","target":{"@type":"EntryPoint","urlTemplate":"https:\/\/kapitalis.com\/tunisie\/?s={search_term_string}"},"query-input":{"@type":"PropertyValueSpecification","valueRequired":true,"valueName":"search_term_string"}}],"inLanguage":"fr-FR"},{"@type":"Organization","@id":"https:\/\/kapitalis.com\/tunisie\/#organization","name":"Kapitalis","url":"https:\/\/kapitalis.com\/tunisie\/","logo":{"@type":"ImageObject","inLanguage":"fr-FR","@id":"https:\/\/kapitalis.com\/tunisie\/#\/schema\/logo\/image\/","url":"https:\/\/kapitalis.com\/tunisie\/wp-content\/uploads\/2022\/05\/Kapitalis-big-size.png","contentUrl":"https:\/\/kapitalis.com\/tunisie\/wp-content\/uploads\/2022\/05\/Kapitalis-big-size.png","width":5000,"height":1500,"caption":"Kapitalis"},"image":{"@id":"https:\/\/kapitalis.com\/tunisie\/#\/schema\/logo\/image\/"},"sameAs":["https:\/\/www.facebook.com\/KapitalisInfo\/","https:\/\/x.com\/KapitalisInfo","https:\/\/www.youtube.com\/channel\/UC-yDYrHyfFBWWZaOw3FPg9Q"]},{"@type":"Person","@id":"https:\/\/kapitalis.com\/tunisie\/#\/schema\/person\/d71f33a9ca44f7bad4698210b480c8e9","name":"webmaster kapitalis","url":"https:\/\/kapitalis.com\/tunisie\/author\/webmaster-kapitalis\/"}]}},"_links":{"self":[{"href":"https:\/\/kapitalis.com\/tunisie\/wp-json\/wp\/v2\/posts\/19554064","targetHints":{"allow":["GET"]}}],"collection":[{"href":"https:\/\/kapitalis.com\/tunisie\/wp-json\/wp\/v2\/posts"}],"about":[{"href":"https:\/\/kapitalis.com\/tunisie\/wp-json\/wp\/v2\/types\/post"}],"author":[{"embeddable":true,"href":"https:\/\/kapitalis.com\/tunisie\/wp-json\/wp\/v2\/users\/8"}],"replies":[{"embeddable":true,"href":"https:\/\/kapitalis.com\/tunisie\/wp-json\/wp\/v2\/comments?post=19554064"}],"version-history":[{"count":1,"href":"https:\/\/kapitalis.com\/tunisie\/wp-json\/wp\/v2\/posts\/19554064\/revisions"}],"predecessor-version":[{"id":19554095,"href":"https:\/\/kapitalis.com\/tunisie\/wp-json\/wp\/v2\/posts\/19554064\/revisions\/19554095"}],"wp:featuredmedia":[{"embeddable":true,"href":"https:\/\/kapitalis.com\/tunisie\/wp-json\/wp\/v2\/media\/19554088"}],"wp:attachment":[{"href":"https:\/\/kapitalis.com\/tunisie\/wp-json\/wp\/v2\/media?parent=19554064"}],"wp:term":[{"taxonomy":"category","embeddable":true,"href":"https:\/\/kapitalis.com\/tunisie\/wp-json\/wp\/v2\/categories?post=19554064"},{"taxonomy":"post_tag","embeddable":true,"href":"https:\/\/kapitalis.com\/tunisie\/wp-json\/wp\/v2\/tags?post=19554064"}],"curies":[{"name":"wp","href":"https:\/\/api.w.org\/{rel}","templated":true}]}}