{"id":19554511,"date":"2026-09-02T08:38:55","date_gmt":"2026-09-02T07:38:55","guid":{"rendered":"https:\/\/kapitalis.com\/tunisie\/?p=19554511"},"modified":"2026-09-02T08:38:57","modified_gmt":"2026-09-02T07:38:57","slug":"laffaire-du-complot-n-1-en-cassation-suite-ou-fin","status":"publish","type":"post","link":"https:\/\/kapitalis.com\/tunisie\/2026\/09\/02\/laffaire-du-complot-n-1-en-cassation-suite-ou-fin\/","title":{"rendered":"L\u2019\u00abaffaire du complot n\u00b0 1\u00bb en cassation | Suite ou fin\u00a0?"},"content":{"rendered":"\n<p class=\"wp-block-paragraph\"><strong><em>L\u2019affaire dite du \u00abcomplot contre la s\u00fbret\u00e9 de l\u2019\u00c9tat\u00bb, ou \u00abaffaire du complot n\u00b0 1\u00bb, qui a d\u00e9but\u00e9 le&nbsp;11 f\u00e9vrier 2023 par une s\u00e9rie d\u2019arrestations d\u2019activistes politiques et d\u2019hommes d\u2019affaires, sera examin\u00e9e par la Cour de cassation demain, mercredi 3 septembre 2026.<\/em><\/strong><\/p>\n\n\n\n<!--more-->\n\n\n\n<p class=\"wp-block-paragraph\">Flash-back&nbsp;: l\u2019affaire commence lorsqu\u2019une unit\u00e9 de la police signale \u00e0 la ministre de la Justice l\u2019existence suppos\u00e9e d\u2019un complot contre la s\u00fbret\u00e9 de l\u2019\u00c9tat. Le m\u00eame jour, la ministre saisit le parquet. Les premi\u00e8res arrestations commencent d\u00e8s le&nbsp;11 f\u00e9vrier, dans le cadre de la l\u00e9gislation antiterroriste, avec des restrictions initiales \u00e0 l\u2019acc\u00e8s aux avocats.<\/p>\n\n\n\n<p class=\"wp-block-paragraph\">Le&nbsp;24 f\u00e9vrier 2023, le parquet du P\u00f4le judiciaire de lutte contre le terrorisme ouvre formellement une instruction pour complot contre la s\u00fbret\u00e9 int\u00e9rieure et ext\u00e9rieure de l\u2019\u00c9tat. Les jours suivants, plusieurs opposants sont plac\u00e9s en d\u00e9tention pr\u00e9ventive.<\/p>\n\n\n\n<p class=\"wp-block-paragraph\">L\u2019instruction, qui dure plus d\u2019un an, est d\u00e9nonc\u00e9e par la d\u00e9fense comme une instruction b\u00e2cl\u00e9e, lacunaire et entach\u00e9e d\u2019irr\u00e9gularit\u00e9s, tant dans la conduite des investigations que dans le recours illicitement prolong\u00e9 \u00e0 la d\u00e9tention pr\u00e9ventive.<\/p>\n\n\n\n<p class=\"wp-block-paragraph\">En&nbsp;avril 2024, le juge d\u2019instruction cl\u00f4t l\u2019enqu\u00eate, une d\u00e9cision vivement contest\u00e9e par les avocats de la d\u00e9fense.<\/p>\n\n\n\n<p class=\"wp-block-paragraph\">Le dossier passe ensuite devant la&nbsp;chambre d\u2019accusation, puis par la&nbsp;Cour de cassation qui&nbsp;confirme le renvoi des accus\u00e9s devant la chambre criminelle sp\u00e9cialis\u00e9e du Tribunal de premi\u00e8re instance de Tunis. Apr\u00e8s le jugement de premi\u00e8re instance, l\u2019affaire est examin\u00e9e en&nbsp;appel le 27 novembre 2025, qui modifie l\u00e9g\u00e8rement les lourdes peines initiales, puis fait l\u2019objet d\u2019un&nbsp;pourvoi en cassation, dont l\u2019examen est fix\u00e9 pour demain, mercredi au&nbsp;3 septembre 2026.<\/p>\n\n\n\n<p class=\"wp-block-paragraph\">L\u2019affaire se d\u00e9roule sur un fond de d\u00e9nonciation d\u2019atteintes au droit \u00e0 un proc\u00e8s \u00e9quitable. Les avocats des pr\u00e9venus d\u00e9noncent, notamment, le maintien du proc\u00e8s \u00e0 distance, le refus de plusieurs demandes de la d\u00e9fense et absence de v\u00e9ritable d\u00e9bat contradictoire sur les \u00e9l\u00e9ments essentiels du dossier.<\/p>\n\n\n\n<p class=\"wp-block-paragraph\"><em>\u00abLa cassation sera-t-elle un moyen de faire durer encore l\u2019affaire, ou l\u2019occasion d\u2019en amorcer enfin la sortie ?\u00bb<\/em>, s\u2019interroge le Centre tunisienne pour le respect des libert\u00e9s et des droits de l\u2019homme en Tunisie (CRLDHT) dans un <a href=\"https:\/\/crldht.com\/complot-n-1-au-dela-de-la-cassation-le-proces-dune-justice-sous-pression\/\">communiqu\u00e9<\/a> publi\u00e9 le 1<sup>er<\/sup> septembre 2026, o\u00f9 l\u2019Ong, au-del\u00e0 des sc\u00e9narios judiciaires possibles, estime que cette affaire a des enjeux politiques, li\u00e9s au calendrier qui ne serait pas, selon elle, <em>\u00abpolitiquement neutre\u00bb,<\/em> lepouvoir pouvant avoir int\u00e9r\u00eat \u00e0 acc\u00e9l\u00e9rer l\u2019examen de cette affaire.<\/p>\n\n\n\n<p class=\"wp-block-paragraph\"><em>\u00abCompte tenu de la conjoncture extr\u00eamement d\u00e9favorable, voire catastrophique, pour le r\u00e9gime en place, une premi\u00e8re hypoth\u00e8se serait celle d\u2019une diversion : r\u00e9introduire dans la sph\u00e8re publique les d\u00e9bats sur la d\u00e9cennie qualifi\u00e9e de \u2018\u2018noire\u2019\u2019 par Ka\u00efs Sa\u00efed et ses partisans et, par ce biais, ressusciter les anciens d\u00e9saccords entre les diff\u00e9rentes composantes de l\u2019opposition sur la d\u00e9mocratie et la p\u00e9riode de transition d\u00e9mocratique\u00bb<\/em>, \u00e9crit le CRLDHT. Il ajoute&nbsp;: <em>\u00abQuant aux issues possibles, il est difficile de s\u00e9parer totalement la d\u00e9cision judiciaire du contexte politique.\u00bb<\/em><\/p>\n\n\n\n<p class=\"wp-block-paragraph\">Et l\u2019Ong de conclure sa longue analyse par l\u2019expression de ce souhait&nbsp;: <em>\u00abQue cette affaire, qui a marqu\u00e9 l\u2019un des grands tournants de la r\u00e9pression d\u00e9mesur\u00e9e engag\u00e9e contre les opposants politiques, puisse aussi marquer le commencement de la fin de cette r\u00e9pression.\u00bb<\/em><\/p>\n\n\n\n<p class=\"wp-block-paragraph\">Parmi les activistes politiques condamn\u00e9s dans cette affaire, citons&nbsp;Mohamed Khayam Turki, Abdelhamid Jelassi, Issam Chebbi, Ghazi Chaouachi, Ridha Belhaj, Jaouhar Ben Mbarek, Ahmed Nejib Chebbi, Ayachi Hammami et Chaima Issa. &nbsp;<\/p>\n\n\n\n<p class=\"has-text-align-right wp-block-paragraph\"><strong>I. B.<\/strong><\/p>\n\n\n\n<p class=\"wp-block-paragraph\"><\/p>\n","protected":false},"excerpt":{"rendered":"<p>L\u2019affaire dite du \u00abcomplot contre la s\u00fbret\u00e9 de l\u2019\u00c9tat\u00bb, ou \u00abaffaire du complot n\u00b0 1\u00bb examin\u00e9e par la Cour de cassation mercredi 3 septembre 2026.<\/p>\n","protected":false},"author":8,"featured_media":19554536,"comment_status":"open","ping_status":"open","sticky":false,"template":"","format":"standard","meta":{"footnotes":""},"categories":[997,2433],"tags":[1584,109837,87155,31970,109673,15936,8314,71402,76012,111460,2007,62643],"class_list":["post-19554511","post","type-post","status-publish","format-standard","has-post-thumbnail","hentry","category-politique","category-tunisie","tag-abdelhamid-jelassi","tag-affaire-du-complot","tag-ahmed-nejib-chebbi-2","tag-ayachi-hammami","tag-crldht","tag-ghazi-chaouachi","tag-issam-chebbi","tag-jaouhar-ben-mbarek","tag-kais-saied-2","tag-mohamed-khayam-turki","tag-ridha-belhaj","tag-tunisie"],"yoast_head":"<!-- This site is optimized with the Yoast SEO plugin v26.6 - https:\/\/yoast.com\/wordpress\/plugins\/seo\/ -->\n<title>L\u2019\u00abaffaire du complot n\u00b0 1\u00bb en cassation | Suite ou fin\u00a0? - Kapitalis<\/title>\n<meta name=\"description\" content=\"L\u2019affaire dite du \u00abcomplot contre l\u2019\u00c9tat\u00bb, ou \u00abaffaire du complot n\u00b0 1\u00bb examin\u00e9e par la Cour de cassation mercredi 3 septembre 2026.\" \/>\n<meta name=\"robots\" content=\"index, follow, max-snippet:-1, max-image-preview:large, max-video-preview:-1\" \/>\n<link rel=\"canonical\" href=\"https:\/\/kapitalis.com\/tunisie\/2026\/09\/02\/laffaire-du-complot-n-1-en-cassation-suite-ou-fin\/\" \/>\n<meta property=\"og:locale\" content=\"fr_FR\" \/>\n<meta property=\"og:type\" content=\"article\" \/>\n<meta property=\"og:title\" content=\"L\u2019\u00abaffaire du complot n\u00b0 1\u00bb en cassation | Suite ou fin\u00a0? - Kapitalis\" \/>\n<meta property=\"og:description\" content=\"L\u2019affaire dite du \u00abcomplot contre l\u2019\u00c9tat\u00bb, ou \u00abaffaire du complot n\u00b0 1\u00bb examin\u00e9e par la Cour de cassation mercredi 3 septembre 2026.\" \/>\n<meta property=\"og:url\" content=\"https:\/\/kapitalis.com\/tunisie\/2026\/09\/02\/laffaire-du-complot-n-1-en-cassation-suite-ou-fin\/\" \/>\n<meta property=\"og:site_name\" content=\"Kapitalis\" \/>\n<meta property=\"article:publisher\" content=\"https:\/\/www.facebook.com\/KapitalisInfo\/\" \/>\n<meta property=\"article:published_time\" content=\"2026-09-02T07:38:55+00:00\" \/>\n<meta property=\"article:modified_time\" content=\"2026-09-02T07:38:57+00:00\" \/>\n<meta property=\"og:image\" content=\"https:\/\/kapitalis.com\/tunisie\/wp-content\/uploads\/2026\/09\/Affaire-du-complot-5.jpg\" \/>\n\t<meta property=\"og:image:width\" content=\"1200\" \/>\n\t<meta property=\"og:image:height\" content=\"630\" \/>\n\t<meta property=\"og:image:type\" content=\"image\/jpeg\" \/>\n<meta name=\"author\" content=\"webmaster kapitalis\" \/>\n<meta name=\"twitter:card\" content=\"summary_large_image\" \/>\n<meta name=\"twitter:creator\" content=\"@KapitalisInfo\" \/>\n<meta name=\"twitter:site\" content=\"@KapitalisInfo\" \/>\n<meta name=\"twitter:label1\" content=\"\u00c9crit par\" \/>\n\t<meta name=\"twitter:data1\" content=\"webmaster kapitalis\" \/>\n\t<meta name=\"twitter:label2\" content=\"Dur\u00e9e de lecture estim\u00e9e\" \/>\n\t<meta name=\"twitter:data2\" content=\"3 minutes\" \/>\n<script type=\"application\/ld+json\" class=\"yoast-schema-graph\">{\"@context\":\"https:\/\/schema.org\",\"@graph\":[{\"@type\":\"Article\",\"@id\":\"https:\/\/kapitalis.com\/tunisie\/2026\/09\/02\/laffaire-du-complot-n-1-en-cassation-suite-ou-fin\/#article\",\"isPartOf\":{\"@id\":\"https:\/\/kapitalis.com\/tunisie\/2026\/09\/02\/laffaire-du-complot-n-1-en-cassation-suite-ou-fin\/\"},\"author\":{\"name\":\"webmaster kapitalis\",\"@id\":\"https:\/\/kapitalis.com\/tunisie\/#\/schema\/person\/d71f33a9ca44f7bad4698210b480c8e9\"},\"headline\":\"L\u2019\u00abaffaire du complot n\u00b0 1\u00bb en cassation | Suite ou fin\u00a0?\",\"datePublished\":\"2026-09-02T07:38:55+00:00\",\"dateModified\":\"2026-09-02T07:38:57+00:00\",\"mainEntityOfPage\":{\"@id\":\"https:\/\/kapitalis.com\/tunisie\/2026\/09\/02\/laffaire-du-complot-n-1-en-cassation-suite-ou-fin\/\"},\"wordCount\":674,\"commentCount\":0,\"publisher\":{\"@id\":\"https:\/\/kapitalis.com\/tunisie\/#organization\"},\"image\":{\"@id\":\"https:\/\/kapitalis.com\/tunisie\/2026\/09\/02\/laffaire-du-complot-n-1-en-cassation-suite-ou-fin\/#primaryimage\"},\"thumbnailUrl\":\"https:\/\/kapitalis.com\/tunisie\/wp-content\/uploads\/2026\/09\/Affaire-du-complot-5.jpg\",\"keywords\":[\"Abdelhamid Jelassi\",\"affaire du complot\",\"Ahmed Nejib Chebbi\",\"Ayachi Hammami\",\"CRLDHT\",\"Ghazi Chaouachi\",\"Issam Chebbi\",\"jaouhar ben mbarek\",\"Ka\u00efs Sa\u00efed\",\"Mohamed Khayam Turki\",\"Ridha Belhaj\",\"Tunisie\"],\"articleSection\":[\"POLITIQUE\",\"Tunisie\"],\"inLanguage\":\"fr-FR\",\"potentialAction\":[{\"@type\":\"CommentAction\",\"name\":\"Comment\",\"target\":[\"https:\/\/kapitalis.com\/tunisie\/2026\/09\/02\/laffaire-du-complot-n-1-en-cassation-suite-ou-fin\/#respond\"]}]},{\"@type\":\"WebPage\",\"@id\":\"https:\/\/kapitalis.com\/tunisie\/2026\/09\/02\/laffaire-du-complot-n-1-en-cassation-suite-ou-fin\/\",\"url\":\"https:\/\/kapitalis.com\/tunisie\/2026\/09\/02\/laffaire-du-complot-n-1-en-cassation-suite-ou-fin\/\",\"name\":\"L\u2019\u00abaffaire du complot n\u00b0 1\u00bb en cassation | Suite ou fin\u00a0? - Kapitalis\",\"isPartOf\":{\"@id\":\"https:\/\/kapitalis.com\/tunisie\/#website\"},\"primaryImageOfPage\":{\"@id\":\"https:\/\/kapitalis.com\/tunisie\/2026\/09\/02\/laffaire-du-complot-n-1-en-cassation-suite-ou-fin\/#primaryimage\"},\"image\":{\"@id\":\"https:\/\/kapitalis.com\/tunisie\/2026\/09\/02\/laffaire-du-complot-n-1-en-cassation-suite-ou-fin\/#primaryimage\"},\"thumbnailUrl\":\"https:\/\/kapitalis.com\/tunisie\/wp-content\/uploads\/2026\/09\/Affaire-du-complot-5.jpg\",\"datePublished\":\"2026-09-02T07:38:55+00:00\",\"dateModified\":\"2026-09-02T07:38:57+00:00\",\"description\":\"L\u2019affaire dite du \u00abcomplot contre l\u2019\u00c9tat\u00bb, ou \u00abaffaire du complot n\u00b0 1\u00bb examin\u00e9e par la Cour de cassation mercredi 3 septembre 2026.\",\"breadcrumb\":{\"@id\":\"https:\/\/kapitalis.com\/tunisie\/2026\/09\/02\/laffaire-du-complot-n-1-en-cassation-suite-ou-fin\/#breadcrumb\"},\"inLanguage\":\"fr-FR\",\"potentialAction\":[{\"@type\":\"ReadAction\",\"target\":[\"https:\/\/kapitalis.com\/tunisie\/2026\/09\/02\/laffaire-du-complot-n-1-en-cassation-suite-ou-fin\/\"]}]},{\"@type\":\"ImageObject\",\"inLanguage\":\"fr-FR\",\"@id\":\"https:\/\/kapitalis.com\/tunisie\/2026\/09\/02\/laffaire-du-complot-n-1-en-cassation-suite-ou-fin\/#primaryimage\",\"url\":\"https:\/\/kapitalis.com\/tunisie\/wp-content\/uploads\/2026\/09\/Affaire-du-complot-5.jpg\",\"contentUrl\":\"https:\/\/kapitalis.com\/tunisie\/wp-content\/uploads\/2026\/09\/Affaire-du-complot-5.jpg\",\"width\":1200,\"height\":630},{\"@type\":\"BreadcrumbList\",\"@id\":\"https:\/\/kapitalis.com\/tunisie\/2026\/09\/02\/laffaire-du-complot-n-1-en-cassation-suite-ou-fin\/#breadcrumb\",\"itemListElement\":[{\"@type\":\"ListItem\",\"position\":1,\"name\":\"Accueil\",\"item\":\"https:\/\/kapitalis.com\/tunisie\/\"},{\"@type\":\"ListItem\",\"position\":2,\"name\":\"L\u2019\u00abaffaire du complot n\u00b0 1\u00bb en cassation | Suite ou fin\u00a0?\"}]},{\"@type\":\"WebSite\",\"@id\":\"https:\/\/kapitalis.com\/tunisie\/#website\",\"url\":\"https:\/\/kapitalis.com\/tunisie\/\",\"name\":\"Kapitalis\",\"description\":\"L&#039;actualit\u00e9 en Tunisie et dans le monde\",\"publisher\":{\"@id\":\"https:\/\/kapitalis.com\/tunisie\/#organization\"},\"potentialAction\":[{\"@type\":\"SearchAction\",\"target\":{\"@type\":\"EntryPoint\",\"urlTemplate\":\"https:\/\/kapitalis.com\/tunisie\/?s={search_term_string}\"},\"query-input\":{\"@type\":\"PropertyValueSpecification\",\"valueRequired\":true,\"valueName\":\"search_term_string\"}}],\"inLanguage\":\"fr-FR\"},{\"@type\":\"Organization\",\"@id\":\"https:\/\/kapitalis.com\/tunisie\/#organization\",\"name\":\"Kapitalis\",\"url\":\"https:\/\/kapitalis.com\/tunisie\/\",\"logo\":{\"@type\":\"ImageObject\",\"inLanguage\":\"fr-FR\",\"@id\":\"https:\/\/kapitalis.com\/tunisie\/#\/schema\/logo\/image\/\",\"url\":\"https:\/\/kapitalis.com\/tunisie\/wp-content\/uploads\/2022\/05\/Kapitalis-big-size.png\",\"contentUrl\":\"https:\/\/kapitalis.com\/tunisie\/wp-content\/uploads\/2022\/05\/Kapitalis-big-size.png\",\"width\":5000,\"height\":1500,\"caption\":\"Kapitalis\"},\"image\":{\"@id\":\"https:\/\/kapitalis.com\/tunisie\/#\/schema\/logo\/image\/\"},\"sameAs\":[\"https:\/\/www.facebook.com\/KapitalisInfo\/\",\"https:\/\/x.com\/KapitalisInfo\",\"https:\/\/www.youtube.com\/channel\/UC-yDYrHyfFBWWZaOw3FPg9Q\"]},{\"@type\":\"Person\",\"@id\":\"https:\/\/kapitalis.com\/tunisie\/#\/schema\/person\/d71f33a9ca44f7bad4698210b480c8e9\",\"name\":\"webmaster kapitalis\",\"url\":\"https:\/\/kapitalis.com\/tunisie\/author\/webmaster-kapitalis\/\"}]}<\/script>\n<!-- \/ Yoast SEO plugin. -->","yoast_head_json":{"title":"L\u2019\u00abaffaire du complot n\u00b0 1\u00bb en cassation | Suite ou fin\u00a0? - Kapitalis","description":"L\u2019affaire dite du \u00abcomplot contre l\u2019\u00c9tat\u00bb, ou \u00abaffaire du complot n\u00b0 1\u00bb examin\u00e9e par la Cour de cassation mercredi 3 septembre 2026.","robots":{"index":"index","follow":"follow","max-snippet":"max-snippet:-1","max-image-preview":"max-image-preview:large","max-video-preview":"max-video-preview:-1"},"canonical":"https:\/\/kapitalis.com\/tunisie\/2026\/09\/02\/laffaire-du-complot-n-1-en-cassation-suite-ou-fin\/","og_locale":"fr_FR","og_type":"article","og_title":"L\u2019\u00abaffaire du complot n\u00b0 1\u00bb en cassation | Suite ou fin\u00a0? - Kapitalis","og_description":"L\u2019affaire dite du \u00abcomplot contre l\u2019\u00c9tat\u00bb, ou \u00abaffaire du complot n\u00b0 1\u00bb examin\u00e9e par la Cour de cassation mercredi 3 septembre 2026.","og_url":"https:\/\/kapitalis.com\/tunisie\/2026\/09\/02\/laffaire-du-complot-n-1-en-cassation-suite-ou-fin\/","og_site_name":"Kapitalis","article_publisher":"https:\/\/www.facebook.com\/KapitalisInfo\/","article_published_time":"2026-09-02T07:38:55+00:00","article_modified_time":"2026-09-02T07:38:57+00:00","og_image":[{"width":1200,"height":630,"url":"https:\/\/kapitalis.com\/tunisie\/wp-content\/uploads\/2026\/09\/Affaire-du-complot-5.jpg","type":"image\/jpeg"}],"author":"webmaster kapitalis","twitter_card":"summary_large_image","twitter_creator":"@KapitalisInfo","twitter_site":"@KapitalisInfo","twitter_misc":{"\u00c9crit par":"webmaster kapitalis","Dur\u00e9e de lecture estim\u00e9e":"3 minutes"},"schema":{"@context":"https:\/\/schema.org","@graph":[{"@type":"Article","@id":"https:\/\/kapitalis.com\/tunisie\/2026\/09\/02\/laffaire-du-complot-n-1-en-cassation-suite-ou-fin\/#article","isPartOf":{"@id":"https:\/\/kapitalis.com\/tunisie\/2026\/09\/02\/laffaire-du-complot-n-1-en-cassation-suite-ou-fin\/"},"author":{"name":"webmaster kapitalis","@id":"https:\/\/kapitalis.com\/tunisie\/#\/schema\/person\/d71f33a9ca44f7bad4698210b480c8e9"},"headline":"L\u2019\u00abaffaire du complot n\u00b0 1\u00bb en cassation | Suite ou fin\u00a0?","datePublished":"2026-09-02T07:38:55+00:00","dateModified":"2026-09-02T07:38:57+00:00","mainEntityOfPage":{"@id":"https:\/\/kapitalis.com\/tunisie\/2026\/09\/02\/laffaire-du-complot-n-1-en-cassation-suite-ou-fin\/"},"wordCount":674,"commentCount":0,"publisher":{"@id":"https:\/\/kapitalis.com\/tunisie\/#organization"},"image":{"@id":"https:\/\/kapitalis.com\/tunisie\/2026\/09\/02\/laffaire-du-complot-n-1-en-cassation-suite-ou-fin\/#primaryimage"},"thumbnailUrl":"https:\/\/kapitalis.com\/tunisie\/wp-content\/uploads\/2026\/09\/Affaire-du-complot-5.jpg","keywords":["Abdelhamid Jelassi","affaire du complot","Ahmed Nejib Chebbi","Ayachi Hammami","CRLDHT","Ghazi Chaouachi","Issam Chebbi","jaouhar ben mbarek","Ka\u00efs Sa\u00efed","Mohamed Khayam Turki","Ridha Belhaj","Tunisie"],"articleSection":["POLITIQUE","Tunisie"],"inLanguage":"fr-FR","potentialAction":[{"@type":"CommentAction","name":"Comment","target":["https:\/\/kapitalis.com\/tunisie\/2026\/09\/02\/laffaire-du-complot-n-1-en-cassation-suite-ou-fin\/#respond"]}]},{"@type":"WebPage","@id":"https:\/\/kapitalis.com\/tunisie\/2026\/09\/02\/laffaire-du-complot-n-1-en-cassation-suite-ou-fin\/","url":"https:\/\/kapitalis.com\/tunisie\/2026\/09\/02\/laffaire-du-complot-n-1-en-cassation-suite-ou-fin\/","name":"L\u2019\u00abaffaire du complot n\u00b0 1\u00bb en cassation | Suite ou fin\u00a0? - Kapitalis","isPartOf":{"@id":"https:\/\/kapitalis.com\/tunisie\/#website"},"primaryImageOfPage":{"@id":"https:\/\/kapitalis.com\/tunisie\/2026\/09\/02\/laffaire-du-complot-n-1-en-cassation-suite-ou-fin\/#primaryimage"},"image":{"@id":"https:\/\/kapitalis.com\/tunisie\/2026\/09\/02\/laffaire-du-complot-n-1-en-cassation-suite-ou-fin\/#primaryimage"},"thumbnailUrl":"https:\/\/kapitalis.com\/tunisie\/wp-content\/uploads\/2026\/09\/Affaire-du-complot-5.jpg","datePublished":"2026-09-02T07:38:55+00:00","dateModified":"2026-09-02T07:38:57+00:00","description":"L\u2019affaire dite du \u00abcomplot contre l\u2019\u00c9tat\u00bb, ou \u00abaffaire du complot n\u00b0 1\u00bb examin\u00e9e par la Cour de cassation mercredi 3 septembre 2026.","breadcrumb":{"@id":"https:\/\/kapitalis.com\/tunisie\/2026\/09\/02\/laffaire-du-complot-n-1-en-cassation-suite-ou-fin\/#breadcrumb"},"inLanguage":"fr-FR","potentialAction":[{"@type":"ReadAction","target":["https:\/\/kapitalis.com\/tunisie\/2026\/09\/02\/laffaire-du-complot-n-1-en-cassation-suite-ou-fin\/"]}]},{"@type":"ImageObject","inLanguage":"fr-FR","@id":"https:\/\/kapitalis.com\/tunisie\/2026\/09\/02\/laffaire-du-complot-n-1-en-cassation-suite-ou-fin\/#primaryimage","url":"https:\/\/kapitalis.com\/tunisie\/wp-content\/uploads\/2026\/09\/Affaire-du-complot-5.jpg","contentUrl":"https:\/\/kapitalis.com\/tunisie\/wp-content\/uploads\/2026\/09\/Affaire-du-complot-5.jpg","width":1200,"height":630},{"@type":"BreadcrumbList","@id":"https:\/\/kapitalis.com\/tunisie\/2026\/09\/02\/laffaire-du-complot-n-1-en-cassation-suite-ou-fin\/#breadcrumb","itemListElement":[{"@type":"ListItem","position":1,"name":"Accueil","item":"https:\/\/kapitalis.com\/tunisie\/"},{"@type":"ListItem","position":2,"name":"L\u2019\u00abaffaire du complot n\u00b0 1\u00bb en cassation | Suite ou fin\u00a0?"}]},{"@type":"WebSite","@id":"https:\/\/kapitalis.com\/tunisie\/#website","url":"https:\/\/kapitalis.com\/tunisie\/","name":"Kapitalis","description":"L&#039;actualit\u00e9 en Tunisie et dans le monde","publisher":{"@id":"https:\/\/kapitalis.com\/tunisie\/#organization"},"potentialAction":[{"@type":"SearchAction","target":{"@type":"EntryPoint","urlTemplate":"https:\/\/kapitalis.com\/tunisie\/?s={search_term_string}"},"query-input":{"@type":"PropertyValueSpecification","valueRequired":true,"valueName":"search_term_string"}}],"inLanguage":"fr-FR"},{"@type":"Organization","@id":"https:\/\/kapitalis.com\/tunisie\/#organization","name":"Kapitalis","url":"https:\/\/kapitalis.com\/tunisie\/","logo":{"@type":"ImageObject","inLanguage":"fr-FR","@id":"https:\/\/kapitalis.com\/tunisie\/#\/schema\/logo\/image\/","url":"https:\/\/kapitalis.com\/tunisie\/wp-content\/uploads\/2022\/05\/Kapitalis-big-size.png","contentUrl":"https:\/\/kapitalis.com\/tunisie\/wp-content\/uploads\/2022\/05\/Kapitalis-big-size.png","width":5000,"height":1500,"caption":"Kapitalis"},"image":{"@id":"https:\/\/kapitalis.com\/tunisie\/#\/schema\/logo\/image\/"},"sameAs":["https:\/\/www.facebook.com\/KapitalisInfo\/","https:\/\/x.com\/KapitalisInfo","https:\/\/www.youtube.com\/channel\/UC-yDYrHyfFBWWZaOw3FPg9Q"]},{"@type":"Person","@id":"https:\/\/kapitalis.com\/tunisie\/#\/schema\/person\/d71f33a9ca44f7bad4698210b480c8e9","name":"webmaster kapitalis","url":"https:\/\/kapitalis.com\/tunisie\/author\/webmaster-kapitalis\/"}]}},"_links":{"self":[{"href":"https:\/\/kapitalis.com\/tunisie\/wp-json\/wp\/v2\/posts\/19554511","targetHints":{"allow":["GET"]}}],"collection":[{"href":"https:\/\/kapitalis.com\/tunisie\/wp-json\/wp\/v2\/posts"}],"about":[{"href":"https:\/\/kapitalis.com\/tunisie\/wp-json\/wp\/v2\/types\/post"}],"author":[{"embeddable":true,"href":"https:\/\/kapitalis.com\/tunisie\/wp-json\/wp\/v2\/users\/8"}],"replies":[{"embeddable":true,"href":"https:\/\/kapitalis.com\/tunisie\/wp-json\/wp\/v2\/comments?post=19554511"}],"version-history":[{"count":1,"href":"https:\/\/kapitalis.com\/tunisie\/wp-json\/wp\/v2\/posts\/19554511\/revisions"}],"predecessor-version":[{"id":19554542,"href":"https:\/\/kapitalis.com\/tunisie\/wp-json\/wp\/v2\/posts\/19554511\/revisions\/19554542"}],"wp:featuredmedia":[{"embeddable":true,"href":"https:\/\/kapitalis.com\/tunisie\/wp-json\/wp\/v2\/media\/19554536"}],"wp:attachment":[{"href":"https:\/\/kapitalis.com\/tunisie\/wp-json\/wp\/v2\/media?parent=19554511"}],"wp:term":[{"taxonomy":"category","embeddable":true,"href":"https:\/\/kapitalis.com\/tunisie\/wp-json\/wp\/v2\/categories?post=19554511"},{"taxonomy":"post_tag","embeddable":true,"href":"https:\/\/kapitalis.com\/tunisie\/wp-json\/wp\/v2\/tags?post=19554511"}],"curies":[{"name":"wp","href":"https:\/\/api.w.org\/{rel}","templated":true}]}}