{"id":195556,"date":"2019-01-29T16:46:59","date_gmt":"2019-01-29T15:46:59","guid":{"rendered":"http:\/\/kapitalis.com\/tunisie\/?p=195556"},"modified":"2019-01-29T16:49:23","modified_gmt":"2019-01-29T15:49:23","slug":"crise-a-leducation-le-coup-de-gueule-dune-lyceenne-contre-yaacoubi-video","status":"publish","type":"post","link":"https:\/\/kapitalis.com\/tunisie\/2019\/01\/29\/crise-a-leducation-le-coup-de-gueule-dune-lyceenne-contre-yaacoubi-video\/","title":{"rendered":"Crise \u00e0 l&rsquo;\u00e9ducation : Le coup de gueule d&rsquo;une lyc\u00e9enne contre Yaacoubi (Vid\u00e9o)"},"content":{"rendered":"<p style=\"text-align: center;\"><img loading=\"lazy\" decoding=\"async\" class=\"alignnone size-full wp-image-195562\" src=\"http:\/\/kapitalis.com\/tunisie\/wp-content\/uploads\/2019\/01\/Lassaad-Yacoubi_\u00e9l\u00e8ves.jpg\" alt=\"\" width=\"626\" height=\"380\" \/><\/p>\n<p><em><strong>Meriem, inscrite en 2e ann\u00e9e secondaire \u00e0 Ben Arous, a pouss\u00e9 un coup de gueule contre Lassaad Yaacoubi, secr\u00e9taire g\u00e9n\u00e9ral de la F\u00e9d\u00e9ration g\u00e9n\u00e9rale de l&rsquo;enseignement secondaire (FGES), l&rsquo;un des responsables de la crise \u00e0 l&rsquo;\u00e9ducation qui dure depuis plusieurs semaines.<\/strong><\/em><!--more--><\/p>\n<p><em>\u00abVous \u00eates le principal responsable de la destruction des r\u00eaves que nous avons commenc\u00e9 \u00e0 construire depuis notre tendre enfance<\/em><em>! Avez-vous pens\u00e9 aux \u00e9l\u00e8ves candidats \u00e0 l&rsquo;\u00e9preuve du baccalaur\u00e9at qui travaillent dur? Le ministre de l&rsquo;Educations&rsquo;est dit surpris de ce qui se passe en ce moment. Si seulement vous savez \u00e0 quel point nous le sommes nous aussi! Savez-vous qui est la victime dans toute cette histoire? J&rsquo;aimerai bien comprendre o\u00f9 il veut aller dans tout cela?<\/em>\u00bb, a lanc\u00e9 l&rsquo;adolescente en direct sur IFM, aujourd&rsquo;hui, mardi 29 janvier 2019, en pr\u00e9sence du dirigeant syndicaliste.<\/p>\n<p>Le ras-le-bol de Meriem d\u00e9non\u00e7ant la crise dans l&rsquo;enseignement secondaire et l&rsquo;attitude des dirigeants du FGES est tout \u00e0 fait compr\u00e9hensif car l&rsquo;avenir des \u00e9l\u00e8ves est vraiment menac\u00e9 , alors que le spectre de l&rsquo;ann\u00e9e blanche se pr\u00e9cise de plus en plus.<\/p>\n<p><center><br \/>\n<iframe loading=\"lazy\" style=\"border: none; overflow: hidden;\" src=\"https:\/\/www.facebook.com\/plugins\/video.php?href=https%3A%2F%2Fwww.facebook.com%2FRadioIfm%2Fvideos%2F276998116539209%2F&amp;show_text=0&amp;width=560\" width=\"560\" height=\"315\" frameborder=\"0\" scrolling=\"no\" allowfullscreen=\"allowfullscreen\"><\/iframe><\/center>Les parents d&rsquo;\u00e9l\u00e8ves ne cessent eux aussi de d\u00e9noncer sur les r\u00e9seaux sociaux le laxisme du gouvernement et le boycott des examens du premier et du second trimestre par les enseignants.<\/p>\n<p style=\"text-align: right;\"><strong>E. B. A.<\/strong><\/p>\n<blockquote class=\"wp-embedded-content\" data-secret=\"wIVuss3lSs\"><p><a href=\"https:\/\/kapitalis.com\/tunisie\/2019\/01\/29\/crise-a-leducation-manifestation-des-parents-deleve-le-1er-fevrier\/\">Crise \u00e0 l\u2019\u00e9ducation : Manifestation des parents d\u2019\u00e9l\u00e8ve le 1er f\u00e9vrier<\/a><\/p><\/blockquote>\n<p><iframe loading=\"lazy\" class=\"wp-embedded-content\" sandbox=\"allow-scripts\" security=\"restricted\" style=\"position: absolute; clip: rect(1px, 1px, 1px, 1px);\" title=\"\u00ab\u00a0Crise \u00e0 l\u2019\u00e9ducation : Manifestation des parents d\u2019\u00e9l\u00e8ve le 1er f\u00e9vrier\u00a0\u00bb &#8212; Kapitalis\" src=\"https:\/\/kapitalis.com\/tunisie\/2019\/01\/29\/crise-a-leducation-manifestation-des-parents-deleve-le-1er-fevrier\/embed\/#?secret=m7i2kuTavz#?secret=wIVuss3lSs\" data-secret=\"wIVuss3lSs\" width=\"600\" height=\"338\" frameborder=\"0\" marginwidth=\"0\" marginheight=\"0\" scrolling=\"no\"><\/iframe><\/p>\n<blockquote class=\"wp-embedded-content\" data-secret=\"MHjTIf5dUO\"><p><a href=\"https:\/\/kapitalis.com\/tunisie\/2019\/01\/24\/me-ben-hassana-a-lassaad-yaacoubi-tu-te-rapproches-de-la-prison\/\">Me Ben Hassana \u00e0 Lassaad Yaacoubi : \u00ab\u00a0Tu te rapproches de la prison !\u00a0\u00bb<\/a><\/p><\/blockquote>\n<p><iframe loading=\"lazy\" class=\"wp-embedded-content\" sandbox=\"allow-scripts\" security=\"restricted\" style=\"position: absolute; clip: rect(1px, 1px, 1px, 1px);\" title=\"\u00ab\u00a0Me Ben Hassana \u00e0 Lassaad Yaacoubi : \u00ab\u00a0Tu te rapproches de la prison !\u00a0\u00bb\u00a0\u00bb &#8212; Kapitalis\" src=\"https:\/\/kapitalis.com\/tunisie\/2019\/01\/24\/me-ben-hassana-a-lassaad-yaacoubi-tu-te-rapproches-de-la-prison\/embed\/#?secret=wnp7vRpS2M#?secret=MHjTIf5dUO\" data-secret=\"MHjTIf5dUO\" width=\"600\" height=\"338\" frameborder=\"0\" marginwidth=\"0\" marginheight=\"0\" scrolling=\"no\"><\/iframe><\/p>\n","protected":false},"excerpt":{"rendered":"<p>Meriem, inscrite en 2e ann\u00e9e secondaire \u00e0 Ben Arous, a pouss\u00e9 un coup de gueule contre Lassaad Yaacoubi, secr\u00e9taire g\u00e9n\u00e9ral de la F\u00e9d\u00e9ration g\u00e9n\u00e9rale de l&rsquo;enseignement secondaire (FGES), l&rsquo;un des responsables de la crise \u00e0 l&rsquo;\u00e9ducation qui dure depuis plusieurs semaines.<\/p>\n","protected":false},"author":16,"featured_media":195562,"comment_status":"open","ping_status":"open","sticky":false,"template":"","format":"standard","meta":{"footnotes":""},"categories":[998,2433,4806],"tags":[141,5590,306,1436,12265],"class_list":["post-195556","post","type-post","status-publish","format-standard","has-post-thumbnail","hentry","category-societe","category-tunisie","category-videos","tag-ben-arous","tag-boycott","tag-education","tag-examen","tag-lassaad-yaacoubi"],"yoast_head":"<!-- This site is optimized with the Yoast SEO plugin v26.6 - https:\/\/yoast.com\/wordpress\/plugins\/seo\/ -->\n<title>Crise \u00e0 l&#039;\u00e9ducation : Le coup de gueule d&#039;une lyc\u00e9enne contre Yaacoubi (Vid\u00e9o) - Kapitalis<\/title>\n<meta name=\"robots\" content=\"index, follow, max-snippet:-1, max-image-preview:large, max-video-preview:-1\" \/>\n<link rel=\"canonical\" href=\"https:\/\/kapitalis.com\/tunisie\/2019\/01\/29\/crise-a-leducation-le-coup-de-gueule-dune-lyceenne-contre-yaacoubi-video\/\" \/>\n<meta property=\"og:locale\" content=\"fr_FR\" \/>\n<meta property=\"og:type\" content=\"article\" \/>\n<meta property=\"og:title\" content=\"Crise \u00e0 l&#039;\u00e9ducation : Le coup de gueule d&#039;une lyc\u00e9enne contre Yaacoubi (Vid\u00e9o) - Kapitalis\" \/>\n<meta property=\"og:description\" content=\"Meriem, inscrite en 2e ann\u00e9e secondaire \u00e0 Ben Arous, a pouss\u00e9 un coup de gueule contre Lassaad Yaacoubi, secr\u00e9taire g\u00e9n\u00e9ral de la F\u00e9d\u00e9ration g\u00e9n\u00e9rale de l&rsquo;enseignement secondaire (FGES), l&rsquo;un des responsables de la crise \u00e0 l&rsquo;\u00e9ducation qui dure depuis plusieurs semaines.\" \/>\n<meta property=\"og:url\" content=\"https:\/\/kapitalis.com\/tunisie\/2019\/01\/29\/crise-a-leducation-le-coup-de-gueule-dune-lyceenne-contre-yaacoubi-video\/\" \/>\n<meta property=\"og:site_name\" content=\"Kapitalis\" \/>\n<meta property=\"article:publisher\" content=\"https:\/\/www.facebook.com\/KapitalisInfo\/\" \/>\n<meta property=\"article:published_time\" content=\"2019-01-29T15:46:59+00:00\" \/>\n<meta property=\"article:modified_time\" content=\"2019-01-29T15:49:23+00:00\" \/>\n<meta property=\"og:image\" content=\"https:\/\/kapitalis.com\/tunisie\/wp-content\/uploads\/2022\/05\/kapitalis-logo-fb.png\" \/>\n\t<meta property=\"og:image:width\" content=\"1200\" \/>\n\t<meta property=\"og:image:height\" content=\"630\" \/>\n\t<meta property=\"og:image:type\" content=\"image\/png\" \/>\n<meta name=\"author\" content=\"emna benabdallah\" \/>\n<meta name=\"twitter:card\" content=\"summary_large_image\" \/>\n<meta name=\"twitter:creator\" content=\"@KapitalisInfo\" \/>\n<meta name=\"twitter:site\" content=\"@KapitalisInfo\" \/>\n<meta name=\"twitter:label1\" content=\"\u00c9crit par\" \/>\n\t<meta name=\"twitter:data1\" content=\"emna benabdallah\" \/>\n\t<meta name=\"twitter:label2\" content=\"Dur\u00e9e de lecture estim\u00e9e\" \/>\n\t<meta name=\"twitter:data2\" content=\"1 minute\" \/>\n<script type=\"application\/ld+json\" class=\"yoast-schema-graph\">{\"@context\":\"https:\/\/schema.org\",\"@graph\":[{\"@type\":\"Article\",\"@id\":\"https:\/\/kapitalis.com\/tunisie\/2019\/01\/29\/crise-a-leducation-le-coup-de-gueule-dune-lyceenne-contre-yaacoubi-video\/#article\",\"isPartOf\":{\"@id\":\"https:\/\/kapitalis.com\/tunisie\/2019\/01\/29\/crise-a-leducation-le-coup-de-gueule-dune-lyceenne-contre-yaacoubi-video\/\"},\"author\":{\"name\":\"emna benabdallah\",\"@id\":\"https:\/\/kapitalis.com\/tunisie\/#\/schema\/person\/2c6e134b2f3369dffcd1daf5f087d28b\"},\"headline\":\"Crise \u00e0 l&rsquo;\u00e9ducation : Le coup de gueule d&rsquo;une lyc\u00e9enne contre Yaacoubi (Vid\u00e9o)\",\"datePublished\":\"2019-01-29T15:46:59+00:00\",\"dateModified\":\"2019-01-29T15:49:23+00:00\",\"mainEntityOfPage\":{\"@id\":\"https:\/\/kapitalis.com\/tunisie\/2019\/01\/29\/crise-a-leducation-le-coup-de-gueule-dune-lyceenne-contre-yaacoubi-video\/\"},\"wordCount\":251,\"commentCount\":1,\"publisher\":{\"@id\":\"https:\/\/kapitalis.com\/tunisie\/#organization\"},\"image\":{\"@id\":\"https:\/\/kapitalis.com\/tunisie\/2019\/01\/29\/crise-a-leducation-le-coup-de-gueule-dune-lyceenne-contre-yaacoubi-video\/#primaryimage\"},\"thumbnailUrl\":\"\",\"keywords\":[\"Ben Arous\",\"boycott\",\"\u00e9ducation\",\"examen\",\"Lassa\u00e2d Ya\u00e2coubi\"],\"articleSection\":[\"SOCIETE\",\"Tunisie\",\"VIDEOS\"],\"inLanguage\":\"fr-FR\",\"potentialAction\":[{\"@type\":\"CommentAction\",\"name\":\"Comment\",\"target\":[\"https:\/\/kapitalis.com\/tunisie\/2019\/01\/29\/crise-a-leducation-le-coup-de-gueule-dune-lyceenne-contre-yaacoubi-video\/#respond\"]}]},{\"@type\":\"WebPage\",\"@id\":\"https:\/\/kapitalis.com\/tunisie\/2019\/01\/29\/crise-a-leducation-le-coup-de-gueule-dune-lyceenne-contre-yaacoubi-video\/\",\"url\":\"https:\/\/kapitalis.com\/tunisie\/2019\/01\/29\/crise-a-leducation-le-coup-de-gueule-dune-lyceenne-contre-yaacoubi-video\/\",\"name\":\"Crise \u00e0 l'\u00e9ducation : Le coup de gueule d'une lyc\u00e9enne contre Yaacoubi (Vid\u00e9o) - Kapitalis\",\"isPartOf\":{\"@id\":\"https:\/\/kapitalis.com\/tunisie\/#website\"},\"primaryImageOfPage\":{\"@id\":\"https:\/\/kapitalis.com\/tunisie\/2019\/01\/29\/crise-a-leducation-le-coup-de-gueule-dune-lyceenne-contre-yaacoubi-video\/#primaryimage\"},\"image\":{\"@id\":\"https:\/\/kapitalis.com\/tunisie\/2019\/01\/29\/crise-a-leducation-le-coup-de-gueule-dune-lyceenne-contre-yaacoubi-video\/#primaryimage\"},\"thumbnailUrl\":\"\",\"datePublished\":\"2019-01-29T15:46:59+00:00\",\"dateModified\":\"2019-01-29T15:49:23+00:00\",\"breadcrumb\":{\"@id\":\"https:\/\/kapitalis.com\/tunisie\/2019\/01\/29\/crise-a-leducation-le-coup-de-gueule-dune-lyceenne-contre-yaacoubi-video\/#breadcrumb\"},\"inLanguage\":\"fr-FR\",\"potentialAction\":[{\"@type\":\"ReadAction\",\"target\":[\"https:\/\/kapitalis.com\/tunisie\/2019\/01\/29\/crise-a-leducation-le-coup-de-gueule-dune-lyceenne-contre-yaacoubi-video\/\"]}]},{\"@type\":\"ImageObject\",\"inLanguage\":\"fr-FR\",\"@id\":\"https:\/\/kapitalis.com\/tunisie\/2019\/01\/29\/crise-a-leducation-le-coup-de-gueule-dune-lyceenne-contre-yaacoubi-video\/#primaryimage\",\"url\":\"\",\"contentUrl\":\"\"},{\"@type\":\"BreadcrumbList\",\"@id\":\"https:\/\/kapitalis.com\/tunisie\/2019\/01\/29\/crise-a-leducation-le-coup-de-gueule-dune-lyceenne-contre-yaacoubi-video\/#breadcrumb\",\"itemListElement\":[{\"@type\":\"ListItem\",\"position\":1,\"name\":\"Accueil\",\"item\":\"https:\/\/kapitalis.com\/tunisie\/\"},{\"@type\":\"ListItem\",\"position\":2,\"name\":\"Crise \u00e0 l&rsquo;\u00e9ducation : Le coup de gueule d&rsquo;une lyc\u00e9enne contre Yaacoubi (Vid\u00e9o)\"}]},{\"@type\":\"WebSite\",\"@id\":\"https:\/\/kapitalis.com\/tunisie\/#website\",\"url\":\"https:\/\/kapitalis.com\/tunisie\/\",\"name\":\"Kapitalis\",\"description\":\"L&#039;actualit\u00e9 en Tunisie et dans le monde\",\"publisher\":{\"@id\":\"https:\/\/kapitalis.com\/tunisie\/#organization\"},\"potentialAction\":[{\"@type\":\"SearchAction\",\"target\":{\"@type\":\"EntryPoint\",\"urlTemplate\":\"https:\/\/kapitalis.com\/tunisie\/?s={search_term_string}\"},\"query-input\":{\"@type\":\"PropertyValueSpecification\",\"valueRequired\":true,\"valueName\":\"search_term_string\"}}],\"inLanguage\":\"fr-FR\"},{\"@type\":\"Organization\",\"@id\":\"https:\/\/kapitalis.com\/tunisie\/#organization\",\"name\":\"Kapitalis\",\"url\":\"https:\/\/kapitalis.com\/tunisie\/\",\"logo\":{\"@type\":\"ImageObject\",\"inLanguage\":\"fr-FR\",\"@id\":\"https:\/\/kapitalis.com\/tunisie\/#\/schema\/logo\/image\/\",\"url\":\"https:\/\/kapitalis.com\/tunisie\/wp-content\/uploads\/2022\/05\/Kapitalis-big-size.png\",\"contentUrl\":\"https:\/\/kapitalis.com\/tunisie\/wp-content\/uploads\/2022\/05\/Kapitalis-big-size.png\",\"width\":5000,\"height\":1500,\"caption\":\"Kapitalis\"},\"image\":{\"@id\":\"https:\/\/kapitalis.com\/tunisie\/#\/schema\/logo\/image\/\"},\"sameAs\":[\"https:\/\/www.facebook.com\/KapitalisInfo\/\",\"https:\/\/x.com\/KapitalisInfo\",\"https:\/\/www.youtube.com\/channel\/UC-yDYrHyfFBWWZaOw3FPg9Q\"]},{\"@type\":\"Person\",\"@id\":\"https:\/\/kapitalis.com\/tunisie\/#\/schema\/person\/2c6e134b2f3369dffcd1daf5f087d28b\",\"name\":\"emna benabdallah\",\"url\":\"https:\/\/kapitalis.com\/tunisie\/author\/emna\/\"}]}<\/script>\n<!-- \/ Yoast SEO plugin. -->","yoast_head_json":{"title":"Crise \u00e0 l'\u00e9ducation : Le coup de gueule d'une lyc\u00e9enne contre Yaacoubi (Vid\u00e9o) - Kapitalis","robots":{"index":"index","follow":"follow","max-snippet":"max-snippet:-1","max-image-preview":"max-image-preview:large","max-video-preview":"max-video-preview:-1"},"canonical":"https:\/\/kapitalis.com\/tunisie\/2019\/01\/29\/crise-a-leducation-le-coup-de-gueule-dune-lyceenne-contre-yaacoubi-video\/","og_locale":"fr_FR","og_type":"article","og_title":"Crise \u00e0 l'\u00e9ducation : Le coup de gueule d'une lyc\u00e9enne contre Yaacoubi (Vid\u00e9o) - Kapitalis","og_description":"Meriem, inscrite en 2e ann\u00e9e secondaire \u00e0 Ben Arous, a pouss\u00e9 un coup de gueule contre Lassaad Yaacoubi, secr\u00e9taire g\u00e9n\u00e9ral de la F\u00e9d\u00e9ration g\u00e9n\u00e9rale de l&rsquo;enseignement secondaire (FGES), l&rsquo;un des responsables de la crise \u00e0 l&rsquo;\u00e9ducation qui dure depuis plusieurs semaines.","og_url":"https:\/\/kapitalis.com\/tunisie\/2019\/01\/29\/crise-a-leducation-le-coup-de-gueule-dune-lyceenne-contre-yaacoubi-video\/","og_site_name":"Kapitalis","article_publisher":"https:\/\/www.facebook.com\/KapitalisInfo\/","article_published_time":"2019-01-29T15:46:59+00:00","article_modified_time":"2019-01-29T15:49:23+00:00","og_image":[{"width":1200,"height":630,"url":"https:\/\/kapitalis.com\/tunisie\/wp-content\/uploads\/2022\/05\/kapitalis-logo-fb.png","type":"image\/png"}],"author":"emna benabdallah","twitter_card":"summary_large_image","twitter_creator":"@KapitalisInfo","twitter_site":"@KapitalisInfo","twitter_misc":{"\u00c9crit par":"emna benabdallah","Dur\u00e9e de lecture estim\u00e9e":"1 minute"},"schema":{"@context":"https:\/\/schema.org","@graph":[{"@type":"Article","@id":"https:\/\/kapitalis.com\/tunisie\/2019\/01\/29\/crise-a-leducation-le-coup-de-gueule-dune-lyceenne-contre-yaacoubi-video\/#article","isPartOf":{"@id":"https:\/\/kapitalis.com\/tunisie\/2019\/01\/29\/crise-a-leducation-le-coup-de-gueule-dune-lyceenne-contre-yaacoubi-video\/"},"author":{"name":"emna benabdallah","@id":"https:\/\/kapitalis.com\/tunisie\/#\/schema\/person\/2c6e134b2f3369dffcd1daf5f087d28b"},"headline":"Crise \u00e0 l&rsquo;\u00e9ducation : Le coup de gueule d&rsquo;une lyc\u00e9enne contre Yaacoubi (Vid\u00e9o)","datePublished":"2019-01-29T15:46:59+00:00","dateModified":"2019-01-29T15:49:23+00:00","mainEntityOfPage":{"@id":"https:\/\/kapitalis.com\/tunisie\/2019\/01\/29\/crise-a-leducation-le-coup-de-gueule-dune-lyceenne-contre-yaacoubi-video\/"},"wordCount":251,"commentCount":1,"publisher":{"@id":"https:\/\/kapitalis.com\/tunisie\/#organization"},"image":{"@id":"https:\/\/kapitalis.com\/tunisie\/2019\/01\/29\/crise-a-leducation-le-coup-de-gueule-dune-lyceenne-contre-yaacoubi-video\/#primaryimage"},"thumbnailUrl":"","keywords":["Ben Arous","boycott","\u00e9ducation","examen","Lassa\u00e2d Ya\u00e2coubi"],"articleSection":["SOCIETE","Tunisie","VIDEOS"],"inLanguage":"fr-FR","potentialAction":[{"@type":"CommentAction","name":"Comment","target":["https:\/\/kapitalis.com\/tunisie\/2019\/01\/29\/crise-a-leducation-le-coup-de-gueule-dune-lyceenne-contre-yaacoubi-video\/#respond"]}]},{"@type":"WebPage","@id":"https:\/\/kapitalis.com\/tunisie\/2019\/01\/29\/crise-a-leducation-le-coup-de-gueule-dune-lyceenne-contre-yaacoubi-video\/","url":"https:\/\/kapitalis.com\/tunisie\/2019\/01\/29\/crise-a-leducation-le-coup-de-gueule-dune-lyceenne-contre-yaacoubi-video\/","name":"Crise \u00e0 l'\u00e9ducation : Le coup de gueule d'une lyc\u00e9enne contre Yaacoubi (Vid\u00e9o) - Kapitalis","isPartOf":{"@id":"https:\/\/kapitalis.com\/tunisie\/#website"},"primaryImageOfPage":{"@id":"https:\/\/kapitalis.com\/tunisie\/2019\/01\/29\/crise-a-leducation-le-coup-de-gueule-dune-lyceenne-contre-yaacoubi-video\/#primaryimage"},"image":{"@id":"https:\/\/kapitalis.com\/tunisie\/2019\/01\/29\/crise-a-leducation-le-coup-de-gueule-dune-lyceenne-contre-yaacoubi-video\/#primaryimage"},"thumbnailUrl":"","datePublished":"2019-01-29T15:46:59+00:00","dateModified":"2019-01-29T15:49:23+00:00","breadcrumb":{"@id":"https:\/\/kapitalis.com\/tunisie\/2019\/01\/29\/crise-a-leducation-le-coup-de-gueule-dune-lyceenne-contre-yaacoubi-video\/#breadcrumb"},"inLanguage":"fr-FR","potentialAction":[{"@type":"ReadAction","target":["https:\/\/kapitalis.com\/tunisie\/2019\/01\/29\/crise-a-leducation-le-coup-de-gueule-dune-lyceenne-contre-yaacoubi-video\/"]}]},{"@type":"ImageObject","inLanguage":"fr-FR","@id":"https:\/\/kapitalis.com\/tunisie\/2019\/01\/29\/crise-a-leducation-le-coup-de-gueule-dune-lyceenne-contre-yaacoubi-video\/#primaryimage","url":"","contentUrl":""},{"@type":"BreadcrumbList","@id":"https:\/\/kapitalis.com\/tunisie\/2019\/01\/29\/crise-a-leducation-le-coup-de-gueule-dune-lyceenne-contre-yaacoubi-video\/#breadcrumb","itemListElement":[{"@type":"ListItem","position":1,"name":"Accueil","item":"https:\/\/kapitalis.com\/tunisie\/"},{"@type":"ListItem","position":2,"name":"Crise \u00e0 l&rsquo;\u00e9ducation : Le coup de gueule d&rsquo;une lyc\u00e9enne contre Yaacoubi (Vid\u00e9o)"}]},{"@type":"WebSite","@id":"https:\/\/kapitalis.com\/tunisie\/#website","url":"https:\/\/kapitalis.com\/tunisie\/","name":"Kapitalis","description":"L&#039;actualit\u00e9 en Tunisie et dans le monde","publisher":{"@id":"https:\/\/kapitalis.com\/tunisie\/#organization"},"potentialAction":[{"@type":"SearchAction","target":{"@type":"EntryPoint","urlTemplate":"https:\/\/kapitalis.com\/tunisie\/?s={search_term_string}"},"query-input":{"@type":"PropertyValueSpecification","valueRequired":true,"valueName":"search_term_string"}}],"inLanguage":"fr-FR"},{"@type":"Organization","@id":"https:\/\/kapitalis.com\/tunisie\/#organization","name":"Kapitalis","url":"https:\/\/kapitalis.com\/tunisie\/","logo":{"@type":"ImageObject","inLanguage":"fr-FR","@id":"https:\/\/kapitalis.com\/tunisie\/#\/schema\/logo\/image\/","url":"https:\/\/kapitalis.com\/tunisie\/wp-content\/uploads\/2022\/05\/Kapitalis-big-size.png","contentUrl":"https:\/\/kapitalis.com\/tunisie\/wp-content\/uploads\/2022\/05\/Kapitalis-big-size.png","width":5000,"height":1500,"caption":"Kapitalis"},"image":{"@id":"https:\/\/kapitalis.com\/tunisie\/#\/schema\/logo\/image\/"},"sameAs":["https:\/\/www.facebook.com\/KapitalisInfo\/","https:\/\/x.com\/KapitalisInfo","https:\/\/www.youtube.com\/channel\/UC-yDYrHyfFBWWZaOw3FPg9Q"]},{"@type":"Person","@id":"https:\/\/kapitalis.com\/tunisie\/#\/schema\/person\/2c6e134b2f3369dffcd1daf5f087d28b","name":"emna benabdallah","url":"https:\/\/kapitalis.com\/tunisie\/author\/emna\/"}]}},"_links":{"self":[{"href":"https:\/\/kapitalis.com\/tunisie\/wp-json\/wp\/v2\/posts\/195556","targetHints":{"allow":["GET"]}}],"collection":[{"href":"https:\/\/kapitalis.com\/tunisie\/wp-json\/wp\/v2\/posts"}],"about":[{"href":"https:\/\/kapitalis.com\/tunisie\/wp-json\/wp\/v2\/types\/post"}],"author":[{"embeddable":true,"href":"https:\/\/kapitalis.com\/tunisie\/wp-json\/wp\/v2\/users\/16"}],"replies":[{"embeddable":true,"href":"https:\/\/kapitalis.com\/tunisie\/wp-json\/wp\/v2\/comments?post=195556"}],"version-history":[{"count":0,"href":"https:\/\/kapitalis.com\/tunisie\/wp-json\/wp\/v2\/posts\/195556\/revisions"}],"wp:featuredmedia":[{"embeddable":true,"href":"https:\/\/kapitalis.com\/tunisie\/wp-json\/wp\/v2\/media\/195562"}],"wp:attachment":[{"href":"https:\/\/kapitalis.com\/tunisie\/wp-json\/wp\/v2\/media?parent=195556"}],"wp:term":[{"taxonomy":"category","embeddable":true,"href":"https:\/\/kapitalis.com\/tunisie\/wp-json\/wp\/v2\/categories?post=195556"},{"taxonomy":"post_tag","embeddable":true,"href":"https:\/\/kapitalis.com\/tunisie\/wp-json\/wp\/v2\/tags?post=195556"}],"curies":[{"name":"wp","href":"https:\/\/api.w.org\/{rel}","templated":true}]}}