{"id":19556560,"date":"2026-09-02T13:43:11","date_gmt":"2026-09-02T12:43:11","guid":{"rendered":"https:\/\/kapitalis.com\/tunisie\/?p=19556560"},"modified":"2026-09-02T13:43:13","modified_gmt":"2026-09-02T12:43:13","slug":"tunisie-lamt-denonce-la-suspension-de-magistrats-et-leur-privation-de-salaire","status":"publish","type":"post","link":"https:\/\/kapitalis.com\/tunisie\/2026\/09\/02\/tunisie-lamt-denonce-la-suspension-de-magistrats-et-leur-privation-de-salaire\/","title":{"rendered":"Tunisie | L\u2019AMT d\u00e9nonce la suspension de magistrats et leur privation de salaire"},"content":{"rendered":"\n<p class=\"wp-block-paragraph\"><strong><em>Le bureau ex\u00e9cutif de l\u2019Association des magistrats tunisiens (AMT) a d\u00e9nonc\u00e9, dans un <a href=\"https:\/\/www.facebook.com\/photo\/?fbid=1359899066260127&amp;set=pcb.1359810612935639\" target=\"_blank\" rel=\"noreferrer noopener\">communiqu\u00e9<\/a> publi\u00e9 ce mercredi 2 septembre 2026, la multiplication des d\u00e9cisions de suspension de magistrats de leurs fonctions, assorties d\u2019une privation de salaire et sans limitation de dur\u00e9e. \u00abLes d\u00e9cisions prises par la ministre de la Justice de suspendre les magistrats sont nulles, faute de fondement juridique l\u2019y autorisant\u00bb, souligne l\u2019AMT.<\/em><\/strong><\/p>\n\n\n\n<!--more-->\n\n\n\n<p class=\"wp-block-paragraph\">L\u2019association professionnelle des juges, qui a toujours d\u00e9fendu l\u2019ind\u00e9pendance de la justice, a aussi alert\u00e9 l\u2019opinion publique sur le fait que <em>\u00abla volont\u00e9 d\u00e9lib\u00e9r\u00e9e du pouvoir ex\u00e9cutif d\u2019imposer un vide institutionnel au sein du pouvoir judiciaire \u2014 que ce soit par la dissolution du Conseil sup\u00e9rieur de la magistrature (CSM) permanent ou par le gel du CSM provisoire \u2014 lui a permis d\u2019exploiter ce vide pour cibler les magistrats par des d\u00e9cisions de suspension, sans renvoi devant le conseil de discipline ni divulgation des griefs qui leur sont reproch\u00e9s\u00bb<\/em>.<\/p>\n\n\n\n<p class=\"wp-block-paragraph\">L\u2019association a exig\u00e9 l\u2019annulation imm\u00e9diate des d\u00e9cisions prises par le pouvoir ex\u00e9cutif de suspendre des magistrats de leurs fonctions, ainsi que la r\u00e9int\u00e9gration imm\u00e9diate de ces derniers, le r\u00e9tablissement du versement de leurs salaires et la restitution de leurs droits.<\/p>\n\n\n\n<p class=\"wp-block-paragraph\">L\u2019AMT a appel\u00e9, dans le m\u00eame communiqu\u00e9, le pouvoir ex\u00e9cutif, \u00e0 <em>\u00abmettre fin imm\u00e9diatement \u00e0 sa mainmise sur le pouvoir judiciaire, \u00e0 sa prise en otage de ce dernier et \u00e0 l\u2019atteinte \u00e0 son ind\u00e9pendance\u00bb<\/em>.<\/p>\n\n\n\n<p class=\"wp-block-paragraph\">Le pouvoir ex\u00e9cutif ne doit plus maintenir des magistrats dans une situation de suspension \u00e0 dur\u00e9e ind\u00e9termin\u00e9e, a soulign\u00e9 l\u2019AMT, tout en exhortant ce dernier, \u00e9galement, \u00e0 ne pas utiliser la suspension et la privation de salaire comme moyens de pression ou de sanction \u00e0 l\u2019encontre des magistrats avant que leur responsabilit\u00e9 ne soit \u00e9tablie, et \u00e0 garantir leur droit \u00e0 la d\u00e9fense, l\u2019acc\u00e8s \u00e0 leurs dossiers ainsi que la possibilit\u00e9 de faire r\u00e9viser la d\u00e9cision par une instance ind\u00e9pendante, conform\u00e9ment aux normes internationales.<\/p>\n\n\n\n<p class=\"wp-block-paragraph\">L\u2019AMT a, par ailleurs, appel\u00e9 \u00e0 la reprise des activit\u00e9s du CSM \u2014 en particulier celles du Conseil de la justice judiciaire \u2014 ainsi qu\u2019\u00e0 la mise en place de la Cour constitutionnelle. Elle a \u00e9galement r\u00e9clam\u00e9 la garantie d\u2019un CSM ind\u00e9pendant et \u00e9lu, g\u00e9rant seul les carri\u00e8res et les proc\u00e9dures disciplinaires des magistrats en toute ind\u00e9pendance vis-\u00e0-vis du pouvoir ex\u00e9cutif, tout en r\u00e9it\u00e9rant l\u2019appel au respect des engagements internationaux de la Tunisie concernant l\u2019ind\u00e9pendance de la justice et le droit \u00e0 un proc\u00e8s \u00e9quitable.<\/p>\n\n\n\n<p class=\"has-text-align-right wp-block-paragraph\"><em>Traduit de l&rsquo;arabe.<\/em><\/p>\n\n\n\n<p class=\"has-text-align-right wp-block-paragraph\"><strong>I. B.<\/strong><\/p>\n","protected":false},"excerpt":{"rendered":"<p>L&rsquo;AMT d\u00e9nonce les d\u00e9cisions de suspension de magistrats de leurs fonctions et leur privation de salaire sans limitation de dur\u00e9e.<\/p>\n","protected":false},"author":8,"featured_media":8182657,"comment_status":"open","ping_status":"open","sticky":false,"template":"","format":"standard","meta":{"footnotes":""},"categories":[997,2433],"tags":[7902,7476,2319,4650,78690,85344,62643],"class_list":["post-19556560","post","type-post","status-publish","format-standard","has-post-thumbnail","hentry","category-politique","category-tunisie","tag-conseil-superieur-de-la-magistrature","tag-cour-constitutionnelle","tag-juges","tag-magistrats","tag-pouvoir-executif","tag-pouvoir-judiciaire","tag-tunisie"],"yoast_head":"<!-- This site is optimized with the Yoast SEO plugin v26.6 - https:\/\/yoast.com\/wordpress\/plugins\/seo\/ -->\n<title>Tunisie | L\u2019AMT d\u00e9nonce la suspension de magistrats et leur privation de salaire - Kapitalis<\/title>\n<meta name=\"description\" content=\"L&#039;AMT d\u00e9nonce les d\u00e9cisions de suspension de magistrats de leurs fonctions et leur privation de salaire sans limitation de dur\u00e9e.\" \/>\n<meta name=\"robots\" content=\"index, follow, max-snippet:-1, max-image-preview:large, max-video-preview:-1\" \/>\n<link rel=\"canonical\" href=\"https:\/\/kapitalis.com\/tunisie\/2026\/09\/02\/tunisie-lamt-denonce-la-suspension-de-magistrats-et-leur-privation-de-salaire\/\" \/>\n<meta property=\"og:locale\" content=\"fr_FR\" \/>\n<meta property=\"og:type\" content=\"article\" \/>\n<meta property=\"og:title\" content=\"Tunisie | L\u2019AMT d\u00e9nonce la suspension de magistrats et leur privation de salaire - Kapitalis\" \/>\n<meta property=\"og:description\" content=\"L&#039;AMT d\u00e9nonce les d\u00e9cisions de suspension de magistrats de leurs fonctions et leur privation de salaire sans limitation de dur\u00e9e.\" \/>\n<meta property=\"og:url\" content=\"https:\/\/kapitalis.com\/tunisie\/2026\/09\/02\/tunisie-lamt-denonce-la-suspension-de-magistrats-et-leur-privation-de-salaire\/\" \/>\n<meta property=\"og:site_name\" content=\"Kapitalis\" \/>\n<meta property=\"article:publisher\" content=\"https:\/\/www.facebook.com\/KapitalisInfo\/\" \/>\n<meta property=\"article:published_time\" content=\"2026-09-02T12:43:11+00:00\" \/>\n<meta property=\"article:modified_time\" content=\"2026-09-02T12:43:13+00:00\" \/>\n<meta property=\"og:image\" content=\"https:\/\/kapitalis.com\/tunisie\/wp-content\/uploads\/2023\/06\/Manif-Magistrats.jpg\" \/>\n\t<meta property=\"og:image:width\" content=\"1200\" \/>\n\t<meta property=\"og:image:height\" content=\"630\" \/>\n\t<meta property=\"og:image:type\" content=\"image\/jpeg\" \/>\n<meta name=\"author\" content=\"webmaster kapitalis\" \/>\n<meta name=\"twitter:card\" content=\"summary_large_image\" \/>\n<meta name=\"twitter:creator\" content=\"@KapitalisInfo\" \/>\n<meta name=\"twitter:site\" content=\"@KapitalisInfo\" \/>\n<meta name=\"twitter:label1\" content=\"\u00c9crit par\" \/>\n\t<meta name=\"twitter:data1\" content=\"webmaster kapitalis\" \/>\n\t<meta name=\"twitter:label2\" content=\"Dur\u00e9e de lecture estim\u00e9e\" \/>\n\t<meta name=\"twitter:data2\" content=\"3 minutes\" \/>\n<script type=\"application\/ld+json\" class=\"yoast-schema-graph\">{\"@context\":\"https:\/\/schema.org\",\"@graph\":[{\"@type\":\"Article\",\"@id\":\"https:\/\/kapitalis.com\/tunisie\/2026\/09\/02\/tunisie-lamt-denonce-la-suspension-de-magistrats-et-leur-privation-de-salaire\/#article\",\"isPartOf\":{\"@id\":\"https:\/\/kapitalis.com\/tunisie\/2026\/09\/02\/tunisie-lamt-denonce-la-suspension-de-magistrats-et-leur-privation-de-salaire\/\"},\"author\":{\"name\":\"webmaster kapitalis\",\"@id\":\"https:\/\/kapitalis.com\/tunisie\/#\/schema\/person\/d71f33a9ca44f7bad4698210b480c8e9\"},\"headline\":\"Tunisie | L\u2019AMT d\u00e9nonce la suspension de magistrats et leur privation de salaire\",\"datePublished\":\"2026-09-02T12:43:11+00:00\",\"dateModified\":\"2026-09-02T12:43:13+00:00\",\"mainEntityOfPage\":{\"@id\":\"https:\/\/kapitalis.com\/tunisie\/2026\/09\/02\/tunisie-lamt-denonce-la-suspension-de-magistrats-et-leur-privation-de-salaire\/\"},\"wordCount\":465,\"commentCount\":0,\"publisher\":{\"@id\":\"https:\/\/kapitalis.com\/tunisie\/#organization\"},\"image\":{\"@id\":\"https:\/\/kapitalis.com\/tunisie\/2026\/09\/02\/tunisie-lamt-denonce-la-suspension-de-magistrats-et-leur-privation-de-salaire\/#primaryimage\"},\"thumbnailUrl\":\"https:\/\/kapitalis.com\/tunisie\/wp-content\/uploads\/2023\/06\/Manif-Magistrats.jpg\",\"keywords\":[\"conseil sup\u00e9rieur de la magistrature\",\"Cour constitutionnelle\",\"juges\",\"magistrats\",\"pouvoir ex\u00e9cutif\",\"pouvoir judiciaire\",\"Tunisie\"],\"articleSection\":[\"POLITIQUE\",\"Tunisie\"],\"inLanguage\":\"fr-FR\",\"potentialAction\":[{\"@type\":\"CommentAction\",\"name\":\"Comment\",\"target\":[\"https:\/\/kapitalis.com\/tunisie\/2026\/09\/02\/tunisie-lamt-denonce-la-suspension-de-magistrats-et-leur-privation-de-salaire\/#respond\"]}]},{\"@type\":\"WebPage\",\"@id\":\"https:\/\/kapitalis.com\/tunisie\/2026\/09\/02\/tunisie-lamt-denonce-la-suspension-de-magistrats-et-leur-privation-de-salaire\/\",\"url\":\"https:\/\/kapitalis.com\/tunisie\/2026\/09\/02\/tunisie-lamt-denonce-la-suspension-de-magistrats-et-leur-privation-de-salaire\/\",\"name\":\"Tunisie | L\u2019AMT d\u00e9nonce la suspension de magistrats et leur privation de salaire - Kapitalis\",\"isPartOf\":{\"@id\":\"https:\/\/kapitalis.com\/tunisie\/#website\"},\"primaryImageOfPage\":{\"@id\":\"https:\/\/kapitalis.com\/tunisie\/2026\/09\/02\/tunisie-lamt-denonce-la-suspension-de-magistrats-et-leur-privation-de-salaire\/#primaryimage\"},\"image\":{\"@id\":\"https:\/\/kapitalis.com\/tunisie\/2026\/09\/02\/tunisie-lamt-denonce-la-suspension-de-magistrats-et-leur-privation-de-salaire\/#primaryimage\"},\"thumbnailUrl\":\"https:\/\/kapitalis.com\/tunisie\/wp-content\/uploads\/2023\/06\/Manif-Magistrats.jpg\",\"datePublished\":\"2026-09-02T12:43:11+00:00\",\"dateModified\":\"2026-09-02T12:43:13+00:00\",\"description\":\"L'AMT d\u00e9nonce les d\u00e9cisions de suspension de magistrats de leurs fonctions et leur privation de salaire sans limitation de dur\u00e9e.\",\"breadcrumb\":{\"@id\":\"https:\/\/kapitalis.com\/tunisie\/2026\/09\/02\/tunisie-lamt-denonce-la-suspension-de-magistrats-et-leur-privation-de-salaire\/#breadcrumb\"},\"inLanguage\":\"fr-FR\",\"potentialAction\":[{\"@type\":\"ReadAction\",\"target\":[\"https:\/\/kapitalis.com\/tunisie\/2026\/09\/02\/tunisie-lamt-denonce-la-suspension-de-magistrats-et-leur-privation-de-salaire\/\"]}]},{\"@type\":\"ImageObject\",\"inLanguage\":\"fr-FR\",\"@id\":\"https:\/\/kapitalis.com\/tunisie\/2026\/09\/02\/tunisie-lamt-denonce-la-suspension-de-magistrats-et-leur-privation-de-salaire\/#primaryimage\",\"url\":\"https:\/\/kapitalis.com\/tunisie\/wp-content\/uploads\/2023\/06\/Manif-Magistrats.jpg\",\"contentUrl\":\"https:\/\/kapitalis.com\/tunisie\/wp-content\/uploads\/2023\/06\/Manif-Magistrats.jpg\",\"width\":1200,\"height\":630},{\"@type\":\"BreadcrumbList\",\"@id\":\"https:\/\/kapitalis.com\/tunisie\/2026\/09\/02\/tunisie-lamt-denonce-la-suspension-de-magistrats-et-leur-privation-de-salaire\/#breadcrumb\",\"itemListElement\":[{\"@type\":\"ListItem\",\"position\":1,\"name\":\"Accueil\",\"item\":\"https:\/\/kapitalis.com\/tunisie\/\"},{\"@type\":\"ListItem\",\"position\":2,\"name\":\"Tunisie | L\u2019AMT d\u00e9nonce la suspension de magistrats et leur privation de salaire\"}]},{\"@type\":\"WebSite\",\"@id\":\"https:\/\/kapitalis.com\/tunisie\/#website\",\"url\":\"https:\/\/kapitalis.com\/tunisie\/\",\"name\":\"Kapitalis\",\"description\":\"L&#039;actualit\u00e9 en Tunisie et dans le monde\",\"publisher\":{\"@id\":\"https:\/\/kapitalis.com\/tunisie\/#organization\"},\"potentialAction\":[{\"@type\":\"SearchAction\",\"target\":{\"@type\":\"EntryPoint\",\"urlTemplate\":\"https:\/\/kapitalis.com\/tunisie\/?s={search_term_string}\"},\"query-input\":{\"@type\":\"PropertyValueSpecification\",\"valueRequired\":true,\"valueName\":\"search_term_string\"}}],\"inLanguage\":\"fr-FR\"},{\"@type\":\"Organization\",\"@id\":\"https:\/\/kapitalis.com\/tunisie\/#organization\",\"name\":\"Kapitalis\",\"url\":\"https:\/\/kapitalis.com\/tunisie\/\",\"logo\":{\"@type\":\"ImageObject\",\"inLanguage\":\"fr-FR\",\"@id\":\"https:\/\/kapitalis.com\/tunisie\/#\/schema\/logo\/image\/\",\"url\":\"https:\/\/kapitalis.com\/tunisie\/wp-content\/uploads\/2022\/05\/Kapitalis-big-size.png\",\"contentUrl\":\"https:\/\/kapitalis.com\/tunisie\/wp-content\/uploads\/2022\/05\/Kapitalis-big-size.png\",\"width\":5000,\"height\":1500,\"caption\":\"Kapitalis\"},\"image\":{\"@id\":\"https:\/\/kapitalis.com\/tunisie\/#\/schema\/logo\/image\/\"},\"sameAs\":[\"https:\/\/www.facebook.com\/KapitalisInfo\/\",\"https:\/\/x.com\/KapitalisInfo\",\"https:\/\/www.youtube.com\/channel\/UC-yDYrHyfFBWWZaOw3FPg9Q\"]},{\"@type\":\"Person\",\"@id\":\"https:\/\/kapitalis.com\/tunisie\/#\/schema\/person\/d71f33a9ca44f7bad4698210b480c8e9\",\"name\":\"webmaster kapitalis\",\"url\":\"https:\/\/kapitalis.com\/tunisie\/author\/webmaster-kapitalis\/\"}]}<\/script>\n<!-- \/ Yoast SEO plugin. -->","yoast_head_json":{"title":"Tunisie | L\u2019AMT d\u00e9nonce la suspension de magistrats et leur privation de salaire - Kapitalis","description":"L'AMT d\u00e9nonce les d\u00e9cisions de suspension de magistrats de leurs fonctions et leur privation de salaire sans limitation de dur\u00e9e.","robots":{"index":"index","follow":"follow","max-snippet":"max-snippet:-1","max-image-preview":"max-image-preview:large","max-video-preview":"max-video-preview:-1"},"canonical":"https:\/\/kapitalis.com\/tunisie\/2026\/09\/02\/tunisie-lamt-denonce-la-suspension-de-magistrats-et-leur-privation-de-salaire\/","og_locale":"fr_FR","og_type":"article","og_title":"Tunisie | L\u2019AMT d\u00e9nonce la suspension de magistrats et leur privation de salaire - Kapitalis","og_description":"L'AMT d\u00e9nonce les d\u00e9cisions de suspension de magistrats de leurs fonctions et leur privation de salaire sans limitation de dur\u00e9e.","og_url":"https:\/\/kapitalis.com\/tunisie\/2026\/09\/02\/tunisie-lamt-denonce-la-suspension-de-magistrats-et-leur-privation-de-salaire\/","og_site_name":"Kapitalis","article_publisher":"https:\/\/www.facebook.com\/KapitalisInfo\/","article_published_time":"2026-09-02T12:43:11+00:00","article_modified_time":"2026-09-02T12:43:13+00:00","og_image":[{"width":1200,"height":630,"url":"https:\/\/kapitalis.com\/tunisie\/wp-content\/uploads\/2023\/06\/Manif-Magistrats.jpg","type":"image\/jpeg"}],"author":"webmaster kapitalis","twitter_card":"summary_large_image","twitter_creator":"@KapitalisInfo","twitter_site":"@KapitalisInfo","twitter_misc":{"\u00c9crit par":"webmaster kapitalis","Dur\u00e9e de lecture estim\u00e9e":"3 minutes"},"schema":{"@context":"https:\/\/schema.org","@graph":[{"@type":"Article","@id":"https:\/\/kapitalis.com\/tunisie\/2026\/09\/02\/tunisie-lamt-denonce-la-suspension-de-magistrats-et-leur-privation-de-salaire\/#article","isPartOf":{"@id":"https:\/\/kapitalis.com\/tunisie\/2026\/09\/02\/tunisie-lamt-denonce-la-suspension-de-magistrats-et-leur-privation-de-salaire\/"},"author":{"name":"webmaster kapitalis","@id":"https:\/\/kapitalis.com\/tunisie\/#\/schema\/person\/d71f33a9ca44f7bad4698210b480c8e9"},"headline":"Tunisie | L\u2019AMT d\u00e9nonce la suspension de magistrats et leur privation de salaire","datePublished":"2026-09-02T12:43:11+00:00","dateModified":"2026-09-02T12:43:13+00:00","mainEntityOfPage":{"@id":"https:\/\/kapitalis.com\/tunisie\/2026\/09\/02\/tunisie-lamt-denonce-la-suspension-de-magistrats-et-leur-privation-de-salaire\/"},"wordCount":465,"commentCount":0,"publisher":{"@id":"https:\/\/kapitalis.com\/tunisie\/#organization"},"image":{"@id":"https:\/\/kapitalis.com\/tunisie\/2026\/09\/02\/tunisie-lamt-denonce-la-suspension-de-magistrats-et-leur-privation-de-salaire\/#primaryimage"},"thumbnailUrl":"https:\/\/kapitalis.com\/tunisie\/wp-content\/uploads\/2023\/06\/Manif-Magistrats.jpg","keywords":["conseil sup\u00e9rieur de la magistrature","Cour constitutionnelle","juges","magistrats","pouvoir ex\u00e9cutif","pouvoir judiciaire","Tunisie"],"articleSection":["POLITIQUE","Tunisie"],"inLanguage":"fr-FR","potentialAction":[{"@type":"CommentAction","name":"Comment","target":["https:\/\/kapitalis.com\/tunisie\/2026\/09\/02\/tunisie-lamt-denonce-la-suspension-de-magistrats-et-leur-privation-de-salaire\/#respond"]}]},{"@type":"WebPage","@id":"https:\/\/kapitalis.com\/tunisie\/2026\/09\/02\/tunisie-lamt-denonce-la-suspension-de-magistrats-et-leur-privation-de-salaire\/","url":"https:\/\/kapitalis.com\/tunisie\/2026\/09\/02\/tunisie-lamt-denonce-la-suspension-de-magistrats-et-leur-privation-de-salaire\/","name":"Tunisie | L\u2019AMT d\u00e9nonce la suspension de magistrats et leur privation de salaire - Kapitalis","isPartOf":{"@id":"https:\/\/kapitalis.com\/tunisie\/#website"},"primaryImageOfPage":{"@id":"https:\/\/kapitalis.com\/tunisie\/2026\/09\/02\/tunisie-lamt-denonce-la-suspension-de-magistrats-et-leur-privation-de-salaire\/#primaryimage"},"image":{"@id":"https:\/\/kapitalis.com\/tunisie\/2026\/09\/02\/tunisie-lamt-denonce-la-suspension-de-magistrats-et-leur-privation-de-salaire\/#primaryimage"},"thumbnailUrl":"https:\/\/kapitalis.com\/tunisie\/wp-content\/uploads\/2023\/06\/Manif-Magistrats.jpg","datePublished":"2026-09-02T12:43:11+00:00","dateModified":"2026-09-02T12:43:13+00:00","description":"L'AMT d\u00e9nonce les d\u00e9cisions de suspension de magistrats de leurs fonctions et leur privation de salaire sans limitation de dur\u00e9e.","breadcrumb":{"@id":"https:\/\/kapitalis.com\/tunisie\/2026\/09\/02\/tunisie-lamt-denonce-la-suspension-de-magistrats-et-leur-privation-de-salaire\/#breadcrumb"},"inLanguage":"fr-FR","potentialAction":[{"@type":"ReadAction","target":["https:\/\/kapitalis.com\/tunisie\/2026\/09\/02\/tunisie-lamt-denonce-la-suspension-de-magistrats-et-leur-privation-de-salaire\/"]}]},{"@type":"ImageObject","inLanguage":"fr-FR","@id":"https:\/\/kapitalis.com\/tunisie\/2026\/09\/02\/tunisie-lamt-denonce-la-suspension-de-magistrats-et-leur-privation-de-salaire\/#primaryimage","url":"https:\/\/kapitalis.com\/tunisie\/wp-content\/uploads\/2023\/06\/Manif-Magistrats.jpg","contentUrl":"https:\/\/kapitalis.com\/tunisie\/wp-content\/uploads\/2023\/06\/Manif-Magistrats.jpg","width":1200,"height":630},{"@type":"BreadcrumbList","@id":"https:\/\/kapitalis.com\/tunisie\/2026\/09\/02\/tunisie-lamt-denonce-la-suspension-de-magistrats-et-leur-privation-de-salaire\/#breadcrumb","itemListElement":[{"@type":"ListItem","position":1,"name":"Accueil","item":"https:\/\/kapitalis.com\/tunisie\/"},{"@type":"ListItem","position":2,"name":"Tunisie | L\u2019AMT d\u00e9nonce la suspension de magistrats et leur privation de salaire"}]},{"@type":"WebSite","@id":"https:\/\/kapitalis.com\/tunisie\/#website","url":"https:\/\/kapitalis.com\/tunisie\/","name":"Kapitalis","description":"L&#039;actualit\u00e9 en Tunisie et dans le monde","publisher":{"@id":"https:\/\/kapitalis.com\/tunisie\/#organization"},"potentialAction":[{"@type":"SearchAction","target":{"@type":"EntryPoint","urlTemplate":"https:\/\/kapitalis.com\/tunisie\/?s={search_term_string}"},"query-input":{"@type":"PropertyValueSpecification","valueRequired":true,"valueName":"search_term_string"}}],"inLanguage":"fr-FR"},{"@type":"Organization","@id":"https:\/\/kapitalis.com\/tunisie\/#organization","name":"Kapitalis","url":"https:\/\/kapitalis.com\/tunisie\/","logo":{"@type":"ImageObject","inLanguage":"fr-FR","@id":"https:\/\/kapitalis.com\/tunisie\/#\/schema\/logo\/image\/","url":"https:\/\/kapitalis.com\/tunisie\/wp-content\/uploads\/2022\/05\/Kapitalis-big-size.png","contentUrl":"https:\/\/kapitalis.com\/tunisie\/wp-content\/uploads\/2022\/05\/Kapitalis-big-size.png","width":5000,"height":1500,"caption":"Kapitalis"},"image":{"@id":"https:\/\/kapitalis.com\/tunisie\/#\/schema\/logo\/image\/"},"sameAs":["https:\/\/www.facebook.com\/KapitalisInfo\/","https:\/\/x.com\/KapitalisInfo","https:\/\/www.youtube.com\/channel\/UC-yDYrHyfFBWWZaOw3FPg9Q"]},{"@type":"Person","@id":"https:\/\/kapitalis.com\/tunisie\/#\/schema\/person\/d71f33a9ca44f7bad4698210b480c8e9","name":"webmaster kapitalis","url":"https:\/\/kapitalis.com\/tunisie\/author\/webmaster-kapitalis\/"}]}},"_links":{"self":[{"href":"https:\/\/kapitalis.com\/tunisie\/wp-json\/wp\/v2\/posts\/19556560","targetHints":{"allow":["GET"]}}],"collection":[{"href":"https:\/\/kapitalis.com\/tunisie\/wp-json\/wp\/v2\/posts"}],"about":[{"href":"https:\/\/kapitalis.com\/tunisie\/wp-json\/wp\/v2\/types\/post"}],"author":[{"embeddable":true,"href":"https:\/\/kapitalis.com\/tunisie\/wp-json\/wp\/v2\/users\/8"}],"replies":[{"embeddable":true,"href":"https:\/\/kapitalis.com\/tunisie\/wp-json\/wp\/v2\/comments?post=19556560"}],"version-history":[{"count":1,"href":"https:\/\/kapitalis.com\/tunisie\/wp-json\/wp\/v2\/posts\/19556560\/revisions"}],"predecessor-version":[{"id":19556670,"href":"https:\/\/kapitalis.com\/tunisie\/wp-json\/wp\/v2\/posts\/19556560\/revisions\/19556670"}],"wp:featuredmedia":[{"embeddable":true,"href":"https:\/\/kapitalis.com\/tunisie\/wp-json\/wp\/v2\/media\/8182657"}],"wp:attachment":[{"href":"https:\/\/kapitalis.com\/tunisie\/wp-json\/wp\/v2\/media?parent=19556560"}],"wp:term":[{"taxonomy":"category","embeddable":true,"href":"https:\/\/kapitalis.com\/tunisie\/wp-json\/wp\/v2\/categories?post=19556560"},{"taxonomy":"post_tag","embeddable":true,"href":"https:\/\/kapitalis.com\/tunisie\/wp-json\/wp\/v2\/tags?post=19556560"}],"curies":[{"name":"wp","href":"https:\/\/api.w.org\/{rel}","templated":true}]}}