{"id":19560263,"date":"2026-09-02T20:28:50","date_gmt":"2026-09-02T19:28:50","guid":{"rendered":"https:\/\/kapitalis.com\/tunisie\/?p=19560263"},"modified":"2026-09-02T20:52:58","modified_gmt":"2026-09-02T19:52:58","slug":"jardins-denfants-publics-inclusifs-inscriptions-ouvertes-pour-lannee-2026-2027","status":"publish","type":"post","link":"https:\/\/kapitalis.com\/tunisie\/2026\/09\/02\/jardins-denfants-publics-inclusifs-inscriptions-ouvertes-pour-lannee-2026-2027\/","title":{"rendered":"Jardins d&rsquo;enfants publics inclusifs | Inscriptions ouvertes pour l&rsquo;ann\u00e9e 2026-2027"},"content":{"rendered":"\n<p class=\"wp-block-paragraph\"><em><strong>\u200bLe minist\u00e8re de la Famille, de la Femme, de l&rsquo;Enfance et des Personnes \u00e2g\u00e9es a annonc\u00e9 l&rsquo;ouverture des inscriptions pour la nouvelle ann\u00e9e \u00e9ducative \u00e0 partir du mercredi 2 septembre 2026.<\/strong><\/em><\/p>\n\n\n\n<!--more-->\n\n\n\n<p class=\"wp-block-paragraph\">La rentr\u00e9e officielle dans ces \u00e9tablissements est fix\u00e9e au mardi 15 septembre 2026, pr\u00e9cise le minist\u00e8re, en appelant les parents souhaitant inscrire leurs enfants \u00e0 se rendre aupr\u00e8s des commissariats r\u00e9gionaux charg\u00e9s des affaires de la femme et de la famille pendant les horaires administratifs.<\/p>\n\n\n\n<p class=\"wp-block-paragraph\">La m\u00eame source a \u00e9galement pr\u00e9sent\u00e9 la grille tarifaire qui s&rsquo;\u00e9tablit comme suit :<\/p>\n\n\n\n<ul class=\"wp-block-list\">\n<li>\u200bFrais d&rsquo;inscription annuelle : 30 DT<\/li>\n\n\n\n<li>\u200bCotisation mensuelle : 50 DT<\/li>\n\n\n\n<li>\u200bAssurance par enfant : 5 DT<\/li>\n<\/ul>\n\n\n\n<p class=\"wp-block-paragraph\">\u200bNotons que l&rsquo;acc\u00e8s est toutefois totalement gratuit pour enfants issus de familles pauvres ou \u00e0 faible revenu, les enfants sans soutien familial, ceux en situation de handicap,  les enfants porteurs de troubles du spectre de l&rsquo;autisme ainsu que les b\u00e9n\u00e9ficiaires du programme national de promotion de la petite enfance.<\/p>\n\n\n\n<p class=\"wp-block-paragraph\">\u200bLa liste compl\u00e8te des jardins d&rsquo;enfants publics inclusifs concern\u00e9s est consultable via le <a href=\"https:\/\/tinyurl.com\/4htw58jn\">lien<\/a> mis \u00e0 disposition par le minist\u00e8re.<\/p>\n\n\n\n<p class=\"has-text-align-right wp-block-paragraph\"><strong>Y. N.<\/strong><\/p>\n","protected":false},"excerpt":{"rendered":"<p>\u200bLe minist\u00e8re de la Famille, de la Femme, de l&rsquo;Enfance et des Personnes \u00e2g\u00e9es a annonc\u00e9 l&rsquo;ouverture des inscriptions pour la nouvelle ann\u00e9e \u00e9ducative \u00e0 partir du mercredi 2 septembre 2026.<\/p>\n","protected":false},"author":6,"featured_media":17301731,"comment_status":"open","ping_status":"open","sticky":false,"template":"","format":"standard","meta":{"footnotes":""},"categories":[998,2433],"tags":[16245,12353,6068,6631,98420,62643],"class_list":["post-19560263","post","type-post","status-publish","format-standard","has-post-thumbnail","hentry","category-societe","category-tunisie","tag-autisme","tag-handicap","tag-inscriptions","tag-jardins-denfants","tag-petite-enfance","tag-tunisie"],"yoast_head":"<!-- This site is optimized with the Yoast SEO plugin v26.6 - https:\/\/yoast.com\/wordpress\/plugins\/seo\/ -->\n<title>Jardins d&#039;enfants publics inclusifs | Inscriptions ouvertes pour l&#039;ann\u00e9e 2026-2027 - Kapitalis<\/title>\n<meta name=\"robots\" content=\"index, follow, max-snippet:-1, max-image-preview:large, max-video-preview:-1\" \/>\n<link rel=\"canonical\" href=\"https:\/\/kapitalis.com\/tunisie\/2026\/09\/02\/jardins-denfants-publics-inclusifs-inscriptions-ouvertes-pour-lannee-2026-2027\/\" \/>\n<meta property=\"og:locale\" content=\"fr_FR\" \/>\n<meta property=\"og:type\" content=\"article\" \/>\n<meta property=\"og:title\" content=\"Jardins d&#039;enfants publics inclusifs | Inscriptions ouvertes pour l&#039;ann\u00e9e 2026-2027 - Kapitalis\" \/>\n<meta property=\"og:description\" content=\"\u200bLe minist\u00e8re de la Famille, de la Femme, de l&rsquo;Enfance et des Personnes \u00e2g\u00e9es a annonc\u00e9 l&rsquo;ouverture des inscriptions pour la nouvelle ann\u00e9e \u00e9ducative \u00e0 partir du mercredi 2 septembre 2026.\" \/>\n<meta property=\"og:url\" content=\"https:\/\/kapitalis.com\/tunisie\/2026\/09\/02\/jardins-denfants-publics-inclusifs-inscriptions-ouvertes-pour-lannee-2026-2027\/\" \/>\n<meta property=\"og:site_name\" content=\"Kapitalis\" \/>\n<meta property=\"article:publisher\" content=\"https:\/\/www.facebook.com\/KapitalisInfo\/\" \/>\n<meta property=\"article:published_time\" content=\"2026-09-02T19:28:50+00:00\" \/>\n<meta property=\"article:modified_time\" content=\"2026-09-02T19:52:58+00:00\" \/>\n<meta property=\"og:image\" content=\"https:\/\/kapitalis.com\/tunisie\/wp-content\/uploads\/2025\/08\/enfants-autisme.jpg\" \/>\n\t<meta property=\"og:image:width\" content=\"1200\" \/>\n\t<meta property=\"og:image:height\" content=\"630\" \/>\n\t<meta property=\"og:image:type\" content=\"image\/jpeg\" \/>\n<meta name=\"author\" content=\"Yusra NY\" \/>\n<meta name=\"twitter:card\" content=\"summary_large_image\" \/>\n<meta name=\"twitter:creator\" content=\"@KapitalisInfo\" \/>\n<meta name=\"twitter:site\" content=\"@KapitalisInfo\" \/>\n<meta name=\"twitter:label1\" content=\"\u00c9crit par\" \/>\n\t<meta name=\"twitter:data1\" content=\"Yusra NY\" \/>\n\t<meta name=\"twitter:label2\" content=\"Dur\u00e9e de lecture estim\u00e9e\" \/>\n\t<meta name=\"twitter:data2\" content=\"2 minutes\" \/>\n<script type=\"application\/ld+json\" class=\"yoast-schema-graph\">{\"@context\":\"https:\/\/schema.org\",\"@graph\":[{\"@type\":\"Article\",\"@id\":\"https:\/\/kapitalis.com\/tunisie\/2026\/09\/02\/jardins-denfants-publics-inclusifs-inscriptions-ouvertes-pour-lannee-2026-2027\/#article\",\"isPartOf\":{\"@id\":\"https:\/\/kapitalis.com\/tunisie\/2026\/09\/02\/jardins-denfants-publics-inclusifs-inscriptions-ouvertes-pour-lannee-2026-2027\/\"},\"author\":{\"name\":\"Yusra NY\",\"@id\":\"https:\/\/kapitalis.com\/tunisie\/#\/schema\/person\/74bbde0154d49d790a92aaeac5bc01d5\"},\"headline\":\"Jardins d&rsquo;enfants publics inclusifs | Inscriptions ouvertes pour l&rsquo;ann\u00e9e 2026-2027\",\"datePublished\":\"2026-09-02T19:28:50+00:00\",\"dateModified\":\"2026-09-02T19:52:58+00:00\",\"mainEntityOfPage\":{\"@id\":\"https:\/\/kapitalis.com\/tunisie\/2026\/09\/02\/jardins-denfants-publics-inclusifs-inscriptions-ouvertes-pour-lannee-2026-2027\/\"},\"wordCount\":192,\"commentCount\":0,\"publisher\":{\"@id\":\"https:\/\/kapitalis.com\/tunisie\/#organization\"},\"image\":{\"@id\":\"https:\/\/kapitalis.com\/tunisie\/2026\/09\/02\/jardins-denfants-publics-inclusifs-inscriptions-ouvertes-pour-lannee-2026-2027\/#primaryimage\"},\"thumbnailUrl\":\"https:\/\/kapitalis.com\/tunisie\/wp-content\/uploads\/2025\/08\/enfants-autisme.jpg\",\"keywords\":[\"autisme\",\"handicap\",\"inscriptions\",\"jardins d'enfants\",\"petite enfance\",\"Tunisie\"],\"articleSection\":[\"SOCIETE\",\"Tunisie\"],\"inLanguage\":\"fr-FR\",\"potentialAction\":[{\"@type\":\"CommentAction\",\"name\":\"Comment\",\"target\":[\"https:\/\/kapitalis.com\/tunisie\/2026\/09\/02\/jardins-denfants-publics-inclusifs-inscriptions-ouvertes-pour-lannee-2026-2027\/#respond\"]}]},{\"@type\":\"WebPage\",\"@id\":\"https:\/\/kapitalis.com\/tunisie\/2026\/09\/02\/jardins-denfants-publics-inclusifs-inscriptions-ouvertes-pour-lannee-2026-2027\/\",\"url\":\"https:\/\/kapitalis.com\/tunisie\/2026\/09\/02\/jardins-denfants-publics-inclusifs-inscriptions-ouvertes-pour-lannee-2026-2027\/\",\"name\":\"Jardins d'enfants publics inclusifs | Inscriptions ouvertes pour l'ann\u00e9e 2026-2027 - Kapitalis\",\"isPartOf\":{\"@id\":\"https:\/\/kapitalis.com\/tunisie\/#website\"},\"primaryImageOfPage\":{\"@id\":\"https:\/\/kapitalis.com\/tunisie\/2026\/09\/02\/jardins-denfants-publics-inclusifs-inscriptions-ouvertes-pour-lannee-2026-2027\/#primaryimage\"},\"image\":{\"@id\":\"https:\/\/kapitalis.com\/tunisie\/2026\/09\/02\/jardins-denfants-publics-inclusifs-inscriptions-ouvertes-pour-lannee-2026-2027\/#primaryimage\"},\"thumbnailUrl\":\"https:\/\/kapitalis.com\/tunisie\/wp-content\/uploads\/2025\/08\/enfants-autisme.jpg\",\"datePublished\":\"2026-09-02T19:28:50+00:00\",\"dateModified\":\"2026-09-02T19:52:58+00:00\",\"breadcrumb\":{\"@id\":\"https:\/\/kapitalis.com\/tunisie\/2026\/09\/02\/jardins-denfants-publics-inclusifs-inscriptions-ouvertes-pour-lannee-2026-2027\/#breadcrumb\"},\"inLanguage\":\"fr-FR\",\"potentialAction\":[{\"@type\":\"ReadAction\",\"target\":[\"https:\/\/kapitalis.com\/tunisie\/2026\/09\/02\/jardins-denfants-publics-inclusifs-inscriptions-ouvertes-pour-lannee-2026-2027\/\"]}]},{\"@type\":\"ImageObject\",\"inLanguage\":\"fr-FR\",\"@id\":\"https:\/\/kapitalis.com\/tunisie\/2026\/09\/02\/jardins-denfants-publics-inclusifs-inscriptions-ouvertes-pour-lannee-2026-2027\/#primaryimage\",\"url\":\"https:\/\/kapitalis.com\/tunisie\/wp-content\/uploads\/2025\/08\/enfants-autisme.jpg\",\"contentUrl\":\"https:\/\/kapitalis.com\/tunisie\/wp-content\/uploads\/2025\/08\/enfants-autisme.jpg\",\"width\":1200,\"height\":630},{\"@type\":\"BreadcrumbList\",\"@id\":\"https:\/\/kapitalis.com\/tunisie\/2026\/09\/02\/jardins-denfants-publics-inclusifs-inscriptions-ouvertes-pour-lannee-2026-2027\/#breadcrumb\",\"itemListElement\":[{\"@type\":\"ListItem\",\"position\":1,\"name\":\"Accueil\",\"item\":\"https:\/\/kapitalis.com\/tunisie\/\"},{\"@type\":\"ListItem\",\"position\":2,\"name\":\"Jardins d&rsquo;enfants publics inclusifs | Inscriptions ouvertes pour l&rsquo;ann\u00e9e 2026-2027\"}]},{\"@type\":\"WebSite\",\"@id\":\"https:\/\/kapitalis.com\/tunisie\/#website\",\"url\":\"https:\/\/kapitalis.com\/tunisie\/\",\"name\":\"Kapitalis\",\"description\":\"L&#039;actualit\u00e9 en Tunisie et dans le monde\",\"publisher\":{\"@id\":\"https:\/\/kapitalis.com\/tunisie\/#organization\"},\"potentialAction\":[{\"@type\":\"SearchAction\",\"target\":{\"@type\":\"EntryPoint\",\"urlTemplate\":\"https:\/\/kapitalis.com\/tunisie\/?s={search_term_string}\"},\"query-input\":{\"@type\":\"PropertyValueSpecification\",\"valueRequired\":true,\"valueName\":\"search_term_string\"}}],\"inLanguage\":\"fr-FR\"},{\"@type\":\"Organization\",\"@id\":\"https:\/\/kapitalis.com\/tunisie\/#organization\",\"name\":\"Kapitalis\",\"url\":\"https:\/\/kapitalis.com\/tunisie\/\",\"logo\":{\"@type\":\"ImageObject\",\"inLanguage\":\"fr-FR\",\"@id\":\"https:\/\/kapitalis.com\/tunisie\/#\/schema\/logo\/image\/\",\"url\":\"https:\/\/kapitalis.com\/tunisie\/wp-content\/uploads\/2022\/05\/Kapitalis-big-size.png\",\"contentUrl\":\"https:\/\/kapitalis.com\/tunisie\/wp-content\/uploads\/2022\/05\/Kapitalis-big-size.png\",\"width\":5000,\"height\":1500,\"caption\":\"Kapitalis\"},\"image\":{\"@id\":\"https:\/\/kapitalis.com\/tunisie\/#\/schema\/logo\/image\/\"},\"sameAs\":[\"https:\/\/www.facebook.com\/KapitalisInfo\/\",\"https:\/\/x.com\/KapitalisInfo\",\"https:\/\/www.youtube.com\/channel\/UC-yDYrHyfFBWWZaOw3FPg9Q\"]},{\"@type\":\"Person\",\"@id\":\"https:\/\/kapitalis.com\/tunisie\/#\/schema\/person\/74bbde0154d49d790a92aaeac5bc01d5\",\"name\":\"Yusra NY\",\"url\":\"https:\/\/kapitalis.com\/tunisie\/author\/yuza_adam\/\"}]}<\/script>\n<!-- \/ Yoast SEO plugin. -->","yoast_head_json":{"title":"Jardins d'enfants publics inclusifs | Inscriptions ouvertes pour l'ann\u00e9e 2026-2027 - Kapitalis","robots":{"index":"index","follow":"follow","max-snippet":"max-snippet:-1","max-image-preview":"max-image-preview:large","max-video-preview":"max-video-preview:-1"},"canonical":"https:\/\/kapitalis.com\/tunisie\/2026\/09\/02\/jardins-denfants-publics-inclusifs-inscriptions-ouvertes-pour-lannee-2026-2027\/","og_locale":"fr_FR","og_type":"article","og_title":"Jardins d'enfants publics inclusifs | Inscriptions ouvertes pour l'ann\u00e9e 2026-2027 - Kapitalis","og_description":"\u200bLe minist\u00e8re de la Famille, de la Femme, de l&rsquo;Enfance et des Personnes \u00e2g\u00e9es a annonc\u00e9 l&rsquo;ouverture des inscriptions pour la nouvelle ann\u00e9e \u00e9ducative \u00e0 partir du mercredi 2 septembre 2026.","og_url":"https:\/\/kapitalis.com\/tunisie\/2026\/09\/02\/jardins-denfants-publics-inclusifs-inscriptions-ouvertes-pour-lannee-2026-2027\/","og_site_name":"Kapitalis","article_publisher":"https:\/\/www.facebook.com\/KapitalisInfo\/","article_published_time":"2026-09-02T19:28:50+00:00","article_modified_time":"2026-09-02T19:52:58+00:00","og_image":[{"width":1200,"height":630,"url":"https:\/\/kapitalis.com\/tunisie\/wp-content\/uploads\/2025\/08\/enfants-autisme.jpg","type":"image\/jpeg"}],"author":"Yusra NY","twitter_card":"summary_large_image","twitter_creator":"@KapitalisInfo","twitter_site":"@KapitalisInfo","twitter_misc":{"\u00c9crit par":"Yusra NY","Dur\u00e9e de lecture estim\u00e9e":"2 minutes"},"schema":{"@context":"https:\/\/schema.org","@graph":[{"@type":"Article","@id":"https:\/\/kapitalis.com\/tunisie\/2026\/09\/02\/jardins-denfants-publics-inclusifs-inscriptions-ouvertes-pour-lannee-2026-2027\/#article","isPartOf":{"@id":"https:\/\/kapitalis.com\/tunisie\/2026\/09\/02\/jardins-denfants-publics-inclusifs-inscriptions-ouvertes-pour-lannee-2026-2027\/"},"author":{"name":"Yusra NY","@id":"https:\/\/kapitalis.com\/tunisie\/#\/schema\/person\/74bbde0154d49d790a92aaeac5bc01d5"},"headline":"Jardins d&rsquo;enfants publics inclusifs | Inscriptions ouvertes pour l&rsquo;ann\u00e9e 2026-2027","datePublished":"2026-09-02T19:28:50+00:00","dateModified":"2026-09-02T19:52:58+00:00","mainEntityOfPage":{"@id":"https:\/\/kapitalis.com\/tunisie\/2026\/09\/02\/jardins-denfants-publics-inclusifs-inscriptions-ouvertes-pour-lannee-2026-2027\/"},"wordCount":192,"commentCount":0,"publisher":{"@id":"https:\/\/kapitalis.com\/tunisie\/#organization"},"image":{"@id":"https:\/\/kapitalis.com\/tunisie\/2026\/09\/02\/jardins-denfants-publics-inclusifs-inscriptions-ouvertes-pour-lannee-2026-2027\/#primaryimage"},"thumbnailUrl":"https:\/\/kapitalis.com\/tunisie\/wp-content\/uploads\/2025\/08\/enfants-autisme.jpg","keywords":["autisme","handicap","inscriptions","jardins d'enfants","petite enfance","Tunisie"],"articleSection":["SOCIETE","Tunisie"],"inLanguage":"fr-FR","potentialAction":[{"@type":"CommentAction","name":"Comment","target":["https:\/\/kapitalis.com\/tunisie\/2026\/09\/02\/jardins-denfants-publics-inclusifs-inscriptions-ouvertes-pour-lannee-2026-2027\/#respond"]}]},{"@type":"WebPage","@id":"https:\/\/kapitalis.com\/tunisie\/2026\/09\/02\/jardins-denfants-publics-inclusifs-inscriptions-ouvertes-pour-lannee-2026-2027\/","url":"https:\/\/kapitalis.com\/tunisie\/2026\/09\/02\/jardins-denfants-publics-inclusifs-inscriptions-ouvertes-pour-lannee-2026-2027\/","name":"Jardins d'enfants publics inclusifs | Inscriptions ouvertes pour l'ann\u00e9e 2026-2027 - Kapitalis","isPartOf":{"@id":"https:\/\/kapitalis.com\/tunisie\/#website"},"primaryImageOfPage":{"@id":"https:\/\/kapitalis.com\/tunisie\/2026\/09\/02\/jardins-denfants-publics-inclusifs-inscriptions-ouvertes-pour-lannee-2026-2027\/#primaryimage"},"image":{"@id":"https:\/\/kapitalis.com\/tunisie\/2026\/09\/02\/jardins-denfants-publics-inclusifs-inscriptions-ouvertes-pour-lannee-2026-2027\/#primaryimage"},"thumbnailUrl":"https:\/\/kapitalis.com\/tunisie\/wp-content\/uploads\/2025\/08\/enfants-autisme.jpg","datePublished":"2026-09-02T19:28:50+00:00","dateModified":"2026-09-02T19:52:58+00:00","breadcrumb":{"@id":"https:\/\/kapitalis.com\/tunisie\/2026\/09\/02\/jardins-denfants-publics-inclusifs-inscriptions-ouvertes-pour-lannee-2026-2027\/#breadcrumb"},"inLanguage":"fr-FR","potentialAction":[{"@type":"ReadAction","target":["https:\/\/kapitalis.com\/tunisie\/2026\/09\/02\/jardins-denfants-publics-inclusifs-inscriptions-ouvertes-pour-lannee-2026-2027\/"]}]},{"@type":"ImageObject","inLanguage":"fr-FR","@id":"https:\/\/kapitalis.com\/tunisie\/2026\/09\/02\/jardins-denfants-publics-inclusifs-inscriptions-ouvertes-pour-lannee-2026-2027\/#primaryimage","url":"https:\/\/kapitalis.com\/tunisie\/wp-content\/uploads\/2025\/08\/enfants-autisme.jpg","contentUrl":"https:\/\/kapitalis.com\/tunisie\/wp-content\/uploads\/2025\/08\/enfants-autisme.jpg","width":1200,"height":630},{"@type":"BreadcrumbList","@id":"https:\/\/kapitalis.com\/tunisie\/2026\/09\/02\/jardins-denfants-publics-inclusifs-inscriptions-ouvertes-pour-lannee-2026-2027\/#breadcrumb","itemListElement":[{"@type":"ListItem","position":1,"name":"Accueil","item":"https:\/\/kapitalis.com\/tunisie\/"},{"@type":"ListItem","position":2,"name":"Jardins d&rsquo;enfants publics inclusifs | Inscriptions ouvertes pour l&rsquo;ann\u00e9e 2026-2027"}]},{"@type":"WebSite","@id":"https:\/\/kapitalis.com\/tunisie\/#website","url":"https:\/\/kapitalis.com\/tunisie\/","name":"Kapitalis","description":"L&#039;actualit\u00e9 en Tunisie et dans le monde","publisher":{"@id":"https:\/\/kapitalis.com\/tunisie\/#organization"},"potentialAction":[{"@type":"SearchAction","target":{"@type":"EntryPoint","urlTemplate":"https:\/\/kapitalis.com\/tunisie\/?s={search_term_string}"},"query-input":{"@type":"PropertyValueSpecification","valueRequired":true,"valueName":"search_term_string"}}],"inLanguage":"fr-FR"},{"@type":"Organization","@id":"https:\/\/kapitalis.com\/tunisie\/#organization","name":"Kapitalis","url":"https:\/\/kapitalis.com\/tunisie\/","logo":{"@type":"ImageObject","inLanguage":"fr-FR","@id":"https:\/\/kapitalis.com\/tunisie\/#\/schema\/logo\/image\/","url":"https:\/\/kapitalis.com\/tunisie\/wp-content\/uploads\/2022\/05\/Kapitalis-big-size.png","contentUrl":"https:\/\/kapitalis.com\/tunisie\/wp-content\/uploads\/2022\/05\/Kapitalis-big-size.png","width":5000,"height":1500,"caption":"Kapitalis"},"image":{"@id":"https:\/\/kapitalis.com\/tunisie\/#\/schema\/logo\/image\/"},"sameAs":["https:\/\/www.facebook.com\/KapitalisInfo\/","https:\/\/x.com\/KapitalisInfo","https:\/\/www.youtube.com\/channel\/UC-yDYrHyfFBWWZaOw3FPg9Q"]},{"@type":"Person","@id":"https:\/\/kapitalis.com\/tunisie\/#\/schema\/person\/74bbde0154d49d790a92aaeac5bc01d5","name":"Yusra NY","url":"https:\/\/kapitalis.com\/tunisie\/author\/yuza_adam\/"}]}},"_links":{"self":[{"href":"https:\/\/kapitalis.com\/tunisie\/wp-json\/wp\/v2\/posts\/19560263","targetHints":{"allow":["GET"]}}],"collection":[{"href":"https:\/\/kapitalis.com\/tunisie\/wp-json\/wp\/v2\/posts"}],"about":[{"href":"https:\/\/kapitalis.com\/tunisie\/wp-json\/wp\/v2\/types\/post"}],"author":[{"embeddable":true,"href":"https:\/\/kapitalis.com\/tunisie\/wp-json\/wp\/v2\/users\/6"}],"replies":[{"embeddable":true,"href":"https:\/\/kapitalis.com\/tunisie\/wp-json\/wp\/v2\/comments?post=19560263"}],"version-history":[{"count":1,"href":"https:\/\/kapitalis.com\/tunisie\/wp-json\/wp\/v2\/posts\/19560263\/revisions"}],"predecessor-version":[{"id":19560274,"href":"https:\/\/kapitalis.com\/tunisie\/wp-json\/wp\/v2\/posts\/19560263\/revisions\/19560274"}],"wp:featuredmedia":[{"embeddable":true,"href":"https:\/\/kapitalis.com\/tunisie\/wp-json\/wp\/v2\/media\/17301731"}],"wp:attachment":[{"href":"https:\/\/kapitalis.com\/tunisie\/wp-json\/wp\/v2\/media?parent=19560263"}],"wp:term":[{"taxonomy":"category","embeddable":true,"href":"https:\/\/kapitalis.com\/tunisie\/wp-json\/wp\/v2\/categories?post=19560263"},{"taxonomy":"post_tag","embeddable":true,"href":"https:\/\/kapitalis.com\/tunisie\/wp-json\/wp\/v2\/tags?post=19560263"}],"curies":[{"name":"wp","href":"https:\/\/api.w.org\/{rel}","templated":true}]}}