{"id":19560721,"date":"2026-09-02T21:39:41","date_gmt":"2026-09-02T20:39:41","guid":{"rendered":"https:\/\/kapitalis.com\/tunisie\/?p=19560721"},"modified":"2026-09-02T21:46:45","modified_gmt":"2026-09-02T20:46:45","slug":"diplomatie-mohamed-ali-nafti-recoit-la-nouvelle-ambassadrice-des-pays-bas-a-tunis","status":"publish","type":"post","link":"https:\/\/kapitalis.com\/tunisie\/2026\/09\/02\/diplomatie-mohamed-ali-nafti-recoit-la-nouvelle-ambassadrice-des-pays-bas-a-tunis\/","title":{"rendered":"Diplomatie | Mohamed Ali Nafti re\u00e7oit la nouvelle ambassadrice des Pays-Bas \u00e0 Tunis"},"content":{"rendered":"\n<p class=\"wp-block-paragraph\"><strong><em>Mohamed Ali Nafti, Ministre des Affaires \u00c9trang\u00e8res, de la Migration et des Tunisiens \u00e0 l\u2019\u00c9tranger, a re\u00e7u, le 2 septembre 2026, au si\u00e8ge du Minist\u00e8re, Dewi van de Weerd, qui lui a remis une copie figur\u00e9e de ses Lettres de Cr\u00e9ance en sa qualit\u00e9 d&rsquo;Ambassadrice du Royaume des Pays-Bas en Tunisie.<\/em><\/strong><\/p>\n\n\n\n<!--more-->\n\n\n\n<p class=\"wp-block-paragraph\">Au cours de cet entretien, le Ministre a salu\u00e9 les relations d&rsquo;amiti\u00e9 et de coop\u00e9ration de longue date et distingu\u00e9es existant entre les deux Pays, dont les racines remontent \u00e0 la fin du 17\u00e8me si\u00e8cle, se f\u00e9licitant de l&rsquo;\u00e9volution remarquable qu&rsquo;elles ont connue au cours des derni\u00e8res ann\u00e9es dans plusieurs secteurs vitaux, tels que l&rsquo;agriculture, l&rsquo;eau, l&rsquo;environnement, le d\u00e9veloppement durable, l&#8217;emploi et les programmes d&rsquo;insertion des jeunes et des femmes.<\/p>\n\n\n\n<p class=\"wp-block-paragraph\">Il a r\u00e9it\u00e9r\u00e9, \u00e0 cette occasion, le souci de la Tunisie de renforcer la coop\u00e9ration avec ce Pays ami dans les diff\u00e9rents domaines d&rsquo;int\u00e9r\u00eat commun, y compris scientifiques et acad\u00e9miques.<\/p>\n\n\n\n<p class=\"wp-block-paragraph\">Le Ministre s&rsquo;est \u00e9galement f\u00e9licit\u00e9 du niveau du partenariat et des investissements existants avec les Pays-Bas, signalant que 101 entreprises \u00e9conomiques op\u00e8rent dans notre Pays sous forme d&rsquo;investissements directs ou conjoints, g\u00e9n\u00e9rant environ 20 mille postes d&#8217;emploi.<\/p>\n\n\n\n<p class=\"wp-block-paragraph\">Il a exprim\u00e9 l&rsquo;aspiration \u00e0 un flux accru d&rsquo;investissements n\u00e9erlandais dans des secteurs porteurs et prioritaires pour notre Pays, notamment les \u00e9nergies renouvelables et l&rsquo;environnement, \u00e0 la lumi\u00e8re des incitations et des avantages comparatifs qu&rsquo;offre notre Pays \u00e0 cet \u00e9gard.<\/p>\n\n\n\n<p class=\"wp-block-paragraph\">Pour sa part, l&rsquo;Ambassadrice des Pays-Bas a confirm\u00e9 sa d\u00e9termination \u00e0 d\u00e9velopper davantage la coop\u00e9ration entre les deux Pays, \u00e0 en \u00e9largir la base et \u00e0 en diversifier les domaines, mettant en relief l\u2019engagement de son Pays de continuer \u00e0 renforcer les relations de partenariat avec la Tunisie dans les divers domaines \u00e9conomiques, culturels, scientifiques et acad\u00e9miques, au service des int\u00e9r\u00eats communs des deux Peuples amis.<\/p>\n\n\n\n<p class=\"has-text-align-right wp-block-paragraph\"><strong>Communiqu\u00e9<\/strong><\/p>\n","protected":false},"excerpt":{"rendered":"<p>Mohamed Ali Nafti, Ministre des Affaires \u00c9trang\u00e8res, de la Migration et des Tunisiens \u00e0 l\u2019\u00c9tranger, a re\u00e7u, le 2 septembre 2026, au si\u00e8ge du Minist\u00e8re, Dewi van de Weerd, qui lui a remis une copie figur\u00e9e de ses Lettres de Cr\u00e9ance en sa qualit\u00e9 d&rsquo;Ambassadrice du Royaume des Pays-Bas en Tunisie.<\/p>\n","protected":false},"author":6,"featured_media":19560788,"comment_status":"open","ping_status":"open","sticky":false,"template":"","format":"standard","meta":{"footnotes":""},"categories":[997,2433],"tags":[120334,129960,109238,73960,700,62643],"class_list":["post-19560721","post","type-post","status-publish","format-standard","has-post-thumbnail","hentry","category-politique","category-tunisie","tag-affaires-etrangeres-2","tag-dewi-van-de-weerd","tag-lettres-de-creance","tag-mohamed-ali-nafti","tag-pays-bas","tag-tunisie"],"yoast_head":"<!-- This site is optimized with the Yoast SEO plugin v26.6 - https:\/\/yoast.com\/wordpress\/plugins\/seo\/ -->\n<title>Diplomatie | Mohamed Ali Nafti re\u00e7oit la nouvelle ambassadrice des Pays-Bas \u00e0 Tunis - Kapitalis<\/title>\n<meta name=\"robots\" content=\"index, follow, max-snippet:-1, max-image-preview:large, max-video-preview:-1\" \/>\n<link rel=\"canonical\" href=\"https:\/\/kapitalis.com\/tunisie\/2026\/09\/02\/diplomatie-mohamed-ali-nafti-recoit-la-nouvelle-ambassadrice-des-pays-bas-a-tunis\/\" \/>\n<meta property=\"og:locale\" content=\"fr_FR\" \/>\n<meta property=\"og:type\" content=\"article\" \/>\n<meta property=\"og:title\" content=\"Diplomatie | Mohamed Ali Nafti re\u00e7oit la nouvelle ambassadrice des Pays-Bas \u00e0 Tunis - Kapitalis\" \/>\n<meta property=\"og:description\" content=\"Mohamed Ali Nafti, Ministre des Affaires \u00c9trang\u00e8res, de la Migration et des Tunisiens \u00e0 l\u2019\u00c9tranger, a re\u00e7u, le 2 septembre 2026, au si\u00e8ge du Minist\u00e8re, Dewi van de Weerd, qui lui a remis une copie figur\u00e9e de ses Lettres de Cr\u00e9ance en sa qualit\u00e9 d&rsquo;Ambassadrice du Royaume des Pays-Bas en Tunisie.\" \/>\n<meta property=\"og:url\" content=\"https:\/\/kapitalis.com\/tunisie\/2026\/09\/02\/diplomatie-mohamed-ali-nafti-recoit-la-nouvelle-ambassadrice-des-pays-bas-a-tunis\/\" \/>\n<meta property=\"og:site_name\" content=\"Kapitalis\" \/>\n<meta property=\"article:publisher\" content=\"https:\/\/www.facebook.com\/KapitalisInfo\/\" \/>\n<meta property=\"article:published_time\" content=\"2026-09-02T20:39:41+00:00\" \/>\n<meta property=\"article:modified_time\" content=\"2026-09-02T20:46:45+00:00\" \/>\n<meta property=\"og:image\" content=\"https:\/\/kapitalis.com\/tunisie\/wp-content\/uploads\/2026\/09\/Dewi-van-de-Weerd-Mohamed-Ali-Nafti.png\" \/>\n\t<meta property=\"og:image:width\" content=\"1200\" \/>\n\t<meta property=\"og:image:height\" content=\"630\" \/>\n\t<meta property=\"og:image:type\" content=\"image\/png\" \/>\n<meta name=\"author\" content=\"Yusra NY\" \/>\n<meta name=\"twitter:card\" content=\"summary_large_image\" \/>\n<meta name=\"twitter:creator\" content=\"@KapitalisInfo\" \/>\n<meta name=\"twitter:site\" content=\"@KapitalisInfo\" \/>\n<meta name=\"twitter:label1\" content=\"\u00c9crit par\" \/>\n\t<meta name=\"twitter:data1\" content=\"Yusra NY\" \/>\n\t<meta name=\"twitter:label2\" content=\"Dur\u00e9e de lecture estim\u00e9e\" \/>\n\t<meta name=\"twitter:data2\" content=\"2 minutes\" \/>\n<script type=\"application\/ld+json\" class=\"yoast-schema-graph\">{\"@context\":\"https:\/\/schema.org\",\"@graph\":[{\"@type\":\"Article\",\"@id\":\"https:\/\/kapitalis.com\/tunisie\/2026\/09\/02\/diplomatie-mohamed-ali-nafti-recoit-la-nouvelle-ambassadrice-des-pays-bas-a-tunis\/#article\",\"isPartOf\":{\"@id\":\"https:\/\/kapitalis.com\/tunisie\/2026\/09\/02\/diplomatie-mohamed-ali-nafti-recoit-la-nouvelle-ambassadrice-des-pays-bas-a-tunis\/\"},\"author\":{\"name\":\"Yusra NY\",\"@id\":\"https:\/\/kapitalis.com\/tunisie\/#\/schema\/person\/74bbde0154d49d790a92aaeac5bc01d5\"},\"headline\":\"Diplomatie | Mohamed Ali Nafti re\u00e7oit la nouvelle ambassadrice des Pays-Bas \u00e0 Tunis\",\"datePublished\":\"2026-09-02T20:39:41+00:00\",\"dateModified\":\"2026-09-02T20:46:45+00:00\",\"mainEntityOfPage\":{\"@id\":\"https:\/\/kapitalis.com\/tunisie\/2026\/09\/02\/diplomatie-mohamed-ali-nafti-recoit-la-nouvelle-ambassadrice-des-pays-bas-a-tunis\/\"},\"wordCount\":328,\"commentCount\":0,\"publisher\":{\"@id\":\"https:\/\/kapitalis.com\/tunisie\/#organization\"},\"image\":{\"@id\":\"https:\/\/kapitalis.com\/tunisie\/2026\/09\/02\/diplomatie-mohamed-ali-nafti-recoit-la-nouvelle-ambassadrice-des-pays-bas-a-tunis\/#primaryimage\"},\"thumbnailUrl\":\"https:\/\/kapitalis.com\/tunisie\/wp-content\/uploads\/2026\/09\/Dewi-van-de-Weerd-Mohamed-Ali-Nafti.png\",\"keywords\":[\"Affaires \u00c9trang\u00e8res\",\"Dewi van de Weerd\",\"lettres de cr\u00e9ance\",\"mohamed ali Nafti\",\"Pays-Bas\",\"Tunisie\"],\"articleSection\":[\"POLITIQUE\",\"Tunisie\"],\"inLanguage\":\"fr-FR\",\"potentialAction\":[{\"@type\":\"CommentAction\",\"name\":\"Comment\",\"target\":[\"https:\/\/kapitalis.com\/tunisie\/2026\/09\/02\/diplomatie-mohamed-ali-nafti-recoit-la-nouvelle-ambassadrice-des-pays-bas-a-tunis\/#respond\"]}]},{\"@type\":\"WebPage\",\"@id\":\"https:\/\/kapitalis.com\/tunisie\/2026\/09\/02\/diplomatie-mohamed-ali-nafti-recoit-la-nouvelle-ambassadrice-des-pays-bas-a-tunis\/\",\"url\":\"https:\/\/kapitalis.com\/tunisie\/2026\/09\/02\/diplomatie-mohamed-ali-nafti-recoit-la-nouvelle-ambassadrice-des-pays-bas-a-tunis\/\",\"name\":\"Diplomatie | Mohamed Ali Nafti re\u00e7oit la nouvelle ambassadrice des Pays-Bas \u00e0 Tunis - Kapitalis\",\"isPartOf\":{\"@id\":\"https:\/\/kapitalis.com\/tunisie\/#website\"},\"primaryImageOfPage\":{\"@id\":\"https:\/\/kapitalis.com\/tunisie\/2026\/09\/02\/diplomatie-mohamed-ali-nafti-recoit-la-nouvelle-ambassadrice-des-pays-bas-a-tunis\/#primaryimage\"},\"image\":{\"@id\":\"https:\/\/kapitalis.com\/tunisie\/2026\/09\/02\/diplomatie-mohamed-ali-nafti-recoit-la-nouvelle-ambassadrice-des-pays-bas-a-tunis\/#primaryimage\"},\"thumbnailUrl\":\"https:\/\/kapitalis.com\/tunisie\/wp-content\/uploads\/2026\/09\/Dewi-van-de-Weerd-Mohamed-Ali-Nafti.png\",\"datePublished\":\"2026-09-02T20:39:41+00:00\",\"dateModified\":\"2026-09-02T20:46:45+00:00\",\"breadcrumb\":{\"@id\":\"https:\/\/kapitalis.com\/tunisie\/2026\/09\/02\/diplomatie-mohamed-ali-nafti-recoit-la-nouvelle-ambassadrice-des-pays-bas-a-tunis\/#breadcrumb\"},\"inLanguage\":\"fr-FR\",\"potentialAction\":[{\"@type\":\"ReadAction\",\"target\":[\"https:\/\/kapitalis.com\/tunisie\/2026\/09\/02\/diplomatie-mohamed-ali-nafti-recoit-la-nouvelle-ambassadrice-des-pays-bas-a-tunis\/\"]}]},{\"@type\":\"ImageObject\",\"inLanguage\":\"fr-FR\",\"@id\":\"https:\/\/kapitalis.com\/tunisie\/2026\/09\/02\/diplomatie-mohamed-ali-nafti-recoit-la-nouvelle-ambassadrice-des-pays-bas-a-tunis\/#primaryimage\",\"url\":\"https:\/\/kapitalis.com\/tunisie\/wp-content\/uploads\/2026\/09\/Dewi-van-de-Weerd-Mohamed-Ali-Nafti.png\",\"contentUrl\":\"https:\/\/kapitalis.com\/tunisie\/wp-content\/uploads\/2026\/09\/Dewi-van-de-Weerd-Mohamed-Ali-Nafti.png\",\"width\":1200,\"height\":630},{\"@type\":\"BreadcrumbList\",\"@id\":\"https:\/\/kapitalis.com\/tunisie\/2026\/09\/02\/diplomatie-mohamed-ali-nafti-recoit-la-nouvelle-ambassadrice-des-pays-bas-a-tunis\/#breadcrumb\",\"itemListElement\":[{\"@type\":\"ListItem\",\"position\":1,\"name\":\"Accueil\",\"item\":\"https:\/\/kapitalis.com\/tunisie\/\"},{\"@type\":\"ListItem\",\"position\":2,\"name\":\"Diplomatie | Mohamed Ali Nafti re\u00e7oit la nouvelle ambassadrice des Pays-Bas \u00e0 Tunis\"}]},{\"@type\":\"WebSite\",\"@id\":\"https:\/\/kapitalis.com\/tunisie\/#website\",\"url\":\"https:\/\/kapitalis.com\/tunisie\/\",\"name\":\"Kapitalis\",\"description\":\"L&#039;actualit\u00e9 en Tunisie et dans le monde\",\"publisher\":{\"@id\":\"https:\/\/kapitalis.com\/tunisie\/#organization\"},\"potentialAction\":[{\"@type\":\"SearchAction\",\"target\":{\"@type\":\"EntryPoint\",\"urlTemplate\":\"https:\/\/kapitalis.com\/tunisie\/?s={search_term_string}\"},\"query-input\":{\"@type\":\"PropertyValueSpecification\",\"valueRequired\":true,\"valueName\":\"search_term_string\"}}],\"inLanguage\":\"fr-FR\"},{\"@type\":\"Organization\",\"@id\":\"https:\/\/kapitalis.com\/tunisie\/#organization\",\"name\":\"Kapitalis\",\"url\":\"https:\/\/kapitalis.com\/tunisie\/\",\"logo\":{\"@type\":\"ImageObject\",\"inLanguage\":\"fr-FR\",\"@id\":\"https:\/\/kapitalis.com\/tunisie\/#\/schema\/logo\/image\/\",\"url\":\"https:\/\/kapitalis.com\/tunisie\/wp-content\/uploads\/2022\/05\/Kapitalis-big-size.png\",\"contentUrl\":\"https:\/\/kapitalis.com\/tunisie\/wp-content\/uploads\/2022\/05\/Kapitalis-big-size.png\",\"width\":5000,\"height\":1500,\"caption\":\"Kapitalis\"},\"image\":{\"@id\":\"https:\/\/kapitalis.com\/tunisie\/#\/schema\/logo\/image\/\"},\"sameAs\":[\"https:\/\/www.facebook.com\/KapitalisInfo\/\",\"https:\/\/x.com\/KapitalisInfo\",\"https:\/\/www.youtube.com\/channel\/UC-yDYrHyfFBWWZaOw3FPg9Q\"]},{\"@type\":\"Person\",\"@id\":\"https:\/\/kapitalis.com\/tunisie\/#\/schema\/person\/74bbde0154d49d790a92aaeac5bc01d5\",\"name\":\"Yusra NY\",\"url\":\"https:\/\/kapitalis.com\/tunisie\/author\/yuza_adam\/\"}]}<\/script>\n<!-- \/ Yoast SEO plugin. -->","yoast_head_json":{"title":"Diplomatie | Mohamed Ali Nafti re\u00e7oit la nouvelle ambassadrice des Pays-Bas \u00e0 Tunis - Kapitalis","robots":{"index":"index","follow":"follow","max-snippet":"max-snippet:-1","max-image-preview":"max-image-preview:large","max-video-preview":"max-video-preview:-1"},"canonical":"https:\/\/kapitalis.com\/tunisie\/2026\/09\/02\/diplomatie-mohamed-ali-nafti-recoit-la-nouvelle-ambassadrice-des-pays-bas-a-tunis\/","og_locale":"fr_FR","og_type":"article","og_title":"Diplomatie | Mohamed Ali Nafti re\u00e7oit la nouvelle ambassadrice des Pays-Bas \u00e0 Tunis - Kapitalis","og_description":"Mohamed Ali Nafti, Ministre des Affaires \u00c9trang\u00e8res, de la Migration et des Tunisiens \u00e0 l\u2019\u00c9tranger, a re\u00e7u, le 2 septembre 2026, au si\u00e8ge du Minist\u00e8re, Dewi van de Weerd, qui lui a remis une copie figur\u00e9e de ses Lettres de Cr\u00e9ance en sa qualit\u00e9 d&rsquo;Ambassadrice du Royaume des Pays-Bas en Tunisie.","og_url":"https:\/\/kapitalis.com\/tunisie\/2026\/09\/02\/diplomatie-mohamed-ali-nafti-recoit-la-nouvelle-ambassadrice-des-pays-bas-a-tunis\/","og_site_name":"Kapitalis","article_publisher":"https:\/\/www.facebook.com\/KapitalisInfo\/","article_published_time":"2026-09-02T20:39:41+00:00","article_modified_time":"2026-09-02T20:46:45+00:00","og_image":[{"width":1200,"height":630,"url":"https:\/\/kapitalis.com\/tunisie\/wp-content\/uploads\/2026\/09\/Dewi-van-de-Weerd-Mohamed-Ali-Nafti.png","type":"image\/png"}],"author":"Yusra NY","twitter_card":"summary_large_image","twitter_creator":"@KapitalisInfo","twitter_site":"@KapitalisInfo","twitter_misc":{"\u00c9crit par":"Yusra NY","Dur\u00e9e de lecture estim\u00e9e":"2 minutes"},"schema":{"@context":"https:\/\/schema.org","@graph":[{"@type":"Article","@id":"https:\/\/kapitalis.com\/tunisie\/2026\/09\/02\/diplomatie-mohamed-ali-nafti-recoit-la-nouvelle-ambassadrice-des-pays-bas-a-tunis\/#article","isPartOf":{"@id":"https:\/\/kapitalis.com\/tunisie\/2026\/09\/02\/diplomatie-mohamed-ali-nafti-recoit-la-nouvelle-ambassadrice-des-pays-bas-a-tunis\/"},"author":{"name":"Yusra NY","@id":"https:\/\/kapitalis.com\/tunisie\/#\/schema\/person\/74bbde0154d49d790a92aaeac5bc01d5"},"headline":"Diplomatie | Mohamed Ali Nafti re\u00e7oit la nouvelle ambassadrice des Pays-Bas \u00e0 Tunis","datePublished":"2026-09-02T20:39:41+00:00","dateModified":"2026-09-02T20:46:45+00:00","mainEntityOfPage":{"@id":"https:\/\/kapitalis.com\/tunisie\/2026\/09\/02\/diplomatie-mohamed-ali-nafti-recoit-la-nouvelle-ambassadrice-des-pays-bas-a-tunis\/"},"wordCount":328,"commentCount":0,"publisher":{"@id":"https:\/\/kapitalis.com\/tunisie\/#organization"},"image":{"@id":"https:\/\/kapitalis.com\/tunisie\/2026\/09\/02\/diplomatie-mohamed-ali-nafti-recoit-la-nouvelle-ambassadrice-des-pays-bas-a-tunis\/#primaryimage"},"thumbnailUrl":"https:\/\/kapitalis.com\/tunisie\/wp-content\/uploads\/2026\/09\/Dewi-van-de-Weerd-Mohamed-Ali-Nafti.png","keywords":["Affaires \u00c9trang\u00e8res","Dewi van de Weerd","lettres de cr\u00e9ance","mohamed ali Nafti","Pays-Bas","Tunisie"],"articleSection":["POLITIQUE","Tunisie"],"inLanguage":"fr-FR","potentialAction":[{"@type":"CommentAction","name":"Comment","target":["https:\/\/kapitalis.com\/tunisie\/2026\/09\/02\/diplomatie-mohamed-ali-nafti-recoit-la-nouvelle-ambassadrice-des-pays-bas-a-tunis\/#respond"]}]},{"@type":"WebPage","@id":"https:\/\/kapitalis.com\/tunisie\/2026\/09\/02\/diplomatie-mohamed-ali-nafti-recoit-la-nouvelle-ambassadrice-des-pays-bas-a-tunis\/","url":"https:\/\/kapitalis.com\/tunisie\/2026\/09\/02\/diplomatie-mohamed-ali-nafti-recoit-la-nouvelle-ambassadrice-des-pays-bas-a-tunis\/","name":"Diplomatie | Mohamed Ali Nafti re\u00e7oit la nouvelle ambassadrice des Pays-Bas \u00e0 Tunis - Kapitalis","isPartOf":{"@id":"https:\/\/kapitalis.com\/tunisie\/#website"},"primaryImageOfPage":{"@id":"https:\/\/kapitalis.com\/tunisie\/2026\/09\/02\/diplomatie-mohamed-ali-nafti-recoit-la-nouvelle-ambassadrice-des-pays-bas-a-tunis\/#primaryimage"},"image":{"@id":"https:\/\/kapitalis.com\/tunisie\/2026\/09\/02\/diplomatie-mohamed-ali-nafti-recoit-la-nouvelle-ambassadrice-des-pays-bas-a-tunis\/#primaryimage"},"thumbnailUrl":"https:\/\/kapitalis.com\/tunisie\/wp-content\/uploads\/2026\/09\/Dewi-van-de-Weerd-Mohamed-Ali-Nafti.png","datePublished":"2026-09-02T20:39:41+00:00","dateModified":"2026-09-02T20:46:45+00:00","breadcrumb":{"@id":"https:\/\/kapitalis.com\/tunisie\/2026\/09\/02\/diplomatie-mohamed-ali-nafti-recoit-la-nouvelle-ambassadrice-des-pays-bas-a-tunis\/#breadcrumb"},"inLanguage":"fr-FR","potentialAction":[{"@type":"ReadAction","target":["https:\/\/kapitalis.com\/tunisie\/2026\/09\/02\/diplomatie-mohamed-ali-nafti-recoit-la-nouvelle-ambassadrice-des-pays-bas-a-tunis\/"]}]},{"@type":"ImageObject","inLanguage":"fr-FR","@id":"https:\/\/kapitalis.com\/tunisie\/2026\/09\/02\/diplomatie-mohamed-ali-nafti-recoit-la-nouvelle-ambassadrice-des-pays-bas-a-tunis\/#primaryimage","url":"https:\/\/kapitalis.com\/tunisie\/wp-content\/uploads\/2026\/09\/Dewi-van-de-Weerd-Mohamed-Ali-Nafti.png","contentUrl":"https:\/\/kapitalis.com\/tunisie\/wp-content\/uploads\/2026\/09\/Dewi-van-de-Weerd-Mohamed-Ali-Nafti.png","width":1200,"height":630},{"@type":"BreadcrumbList","@id":"https:\/\/kapitalis.com\/tunisie\/2026\/09\/02\/diplomatie-mohamed-ali-nafti-recoit-la-nouvelle-ambassadrice-des-pays-bas-a-tunis\/#breadcrumb","itemListElement":[{"@type":"ListItem","position":1,"name":"Accueil","item":"https:\/\/kapitalis.com\/tunisie\/"},{"@type":"ListItem","position":2,"name":"Diplomatie | Mohamed Ali Nafti re\u00e7oit la nouvelle ambassadrice des Pays-Bas \u00e0 Tunis"}]},{"@type":"WebSite","@id":"https:\/\/kapitalis.com\/tunisie\/#website","url":"https:\/\/kapitalis.com\/tunisie\/","name":"Kapitalis","description":"L&#039;actualit\u00e9 en Tunisie et dans le monde","publisher":{"@id":"https:\/\/kapitalis.com\/tunisie\/#organization"},"potentialAction":[{"@type":"SearchAction","target":{"@type":"EntryPoint","urlTemplate":"https:\/\/kapitalis.com\/tunisie\/?s={search_term_string}"},"query-input":{"@type":"PropertyValueSpecification","valueRequired":true,"valueName":"search_term_string"}}],"inLanguage":"fr-FR"},{"@type":"Organization","@id":"https:\/\/kapitalis.com\/tunisie\/#organization","name":"Kapitalis","url":"https:\/\/kapitalis.com\/tunisie\/","logo":{"@type":"ImageObject","inLanguage":"fr-FR","@id":"https:\/\/kapitalis.com\/tunisie\/#\/schema\/logo\/image\/","url":"https:\/\/kapitalis.com\/tunisie\/wp-content\/uploads\/2022\/05\/Kapitalis-big-size.png","contentUrl":"https:\/\/kapitalis.com\/tunisie\/wp-content\/uploads\/2022\/05\/Kapitalis-big-size.png","width":5000,"height":1500,"caption":"Kapitalis"},"image":{"@id":"https:\/\/kapitalis.com\/tunisie\/#\/schema\/logo\/image\/"},"sameAs":["https:\/\/www.facebook.com\/KapitalisInfo\/","https:\/\/x.com\/KapitalisInfo","https:\/\/www.youtube.com\/channel\/UC-yDYrHyfFBWWZaOw3FPg9Q"]},{"@type":"Person","@id":"https:\/\/kapitalis.com\/tunisie\/#\/schema\/person\/74bbde0154d49d790a92aaeac5bc01d5","name":"Yusra NY","url":"https:\/\/kapitalis.com\/tunisie\/author\/yuza_adam\/"}]}},"_links":{"self":[{"href":"https:\/\/kapitalis.com\/tunisie\/wp-json\/wp\/v2\/posts\/19560721","targetHints":{"allow":["GET"]}}],"collection":[{"href":"https:\/\/kapitalis.com\/tunisie\/wp-json\/wp\/v2\/posts"}],"about":[{"href":"https:\/\/kapitalis.com\/tunisie\/wp-json\/wp\/v2\/types\/post"}],"author":[{"embeddable":true,"href":"https:\/\/kapitalis.com\/tunisie\/wp-json\/wp\/v2\/users\/6"}],"replies":[{"embeddable":true,"href":"https:\/\/kapitalis.com\/tunisie\/wp-json\/wp\/v2\/comments?post=19560721"}],"version-history":[{"count":1,"href":"https:\/\/kapitalis.com\/tunisie\/wp-json\/wp\/v2\/posts\/19560721\/revisions"}],"predecessor-version":[{"id":19560799,"href":"https:\/\/kapitalis.com\/tunisie\/wp-json\/wp\/v2\/posts\/19560721\/revisions\/19560799"}],"wp:featuredmedia":[{"embeddable":true,"href":"https:\/\/kapitalis.com\/tunisie\/wp-json\/wp\/v2\/media\/19560788"}],"wp:attachment":[{"href":"https:\/\/kapitalis.com\/tunisie\/wp-json\/wp\/v2\/media?parent=19560721"}],"wp:term":[{"taxonomy":"category","embeddable":true,"href":"https:\/\/kapitalis.com\/tunisie\/wp-json\/wp\/v2\/categories?post=19560721"},{"taxonomy":"post_tag","embeddable":true,"href":"https:\/\/kapitalis.com\/tunisie\/wp-json\/wp\/v2\/tags?post=19560721"}],"curies":[{"name":"wp","href":"https:\/\/api.w.org\/{rel}","templated":true}]}}