{"id":19563147,"date":"2026-09-03T06:55:13","date_gmt":"2026-09-03T05:55:13","guid":{"rendered":"https:\/\/kapitalis.com\/tunisie\/?p=19563147"},"modified":"2026-09-03T07:02:16","modified_gmt":"2026-09-03T06:02:16","slug":"affaire-du-complot-lettre-de-ayachi-hammami-aux-juges","status":"publish","type":"post","link":"https:\/\/kapitalis.com\/tunisie\/2026\/09\/03\/affaire-du-complot-lettre-de-ayachi-hammami-aux-juges\/","title":{"rendered":"Affaire du complot | Lettre de Ayachi Hammami aux juges"},"content":{"rendered":"\n<p class=\"wp-block-paragraph\"><strong><em>L\u2019avocat Ayachi Hammami est l\u2019un des pr\u00e9venus qui compara\u00eetront ce jeudi 3 septembre 2026 devant la Cour de Cassation dans le cadre de l\u2019affaire dite de complot contre l\u2019Etat. Dans cette \u00abLettre au pr\u00e9sident de la chambre de cassation et \u00e0 ses conseillers\u00bb, \u00e9crite dans la prison de Mornaguia o\u00f9 il est incarc\u00e9r\u00e9 et traduite de l\u2019arabe, il interpelle les juges sur leur responsabilit\u00e9 dans la d\u00e9fense du droit contre les interf\u00e9rences politiques.<\/em><\/strong><\/p>\n\n\n\n<!--more-->\n\n\n\n<p class=\"wp-block-paragraph\">Soit, vous prenez le parti du droit et de la justice, soit vous consacrez l\u2019absurde et en assumez la responsabilit\u00e9&nbsp;!<\/p>\n\n\n\n<p class=\"wp-block-paragraph\">On attend de vous cette semaine, en tant que Cour de cassation et plus haut degr\u00e9 de juridiction, que vous exerciez votre contr\u00f4le sur l\u2019arr\u00eat rendu par la Cour d\u2019appel l\u2019<a href=\"https:\/\/kapitalis.com\/tunisie\/2026\/09\/02\/laffaire-du-complot-n-1-en-cassation-suite-ou-fin\/\" target=\"_blank\" rel=\"noreferrer noopener\">affaire dite du complot<\/a>. Un choix sans ambigu\u00eft\u00e9 s\u2019offre \u00e0 vous aujourd\u2019hui : soit vous mettez fin \u00e0 l\u2019absurde qui a entour\u00e9 ce dossier et cassez l\u2019arr\u00eat en faisant triompher le droit, la justice et les droits humains, soit vous conf\u00e9rez une l\u00e9gitimit\u00e9 \u00e0 cet absurde, votre d\u00e9cision finale en devenant alors l\u2019aboutissement et l\u2019ent\u00e9rinement.<\/p>\n\n\n\n<p class=\"wp-block-paragraph\">C\u2019est pourquoi je vous adresse cette lettre depuis ma prison de la Mornaguia, vous rendant, pr\u00e9sident et membres de la chambre, pleinement responsables devant votre conscience et devant l\u2019Histoire.<\/p>\n\n\n\n<p class=\"wp-block-paragraph\">Nous avons \u00e9t\u00e9 t\u00e9moins, tout au long de cette affaire, de violations et d\u2019atteintes graves et innombrables. C\u2019est dans cet esprit que je me sens contraint de m\u2019adresser \u00e0 vous, non seulement en tant qu\u2019accus\u00e9, mais aussi en tant que personne ayant consacr\u00e9 une grande partie de sa vie \u00e0 la d\u00e9fense des principes de l\u2019\u00c9tat de droit, au premier rang desquels une justice ind\u00e9pendante et \u00e9quitable, insensible aux injonctions et aux tiraillements politiques.<\/p>\n\n\n\n<figure class=\"wp-block-embed alignleft is-type-wp-embed is-provider-kapitalis wp-block-embed-kapitalis\"><div class=\"wp-block-embed__wrapper\">\n<blockquote class=\"wp-embedded-content\" data-secret=\"B3JZlvNCuh\"><a href=\"https:\/\/kapitalis.com\/tunisie\/2026\/09\/02\/laffaire-du-complot-n-1-en-cassation-suite-ou-fin\/\">L\u2019\u00abaffaire du complot n\u00b0 1\u00bb en cassation | Suite ou fin\u00a0?<\/a><\/blockquote><iframe loading=\"lazy\" class=\"wp-embedded-content\" sandbox=\"allow-scripts\" security=\"restricted\" style=\"position: absolute; visibility: hidden;\" title=\"\u00ab\u00a0L\u2019\u00abaffaire du complot n\u00b0 1\u00bb en cassation | Suite ou fin\u00a0?\u00a0\u00bb \u2014 Kapitalis\" src=\"https:\/\/kapitalis.com\/tunisie\/2026\/09\/02\/laffaire-du-complot-n-1-en-cassation-suite-ou-fin\/embed\/#?secret=9kwxlh9w2R#?secret=B3JZlvNCuh\" data-secret=\"B3JZlvNCuh\" width=\"600\" height=\"338\" frameborder=\"0\" marginwidth=\"0\" marginheight=\"0\" scrolling=\"no\"><\/iframe>\n<\/div><\/figure>\n\n\n\n<p class=\"wp-block-paragraph\">Que ce soit par son contexte, ses circonstances, son contenu ou la mani\u00e8re dont elle a \u00e9t\u00e9 men\u00e9e, l\u2019affaire dite du complot r\u00e9v\u00e8le d\u00e8s le d\u00e9part un proc\u00e8s \u00e9minemment politique, qui rappelle ceux qu\u2019a connus la Tunisie durant les p\u00e9riodes d\u2019autoritarisme. On y a utilis\u00e9 les rouages de l\u2019\u00c9tat pour cibler des opposants dont le seul <em>\u00abcrime\u00bb<\/em> r\u00e9el \u00e9tait d\u2019exprimer leurs opinions, d\u2019exercer leurs droits et libert\u00e9s et de d\u00e9fendre leurs convictions. Et plus nous approfondissons les d\u00e9tails de ce dossier, plus nous avons la certitude que le droit en a \u00e9t\u00e9 la premi\u00e8re victime, et que l\u2019instrumentalisation politique est rest\u00e9e pr\u00e9sente \u00e0 chacune de ses \u00e9tapes, transformant la justice en un outil d\u2019intimidation et de b\u00e2illonnement des voix dissidentes.<\/p>\n\n\n\n<p class=\"wp-block-paragraph\">Vous \u00eates aujourd\u2019hui appel\u00e9s \u00e0 examiner l\u2019une des affaires les plus graves de l\u2019histoire moderne du pays, non seulement en raison de l\u2019ampleur de l\u2019ing\u00e9rence politique qui l\u2019a accompagn\u00e9e et orient\u00e9e, mais aussi parce qu\u2019elle a englob\u00e9 des personnalit\u00e9s appartenant \u00e0 des courants intellectuels et politiques divers, qui n\u2019ont fait qu\u2019exercer des droits garantis par la loi. Elle a par ailleurs produit de graves pr\u00e9c\u00e9dents portant atteinte aux fondements m\u00eame du proc\u00e8s \u00e9quitable, au premier rang desquels le fait d\u2019avoir priv\u00e9 les d\u00e9tenus de leur droit \u00e0 compara\u00eetre r\u00e9ellement devant le tribunal et \u00e0 se d\u00e9fendre directement devant le juge et devant l\u2019opinion publique.<\/p>\n\n\n\n<p class=\"wp-block-paragraph\">C&rsquo;est une affaire qui restera grav\u00e9e dans la m\u00e9moire nationale et judiciaire, et votre responsabilit\u00e9 y demeurera exceptionnelle \u00e0 tous \u00e9gards. La d\u00e9cision que vous rendrez ne se limitera pas, dans ses effets, aux seules parties de cette affaire. Le droit est \u00e9vident, l\u2019injustice l\u2019est tout autant, et il vous incombe aujourd\u2019hui de trancher entre les deux.<\/p>\n\n\n\n<p class=\"wp-block-paragraph\">Il est notoire que le paysage judiciaire a connu, ces derni\u00e8res ann\u00e9es, un recul grave des garanties d\u2019ind\u00e9pendance et d\u2019impartialit\u00e9 de la justice, \u00e0 la suite de mesures ayant port\u00e9 atteinte au c\u0153ur m\u00eame de cette ind\u00e9pendance, au premier rang desquelles la dissolution du Conseil sup\u00e9rieur de la magistrature. J\u2019ai suivi cette r\u00e9alit\u00e9 de pr\u00e8s, en tant que pr\u00e9sident du Comit\u00e9 de d\u00e9fense de vos confr\u00e8res magistrats r\u00e9voqu\u00e9s, et j\u2019ai vu comment cela a contribu\u00e9 \u00e0 affaiblir le r\u00f4le de la justice et \u00e0 la d\u00e9tourner de sa mission originelle.<\/p>\n\n\n\n<p class=\"wp-block-paragraph\">C\u2019est dans ce m\u00eame contexte que s\u2019est d\u00e9roul\u00e9 notre proc\u00e8s. Le danger aujourd\u2019hui ne r\u00e9side pas seulement dans les pressions exerc\u00e9es sur les juges, mais dans le fait que les r\u00e9sultats de ces pressions se transforment en jugements qui engendrent davantage d\u2019injustices, confisquent les libert\u00e9s, an\u00e9antissent le pluralisme et vident l\u2019id\u00e9e d\u2019\u00e9quit\u00e9 de son contenu. Car celui qui est charg\u00e9 de juger entre les gens doit \u00eatre \u00e0 la hauteur du serment qu\u2019il a pr\u00eat\u00e9 et de la responsabilit\u00e9 qu\u2019il s\u2019est lui-m\u00eame donn\u00e9e.<\/p>\n\n\n\n<p class=\"wp-block-paragraph\">Monsieur le pr\u00e9sident de la chambre de cassation, Mesdames et Messieurs les conseillers,<\/p>\n\n\n\n<p class=\"wp-block-paragraph\">Je suis Ayachi Hammami, je vous parle depuis ma prison de la Mornaguia, et je vous mets devant votre responsabilit\u00e9 juridique, morale et historique dans le traitement de ce dossier, conform\u00e9ment \u00e0 ce qu\u2019exige la loi et \u00e0 ce que commandent la mission et les valeurs de la justice. Vous n\u2019avez pas besoin qu\u2019on vous rappelle les dispositions de la loi ou les exigences du serment du juge. Vous savez pertinemment quels d\u00e9passements ont entach\u00e9 ce dossier et quelles atteintes ont \u00e9t\u00e9 port\u00e9es aux garanties du proc\u00e8s \u00e9quitable. Il n\u2019y a donc pas lieu de pr\u00e9tendre \u00e0 l\u2019ignorance, ni d\u2019invoquer le flou ou l\u2019ambigu\u00eft\u00e9, ni de rejeter la responsabilit\u00e9 sur une quelconque autre partie.<\/p>\n\n\n\n<p class=\"wp-block-paragraph\">Porter atteinte \u00e0 l\u2019ind\u00e9pendance et \u00e0 l\u2019impartialit\u00e9 de la justice ne d\u00e9charge pas le juge de sa responsabilit\u00e9, elle la redouble. Le juge n\u2019est pas un t\u00e9moin neutre de l\u2019injustice, mais le d\u00e9positaire d\u2019un devoir juridique et moral qui lui impose de faire triompher la justice et de refuser que la justice soit mise au service de tout projet autoritaire.<\/p>\n\n\n\n<p class=\"wp-block-paragraph\">Vous \u00eates aujourd\u2019hui \u00e0 un moment d\u00e9cisif. Soit cet absurde s\u2019arr\u00eate sur les marches de votre tribunal, soit il se trouve consacr\u00e9 par un arr\u00eat rendu en votre nom \u2014 un arr\u00eat qui portera vos noms, et vos noms, c\u2019est l\u2019Histoire qui les retiendra. Le choix vous appartient, et la responsabilit\u00e9 vous incombe. Quant \u00e0 l\u2019Histoire, son jugement qui n\u2019admet ni appel ni cassation, il est irr\u00e9vocable !<\/p>\n\n\n\n<p class=\"has-text-align-right wp-block-paragraph\"><em><strong>Prison de la Mornaguia.<\/strong><\/em><\/p>\n\n\n\n<figure class=\"wp-block-embed alignleft is-type-wp-embed is-provider-kapitalis wp-block-embed-kapitalis\"><div class=\"wp-block-embed__wrapper\">\n<blockquote class=\"wp-embedded-content\" data-secret=\"sStAObdd0G\"><a href=\"https:\/\/kapitalis.com\/tunisie\/2026\/09\/02\/tunisie-lamt-denonce-la-suspension-de-magistrats-et-leur-privation-de-salaire\/\">Tunisie | L\u2019AMT d\u00e9nonce la suspension de magistrats et leur privation de salaire<\/a><\/blockquote><iframe loading=\"lazy\" class=\"wp-embedded-content\" sandbox=\"allow-scripts\" security=\"restricted\" style=\"position: absolute; visibility: hidden;\" title=\"\u00ab\u00a0Tunisie | L\u2019AMT d\u00e9nonce la suspension de magistrats et leur privation de salaire\u00a0\u00bb \u2014 Kapitalis\" src=\"https:\/\/kapitalis.com\/tunisie\/2026\/09\/02\/tunisie-lamt-denonce-la-suspension-de-magistrats-et-leur-privation-de-salaire\/embed\/#?secret=m6rqWenoTx#?secret=sStAObdd0G\" data-secret=\"sStAObdd0G\" width=\"600\" height=\"338\" frameborder=\"0\" marginwidth=\"0\" marginheight=\"0\" scrolling=\"no\"><\/iframe>\n<\/div><\/figure>\n","protected":false},"excerpt":{"rendered":"<p>Lettre de Me Ayachi Hammami au pr\u00e9sident de la chambre de cassation et \u00e0 ses conseillers, \u00e0 propos de l&rsquo;affaire dite du complot.  <\/p>\n","protected":false},"author":8,"featured_media":6030642,"comment_status":"open","ping_status":"open","sticky":false,"template":"","format":"standard","meta":{"footnotes":""},"categories":[997,2433],"tags":[109837,31970,94585],"class_list":["post-19563147","post","type-post","status-publish","format-standard","has-post-thumbnail","hentry","category-politique","category-tunisie","tag-affaire-du-complot","tag-ayachi-hammami","tag-cour-de-cassation"],"yoast_head":"<!-- This site is optimized with the Yoast SEO plugin v26.6 - https:\/\/yoast.com\/wordpress\/plugins\/seo\/ -->\n<title>Affaire du complot | Lettre de Ayachi Hammami aux juges - Kapitalis<\/title>\n<meta name=\"description\" content=\"Lettre de Me Ayachi Hammami au pr\u00e9sident de la chambre de cassation et \u00e0 ses conseillers, \u00e0 propos de l&#039;affaire dite du complot.\" \/>\n<meta name=\"robots\" content=\"index, follow, max-snippet:-1, max-image-preview:large, max-video-preview:-1\" \/>\n<link rel=\"canonical\" href=\"https:\/\/kapitalis.com\/tunisie\/2026\/09\/03\/affaire-du-complot-lettre-de-ayachi-hammami-aux-juges\/\" \/>\n<meta property=\"og:locale\" content=\"fr_FR\" \/>\n<meta property=\"og:type\" content=\"article\" \/>\n<meta property=\"og:title\" content=\"Affaire du complot | Lettre de Ayachi Hammami aux juges - Kapitalis\" \/>\n<meta property=\"og:description\" content=\"Lettre de Me Ayachi Hammami au pr\u00e9sident de la chambre de cassation et \u00e0 ses conseillers, \u00e0 propos de l&#039;affaire dite du complot.\" \/>\n<meta property=\"og:url\" content=\"https:\/\/kapitalis.com\/tunisie\/2026\/09\/03\/affaire-du-complot-lettre-de-ayachi-hammami-aux-juges\/\" \/>\n<meta property=\"og:site_name\" content=\"Kapitalis\" \/>\n<meta property=\"article:publisher\" content=\"https:\/\/www.facebook.com\/KapitalisInfo\/\" \/>\n<meta property=\"article:published_time\" content=\"2026-09-03T05:55:13+00:00\" \/>\n<meta property=\"article:modified_time\" content=\"2026-09-03T06:02:16+00:00\" \/>\n<meta property=\"og:image\" content=\"https:\/\/kapitalis.com\/tunisie\/wp-content\/uploads\/2023\/01\/Ayachi-Hammami-2.jpg\" \/>\n\t<meta property=\"og:image:width\" content=\"1200\" \/>\n\t<meta property=\"og:image:height\" content=\"630\" \/>\n\t<meta property=\"og:image:type\" content=\"image\/jpeg\" \/>\n<meta name=\"author\" content=\"webmaster kapitalis\" \/>\n<meta name=\"twitter:card\" content=\"summary_large_image\" \/>\n<meta name=\"twitter:creator\" content=\"@KapitalisInfo\" \/>\n<meta name=\"twitter:site\" content=\"@KapitalisInfo\" \/>\n<meta name=\"twitter:label1\" content=\"\u00c9crit par\" \/>\n\t<meta name=\"twitter:data1\" content=\"webmaster kapitalis\" \/>\n\t<meta name=\"twitter:label2\" content=\"Dur\u00e9e de lecture estim\u00e9e\" \/>\n\t<meta name=\"twitter:data2\" content=\"6 minutes\" \/>\n<script type=\"application\/ld+json\" class=\"yoast-schema-graph\">{\"@context\":\"https:\/\/schema.org\",\"@graph\":[{\"@type\":\"Article\",\"@id\":\"https:\/\/kapitalis.com\/tunisie\/2026\/09\/03\/affaire-du-complot-lettre-de-ayachi-hammami-aux-juges\/#article\",\"isPartOf\":{\"@id\":\"https:\/\/kapitalis.com\/tunisie\/2026\/09\/03\/affaire-du-complot-lettre-de-ayachi-hammami-aux-juges\/\"},\"author\":{\"name\":\"webmaster kapitalis\",\"@id\":\"https:\/\/kapitalis.com\/tunisie\/#\/schema\/person\/d71f33a9ca44f7bad4698210b480c8e9\"},\"headline\":\"Affaire du complot | Lettre de Ayachi Hammami aux juges\",\"datePublished\":\"2026-09-03T05:55:13+00:00\",\"dateModified\":\"2026-09-03T06:02:16+00:00\",\"mainEntityOfPage\":{\"@id\":\"https:\/\/kapitalis.com\/tunisie\/2026\/09\/03\/affaire-du-complot-lettre-de-ayachi-hammami-aux-juges\/\"},\"wordCount\":1156,\"commentCount\":0,\"publisher\":{\"@id\":\"https:\/\/kapitalis.com\/tunisie\/#organization\"},\"image\":{\"@id\":\"https:\/\/kapitalis.com\/tunisie\/2026\/09\/03\/affaire-du-complot-lettre-de-ayachi-hammami-aux-juges\/#primaryimage\"},\"thumbnailUrl\":\"https:\/\/kapitalis.com\/tunisie\/wp-content\/uploads\/2023\/01\/Ayachi-Hammami-2.jpg\",\"keywords\":[\"affaire du complot\",\"Ayachi Hammami\",\"Cour de cassation\"],\"articleSection\":[\"POLITIQUE\",\"Tunisie\"],\"inLanguage\":\"fr-FR\",\"potentialAction\":[{\"@type\":\"CommentAction\",\"name\":\"Comment\",\"target\":[\"https:\/\/kapitalis.com\/tunisie\/2026\/09\/03\/affaire-du-complot-lettre-de-ayachi-hammami-aux-juges\/#respond\"]}]},{\"@type\":\"WebPage\",\"@id\":\"https:\/\/kapitalis.com\/tunisie\/2026\/09\/03\/affaire-du-complot-lettre-de-ayachi-hammami-aux-juges\/\",\"url\":\"https:\/\/kapitalis.com\/tunisie\/2026\/09\/03\/affaire-du-complot-lettre-de-ayachi-hammami-aux-juges\/\",\"name\":\"Affaire du complot | Lettre de Ayachi Hammami aux juges - Kapitalis\",\"isPartOf\":{\"@id\":\"https:\/\/kapitalis.com\/tunisie\/#website\"},\"primaryImageOfPage\":{\"@id\":\"https:\/\/kapitalis.com\/tunisie\/2026\/09\/03\/affaire-du-complot-lettre-de-ayachi-hammami-aux-juges\/#primaryimage\"},\"image\":{\"@id\":\"https:\/\/kapitalis.com\/tunisie\/2026\/09\/03\/affaire-du-complot-lettre-de-ayachi-hammami-aux-juges\/#primaryimage\"},\"thumbnailUrl\":\"https:\/\/kapitalis.com\/tunisie\/wp-content\/uploads\/2023\/01\/Ayachi-Hammami-2.jpg\",\"datePublished\":\"2026-09-03T05:55:13+00:00\",\"dateModified\":\"2026-09-03T06:02:16+00:00\",\"description\":\"Lettre de Me Ayachi Hammami au pr\u00e9sident de la chambre de cassation et \u00e0 ses conseillers, \u00e0 propos de l'affaire dite du complot.\",\"breadcrumb\":{\"@id\":\"https:\/\/kapitalis.com\/tunisie\/2026\/09\/03\/affaire-du-complot-lettre-de-ayachi-hammami-aux-juges\/#breadcrumb\"},\"inLanguage\":\"fr-FR\",\"potentialAction\":[{\"@type\":\"ReadAction\",\"target\":[\"https:\/\/kapitalis.com\/tunisie\/2026\/09\/03\/affaire-du-complot-lettre-de-ayachi-hammami-aux-juges\/\"]}]},{\"@type\":\"ImageObject\",\"inLanguage\":\"fr-FR\",\"@id\":\"https:\/\/kapitalis.com\/tunisie\/2026\/09\/03\/affaire-du-complot-lettre-de-ayachi-hammami-aux-juges\/#primaryimage\",\"url\":\"https:\/\/kapitalis.com\/tunisie\/wp-content\/uploads\/2023\/01\/Ayachi-Hammami-2.jpg\",\"contentUrl\":\"https:\/\/kapitalis.com\/tunisie\/wp-content\/uploads\/2023\/01\/Ayachi-Hammami-2.jpg\",\"width\":1200,\"height\":630},{\"@type\":\"BreadcrumbList\",\"@id\":\"https:\/\/kapitalis.com\/tunisie\/2026\/09\/03\/affaire-du-complot-lettre-de-ayachi-hammami-aux-juges\/#breadcrumb\",\"itemListElement\":[{\"@type\":\"ListItem\",\"position\":1,\"name\":\"Accueil\",\"item\":\"https:\/\/kapitalis.com\/tunisie\/\"},{\"@type\":\"ListItem\",\"position\":2,\"name\":\"Affaire du complot | Lettre de Ayachi Hammami aux juges\"}]},{\"@type\":\"WebSite\",\"@id\":\"https:\/\/kapitalis.com\/tunisie\/#website\",\"url\":\"https:\/\/kapitalis.com\/tunisie\/\",\"name\":\"Kapitalis\",\"description\":\"L&#039;actualit\u00e9 en Tunisie et dans le monde\",\"publisher\":{\"@id\":\"https:\/\/kapitalis.com\/tunisie\/#organization\"},\"potentialAction\":[{\"@type\":\"SearchAction\",\"target\":{\"@type\":\"EntryPoint\",\"urlTemplate\":\"https:\/\/kapitalis.com\/tunisie\/?s={search_term_string}\"},\"query-input\":{\"@type\":\"PropertyValueSpecification\",\"valueRequired\":true,\"valueName\":\"search_term_string\"}}],\"inLanguage\":\"fr-FR\"},{\"@type\":\"Organization\",\"@id\":\"https:\/\/kapitalis.com\/tunisie\/#organization\",\"name\":\"Kapitalis\",\"url\":\"https:\/\/kapitalis.com\/tunisie\/\",\"logo\":{\"@type\":\"ImageObject\",\"inLanguage\":\"fr-FR\",\"@id\":\"https:\/\/kapitalis.com\/tunisie\/#\/schema\/logo\/image\/\",\"url\":\"https:\/\/kapitalis.com\/tunisie\/wp-content\/uploads\/2022\/05\/Kapitalis-big-size.png\",\"contentUrl\":\"https:\/\/kapitalis.com\/tunisie\/wp-content\/uploads\/2022\/05\/Kapitalis-big-size.png\",\"width\":5000,\"height\":1500,\"caption\":\"Kapitalis\"},\"image\":{\"@id\":\"https:\/\/kapitalis.com\/tunisie\/#\/schema\/logo\/image\/\"},\"sameAs\":[\"https:\/\/www.facebook.com\/KapitalisInfo\/\",\"https:\/\/x.com\/KapitalisInfo\",\"https:\/\/www.youtube.com\/channel\/UC-yDYrHyfFBWWZaOw3FPg9Q\"]},{\"@type\":\"Person\",\"@id\":\"https:\/\/kapitalis.com\/tunisie\/#\/schema\/person\/d71f33a9ca44f7bad4698210b480c8e9\",\"name\":\"webmaster kapitalis\",\"url\":\"https:\/\/kapitalis.com\/tunisie\/author\/webmaster-kapitalis\/\"}]}<\/script>\n<!-- \/ Yoast SEO plugin. -->","yoast_head_json":{"title":"Affaire du complot | Lettre de Ayachi Hammami aux juges - Kapitalis","description":"Lettre de Me Ayachi Hammami au pr\u00e9sident de la chambre de cassation et \u00e0 ses conseillers, \u00e0 propos de l'affaire dite du complot.","robots":{"index":"index","follow":"follow","max-snippet":"max-snippet:-1","max-image-preview":"max-image-preview:large","max-video-preview":"max-video-preview:-1"},"canonical":"https:\/\/kapitalis.com\/tunisie\/2026\/09\/03\/affaire-du-complot-lettre-de-ayachi-hammami-aux-juges\/","og_locale":"fr_FR","og_type":"article","og_title":"Affaire du complot | Lettre de Ayachi Hammami aux juges - Kapitalis","og_description":"Lettre de Me Ayachi Hammami au pr\u00e9sident de la chambre de cassation et \u00e0 ses conseillers, \u00e0 propos de l'affaire dite du complot.","og_url":"https:\/\/kapitalis.com\/tunisie\/2026\/09\/03\/affaire-du-complot-lettre-de-ayachi-hammami-aux-juges\/","og_site_name":"Kapitalis","article_publisher":"https:\/\/www.facebook.com\/KapitalisInfo\/","article_published_time":"2026-09-03T05:55:13+00:00","article_modified_time":"2026-09-03T06:02:16+00:00","og_image":[{"width":1200,"height":630,"url":"https:\/\/kapitalis.com\/tunisie\/wp-content\/uploads\/2023\/01\/Ayachi-Hammami-2.jpg","type":"image\/jpeg"}],"author":"webmaster kapitalis","twitter_card":"summary_large_image","twitter_creator":"@KapitalisInfo","twitter_site":"@KapitalisInfo","twitter_misc":{"\u00c9crit par":"webmaster kapitalis","Dur\u00e9e de lecture estim\u00e9e":"6 minutes"},"schema":{"@context":"https:\/\/schema.org","@graph":[{"@type":"Article","@id":"https:\/\/kapitalis.com\/tunisie\/2026\/09\/03\/affaire-du-complot-lettre-de-ayachi-hammami-aux-juges\/#article","isPartOf":{"@id":"https:\/\/kapitalis.com\/tunisie\/2026\/09\/03\/affaire-du-complot-lettre-de-ayachi-hammami-aux-juges\/"},"author":{"name":"webmaster kapitalis","@id":"https:\/\/kapitalis.com\/tunisie\/#\/schema\/person\/d71f33a9ca44f7bad4698210b480c8e9"},"headline":"Affaire du complot | Lettre de Ayachi Hammami aux juges","datePublished":"2026-09-03T05:55:13+00:00","dateModified":"2026-09-03T06:02:16+00:00","mainEntityOfPage":{"@id":"https:\/\/kapitalis.com\/tunisie\/2026\/09\/03\/affaire-du-complot-lettre-de-ayachi-hammami-aux-juges\/"},"wordCount":1156,"commentCount":0,"publisher":{"@id":"https:\/\/kapitalis.com\/tunisie\/#organization"},"image":{"@id":"https:\/\/kapitalis.com\/tunisie\/2026\/09\/03\/affaire-du-complot-lettre-de-ayachi-hammami-aux-juges\/#primaryimage"},"thumbnailUrl":"https:\/\/kapitalis.com\/tunisie\/wp-content\/uploads\/2023\/01\/Ayachi-Hammami-2.jpg","keywords":["affaire du complot","Ayachi Hammami","Cour de cassation"],"articleSection":["POLITIQUE","Tunisie"],"inLanguage":"fr-FR","potentialAction":[{"@type":"CommentAction","name":"Comment","target":["https:\/\/kapitalis.com\/tunisie\/2026\/09\/03\/affaire-du-complot-lettre-de-ayachi-hammami-aux-juges\/#respond"]}]},{"@type":"WebPage","@id":"https:\/\/kapitalis.com\/tunisie\/2026\/09\/03\/affaire-du-complot-lettre-de-ayachi-hammami-aux-juges\/","url":"https:\/\/kapitalis.com\/tunisie\/2026\/09\/03\/affaire-du-complot-lettre-de-ayachi-hammami-aux-juges\/","name":"Affaire du complot | Lettre de Ayachi Hammami aux juges - Kapitalis","isPartOf":{"@id":"https:\/\/kapitalis.com\/tunisie\/#website"},"primaryImageOfPage":{"@id":"https:\/\/kapitalis.com\/tunisie\/2026\/09\/03\/affaire-du-complot-lettre-de-ayachi-hammami-aux-juges\/#primaryimage"},"image":{"@id":"https:\/\/kapitalis.com\/tunisie\/2026\/09\/03\/affaire-du-complot-lettre-de-ayachi-hammami-aux-juges\/#primaryimage"},"thumbnailUrl":"https:\/\/kapitalis.com\/tunisie\/wp-content\/uploads\/2023\/01\/Ayachi-Hammami-2.jpg","datePublished":"2026-09-03T05:55:13+00:00","dateModified":"2026-09-03T06:02:16+00:00","description":"Lettre de Me Ayachi Hammami au pr\u00e9sident de la chambre de cassation et \u00e0 ses conseillers, \u00e0 propos de l'affaire dite du complot.","breadcrumb":{"@id":"https:\/\/kapitalis.com\/tunisie\/2026\/09\/03\/affaire-du-complot-lettre-de-ayachi-hammami-aux-juges\/#breadcrumb"},"inLanguage":"fr-FR","potentialAction":[{"@type":"ReadAction","target":["https:\/\/kapitalis.com\/tunisie\/2026\/09\/03\/affaire-du-complot-lettre-de-ayachi-hammami-aux-juges\/"]}]},{"@type":"ImageObject","inLanguage":"fr-FR","@id":"https:\/\/kapitalis.com\/tunisie\/2026\/09\/03\/affaire-du-complot-lettre-de-ayachi-hammami-aux-juges\/#primaryimage","url":"https:\/\/kapitalis.com\/tunisie\/wp-content\/uploads\/2023\/01\/Ayachi-Hammami-2.jpg","contentUrl":"https:\/\/kapitalis.com\/tunisie\/wp-content\/uploads\/2023\/01\/Ayachi-Hammami-2.jpg","width":1200,"height":630},{"@type":"BreadcrumbList","@id":"https:\/\/kapitalis.com\/tunisie\/2026\/09\/03\/affaire-du-complot-lettre-de-ayachi-hammami-aux-juges\/#breadcrumb","itemListElement":[{"@type":"ListItem","position":1,"name":"Accueil","item":"https:\/\/kapitalis.com\/tunisie\/"},{"@type":"ListItem","position":2,"name":"Affaire du complot | Lettre de Ayachi Hammami aux juges"}]},{"@type":"WebSite","@id":"https:\/\/kapitalis.com\/tunisie\/#website","url":"https:\/\/kapitalis.com\/tunisie\/","name":"Kapitalis","description":"L&#039;actualit\u00e9 en Tunisie et dans le monde","publisher":{"@id":"https:\/\/kapitalis.com\/tunisie\/#organization"},"potentialAction":[{"@type":"SearchAction","target":{"@type":"EntryPoint","urlTemplate":"https:\/\/kapitalis.com\/tunisie\/?s={search_term_string}"},"query-input":{"@type":"PropertyValueSpecification","valueRequired":true,"valueName":"search_term_string"}}],"inLanguage":"fr-FR"},{"@type":"Organization","@id":"https:\/\/kapitalis.com\/tunisie\/#organization","name":"Kapitalis","url":"https:\/\/kapitalis.com\/tunisie\/","logo":{"@type":"ImageObject","inLanguage":"fr-FR","@id":"https:\/\/kapitalis.com\/tunisie\/#\/schema\/logo\/image\/","url":"https:\/\/kapitalis.com\/tunisie\/wp-content\/uploads\/2022\/05\/Kapitalis-big-size.png","contentUrl":"https:\/\/kapitalis.com\/tunisie\/wp-content\/uploads\/2022\/05\/Kapitalis-big-size.png","width":5000,"height":1500,"caption":"Kapitalis"},"image":{"@id":"https:\/\/kapitalis.com\/tunisie\/#\/schema\/logo\/image\/"},"sameAs":["https:\/\/www.facebook.com\/KapitalisInfo\/","https:\/\/x.com\/KapitalisInfo","https:\/\/www.youtube.com\/channel\/UC-yDYrHyfFBWWZaOw3FPg9Q"]},{"@type":"Person","@id":"https:\/\/kapitalis.com\/tunisie\/#\/schema\/person\/d71f33a9ca44f7bad4698210b480c8e9","name":"webmaster kapitalis","url":"https:\/\/kapitalis.com\/tunisie\/author\/webmaster-kapitalis\/"}]}},"_links":{"self":[{"href":"https:\/\/kapitalis.com\/tunisie\/wp-json\/wp\/v2\/posts\/19563147","targetHints":{"allow":["GET"]}}],"collection":[{"href":"https:\/\/kapitalis.com\/tunisie\/wp-json\/wp\/v2\/posts"}],"about":[{"href":"https:\/\/kapitalis.com\/tunisie\/wp-json\/wp\/v2\/types\/post"}],"author":[{"embeddable":true,"href":"https:\/\/kapitalis.com\/tunisie\/wp-json\/wp\/v2\/users\/8"}],"replies":[{"embeddable":true,"href":"https:\/\/kapitalis.com\/tunisie\/wp-json\/wp\/v2\/comments?post=19563147"}],"version-history":[{"count":2,"href":"https:\/\/kapitalis.com\/tunisie\/wp-json\/wp\/v2\/posts\/19563147\/revisions"}],"predecessor-version":[{"id":19563197,"href":"https:\/\/kapitalis.com\/tunisie\/wp-json\/wp\/v2\/posts\/19563147\/revisions\/19563197"}],"wp:featuredmedia":[{"embeddable":true,"href":"https:\/\/kapitalis.com\/tunisie\/wp-json\/wp\/v2\/media\/6030642"}],"wp:attachment":[{"href":"https:\/\/kapitalis.com\/tunisie\/wp-json\/wp\/v2\/media?parent=19563147"}],"wp:term":[{"taxonomy":"category","embeddable":true,"href":"https:\/\/kapitalis.com\/tunisie\/wp-json\/wp\/v2\/categories?post=19563147"},{"taxonomy":"post_tag","embeddable":true,"href":"https:\/\/kapitalis.com\/tunisie\/wp-json\/wp\/v2\/tags?post=19563147"}],"curies":[{"name":"wp","href":"https:\/\/api.w.org\/{rel}","templated":true}]}}