{"id":19563476,"date":"2026-09-03T07:54:41","date_gmt":"2026-09-03T06:54:41","guid":{"rendered":"https:\/\/kapitalis.com\/tunisie\/?p=19563476"},"modified":"2026-09-03T07:54:43","modified_gmt":"2026-09-03T06:54:43","slug":"bientot-un-parc-eolien-a-el-fahs-subventionne-par-le-japon","status":"publish","type":"post","link":"https:\/\/kapitalis.com\/tunisie\/2026\/09\/03\/bientot-un-parc-eolien-a-el-fahs-subventionne-par-le-japon\/","title":{"rendered":"Bient\u00f4t, un parc \u00e9olien \u00e0 El Fahs subventionn\u00e9 par le Japon"},"content":{"rendered":"\n<p class=\"wp-block-paragraph\"><strong><em>Le projet \u00e9olien terrestre de 75 MW d\u2019El Fahs, gouvernorat de Zaghouan, qui a \u00e9t\u00e9 s\u00e9lectionn\u00e9, en juillet 2026, pour b\u00e9n\u00e9ficier d\u2019une subvention du Japon, sera mis en \u0153uvre par une coentreprise nippo-norv\u00e9gienne compos\u00e9e d\u2019Eurus Energy Holdings Corporation et de Scatec. Il s\u2019agit du 5<sup>e<\/sup> projet mis en \u0153uvre dans le cadre du M\u00e9canisme d\u2019\u00e9change de cr\u00e9dits carbone (MCC), fond\u00e9 sur l\u2019article 6 de l\u2019Accord de Paris, en Tunisie, et du premier projet \u00e9olien approuv\u00e9 en la mati\u00e8re.<\/em><\/strong> <em>(Photo: Champs d&rsquo;\u00e9oliennes \u00e0 Haouaria, Nabeul).<\/em><\/p>\n\n\n\n<!--more-->\n\n\n\n<p class=\"wp-block-paragraph\">Dans un communiqu\u00e9 publi\u00e9 ce jeudi 3 septembre 2026, l\u2019ambassade du Japon en Tunisie rappelle les autres projets mis en \u0153uvre dans le cadre du MCC. En avril 2026, deux centrales photovolta\u00efques d\u2019une puissance de 50 MW chacune, l\u2019une \u00e0 Tozeur et l\u2019autre \u00e0 Sidi Bouzid, ont \u00e9t\u00e9 mises en service. En outre, un projet photovolta\u00efque de 100 MW \u00e0 Sidi Bouzid est en cours de d\u00e9veloppement, tandis qu\u2019un projet photovolta\u00efque de 130 MW \u00e0 Gab\u00e8s a \u00e9t\u00e9 s\u00e9lectionn\u00e9 en f\u00e9vrier 2026.<\/p>\n\n\n\n<p class=\"wp-block-paragraph\">Bien que de mani\u00e8re encore limit\u00e9e, ces projets ont g\u00e9n\u00e9r\u00e9 des emplois, tant durant les phases de construction que pour les activit\u00e9s d\u2019exploitation et de maintenance (O&amp;M), pr\u00e9cise le communiqu\u00e9.<\/p>\n\n\n\n<p class=\"wp-block-paragraph\"><em>\u00abCes initiatives renforcent la capacit\u00e9 de production d\u2019\u00e9nergies renouvelables en Tunisie, soutiennent la transition \u00e9nerg\u00e9tique nationale et contribuent \u00e0 la r\u00e9duction des \u00e9missions de gaz \u00e0 effet de serre\u00bb<\/em>, ajoute l\u2019ambassade du Japon qui conclut&nbsp;: <em>\u00ab<\/em><em>Nous souhaitons qu\u2019elles contribuent \u00e0 une meilleure ma\u00eetrise de l\u2019approvisionnement \u00e9nerg\u00e9tique et au renforcement de la s\u00e9curit\u00e9 \u00e9nerg\u00e9tique, en augmentant la production locale d\u2019\u00e9lectricit\u00e9 renouvelable.\u00bb<\/em><\/p>\n\n\n\n<p class=\"wp-block-paragraph\"><\/p>\n","protected":false},"excerpt":{"rendered":"<p>Le projet \u00e9olien terrestre de 75 MW d\u2019El Fahs, gouvernorat de Zaghouan bient\u00f4t mis en \u0153uvre gr\u00e2ce \u00e0 une subvention japonaise.  <\/p>\n","protected":false},"author":8,"featured_media":17316408,"comment_status":"open","ping_status":"open","sticky":false,"template":"","format":"standard","meta":{"footnotes":""},"categories":[995,2433],"tags":[107383,103274,129963,4855,119574,2066],"class_list":["post-19563476","post","type-post","status-publish","format-standard","has-post-thumbnail","hentry","category-economie","category-tunisie","tag-el-fahs-2","tag-energie-eolienne","tag-eurus-energy","tag-japon","tag-scatec","tag-zaghouan"],"yoast_head":"<!-- This site is optimized with the Yoast SEO plugin v26.6 - https:\/\/yoast.com\/wordpress\/plugins\/seo\/ -->\n<title>Bient\u00f4t, un parc \u00e9olien \u00e0 El Fahs subventionn\u00e9 par le Japon - Kapitalis<\/title>\n<meta name=\"description\" content=\"Le projet \u00e9olien terrestre de 75 MW d\u2019El Fahs, gouvernorat de Zaghouan bient\u00f4t mis en \u0153uvre gr\u00e2ce \u00e0 une subvention japonaise.\" \/>\n<meta name=\"robots\" content=\"index, follow, max-snippet:-1, max-image-preview:large, max-video-preview:-1\" \/>\n<link rel=\"canonical\" href=\"https:\/\/kapitalis.com\/tunisie\/2026\/09\/03\/bientot-un-parc-eolien-a-el-fahs-subventionne-par-le-japon\/\" \/>\n<meta property=\"og:locale\" content=\"fr_FR\" \/>\n<meta property=\"og:type\" content=\"article\" \/>\n<meta property=\"og:title\" content=\"Bient\u00f4t, un parc \u00e9olien \u00e0 El Fahs subventionn\u00e9 par le Japon - Kapitalis\" \/>\n<meta property=\"og:description\" content=\"Le projet \u00e9olien terrestre de 75 MW d\u2019El Fahs, gouvernorat de Zaghouan bient\u00f4t mis en \u0153uvre gr\u00e2ce \u00e0 une subvention japonaise.\" \/>\n<meta property=\"og:url\" content=\"https:\/\/kapitalis.com\/tunisie\/2026\/09\/03\/bientot-un-parc-eolien-a-el-fahs-subventionne-par-le-japon\/\" \/>\n<meta property=\"og:site_name\" content=\"Kapitalis\" \/>\n<meta property=\"article:publisher\" content=\"https:\/\/www.facebook.com\/KapitalisInfo\/\" \/>\n<meta property=\"article:published_time\" content=\"2026-09-03T06:54:41+00:00\" \/>\n<meta property=\"article:modified_time\" content=\"2026-09-03T06:54:43+00:00\" \/>\n<meta property=\"og:image\" content=\"https:\/\/kapitalis.com\/tunisie\/wp-content\/uploads\/2025\/08\/Champ-Eolienne-El-Haouaria-2.jpg\" \/>\n\t<meta property=\"og:image:width\" content=\"1200\" \/>\n\t<meta property=\"og:image:height\" content=\"630\" \/>\n\t<meta property=\"og:image:type\" content=\"image\/jpeg\" \/>\n<meta name=\"author\" content=\"webmaster kapitalis\" \/>\n<meta name=\"twitter:card\" content=\"summary_large_image\" \/>\n<meta name=\"twitter:creator\" content=\"@KapitalisInfo\" \/>\n<meta name=\"twitter:site\" content=\"@KapitalisInfo\" \/>\n<meta name=\"twitter:label1\" content=\"\u00c9crit par\" \/>\n\t<meta name=\"twitter:data1\" content=\"webmaster kapitalis\" \/>\n\t<meta name=\"twitter:label2\" content=\"Dur\u00e9e de lecture estim\u00e9e\" \/>\n\t<meta name=\"twitter:data2\" content=\"2 minutes\" \/>\n<script type=\"application\/ld+json\" class=\"yoast-schema-graph\">{\"@context\":\"https:\/\/schema.org\",\"@graph\":[{\"@type\":\"Article\",\"@id\":\"https:\/\/kapitalis.com\/tunisie\/2026\/09\/03\/bientot-un-parc-eolien-a-el-fahs-subventionne-par-le-japon\/#article\",\"isPartOf\":{\"@id\":\"https:\/\/kapitalis.com\/tunisie\/2026\/09\/03\/bientot-un-parc-eolien-a-el-fahs-subventionne-par-le-japon\/\"},\"author\":{\"name\":\"webmaster kapitalis\",\"@id\":\"https:\/\/kapitalis.com\/tunisie\/#\/schema\/person\/d71f33a9ca44f7bad4698210b480c8e9\"},\"headline\":\"Bient\u00f4t, un parc \u00e9olien \u00e0 El Fahs subventionn\u00e9 par le Japon\",\"datePublished\":\"2026-09-03T06:54:41+00:00\",\"dateModified\":\"2026-09-03T06:54:43+00:00\",\"mainEntityOfPage\":{\"@id\":\"https:\/\/kapitalis.com\/tunisie\/2026\/09\/03\/bientot-un-parc-eolien-a-el-fahs-subventionne-par-le-japon\/\"},\"wordCount\":298,\"commentCount\":0,\"publisher\":{\"@id\":\"https:\/\/kapitalis.com\/tunisie\/#organization\"},\"image\":{\"@id\":\"https:\/\/kapitalis.com\/tunisie\/2026\/09\/03\/bientot-un-parc-eolien-a-el-fahs-subventionne-par-le-japon\/#primaryimage\"},\"thumbnailUrl\":\"https:\/\/kapitalis.com\/tunisie\/wp-content\/uploads\/2025\/08\/Champ-Eolienne-El-Haouaria-2.jpg\",\"keywords\":[\"El Fahs\",\"\u00e9nergie \u00e9olienne\",\"Eurus Energy\",\"Japon\",\"Scatec\",\"Zaghouan\"],\"articleSection\":[\"ECONOMIE\",\"Tunisie\"],\"inLanguage\":\"fr-FR\",\"potentialAction\":[{\"@type\":\"CommentAction\",\"name\":\"Comment\",\"target\":[\"https:\/\/kapitalis.com\/tunisie\/2026\/09\/03\/bientot-un-parc-eolien-a-el-fahs-subventionne-par-le-japon\/#respond\"]}]},{\"@type\":\"WebPage\",\"@id\":\"https:\/\/kapitalis.com\/tunisie\/2026\/09\/03\/bientot-un-parc-eolien-a-el-fahs-subventionne-par-le-japon\/\",\"url\":\"https:\/\/kapitalis.com\/tunisie\/2026\/09\/03\/bientot-un-parc-eolien-a-el-fahs-subventionne-par-le-japon\/\",\"name\":\"Bient\u00f4t, un parc \u00e9olien \u00e0 El Fahs subventionn\u00e9 par le Japon - Kapitalis\",\"isPartOf\":{\"@id\":\"https:\/\/kapitalis.com\/tunisie\/#website\"},\"primaryImageOfPage\":{\"@id\":\"https:\/\/kapitalis.com\/tunisie\/2026\/09\/03\/bientot-un-parc-eolien-a-el-fahs-subventionne-par-le-japon\/#primaryimage\"},\"image\":{\"@id\":\"https:\/\/kapitalis.com\/tunisie\/2026\/09\/03\/bientot-un-parc-eolien-a-el-fahs-subventionne-par-le-japon\/#primaryimage\"},\"thumbnailUrl\":\"https:\/\/kapitalis.com\/tunisie\/wp-content\/uploads\/2025\/08\/Champ-Eolienne-El-Haouaria-2.jpg\",\"datePublished\":\"2026-09-03T06:54:41+00:00\",\"dateModified\":\"2026-09-03T06:54:43+00:00\",\"description\":\"Le projet \u00e9olien terrestre de 75 MW d\u2019El Fahs, gouvernorat de Zaghouan bient\u00f4t mis en \u0153uvre gr\u00e2ce \u00e0 une subvention japonaise.\",\"breadcrumb\":{\"@id\":\"https:\/\/kapitalis.com\/tunisie\/2026\/09\/03\/bientot-un-parc-eolien-a-el-fahs-subventionne-par-le-japon\/#breadcrumb\"},\"inLanguage\":\"fr-FR\",\"potentialAction\":[{\"@type\":\"ReadAction\",\"target\":[\"https:\/\/kapitalis.com\/tunisie\/2026\/09\/03\/bientot-un-parc-eolien-a-el-fahs-subventionne-par-le-japon\/\"]}]},{\"@type\":\"ImageObject\",\"inLanguage\":\"fr-FR\",\"@id\":\"https:\/\/kapitalis.com\/tunisie\/2026\/09\/03\/bientot-un-parc-eolien-a-el-fahs-subventionne-par-le-japon\/#primaryimage\",\"url\":\"https:\/\/kapitalis.com\/tunisie\/wp-content\/uploads\/2025\/08\/Champ-Eolienne-El-Haouaria-2.jpg\",\"contentUrl\":\"https:\/\/kapitalis.com\/tunisie\/wp-content\/uploads\/2025\/08\/Champ-Eolienne-El-Haouaria-2.jpg\",\"width\":1200,\"height\":630},{\"@type\":\"BreadcrumbList\",\"@id\":\"https:\/\/kapitalis.com\/tunisie\/2026\/09\/03\/bientot-un-parc-eolien-a-el-fahs-subventionne-par-le-japon\/#breadcrumb\",\"itemListElement\":[{\"@type\":\"ListItem\",\"position\":1,\"name\":\"Accueil\",\"item\":\"https:\/\/kapitalis.com\/tunisie\/\"},{\"@type\":\"ListItem\",\"position\":2,\"name\":\"Bient\u00f4t, un parc \u00e9olien \u00e0 El Fahs subventionn\u00e9 par le Japon\"}]},{\"@type\":\"WebSite\",\"@id\":\"https:\/\/kapitalis.com\/tunisie\/#website\",\"url\":\"https:\/\/kapitalis.com\/tunisie\/\",\"name\":\"Kapitalis\",\"description\":\"L&#039;actualit\u00e9 en Tunisie et dans le monde\",\"publisher\":{\"@id\":\"https:\/\/kapitalis.com\/tunisie\/#organization\"},\"potentialAction\":[{\"@type\":\"SearchAction\",\"target\":{\"@type\":\"EntryPoint\",\"urlTemplate\":\"https:\/\/kapitalis.com\/tunisie\/?s={search_term_string}\"},\"query-input\":{\"@type\":\"PropertyValueSpecification\",\"valueRequired\":true,\"valueName\":\"search_term_string\"}}],\"inLanguage\":\"fr-FR\"},{\"@type\":\"Organization\",\"@id\":\"https:\/\/kapitalis.com\/tunisie\/#organization\",\"name\":\"Kapitalis\",\"url\":\"https:\/\/kapitalis.com\/tunisie\/\",\"logo\":{\"@type\":\"ImageObject\",\"inLanguage\":\"fr-FR\",\"@id\":\"https:\/\/kapitalis.com\/tunisie\/#\/schema\/logo\/image\/\",\"url\":\"https:\/\/kapitalis.com\/tunisie\/wp-content\/uploads\/2022\/05\/Kapitalis-big-size.png\",\"contentUrl\":\"https:\/\/kapitalis.com\/tunisie\/wp-content\/uploads\/2022\/05\/Kapitalis-big-size.png\",\"width\":5000,\"height\":1500,\"caption\":\"Kapitalis\"},\"image\":{\"@id\":\"https:\/\/kapitalis.com\/tunisie\/#\/schema\/logo\/image\/\"},\"sameAs\":[\"https:\/\/www.facebook.com\/KapitalisInfo\/\",\"https:\/\/x.com\/KapitalisInfo\",\"https:\/\/www.youtube.com\/channel\/UC-yDYrHyfFBWWZaOw3FPg9Q\"]},{\"@type\":\"Person\",\"@id\":\"https:\/\/kapitalis.com\/tunisie\/#\/schema\/person\/d71f33a9ca44f7bad4698210b480c8e9\",\"name\":\"webmaster kapitalis\",\"url\":\"https:\/\/kapitalis.com\/tunisie\/author\/webmaster-kapitalis\/\"}]}<\/script>\n<!-- \/ Yoast SEO plugin. -->","yoast_head_json":{"title":"Bient\u00f4t, un parc \u00e9olien \u00e0 El Fahs subventionn\u00e9 par le Japon - Kapitalis","description":"Le projet \u00e9olien terrestre de 75 MW d\u2019El Fahs, gouvernorat de Zaghouan bient\u00f4t mis en \u0153uvre gr\u00e2ce \u00e0 une subvention japonaise.","robots":{"index":"index","follow":"follow","max-snippet":"max-snippet:-1","max-image-preview":"max-image-preview:large","max-video-preview":"max-video-preview:-1"},"canonical":"https:\/\/kapitalis.com\/tunisie\/2026\/09\/03\/bientot-un-parc-eolien-a-el-fahs-subventionne-par-le-japon\/","og_locale":"fr_FR","og_type":"article","og_title":"Bient\u00f4t, un parc \u00e9olien \u00e0 El Fahs subventionn\u00e9 par le Japon - Kapitalis","og_description":"Le projet \u00e9olien terrestre de 75 MW d\u2019El Fahs, gouvernorat de Zaghouan bient\u00f4t mis en \u0153uvre gr\u00e2ce \u00e0 une subvention japonaise.","og_url":"https:\/\/kapitalis.com\/tunisie\/2026\/09\/03\/bientot-un-parc-eolien-a-el-fahs-subventionne-par-le-japon\/","og_site_name":"Kapitalis","article_publisher":"https:\/\/www.facebook.com\/KapitalisInfo\/","article_published_time":"2026-09-03T06:54:41+00:00","article_modified_time":"2026-09-03T06:54:43+00:00","og_image":[{"width":1200,"height":630,"url":"https:\/\/kapitalis.com\/tunisie\/wp-content\/uploads\/2025\/08\/Champ-Eolienne-El-Haouaria-2.jpg","type":"image\/jpeg"}],"author":"webmaster kapitalis","twitter_card":"summary_large_image","twitter_creator":"@KapitalisInfo","twitter_site":"@KapitalisInfo","twitter_misc":{"\u00c9crit par":"webmaster kapitalis","Dur\u00e9e de lecture estim\u00e9e":"2 minutes"},"schema":{"@context":"https:\/\/schema.org","@graph":[{"@type":"Article","@id":"https:\/\/kapitalis.com\/tunisie\/2026\/09\/03\/bientot-un-parc-eolien-a-el-fahs-subventionne-par-le-japon\/#article","isPartOf":{"@id":"https:\/\/kapitalis.com\/tunisie\/2026\/09\/03\/bientot-un-parc-eolien-a-el-fahs-subventionne-par-le-japon\/"},"author":{"name":"webmaster kapitalis","@id":"https:\/\/kapitalis.com\/tunisie\/#\/schema\/person\/d71f33a9ca44f7bad4698210b480c8e9"},"headline":"Bient\u00f4t, un parc \u00e9olien \u00e0 El Fahs subventionn\u00e9 par le Japon","datePublished":"2026-09-03T06:54:41+00:00","dateModified":"2026-09-03T06:54:43+00:00","mainEntityOfPage":{"@id":"https:\/\/kapitalis.com\/tunisie\/2026\/09\/03\/bientot-un-parc-eolien-a-el-fahs-subventionne-par-le-japon\/"},"wordCount":298,"commentCount":0,"publisher":{"@id":"https:\/\/kapitalis.com\/tunisie\/#organization"},"image":{"@id":"https:\/\/kapitalis.com\/tunisie\/2026\/09\/03\/bientot-un-parc-eolien-a-el-fahs-subventionne-par-le-japon\/#primaryimage"},"thumbnailUrl":"https:\/\/kapitalis.com\/tunisie\/wp-content\/uploads\/2025\/08\/Champ-Eolienne-El-Haouaria-2.jpg","keywords":["El Fahs","\u00e9nergie \u00e9olienne","Eurus Energy","Japon","Scatec","Zaghouan"],"articleSection":["ECONOMIE","Tunisie"],"inLanguage":"fr-FR","potentialAction":[{"@type":"CommentAction","name":"Comment","target":["https:\/\/kapitalis.com\/tunisie\/2026\/09\/03\/bientot-un-parc-eolien-a-el-fahs-subventionne-par-le-japon\/#respond"]}]},{"@type":"WebPage","@id":"https:\/\/kapitalis.com\/tunisie\/2026\/09\/03\/bientot-un-parc-eolien-a-el-fahs-subventionne-par-le-japon\/","url":"https:\/\/kapitalis.com\/tunisie\/2026\/09\/03\/bientot-un-parc-eolien-a-el-fahs-subventionne-par-le-japon\/","name":"Bient\u00f4t, un parc \u00e9olien \u00e0 El Fahs subventionn\u00e9 par le Japon - Kapitalis","isPartOf":{"@id":"https:\/\/kapitalis.com\/tunisie\/#website"},"primaryImageOfPage":{"@id":"https:\/\/kapitalis.com\/tunisie\/2026\/09\/03\/bientot-un-parc-eolien-a-el-fahs-subventionne-par-le-japon\/#primaryimage"},"image":{"@id":"https:\/\/kapitalis.com\/tunisie\/2026\/09\/03\/bientot-un-parc-eolien-a-el-fahs-subventionne-par-le-japon\/#primaryimage"},"thumbnailUrl":"https:\/\/kapitalis.com\/tunisie\/wp-content\/uploads\/2025\/08\/Champ-Eolienne-El-Haouaria-2.jpg","datePublished":"2026-09-03T06:54:41+00:00","dateModified":"2026-09-03T06:54:43+00:00","description":"Le projet \u00e9olien terrestre de 75 MW d\u2019El Fahs, gouvernorat de Zaghouan bient\u00f4t mis en \u0153uvre gr\u00e2ce \u00e0 une subvention japonaise.","breadcrumb":{"@id":"https:\/\/kapitalis.com\/tunisie\/2026\/09\/03\/bientot-un-parc-eolien-a-el-fahs-subventionne-par-le-japon\/#breadcrumb"},"inLanguage":"fr-FR","potentialAction":[{"@type":"ReadAction","target":["https:\/\/kapitalis.com\/tunisie\/2026\/09\/03\/bientot-un-parc-eolien-a-el-fahs-subventionne-par-le-japon\/"]}]},{"@type":"ImageObject","inLanguage":"fr-FR","@id":"https:\/\/kapitalis.com\/tunisie\/2026\/09\/03\/bientot-un-parc-eolien-a-el-fahs-subventionne-par-le-japon\/#primaryimage","url":"https:\/\/kapitalis.com\/tunisie\/wp-content\/uploads\/2025\/08\/Champ-Eolienne-El-Haouaria-2.jpg","contentUrl":"https:\/\/kapitalis.com\/tunisie\/wp-content\/uploads\/2025\/08\/Champ-Eolienne-El-Haouaria-2.jpg","width":1200,"height":630},{"@type":"BreadcrumbList","@id":"https:\/\/kapitalis.com\/tunisie\/2026\/09\/03\/bientot-un-parc-eolien-a-el-fahs-subventionne-par-le-japon\/#breadcrumb","itemListElement":[{"@type":"ListItem","position":1,"name":"Accueil","item":"https:\/\/kapitalis.com\/tunisie\/"},{"@type":"ListItem","position":2,"name":"Bient\u00f4t, un parc \u00e9olien \u00e0 El Fahs subventionn\u00e9 par le Japon"}]},{"@type":"WebSite","@id":"https:\/\/kapitalis.com\/tunisie\/#website","url":"https:\/\/kapitalis.com\/tunisie\/","name":"Kapitalis","description":"L&#039;actualit\u00e9 en Tunisie et dans le monde","publisher":{"@id":"https:\/\/kapitalis.com\/tunisie\/#organization"},"potentialAction":[{"@type":"SearchAction","target":{"@type":"EntryPoint","urlTemplate":"https:\/\/kapitalis.com\/tunisie\/?s={search_term_string}"},"query-input":{"@type":"PropertyValueSpecification","valueRequired":true,"valueName":"search_term_string"}}],"inLanguage":"fr-FR"},{"@type":"Organization","@id":"https:\/\/kapitalis.com\/tunisie\/#organization","name":"Kapitalis","url":"https:\/\/kapitalis.com\/tunisie\/","logo":{"@type":"ImageObject","inLanguage":"fr-FR","@id":"https:\/\/kapitalis.com\/tunisie\/#\/schema\/logo\/image\/","url":"https:\/\/kapitalis.com\/tunisie\/wp-content\/uploads\/2022\/05\/Kapitalis-big-size.png","contentUrl":"https:\/\/kapitalis.com\/tunisie\/wp-content\/uploads\/2022\/05\/Kapitalis-big-size.png","width":5000,"height":1500,"caption":"Kapitalis"},"image":{"@id":"https:\/\/kapitalis.com\/tunisie\/#\/schema\/logo\/image\/"},"sameAs":["https:\/\/www.facebook.com\/KapitalisInfo\/","https:\/\/x.com\/KapitalisInfo","https:\/\/www.youtube.com\/channel\/UC-yDYrHyfFBWWZaOw3FPg9Q"]},{"@type":"Person","@id":"https:\/\/kapitalis.com\/tunisie\/#\/schema\/person\/d71f33a9ca44f7bad4698210b480c8e9","name":"webmaster kapitalis","url":"https:\/\/kapitalis.com\/tunisie\/author\/webmaster-kapitalis\/"}]}},"_links":{"self":[{"href":"https:\/\/kapitalis.com\/tunisie\/wp-json\/wp\/v2\/posts\/19563476","targetHints":{"allow":["GET"]}}],"collection":[{"href":"https:\/\/kapitalis.com\/tunisie\/wp-json\/wp\/v2\/posts"}],"about":[{"href":"https:\/\/kapitalis.com\/tunisie\/wp-json\/wp\/v2\/types\/post"}],"author":[{"embeddable":true,"href":"https:\/\/kapitalis.com\/tunisie\/wp-json\/wp\/v2\/users\/8"}],"replies":[{"embeddable":true,"href":"https:\/\/kapitalis.com\/tunisie\/wp-json\/wp\/v2\/comments?post=19563476"}],"version-history":[{"count":1,"href":"https:\/\/kapitalis.com\/tunisie\/wp-json\/wp\/v2\/posts\/19563476\/revisions"}],"predecessor-version":[{"id":19563493,"href":"https:\/\/kapitalis.com\/tunisie\/wp-json\/wp\/v2\/posts\/19563476\/revisions\/19563493"}],"wp:featuredmedia":[{"embeddable":true,"href":"https:\/\/kapitalis.com\/tunisie\/wp-json\/wp\/v2\/media\/17316408"}],"wp:attachment":[{"href":"https:\/\/kapitalis.com\/tunisie\/wp-json\/wp\/v2\/media?parent=19563476"}],"wp:term":[{"taxonomy":"category","embeddable":true,"href":"https:\/\/kapitalis.com\/tunisie\/wp-json\/wp\/v2\/categories?post=19563476"},{"taxonomy":"post_tag","embeddable":true,"href":"https:\/\/kapitalis.com\/tunisie\/wp-json\/wp\/v2\/tags?post=19563476"}],"curies":[{"name":"wp","href":"https:\/\/api.w.org\/{rel}","templated":true}]}}