{"id":19564332,"date":"2026-09-03T10:07:56","date_gmt":"2026-09-03T09:07:56","guid":{"rendered":"https:\/\/kapitalis.com\/tunisie\/?p=19564332"},"modified":"2026-09-03T10:07:58","modified_gmt":"2026-09-03T09:07:58","slug":"hrw-denonce-la-repression-de-la-societe-civile-en-tunisie","status":"publish","type":"post","link":"https:\/\/kapitalis.com\/tunisie\/2026\/09\/03\/hrw-denonce-la-repression-de-la-societe-civile-en-tunisie\/","title":{"rendered":"HRW d\u00e9nonce la \u00abr\u00e9pression de la soci\u00e9t\u00e9 civile\u00bb en Tunisie"},"content":{"rendered":"\n<p class=\"wp-block-paragraph\"><strong><em>La Tunisie a progressivement restreint l\u2019espace d\u2019action de la soci\u00e9t\u00e9 civile par le biais d\u2019arrestations, de poursuites judiciaires, d\u2019enqu\u00eates financi\u00e8res et de suspensions d\u2019associations, d\u00e9nonce Human Rights Watch (HRW) dans le rapport intitul\u00e9 <a href=\"https:\/\/www.hrw.org\/report\/2026\/09\/02\/we-are-living-on-borrowed-time\/repression-of-civil-society-in-tunisia\" target=\"_blank\" rel=\"noreferrer noopener\">\u00abWe are living on borrowed time: repression of civil society in Tunisia\u00bb<\/a> (Nous vivons en sursis : r\u00e9pression de la soci\u00e9t\u00e9 civile en Tunisie), publi\u00e9 le 2 septembre 2026.<\/em><\/strong><\/p>\n\n\n\n<!--more-->\n\n\n\n<p class=\"wp-block-paragraph\">Selon <em>HRW<\/em>, depuis 2024, au moins 47 personnes li\u00e9es \u00e0 des organisations de la soci\u00e9t\u00e9 civile ont \u00e9t\u00e9 poursuivies et au moins 14 ont \u00e9t\u00e9 condamn\u00e9es \u00e0 des peines de prison lors de proc\u00e8s tenus en 2025 et 2026.<\/p>\n\n\n\n<p class=\"wp-block-paragraph\">L\u2019organisation affirme \u00e9galement avoir recens\u00e9 au moins 20 associations suspendues entre 2025 et 2026, parmi lesquelles la Ligue tunisienne des droits de l\u2019homme (LTDH), l\u2019Association tunisienne des femmes d\u00e9mocrates (ATFD), le Forum tunisien pour les droits \u00e9conomiques et sociaux (FTDES), I Watch et Avocats Sans Fronti\u00e8res (ASF).<\/p>\n\n\n\n<p class=\"wp-block-paragraph\">HRW critique notamment le recours au d\u00e9cret n\u00b0 88 de 2011 relatif aux associations ainsi que les enqu\u00eates sur les financements \u00e9trangers, estimant que ces outils administratifs et judiciaires sont utilis\u00e9s de mani\u00e8re disproportionn\u00e9e \u00e0 l\u2019encontre d\u2019organisations ind\u00e9pendantes.<\/p>\n\n\n\n<p class=\"wp-block-paragraph\">Le pr\u00e9sident Ka\u00efs Sa\u00efed a d\u00e9nonc\u00e9 \u00e0 plusieurs reprises le poids des financements \u00e9trangers aupr\u00e8s des ONG, soulignant la n\u00e9cessit\u00e9 de pr\u00e9server la souverainet\u00e9 nationale.<\/p>\n\n\n\n<p class=\"wp-block-paragraph\">Les autorit\u00e9s tunisiennes ont \u00e9galement rappel\u00e9 aux associations l\u2019obligation de d\u00e9clarer l\u2019origine, le montant et la destination des fonds re\u00e7us de l\u2019\u00e9tranger.<\/p>\n\n\n\n<p class=\"wp-block-paragraph\"><em>HRW<\/em> demande \u00e0 Tunis de mettre fin aux restrictions sur la libert\u00e9 d\u2019association et de lib\u00e9rer les d\u00e9fenseurs des droits humains d\u00e9tenus arbitrairement, selon ses termes.<\/p>\n\n\n\n<p class=\"has-text-align-right wp-block-paragraph\"><strong>I. B. <\/strong><\/p>\n\n\n\n<p class=\"wp-block-paragraph\"><\/p>\n","protected":false},"excerpt":{"rendered":"<p>L&rsquo;Ong HRW d\u00e9nonce ce qu&rsquo;elle consid\u00e8re comme la restriction de l&rsquo;espace d&rsquo;action de la soci\u00e9t\u00e9 civile en Tunisie. <\/p>\n","protected":false},"author":8,"featured_media":19564357,"comment_status":"open","ping_status":"open","sticky":false,"template":"","format":"standard","meta":{"footnotes":""},"categories":[997,2433],"tags":[10967,401,457,5183,76012,120236,839,62643],"class_list":["post-19564332","post","type-post","status-publish","format-standard","has-post-thumbnail","hentry","category-politique","category-tunisie","tag-atfd","tag-ftdes","tag-hrw","tag-i-watch","tag-kais-saied-2","tag-liberte-dassociation","tag-societe-civile","tag-tunisie"],"yoast_head":"<!-- This site is optimized with the Yoast SEO plugin v26.6 - https:\/\/yoast.com\/wordpress\/plugins\/seo\/ -->\n<title>HRW d\u00e9nonce la \u00abr\u00e9pression de la soci\u00e9t\u00e9 civile\u00bb en Tunisie - Kapitalis<\/title>\n<meta name=\"description\" content=\"L&#039;Ong HRW d\u00e9nonce ce qu&#039;elle consid\u00e8re comme la restriction de l&#039;espace d&#039;action de la soci\u00e9t\u00e9 civile en Tunisie.\" \/>\n<meta name=\"robots\" content=\"index, follow, max-snippet:-1, max-image-preview:large, max-video-preview:-1\" \/>\n<link rel=\"canonical\" href=\"https:\/\/kapitalis.com\/tunisie\/2026\/09\/03\/hrw-denonce-la-repression-de-la-societe-civile-en-tunisie\/\" \/>\n<meta property=\"og:locale\" content=\"fr_FR\" \/>\n<meta property=\"og:type\" content=\"article\" \/>\n<meta property=\"og:title\" content=\"HRW d\u00e9nonce la \u00abr\u00e9pression de la soci\u00e9t\u00e9 civile\u00bb en Tunisie - Kapitalis\" \/>\n<meta property=\"og:description\" content=\"L&#039;Ong HRW d\u00e9nonce ce qu&#039;elle consid\u00e8re comme la restriction de l&#039;espace d&#039;action de la soci\u00e9t\u00e9 civile en Tunisie.\" \/>\n<meta property=\"og:url\" content=\"https:\/\/kapitalis.com\/tunisie\/2026\/09\/03\/hrw-denonce-la-repression-de-la-societe-civile-en-tunisie\/\" \/>\n<meta property=\"og:site_name\" content=\"Kapitalis\" \/>\n<meta property=\"article:publisher\" content=\"https:\/\/www.facebook.com\/KapitalisInfo\/\" \/>\n<meta property=\"article:published_time\" content=\"2026-09-03T09:07:56+00:00\" \/>\n<meta property=\"article:modified_time\" content=\"2026-09-03T09:07:58+00:00\" \/>\n<meta property=\"og:image\" content=\"https:\/\/kapitalis.com\/tunisie\/wp-content\/uploads\/2026\/09\/Manif-Tunis-Societe-Civile.jpg\" \/>\n\t<meta property=\"og:image:width\" content=\"1200\" \/>\n\t<meta property=\"og:image:height\" content=\"630\" \/>\n\t<meta property=\"og:image:type\" content=\"image\/jpeg\" \/>\n<meta name=\"author\" content=\"webmaster kapitalis\" \/>\n<meta name=\"twitter:card\" content=\"summary_large_image\" \/>\n<meta name=\"twitter:creator\" content=\"@KapitalisInfo\" \/>\n<meta name=\"twitter:site\" content=\"@KapitalisInfo\" \/>\n<meta name=\"twitter:label1\" content=\"\u00c9crit par\" \/>\n\t<meta name=\"twitter:data1\" content=\"webmaster kapitalis\" \/>\n\t<meta name=\"twitter:label2\" content=\"Dur\u00e9e de lecture estim\u00e9e\" \/>\n\t<meta name=\"twitter:data2\" content=\"2 minutes\" \/>\n<script type=\"application\/ld+json\" class=\"yoast-schema-graph\">{\"@context\":\"https:\/\/schema.org\",\"@graph\":[{\"@type\":\"Article\",\"@id\":\"https:\/\/kapitalis.com\/tunisie\/2026\/09\/03\/hrw-denonce-la-repression-de-la-societe-civile-en-tunisie\/#article\",\"isPartOf\":{\"@id\":\"https:\/\/kapitalis.com\/tunisie\/2026\/09\/03\/hrw-denonce-la-repression-de-la-societe-civile-en-tunisie\/\"},\"author\":{\"name\":\"webmaster kapitalis\",\"@id\":\"https:\/\/kapitalis.com\/tunisie\/#\/schema\/person\/d71f33a9ca44f7bad4698210b480c8e9\"},\"headline\":\"HRW d\u00e9nonce la \u00abr\u00e9pression de la soci\u00e9t\u00e9 civile\u00bb en Tunisie\",\"datePublished\":\"2026-09-03T09:07:56+00:00\",\"dateModified\":\"2026-09-03T09:07:58+00:00\",\"mainEntityOfPage\":{\"@id\":\"https:\/\/kapitalis.com\/tunisie\/2026\/09\/03\/hrw-denonce-la-repression-de-la-societe-civile-en-tunisie\/\"},\"wordCount\":301,\"commentCount\":0,\"publisher\":{\"@id\":\"https:\/\/kapitalis.com\/tunisie\/#organization\"},\"image\":{\"@id\":\"https:\/\/kapitalis.com\/tunisie\/2026\/09\/03\/hrw-denonce-la-repression-de-la-societe-civile-en-tunisie\/#primaryimage\"},\"thumbnailUrl\":\"https:\/\/kapitalis.com\/tunisie\/wp-content\/uploads\/2026\/09\/Manif-Tunis-Societe-Civile.jpg\",\"keywords\":[\"ATFD\",\"FTDES\",\"HRW\",\"I Watch\",\"Ka\u00efs Sa\u00efed\",\"libert\u00e9 d\u2019association\",\"soci\u00e9t\u00e9 civile\",\"Tunisie\"],\"articleSection\":[\"POLITIQUE\",\"Tunisie\"],\"inLanguage\":\"fr-FR\",\"potentialAction\":[{\"@type\":\"CommentAction\",\"name\":\"Comment\",\"target\":[\"https:\/\/kapitalis.com\/tunisie\/2026\/09\/03\/hrw-denonce-la-repression-de-la-societe-civile-en-tunisie\/#respond\"]}]},{\"@type\":\"WebPage\",\"@id\":\"https:\/\/kapitalis.com\/tunisie\/2026\/09\/03\/hrw-denonce-la-repression-de-la-societe-civile-en-tunisie\/\",\"url\":\"https:\/\/kapitalis.com\/tunisie\/2026\/09\/03\/hrw-denonce-la-repression-de-la-societe-civile-en-tunisie\/\",\"name\":\"HRW d\u00e9nonce la \u00abr\u00e9pression de la soci\u00e9t\u00e9 civile\u00bb en Tunisie - Kapitalis\",\"isPartOf\":{\"@id\":\"https:\/\/kapitalis.com\/tunisie\/#website\"},\"primaryImageOfPage\":{\"@id\":\"https:\/\/kapitalis.com\/tunisie\/2026\/09\/03\/hrw-denonce-la-repression-de-la-societe-civile-en-tunisie\/#primaryimage\"},\"image\":{\"@id\":\"https:\/\/kapitalis.com\/tunisie\/2026\/09\/03\/hrw-denonce-la-repression-de-la-societe-civile-en-tunisie\/#primaryimage\"},\"thumbnailUrl\":\"https:\/\/kapitalis.com\/tunisie\/wp-content\/uploads\/2026\/09\/Manif-Tunis-Societe-Civile.jpg\",\"datePublished\":\"2026-09-03T09:07:56+00:00\",\"dateModified\":\"2026-09-03T09:07:58+00:00\",\"description\":\"L'Ong HRW d\u00e9nonce ce qu'elle consid\u00e8re comme la restriction de l'espace d'action de la soci\u00e9t\u00e9 civile en Tunisie.\",\"breadcrumb\":{\"@id\":\"https:\/\/kapitalis.com\/tunisie\/2026\/09\/03\/hrw-denonce-la-repression-de-la-societe-civile-en-tunisie\/#breadcrumb\"},\"inLanguage\":\"fr-FR\",\"potentialAction\":[{\"@type\":\"ReadAction\",\"target\":[\"https:\/\/kapitalis.com\/tunisie\/2026\/09\/03\/hrw-denonce-la-repression-de-la-societe-civile-en-tunisie\/\"]}]},{\"@type\":\"ImageObject\",\"inLanguage\":\"fr-FR\",\"@id\":\"https:\/\/kapitalis.com\/tunisie\/2026\/09\/03\/hrw-denonce-la-repression-de-la-societe-civile-en-tunisie\/#primaryimage\",\"url\":\"https:\/\/kapitalis.com\/tunisie\/wp-content\/uploads\/2026\/09\/Manif-Tunis-Societe-Civile.jpg\",\"contentUrl\":\"https:\/\/kapitalis.com\/tunisie\/wp-content\/uploads\/2026\/09\/Manif-Tunis-Societe-Civile.jpg\",\"width\":1200,\"height\":630},{\"@type\":\"BreadcrumbList\",\"@id\":\"https:\/\/kapitalis.com\/tunisie\/2026\/09\/03\/hrw-denonce-la-repression-de-la-societe-civile-en-tunisie\/#breadcrumb\",\"itemListElement\":[{\"@type\":\"ListItem\",\"position\":1,\"name\":\"Accueil\",\"item\":\"https:\/\/kapitalis.com\/tunisie\/\"},{\"@type\":\"ListItem\",\"position\":2,\"name\":\"HRW d\u00e9nonce la \u00abr\u00e9pression de la soci\u00e9t\u00e9 civile\u00bb en Tunisie\"}]},{\"@type\":\"WebSite\",\"@id\":\"https:\/\/kapitalis.com\/tunisie\/#website\",\"url\":\"https:\/\/kapitalis.com\/tunisie\/\",\"name\":\"Kapitalis\",\"description\":\"L&#039;actualit\u00e9 en Tunisie et dans le monde\",\"publisher\":{\"@id\":\"https:\/\/kapitalis.com\/tunisie\/#organization\"},\"potentialAction\":[{\"@type\":\"SearchAction\",\"target\":{\"@type\":\"EntryPoint\",\"urlTemplate\":\"https:\/\/kapitalis.com\/tunisie\/?s={search_term_string}\"},\"query-input\":{\"@type\":\"PropertyValueSpecification\",\"valueRequired\":true,\"valueName\":\"search_term_string\"}}],\"inLanguage\":\"fr-FR\"},{\"@type\":\"Organization\",\"@id\":\"https:\/\/kapitalis.com\/tunisie\/#organization\",\"name\":\"Kapitalis\",\"url\":\"https:\/\/kapitalis.com\/tunisie\/\",\"logo\":{\"@type\":\"ImageObject\",\"inLanguage\":\"fr-FR\",\"@id\":\"https:\/\/kapitalis.com\/tunisie\/#\/schema\/logo\/image\/\",\"url\":\"https:\/\/kapitalis.com\/tunisie\/wp-content\/uploads\/2022\/05\/Kapitalis-big-size.png\",\"contentUrl\":\"https:\/\/kapitalis.com\/tunisie\/wp-content\/uploads\/2022\/05\/Kapitalis-big-size.png\",\"width\":5000,\"height\":1500,\"caption\":\"Kapitalis\"},\"image\":{\"@id\":\"https:\/\/kapitalis.com\/tunisie\/#\/schema\/logo\/image\/\"},\"sameAs\":[\"https:\/\/www.facebook.com\/KapitalisInfo\/\",\"https:\/\/x.com\/KapitalisInfo\",\"https:\/\/www.youtube.com\/channel\/UC-yDYrHyfFBWWZaOw3FPg9Q\"]},{\"@type\":\"Person\",\"@id\":\"https:\/\/kapitalis.com\/tunisie\/#\/schema\/person\/d71f33a9ca44f7bad4698210b480c8e9\",\"name\":\"webmaster kapitalis\",\"url\":\"https:\/\/kapitalis.com\/tunisie\/author\/webmaster-kapitalis\/\"}]}<\/script>\n<!-- \/ Yoast SEO plugin. -->","yoast_head_json":{"title":"HRW d\u00e9nonce la \u00abr\u00e9pression de la soci\u00e9t\u00e9 civile\u00bb en Tunisie - Kapitalis","description":"L'Ong HRW d\u00e9nonce ce qu'elle consid\u00e8re comme la restriction de l'espace d'action de la soci\u00e9t\u00e9 civile en Tunisie.","robots":{"index":"index","follow":"follow","max-snippet":"max-snippet:-1","max-image-preview":"max-image-preview:large","max-video-preview":"max-video-preview:-1"},"canonical":"https:\/\/kapitalis.com\/tunisie\/2026\/09\/03\/hrw-denonce-la-repression-de-la-societe-civile-en-tunisie\/","og_locale":"fr_FR","og_type":"article","og_title":"HRW d\u00e9nonce la \u00abr\u00e9pression de la soci\u00e9t\u00e9 civile\u00bb en Tunisie - Kapitalis","og_description":"L'Ong HRW d\u00e9nonce ce qu'elle consid\u00e8re comme la restriction de l'espace d'action de la soci\u00e9t\u00e9 civile en Tunisie.","og_url":"https:\/\/kapitalis.com\/tunisie\/2026\/09\/03\/hrw-denonce-la-repression-de-la-societe-civile-en-tunisie\/","og_site_name":"Kapitalis","article_publisher":"https:\/\/www.facebook.com\/KapitalisInfo\/","article_published_time":"2026-09-03T09:07:56+00:00","article_modified_time":"2026-09-03T09:07:58+00:00","og_image":[{"width":1200,"height":630,"url":"https:\/\/kapitalis.com\/tunisie\/wp-content\/uploads\/2026\/09\/Manif-Tunis-Societe-Civile.jpg","type":"image\/jpeg"}],"author":"webmaster kapitalis","twitter_card":"summary_large_image","twitter_creator":"@KapitalisInfo","twitter_site":"@KapitalisInfo","twitter_misc":{"\u00c9crit par":"webmaster kapitalis","Dur\u00e9e de lecture estim\u00e9e":"2 minutes"},"schema":{"@context":"https:\/\/schema.org","@graph":[{"@type":"Article","@id":"https:\/\/kapitalis.com\/tunisie\/2026\/09\/03\/hrw-denonce-la-repression-de-la-societe-civile-en-tunisie\/#article","isPartOf":{"@id":"https:\/\/kapitalis.com\/tunisie\/2026\/09\/03\/hrw-denonce-la-repression-de-la-societe-civile-en-tunisie\/"},"author":{"name":"webmaster kapitalis","@id":"https:\/\/kapitalis.com\/tunisie\/#\/schema\/person\/d71f33a9ca44f7bad4698210b480c8e9"},"headline":"HRW d\u00e9nonce la \u00abr\u00e9pression de la soci\u00e9t\u00e9 civile\u00bb en Tunisie","datePublished":"2026-09-03T09:07:56+00:00","dateModified":"2026-09-03T09:07:58+00:00","mainEntityOfPage":{"@id":"https:\/\/kapitalis.com\/tunisie\/2026\/09\/03\/hrw-denonce-la-repression-de-la-societe-civile-en-tunisie\/"},"wordCount":301,"commentCount":0,"publisher":{"@id":"https:\/\/kapitalis.com\/tunisie\/#organization"},"image":{"@id":"https:\/\/kapitalis.com\/tunisie\/2026\/09\/03\/hrw-denonce-la-repression-de-la-societe-civile-en-tunisie\/#primaryimage"},"thumbnailUrl":"https:\/\/kapitalis.com\/tunisie\/wp-content\/uploads\/2026\/09\/Manif-Tunis-Societe-Civile.jpg","keywords":["ATFD","FTDES","HRW","I Watch","Ka\u00efs Sa\u00efed","libert\u00e9 d\u2019association","soci\u00e9t\u00e9 civile","Tunisie"],"articleSection":["POLITIQUE","Tunisie"],"inLanguage":"fr-FR","potentialAction":[{"@type":"CommentAction","name":"Comment","target":["https:\/\/kapitalis.com\/tunisie\/2026\/09\/03\/hrw-denonce-la-repression-de-la-societe-civile-en-tunisie\/#respond"]}]},{"@type":"WebPage","@id":"https:\/\/kapitalis.com\/tunisie\/2026\/09\/03\/hrw-denonce-la-repression-de-la-societe-civile-en-tunisie\/","url":"https:\/\/kapitalis.com\/tunisie\/2026\/09\/03\/hrw-denonce-la-repression-de-la-societe-civile-en-tunisie\/","name":"HRW d\u00e9nonce la \u00abr\u00e9pression de la soci\u00e9t\u00e9 civile\u00bb en Tunisie - Kapitalis","isPartOf":{"@id":"https:\/\/kapitalis.com\/tunisie\/#website"},"primaryImageOfPage":{"@id":"https:\/\/kapitalis.com\/tunisie\/2026\/09\/03\/hrw-denonce-la-repression-de-la-societe-civile-en-tunisie\/#primaryimage"},"image":{"@id":"https:\/\/kapitalis.com\/tunisie\/2026\/09\/03\/hrw-denonce-la-repression-de-la-societe-civile-en-tunisie\/#primaryimage"},"thumbnailUrl":"https:\/\/kapitalis.com\/tunisie\/wp-content\/uploads\/2026\/09\/Manif-Tunis-Societe-Civile.jpg","datePublished":"2026-09-03T09:07:56+00:00","dateModified":"2026-09-03T09:07:58+00:00","description":"L'Ong HRW d\u00e9nonce ce qu'elle consid\u00e8re comme la restriction de l'espace d'action de la soci\u00e9t\u00e9 civile en Tunisie.","breadcrumb":{"@id":"https:\/\/kapitalis.com\/tunisie\/2026\/09\/03\/hrw-denonce-la-repression-de-la-societe-civile-en-tunisie\/#breadcrumb"},"inLanguage":"fr-FR","potentialAction":[{"@type":"ReadAction","target":["https:\/\/kapitalis.com\/tunisie\/2026\/09\/03\/hrw-denonce-la-repression-de-la-societe-civile-en-tunisie\/"]}]},{"@type":"ImageObject","inLanguage":"fr-FR","@id":"https:\/\/kapitalis.com\/tunisie\/2026\/09\/03\/hrw-denonce-la-repression-de-la-societe-civile-en-tunisie\/#primaryimage","url":"https:\/\/kapitalis.com\/tunisie\/wp-content\/uploads\/2026\/09\/Manif-Tunis-Societe-Civile.jpg","contentUrl":"https:\/\/kapitalis.com\/tunisie\/wp-content\/uploads\/2026\/09\/Manif-Tunis-Societe-Civile.jpg","width":1200,"height":630},{"@type":"BreadcrumbList","@id":"https:\/\/kapitalis.com\/tunisie\/2026\/09\/03\/hrw-denonce-la-repression-de-la-societe-civile-en-tunisie\/#breadcrumb","itemListElement":[{"@type":"ListItem","position":1,"name":"Accueil","item":"https:\/\/kapitalis.com\/tunisie\/"},{"@type":"ListItem","position":2,"name":"HRW d\u00e9nonce la \u00abr\u00e9pression de la soci\u00e9t\u00e9 civile\u00bb en Tunisie"}]},{"@type":"WebSite","@id":"https:\/\/kapitalis.com\/tunisie\/#website","url":"https:\/\/kapitalis.com\/tunisie\/","name":"Kapitalis","description":"L&#039;actualit\u00e9 en Tunisie et dans le monde","publisher":{"@id":"https:\/\/kapitalis.com\/tunisie\/#organization"},"potentialAction":[{"@type":"SearchAction","target":{"@type":"EntryPoint","urlTemplate":"https:\/\/kapitalis.com\/tunisie\/?s={search_term_string}"},"query-input":{"@type":"PropertyValueSpecification","valueRequired":true,"valueName":"search_term_string"}}],"inLanguage":"fr-FR"},{"@type":"Organization","@id":"https:\/\/kapitalis.com\/tunisie\/#organization","name":"Kapitalis","url":"https:\/\/kapitalis.com\/tunisie\/","logo":{"@type":"ImageObject","inLanguage":"fr-FR","@id":"https:\/\/kapitalis.com\/tunisie\/#\/schema\/logo\/image\/","url":"https:\/\/kapitalis.com\/tunisie\/wp-content\/uploads\/2022\/05\/Kapitalis-big-size.png","contentUrl":"https:\/\/kapitalis.com\/tunisie\/wp-content\/uploads\/2022\/05\/Kapitalis-big-size.png","width":5000,"height":1500,"caption":"Kapitalis"},"image":{"@id":"https:\/\/kapitalis.com\/tunisie\/#\/schema\/logo\/image\/"},"sameAs":["https:\/\/www.facebook.com\/KapitalisInfo\/","https:\/\/x.com\/KapitalisInfo","https:\/\/www.youtube.com\/channel\/UC-yDYrHyfFBWWZaOw3FPg9Q"]},{"@type":"Person","@id":"https:\/\/kapitalis.com\/tunisie\/#\/schema\/person\/d71f33a9ca44f7bad4698210b480c8e9","name":"webmaster kapitalis","url":"https:\/\/kapitalis.com\/tunisie\/author\/webmaster-kapitalis\/"}]}},"_links":{"self":[{"href":"https:\/\/kapitalis.com\/tunisie\/wp-json\/wp\/v2\/posts\/19564332","targetHints":{"allow":["GET"]}}],"collection":[{"href":"https:\/\/kapitalis.com\/tunisie\/wp-json\/wp\/v2\/posts"}],"about":[{"href":"https:\/\/kapitalis.com\/tunisie\/wp-json\/wp\/v2\/types\/post"}],"author":[{"embeddable":true,"href":"https:\/\/kapitalis.com\/tunisie\/wp-json\/wp\/v2\/users\/8"}],"replies":[{"embeddable":true,"href":"https:\/\/kapitalis.com\/tunisie\/wp-json\/wp\/v2\/comments?post=19564332"}],"version-history":[{"count":1,"href":"https:\/\/kapitalis.com\/tunisie\/wp-json\/wp\/v2\/posts\/19564332\/revisions"}],"predecessor-version":[{"id":19564371,"href":"https:\/\/kapitalis.com\/tunisie\/wp-json\/wp\/v2\/posts\/19564332\/revisions\/19564371"}],"wp:featuredmedia":[{"embeddable":true,"href":"https:\/\/kapitalis.com\/tunisie\/wp-json\/wp\/v2\/media\/19564357"}],"wp:attachment":[{"href":"https:\/\/kapitalis.com\/tunisie\/wp-json\/wp\/v2\/media?parent=19564332"}],"wp:term":[{"taxonomy":"category","embeddable":true,"href":"https:\/\/kapitalis.com\/tunisie\/wp-json\/wp\/v2\/categories?post=19564332"},{"taxonomy":"post_tag","embeddable":true,"href":"https:\/\/kapitalis.com\/tunisie\/wp-json\/wp\/v2\/tags?post=19564332"}],"curies":[{"name":"wp","href":"https:\/\/api.w.org\/{rel}","templated":true}]}}