{"id":19564497,"date":"2026-09-03T10:39:14","date_gmt":"2026-09-03T09:39:14","guid":{"rendered":"https:\/\/kapitalis.com\/tunisie\/?p=19564497"},"modified":"2026-09-03T10:39:15","modified_gmt":"2026-09-03T09:39:15","slug":"le-festival-de-laudio-visuel-arabe-entre-tunis-et-hammamet","status":"publish","type":"post","link":"https:\/\/kapitalis.com\/tunisie\/2026\/09\/03\/le-festival-de-laudio-visuel-arabe-entre-tunis-et-hammamet\/","title":{"rendered":"Le festival de l\u2019audio-visuel arabe entre Tunis et Hammamet"},"content":{"rendered":"\n<p class=\"wp-block-paragraph\"><strong><em>La 26<sup>e<\/sup> \u00e9dition du Festival arabe de la radio et de la t\u00e9l\u00e9vision, organis\u00e9 par l&rsquo;Arab States Broadcasting Union (Asbu) en collaboration avec le minist\u00e8re des Affaires culturelles, se tiendra du 21 au 24 septembre 2026 entre Carthage, Hammamet et Tunis, sous le th\u00e8me \u00abRythme de l\u2019image et \u00e9cho de l\u2019avenir\u00bb.<\/em><\/strong><\/p>\n\n\n\n<!--more-->\n\n\n\n<p class=\"wp-block-paragraph\">La c\u00e9r\u00e9monie d\u2019ouverture est pr\u00e9vue \u00e0 l\u2019amphith\u00e9\u00e2tre de Carthage, avec la participation du chanteur syrien Nassif Zeytoun et de l\u2019artiste irakienne Rahma Riad, ainsi que des hommages rendus \u00e0 des personnalit\u00e9s du monde de la t\u00e9l\u00e9vision, de la radio, du cin\u00e9ma et des m\u00e9dias arabes. Les activit\u00e9s se poursuivront \u00e0 Yasmine Hammamet, o\u00f9 seront install\u00e9s le salon des technologies et des \u00e9quipements audiovisuels ainsi que le march\u00e9 des programmes, destin\u00e9 \u00e0 favoriser les rencontres entre producteurs et professionnels du secteur.<\/p>\n\n\n\n<p class=\"wp-block-paragraph\">Parmi les th\u00e8mes au c\u0153ur des d\u00e9bats figurent le d\u00e9veloppement des podcasts et leur capacit\u00e9 d\u2019influence, la transformation du public \u2014 passant de simple destinataire \u00e0 acteur de la production de contenus \u2014 et le <em>\u00abtourisme m\u00e9diatique\u00bb<\/em>, abordant le r\u00f4le des m\u00e9dias dans la promotion des destinations.<\/p>\n\n\n\n<p class=\"wp-block-paragraph\">Selon les organisateurs, la convention professionnelle associ\u00e9e au festival r\u00e9unit plus de 80 exposants et attire environ un millier de visiteurs et de professionnels internationaux.<\/p>\n\n\n\n<p class=\"wp-block-paragraph\">La manifestation s\u2019ach\u00e8vera au Th\u00e9\u00e2tre de l\u2019Op\u00e9ra de la Cit\u00e9 de la Culture de Tunis, avec la remise des prix aux productions laur\u00e9ates des concours radio, t\u00e9l\u00e9vision et nouveaux m\u00e9dias, ainsi que la pr\u00e9sentation en avant-premi\u00e8re de l\u2019\u0153uvre musicale \u2018\u2018Safir Ilayka wa ghanni\u2019\u2019 du compositeur tunisien Karim Thlibi.<\/p>\n\n\n\n<p class=\"wp-block-paragraph\">L\u2019\u00e9dition 2026 avait \u00e9t\u00e9 initialement programm\u00e9e pour le mois de juin, avant d\u2019\u00eatre report\u00e9e \u00e0 septembre par l\u2019Asbu en raison de la situation dans le monde arabe, notamment au Moyen-Orient et dans le Golfe, suite au d\u00e9clenchement de la guerre am\u00e9ricano-isra\u00e9lienne contre l\u2019Iran.<\/p>\n\n\n\n<p class=\"has-text-align-right wp-block-paragraph\"><strong>I. B.<\/strong><\/p>\n\n\n\n<p class=\"wp-block-paragraph\"><\/p>\n","protected":false},"excerpt":{"rendered":"<p>Le Festival arabe de la radio et de la t\u00e9l\u00e9vision se tiendra du 21 au 24 septembre 2026 entre Carthage, Hammamet et Tunis. <\/p>\n","protected":false},"author":8,"featured_media":19564543,"comment_status":"open","ping_status":"open","sticky":false,"template":"","format":"standard","meta":{"footnotes":""},"categories":[994,996,2433],"tags":[94326,129967,1234,439,117295,100910,129966],"class_list":["post-19564497","post","type-post","status-publish","format-standard","has-post-thumbnail","hentry","category-culture","category-media","category-tunisie","tag-asbu","tag-audio-visuel-arabe","tag-carthage","tag-hammamet","tag-karim-thlibi","tag-nassif-zeytoun","tag-rahma-riad"],"yoast_head":"<!-- This site is optimized with the Yoast SEO plugin v26.6 - https:\/\/yoast.com\/wordpress\/plugins\/seo\/ -->\n<title>Le festival de l\u2019audio-visuel arabe entre Tunis et Hammamet - Kapitalis<\/title>\n<meta name=\"description\" content=\"Le Festival arabe de la radio et de la t\u00e9l\u00e9vision se tiendra du 21 au 24 septembre 2026 entre Carthage, Hammamet et Tunis.\" \/>\n<meta name=\"robots\" content=\"index, follow, max-snippet:-1, max-image-preview:large, max-video-preview:-1\" \/>\n<link rel=\"canonical\" href=\"https:\/\/kapitalis.com\/tunisie\/2026\/09\/03\/le-festival-de-laudio-visuel-arabe-entre-tunis-et-hammamet\/\" \/>\n<meta property=\"og:locale\" content=\"fr_FR\" \/>\n<meta property=\"og:type\" content=\"article\" \/>\n<meta property=\"og:title\" content=\"Le festival de l\u2019audio-visuel arabe entre Tunis et Hammamet - Kapitalis\" \/>\n<meta property=\"og:description\" content=\"Le Festival arabe de la radio et de la t\u00e9l\u00e9vision se tiendra du 21 au 24 septembre 2026 entre Carthage, Hammamet et Tunis.\" \/>\n<meta property=\"og:url\" content=\"https:\/\/kapitalis.com\/tunisie\/2026\/09\/03\/le-festival-de-laudio-visuel-arabe-entre-tunis-et-hammamet\/\" \/>\n<meta property=\"og:site_name\" content=\"Kapitalis\" \/>\n<meta property=\"article:publisher\" content=\"https:\/\/www.facebook.com\/KapitalisInfo\/\" \/>\n<meta property=\"article:published_time\" content=\"2026-09-03T09:39:14+00:00\" \/>\n<meta property=\"article:modified_time\" content=\"2026-09-03T09:39:15+00:00\" \/>\n<meta property=\"og:image\" content=\"https:\/\/kapitalis.com\/tunisie\/wp-content\/uploads\/2026\/09\/Festival-Asbu-2026.jpg\" \/>\n\t<meta property=\"og:image:width\" content=\"1200\" \/>\n\t<meta property=\"og:image:height\" content=\"630\" \/>\n\t<meta property=\"og:image:type\" content=\"image\/jpeg\" \/>\n<meta name=\"author\" content=\"webmaster kapitalis\" \/>\n<meta name=\"twitter:card\" content=\"summary_large_image\" \/>\n<meta name=\"twitter:creator\" content=\"@KapitalisInfo\" \/>\n<meta name=\"twitter:site\" content=\"@KapitalisInfo\" \/>\n<meta name=\"twitter:label1\" content=\"\u00c9crit par\" \/>\n\t<meta name=\"twitter:data1\" content=\"webmaster kapitalis\" \/>\n\t<meta name=\"twitter:label2\" content=\"Dur\u00e9e de lecture estim\u00e9e\" \/>\n\t<meta name=\"twitter:data2\" content=\"2 minutes\" \/>\n<script type=\"application\/ld+json\" class=\"yoast-schema-graph\">{\"@context\":\"https:\/\/schema.org\",\"@graph\":[{\"@type\":\"Article\",\"@id\":\"https:\/\/kapitalis.com\/tunisie\/2026\/09\/03\/le-festival-de-laudio-visuel-arabe-entre-tunis-et-hammamet\/#article\",\"isPartOf\":{\"@id\":\"https:\/\/kapitalis.com\/tunisie\/2026\/09\/03\/le-festival-de-laudio-visuel-arabe-entre-tunis-et-hammamet\/\"},\"author\":{\"name\":\"webmaster kapitalis\",\"@id\":\"https:\/\/kapitalis.com\/tunisie\/#\/schema\/person\/d71f33a9ca44f7bad4698210b480c8e9\"},\"headline\":\"Le festival de l\u2019audio-visuel arabe entre Tunis et Hammamet\",\"datePublished\":\"2026-09-03T09:39:14+00:00\",\"dateModified\":\"2026-09-03T09:39:15+00:00\",\"mainEntityOfPage\":{\"@id\":\"https:\/\/kapitalis.com\/tunisie\/2026\/09\/03\/le-festival-de-laudio-visuel-arabe-entre-tunis-et-hammamet\/\"},\"wordCount\":344,\"commentCount\":0,\"publisher\":{\"@id\":\"https:\/\/kapitalis.com\/tunisie\/#organization\"},\"image\":{\"@id\":\"https:\/\/kapitalis.com\/tunisie\/2026\/09\/03\/le-festival-de-laudio-visuel-arabe-entre-tunis-et-hammamet\/#primaryimage\"},\"thumbnailUrl\":\"https:\/\/kapitalis.com\/tunisie\/wp-content\/uploads\/2026\/09\/Festival-Asbu-2026.jpg\",\"keywords\":[\"ASBU\",\"audio-visuel arabe\",\"Carthage\",\"Hammamet\",\"Karim Thlibi\",\"Nassif Zeytoun\",\"Rahma Riad\"],\"articleSection\":[\"CULTURE\",\"MEDIA\",\"Tunisie\"],\"inLanguage\":\"fr-FR\",\"potentialAction\":[{\"@type\":\"CommentAction\",\"name\":\"Comment\",\"target\":[\"https:\/\/kapitalis.com\/tunisie\/2026\/09\/03\/le-festival-de-laudio-visuel-arabe-entre-tunis-et-hammamet\/#respond\"]}]},{\"@type\":\"WebPage\",\"@id\":\"https:\/\/kapitalis.com\/tunisie\/2026\/09\/03\/le-festival-de-laudio-visuel-arabe-entre-tunis-et-hammamet\/\",\"url\":\"https:\/\/kapitalis.com\/tunisie\/2026\/09\/03\/le-festival-de-laudio-visuel-arabe-entre-tunis-et-hammamet\/\",\"name\":\"Le festival de l\u2019audio-visuel arabe entre Tunis et Hammamet - Kapitalis\",\"isPartOf\":{\"@id\":\"https:\/\/kapitalis.com\/tunisie\/#website\"},\"primaryImageOfPage\":{\"@id\":\"https:\/\/kapitalis.com\/tunisie\/2026\/09\/03\/le-festival-de-laudio-visuel-arabe-entre-tunis-et-hammamet\/#primaryimage\"},\"image\":{\"@id\":\"https:\/\/kapitalis.com\/tunisie\/2026\/09\/03\/le-festival-de-laudio-visuel-arabe-entre-tunis-et-hammamet\/#primaryimage\"},\"thumbnailUrl\":\"https:\/\/kapitalis.com\/tunisie\/wp-content\/uploads\/2026\/09\/Festival-Asbu-2026.jpg\",\"datePublished\":\"2026-09-03T09:39:14+00:00\",\"dateModified\":\"2026-09-03T09:39:15+00:00\",\"description\":\"Le Festival arabe de la radio et de la t\u00e9l\u00e9vision se tiendra du 21 au 24 septembre 2026 entre Carthage, Hammamet et Tunis.\",\"breadcrumb\":{\"@id\":\"https:\/\/kapitalis.com\/tunisie\/2026\/09\/03\/le-festival-de-laudio-visuel-arabe-entre-tunis-et-hammamet\/#breadcrumb\"},\"inLanguage\":\"fr-FR\",\"potentialAction\":[{\"@type\":\"ReadAction\",\"target\":[\"https:\/\/kapitalis.com\/tunisie\/2026\/09\/03\/le-festival-de-laudio-visuel-arabe-entre-tunis-et-hammamet\/\"]}]},{\"@type\":\"ImageObject\",\"inLanguage\":\"fr-FR\",\"@id\":\"https:\/\/kapitalis.com\/tunisie\/2026\/09\/03\/le-festival-de-laudio-visuel-arabe-entre-tunis-et-hammamet\/#primaryimage\",\"url\":\"https:\/\/kapitalis.com\/tunisie\/wp-content\/uploads\/2026\/09\/Festival-Asbu-2026.jpg\",\"contentUrl\":\"https:\/\/kapitalis.com\/tunisie\/wp-content\/uploads\/2026\/09\/Festival-Asbu-2026.jpg\",\"width\":1200,\"height\":630},{\"@type\":\"BreadcrumbList\",\"@id\":\"https:\/\/kapitalis.com\/tunisie\/2026\/09\/03\/le-festival-de-laudio-visuel-arabe-entre-tunis-et-hammamet\/#breadcrumb\",\"itemListElement\":[{\"@type\":\"ListItem\",\"position\":1,\"name\":\"Accueil\",\"item\":\"https:\/\/kapitalis.com\/tunisie\/\"},{\"@type\":\"ListItem\",\"position\":2,\"name\":\"Le festival de l\u2019audio-visuel arabe entre Tunis et Hammamet\"}]},{\"@type\":\"WebSite\",\"@id\":\"https:\/\/kapitalis.com\/tunisie\/#website\",\"url\":\"https:\/\/kapitalis.com\/tunisie\/\",\"name\":\"Kapitalis\",\"description\":\"L&#039;actualit\u00e9 en Tunisie et dans le monde\",\"publisher\":{\"@id\":\"https:\/\/kapitalis.com\/tunisie\/#organization\"},\"potentialAction\":[{\"@type\":\"SearchAction\",\"target\":{\"@type\":\"EntryPoint\",\"urlTemplate\":\"https:\/\/kapitalis.com\/tunisie\/?s={search_term_string}\"},\"query-input\":{\"@type\":\"PropertyValueSpecification\",\"valueRequired\":true,\"valueName\":\"search_term_string\"}}],\"inLanguage\":\"fr-FR\"},{\"@type\":\"Organization\",\"@id\":\"https:\/\/kapitalis.com\/tunisie\/#organization\",\"name\":\"Kapitalis\",\"url\":\"https:\/\/kapitalis.com\/tunisie\/\",\"logo\":{\"@type\":\"ImageObject\",\"inLanguage\":\"fr-FR\",\"@id\":\"https:\/\/kapitalis.com\/tunisie\/#\/schema\/logo\/image\/\",\"url\":\"https:\/\/kapitalis.com\/tunisie\/wp-content\/uploads\/2022\/05\/Kapitalis-big-size.png\",\"contentUrl\":\"https:\/\/kapitalis.com\/tunisie\/wp-content\/uploads\/2022\/05\/Kapitalis-big-size.png\",\"width\":5000,\"height\":1500,\"caption\":\"Kapitalis\"},\"image\":{\"@id\":\"https:\/\/kapitalis.com\/tunisie\/#\/schema\/logo\/image\/\"},\"sameAs\":[\"https:\/\/www.facebook.com\/KapitalisInfo\/\",\"https:\/\/x.com\/KapitalisInfo\",\"https:\/\/www.youtube.com\/channel\/UC-yDYrHyfFBWWZaOw3FPg9Q\"]},{\"@type\":\"Person\",\"@id\":\"https:\/\/kapitalis.com\/tunisie\/#\/schema\/person\/d71f33a9ca44f7bad4698210b480c8e9\",\"name\":\"webmaster kapitalis\",\"url\":\"https:\/\/kapitalis.com\/tunisie\/author\/webmaster-kapitalis\/\"}]}<\/script>\n<!-- \/ Yoast SEO plugin. -->","yoast_head_json":{"title":"Le festival de l\u2019audio-visuel arabe entre Tunis et Hammamet - Kapitalis","description":"Le Festival arabe de la radio et de la t\u00e9l\u00e9vision se tiendra du 21 au 24 septembre 2026 entre Carthage, Hammamet et Tunis.","robots":{"index":"index","follow":"follow","max-snippet":"max-snippet:-1","max-image-preview":"max-image-preview:large","max-video-preview":"max-video-preview:-1"},"canonical":"https:\/\/kapitalis.com\/tunisie\/2026\/09\/03\/le-festival-de-laudio-visuel-arabe-entre-tunis-et-hammamet\/","og_locale":"fr_FR","og_type":"article","og_title":"Le festival de l\u2019audio-visuel arabe entre Tunis et Hammamet - Kapitalis","og_description":"Le Festival arabe de la radio et de la t\u00e9l\u00e9vision se tiendra du 21 au 24 septembre 2026 entre Carthage, Hammamet et Tunis.","og_url":"https:\/\/kapitalis.com\/tunisie\/2026\/09\/03\/le-festival-de-laudio-visuel-arabe-entre-tunis-et-hammamet\/","og_site_name":"Kapitalis","article_publisher":"https:\/\/www.facebook.com\/KapitalisInfo\/","article_published_time":"2026-09-03T09:39:14+00:00","article_modified_time":"2026-09-03T09:39:15+00:00","og_image":[{"width":1200,"height":630,"url":"https:\/\/kapitalis.com\/tunisie\/wp-content\/uploads\/2026\/09\/Festival-Asbu-2026.jpg","type":"image\/jpeg"}],"author":"webmaster kapitalis","twitter_card":"summary_large_image","twitter_creator":"@KapitalisInfo","twitter_site":"@KapitalisInfo","twitter_misc":{"\u00c9crit par":"webmaster kapitalis","Dur\u00e9e de lecture estim\u00e9e":"2 minutes"},"schema":{"@context":"https:\/\/schema.org","@graph":[{"@type":"Article","@id":"https:\/\/kapitalis.com\/tunisie\/2026\/09\/03\/le-festival-de-laudio-visuel-arabe-entre-tunis-et-hammamet\/#article","isPartOf":{"@id":"https:\/\/kapitalis.com\/tunisie\/2026\/09\/03\/le-festival-de-laudio-visuel-arabe-entre-tunis-et-hammamet\/"},"author":{"name":"webmaster kapitalis","@id":"https:\/\/kapitalis.com\/tunisie\/#\/schema\/person\/d71f33a9ca44f7bad4698210b480c8e9"},"headline":"Le festival de l\u2019audio-visuel arabe entre Tunis et Hammamet","datePublished":"2026-09-03T09:39:14+00:00","dateModified":"2026-09-03T09:39:15+00:00","mainEntityOfPage":{"@id":"https:\/\/kapitalis.com\/tunisie\/2026\/09\/03\/le-festival-de-laudio-visuel-arabe-entre-tunis-et-hammamet\/"},"wordCount":344,"commentCount":0,"publisher":{"@id":"https:\/\/kapitalis.com\/tunisie\/#organization"},"image":{"@id":"https:\/\/kapitalis.com\/tunisie\/2026\/09\/03\/le-festival-de-laudio-visuel-arabe-entre-tunis-et-hammamet\/#primaryimage"},"thumbnailUrl":"https:\/\/kapitalis.com\/tunisie\/wp-content\/uploads\/2026\/09\/Festival-Asbu-2026.jpg","keywords":["ASBU","audio-visuel arabe","Carthage","Hammamet","Karim Thlibi","Nassif Zeytoun","Rahma Riad"],"articleSection":["CULTURE","MEDIA","Tunisie"],"inLanguage":"fr-FR","potentialAction":[{"@type":"CommentAction","name":"Comment","target":["https:\/\/kapitalis.com\/tunisie\/2026\/09\/03\/le-festival-de-laudio-visuel-arabe-entre-tunis-et-hammamet\/#respond"]}]},{"@type":"WebPage","@id":"https:\/\/kapitalis.com\/tunisie\/2026\/09\/03\/le-festival-de-laudio-visuel-arabe-entre-tunis-et-hammamet\/","url":"https:\/\/kapitalis.com\/tunisie\/2026\/09\/03\/le-festival-de-laudio-visuel-arabe-entre-tunis-et-hammamet\/","name":"Le festival de l\u2019audio-visuel arabe entre Tunis et Hammamet - Kapitalis","isPartOf":{"@id":"https:\/\/kapitalis.com\/tunisie\/#website"},"primaryImageOfPage":{"@id":"https:\/\/kapitalis.com\/tunisie\/2026\/09\/03\/le-festival-de-laudio-visuel-arabe-entre-tunis-et-hammamet\/#primaryimage"},"image":{"@id":"https:\/\/kapitalis.com\/tunisie\/2026\/09\/03\/le-festival-de-laudio-visuel-arabe-entre-tunis-et-hammamet\/#primaryimage"},"thumbnailUrl":"https:\/\/kapitalis.com\/tunisie\/wp-content\/uploads\/2026\/09\/Festival-Asbu-2026.jpg","datePublished":"2026-09-03T09:39:14+00:00","dateModified":"2026-09-03T09:39:15+00:00","description":"Le Festival arabe de la radio et de la t\u00e9l\u00e9vision se tiendra du 21 au 24 septembre 2026 entre Carthage, Hammamet et Tunis.","breadcrumb":{"@id":"https:\/\/kapitalis.com\/tunisie\/2026\/09\/03\/le-festival-de-laudio-visuel-arabe-entre-tunis-et-hammamet\/#breadcrumb"},"inLanguage":"fr-FR","potentialAction":[{"@type":"ReadAction","target":["https:\/\/kapitalis.com\/tunisie\/2026\/09\/03\/le-festival-de-laudio-visuel-arabe-entre-tunis-et-hammamet\/"]}]},{"@type":"ImageObject","inLanguage":"fr-FR","@id":"https:\/\/kapitalis.com\/tunisie\/2026\/09\/03\/le-festival-de-laudio-visuel-arabe-entre-tunis-et-hammamet\/#primaryimage","url":"https:\/\/kapitalis.com\/tunisie\/wp-content\/uploads\/2026\/09\/Festival-Asbu-2026.jpg","contentUrl":"https:\/\/kapitalis.com\/tunisie\/wp-content\/uploads\/2026\/09\/Festival-Asbu-2026.jpg","width":1200,"height":630},{"@type":"BreadcrumbList","@id":"https:\/\/kapitalis.com\/tunisie\/2026\/09\/03\/le-festival-de-laudio-visuel-arabe-entre-tunis-et-hammamet\/#breadcrumb","itemListElement":[{"@type":"ListItem","position":1,"name":"Accueil","item":"https:\/\/kapitalis.com\/tunisie\/"},{"@type":"ListItem","position":2,"name":"Le festival de l\u2019audio-visuel arabe entre Tunis et Hammamet"}]},{"@type":"WebSite","@id":"https:\/\/kapitalis.com\/tunisie\/#website","url":"https:\/\/kapitalis.com\/tunisie\/","name":"Kapitalis","description":"L&#039;actualit\u00e9 en Tunisie et dans le monde","publisher":{"@id":"https:\/\/kapitalis.com\/tunisie\/#organization"},"potentialAction":[{"@type":"SearchAction","target":{"@type":"EntryPoint","urlTemplate":"https:\/\/kapitalis.com\/tunisie\/?s={search_term_string}"},"query-input":{"@type":"PropertyValueSpecification","valueRequired":true,"valueName":"search_term_string"}}],"inLanguage":"fr-FR"},{"@type":"Organization","@id":"https:\/\/kapitalis.com\/tunisie\/#organization","name":"Kapitalis","url":"https:\/\/kapitalis.com\/tunisie\/","logo":{"@type":"ImageObject","inLanguage":"fr-FR","@id":"https:\/\/kapitalis.com\/tunisie\/#\/schema\/logo\/image\/","url":"https:\/\/kapitalis.com\/tunisie\/wp-content\/uploads\/2022\/05\/Kapitalis-big-size.png","contentUrl":"https:\/\/kapitalis.com\/tunisie\/wp-content\/uploads\/2022\/05\/Kapitalis-big-size.png","width":5000,"height":1500,"caption":"Kapitalis"},"image":{"@id":"https:\/\/kapitalis.com\/tunisie\/#\/schema\/logo\/image\/"},"sameAs":["https:\/\/www.facebook.com\/KapitalisInfo\/","https:\/\/x.com\/KapitalisInfo","https:\/\/www.youtube.com\/channel\/UC-yDYrHyfFBWWZaOw3FPg9Q"]},{"@type":"Person","@id":"https:\/\/kapitalis.com\/tunisie\/#\/schema\/person\/d71f33a9ca44f7bad4698210b480c8e9","name":"webmaster kapitalis","url":"https:\/\/kapitalis.com\/tunisie\/author\/webmaster-kapitalis\/"}]}},"_links":{"self":[{"href":"https:\/\/kapitalis.com\/tunisie\/wp-json\/wp\/v2\/posts\/19564497","targetHints":{"allow":["GET"]}}],"collection":[{"href":"https:\/\/kapitalis.com\/tunisie\/wp-json\/wp\/v2\/posts"}],"about":[{"href":"https:\/\/kapitalis.com\/tunisie\/wp-json\/wp\/v2\/types\/post"}],"author":[{"embeddable":true,"href":"https:\/\/kapitalis.com\/tunisie\/wp-json\/wp\/v2\/users\/8"}],"replies":[{"embeddable":true,"href":"https:\/\/kapitalis.com\/tunisie\/wp-json\/wp\/v2\/comments?post=19564497"}],"version-history":[{"count":1,"href":"https:\/\/kapitalis.com\/tunisie\/wp-json\/wp\/v2\/posts\/19564497\/revisions"}],"predecessor-version":[{"id":19564552,"href":"https:\/\/kapitalis.com\/tunisie\/wp-json\/wp\/v2\/posts\/19564497\/revisions\/19564552"}],"wp:featuredmedia":[{"embeddable":true,"href":"https:\/\/kapitalis.com\/tunisie\/wp-json\/wp\/v2\/media\/19564543"}],"wp:attachment":[{"href":"https:\/\/kapitalis.com\/tunisie\/wp-json\/wp\/v2\/media?parent=19564497"}],"wp:term":[{"taxonomy":"category","embeddable":true,"href":"https:\/\/kapitalis.com\/tunisie\/wp-json\/wp\/v2\/categories?post=19564497"},{"taxonomy":"post_tag","embeddable":true,"href":"https:\/\/kapitalis.com\/tunisie\/wp-json\/wp\/v2\/tags?post=19564497"}],"curies":[{"name":"wp","href":"https:\/\/api.w.org\/{rel}","templated":true}]}}