{"id":19564829,"date":"2026-09-03T11:27:53","date_gmt":"2026-09-03T10:27:53","guid":{"rendered":"https:\/\/kapitalis.com\/tunisie\/?p=19564829"},"modified":"2026-09-03T11:27:56","modified_gmt":"2026-09-03T10:27:56","slug":"ue-200-000-e-pour-les-victimes-des-incendies-en-tunisie","status":"publish","type":"post","link":"https:\/\/kapitalis.com\/tunisie\/2026\/09\/03\/ue-200-000-e-pour-les-victimes-des-incendies-en-tunisie\/","title":{"rendered":"UE | 200 000 \u20ac pour les victimes des incendies en Tunisie"},"content":{"rendered":"\n<p class=\"wp-block-paragraph\"><strong><em>L\u2019Union europ\u00e9enne (UE) a d\u00e9bloqu\u00e9 un financement humanitaire d\u2019urgence de 200 000 euros (environ 676\u00a0000 dinars tunisiens)<\/em><\/strong> <strong><em>pour soutenir les communaut\u00e9s tunisiennes touch\u00e9es par les graves incendies qui frappent le pays depuis le d\u00e9but du mois de juin.<\/em><\/strong> <em>(Photo : R\u00e9cent incendie au Jebel Bargou)<\/em>.<\/p>\n\n\n\n<!--more-->\n\n\n\n<p class=\"wp-block-paragraph\">Ces ressources serviront \u00e0 renforcer l\u2019intervention du Croissant-Rouge tunisien, avec le soutien de la F\u00e9d\u00e9ration internationale des Soci\u00e9t\u00e9s de la Croix-Rouge et du Croissant-Rouge (FICR), face \u00e0 une situation d\u2019urgence aggrav\u00e9e par les temp\u00e9ratures \u00e9lev\u00e9es, la s\u00e9cheresse de la v\u00e9g\u00e9tation et les vents violents. <em>\u00abCe soutien est un signe tangible de la solidarit\u00e9 et de la proximit\u00e9 de l\u2019UE avec le peuple tunisien dans cette \u00e9preuve, venant s\u2019ajouter \u00e0 l\u2019aide d\u2019urgence apport\u00e9e durant la phase la plus critique des incendies\u00bb<\/em>, a d\u00e9clar\u00e9 l\u2019ambassadeur de l\u2019UE en Tunisie, Giuseppe Perrone, \u00e0 l\u2019agence italienne <a href=\"https:\/\/www.agenzianova.com\/news\/tunisia-lue-mobilita-200-mila-euro-per-sostenere-le-comunita-colpite-dagli-incendi\/\">Nova<\/a>.<\/p>\n\n\n\n<p class=\"wp-block-paragraph\">Selon les estimations du Croissant-Rouge tunisien, les incendies ont d\u00e9j\u00e0 ravag\u00e9 environ 12 000 hectares de for\u00eats et de terres agricoles depuis le d\u00e9but de la saison des feux, touchant au total pr\u00e8s de 41 479 personnes. Ce chiffre englobe aussi bien les personnes directement affect\u00e9es par les incendies que celles ayant subi les cons\u00e9quences des interruptions de fourniture d\u2019\u00e9lectricit\u00e9 et d\u2019eau.<\/p>\n\n\n\n<h2 class=\"wp-block-heading\">Aide humanitaire d\u2019urgence aux communaut\u00e9s les plus vuln\u00e9rables<\/h2>\n\n\n\n<p class=\"wp-block-paragraph\">Les flammes ont endommag\u00e9 ou d\u00e9truit des habitations, des commerces, des terres agricoles, des arbres fruitiers ainsi que d\u2019autres moyens de subsistance, affectant particuli\u00e8rement les communaut\u00e9s rurales et foresti\u00e8res dont l\u2019\u00e9conomie repose sur l\u2019agriculture, l\u2019\u00e9levage et les ressources naturelles.<\/p>\n\n\n\n<p class=\"wp-block-paragraph\">Parmi les cat\u00e9gories les plus vuln\u00e9rables figurent les personnes \u00e2g\u00e9es, les enfants, les personnes en situation de handicap ou atteintes de maladies chroniques, les femmes enceintes ou allaitantes ainsi que les familles \u00e0 faibles revenus, ces derni\u00e8res \u00e9tant davantage expos\u00e9es aux difficult\u00e9s li\u00e9es \u00e0 la perte de leur logement, de leurs biens et de leurs moyens de subsistance.<\/p>\n\n\n\n<p class=\"wp-block-paragraph\">Le financement europ\u00e9en, explique la d\u00e9l\u00e9gation de l\u2019UE \u00e0 Tunis, cit\u00e9e par Nova, permettra de fournir des abris et des biens m\u00e9nagers de premi\u00e8re n\u00e9cessit\u00e9, une aide alimentaire et un soutien financier, ainsi que des services de sant\u00e9 et un soutien psychosocial.<\/p>\n\n\n\n<p class=\"wp-block-paragraph\">L\u2019intervention comprendra \u00e9galement des activit\u00e9s dans les domaines de l\u2019eau, de l\u2019assainissement et de l\u2019hygi\u00e8ne, ainsi que des initiatives de protection et de mobilisation des communaut\u00e9s locales. L\u2019op\u00e9ration, d\u2019une dur\u00e9e de six mois s\u2019\u00e9tendant jusqu\u2019\u00e0 fin f\u00e9vrier 2027, vise \u00e0 atteindre environ 15 000 personnes directement touch\u00e9es par les incendies. Ces 200 000 euros s\u2019inscrivent dans le cadre de la contribution de l\u2019UE au Fonds d\u2019urgence pour les interventions en cas de catastrophe (DREF) de la FICR, un instrument con\u00e7u pour permettre aux soci\u00e9t\u00e9s nationales de la Croix-Rouge et du Croissant-Rouge de disposer rapidement de ressources financi\u00e8res en cas de calamit\u00e9.<\/p>\n\n\n\n<p class=\"wp-block-paragraph\">Le Croissant-Rouge tunisien a mobilis\u00e9 des b\u00e9n\u00e9voles dans les zones touch\u00e9es par les incendies, les impliquant dans les op\u00e9rations d\u2019\u00e9vacuation, les premiers secours, la distribution d\u2019aide humanitaire et d\u2019eau, le soutien psychosocial ainsi que dans les activit\u00e9s d\u2019\u00e9valuation des besoins et de soutien aux communaut\u00e9s. Ces interventions sont men\u00e9es en coordination avec la Protection civile et les autorit\u00e9s locales.<\/p>\n\n\n\n<h2 class=\"wp-block-heading\">Contribution europ\u00e9enne \u00e0 la lutte contre les incendies<\/h2>\n\n\n\n<p class=\"wp-block-paragraph\">Comme le rappelle l\u2019ambassadeur Perrone \u00e0 Nova, ce soutien europ\u00e9en s\u2019inscrit dans une mobilisation plus large de l\u2019UE en faveur de la Tunisie. Suite \u00e0 la demande d\u2019assistance pr\u00e9sent\u00e9e par Tunis le 23 juillet 2026 dans le cadre du m\u00e9canisme de protection civile de l\u2019Union, le Centre de coordination de la r\u00e9action d\u2019urgence (ERCC) de la Commission europ\u00e9enne a soutenu le d\u00e9ploiement rapide de deux Canadair mis \u00e0 disposition par l\u2019Italie pour contribuer \u00e0 la lutte contre les incendies. Le service europ\u00e9en d\u2019observation par satellite Copernicus a \u00e9galement \u00e9t\u00e9 activ\u00e9, via le syst\u00e8me de cartographie rapide EMSR903, afin de fournir des cartes facilitant la gestion de l\u2019urgence.<\/p>\n\n\n\n<p class=\"wp-block-paragraph\">Cette intervention face aux incendies s\u2019inscrit dans le cadre des instruments utilis\u00e9s par l\u2019UE pour r\u00e9pondre aux urgences et aux catastrophes naturelles, avec pour objectif de contribuer \u00e0 sauver des vies, \u00e0 r\u00e9duire les souffrances et \u00e0 soutenir les populations les plus vuln\u00e9rables.<\/p>\n\n\n\n<p class=\"wp-block-paragraph\">Dans ce contexte, la Commission europ\u00e9enne a conclu avec la FICR un accord de contribution humanitaire de 16 millions d\u2019euros pour soutenir le DREF. Ce fonds, cr\u00e9\u00e9 en 1979 et aliment\u00e9 par les contributions de donateurs, permet de financer rapidement les op\u00e9rations des soci\u00e9t\u00e9s nationales de la Croix-Rouge et du Croissant-Rouge en cas de catastrophes de moindre ampleur ne n\u00e9cessitant pas le lancement d\u2019un appel international formel. Les subventions sont ensuite reconstitu\u00e9es gr\u00e2ce aux contributions des donateurs, dans le cadre des op\u00e9rations relevant du mandat humanitaire de l\u2019UE.<\/p>\n\n\n\n<p class=\"has-text-align-right wp-block-paragraph\">\u00a0<strong>I. B.<\/strong> (avec <a href=\"https:\/\/www.agenzianova.com\/news\/tunisia-lue-mobilita-200-mila-euro-per-sostenere-le-comunita-colpite-dagli-incendi\/\" target=\"_blank\" rel=\"noreferrer noopener\">Nova)<\/a>.<\/p>\n","protected":false},"excerpt":{"rendered":"<p>L\u2019UE d\u00e9bloque un financement humanitaire d\u2019urgence de 200 000 euros en soutien des  Tunisiens touch\u00e9es par les r\u00e9centes incendies<\/p>\n","protected":false},"author":8,"featured_media":19548981,"comment_status":"open","ping_status":"open","sticky":false,"template":"","format":"standard","meta":{"footnotes":""},"categories":[997,998,2433],"tags":[78547,120282,472,62643,937],"class_list":["post-19564829","post","type-post","status-publish","format-standard","has-post-thumbnail","hentry","category-politique","category-societe","category-tunisie","tag-croissant-rouge-tunisien-2","tag-giuseppe-perrone","tag-incendies","tag-tunisie","tag-union-europeenne"],"yoast_head":"<!-- This site is optimized with the Yoast SEO plugin v26.6 - https:\/\/yoast.com\/wordpress\/plugins\/seo\/ -->\n<title>UE | 200 000 \u20ac pour les victimes des incendies en Tunisie - Kapitalis<\/title>\n<meta name=\"description\" content=\"L\u2019UE d\u00e9bloque un financement humanitaire d\u2019urgence de 200 000 euros en soutien des Tunisiens touch\u00e9es par les r\u00e9centes incendies\" \/>\n<meta name=\"robots\" content=\"index, follow, max-snippet:-1, max-image-preview:large, max-video-preview:-1\" \/>\n<link rel=\"canonical\" href=\"https:\/\/kapitalis.com\/tunisie\/2026\/09\/03\/ue-200-000-e-pour-les-victimes-des-incendies-en-tunisie\/\" \/>\n<meta property=\"og:locale\" content=\"fr_FR\" \/>\n<meta property=\"og:type\" content=\"article\" \/>\n<meta property=\"og:title\" content=\"UE | 200 000 \u20ac pour les victimes des incendies en Tunisie - Kapitalis\" \/>\n<meta property=\"og:description\" content=\"L\u2019UE d\u00e9bloque un financement humanitaire d\u2019urgence de 200 000 euros en soutien des Tunisiens touch\u00e9es par les r\u00e9centes incendies\" \/>\n<meta property=\"og:url\" content=\"https:\/\/kapitalis.com\/tunisie\/2026\/09\/03\/ue-200-000-e-pour-les-victimes-des-incendies-en-tunisie\/\" \/>\n<meta property=\"og:site_name\" content=\"Kapitalis\" \/>\n<meta property=\"article:publisher\" content=\"https:\/\/www.facebook.com\/KapitalisInfo\/\" \/>\n<meta property=\"article:published_time\" content=\"2026-09-03T10:27:53+00:00\" \/>\n<meta property=\"article:modified_time\" content=\"2026-09-03T10:27:56+00:00\" \/>\n<meta property=\"og:image\" content=\"https:\/\/kapitalis.com\/tunisie\/wp-content\/uploads\/2026\/09\/Incendie-Bargou.jpg\" \/>\n\t<meta property=\"og:image:width\" content=\"1200\" \/>\n\t<meta property=\"og:image:height\" content=\"630\" \/>\n\t<meta property=\"og:image:type\" content=\"image\/jpeg\" \/>\n<meta name=\"author\" content=\"webmaster kapitalis\" \/>\n<meta name=\"twitter:card\" content=\"summary_large_image\" \/>\n<meta name=\"twitter:creator\" content=\"@KapitalisInfo\" \/>\n<meta name=\"twitter:site\" content=\"@KapitalisInfo\" \/>\n<meta name=\"twitter:label1\" content=\"\u00c9crit par\" \/>\n\t<meta name=\"twitter:data1\" content=\"webmaster kapitalis\" \/>\n\t<meta name=\"twitter:label2\" content=\"Dur\u00e9e de lecture estim\u00e9e\" \/>\n\t<meta name=\"twitter:data2\" content=\"5 minutes\" \/>\n<script type=\"application\/ld+json\" class=\"yoast-schema-graph\">{\"@context\":\"https:\/\/schema.org\",\"@graph\":[{\"@type\":\"Article\",\"@id\":\"https:\/\/kapitalis.com\/tunisie\/2026\/09\/03\/ue-200-000-e-pour-les-victimes-des-incendies-en-tunisie\/#article\",\"isPartOf\":{\"@id\":\"https:\/\/kapitalis.com\/tunisie\/2026\/09\/03\/ue-200-000-e-pour-les-victimes-des-incendies-en-tunisie\/\"},\"author\":{\"name\":\"webmaster kapitalis\",\"@id\":\"https:\/\/kapitalis.com\/tunisie\/#\/schema\/person\/d71f33a9ca44f7bad4698210b480c8e9\"},\"headline\":\"UE | 200 000 \u20ac pour les victimes des incendies en Tunisie\",\"datePublished\":\"2026-09-03T10:27:53+00:00\",\"dateModified\":\"2026-09-03T10:27:56+00:00\",\"mainEntityOfPage\":{\"@id\":\"https:\/\/kapitalis.com\/tunisie\/2026\/09\/03\/ue-200-000-e-pour-les-victimes-des-incendies-en-tunisie\/\"},\"wordCount\":864,\"commentCount\":0,\"publisher\":{\"@id\":\"https:\/\/kapitalis.com\/tunisie\/#organization\"},\"image\":{\"@id\":\"https:\/\/kapitalis.com\/tunisie\/2026\/09\/03\/ue-200-000-e-pour-les-victimes-des-incendies-en-tunisie\/#primaryimage\"},\"thumbnailUrl\":\"https:\/\/kapitalis.com\/tunisie\/wp-content\/uploads\/2026\/09\/Incendie-Bargou.jpg\",\"keywords\":[\"Croissant rouge tunisien\",\"Giuseppe Perrone\",\"incendies\",\"Tunisie\",\"Union europ\u00e9enne\"],\"articleSection\":[\"POLITIQUE\",\"SOCIETE\",\"Tunisie\"],\"inLanguage\":\"fr-FR\",\"potentialAction\":[{\"@type\":\"CommentAction\",\"name\":\"Comment\",\"target\":[\"https:\/\/kapitalis.com\/tunisie\/2026\/09\/03\/ue-200-000-e-pour-les-victimes-des-incendies-en-tunisie\/#respond\"]}]},{\"@type\":\"WebPage\",\"@id\":\"https:\/\/kapitalis.com\/tunisie\/2026\/09\/03\/ue-200-000-e-pour-les-victimes-des-incendies-en-tunisie\/\",\"url\":\"https:\/\/kapitalis.com\/tunisie\/2026\/09\/03\/ue-200-000-e-pour-les-victimes-des-incendies-en-tunisie\/\",\"name\":\"UE | 200 000 \u20ac pour les victimes des incendies en Tunisie - Kapitalis\",\"isPartOf\":{\"@id\":\"https:\/\/kapitalis.com\/tunisie\/#website\"},\"primaryImageOfPage\":{\"@id\":\"https:\/\/kapitalis.com\/tunisie\/2026\/09\/03\/ue-200-000-e-pour-les-victimes-des-incendies-en-tunisie\/#primaryimage\"},\"image\":{\"@id\":\"https:\/\/kapitalis.com\/tunisie\/2026\/09\/03\/ue-200-000-e-pour-les-victimes-des-incendies-en-tunisie\/#primaryimage\"},\"thumbnailUrl\":\"https:\/\/kapitalis.com\/tunisie\/wp-content\/uploads\/2026\/09\/Incendie-Bargou.jpg\",\"datePublished\":\"2026-09-03T10:27:53+00:00\",\"dateModified\":\"2026-09-03T10:27:56+00:00\",\"description\":\"L\u2019UE d\u00e9bloque un financement humanitaire d\u2019urgence de 200 000 euros en soutien des Tunisiens touch\u00e9es par les r\u00e9centes incendies\",\"breadcrumb\":{\"@id\":\"https:\/\/kapitalis.com\/tunisie\/2026\/09\/03\/ue-200-000-e-pour-les-victimes-des-incendies-en-tunisie\/#breadcrumb\"},\"inLanguage\":\"fr-FR\",\"potentialAction\":[{\"@type\":\"ReadAction\",\"target\":[\"https:\/\/kapitalis.com\/tunisie\/2026\/09\/03\/ue-200-000-e-pour-les-victimes-des-incendies-en-tunisie\/\"]}]},{\"@type\":\"ImageObject\",\"inLanguage\":\"fr-FR\",\"@id\":\"https:\/\/kapitalis.com\/tunisie\/2026\/09\/03\/ue-200-000-e-pour-les-victimes-des-incendies-en-tunisie\/#primaryimage\",\"url\":\"https:\/\/kapitalis.com\/tunisie\/wp-content\/uploads\/2026\/09\/Incendie-Bargou.jpg\",\"contentUrl\":\"https:\/\/kapitalis.com\/tunisie\/wp-content\/uploads\/2026\/09\/Incendie-Bargou.jpg\",\"width\":1200,\"height\":630},{\"@type\":\"BreadcrumbList\",\"@id\":\"https:\/\/kapitalis.com\/tunisie\/2026\/09\/03\/ue-200-000-e-pour-les-victimes-des-incendies-en-tunisie\/#breadcrumb\",\"itemListElement\":[{\"@type\":\"ListItem\",\"position\":1,\"name\":\"Accueil\",\"item\":\"https:\/\/kapitalis.com\/tunisie\/\"},{\"@type\":\"ListItem\",\"position\":2,\"name\":\"UE | 200 000 \u20ac pour les victimes des incendies en Tunisie\"}]},{\"@type\":\"WebSite\",\"@id\":\"https:\/\/kapitalis.com\/tunisie\/#website\",\"url\":\"https:\/\/kapitalis.com\/tunisie\/\",\"name\":\"Kapitalis\",\"description\":\"L&#039;actualit\u00e9 en Tunisie et dans le monde\",\"publisher\":{\"@id\":\"https:\/\/kapitalis.com\/tunisie\/#organization\"},\"potentialAction\":[{\"@type\":\"SearchAction\",\"target\":{\"@type\":\"EntryPoint\",\"urlTemplate\":\"https:\/\/kapitalis.com\/tunisie\/?s={search_term_string}\"},\"query-input\":{\"@type\":\"PropertyValueSpecification\",\"valueRequired\":true,\"valueName\":\"search_term_string\"}}],\"inLanguage\":\"fr-FR\"},{\"@type\":\"Organization\",\"@id\":\"https:\/\/kapitalis.com\/tunisie\/#organization\",\"name\":\"Kapitalis\",\"url\":\"https:\/\/kapitalis.com\/tunisie\/\",\"logo\":{\"@type\":\"ImageObject\",\"inLanguage\":\"fr-FR\",\"@id\":\"https:\/\/kapitalis.com\/tunisie\/#\/schema\/logo\/image\/\",\"url\":\"https:\/\/kapitalis.com\/tunisie\/wp-content\/uploads\/2022\/05\/Kapitalis-big-size.png\",\"contentUrl\":\"https:\/\/kapitalis.com\/tunisie\/wp-content\/uploads\/2022\/05\/Kapitalis-big-size.png\",\"width\":5000,\"height\":1500,\"caption\":\"Kapitalis\"},\"image\":{\"@id\":\"https:\/\/kapitalis.com\/tunisie\/#\/schema\/logo\/image\/\"},\"sameAs\":[\"https:\/\/www.facebook.com\/KapitalisInfo\/\",\"https:\/\/x.com\/KapitalisInfo\",\"https:\/\/www.youtube.com\/channel\/UC-yDYrHyfFBWWZaOw3FPg9Q\"]},{\"@type\":\"Person\",\"@id\":\"https:\/\/kapitalis.com\/tunisie\/#\/schema\/person\/d71f33a9ca44f7bad4698210b480c8e9\",\"name\":\"webmaster kapitalis\",\"url\":\"https:\/\/kapitalis.com\/tunisie\/author\/webmaster-kapitalis\/\"}]}<\/script>\n<!-- \/ Yoast SEO plugin. -->","yoast_head_json":{"title":"UE | 200 000 \u20ac pour les victimes des incendies en Tunisie - Kapitalis","description":"L\u2019UE d\u00e9bloque un financement humanitaire d\u2019urgence de 200 000 euros en soutien des Tunisiens touch\u00e9es par les r\u00e9centes incendies","robots":{"index":"index","follow":"follow","max-snippet":"max-snippet:-1","max-image-preview":"max-image-preview:large","max-video-preview":"max-video-preview:-1"},"canonical":"https:\/\/kapitalis.com\/tunisie\/2026\/09\/03\/ue-200-000-e-pour-les-victimes-des-incendies-en-tunisie\/","og_locale":"fr_FR","og_type":"article","og_title":"UE | 200 000 \u20ac pour les victimes des incendies en Tunisie - Kapitalis","og_description":"L\u2019UE d\u00e9bloque un financement humanitaire d\u2019urgence de 200 000 euros en soutien des Tunisiens touch\u00e9es par les r\u00e9centes incendies","og_url":"https:\/\/kapitalis.com\/tunisie\/2026\/09\/03\/ue-200-000-e-pour-les-victimes-des-incendies-en-tunisie\/","og_site_name":"Kapitalis","article_publisher":"https:\/\/www.facebook.com\/KapitalisInfo\/","article_published_time":"2026-09-03T10:27:53+00:00","article_modified_time":"2026-09-03T10:27:56+00:00","og_image":[{"width":1200,"height":630,"url":"https:\/\/kapitalis.com\/tunisie\/wp-content\/uploads\/2026\/09\/Incendie-Bargou.jpg","type":"image\/jpeg"}],"author":"webmaster kapitalis","twitter_card":"summary_large_image","twitter_creator":"@KapitalisInfo","twitter_site":"@KapitalisInfo","twitter_misc":{"\u00c9crit par":"webmaster kapitalis","Dur\u00e9e de lecture estim\u00e9e":"5 minutes"},"schema":{"@context":"https:\/\/schema.org","@graph":[{"@type":"Article","@id":"https:\/\/kapitalis.com\/tunisie\/2026\/09\/03\/ue-200-000-e-pour-les-victimes-des-incendies-en-tunisie\/#article","isPartOf":{"@id":"https:\/\/kapitalis.com\/tunisie\/2026\/09\/03\/ue-200-000-e-pour-les-victimes-des-incendies-en-tunisie\/"},"author":{"name":"webmaster kapitalis","@id":"https:\/\/kapitalis.com\/tunisie\/#\/schema\/person\/d71f33a9ca44f7bad4698210b480c8e9"},"headline":"UE | 200 000 \u20ac pour les victimes des incendies en Tunisie","datePublished":"2026-09-03T10:27:53+00:00","dateModified":"2026-09-03T10:27:56+00:00","mainEntityOfPage":{"@id":"https:\/\/kapitalis.com\/tunisie\/2026\/09\/03\/ue-200-000-e-pour-les-victimes-des-incendies-en-tunisie\/"},"wordCount":864,"commentCount":0,"publisher":{"@id":"https:\/\/kapitalis.com\/tunisie\/#organization"},"image":{"@id":"https:\/\/kapitalis.com\/tunisie\/2026\/09\/03\/ue-200-000-e-pour-les-victimes-des-incendies-en-tunisie\/#primaryimage"},"thumbnailUrl":"https:\/\/kapitalis.com\/tunisie\/wp-content\/uploads\/2026\/09\/Incendie-Bargou.jpg","keywords":["Croissant rouge tunisien","Giuseppe Perrone","incendies","Tunisie","Union europ\u00e9enne"],"articleSection":["POLITIQUE","SOCIETE","Tunisie"],"inLanguage":"fr-FR","potentialAction":[{"@type":"CommentAction","name":"Comment","target":["https:\/\/kapitalis.com\/tunisie\/2026\/09\/03\/ue-200-000-e-pour-les-victimes-des-incendies-en-tunisie\/#respond"]}]},{"@type":"WebPage","@id":"https:\/\/kapitalis.com\/tunisie\/2026\/09\/03\/ue-200-000-e-pour-les-victimes-des-incendies-en-tunisie\/","url":"https:\/\/kapitalis.com\/tunisie\/2026\/09\/03\/ue-200-000-e-pour-les-victimes-des-incendies-en-tunisie\/","name":"UE | 200 000 \u20ac pour les victimes des incendies en Tunisie - Kapitalis","isPartOf":{"@id":"https:\/\/kapitalis.com\/tunisie\/#website"},"primaryImageOfPage":{"@id":"https:\/\/kapitalis.com\/tunisie\/2026\/09\/03\/ue-200-000-e-pour-les-victimes-des-incendies-en-tunisie\/#primaryimage"},"image":{"@id":"https:\/\/kapitalis.com\/tunisie\/2026\/09\/03\/ue-200-000-e-pour-les-victimes-des-incendies-en-tunisie\/#primaryimage"},"thumbnailUrl":"https:\/\/kapitalis.com\/tunisie\/wp-content\/uploads\/2026\/09\/Incendie-Bargou.jpg","datePublished":"2026-09-03T10:27:53+00:00","dateModified":"2026-09-03T10:27:56+00:00","description":"L\u2019UE d\u00e9bloque un financement humanitaire d\u2019urgence de 200 000 euros en soutien des Tunisiens touch\u00e9es par les r\u00e9centes incendies","breadcrumb":{"@id":"https:\/\/kapitalis.com\/tunisie\/2026\/09\/03\/ue-200-000-e-pour-les-victimes-des-incendies-en-tunisie\/#breadcrumb"},"inLanguage":"fr-FR","potentialAction":[{"@type":"ReadAction","target":["https:\/\/kapitalis.com\/tunisie\/2026\/09\/03\/ue-200-000-e-pour-les-victimes-des-incendies-en-tunisie\/"]}]},{"@type":"ImageObject","inLanguage":"fr-FR","@id":"https:\/\/kapitalis.com\/tunisie\/2026\/09\/03\/ue-200-000-e-pour-les-victimes-des-incendies-en-tunisie\/#primaryimage","url":"https:\/\/kapitalis.com\/tunisie\/wp-content\/uploads\/2026\/09\/Incendie-Bargou.jpg","contentUrl":"https:\/\/kapitalis.com\/tunisie\/wp-content\/uploads\/2026\/09\/Incendie-Bargou.jpg","width":1200,"height":630},{"@type":"BreadcrumbList","@id":"https:\/\/kapitalis.com\/tunisie\/2026\/09\/03\/ue-200-000-e-pour-les-victimes-des-incendies-en-tunisie\/#breadcrumb","itemListElement":[{"@type":"ListItem","position":1,"name":"Accueil","item":"https:\/\/kapitalis.com\/tunisie\/"},{"@type":"ListItem","position":2,"name":"UE | 200 000 \u20ac pour les victimes des incendies en Tunisie"}]},{"@type":"WebSite","@id":"https:\/\/kapitalis.com\/tunisie\/#website","url":"https:\/\/kapitalis.com\/tunisie\/","name":"Kapitalis","description":"L&#039;actualit\u00e9 en Tunisie et dans le monde","publisher":{"@id":"https:\/\/kapitalis.com\/tunisie\/#organization"},"potentialAction":[{"@type":"SearchAction","target":{"@type":"EntryPoint","urlTemplate":"https:\/\/kapitalis.com\/tunisie\/?s={search_term_string}"},"query-input":{"@type":"PropertyValueSpecification","valueRequired":true,"valueName":"search_term_string"}}],"inLanguage":"fr-FR"},{"@type":"Organization","@id":"https:\/\/kapitalis.com\/tunisie\/#organization","name":"Kapitalis","url":"https:\/\/kapitalis.com\/tunisie\/","logo":{"@type":"ImageObject","inLanguage":"fr-FR","@id":"https:\/\/kapitalis.com\/tunisie\/#\/schema\/logo\/image\/","url":"https:\/\/kapitalis.com\/tunisie\/wp-content\/uploads\/2022\/05\/Kapitalis-big-size.png","contentUrl":"https:\/\/kapitalis.com\/tunisie\/wp-content\/uploads\/2022\/05\/Kapitalis-big-size.png","width":5000,"height":1500,"caption":"Kapitalis"},"image":{"@id":"https:\/\/kapitalis.com\/tunisie\/#\/schema\/logo\/image\/"},"sameAs":["https:\/\/www.facebook.com\/KapitalisInfo\/","https:\/\/x.com\/KapitalisInfo","https:\/\/www.youtube.com\/channel\/UC-yDYrHyfFBWWZaOw3FPg9Q"]},{"@type":"Person","@id":"https:\/\/kapitalis.com\/tunisie\/#\/schema\/person\/d71f33a9ca44f7bad4698210b480c8e9","name":"webmaster kapitalis","url":"https:\/\/kapitalis.com\/tunisie\/author\/webmaster-kapitalis\/"}]}},"_links":{"self":[{"href":"https:\/\/kapitalis.com\/tunisie\/wp-json\/wp\/v2\/posts\/19564829","targetHints":{"allow":["GET"]}}],"collection":[{"href":"https:\/\/kapitalis.com\/tunisie\/wp-json\/wp\/v2\/posts"}],"about":[{"href":"https:\/\/kapitalis.com\/tunisie\/wp-json\/wp\/v2\/types\/post"}],"author":[{"embeddable":true,"href":"https:\/\/kapitalis.com\/tunisie\/wp-json\/wp\/v2\/users\/8"}],"replies":[{"embeddable":true,"href":"https:\/\/kapitalis.com\/tunisie\/wp-json\/wp\/v2\/comments?post=19564829"}],"version-history":[{"count":1,"href":"https:\/\/kapitalis.com\/tunisie\/wp-json\/wp\/v2\/posts\/19564829\/revisions"}],"predecessor-version":[{"id":19564877,"href":"https:\/\/kapitalis.com\/tunisie\/wp-json\/wp\/v2\/posts\/19564829\/revisions\/19564877"}],"wp:featuredmedia":[{"embeddable":true,"href":"https:\/\/kapitalis.com\/tunisie\/wp-json\/wp\/v2\/media\/19548981"}],"wp:attachment":[{"href":"https:\/\/kapitalis.com\/tunisie\/wp-json\/wp\/v2\/media?parent=19564829"}],"wp:term":[{"taxonomy":"category","embeddable":true,"href":"https:\/\/kapitalis.com\/tunisie\/wp-json\/wp\/v2\/categories?post=19564829"},{"taxonomy":"post_tag","embeddable":true,"href":"https:\/\/kapitalis.com\/tunisie\/wp-json\/wp\/v2\/tags?post=19564829"}],"curies":[{"name":"wp","href":"https:\/\/api.w.org\/{rel}","templated":true}]}}