{"id":19565153,"date":"2026-09-03T12:12:32","date_gmt":"2026-09-03T11:12:32","guid":{"rendered":"https:\/\/kapitalis.com\/tunisie\/?p=19565153"},"modified":"2026-09-03T12:12:33","modified_gmt":"2026-09-03T11:12:33","slug":"un-nouveau-cadre-de-dialogue-national-pour-sortir-la-tunisie-de-la-crise","status":"publish","type":"post","link":"https:\/\/kapitalis.com\/tunisie\/2026\/09\/03\/un-nouveau-cadre-de-dialogue-national-pour-sortir-la-tunisie-de-la-crise\/","title":{"rendered":"Un nouveau cadre de dialogue national pour sortir la Tunisie de la crise \u00a0\u00a0"},"content":{"rendered":"\n<p class=\"wp-block-paragraph\"><strong><em>Trois des quatre composantes du&nbsp;Quartet du dialogue national, prix Nobel de la Paix 2015 *&nbsp;\u2014 la Ligue tunisienne des droits de l&rsquo;homme (LTDH), l\u2019Ordre national des avocats tunisiens (Onat) et l\u2019Union g\u00e9n\u00e9rale Tunisienne du Travail (UGTT) \u2014reprennent la parole ensemble, dans un cadre de coordination commun face \u00e0 la crise politique, \u00e9conomique et sociale que traverse le pays. Et publient, ce jeudi 3 septembre 2026 le communiqu\u00e9 conjoint suivant sous le titre \u00abLa Tunisie d&rsquo;abord, et le peuple au-dessus de toute consid\u00e9ration\u00bb.<\/em><\/strong><\/p>\n\n\n\n<!--more-->\n\n\n\n<p class=\"wp-block-paragraph\">La Tunisie traverse aujourd\u2019hui une crise politique, \u00e9conomique et sociale profonde, r\u00e9sultat de choix et de politiques qui ont prouv\u00e9 leur incapacit\u00e9 \u00e0 r\u00e9soudre les crises accumul\u00e9es, et qui ont m\u00eame contribu\u00e9 \u00e0 aggraver la souffrance des Tunisiens, \u00e0 affaiblir leur pouvoir d\u2019achat, et \u00e0 \u00e9largir les cercles de la pauvret\u00e9, du ch\u00f4mage et de la pr\u00e9carit\u00e9 \u2014 au point que le citoyen a perdu confiance dans les institutions de l\u2019\u00c9tat et dans leur capacit\u00e9 \u00e0 r\u00e9pondre \u00e0 ses revendications l\u00e9gitimes.<\/p>\n\n\n\n<p class=\"wp-block-paragraph\">Le pays conna\u00eet \u00e9galement un recul grave dans le domaine des droits et des libert\u00e9s, un resserrement continu de l\u2019action politique, syndicale et civile, ainsi qu\u2019une instrumentalisation croissante de la justice dans les conflits politiques, portant atteinte \u00e0 son ind\u00e9pendance, aux garanties d\u2019un proc\u00e8s \u00e9quitable et aux droits de la d\u00e9fense \u2014 ce qui frappe l\u2019une des garanties les plus importantes de protection du citoyen et menace les fondements de l\u2019\u00c9tat de droit et des institutions.<\/p>\n\n\n\n<p class=\"wp-block-paragraph\">Les prisons et les centres de r\u00e9tention connaissent des conditions qui ne r\u00e9pondent pas aux exigences de la dignit\u00e9 humaine ni aux normes internationales.<\/p>\n\n\n\n<p class=\"wp-block-paragraph\">Dans le m\u00eame contexte, le pays conna\u00eet un recul de la libert\u00e9 des m\u00e9dias, une r\u00e9pression des voix libres, et une mainmise croissante sur les institutions m\u00e9diatiques.<\/p>\n\n\n\n<p class=\"wp-block-paragraph\">Les crises de l\u2019eau et de l\u2019\u00e9lectricit\u00e9, la p\u00e9nurie de m\u00e9dicaments et de produits de base, ainsi que la hausse des prix, ne sont plus de simples difficult\u00e9s conjoncturelles ; elles touchent d\u00e9sormais directement les conditions de vie quotidienne et la dignit\u00e9 des Tunisiens, aggravent leurs souffrances et approfondissent leur sentiment d\u2019impasse.<\/p>\n\n\n\n<p class=\"wp-block-paragraph\">Le drame de la noyade de jeunes de Ben Guerdane, et les trag\u00e9dies similaires qui l\u2019ont pr\u00e9c\u00e9d\u00e9, confirment que la migration irr\u00e9guli\u00e8re n\u2019est pas seulement un dossier s\u00e9curitaire, mais bien la cons\u00e9quence directe du d\u00e9sespoir, de l\u2019impasse et de la perte d&rsquo;espoir en l\u2019avenir \u2014 ce qui fait porter au pouvoir une responsabilit\u00e9 politique et sociale pleine et enti\u00e8re dans le traitement de ses causes profondes, et non la simple gestion de ses cons\u00e9quences.<\/p>\n\n\n\n<p class=\"wp-block-paragraph\">Inutile de&nbsp;rejeter la responsabilit\u00e9 sur autrui, car le pouvoir en place porte l\u2019enti\u00e8re responsabilit\u00e9 politique de ses choix, de ses d\u00e9cisions et de leurs cons\u00e9quences, apr\u00e8s des ann\u00e9es de gestion des affaires publiques en dehors de toute logique de dialogue et de participation, dans un contexte d\u2019absence de transparence, d\u2019opacit\u00e9 sur les donn\u00e9es, et de restriction du droit \u00e0 exprimer une voix divergente.<\/p>\n\n\n\n<p class=\"wp-block-paragraph\">La Tunisie ne peut \u00eatre gouvern\u00e9e selon une logique de d\u00e9ni, de silence ou de voix unique, tout comme les crises ne peuvent \u00eatre affront\u00e9es en excluant la soci\u00e9t\u00e9 et ses forces vives.<\/p>\n\n\n\n<p class=\"wp-block-paragraph\">On ne peut sortir de la situation actuelle que par une r\u00e9vision globale des choix \u00e9conomiques, sociaux et politiques dont l\u2019\u00e9chec est av\u00e9r\u00e9, et par l\u2019ouverture d\u2019un v\u00e9ritable processus de dialogue soci\u00e9tal, menant \u00e0 des solutions capables de sauver le pays, de pr\u00e9server son unit\u00e9, de prot\u00e9ger les droits et les libert\u00e9s, et de redonner confiance et espoir aux Tunisiens.<\/p>\n\n\n\n<p class=\"wp-block-paragraph\">Nous, organisations signataires, annon\u00e7ons le lancement d\u2019un&nbsp;<strong>cadre de coordination commun pour la Tunisie et les Tunisiens<\/strong>, anim\u00e9s par notre conviction profonde de la n\u00e9cessit\u00e9 de la vigilance, de la protection des acquis du peuple, de l\u2019attachement \u00e0 l\u2019\u00c9tat de droit et des institutions, de la pr\u00e9servation de l\u2019ind\u00e9pendance de la soci\u00e9t\u00e9 civile, et de la d\u00e9fense des droits et des libert\u00e9s.<\/p>\n\n\n\n<p class=\"wp-block-paragraph\">Ce cadre restera en permanence ouvert \u00e0 toutes les forces vives et d\u00e9mocratiques, et \u00e0 tous les acteurs nationaux qui croient en la Tunisie et en son avenir, afin d\u2019\u0153uvrer ensemble \u00e0 l\u2019ouverture d\u2019un nouvel horizon national, qui redonne sa place au dialogue et \u00e0 la participation, pr\u00e9serve l\u2019avenir des g\u00e9n\u00e9rations futures, et garantit \u00e0 la Tunisie son unit\u00e9, sa place et sa dignit\u00e9.<\/p>\n\n\n\n<p class=\"wp-block-paragraph\"><strong>Signataires :<\/strong><\/p>\n\n\n\n<p class=\"wp-block-paragraph\"><em>Pr\u00e9sident de la Ligue tunisienne pour la d\u00e9fense des droits de l&rsquo;homme \u2014 Bassem Trifi&nbsp;;&nbsp;&nbsp;<\/em><\/p>\n\n\n\n<p class=\"wp-block-paragraph\"><em>B\u00e2tonnier de l&rsquo;Ordre national des avocats de Tunisie \u2014 Boubaker Ben Thabet&nbsp;;<\/em><\/p>\n\n\n\n<p class=\"wp-block-paragraph\"><em>Secr\u00e9taire g\u00e9n\u00e9ral de l\u2019Union g\u00e9n\u00e9rale tunisienne du travail (UGTT) \u2014 Slaheddine Selmi.<\/em><\/p>\n\n\n\n<p class=\"wp-block-paragraph\"><em>* Au c\u00e9l\u00e8bre Quartet, il manque l\u2019Union tunisienne de l\u2019industrie, du commerce et de l\u2019Artisanat (patronat). On ne sait pas si l\u2019organisation patronale a \u00e9t\u00e9 sollicit\u00e9e et qu\u2019elle a refus\u00e9 de se joindre \u00e0 l\u2019initiative. Son absence, en tout cas, pose des questions. Il faut dire que sa direction actuelle est totalement ill\u00e9gale puisque l\u2019organisation n\u2019a pas tenu son congr\u00e8s depuis plusieurs ann\u00e9es. &nbsp;<\/em><\/p>\n\n\n<div class=\"wp-block-image\">\n<figure class=\"aligncenter size-large\"><img loading=\"lazy\" decoding=\"async\" width=\"719\" height=\"1024\" src=\"https:\/\/kapitalis.com\/tunisie\/wp-content\/uploads\/2026\/09\/Declaration-UGTT-LTDH-et-Ordre-des-avocats-719x1024.jpg\" alt=\"\" class=\"wp-image-19565189\" srcset=\"https:\/\/kapitalis.com\/tunisie\/wp-content\/uploads\/2026\/09\/Declaration-UGTT-LTDH-et-Ordre-des-avocats-719x1024.jpg 719w, https:\/\/kapitalis.com\/tunisie\/wp-content\/uploads\/2026\/09\/Declaration-UGTT-LTDH-et-Ordre-des-avocats-210x300.jpg 210w, https:\/\/kapitalis.com\/tunisie\/wp-content\/uploads\/2026\/09\/Declaration-UGTT-LTDH-et-Ordre-des-avocats-768x1094.jpg 768w, https:\/\/kapitalis.com\/tunisie\/wp-content\/uploads\/2026\/09\/Declaration-UGTT-LTDH-et-Ordre-des-avocats-1078x1536.jpg 1078w, https:\/\/kapitalis.com\/tunisie\/wp-content\/uploads\/2026\/09\/Declaration-UGTT-LTDH-et-Ordre-des-avocats-580x826.jpg 580w, https:\/\/kapitalis.com\/tunisie\/wp-content\/uploads\/2026\/09\/Declaration-UGTT-LTDH-et-Ordre-des-avocats-860x1225.jpg 860w, https:\/\/kapitalis.com\/tunisie\/wp-content\/uploads\/2026\/09\/Declaration-UGTT-LTDH-et-Ordre-des-avocats.jpg 1123w\" sizes=\"auto, (max-width: 719px) 100vw, 719px\" \/><\/figure>\n<\/div>","protected":false},"excerpt":{"rendered":"<p>L&rsquo;UGTT, la LTDH et l&rsquo;Ordre des avocats lancent un cadre de coordination commun pour aider \u00e0 sortir la Tunisie de sa crise actuelle. <\/p>\n","protected":false},"author":8,"featured_media":19565194,"comment_status":"open","ping_status":"open","sticky":false,"template":"","format":"standard","meta":{"footnotes":""},"categories":[992,997,1000,2433],"tags":[86755,125397,2447,3137,4696,87588,936],"class_list":["post-19565153","post","type-post","status-publish","format-standard","has-post-thumbnail","hentry","category-a-la-une","category-politique","category-tribune","category-tunisie","tag-bassem-trifi","tag-boubaker-ben-thabet","tag-dialogue-national","tag-ltdh","tag-ordre-des-avocats","tag-slaheddine-selmi","tag-ugtt"],"yoast_head":"<!-- This site is optimized with the Yoast SEO plugin v26.6 - https:\/\/yoast.com\/wordpress\/plugins\/seo\/ -->\n<title>Un nouveau cadre de dialogue national pour sortir la Tunisie de la crise \u00a0\u00a0 - Kapitalis<\/title>\n<meta name=\"description\" content=\"L&#039;UGTT, la LTDH et l&#039;Ordre des avocats lancent un cadre de coordination commun pour aider \u00e0 sortir la Tunisie de sa crise actuelle.\" \/>\n<meta name=\"robots\" content=\"index, follow, max-snippet:-1, max-image-preview:large, max-video-preview:-1\" \/>\n<link rel=\"canonical\" href=\"https:\/\/kapitalis.com\/tunisie\/2026\/09\/03\/un-nouveau-cadre-de-dialogue-national-pour-sortir-la-tunisie-de-la-crise\/\" \/>\n<meta property=\"og:locale\" content=\"fr_FR\" \/>\n<meta property=\"og:type\" content=\"article\" \/>\n<meta property=\"og:title\" content=\"Un nouveau cadre de dialogue national pour sortir la Tunisie de la crise \u00a0\u00a0 - Kapitalis\" \/>\n<meta property=\"og:description\" content=\"L&#039;UGTT, la LTDH et l&#039;Ordre des avocats lancent un cadre de coordination commun pour aider \u00e0 sortir la Tunisie de sa crise actuelle.\" \/>\n<meta property=\"og:url\" content=\"https:\/\/kapitalis.com\/tunisie\/2026\/09\/03\/un-nouveau-cadre-de-dialogue-national-pour-sortir-la-tunisie-de-la-crise\/\" \/>\n<meta property=\"og:site_name\" content=\"Kapitalis\" \/>\n<meta property=\"article:publisher\" content=\"https:\/\/www.facebook.com\/KapitalisInfo\/\" \/>\n<meta property=\"article:published_time\" content=\"2026-09-03T11:12:32+00:00\" \/>\n<meta property=\"article:modified_time\" content=\"2026-09-03T11:12:33+00:00\" \/>\n<meta property=\"og:image\" content=\"https:\/\/kapitalis.com\/tunisie\/wp-content\/uploads\/2026\/09\/Boubaker-Bn-thabet-Slaheddine-Selmi-et-Bassem-Trifi.jpg\" \/>\n\t<meta property=\"og:image:width\" content=\"1200\" \/>\n\t<meta property=\"og:image:height\" content=\"630\" \/>\n\t<meta property=\"og:image:type\" content=\"image\/jpeg\" \/>\n<meta name=\"author\" content=\"webmaster kapitalis\" \/>\n<meta name=\"twitter:card\" content=\"summary_large_image\" \/>\n<meta name=\"twitter:creator\" content=\"@KapitalisInfo\" \/>\n<meta name=\"twitter:site\" content=\"@KapitalisInfo\" \/>\n<meta name=\"twitter:label1\" content=\"\u00c9crit par\" \/>\n\t<meta name=\"twitter:data1\" content=\"webmaster kapitalis\" \/>\n\t<meta name=\"twitter:label2\" content=\"Dur\u00e9e de lecture estim\u00e9e\" \/>\n\t<meta name=\"twitter:data2\" content=\"5 minutes\" \/>\n<script type=\"application\/ld+json\" class=\"yoast-schema-graph\">{\"@context\":\"https:\/\/schema.org\",\"@graph\":[{\"@type\":\"Article\",\"@id\":\"https:\/\/kapitalis.com\/tunisie\/2026\/09\/03\/un-nouveau-cadre-de-dialogue-national-pour-sortir-la-tunisie-de-la-crise\/#article\",\"isPartOf\":{\"@id\":\"https:\/\/kapitalis.com\/tunisie\/2026\/09\/03\/un-nouveau-cadre-de-dialogue-national-pour-sortir-la-tunisie-de-la-crise\/\"},\"author\":{\"name\":\"webmaster kapitalis\",\"@id\":\"https:\/\/kapitalis.com\/tunisie\/#\/schema\/person\/d71f33a9ca44f7bad4698210b480c8e9\"},\"headline\":\"Un nouveau cadre de dialogue national pour sortir la Tunisie de la crise \u00a0\u00a0\",\"datePublished\":\"2026-09-03T11:12:32+00:00\",\"dateModified\":\"2026-09-03T11:12:33+00:00\",\"mainEntityOfPage\":{\"@id\":\"https:\/\/kapitalis.com\/tunisie\/2026\/09\/03\/un-nouveau-cadre-de-dialogue-national-pour-sortir-la-tunisie-de-la-crise\/\"},\"wordCount\":916,\"commentCount\":0,\"publisher\":{\"@id\":\"https:\/\/kapitalis.com\/tunisie\/#organization\"},\"image\":{\"@id\":\"https:\/\/kapitalis.com\/tunisie\/2026\/09\/03\/un-nouveau-cadre-de-dialogue-national-pour-sortir-la-tunisie-de-la-crise\/#primaryimage\"},\"thumbnailUrl\":\"https:\/\/kapitalis.com\/tunisie\/wp-content\/uploads\/2026\/09\/Boubaker-Bn-thabet-Slaheddine-Selmi-et-Bassem-Trifi.jpg\",\"keywords\":[\"Bassem Trifi\",\"Boubaker Ben Thabet\",\"dialogue national\",\"LTDH\",\"Ordre des avocats\",\"Slaheddine Selmi\",\"UGTT\"],\"articleSection\":[\"A LA UNE\",\"POLITIQUE\",\"TRIBUNE\",\"Tunisie\"],\"inLanguage\":\"fr-FR\",\"potentialAction\":[{\"@type\":\"CommentAction\",\"name\":\"Comment\",\"target\":[\"https:\/\/kapitalis.com\/tunisie\/2026\/09\/03\/un-nouveau-cadre-de-dialogue-national-pour-sortir-la-tunisie-de-la-crise\/#respond\"]}]},{\"@type\":\"WebPage\",\"@id\":\"https:\/\/kapitalis.com\/tunisie\/2026\/09\/03\/un-nouveau-cadre-de-dialogue-national-pour-sortir-la-tunisie-de-la-crise\/\",\"url\":\"https:\/\/kapitalis.com\/tunisie\/2026\/09\/03\/un-nouveau-cadre-de-dialogue-national-pour-sortir-la-tunisie-de-la-crise\/\",\"name\":\"Un nouveau cadre de dialogue national pour sortir la Tunisie de la crise \u00a0\u00a0 - Kapitalis\",\"isPartOf\":{\"@id\":\"https:\/\/kapitalis.com\/tunisie\/#website\"},\"primaryImageOfPage\":{\"@id\":\"https:\/\/kapitalis.com\/tunisie\/2026\/09\/03\/un-nouveau-cadre-de-dialogue-national-pour-sortir-la-tunisie-de-la-crise\/#primaryimage\"},\"image\":{\"@id\":\"https:\/\/kapitalis.com\/tunisie\/2026\/09\/03\/un-nouveau-cadre-de-dialogue-national-pour-sortir-la-tunisie-de-la-crise\/#primaryimage\"},\"thumbnailUrl\":\"https:\/\/kapitalis.com\/tunisie\/wp-content\/uploads\/2026\/09\/Boubaker-Bn-thabet-Slaheddine-Selmi-et-Bassem-Trifi.jpg\",\"datePublished\":\"2026-09-03T11:12:32+00:00\",\"dateModified\":\"2026-09-03T11:12:33+00:00\",\"description\":\"L'UGTT, la LTDH et l'Ordre des avocats lancent un cadre de coordination commun pour aider \u00e0 sortir la Tunisie de sa crise actuelle.\",\"breadcrumb\":{\"@id\":\"https:\/\/kapitalis.com\/tunisie\/2026\/09\/03\/un-nouveau-cadre-de-dialogue-national-pour-sortir-la-tunisie-de-la-crise\/#breadcrumb\"},\"inLanguage\":\"fr-FR\",\"potentialAction\":[{\"@type\":\"ReadAction\",\"target\":[\"https:\/\/kapitalis.com\/tunisie\/2026\/09\/03\/un-nouveau-cadre-de-dialogue-national-pour-sortir-la-tunisie-de-la-crise\/\"]}]},{\"@type\":\"ImageObject\",\"inLanguage\":\"fr-FR\",\"@id\":\"https:\/\/kapitalis.com\/tunisie\/2026\/09\/03\/un-nouveau-cadre-de-dialogue-national-pour-sortir-la-tunisie-de-la-crise\/#primaryimage\",\"url\":\"https:\/\/kapitalis.com\/tunisie\/wp-content\/uploads\/2026\/09\/Boubaker-Bn-thabet-Slaheddine-Selmi-et-Bassem-Trifi.jpg\",\"contentUrl\":\"https:\/\/kapitalis.com\/tunisie\/wp-content\/uploads\/2026\/09\/Boubaker-Bn-thabet-Slaheddine-Selmi-et-Bassem-Trifi.jpg\",\"width\":1200,\"height\":630},{\"@type\":\"BreadcrumbList\",\"@id\":\"https:\/\/kapitalis.com\/tunisie\/2026\/09\/03\/un-nouveau-cadre-de-dialogue-national-pour-sortir-la-tunisie-de-la-crise\/#breadcrumb\",\"itemListElement\":[{\"@type\":\"ListItem\",\"position\":1,\"name\":\"Accueil\",\"item\":\"https:\/\/kapitalis.com\/tunisie\/\"},{\"@type\":\"ListItem\",\"position\":2,\"name\":\"Un nouveau cadre de dialogue national pour sortir la Tunisie de la crise \u00a0\u00a0\"}]},{\"@type\":\"WebSite\",\"@id\":\"https:\/\/kapitalis.com\/tunisie\/#website\",\"url\":\"https:\/\/kapitalis.com\/tunisie\/\",\"name\":\"Kapitalis\",\"description\":\"L&#039;actualit\u00e9 en Tunisie et dans le monde\",\"publisher\":{\"@id\":\"https:\/\/kapitalis.com\/tunisie\/#organization\"},\"potentialAction\":[{\"@type\":\"SearchAction\",\"target\":{\"@type\":\"EntryPoint\",\"urlTemplate\":\"https:\/\/kapitalis.com\/tunisie\/?s={search_term_string}\"},\"query-input\":{\"@type\":\"PropertyValueSpecification\",\"valueRequired\":true,\"valueName\":\"search_term_string\"}}],\"inLanguage\":\"fr-FR\"},{\"@type\":\"Organization\",\"@id\":\"https:\/\/kapitalis.com\/tunisie\/#organization\",\"name\":\"Kapitalis\",\"url\":\"https:\/\/kapitalis.com\/tunisie\/\",\"logo\":{\"@type\":\"ImageObject\",\"inLanguage\":\"fr-FR\",\"@id\":\"https:\/\/kapitalis.com\/tunisie\/#\/schema\/logo\/image\/\",\"url\":\"https:\/\/kapitalis.com\/tunisie\/wp-content\/uploads\/2022\/05\/Kapitalis-big-size.png\",\"contentUrl\":\"https:\/\/kapitalis.com\/tunisie\/wp-content\/uploads\/2022\/05\/Kapitalis-big-size.png\",\"width\":5000,\"height\":1500,\"caption\":\"Kapitalis\"},\"image\":{\"@id\":\"https:\/\/kapitalis.com\/tunisie\/#\/schema\/logo\/image\/\"},\"sameAs\":[\"https:\/\/www.facebook.com\/KapitalisInfo\/\",\"https:\/\/x.com\/KapitalisInfo\",\"https:\/\/www.youtube.com\/channel\/UC-yDYrHyfFBWWZaOw3FPg9Q\"]},{\"@type\":\"Person\",\"@id\":\"https:\/\/kapitalis.com\/tunisie\/#\/schema\/person\/d71f33a9ca44f7bad4698210b480c8e9\",\"name\":\"webmaster kapitalis\",\"url\":\"https:\/\/kapitalis.com\/tunisie\/author\/webmaster-kapitalis\/\"}]}<\/script>\n<!-- \/ Yoast SEO plugin. -->","yoast_head_json":{"title":"Un nouveau cadre de dialogue national pour sortir la Tunisie de la crise \u00a0\u00a0 - Kapitalis","description":"L'UGTT, la LTDH et l'Ordre des avocats lancent un cadre de coordination commun pour aider \u00e0 sortir la Tunisie de sa crise actuelle.","robots":{"index":"index","follow":"follow","max-snippet":"max-snippet:-1","max-image-preview":"max-image-preview:large","max-video-preview":"max-video-preview:-1"},"canonical":"https:\/\/kapitalis.com\/tunisie\/2026\/09\/03\/un-nouveau-cadre-de-dialogue-national-pour-sortir-la-tunisie-de-la-crise\/","og_locale":"fr_FR","og_type":"article","og_title":"Un nouveau cadre de dialogue national pour sortir la Tunisie de la crise \u00a0\u00a0 - Kapitalis","og_description":"L'UGTT, la LTDH et l'Ordre des avocats lancent un cadre de coordination commun pour aider \u00e0 sortir la Tunisie de sa crise actuelle.","og_url":"https:\/\/kapitalis.com\/tunisie\/2026\/09\/03\/un-nouveau-cadre-de-dialogue-national-pour-sortir-la-tunisie-de-la-crise\/","og_site_name":"Kapitalis","article_publisher":"https:\/\/www.facebook.com\/KapitalisInfo\/","article_published_time":"2026-09-03T11:12:32+00:00","article_modified_time":"2026-09-03T11:12:33+00:00","og_image":[{"width":1200,"height":630,"url":"https:\/\/kapitalis.com\/tunisie\/wp-content\/uploads\/2026\/09\/Boubaker-Bn-thabet-Slaheddine-Selmi-et-Bassem-Trifi.jpg","type":"image\/jpeg"}],"author":"webmaster kapitalis","twitter_card":"summary_large_image","twitter_creator":"@KapitalisInfo","twitter_site":"@KapitalisInfo","twitter_misc":{"\u00c9crit par":"webmaster kapitalis","Dur\u00e9e de lecture estim\u00e9e":"5 minutes"},"schema":{"@context":"https:\/\/schema.org","@graph":[{"@type":"Article","@id":"https:\/\/kapitalis.com\/tunisie\/2026\/09\/03\/un-nouveau-cadre-de-dialogue-national-pour-sortir-la-tunisie-de-la-crise\/#article","isPartOf":{"@id":"https:\/\/kapitalis.com\/tunisie\/2026\/09\/03\/un-nouveau-cadre-de-dialogue-national-pour-sortir-la-tunisie-de-la-crise\/"},"author":{"name":"webmaster kapitalis","@id":"https:\/\/kapitalis.com\/tunisie\/#\/schema\/person\/d71f33a9ca44f7bad4698210b480c8e9"},"headline":"Un nouveau cadre de dialogue national pour sortir la Tunisie de la crise \u00a0\u00a0","datePublished":"2026-09-03T11:12:32+00:00","dateModified":"2026-09-03T11:12:33+00:00","mainEntityOfPage":{"@id":"https:\/\/kapitalis.com\/tunisie\/2026\/09\/03\/un-nouveau-cadre-de-dialogue-national-pour-sortir-la-tunisie-de-la-crise\/"},"wordCount":916,"commentCount":0,"publisher":{"@id":"https:\/\/kapitalis.com\/tunisie\/#organization"},"image":{"@id":"https:\/\/kapitalis.com\/tunisie\/2026\/09\/03\/un-nouveau-cadre-de-dialogue-national-pour-sortir-la-tunisie-de-la-crise\/#primaryimage"},"thumbnailUrl":"https:\/\/kapitalis.com\/tunisie\/wp-content\/uploads\/2026\/09\/Boubaker-Bn-thabet-Slaheddine-Selmi-et-Bassem-Trifi.jpg","keywords":["Bassem Trifi","Boubaker Ben Thabet","dialogue national","LTDH","Ordre des avocats","Slaheddine Selmi","UGTT"],"articleSection":["A LA UNE","POLITIQUE","TRIBUNE","Tunisie"],"inLanguage":"fr-FR","potentialAction":[{"@type":"CommentAction","name":"Comment","target":["https:\/\/kapitalis.com\/tunisie\/2026\/09\/03\/un-nouveau-cadre-de-dialogue-national-pour-sortir-la-tunisie-de-la-crise\/#respond"]}]},{"@type":"WebPage","@id":"https:\/\/kapitalis.com\/tunisie\/2026\/09\/03\/un-nouveau-cadre-de-dialogue-national-pour-sortir-la-tunisie-de-la-crise\/","url":"https:\/\/kapitalis.com\/tunisie\/2026\/09\/03\/un-nouveau-cadre-de-dialogue-national-pour-sortir-la-tunisie-de-la-crise\/","name":"Un nouveau cadre de dialogue national pour sortir la Tunisie de la crise \u00a0\u00a0 - Kapitalis","isPartOf":{"@id":"https:\/\/kapitalis.com\/tunisie\/#website"},"primaryImageOfPage":{"@id":"https:\/\/kapitalis.com\/tunisie\/2026\/09\/03\/un-nouveau-cadre-de-dialogue-national-pour-sortir-la-tunisie-de-la-crise\/#primaryimage"},"image":{"@id":"https:\/\/kapitalis.com\/tunisie\/2026\/09\/03\/un-nouveau-cadre-de-dialogue-national-pour-sortir-la-tunisie-de-la-crise\/#primaryimage"},"thumbnailUrl":"https:\/\/kapitalis.com\/tunisie\/wp-content\/uploads\/2026\/09\/Boubaker-Bn-thabet-Slaheddine-Selmi-et-Bassem-Trifi.jpg","datePublished":"2026-09-03T11:12:32+00:00","dateModified":"2026-09-03T11:12:33+00:00","description":"L'UGTT, la LTDH et l'Ordre des avocats lancent un cadre de coordination commun pour aider \u00e0 sortir la Tunisie de sa crise actuelle.","breadcrumb":{"@id":"https:\/\/kapitalis.com\/tunisie\/2026\/09\/03\/un-nouveau-cadre-de-dialogue-national-pour-sortir-la-tunisie-de-la-crise\/#breadcrumb"},"inLanguage":"fr-FR","potentialAction":[{"@type":"ReadAction","target":["https:\/\/kapitalis.com\/tunisie\/2026\/09\/03\/un-nouveau-cadre-de-dialogue-national-pour-sortir-la-tunisie-de-la-crise\/"]}]},{"@type":"ImageObject","inLanguage":"fr-FR","@id":"https:\/\/kapitalis.com\/tunisie\/2026\/09\/03\/un-nouveau-cadre-de-dialogue-national-pour-sortir-la-tunisie-de-la-crise\/#primaryimage","url":"https:\/\/kapitalis.com\/tunisie\/wp-content\/uploads\/2026\/09\/Boubaker-Bn-thabet-Slaheddine-Selmi-et-Bassem-Trifi.jpg","contentUrl":"https:\/\/kapitalis.com\/tunisie\/wp-content\/uploads\/2026\/09\/Boubaker-Bn-thabet-Slaheddine-Selmi-et-Bassem-Trifi.jpg","width":1200,"height":630},{"@type":"BreadcrumbList","@id":"https:\/\/kapitalis.com\/tunisie\/2026\/09\/03\/un-nouveau-cadre-de-dialogue-national-pour-sortir-la-tunisie-de-la-crise\/#breadcrumb","itemListElement":[{"@type":"ListItem","position":1,"name":"Accueil","item":"https:\/\/kapitalis.com\/tunisie\/"},{"@type":"ListItem","position":2,"name":"Un nouveau cadre de dialogue national pour sortir la Tunisie de la crise \u00a0\u00a0"}]},{"@type":"WebSite","@id":"https:\/\/kapitalis.com\/tunisie\/#website","url":"https:\/\/kapitalis.com\/tunisie\/","name":"Kapitalis","description":"L&#039;actualit\u00e9 en Tunisie et dans le monde","publisher":{"@id":"https:\/\/kapitalis.com\/tunisie\/#organization"},"potentialAction":[{"@type":"SearchAction","target":{"@type":"EntryPoint","urlTemplate":"https:\/\/kapitalis.com\/tunisie\/?s={search_term_string}"},"query-input":{"@type":"PropertyValueSpecification","valueRequired":true,"valueName":"search_term_string"}}],"inLanguage":"fr-FR"},{"@type":"Organization","@id":"https:\/\/kapitalis.com\/tunisie\/#organization","name":"Kapitalis","url":"https:\/\/kapitalis.com\/tunisie\/","logo":{"@type":"ImageObject","inLanguage":"fr-FR","@id":"https:\/\/kapitalis.com\/tunisie\/#\/schema\/logo\/image\/","url":"https:\/\/kapitalis.com\/tunisie\/wp-content\/uploads\/2022\/05\/Kapitalis-big-size.png","contentUrl":"https:\/\/kapitalis.com\/tunisie\/wp-content\/uploads\/2022\/05\/Kapitalis-big-size.png","width":5000,"height":1500,"caption":"Kapitalis"},"image":{"@id":"https:\/\/kapitalis.com\/tunisie\/#\/schema\/logo\/image\/"},"sameAs":["https:\/\/www.facebook.com\/KapitalisInfo\/","https:\/\/x.com\/KapitalisInfo","https:\/\/www.youtube.com\/channel\/UC-yDYrHyfFBWWZaOw3FPg9Q"]},{"@type":"Person","@id":"https:\/\/kapitalis.com\/tunisie\/#\/schema\/person\/d71f33a9ca44f7bad4698210b480c8e9","name":"webmaster kapitalis","url":"https:\/\/kapitalis.com\/tunisie\/author\/webmaster-kapitalis\/"}]}},"_links":{"self":[{"href":"https:\/\/kapitalis.com\/tunisie\/wp-json\/wp\/v2\/posts\/19565153","targetHints":{"allow":["GET"]}}],"collection":[{"href":"https:\/\/kapitalis.com\/tunisie\/wp-json\/wp\/v2\/posts"}],"about":[{"href":"https:\/\/kapitalis.com\/tunisie\/wp-json\/wp\/v2\/types\/post"}],"author":[{"embeddable":true,"href":"https:\/\/kapitalis.com\/tunisie\/wp-json\/wp\/v2\/users\/8"}],"replies":[{"embeddable":true,"href":"https:\/\/kapitalis.com\/tunisie\/wp-json\/wp\/v2\/comments?post=19565153"}],"version-history":[{"count":1,"href":"https:\/\/kapitalis.com\/tunisie\/wp-json\/wp\/v2\/posts\/19565153\/revisions"}],"predecessor-version":[{"id":19565210,"href":"https:\/\/kapitalis.com\/tunisie\/wp-json\/wp\/v2\/posts\/19565153\/revisions\/19565210"}],"wp:featuredmedia":[{"embeddable":true,"href":"https:\/\/kapitalis.com\/tunisie\/wp-json\/wp\/v2\/media\/19565194"}],"wp:attachment":[{"href":"https:\/\/kapitalis.com\/tunisie\/wp-json\/wp\/v2\/media?parent=19565153"}],"wp:term":[{"taxonomy":"category","embeddable":true,"href":"https:\/\/kapitalis.com\/tunisie\/wp-json\/wp\/v2\/categories?post=19565153"},{"taxonomy":"post_tag","embeddable":true,"href":"https:\/\/kapitalis.com\/tunisie\/wp-json\/wp\/v2\/tags?post=19565153"}],"curies":[{"name":"wp","href":"https:\/\/api.w.org\/{rel}","templated":true}]}}