{"id":19570351,"date":"2026-09-04T08:15:31","date_gmt":"2026-09-04T07:15:31","guid":{"rendered":"https:\/\/kapitalis.com\/tunisie\/?p=19570351"},"modified":"2026-09-04T09:00:07","modified_gmt":"2026-09-04T08:00:07","slug":"tendre-pensee-pour-mes-enfants-de-kasserine","status":"publish","type":"post","link":"https:\/\/kapitalis.com\/tunisie\/2026\/09\/04\/tendre-pensee-pour-mes-enfants-de-kasserine\/","title":{"rendered":"Tendre pens\u00e9e pour \u00abmes\u00bb enfants de Kasserine\u00a0"},"content":{"rendered":"\n<p class=\"wp-block-paragraph\"><strong><em>Pour les enfants de Kasserine, malmen\u00e9s par la vie et ignor\u00e9s par les faiseurs de pluies et de beau temps, qui grandiront avec dans le c\u0153ur l\u2019amertume et la col\u00e8re de ceux qui n\u2019ont plus rien \u00e0 perdre.<\/em><\/strong><\/p>\n\n\n\n<p class=\"wp-block-paragraph\"><strong>Olfa Rhymy Abdelwahed<\/strong> *<\/p>\n\n\n\n<!--more-->\n\n\n<div class=\"wp-block-image\">\n<figure class=\"alignleft size-full\"><img loading=\"lazy\" decoding=\"async\" width=\"200\" height=\"200\" src=\"https:\/\/kapitalis.com\/tunisie\/wp-content\/uploads\/2024\/11\/Olfa-Rhymy.jpg\" alt=\"\" class=\"wp-image-14496039\" srcset=\"https:\/\/kapitalis.com\/tunisie\/wp-content\/uploads\/2024\/11\/Olfa-Rhymy.jpg 200w, https:\/\/kapitalis.com\/tunisie\/wp-content\/uploads\/2024\/11\/Olfa-Rhymy-150x150.jpg 150w, https:\/\/kapitalis.com\/tunisie\/wp-content\/uploads\/2024\/11\/Olfa-Rhymy-120x120.jpg 120w\" sizes=\"auto, (max-width: 200px) 100vw, 200px\" \/><\/figure>\n<\/div>\n\n\n<p class=\"wp-block-paragraph\">J\u2019ai pass\u00e9 le plus clair de ma vie \u00e0 observer mes \u00e9l\u00e8ves. A jauger leurs regards. A essayer de sonder leurs \u00e2mes et comprendre ce qui s\u2019y planque, dans un souci de les prot\u00e9ger, d\u2019abord, et de les accompagner ensuite. Et j\u2019ai cette tendresse sp\u00e9ciale pour mes \u00e9l\u00e8ves de bac maths que j\u2019ai eu la chance d\u2019enseigner l\u2019ann\u00e9e derni\u00e8re aussi. Des \u00e9l\u00e8ves s\u00e9rieux, studieux, silencieux. Un silence qui rel\u00e8ve de la concentration plus que de la tristesse. Des \u00e9l\u00e8ves r\u00e9serv\u00e9s et timides \u00e0 qui je dis toujours que l\u2019\u00e9l\u00e9ment le plus turbulent de leur classe c\u2019est la prof. J\u2019arrive parfois \u00e0 arracher un sourire. Je leur sors alors mon ultime blague-dicton&nbsp;: <em>\u00abEt Dieu dans sa col\u00e8re pour punir les humains, cr\u00e9a les math\u00e9maticiens\u00bb<\/em>.<\/p>\n\n\n\n<h2 class=\"wp-block-heading\">La maman remplace parfois l\u2019enseignante<\/h2>\n\n\n\n<p class=\"wp-block-paragraph\">J\u2019ai aussi cette habitude ou r\u00e9flexe de regarder dans leurs trousses en faisant semblant de chercher un stylo. C\u2019est malhonn\u00eate, je sais. Mais la maman surgit des fois en plein cours pour remplacer l\u2019enseignante. Je n\u2019ai jamais rien trouv\u00e9 que des crayons.<\/p>\n\n\n\n<p class=\"wp-block-paragraph\">Un jour, pendant que j\u2019expliquais la le\u00e7on, j\u2019ai remarqu\u00e9 que mes \u00e9l\u00e8ves faisaient passer un sac gonfl\u00e9 vers leurs camarades du fond de la classe. J\u2019ai demand\u00e9 avec fermet\u00e9 de me dire ce qu\u2019il y avait dans ce sac qui \u00e9tait tellement pr\u00e9cieux jusqu\u2019\u00e0 les faire sortir de leur application naturelle. L\u2019un d\u2019eux, le plus courageux, a balbuti\u00e9 : <em>\u00abUn ballon Madame<\/em>. <em>Nous jouons au ballon apr\u00e8s le cours d\u00e8s que nous trouvons le temps et un terrain de fortune. D\u2019ailleurs les jumeaux \u00e9voluent au sein de l\u2019Avenir sportif de Kasserine (ASK).<\/em>\u00bb<\/p>\n\n\n\n<p class=\"wp-block-paragraph\">Les jumeaux que je n\u2019arrive toujours pas \u00e0 diff\u00e9rencier l\u00e8vent la t\u00eate ensemble et me regardent avec un sourire pas timide cette fois, ni de complaisance. Un sourire heureux.<\/p>\n\n\n\n<p class=\"wp-block-paragraph\">Je les vois tous les jours, sous tous climats, quelle que soit la saison comme des petits soldats, seuls ou en bataillons, le torse gonfl\u00e9 \u00e0 bloc, le dos droit, la silhouette menue souvent fr\u00eale. La d\u00e9marche d\u00e9termin\u00e9e, le regard vif. La posture presque martiale. C\u2019est qu\u2019ils vont jouer au foot. C\u2019est qu\u2019ils vont s&rsquo;\u00e9clater. C\u2019est qu\u2019ils vont pouvoir r\u00eaver. C\u2019est qu\u2019ils vont pouvoir oublier, s\u2019accrocher, se voir na\u00eetre des ailes et voler&#8230; C\u2019est qu\u2019ils vont vivre.<\/p>\n\n\n\n<p class=\"wp-block-paragraph\">Dans une ville, Kasserine, o\u00f9 tout est d\u00e9labrement, pauvret\u00e9 et d\u00e9sespoir, ces enfants ont invent\u00e9 leur plan B.<\/p>\n\n\n\n<p class=\"wp-block-paragraph\">La vie a eu l\u2019id\u00e9e de me faire rapprocher encore un peu de ce milieu \u00e0 travers mon fils passionn\u00e9 de foot et de son papa, ancien joueur et fervent adepte du beau jeu.<\/p>\n\n\n\n<p class=\"wp-block-paragraph\">J\u2019ai vu grandir les co\u00e9quipiers de mon fils. Et j\u2019ai vu grandir leurs passions et leurs talents avec eux. J\u2019ai vibr\u00e9 avec eux au t\u00e9l\u00e9phone \u00e0 chaque victoire et j\u2019ai pleur\u00e9 \u00e0 chaque d\u00e9faite.<\/p>\n\n\n\n<h2 class=\"wp-block-heading\">Je connais aussi les bleus de leur \u00e2me<\/h2>\n\n\n\n<p class=\"wp-block-paragraph\">Je connais qui maitrise la technique du contr\u00f4le, du drible, de la conduite de balle, naturellement. Je connais qui parmi eux est rapide et explosif, capable d\u2019acc\u00e9l\u00e9rer et d&rsquo;\u00e9liminer l\u2019adversaire. Je sais qui a cette intelligence au jeu et sait se placer et prendre les bonnes d\u00e9cisions. Qui a de la confiance \u00e0 en revendre et qui en manque. Je sais qui n\u2019a pas peur de demander le ballon et celui qui h\u00e9site toujours \u00e0 franchir le pas. Je connais les cr\u00e9atifs et les craintifs. Ceux qui apprennent vite et ceux qui prennent leurs temps. Je connais qui a une vision du jeu et qui sait lire les espaces et anticiper et qui est plut\u00f4t dans le show. Je les connais tous bien \u00e0 travers les discussions de mon mari et de mon fils.<\/p>\n\n\n\n<p class=\"wp-block-paragraph\">Je connais aussi quelques bleus de leur \u00e2me \u00e0 peine sorties de l\u2019enfance. Je ne veux, ni peux, m\u2019y attarder.<\/p>\n\n\n\n<p class=\"wp-block-paragraph\">J\u2019ai vu \u00e0 quel point ils \u00e9taient solidaires et \u00e0 quel point ils \u00e9taient sensibles aux peines de chacun. Je sais qu\u2019il y en a qui pendant le d\u00e9placement garde son d\u00e9jeuner pour que son co\u00e9quipier interne qui va trouver la cantine du lyc\u00e9e ferm\u00e9e puisse l\u2019avoir comme diner. Je sais qu\u2019ils se font des confidences qu\u2019ils ne font \u00e0 personne d\u2019autre. Et qu&rsquo;ils dorment sur les \u00e9paules les uns des autres en rentrant le soir des d\u00e9placements&#8230;<\/p>\n\n\n\n<p class=\"wp-block-paragraph\">Je sais que le traumatisme de la perte foudroyante de l\u2019un leurs camarades, Khaled, est toujours l\u00e0 vive et tr\u00e8s douloureuse. Je sais qu\u2019ils n\u2019en gu\u00e9riront jamais car personne ne les a aid\u00e9s \u00e0 la surmonter.<\/p>\n\n\n\n<h2 class=\"wp-block-heading\">Ils ont la malchance d\u2019\u00eatre n\u00e9s ici<\/h2>\n\n\n\n<p class=\"wp-block-paragraph\">Ces enfants pleins de talents, port\u00e9s par des r\u00eaves, anim\u00e9s par des ambitions l\u00e9gitimes pour beaucoup, d\u00e9bordants de qualit\u00e9s humaines et sportives, n\u2019iront pas plus loin. Ils n&rsquo;iront pas plus loin car ils sont tout simplement des <em>\u00abici istes\u00bb,<\/em> comme disait si bien un humouriste fran\u00e7ais. Ils ont la malchance d\u2019\u00eatre n\u00e9s ici. Dans les contr\u00e9es du m\u00e9pris, de l\u2019abandon. Dans une ville pauvre. La plus pauvre dans un pays qui dans leurs petites t\u00eates, en tout cas, les renie, leur est hostile et ne les aime pas.<\/p>\n\n\n\n<p class=\"wp-block-paragraph\">J\u2019ai \u00e9crit, d&rsquo;abord pour mes \u00e9l\u00e8ves de bac maths qui ont tous eu le bac et laiss\u00e9 tomber le foot qui leur donnait un vrai sourire.<\/p>\n\n\n\n<p class=\"wp-block-paragraph\">J\u2019ai \u00e9crit ensuite pour les enfants de Kasserine pour leur dire que nous sommes fiers d\u2019eux, de leurs m\u00e9dailles et de leurs mental de guerriers. Que nous les aimons tous.<\/p>\n\n\n\n<p class=\"wp-block-paragraph\">J\u2019ai \u00e9crit surtout pour Khaled pour lui dire que son dernier match \u00e9tait h\u00e9ro\u00efque, magistral (<em>ya baba&nbsp;!<\/em>) comme seuls les derniers matchs peuvent l\u2019\u00eatre&#8230; et qu\u2019il manquera toujours \u00e0 l\u2019\u00e9quipe.<\/p>\n\n\n\n<p class=\"wp-block-paragraph\">Ces enfants, malmen\u00e9s par la vie et ignor\u00e9s par les faiseurs de pluies et de beau temps, grandiront avec dans le c\u0153ur l\u2019amertume et la col\u00e8re de ceux qui n\u2019ont plus rien \u00e0 perdre.<\/p>\n\n\n\n<p class=\"wp-block-paragraph\"><em>* Enseignante.<\/em><\/p>\n\n\n\n<p class=\"wp-block-paragraph\"><\/p>\n","protected":false},"excerpt":{"rendered":"<p>Pour les enfants de Kasserine, malmen\u00e9s par la vie, qui grandiront avec dans le c\u0153ur l\u2019amertume et la col\u00e8re de ceux qui n\u2019ont plus rien \u00e0 perdre.<\/p>\n","protected":false},"author":8,"featured_media":19570382,"comment_status":"open","ping_status":"open","sticky":false,"template":"","format":"standard","meta":{"footnotes":""},"categories":[992,998,1000,2433],"tags":[129971,525,100983],"class_list":["post-19570351","post","type-post","status-publish","format-standard","has-post-thumbnail","hentry","category-a-la-une","category-societe","category-tribune","category-tunisie","tag-ask","tag-kasserine","tag-olfa-rhymy-abdelwahed"],"yoast_head":"<!-- This site is optimized with the Yoast SEO plugin v26.6 - https:\/\/yoast.com\/wordpress\/plugins\/seo\/ -->\n<title>Tendre pens\u00e9e pour \u00abmes\u00bb enfants de Kasserine\u00a0 - Kapitalis<\/title>\n<meta name=\"description\" content=\"Pour les enfants de Kasserine, malmen\u00e9s par la vie , qui grandiront avec dans le c\u0153ur l\u2019amertume et la col\u00e8re.\" \/>\n<meta name=\"robots\" content=\"index, follow, max-snippet:-1, max-image-preview:large, max-video-preview:-1\" \/>\n<link rel=\"canonical\" href=\"https:\/\/kapitalis.com\/tunisie\/2026\/09\/04\/tendre-pensee-pour-mes-enfants-de-kasserine\/\" \/>\n<meta property=\"og:locale\" content=\"fr_FR\" \/>\n<meta property=\"og:type\" content=\"article\" \/>\n<meta property=\"og:title\" content=\"Tendre pens\u00e9e pour \u00abmes\u00bb enfants de Kasserine\u00a0 - Kapitalis\" \/>\n<meta property=\"og:description\" content=\"Pour les enfants de Kasserine, malmen\u00e9s par la vie , qui grandiront avec dans le c\u0153ur l\u2019amertume et la col\u00e8re.\" \/>\n<meta property=\"og:url\" content=\"https:\/\/kapitalis.com\/tunisie\/2026\/09\/04\/tendre-pensee-pour-mes-enfants-de-kasserine\/\" \/>\n<meta property=\"og:site_name\" content=\"Kapitalis\" \/>\n<meta property=\"article:publisher\" content=\"https:\/\/www.facebook.com\/KapitalisInfo\/\" \/>\n<meta property=\"article:published_time\" content=\"2026-09-04T07:15:31+00:00\" \/>\n<meta property=\"article:modified_time\" content=\"2026-09-04T08:00:07+00:00\" \/>\n<meta property=\"og:image\" content=\"https:\/\/kapitalis.com\/tunisie\/wp-content\/uploads\/2026\/09\/Enfants-ASK-Kasserinr.jpg\" \/>\n\t<meta property=\"og:image:width\" content=\"1200\" \/>\n\t<meta property=\"og:image:height\" content=\"630\" \/>\n\t<meta property=\"og:image:type\" content=\"image\/jpeg\" \/>\n<meta name=\"author\" content=\"webmaster kapitalis\" \/>\n<meta name=\"twitter:card\" content=\"summary_large_image\" \/>\n<meta name=\"twitter:creator\" content=\"@KapitalisInfo\" \/>\n<meta name=\"twitter:site\" content=\"@KapitalisInfo\" \/>\n<meta name=\"twitter:label1\" content=\"\u00c9crit par\" \/>\n\t<meta name=\"twitter:data1\" content=\"webmaster kapitalis\" \/>\n\t<meta name=\"twitter:label2\" content=\"Dur\u00e9e de lecture estim\u00e9e\" \/>\n\t<meta name=\"twitter:data2\" content=\"6 minutes\" \/>\n<script type=\"application\/ld+json\" class=\"yoast-schema-graph\">{\"@context\":\"https:\/\/schema.org\",\"@graph\":[{\"@type\":\"Article\",\"@id\":\"https:\/\/kapitalis.com\/tunisie\/2026\/09\/04\/tendre-pensee-pour-mes-enfants-de-kasserine\/#article\",\"isPartOf\":{\"@id\":\"https:\/\/kapitalis.com\/tunisie\/2026\/09\/04\/tendre-pensee-pour-mes-enfants-de-kasserine\/\"},\"author\":{\"name\":\"webmaster kapitalis\",\"@id\":\"https:\/\/kapitalis.com\/tunisie\/#\/schema\/person\/d71f33a9ca44f7bad4698210b480c8e9\"},\"headline\":\"Tendre pens\u00e9e pour \u00abmes\u00bb enfants de Kasserine\u00a0\",\"datePublished\":\"2026-09-04T07:15:31+00:00\",\"dateModified\":\"2026-09-04T08:00:07+00:00\",\"mainEntityOfPage\":{\"@id\":\"https:\/\/kapitalis.com\/tunisie\/2026\/09\/04\/tendre-pensee-pour-mes-enfants-de-kasserine\/\"},\"wordCount\":1127,\"commentCount\":0,\"publisher\":{\"@id\":\"https:\/\/kapitalis.com\/tunisie\/#organization\"},\"image\":{\"@id\":\"https:\/\/kapitalis.com\/tunisie\/2026\/09\/04\/tendre-pensee-pour-mes-enfants-de-kasserine\/#primaryimage\"},\"thumbnailUrl\":\"https:\/\/kapitalis.com\/tunisie\/wp-content\/uploads\/2026\/09\/Enfants-ASK-Kasserinr.jpg\",\"keywords\":[\"ASK\",\"Kasserine\",\"Olfa Rhymy Abdelwahed\"],\"articleSection\":[\"A LA UNE\",\"SOCIETE\",\"TRIBUNE\",\"Tunisie\"],\"inLanguage\":\"fr-FR\",\"potentialAction\":[{\"@type\":\"CommentAction\",\"name\":\"Comment\",\"target\":[\"https:\/\/kapitalis.com\/tunisie\/2026\/09\/04\/tendre-pensee-pour-mes-enfants-de-kasserine\/#respond\"]}]},{\"@type\":\"WebPage\",\"@id\":\"https:\/\/kapitalis.com\/tunisie\/2026\/09\/04\/tendre-pensee-pour-mes-enfants-de-kasserine\/\",\"url\":\"https:\/\/kapitalis.com\/tunisie\/2026\/09\/04\/tendre-pensee-pour-mes-enfants-de-kasserine\/\",\"name\":\"Tendre pens\u00e9e pour \u00abmes\u00bb enfants de Kasserine\u00a0 - Kapitalis\",\"isPartOf\":{\"@id\":\"https:\/\/kapitalis.com\/tunisie\/#website\"},\"primaryImageOfPage\":{\"@id\":\"https:\/\/kapitalis.com\/tunisie\/2026\/09\/04\/tendre-pensee-pour-mes-enfants-de-kasserine\/#primaryimage\"},\"image\":{\"@id\":\"https:\/\/kapitalis.com\/tunisie\/2026\/09\/04\/tendre-pensee-pour-mes-enfants-de-kasserine\/#primaryimage\"},\"thumbnailUrl\":\"https:\/\/kapitalis.com\/tunisie\/wp-content\/uploads\/2026\/09\/Enfants-ASK-Kasserinr.jpg\",\"datePublished\":\"2026-09-04T07:15:31+00:00\",\"dateModified\":\"2026-09-04T08:00:07+00:00\",\"description\":\"Pour les enfants de Kasserine, malmen\u00e9s par la vie , qui grandiront avec dans le c\u0153ur l\u2019amertume et la col\u00e8re.\",\"breadcrumb\":{\"@id\":\"https:\/\/kapitalis.com\/tunisie\/2026\/09\/04\/tendre-pensee-pour-mes-enfants-de-kasserine\/#breadcrumb\"},\"inLanguage\":\"fr-FR\",\"potentialAction\":[{\"@type\":\"ReadAction\",\"target\":[\"https:\/\/kapitalis.com\/tunisie\/2026\/09\/04\/tendre-pensee-pour-mes-enfants-de-kasserine\/\"]}]},{\"@type\":\"ImageObject\",\"inLanguage\":\"fr-FR\",\"@id\":\"https:\/\/kapitalis.com\/tunisie\/2026\/09\/04\/tendre-pensee-pour-mes-enfants-de-kasserine\/#primaryimage\",\"url\":\"https:\/\/kapitalis.com\/tunisie\/wp-content\/uploads\/2026\/09\/Enfants-ASK-Kasserinr.jpg\",\"contentUrl\":\"https:\/\/kapitalis.com\/tunisie\/wp-content\/uploads\/2026\/09\/Enfants-ASK-Kasserinr.jpg\",\"width\":1200,\"height\":630},{\"@type\":\"BreadcrumbList\",\"@id\":\"https:\/\/kapitalis.com\/tunisie\/2026\/09\/04\/tendre-pensee-pour-mes-enfants-de-kasserine\/#breadcrumb\",\"itemListElement\":[{\"@type\":\"ListItem\",\"position\":1,\"name\":\"Accueil\",\"item\":\"https:\/\/kapitalis.com\/tunisie\/\"},{\"@type\":\"ListItem\",\"position\":2,\"name\":\"Tendre pens\u00e9e pour \u00abmes\u00bb enfants de Kasserine\u00a0\"}]},{\"@type\":\"WebSite\",\"@id\":\"https:\/\/kapitalis.com\/tunisie\/#website\",\"url\":\"https:\/\/kapitalis.com\/tunisie\/\",\"name\":\"Kapitalis\",\"description\":\"L&#039;actualit\u00e9 en Tunisie et dans le monde\",\"publisher\":{\"@id\":\"https:\/\/kapitalis.com\/tunisie\/#organization\"},\"potentialAction\":[{\"@type\":\"SearchAction\",\"target\":{\"@type\":\"EntryPoint\",\"urlTemplate\":\"https:\/\/kapitalis.com\/tunisie\/?s={search_term_string}\"},\"query-input\":{\"@type\":\"PropertyValueSpecification\",\"valueRequired\":true,\"valueName\":\"search_term_string\"}}],\"inLanguage\":\"fr-FR\"},{\"@type\":\"Organization\",\"@id\":\"https:\/\/kapitalis.com\/tunisie\/#organization\",\"name\":\"Kapitalis\",\"url\":\"https:\/\/kapitalis.com\/tunisie\/\",\"logo\":{\"@type\":\"ImageObject\",\"inLanguage\":\"fr-FR\",\"@id\":\"https:\/\/kapitalis.com\/tunisie\/#\/schema\/logo\/image\/\",\"url\":\"https:\/\/kapitalis.com\/tunisie\/wp-content\/uploads\/2022\/05\/Kapitalis-big-size.png\",\"contentUrl\":\"https:\/\/kapitalis.com\/tunisie\/wp-content\/uploads\/2022\/05\/Kapitalis-big-size.png\",\"width\":5000,\"height\":1500,\"caption\":\"Kapitalis\"},\"image\":{\"@id\":\"https:\/\/kapitalis.com\/tunisie\/#\/schema\/logo\/image\/\"},\"sameAs\":[\"https:\/\/www.facebook.com\/KapitalisInfo\/\",\"https:\/\/x.com\/KapitalisInfo\",\"https:\/\/www.youtube.com\/channel\/UC-yDYrHyfFBWWZaOw3FPg9Q\"]},{\"@type\":\"Person\",\"@id\":\"https:\/\/kapitalis.com\/tunisie\/#\/schema\/person\/d71f33a9ca44f7bad4698210b480c8e9\",\"name\":\"webmaster kapitalis\",\"url\":\"https:\/\/kapitalis.com\/tunisie\/author\/webmaster-kapitalis\/\"}]}<\/script>\n<!-- \/ Yoast SEO plugin. -->","yoast_head_json":{"title":"Tendre pens\u00e9e pour \u00abmes\u00bb enfants de Kasserine\u00a0 - Kapitalis","description":"Pour les enfants de Kasserine, malmen\u00e9s par la vie , qui grandiront avec dans le c\u0153ur l\u2019amertume et la col\u00e8re.","robots":{"index":"index","follow":"follow","max-snippet":"max-snippet:-1","max-image-preview":"max-image-preview:large","max-video-preview":"max-video-preview:-1"},"canonical":"https:\/\/kapitalis.com\/tunisie\/2026\/09\/04\/tendre-pensee-pour-mes-enfants-de-kasserine\/","og_locale":"fr_FR","og_type":"article","og_title":"Tendre pens\u00e9e pour \u00abmes\u00bb enfants de Kasserine\u00a0 - Kapitalis","og_description":"Pour les enfants de Kasserine, malmen\u00e9s par la vie , qui grandiront avec dans le c\u0153ur l\u2019amertume et la col\u00e8re.","og_url":"https:\/\/kapitalis.com\/tunisie\/2026\/09\/04\/tendre-pensee-pour-mes-enfants-de-kasserine\/","og_site_name":"Kapitalis","article_publisher":"https:\/\/www.facebook.com\/KapitalisInfo\/","article_published_time":"2026-09-04T07:15:31+00:00","article_modified_time":"2026-09-04T08:00:07+00:00","og_image":[{"width":1200,"height":630,"url":"https:\/\/kapitalis.com\/tunisie\/wp-content\/uploads\/2026\/09\/Enfants-ASK-Kasserinr.jpg","type":"image\/jpeg"}],"author":"webmaster kapitalis","twitter_card":"summary_large_image","twitter_creator":"@KapitalisInfo","twitter_site":"@KapitalisInfo","twitter_misc":{"\u00c9crit par":"webmaster kapitalis","Dur\u00e9e de lecture estim\u00e9e":"6 minutes"},"schema":{"@context":"https:\/\/schema.org","@graph":[{"@type":"Article","@id":"https:\/\/kapitalis.com\/tunisie\/2026\/09\/04\/tendre-pensee-pour-mes-enfants-de-kasserine\/#article","isPartOf":{"@id":"https:\/\/kapitalis.com\/tunisie\/2026\/09\/04\/tendre-pensee-pour-mes-enfants-de-kasserine\/"},"author":{"name":"webmaster kapitalis","@id":"https:\/\/kapitalis.com\/tunisie\/#\/schema\/person\/d71f33a9ca44f7bad4698210b480c8e9"},"headline":"Tendre pens\u00e9e pour \u00abmes\u00bb enfants de Kasserine\u00a0","datePublished":"2026-09-04T07:15:31+00:00","dateModified":"2026-09-04T08:00:07+00:00","mainEntityOfPage":{"@id":"https:\/\/kapitalis.com\/tunisie\/2026\/09\/04\/tendre-pensee-pour-mes-enfants-de-kasserine\/"},"wordCount":1127,"commentCount":0,"publisher":{"@id":"https:\/\/kapitalis.com\/tunisie\/#organization"},"image":{"@id":"https:\/\/kapitalis.com\/tunisie\/2026\/09\/04\/tendre-pensee-pour-mes-enfants-de-kasserine\/#primaryimage"},"thumbnailUrl":"https:\/\/kapitalis.com\/tunisie\/wp-content\/uploads\/2026\/09\/Enfants-ASK-Kasserinr.jpg","keywords":["ASK","Kasserine","Olfa Rhymy Abdelwahed"],"articleSection":["A LA UNE","SOCIETE","TRIBUNE","Tunisie"],"inLanguage":"fr-FR","potentialAction":[{"@type":"CommentAction","name":"Comment","target":["https:\/\/kapitalis.com\/tunisie\/2026\/09\/04\/tendre-pensee-pour-mes-enfants-de-kasserine\/#respond"]}]},{"@type":"WebPage","@id":"https:\/\/kapitalis.com\/tunisie\/2026\/09\/04\/tendre-pensee-pour-mes-enfants-de-kasserine\/","url":"https:\/\/kapitalis.com\/tunisie\/2026\/09\/04\/tendre-pensee-pour-mes-enfants-de-kasserine\/","name":"Tendre pens\u00e9e pour \u00abmes\u00bb enfants de Kasserine\u00a0 - Kapitalis","isPartOf":{"@id":"https:\/\/kapitalis.com\/tunisie\/#website"},"primaryImageOfPage":{"@id":"https:\/\/kapitalis.com\/tunisie\/2026\/09\/04\/tendre-pensee-pour-mes-enfants-de-kasserine\/#primaryimage"},"image":{"@id":"https:\/\/kapitalis.com\/tunisie\/2026\/09\/04\/tendre-pensee-pour-mes-enfants-de-kasserine\/#primaryimage"},"thumbnailUrl":"https:\/\/kapitalis.com\/tunisie\/wp-content\/uploads\/2026\/09\/Enfants-ASK-Kasserinr.jpg","datePublished":"2026-09-04T07:15:31+00:00","dateModified":"2026-09-04T08:00:07+00:00","description":"Pour les enfants de Kasserine, malmen\u00e9s par la vie , qui grandiront avec dans le c\u0153ur l\u2019amertume et la col\u00e8re.","breadcrumb":{"@id":"https:\/\/kapitalis.com\/tunisie\/2026\/09\/04\/tendre-pensee-pour-mes-enfants-de-kasserine\/#breadcrumb"},"inLanguage":"fr-FR","potentialAction":[{"@type":"ReadAction","target":["https:\/\/kapitalis.com\/tunisie\/2026\/09\/04\/tendre-pensee-pour-mes-enfants-de-kasserine\/"]}]},{"@type":"ImageObject","inLanguage":"fr-FR","@id":"https:\/\/kapitalis.com\/tunisie\/2026\/09\/04\/tendre-pensee-pour-mes-enfants-de-kasserine\/#primaryimage","url":"https:\/\/kapitalis.com\/tunisie\/wp-content\/uploads\/2026\/09\/Enfants-ASK-Kasserinr.jpg","contentUrl":"https:\/\/kapitalis.com\/tunisie\/wp-content\/uploads\/2026\/09\/Enfants-ASK-Kasserinr.jpg","width":1200,"height":630},{"@type":"BreadcrumbList","@id":"https:\/\/kapitalis.com\/tunisie\/2026\/09\/04\/tendre-pensee-pour-mes-enfants-de-kasserine\/#breadcrumb","itemListElement":[{"@type":"ListItem","position":1,"name":"Accueil","item":"https:\/\/kapitalis.com\/tunisie\/"},{"@type":"ListItem","position":2,"name":"Tendre pens\u00e9e pour \u00abmes\u00bb enfants de Kasserine\u00a0"}]},{"@type":"WebSite","@id":"https:\/\/kapitalis.com\/tunisie\/#website","url":"https:\/\/kapitalis.com\/tunisie\/","name":"Kapitalis","description":"L&#039;actualit\u00e9 en Tunisie et dans le monde","publisher":{"@id":"https:\/\/kapitalis.com\/tunisie\/#organization"},"potentialAction":[{"@type":"SearchAction","target":{"@type":"EntryPoint","urlTemplate":"https:\/\/kapitalis.com\/tunisie\/?s={search_term_string}"},"query-input":{"@type":"PropertyValueSpecification","valueRequired":true,"valueName":"search_term_string"}}],"inLanguage":"fr-FR"},{"@type":"Organization","@id":"https:\/\/kapitalis.com\/tunisie\/#organization","name":"Kapitalis","url":"https:\/\/kapitalis.com\/tunisie\/","logo":{"@type":"ImageObject","inLanguage":"fr-FR","@id":"https:\/\/kapitalis.com\/tunisie\/#\/schema\/logo\/image\/","url":"https:\/\/kapitalis.com\/tunisie\/wp-content\/uploads\/2022\/05\/Kapitalis-big-size.png","contentUrl":"https:\/\/kapitalis.com\/tunisie\/wp-content\/uploads\/2022\/05\/Kapitalis-big-size.png","width":5000,"height":1500,"caption":"Kapitalis"},"image":{"@id":"https:\/\/kapitalis.com\/tunisie\/#\/schema\/logo\/image\/"},"sameAs":["https:\/\/www.facebook.com\/KapitalisInfo\/","https:\/\/x.com\/KapitalisInfo","https:\/\/www.youtube.com\/channel\/UC-yDYrHyfFBWWZaOw3FPg9Q"]},{"@type":"Person","@id":"https:\/\/kapitalis.com\/tunisie\/#\/schema\/person\/d71f33a9ca44f7bad4698210b480c8e9","name":"webmaster kapitalis","url":"https:\/\/kapitalis.com\/tunisie\/author\/webmaster-kapitalis\/"}]}},"_links":{"self":[{"href":"https:\/\/kapitalis.com\/tunisie\/wp-json\/wp\/v2\/posts\/19570351","targetHints":{"allow":["GET"]}}],"collection":[{"href":"https:\/\/kapitalis.com\/tunisie\/wp-json\/wp\/v2\/posts"}],"about":[{"href":"https:\/\/kapitalis.com\/tunisie\/wp-json\/wp\/v2\/types\/post"}],"author":[{"embeddable":true,"href":"https:\/\/kapitalis.com\/tunisie\/wp-json\/wp\/v2\/users\/8"}],"replies":[{"embeddable":true,"href":"https:\/\/kapitalis.com\/tunisie\/wp-json\/wp\/v2\/comments?post=19570351"}],"version-history":[{"count":2,"href":"https:\/\/kapitalis.com\/tunisie\/wp-json\/wp\/v2\/posts\/19570351\/revisions"}],"predecessor-version":[{"id":19570590,"href":"https:\/\/kapitalis.com\/tunisie\/wp-json\/wp\/v2\/posts\/19570351\/revisions\/19570590"}],"wp:featuredmedia":[{"embeddable":true,"href":"https:\/\/kapitalis.com\/tunisie\/wp-json\/wp\/v2\/media\/19570382"}],"wp:attachment":[{"href":"https:\/\/kapitalis.com\/tunisie\/wp-json\/wp\/v2\/media?parent=19570351"}],"wp:term":[{"taxonomy":"category","embeddable":true,"href":"https:\/\/kapitalis.com\/tunisie\/wp-json\/wp\/v2\/categories?post=19570351"},{"taxonomy":"post_tag","embeddable":true,"href":"https:\/\/kapitalis.com\/tunisie\/wp-json\/wp\/v2\/tags?post=19570351"}],"curies":[{"name":"wp","href":"https:\/\/api.w.org\/{rel}","templated":true}]}}