{"id":19570677,"date":"2026-09-04T09:31:16","date_gmt":"2026-09-04T08:31:16","guid":{"rendered":"https:\/\/kapitalis.com\/tunisie\/?p=19570677"},"modified":"2026-09-04T09:31:49","modified_gmt":"2026-09-04T08:31:49","slug":"tunisie-affaire-du-complot-les-verdicts-confirmes-en-cassation","status":"publish","type":"post","link":"https:\/\/kapitalis.com\/tunisie\/2026\/09\/04\/tunisie-affaire-du-complot-les-verdicts-confirmes-en-cassation\/","title":{"rendered":"Tunisie &#8211; Affaire du complot | Les verdicts confirm\u00e9s en cassation"},"content":{"rendered":"\n<p class=\"wp-block-paragraph\"><strong><em>Le suspense \u00e9tait tr\u00e8s mince et ceux qui s\u2019attendaient \u00e0 un miracle en ont finalement eu pour leur frais\u00a0: comme attendu par beaucoup d\u2019accus\u00e9s et de leurs avocats, la Cour de cassation a confirm\u00e9, jeudi 3 septembre 2026, les peines, particuli\u00e8rement lourdes, allant de 2 \u00e0 35 ans de prison ferme, prononc\u00e9es par la Cour d\u2019appel, le 28 novembre 2025, dans l\u2019affaire dite de \u00abcomplot contre la s\u00fbret\u00e9 de l\u2019Etat\u00bb.<\/em><\/strong><\/p>\n\n\n\n<!--more-->\n\n\n\n<p class=\"wp-block-paragraph\">La Coordination des familles des d\u00e9tenus politiques, qui a parl\u00e9 de <em>\u00abverdict inique au terme d\u2019un proc\u00e8s politique entach\u00e9 de nombreux vices juridiques\u00bb<\/em>, va tenir une conf\u00e9rence de presse aujourd\u2019hui, vendredi 4 septembre, \u00e0 10h30, au si\u00e8ge du Parti r\u00e9publicain (10, rue Eve Nohelle, au centre-ville de Tunis).<\/p>\n\n\n\n<p class=\"wp-block-paragraph\">La conf\u00e9rence sera consacr\u00e9e \u00e0 l\u2019examen des derniers d\u00e9veloppements li\u00e9s \u00e0 ce proc\u00e8s et aux violations qui, selon la d\u00e9fense, l\u2019ont entach\u00e9 depuis l\u2019arrestation des premiers pr\u00e9venus, en f\u00e9vrier 2023. Ce sera aussi l\u2019occasion pour jeter la lumi\u00e8re sur les conditions dans lesquelles s\u2019est d\u00e9roul\u00e9e l\u2019affaire et pr\u00e9senter les prochaines \u00e9tapes et actions envisag\u00e9es.<\/p>\n\n\n\n<p class=\"has-text-align-right wp-block-paragraph\"><strong>I. B.<\/strong><\/p>\n\n\n\n<figure class=\"wp-block-embed alignleft is-type-wp-embed is-provider-kapitalis wp-block-embed-kapitalis\"><div class=\"wp-block-embed__wrapper\">\n<blockquote class=\"wp-embedded-content\" data-secret=\"zgL6vxKgSn\"><a href=\"https:\/\/kapitalis.com\/tunisie\/2025\/11\/28\/affaire-de-complot-detail-des-peines-prononcees-en-appel\/\">Affaire de \u00abcomplot\u00bb | D\u00e9tail des peines prononc\u00e9es en appel<\/a><\/blockquote><iframe loading=\"lazy\" class=\"wp-embedded-content\" sandbox=\"allow-scripts\" security=\"restricted\" style=\"position: absolute; visibility: hidden;\" title=\"\u00ab\u00a0Affaire de \u00abcomplot\u00bb | D\u00e9tail des peines prononc\u00e9es en appel\u00a0\u00bb \u2014 Kapitalis\" src=\"https:\/\/kapitalis.com\/tunisie\/2025\/11\/28\/affaire-de-complot-detail-des-peines-prononcees-en-appel\/embed\/#?secret=bsljrsXWTU#?secret=zgL6vxKgSn\" data-secret=\"zgL6vxKgSn\" width=\"600\" height=\"338\" frameborder=\"0\" marginwidth=\"0\" marginheight=\"0\" scrolling=\"no\"><\/iframe>\n<\/div><\/figure>\n","protected":false},"excerpt":{"rendered":"<p>La Cour de cassation a confirm\u00e9 les peines, particuli\u00e8rement lourdes prononc\u00e9es par la Cour d\u2019appel dans l&rsquo;affaire dite du complot contre l&rsquo;Etat. <\/p>\n","protected":false},"author":8,"featured_media":18001725,"comment_status":"open","ping_status":"open","sticky":false,"template":"","format":"standard","meta":{"footnotes":""},"categories":[997,2433],"tags":[109837,94585,62643],"class_list":["post-19570677","post","type-post","status-publish","format-standard","has-post-thumbnail","hentry","category-politique","category-tunisie","tag-affaire-du-complot","tag-cour-de-cassation","tag-tunisie"],"yoast_head":"<!-- This site is optimized with the Yoast SEO plugin v26.6 - https:\/\/yoast.com\/wordpress\/plugins\/seo\/ -->\n<title>Tunisie - Affaire du complot | Les verdicts confirm\u00e9s en cassation - Kapitalis<\/title>\n<meta name=\"description\" content=\"La Cour de cassation a confirm\u00e9 les peines, lourdes prononc\u00e9es par la Cour d\u2019appel dans l&#039;affaire dite du complot contre l&#039;Etat.\" \/>\n<meta name=\"robots\" content=\"index, follow, max-snippet:-1, max-image-preview:large, max-video-preview:-1\" \/>\n<link rel=\"canonical\" href=\"https:\/\/kapitalis.com\/tunisie\/2026\/09\/04\/tunisie-affaire-du-complot-les-verdicts-confirmes-en-cassation\/\" \/>\n<meta property=\"og:locale\" content=\"fr_FR\" \/>\n<meta property=\"og:type\" content=\"article\" \/>\n<meta property=\"og:title\" content=\"Tunisie - Affaire du complot | Les verdicts confirm\u00e9s en cassation - Kapitalis\" \/>\n<meta property=\"og:description\" content=\"La Cour de cassation a confirm\u00e9 les peines, lourdes prononc\u00e9es par la Cour d\u2019appel dans l&#039;affaire dite du complot contre l&#039;Etat.\" \/>\n<meta property=\"og:url\" content=\"https:\/\/kapitalis.com\/tunisie\/2026\/09\/04\/tunisie-affaire-du-complot-les-verdicts-confirmes-en-cassation\/\" \/>\n<meta property=\"og:site_name\" content=\"Kapitalis\" \/>\n<meta property=\"article:publisher\" content=\"https:\/\/www.facebook.com\/KapitalisInfo\/\" \/>\n<meta property=\"article:published_time\" content=\"2026-09-04T08:31:16+00:00\" \/>\n<meta property=\"article:modified_time\" content=\"2026-09-04T08:31:49+00:00\" \/>\n<meta property=\"og:image\" content=\"https:\/\/kapitalis.com\/tunisie\/wp-content\/uploads\/2025\/11\/Affaire-du-complot-3.jpg\" \/>\n\t<meta property=\"og:image:width\" content=\"1200\" \/>\n\t<meta property=\"og:image:height\" content=\"630\" \/>\n\t<meta property=\"og:image:type\" content=\"image\/jpeg\" \/>\n<meta name=\"author\" content=\"webmaster kapitalis\" \/>\n<meta name=\"twitter:card\" content=\"summary_large_image\" \/>\n<meta name=\"twitter:creator\" content=\"@KapitalisInfo\" \/>\n<meta name=\"twitter:site\" content=\"@KapitalisInfo\" \/>\n<meta name=\"twitter:label1\" content=\"\u00c9crit par\" \/>\n\t<meta name=\"twitter:data1\" content=\"webmaster kapitalis\" \/>\n\t<meta name=\"twitter:label2\" content=\"Dur\u00e9e de lecture estim\u00e9e\" \/>\n\t<meta name=\"twitter:data2\" content=\"2 minutes\" \/>\n<script type=\"application\/ld+json\" class=\"yoast-schema-graph\">{\"@context\":\"https:\/\/schema.org\",\"@graph\":[{\"@type\":\"Article\",\"@id\":\"https:\/\/kapitalis.com\/tunisie\/2026\/09\/04\/tunisie-affaire-du-complot-les-verdicts-confirmes-en-cassation\/#article\",\"isPartOf\":{\"@id\":\"https:\/\/kapitalis.com\/tunisie\/2026\/09\/04\/tunisie-affaire-du-complot-les-verdicts-confirmes-en-cassation\/\"},\"author\":{\"name\":\"webmaster kapitalis\",\"@id\":\"https:\/\/kapitalis.com\/tunisie\/#\/schema\/person\/d71f33a9ca44f7bad4698210b480c8e9\"},\"headline\":\"Tunisie &#8211; Affaire du complot | Les verdicts confirm\u00e9s en cassation\",\"datePublished\":\"2026-09-04T08:31:16+00:00\",\"dateModified\":\"2026-09-04T08:31:49+00:00\",\"mainEntityOfPage\":{\"@id\":\"https:\/\/kapitalis.com\/tunisie\/2026\/09\/04\/tunisie-affaire-du-complot-les-verdicts-confirmes-en-cassation\/\"},\"wordCount\":212,\"commentCount\":0,\"publisher\":{\"@id\":\"https:\/\/kapitalis.com\/tunisie\/#organization\"},\"image\":{\"@id\":\"https:\/\/kapitalis.com\/tunisie\/2026\/09\/04\/tunisie-affaire-du-complot-les-verdicts-confirmes-en-cassation\/#primaryimage\"},\"thumbnailUrl\":\"https:\/\/kapitalis.com\/tunisie\/wp-content\/uploads\/2025\/11\/Affaire-du-complot-3.jpg\",\"keywords\":[\"affaire du complot\",\"Cour de cassation\",\"Tunisie\"],\"articleSection\":[\"POLITIQUE\",\"Tunisie\"],\"inLanguage\":\"fr-FR\",\"potentialAction\":[{\"@type\":\"CommentAction\",\"name\":\"Comment\",\"target\":[\"https:\/\/kapitalis.com\/tunisie\/2026\/09\/04\/tunisie-affaire-du-complot-les-verdicts-confirmes-en-cassation\/#respond\"]}]},{\"@type\":\"WebPage\",\"@id\":\"https:\/\/kapitalis.com\/tunisie\/2026\/09\/04\/tunisie-affaire-du-complot-les-verdicts-confirmes-en-cassation\/\",\"url\":\"https:\/\/kapitalis.com\/tunisie\/2026\/09\/04\/tunisie-affaire-du-complot-les-verdicts-confirmes-en-cassation\/\",\"name\":\"Tunisie - Affaire du complot | Les verdicts confirm\u00e9s en cassation - Kapitalis\",\"isPartOf\":{\"@id\":\"https:\/\/kapitalis.com\/tunisie\/#website\"},\"primaryImageOfPage\":{\"@id\":\"https:\/\/kapitalis.com\/tunisie\/2026\/09\/04\/tunisie-affaire-du-complot-les-verdicts-confirmes-en-cassation\/#primaryimage\"},\"image\":{\"@id\":\"https:\/\/kapitalis.com\/tunisie\/2026\/09\/04\/tunisie-affaire-du-complot-les-verdicts-confirmes-en-cassation\/#primaryimage\"},\"thumbnailUrl\":\"https:\/\/kapitalis.com\/tunisie\/wp-content\/uploads\/2025\/11\/Affaire-du-complot-3.jpg\",\"datePublished\":\"2026-09-04T08:31:16+00:00\",\"dateModified\":\"2026-09-04T08:31:49+00:00\",\"description\":\"La Cour de cassation a confirm\u00e9 les peines, lourdes prononc\u00e9es par la Cour d\u2019appel dans l'affaire dite du complot contre l'Etat.\",\"breadcrumb\":{\"@id\":\"https:\/\/kapitalis.com\/tunisie\/2026\/09\/04\/tunisie-affaire-du-complot-les-verdicts-confirmes-en-cassation\/#breadcrumb\"},\"inLanguage\":\"fr-FR\",\"potentialAction\":[{\"@type\":\"ReadAction\",\"target\":[\"https:\/\/kapitalis.com\/tunisie\/2026\/09\/04\/tunisie-affaire-du-complot-les-verdicts-confirmes-en-cassation\/\"]}]},{\"@type\":\"ImageObject\",\"inLanguage\":\"fr-FR\",\"@id\":\"https:\/\/kapitalis.com\/tunisie\/2026\/09\/04\/tunisie-affaire-du-complot-les-verdicts-confirmes-en-cassation\/#primaryimage\",\"url\":\"https:\/\/kapitalis.com\/tunisie\/wp-content\/uploads\/2025\/11\/Affaire-du-complot-3.jpg\",\"contentUrl\":\"https:\/\/kapitalis.com\/tunisie\/wp-content\/uploads\/2025\/11\/Affaire-du-complot-3.jpg\",\"width\":1200,\"height\":630},{\"@type\":\"BreadcrumbList\",\"@id\":\"https:\/\/kapitalis.com\/tunisie\/2026\/09\/04\/tunisie-affaire-du-complot-les-verdicts-confirmes-en-cassation\/#breadcrumb\",\"itemListElement\":[{\"@type\":\"ListItem\",\"position\":1,\"name\":\"Accueil\",\"item\":\"https:\/\/kapitalis.com\/tunisie\/\"},{\"@type\":\"ListItem\",\"position\":2,\"name\":\"Tunisie &#8211; Affaire du complot | Les verdicts confirm\u00e9s en cassation\"}]},{\"@type\":\"WebSite\",\"@id\":\"https:\/\/kapitalis.com\/tunisie\/#website\",\"url\":\"https:\/\/kapitalis.com\/tunisie\/\",\"name\":\"Kapitalis\",\"description\":\"L&#039;actualit\u00e9 en Tunisie et dans le monde\",\"publisher\":{\"@id\":\"https:\/\/kapitalis.com\/tunisie\/#organization\"},\"potentialAction\":[{\"@type\":\"SearchAction\",\"target\":{\"@type\":\"EntryPoint\",\"urlTemplate\":\"https:\/\/kapitalis.com\/tunisie\/?s={search_term_string}\"},\"query-input\":{\"@type\":\"PropertyValueSpecification\",\"valueRequired\":true,\"valueName\":\"search_term_string\"}}],\"inLanguage\":\"fr-FR\"},{\"@type\":\"Organization\",\"@id\":\"https:\/\/kapitalis.com\/tunisie\/#organization\",\"name\":\"Kapitalis\",\"url\":\"https:\/\/kapitalis.com\/tunisie\/\",\"logo\":{\"@type\":\"ImageObject\",\"inLanguage\":\"fr-FR\",\"@id\":\"https:\/\/kapitalis.com\/tunisie\/#\/schema\/logo\/image\/\",\"url\":\"https:\/\/kapitalis.com\/tunisie\/wp-content\/uploads\/2022\/05\/Kapitalis-big-size.png\",\"contentUrl\":\"https:\/\/kapitalis.com\/tunisie\/wp-content\/uploads\/2022\/05\/Kapitalis-big-size.png\",\"width\":5000,\"height\":1500,\"caption\":\"Kapitalis\"},\"image\":{\"@id\":\"https:\/\/kapitalis.com\/tunisie\/#\/schema\/logo\/image\/\"},\"sameAs\":[\"https:\/\/www.facebook.com\/KapitalisInfo\/\",\"https:\/\/x.com\/KapitalisInfo\",\"https:\/\/www.youtube.com\/channel\/UC-yDYrHyfFBWWZaOw3FPg9Q\"]},{\"@type\":\"Person\",\"@id\":\"https:\/\/kapitalis.com\/tunisie\/#\/schema\/person\/d71f33a9ca44f7bad4698210b480c8e9\",\"name\":\"webmaster kapitalis\",\"url\":\"https:\/\/kapitalis.com\/tunisie\/author\/webmaster-kapitalis\/\"}]}<\/script>\n<!-- \/ Yoast SEO plugin. -->","yoast_head_json":{"title":"Tunisie - Affaire du complot | Les verdicts confirm\u00e9s en cassation - Kapitalis","description":"La Cour de cassation a confirm\u00e9 les peines, lourdes prononc\u00e9es par la Cour d\u2019appel dans l'affaire dite du complot contre l'Etat.","robots":{"index":"index","follow":"follow","max-snippet":"max-snippet:-1","max-image-preview":"max-image-preview:large","max-video-preview":"max-video-preview:-1"},"canonical":"https:\/\/kapitalis.com\/tunisie\/2026\/09\/04\/tunisie-affaire-du-complot-les-verdicts-confirmes-en-cassation\/","og_locale":"fr_FR","og_type":"article","og_title":"Tunisie - Affaire du complot | Les verdicts confirm\u00e9s en cassation - Kapitalis","og_description":"La Cour de cassation a confirm\u00e9 les peines, lourdes prononc\u00e9es par la Cour d\u2019appel dans l'affaire dite du complot contre l'Etat.","og_url":"https:\/\/kapitalis.com\/tunisie\/2026\/09\/04\/tunisie-affaire-du-complot-les-verdicts-confirmes-en-cassation\/","og_site_name":"Kapitalis","article_publisher":"https:\/\/www.facebook.com\/KapitalisInfo\/","article_published_time":"2026-09-04T08:31:16+00:00","article_modified_time":"2026-09-04T08:31:49+00:00","og_image":[{"width":1200,"height":630,"url":"https:\/\/kapitalis.com\/tunisie\/wp-content\/uploads\/2025\/11\/Affaire-du-complot-3.jpg","type":"image\/jpeg"}],"author":"webmaster kapitalis","twitter_card":"summary_large_image","twitter_creator":"@KapitalisInfo","twitter_site":"@KapitalisInfo","twitter_misc":{"\u00c9crit par":"webmaster kapitalis","Dur\u00e9e de lecture estim\u00e9e":"2 minutes"},"schema":{"@context":"https:\/\/schema.org","@graph":[{"@type":"Article","@id":"https:\/\/kapitalis.com\/tunisie\/2026\/09\/04\/tunisie-affaire-du-complot-les-verdicts-confirmes-en-cassation\/#article","isPartOf":{"@id":"https:\/\/kapitalis.com\/tunisie\/2026\/09\/04\/tunisie-affaire-du-complot-les-verdicts-confirmes-en-cassation\/"},"author":{"name":"webmaster kapitalis","@id":"https:\/\/kapitalis.com\/tunisie\/#\/schema\/person\/d71f33a9ca44f7bad4698210b480c8e9"},"headline":"Tunisie &#8211; Affaire du complot | Les verdicts confirm\u00e9s en cassation","datePublished":"2026-09-04T08:31:16+00:00","dateModified":"2026-09-04T08:31:49+00:00","mainEntityOfPage":{"@id":"https:\/\/kapitalis.com\/tunisie\/2026\/09\/04\/tunisie-affaire-du-complot-les-verdicts-confirmes-en-cassation\/"},"wordCount":212,"commentCount":0,"publisher":{"@id":"https:\/\/kapitalis.com\/tunisie\/#organization"},"image":{"@id":"https:\/\/kapitalis.com\/tunisie\/2026\/09\/04\/tunisie-affaire-du-complot-les-verdicts-confirmes-en-cassation\/#primaryimage"},"thumbnailUrl":"https:\/\/kapitalis.com\/tunisie\/wp-content\/uploads\/2025\/11\/Affaire-du-complot-3.jpg","keywords":["affaire du complot","Cour de cassation","Tunisie"],"articleSection":["POLITIQUE","Tunisie"],"inLanguage":"fr-FR","potentialAction":[{"@type":"CommentAction","name":"Comment","target":["https:\/\/kapitalis.com\/tunisie\/2026\/09\/04\/tunisie-affaire-du-complot-les-verdicts-confirmes-en-cassation\/#respond"]}]},{"@type":"WebPage","@id":"https:\/\/kapitalis.com\/tunisie\/2026\/09\/04\/tunisie-affaire-du-complot-les-verdicts-confirmes-en-cassation\/","url":"https:\/\/kapitalis.com\/tunisie\/2026\/09\/04\/tunisie-affaire-du-complot-les-verdicts-confirmes-en-cassation\/","name":"Tunisie - Affaire du complot | Les verdicts confirm\u00e9s en cassation - Kapitalis","isPartOf":{"@id":"https:\/\/kapitalis.com\/tunisie\/#website"},"primaryImageOfPage":{"@id":"https:\/\/kapitalis.com\/tunisie\/2026\/09\/04\/tunisie-affaire-du-complot-les-verdicts-confirmes-en-cassation\/#primaryimage"},"image":{"@id":"https:\/\/kapitalis.com\/tunisie\/2026\/09\/04\/tunisie-affaire-du-complot-les-verdicts-confirmes-en-cassation\/#primaryimage"},"thumbnailUrl":"https:\/\/kapitalis.com\/tunisie\/wp-content\/uploads\/2025\/11\/Affaire-du-complot-3.jpg","datePublished":"2026-09-04T08:31:16+00:00","dateModified":"2026-09-04T08:31:49+00:00","description":"La Cour de cassation a confirm\u00e9 les peines, lourdes prononc\u00e9es par la Cour d\u2019appel dans l'affaire dite du complot contre l'Etat.","breadcrumb":{"@id":"https:\/\/kapitalis.com\/tunisie\/2026\/09\/04\/tunisie-affaire-du-complot-les-verdicts-confirmes-en-cassation\/#breadcrumb"},"inLanguage":"fr-FR","potentialAction":[{"@type":"ReadAction","target":["https:\/\/kapitalis.com\/tunisie\/2026\/09\/04\/tunisie-affaire-du-complot-les-verdicts-confirmes-en-cassation\/"]}]},{"@type":"ImageObject","inLanguage":"fr-FR","@id":"https:\/\/kapitalis.com\/tunisie\/2026\/09\/04\/tunisie-affaire-du-complot-les-verdicts-confirmes-en-cassation\/#primaryimage","url":"https:\/\/kapitalis.com\/tunisie\/wp-content\/uploads\/2025\/11\/Affaire-du-complot-3.jpg","contentUrl":"https:\/\/kapitalis.com\/tunisie\/wp-content\/uploads\/2025\/11\/Affaire-du-complot-3.jpg","width":1200,"height":630},{"@type":"BreadcrumbList","@id":"https:\/\/kapitalis.com\/tunisie\/2026\/09\/04\/tunisie-affaire-du-complot-les-verdicts-confirmes-en-cassation\/#breadcrumb","itemListElement":[{"@type":"ListItem","position":1,"name":"Accueil","item":"https:\/\/kapitalis.com\/tunisie\/"},{"@type":"ListItem","position":2,"name":"Tunisie &#8211; Affaire du complot | Les verdicts confirm\u00e9s en cassation"}]},{"@type":"WebSite","@id":"https:\/\/kapitalis.com\/tunisie\/#website","url":"https:\/\/kapitalis.com\/tunisie\/","name":"Kapitalis","description":"L&#039;actualit\u00e9 en Tunisie et dans le monde","publisher":{"@id":"https:\/\/kapitalis.com\/tunisie\/#organization"},"potentialAction":[{"@type":"SearchAction","target":{"@type":"EntryPoint","urlTemplate":"https:\/\/kapitalis.com\/tunisie\/?s={search_term_string}"},"query-input":{"@type":"PropertyValueSpecification","valueRequired":true,"valueName":"search_term_string"}}],"inLanguage":"fr-FR"},{"@type":"Organization","@id":"https:\/\/kapitalis.com\/tunisie\/#organization","name":"Kapitalis","url":"https:\/\/kapitalis.com\/tunisie\/","logo":{"@type":"ImageObject","inLanguage":"fr-FR","@id":"https:\/\/kapitalis.com\/tunisie\/#\/schema\/logo\/image\/","url":"https:\/\/kapitalis.com\/tunisie\/wp-content\/uploads\/2022\/05\/Kapitalis-big-size.png","contentUrl":"https:\/\/kapitalis.com\/tunisie\/wp-content\/uploads\/2022\/05\/Kapitalis-big-size.png","width":5000,"height":1500,"caption":"Kapitalis"},"image":{"@id":"https:\/\/kapitalis.com\/tunisie\/#\/schema\/logo\/image\/"},"sameAs":["https:\/\/www.facebook.com\/KapitalisInfo\/","https:\/\/x.com\/KapitalisInfo","https:\/\/www.youtube.com\/channel\/UC-yDYrHyfFBWWZaOw3FPg9Q"]},{"@type":"Person","@id":"https:\/\/kapitalis.com\/tunisie\/#\/schema\/person\/d71f33a9ca44f7bad4698210b480c8e9","name":"webmaster kapitalis","url":"https:\/\/kapitalis.com\/tunisie\/author\/webmaster-kapitalis\/"}]}},"_links":{"self":[{"href":"https:\/\/kapitalis.com\/tunisie\/wp-json\/wp\/v2\/posts\/19570677","targetHints":{"allow":["GET"]}}],"collection":[{"href":"https:\/\/kapitalis.com\/tunisie\/wp-json\/wp\/v2\/posts"}],"about":[{"href":"https:\/\/kapitalis.com\/tunisie\/wp-json\/wp\/v2\/types\/post"}],"author":[{"embeddable":true,"href":"https:\/\/kapitalis.com\/tunisie\/wp-json\/wp\/v2\/users\/8"}],"replies":[{"embeddable":true,"href":"https:\/\/kapitalis.com\/tunisie\/wp-json\/wp\/v2\/comments?post=19570677"}],"version-history":[{"count":2,"href":"https:\/\/kapitalis.com\/tunisie\/wp-json\/wp\/v2\/posts\/19570677\/revisions"}],"predecessor-version":[{"id":19570705,"href":"https:\/\/kapitalis.com\/tunisie\/wp-json\/wp\/v2\/posts\/19570677\/revisions\/19570705"}],"wp:featuredmedia":[{"embeddable":true,"href":"https:\/\/kapitalis.com\/tunisie\/wp-json\/wp\/v2\/media\/18001725"}],"wp:attachment":[{"href":"https:\/\/kapitalis.com\/tunisie\/wp-json\/wp\/v2\/media?parent=19570677"}],"wp:term":[{"taxonomy":"category","embeddable":true,"href":"https:\/\/kapitalis.com\/tunisie\/wp-json\/wp\/v2\/categories?post=19570677"},{"taxonomy":"post_tag","embeddable":true,"href":"https:\/\/kapitalis.com\/tunisie\/wp-json\/wp\/v2\/tags?post=19570677"}],"curies":[{"name":"wp","href":"https:\/\/api.w.org\/{rel}","templated":true}]}}