{"id":19570772,"date":"2026-09-04T09:55:23","date_gmt":"2026-09-04T08:55:23","guid":{"rendered":"https:\/\/kapitalis.com\/tunisie\/?p=19570772"},"modified":"2026-09-04T09:55:26","modified_gmt":"2026-09-04T08:55:26","slug":"tunisie-affaire-du-complot-amnesty-denonce-une-injustice","status":"publish","type":"post","link":"https:\/\/kapitalis.com\/tunisie\/2026\/09\/04\/tunisie-affaire-du-complot-amnesty-denonce-une-injustice\/","title":{"rendered":"Tunisie-Affaire du complot | Amnesty d\u00e9nonce une \u00abinjustice\u00bb"},"content":{"rendered":"\n<p class=\"wp-block-paragraph\"><strong><em>Amnesty International a condamn\u00e9, dans un communiqu\u00e9 publi\u00e9 jeudi 3 septembre 2026 sur sa <a href=\"https:\/\/www.facebook.com\/AITunisia\/\" target=\"_blank\" rel=\"noreferrer noopener\">page Facebook<\/a>, la d\u00e9cision de la Cour de cassation de Tunis de confirmer les \u00abjugements iniques\u00bb rendus par la Cour d\u2019appel dans l\u2019affaire dite du \u00abcomplot contre l\u2019Etat\u00bb. L\u2019organisation estime que cette d\u00e9cision consacre une dangereuse tendance \u00e0 instrumentaliser le syst\u00e8me judiciaire pour cibler les opposant\u00b7e\u00b7s et les voix critiques pacifiques, ainsi que pour r\u00e9duire au silence les opinions dissidentes.<\/em><\/strong><\/p>\n\n\n\n<!--more-->\n\n\n\n<p class=\"wp-block-paragraph\"><em>\u00abDepuis ses d\u00e9buts, cette affaire a \u00e9t\u00e9 entach\u00e9e de violations graves des garanties d\u2019un proc\u00e8s \u00e9quitable, dans le cadre de poursuites fond\u00e9es sur des accusations \u00e0 motivation politique ayant abouti \u00e0 de lourdes peines de prison \u00e0 l&rsquo;encontre de figures de l&rsquo;opposition, d&rsquo;avocats et de d\u00e9fenseurs des droits humains\u00bb<\/em>, a \u00e9crit l\u2019Ong dans son communiqu\u00e9 intitul\u00e9\u00a0<em>\u00abConfirmation des jugements de \u2018\u2018complot\u2019\u2019\u00a0: Le pouvoir se venge de ses opposants\u00bb<\/em>. Elle a ajout\u00e9\u00a0: <em>\u00abLa phase de cassation aurait d\u00fb constituer une occasion de r\u00e9parer cette injustice et de mettre un terme \u00e0 une proc\u00e9dure judiciaire arbitraire, plut\u00f4t que de se transformer en une nouvelle \u00e9tape consacrant cette situation\u00bb<\/em>.<\/p>\n\n\n\n<p class=\"wp-block-paragraph\">Amnesty International appelle les autorit\u00e9s tunisiennes <em>\u00ab\u00e0 annuler ces condamnations et ces peines iniques, \u00e0 lib\u00e9rer imm\u00e9diatement et sans condition toutes les personnes d\u00e9tenues arbitrairement pour avoir exerc\u00e9 pacifiquement leurs droits, et \u00e0 mettre fin \u00e0 l\u2019utilisation du syst\u00e8me judiciaire comme outil pour r\u00e9primer l\u2019opposition et intimider les voix critiques.\u00bb<\/em><\/p>\n\n\n\n<p class=\"has-text-align-right wp-block-paragraph\"><strong>I. B.<\/strong><\/p>\n\n\n\n<figure class=\"wp-block-embed alignleft is-type-wp-embed is-provider-kapitalis wp-block-embed-kapitalis\"><div class=\"wp-block-embed__wrapper\">\n<blockquote class=\"wp-embedded-content\" data-secret=\"I4i9YVFck1\"><a href=\"https:\/\/kapitalis.com\/tunisie\/2026\/09\/04\/tunisie-affaire-du-complot-les-verdicts-confirmes-en-cassation\/\">Tunisie &#8211; Affaire du complot | Les verdicts confirm\u00e9s en cassation<\/a><\/blockquote><iframe loading=\"lazy\" class=\"wp-embedded-content\" sandbox=\"allow-scripts\" security=\"restricted\" style=\"position: absolute; visibility: hidden;\" title=\"\u00ab\u00a0Tunisie \u2013 Affaire du complot | Les verdicts confirm\u00e9s en cassation\u00a0\u00bb \u2014 Kapitalis\" src=\"https:\/\/kapitalis.com\/tunisie\/2026\/09\/04\/tunisie-affaire-du-complot-les-verdicts-confirmes-en-cassation\/embed\/#?secret=zEzMYRaO9q#?secret=I4i9YVFck1\" data-secret=\"I4i9YVFck1\" width=\"600\" height=\"338\" frameborder=\"0\" marginwidth=\"0\" marginheight=\"0\" scrolling=\"no\"><\/iframe>\n<\/div><\/figure>\n\n\n\n<p class=\"has-text-align-right wp-block-paragraph\"> <\/p>\n","protected":false},"excerpt":{"rendered":"<p>Amnesty International a condamn\u00e9 la confirmation en cassation des \u00abjugements iniques\u00bb rendus en appel dans l\u2019affaire dite du \u00abcomplot\u00bb.<\/p>\n","protected":false},"author":8,"featured_media":19570796,"comment_status":"open","ping_status":"open","sticky":false,"template":"","format":"standard","meta":{"footnotes":""},"categories":[997,2433],"tags":[109837,5324,94585,62643],"class_list":["post-19570772","post","type-post","status-publish","format-standard","has-post-thumbnail","hentry","category-politique","category-tunisie","tag-affaire-du-complot","tag-amnesty-international","tag-cour-de-cassation","tag-tunisie"],"yoast_head":"<!-- This site is optimized with the Yoast SEO plugin v26.6 - https:\/\/yoast.com\/wordpress\/plugins\/seo\/ -->\n<title>Tunisie-Affaire du complot | Amnesty d\u00e9nonce une \u00abinjustice\u00bb - Kapitalis<\/title>\n<meta name=\"description\" content=\"Amnesty International a condamn\u00e9 la confirmation en cassation des \u00abjugements iniques\u00bb rendus en appel dans l\u2019affaire dite du \u00abcomplot\u00bb.\" \/>\n<meta name=\"robots\" content=\"index, follow, max-snippet:-1, max-image-preview:large, max-video-preview:-1\" \/>\n<link rel=\"canonical\" href=\"https:\/\/kapitalis.com\/tunisie\/2026\/09\/04\/tunisie-affaire-du-complot-amnesty-denonce-une-injustice\/\" \/>\n<meta property=\"og:locale\" content=\"fr_FR\" \/>\n<meta property=\"og:type\" content=\"article\" \/>\n<meta property=\"og:title\" content=\"Tunisie-Affaire du complot | Amnesty d\u00e9nonce une \u00abinjustice\u00bb - Kapitalis\" \/>\n<meta property=\"og:description\" content=\"Amnesty International a condamn\u00e9 la confirmation en cassation des \u00abjugements iniques\u00bb rendus en appel dans l\u2019affaire dite du \u00abcomplot\u00bb.\" \/>\n<meta property=\"og:url\" content=\"https:\/\/kapitalis.com\/tunisie\/2026\/09\/04\/tunisie-affaire-du-complot-amnesty-denonce-une-injustice\/\" \/>\n<meta property=\"og:site_name\" content=\"Kapitalis\" \/>\n<meta property=\"article:publisher\" content=\"https:\/\/www.facebook.com\/KapitalisInfo\/\" \/>\n<meta property=\"article:published_time\" content=\"2026-09-04T08:55:23+00:00\" \/>\n<meta property=\"article:modified_time\" content=\"2026-09-04T08:55:26+00:00\" \/>\n<meta property=\"og:image\" content=\"https:\/\/kapitalis.com\/tunisie\/wp-content\/uploads\/2026\/09\/Amnesty-Affaire-du-complot.jpg\" \/>\n\t<meta property=\"og:image:width\" content=\"1200\" \/>\n\t<meta property=\"og:image:height\" content=\"630\" \/>\n\t<meta property=\"og:image:type\" content=\"image\/jpeg\" \/>\n<meta name=\"author\" content=\"webmaster kapitalis\" \/>\n<meta name=\"twitter:card\" content=\"summary_large_image\" \/>\n<meta name=\"twitter:creator\" content=\"@KapitalisInfo\" \/>\n<meta name=\"twitter:site\" content=\"@KapitalisInfo\" \/>\n<meta name=\"twitter:label1\" content=\"\u00c9crit par\" \/>\n\t<meta name=\"twitter:data1\" content=\"webmaster kapitalis\" \/>\n\t<meta name=\"twitter:label2\" content=\"Dur\u00e9e de lecture estim\u00e9e\" \/>\n\t<meta name=\"twitter:data2\" content=\"2 minutes\" \/>\n<script type=\"application\/ld+json\" class=\"yoast-schema-graph\">{\"@context\":\"https:\/\/schema.org\",\"@graph\":[{\"@type\":\"Article\",\"@id\":\"https:\/\/kapitalis.com\/tunisie\/2026\/09\/04\/tunisie-affaire-du-complot-amnesty-denonce-une-injustice\/#article\",\"isPartOf\":{\"@id\":\"https:\/\/kapitalis.com\/tunisie\/2026\/09\/04\/tunisie-affaire-du-complot-amnesty-denonce-une-injustice\/\"},\"author\":{\"name\":\"webmaster kapitalis\",\"@id\":\"https:\/\/kapitalis.com\/tunisie\/#\/schema\/person\/d71f33a9ca44f7bad4698210b480c8e9\"},\"headline\":\"Tunisie-Affaire du complot | Amnesty d\u00e9nonce une \u00abinjustice\u00bb\",\"datePublished\":\"2026-09-04T08:55:23+00:00\",\"dateModified\":\"2026-09-04T08:55:26+00:00\",\"mainEntityOfPage\":{\"@id\":\"https:\/\/kapitalis.com\/tunisie\/2026\/09\/04\/tunisie-affaire-du-complot-amnesty-denonce-une-injustice\/\"},\"wordCount\":262,\"commentCount\":0,\"publisher\":{\"@id\":\"https:\/\/kapitalis.com\/tunisie\/#organization\"},\"image\":{\"@id\":\"https:\/\/kapitalis.com\/tunisie\/2026\/09\/04\/tunisie-affaire-du-complot-amnesty-denonce-une-injustice\/#primaryimage\"},\"thumbnailUrl\":\"https:\/\/kapitalis.com\/tunisie\/wp-content\/uploads\/2026\/09\/Amnesty-Affaire-du-complot.jpg\",\"keywords\":[\"affaire du complot\",\"Amnesty international\",\"Cour de cassation\",\"Tunisie\"],\"articleSection\":[\"POLITIQUE\",\"Tunisie\"],\"inLanguage\":\"fr-FR\",\"potentialAction\":[{\"@type\":\"CommentAction\",\"name\":\"Comment\",\"target\":[\"https:\/\/kapitalis.com\/tunisie\/2026\/09\/04\/tunisie-affaire-du-complot-amnesty-denonce-une-injustice\/#respond\"]}]},{\"@type\":\"WebPage\",\"@id\":\"https:\/\/kapitalis.com\/tunisie\/2026\/09\/04\/tunisie-affaire-du-complot-amnesty-denonce-une-injustice\/\",\"url\":\"https:\/\/kapitalis.com\/tunisie\/2026\/09\/04\/tunisie-affaire-du-complot-amnesty-denonce-une-injustice\/\",\"name\":\"Tunisie-Affaire du complot | Amnesty d\u00e9nonce une \u00abinjustice\u00bb - Kapitalis\",\"isPartOf\":{\"@id\":\"https:\/\/kapitalis.com\/tunisie\/#website\"},\"primaryImageOfPage\":{\"@id\":\"https:\/\/kapitalis.com\/tunisie\/2026\/09\/04\/tunisie-affaire-du-complot-amnesty-denonce-une-injustice\/#primaryimage\"},\"image\":{\"@id\":\"https:\/\/kapitalis.com\/tunisie\/2026\/09\/04\/tunisie-affaire-du-complot-amnesty-denonce-une-injustice\/#primaryimage\"},\"thumbnailUrl\":\"https:\/\/kapitalis.com\/tunisie\/wp-content\/uploads\/2026\/09\/Amnesty-Affaire-du-complot.jpg\",\"datePublished\":\"2026-09-04T08:55:23+00:00\",\"dateModified\":\"2026-09-04T08:55:26+00:00\",\"description\":\"Amnesty International a condamn\u00e9 la confirmation en cassation des \u00abjugements iniques\u00bb rendus en appel dans l\u2019affaire dite du \u00abcomplot\u00bb.\",\"breadcrumb\":{\"@id\":\"https:\/\/kapitalis.com\/tunisie\/2026\/09\/04\/tunisie-affaire-du-complot-amnesty-denonce-une-injustice\/#breadcrumb\"},\"inLanguage\":\"fr-FR\",\"potentialAction\":[{\"@type\":\"ReadAction\",\"target\":[\"https:\/\/kapitalis.com\/tunisie\/2026\/09\/04\/tunisie-affaire-du-complot-amnesty-denonce-une-injustice\/\"]}]},{\"@type\":\"ImageObject\",\"inLanguage\":\"fr-FR\",\"@id\":\"https:\/\/kapitalis.com\/tunisie\/2026\/09\/04\/tunisie-affaire-du-complot-amnesty-denonce-une-injustice\/#primaryimage\",\"url\":\"https:\/\/kapitalis.com\/tunisie\/wp-content\/uploads\/2026\/09\/Amnesty-Affaire-du-complot.jpg\",\"contentUrl\":\"https:\/\/kapitalis.com\/tunisie\/wp-content\/uploads\/2026\/09\/Amnesty-Affaire-du-complot.jpg\",\"width\":1200,\"height\":630},{\"@type\":\"BreadcrumbList\",\"@id\":\"https:\/\/kapitalis.com\/tunisie\/2026\/09\/04\/tunisie-affaire-du-complot-amnesty-denonce-une-injustice\/#breadcrumb\",\"itemListElement\":[{\"@type\":\"ListItem\",\"position\":1,\"name\":\"Accueil\",\"item\":\"https:\/\/kapitalis.com\/tunisie\/\"},{\"@type\":\"ListItem\",\"position\":2,\"name\":\"Tunisie-Affaire du complot | Amnesty d\u00e9nonce une \u00abinjustice\u00bb\"}]},{\"@type\":\"WebSite\",\"@id\":\"https:\/\/kapitalis.com\/tunisie\/#website\",\"url\":\"https:\/\/kapitalis.com\/tunisie\/\",\"name\":\"Kapitalis\",\"description\":\"L&#039;actualit\u00e9 en Tunisie et dans le monde\",\"publisher\":{\"@id\":\"https:\/\/kapitalis.com\/tunisie\/#organization\"},\"potentialAction\":[{\"@type\":\"SearchAction\",\"target\":{\"@type\":\"EntryPoint\",\"urlTemplate\":\"https:\/\/kapitalis.com\/tunisie\/?s={search_term_string}\"},\"query-input\":{\"@type\":\"PropertyValueSpecification\",\"valueRequired\":true,\"valueName\":\"search_term_string\"}}],\"inLanguage\":\"fr-FR\"},{\"@type\":\"Organization\",\"@id\":\"https:\/\/kapitalis.com\/tunisie\/#organization\",\"name\":\"Kapitalis\",\"url\":\"https:\/\/kapitalis.com\/tunisie\/\",\"logo\":{\"@type\":\"ImageObject\",\"inLanguage\":\"fr-FR\",\"@id\":\"https:\/\/kapitalis.com\/tunisie\/#\/schema\/logo\/image\/\",\"url\":\"https:\/\/kapitalis.com\/tunisie\/wp-content\/uploads\/2022\/05\/Kapitalis-big-size.png\",\"contentUrl\":\"https:\/\/kapitalis.com\/tunisie\/wp-content\/uploads\/2022\/05\/Kapitalis-big-size.png\",\"width\":5000,\"height\":1500,\"caption\":\"Kapitalis\"},\"image\":{\"@id\":\"https:\/\/kapitalis.com\/tunisie\/#\/schema\/logo\/image\/\"},\"sameAs\":[\"https:\/\/www.facebook.com\/KapitalisInfo\/\",\"https:\/\/x.com\/KapitalisInfo\",\"https:\/\/www.youtube.com\/channel\/UC-yDYrHyfFBWWZaOw3FPg9Q\"]},{\"@type\":\"Person\",\"@id\":\"https:\/\/kapitalis.com\/tunisie\/#\/schema\/person\/d71f33a9ca44f7bad4698210b480c8e9\",\"name\":\"webmaster kapitalis\",\"url\":\"https:\/\/kapitalis.com\/tunisie\/author\/webmaster-kapitalis\/\"}]}<\/script>\n<!-- \/ Yoast SEO plugin. -->","yoast_head_json":{"title":"Tunisie-Affaire du complot | Amnesty d\u00e9nonce une \u00abinjustice\u00bb - Kapitalis","description":"Amnesty International a condamn\u00e9 la confirmation en cassation des \u00abjugements iniques\u00bb rendus en appel dans l\u2019affaire dite du \u00abcomplot\u00bb.","robots":{"index":"index","follow":"follow","max-snippet":"max-snippet:-1","max-image-preview":"max-image-preview:large","max-video-preview":"max-video-preview:-1"},"canonical":"https:\/\/kapitalis.com\/tunisie\/2026\/09\/04\/tunisie-affaire-du-complot-amnesty-denonce-une-injustice\/","og_locale":"fr_FR","og_type":"article","og_title":"Tunisie-Affaire du complot | Amnesty d\u00e9nonce une \u00abinjustice\u00bb - Kapitalis","og_description":"Amnesty International a condamn\u00e9 la confirmation en cassation des \u00abjugements iniques\u00bb rendus en appel dans l\u2019affaire dite du \u00abcomplot\u00bb.","og_url":"https:\/\/kapitalis.com\/tunisie\/2026\/09\/04\/tunisie-affaire-du-complot-amnesty-denonce-une-injustice\/","og_site_name":"Kapitalis","article_publisher":"https:\/\/www.facebook.com\/KapitalisInfo\/","article_published_time":"2026-09-04T08:55:23+00:00","article_modified_time":"2026-09-04T08:55:26+00:00","og_image":[{"width":1200,"height":630,"url":"https:\/\/kapitalis.com\/tunisie\/wp-content\/uploads\/2026\/09\/Amnesty-Affaire-du-complot.jpg","type":"image\/jpeg"}],"author":"webmaster kapitalis","twitter_card":"summary_large_image","twitter_creator":"@KapitalisInfo","twitter_site":"@KapitalisInfo","twitter_misc":{"\u00c9crit par":"webmaster kapitalis","Dur\u00e9e de lecture estim\u00e9e":"2 minutes"},"schema":{"@context":"https:\/\/schema.org","@graph":[{"@type":"Article","@id":"https:\/\/kapitalis.com\/tunisie\/2026\/09\/04\/tunisie-affaire-du-complot-amnesty-denonce-une-injustice\/#article","isPartOf":{"@id":"https:\/\/kapitalis.com\/tunisie\/2026\/09\/04\/tunisie-affaire-du-complot-amnesty-denonce-une-injustice\/"},"author":{"name":"webmaster kapitalis","@id":"https:\/\/kapitalis.com\/tunisie\/#\/schema\/person\/d71f33a9ca44f7bad4698210b480c8e9"},"headline":"Tunisie-Affaire du complot | Amnesty d\u00e9nonce une \u00abinjustice\u00bb","datePublished":"2026-09-04T08:55:23+00:00","dateModified":"2026-09-04T08:55:26+00:00","mainEntityOfPage":{"@id":"https:\/\/kapitalis.com\/tunisie\/2026\/09\/04\/tunisie-affaire-du-complot-amnesty-denonce-une-injustice\/"},"wordCount":262,"commentCount":0,"publisher":{"@id":"https:\/\/kapitalis.com\/tunisie\/#organization"},"image":{"@id":"https:\/\/kapitalis.com\/tunisie\/2026\/09\/04\/tunisie-affaire-du-complot-amnesty-denonce-une-injustice\/#primaryimage"},"thumbnailUrl":"https:\/\/kapitalis.com\/tunisie\/wp-content\/uploads\/2026\/09\/Amnesty-Affaire-du-complot.jpg","keywords":["affaire du complot","Amnesty international","Cour de cassation","Tunisie"],"articleSection":["POLITIQUE","Tunisie"],"inLanguage":"fr-FR","potentialAction":[{"@type":"CommentAction","name":"Comment","target":["https:\/\/kapitalis.com\/tunisie\/2026\/09\/04\/tunisie-affaire-du-complot-amnesty-denonce-une-injustice\/#respond"]}]},{"@type":"WebPage","@id":"https:\/\/kapitalis.com\/tunisie\/2026\/09\/04\/tunisie-affaire-du-complot-amnesty-denonce-une-injustice\/","url":"https:\/\/kapitalis.com\/tunisie\/2026\/09\/04\/tunisie-affaire-du-complot-amnesty-denonce-une-injustice\/","name":"Tunisie-Affaire du complot | Amnesty d\u00e9nonce une \u00abinjustice\u00bb - Kapitalis","isPartOf":{"@id":"https:\/\/kapitalis.com\/tunisie\/#website"},"primaryImageOfPage":{"@id":"https:\/\/kapitalis.com\/tunisie\/2026\/09\/04\/tunisie-affaire-du-complot-amnesty-denonce-une-injustice\/#primaryimage"},"image":{"@id":"https:\/\/kapitalis.com\/tunisie\/2026\/09\/04\/tunisie-affaire-du-complot-amnesty-denonce-une-injustice\/#primaryimage"},"thumbnailUrl":"https:\/\/kapitalis.com\/tunisie\/wp-content\/uploads\/2026\/09\/Amnesty-Affaire-du-complot.jpg","datePublished":"2026-09-04T08:55:23+00:00","dateModified":"2026-09-04T08:55:26+00:00","description":"Amnesty International a condamn\u00e9 la confirmation en cassation des \u00abjugements iniques\u00bb rendus en appel dans l\u2019affaire dite du \u00abcomplot\u00bb.","breadcrumb":{"@id":"https:\/\/kapitalis.com\/tunisie\/2026\/09\/04\/tunisie-affaire-du-complot-amnesty-denonce-une-injustice\/#breadcrumb"},"inLanguage":"fr-FR","potentialAction":[{"@type":"ReadAction","target":["https:\/\/kapitalis.com\/tunisie\/2026\/09\/04\/tunisie-affaire-du-complot-amnesty-denonce-une-injustice\/"]}]},{"@type":"ImageObject","inLanguage":"fr-FR","@id":"https:\/\/kapitalis.com\/tunisie\/2026\/09\/04\/tunisie-affaire-du-complot-amnesty-denonce-une-injustice\/#primaryimage","url":"https:\/\/kapitalis.com\/tunisie\/wp-content\/uploads\/2026\/09\/Amnesty-Affaire-du-complot.jpg","contentUrl":"https:\/\/kapitalis.com\/tunisie\/wp-content\/uploads\/2026\/09\/Amnesty-Affaire-du-complot.jpg","width":1200,"height":630},{"@type":"BreadcrumbList","@id":"https:\/\/kapitalis.com\/tunisie\/2026\/09\/04\/tunisie-affaire-du-complot-amnesty-denonce-une-injustice\/#breadcrumb","itemListElement":[{"@type":"ListItem","position":1,"name":"Accueil","item":"https:\/\/kapitalis.com\/tunisie\/"},{"@type":"ListItem","position":2,"name":"Tunisie-Affaire du complot | Amnesty d\u00e9nonce une \u00abinjustice\u00bb"}]},{"@type":"WebSite","@id":"https:\/\/kapitalis.com\/tunisie\/#website","url":"https:\/\/kapitalis.com\/tunisie\/","name":"Kapitalis","description":"L&#039;actualit\u00e9 en Tunisie et dans le monde","publisher":{"@id":"https:\/\/kapitalis.com\/tunisie\/#organization"},"potentialAction":[{"@type":"SearchAction","target":{"@type":"EntryPoint","urlTemplate":"https:\/\/kapitalis.com\/tunisie\/?s={search_term_string}"},"query-input":{"@type":"PropertyValueSpecification","valueRequired":true,"valueName":"search_term_string"}}],"inLanguage":"fr-FR"},{"@type":"Organization","@id":"https:\/\/kapitalis.com\/tunisie\/#organization","name":"Kapitalis","url":"https:\/\/kapitalis.com\/tunisie\/","logo":{"@type":"ImageObject","inLanguage":"fr-FR","@id":"https:\/\/kapitalis.com\/tunisie\/#\/schema\/logo\/image\/","url":"https:\/\/kapitalis.com\/tunisie\/wp-content\/uploads\/2022\/05\/Kapitalis-big-size.png","contentUrl":"https:\/\/kapitalis.com\/tunisie\/wp-content\/uploads\/2022\/05\/Kapitalis-big-size.png","width":5000,"height":1500,"caption":"Kapitalis"},"image":{"@id":"https:\/\/kapitalis.com\/tunisie\/#\/schema\/logo\/image\/"},"sameAs":["https:\/\/www.facebook.com\/KapitalisInfo\/","https:\/\/x.com\/KapitalisInfo","https:\/\/www.youtube.com\/channel\/UC-yDYrHyfFBWWZaOw3FPg9Q"]},{"@type":"Person","@id":"https:\/\/kapitalis.com\/tunisie\/#\/schema\/person\/d71f33a9ca44f7bad4698210b480c8e9","name":"webmaster kapitalis","url":"https:\/\/kapitalis.com\/tunisie\/author\/webmaster-kapitalis\/"}]}},"_links":{"self":[{"href":"https:\/\/kapitalis.com\/tunisie\/wp-json\/wp\/v2\/posts\/19570772","targetHints":{"allow":["GET"]}}],"collection":[{"href":"https:\/\/kapitalis.com\/tunisie\/wp-json\/wp\/v2\/posts"}],"about":[{"href":"https:\/\/kapitalis.com\/tunisie\/wp-json\/wp\/v2\/types\/post"}],"author":[{"embeddable":true,"href":"https:\/\/kapitalis.com\/tunisie\/wp-json\/wp\/v2\/users\/8"}],"replies":[{"embeddable":true,"href":"https:\/\/kapitalis.com\/tunisie\/wp-json\/wp\/v2\/comments?post=19570772"}],"version-history":[{"count":1,"href":"https:\/\/kapitalis.com\/tunisie\/wp-json\/wp\/v2\/posts\/19570772\/revisions"}],"predecessor-version":[{"id":19570825,"href":"https:\/\/kapitalis.com\/tunisie\/wp-json\/wp\/v2\/posts\/19570772\/revisions\/19570825"}],"wp:featuredmedia":[{"embeddable":true,"href":"https:\/\/kapitalis.com\/tunisie\/wp-json\/wp\/v2\/media\/19570796"}],"wp:attachment":[{"href":"https:\/\/kapitalis.com\/tunisie\/wp-json\/wp\/v2\/media?parent=19570772"}],"wp:term":[{"taxonomy":"category","embeddable":true,"href":"https:\/\/kapitalis.com\/tunisie\/wp-json\/wp\/v2\/categories?post=19570772"},{"taxonomy":"post_tag","embeddable":true,"href":"https:\/\/kapitalis.com\/tunisie\/wp-json\/wp\/v2\/tags?post=19570772"}],"curies":[{"name":"wp","href":"https:\/\/api.w.org\/{rel}","templated":true}]}}