{"id":19570994,"date":"2026-09-04T10:35:11","date_gmt":"2026-09-04T09:35:11","guid":{"rendered":"https:\/\/kapitalis.com\/tunisie\/?p=19570994"},"modified":"2026-09-04T10:35:13","modified_gmt":"2026-09-04T09:35:13","slug":"tunisie-la-sante-de-wael-naouar-se-degrade-rapidement","status":"publish","type":"post","link":"https:\/\/kapitalis.com\/tunisie\/2026\/09\/04\/tunisie-la-sante-de-wael-naouar-se-degrade-rapidement\/","title":{"rendered":"Tunisie | La sant\u00e9 de Wael Naouar se d\u00e9grade rapidement"},"content":{"rendered":"\n<p class=\"wp-block-paragraph\"><strong><em>Selon l\u2019avocat Rafed Rabbeh, qui lui a rendu visite hier, jeudi 3 septembre 2026, \u00e0 la prison de Mornaguia o\u00f9 il est incarc\u00e9r\u00e9 depuis mars, le militant de gauche Wael Naouar se porte tr\u00e8s mal. Le militant propalestinien de la \u00abFlotilla of Resilience\u00bb observe une gr\u00e8ve de la faim depuis 18 jours pour protester contre ce qu\u2019il consid\u00e8re comme une injustice.<\/em><\/strong><\/p>\n\n\n\n<!--more-->\n\n\n\n<p class=\"wp-block-paragraph\"><em>\u00abJe t\u00e9moigne, devant Dieu et devant tous, que son \u00e9tat est tr\u00e8s critique : ses taux sanguins et sa glyc\u00e9mie sont instables et pr\u00e9occupants ; il a perdu 19 kilos et ne p\u00e8se plus que 56 kg ; son visage est extr\u00eamement p\u00e2le\u00bb<\/em>, a \u00e9crit Me Rabbeh dans un <a href=\"https:\/\/www.facebook.com\/boul3lik\" target=\"_blank\" rel=\"noreferrer noopener\">commentaire Facebook<\/a> post\u00e9 \u00e0 la suite de la visite. <em>\u00abIl souffre de douleurs abdominales, de maux de t\u00eate et de douleurs aux reins, accompagn\u00e9s de fi\u00e8vre et de r\u00e9tention urinaire. Il est sujet \u00e0 de fr\u00e9quents vertiges, au point de ne plus pouvoir dormir par peur. Malgr\u00e9 cela, il reste d\u00e9termin\u00e9 \u00e0 poursuivre sa gr\u00e8ve jusqu\u2019\u00e0 ce que sa situation soit r\u00e9gularis\u00e9e\u00bb<\/em>, a-t-il ajout\u00e9.<\/p>\n\n\n\n<p class=\"wp-block-paragraph\">Wael Naouar continue de crier son innocence et qualifie le proc\u00e8s qui lui est intent\u00e9 de <em>\u00abguet-apens\u00bb<\/em> judicaire qui lui aurait \u00e9t\u00e9 tendu suite \u00e0 sa participation \u00e0 la <em>\u00abFlottille internationale Soumoud\u00bb<\/em>.<\/p>\n\n\n\n<p class=\"wp-block-paragraph\">Wael Naouar a \u00e9t\u00e9 arr\u00eat\u00e9, en mars 2026, par les autorit\u00e9s tunisiennes aux c\u00f4t\u00e9s d\u2019autres militants. Les accusations port\u00e9es contre lui et son \u00e9pouse, Jawaher Channa, lib\u00e9r\u00e9e le 23 avril, concernent des soup\u00e7ons d\u2019infractions financi\u00e8res li\u00e9es \u00e0 la gestion des dons et au financement de la caravane d\u2019aide internationale pour la Palestine. La prolongation de sa gr\u00e8ve de la faim pour protester contre son incarc\u00e9ration suscite de vives inqui\u00e9tudes au sein des organisations de d\u00e9fense des droits humains quant \u00e0 la d\u00e9gradation critique de son \u00e9tat de sant\u00e9.<\/p>\n\n\n\n<p class=\"has-text-align-right wp-block-paragraph\"><strong>I. B.<\/strong><\/p>\n\n\n\n<p class=\"wp-block-paragraph\"><\/p>\n","protected":false},"excerpt":{"rendered":"<p>A la suite d&rsquo;une gr\u00e8ve de la faim de 18 jours \u00e0 la prison de Mornaguia, le militant propalestinien Wael Naouar se porte tr\u00e8s mal. <\/p>\n","protected":false},"author":8,"featured_media":19571010,"comment_status":"open","ping_status":"open","sticky":false,"template":"","format":"standard","meta":{"footnotes":""},"categories":[997,2433],"tags":[129972,118290,4026,129973,101662],"class_list":["post-19570994","post","type-post","status-publish","format-standard","has-post-thumbnail","hentry","category-politique","category-tunisie","tag-flotilla-of-resilience","tag-jawaher-channa","tag-palestine","tag-rafed-rabeh","tag-wael-naouar"],"yoast_head":"<!-- This site is optimized with the Yoast SEO plugin v26.6 - https:\/\/yoast.com\/wordpress\/plugins\/seo\/ -->\n<title>Tunisie | La sant\u00e9 de Wael Naouar se d\u00e9grade rapidement - Kapitalis<\/title>\n<meta name=\"description\" content=\"A la suite d&#039;une gr\u00e8ve de la faim de 18 jours \u00e0 la prison de Mornaguia, le militant propalestinien Wael Naouar se porte tr\u00e8s mal.\" \/>\n<meta name=\"robots\" content=\"index, follow, max-snippet:-1, max-image-preview:large, max-video-preview:-1\" \/>\n<link rel=\"canonical\" href=\"https:\/\/kapitalis.com\/tunisie\/2026\/09\/04\/tunisie-la-sante-de-wael-naouar-se-degrade-rapidement\/\" \/>\n<meta property=\"og:locale\" content=\"fr_FR\" \/>\n<meta property=\"og:type\" content=\"article\" \/>\n<meta property=\"og:title\" content=\"Tunisie | La sant\u00e9 de Wael Naouar se d\u00e9grade rapidement - Kapitalis\" \/>\n<meta property=\"og:description\" content=\"A la suite d&#039;une gr\u00e8ve de la faim de 18 jours \u00e0 la prison de Mornaguia, le militant propalestinien Wael Naouar se porte tr\u00e8s mal.\" \/>\n<meta property=\"og:url\" content=\"https:\/\/kapitalis.com\/tunisie\/2026\/09\/04\/tunisie-la-sante-de-wael-naouar-se-degrade-rapidement\/\" \/>\n<meta property=\"og:site_name\" content=\"Kapitalis\" \/>\n<meta property=\"article:publisher\" content=\"https:\/\/www.facebook.com\/KapitalisInfo\/\" \/>\n<meta property=\"article:published_time\" content=\"2026-09-04T09:35:11+00:00\" \/>\n<meta property=\"article:modified_time\" content=\"2026-09-04T09:35:13+00:00\" \/>\n<meta property=\"og:image\" content=\"https:\/\/kapitalis.com\/tunisie\/wp-content\/uploads\/2026\/09\/Wael-Naouar-Flottille-Soumoud.jpg\" \/>\n\t<meta property=\"og:image:width\" content=\"1200\" \/>\n\t<meta property=\"og:image:height\" content=\"630\" \/>\n\t<meta property=\"og:image:type\" content=\"image\/jpeg\" \/>\n<meta name=\"author\" content=\"webmaster kapitalis\" \/>\n<meta name=\"twitter:card\" content=\"summary_large_image\" \/>\n<meta name=\"twitter:creator\" content=\"@KapitalisInfo\" \/>\n<meta name=\"twitter:site\" content=\"@KapitalisInfo\" \/>\n<meta name=\"twitter:label1\" content=\"\u00c9crit par\" \/>\n\t<meta name=\"twitter:data1\" content=\"webmaster kapitalis\" \/>\n\t<meta name=\"twitter:label2\" content=\"Dur\u00e9e de lecture estim\u00e9e\" \/>\n\t<meta name=\"twitter:data2\" content=\"2 minutes\" \/>\n<script type=\"application\/ld+json\" class=\"yoast-schema-graph\">{\"@context\":\"https:\/\/schema.org\",\"@graph\":[{\"@type\":\"Article\",\"@id\":\"https:\/\/kapitalis.com\/tunisie\/2026\/09\/04\/tunisie-la-sante-de-wael-naouar-se-degrade-rapidement\/#article\",\"isPartOf\":{\"@id\":\"https:\/\/kapitalis.com\/tunisie\/2026\/09\/04\/tunisie-la-sante-de-wael-naouar-se-degrade-rapidement\/\"},\"author\":{\"name\":\"webmaster kapitalis\",\"@id\":\"https:\/\/kapitalis.com\/tunisie\/#\/schema\/person\/d71f33a9ca44f7bad4698210b480c8e9\"},\"headline\":\"Tunisie | La sant\u00e9 de Wael Naouar se d\u00e9grade rapidement\",\"datePublished\":\"2026-09-04T09:35:11+00:00\",\"dateModified\":\"2026-09-04T09:35:13+00:00\",\"mainEntityOfPage\":{\"@id\":\"https:\/\/kapitalis.com\/tunisie\/2026\/09\/04\/tunisie-la-sante-de-wael-naouar-se-degrade-rapidement\/\"},\"wordCount\":329,\"commentCount\":0,\"publisher\":{\"@id\":\"https:\/\/kapitalis.com\/tunisie\/#organization\"},\"image\":{\"@id\":\"https:\/\/kapitalis.com\/tunisie\/2026\/09\/04\/tunisie-la-sante-de-wael-naouar-se-degrade-rapidement\/#primaryimage\"},\"thumbnailUrl\":\"https:\/\/kapitalis.com\/tunisie\/wp-content\/uploads\/2026\/09\/Wael-Naouar-Flottille-Soumoud.jpg\",\"keywords\":[\"Flotilla of Resilience\",\"Jawaher Channa\",\"Palestine\",\"Rafed Rabeh\",\"Wael Naouar\"],\"articleSection\":[\"POLITIQUE\",\"Tunisie\"],\"inLanguage\":\"fr-FR\",\"potentialAction\":[{\"@type\":\"CommentAction\",\"name\":\"Comment\",\"target\":[\"https:\/\/kapitalis.com\/tunisie\/2026\/09\/04\/tunisie-la-sante-de-wael-naouar-se-degrade-rapidement\/#respond\"]}]},{\"@type\":\"WebPage\",\"@id\":\"https:\/\/kapitalis.com\/tunisie\/2026\/09\/04\/tunisie-la-sante-de-wael-naouar-se-degrade-rapidement\/\",\"url\":\"https:\/\/kapitalis.com\/tunisie\/2026\/09\/04\/tunisie-la-sante-de-wael-naouar-se-degrade-rapidement\/\",\"name\":\"Tunisie | La sant\u00e9 de Wael Naouar se d\u00e9grade rapidement - Kapitalis\",\"isPartOf\":{\"@id\":\"https:\/\/kapitalis.com\/tunisie\/#website\"},\"primaryImageOfPage\":{\"@id\":\"https:\/\/kapitalis.com\/tunisie\/2026\/09\/04\/tunisie-la-sante-de-wael-naouar-se-degrade-rapidement\/#primaryimage\"},\"image\":{\"@id\":\"https:\/\/kapitalis.com\/tunisie\/2026\/09\/04\/tunisie-la-sante-de-wael-naouar-se-degrade-rapidement\/#primaryimage\"},\"thumbnailUrl\":\"https:\/\/kapitalis.com\/tunisie\/wp-content\/uploads\/2026\/09\/Wael-Naouar-Flottille-Soumoud.jpg\",\"datePublished\":\"2026-09-04T09:35:11+00:00\",\"dateModified\":\"2026-09-04T09:35:13+00:00\",\"description\":\"A la suite d'une gr\u00e8ve de la faim de 18 jours \u00e0 la prison de Mornaguia, le militant propalestinien Wael Naouar se porte tr\u00e8s mal.\",\"breadcrumb\":{\"@id\":\"https:\/\/kapitalis.com\/tunisie\/2026\/09\/04\/tunisie-la-sante-de-wael-naouar-se-degrade-rapidement\/#breadcrumb\"},\"inLanguage\":\"fr-FR\",\"potentialAction\":[{\"@type\":\"ReadAction\",\"target\":[\"https:\/\/kapitalis.com\/tunisie\/2026\/09\/04\/tunisie-la-sante-de-wael-naouar-se-degrade-rapidement\/\"]}]},{\"@type\":\"ImageObject\",\"inLanguage\":\"fr-FR\",\"@id\":\"https:\/\/kapitalis.com\/tunisie\/2026\/09\/04\/tunisie-la-sante-de-wael-naouar-se-degrade-rapidement\/#primaryimage\",\"url\":\"https:\/\/kapitalis.com\/tunisie\/wp-content\/uploads\/2026\/09\/Wael-Naouar-Flottille-Soumoud.jpg\",\"contentUrl\":\"https:\/\/kapitalis.com\/tunisie\/wp-content\/uploads\/2026\/09\/Wael-Naouar-Flottille-Soumoud.jpg\",\"width\":1200,\"height\":630},{\"@type\":\"BreadcrumbList\",\"@id\":\"https:\/\/kapitalis.com\/tunisie\/2026\/09\/04\/tunisie-la-sante-de-wael-naouar-se-degrade-rapidement\/#breadcrumb\",\"itemListElement\":[{\"@type\":\"ListItem\",\"position\":1,\"name\":\"Accueil\",\"item\":\"https:\/\/kapitalis.com\/tunisie\/\"},{\"@type\":\"ListItem\",\"position\":2,\"name\":\"Tunisie | La sant\u00e9 de Wael Naouar se d\u00e9grade rapidement\"}]},{\"@type\":\"WebSite\",\"@id\":\"https:\/\/kapitalis.com\/tunisie\/#website\",\"url\":\"https:\/\/kapitalis.com\/tunisie\/\",\"name\":\"Kapitalis\",\"description\":\"L&#039;actualit\u00e9 en Tunisie et dans le monde\",\"publisher\":{\"@id\":\"https:\/\/kapitalis.com\/tunisie\/#organization\"},\"potentialAction\":[{\"@type\":\"SearchAction\",\"target\":{\"@type\":\"EntryPoint\",\"urlTemplate\":\"https:\/\/kapitalis.com\/tunisie\/?s={search_term_string}\"},\"query-input\":{\"@type\":\"PropertyValueSpecification\",\"valueRequired\":true,\"valueName\":\"search_term_string\"}}],\"inLanguage\":\"fr-FR\"},{\"@type\":\"Organization\",\"@id\":\"https:\/\/kapitalis.com\/tunisie\/#organization\",\"name\":\"Kapitalis\",\"url\":\"https:\/\/kapitalis.com\/tunisie\/\",\"logo\":{\"@type\":\"ImageObject\",\"inLanguage\":\"fr-FR\",\"@id\":\"https:\/\/kapitalis.com\/tunisie\/#\/schema\/logo\/image\/\",\"url\":\"https:\/\/kapitalis.com\/tunisie\/wp-content\/uploads\/2022\/05\/Kapitalis-big-size.png\",\"contentUrl\":\"https:\/\/kapitalis.com\/tunisie\/wp-content\/uploads\/2022\/05\/Kapitalis-big-size.png\",\"width\":5000,\"height\":1500,\"caption\":\"Kapitalis\"},\"image\":{\"@id\":\"https:\/\/kapitalis.com\/tunisie\/#\/schema\/logo\/image\/\"},\"sameAs\":[\"https:\/\/www.facebook.com\/KapitalisInfo\/\",\"https:\/\/x.com\/KapitalisInfo\",\"https:\/\/www.youtube.com\/channel\/UC-yDYrHyfFBWWZaOw3FPg9Q\"]},{\"@type\":\"Person\",\"@id\":\"https:\/\/kapitalis.com\/tunisie\/#\/schema\/person\/d71f33a9ca44f7bad4698210b480c8e9\",\"name\":\"webmaster kapitalis\",\"url\":\"https:\/\/kapitalis.com\/tunisie\/author\/webmaster-kapitalis\/\"}]}<\/script>\n<!-- \/ Yoast SEO plugin. -->","yoast_head_json":{"title":"Tunisie | La sant\u00e9 de Wael Naouar se d\u00e9grade rapidement - Kapitalis","description":"A la suite d'une gr\u00e8ve de la faim de 18 jours \u00e0 la prison de Mornaguia, le militant propalestinien Wael Naouar se porte tr\u00e8s mal.","robots":{"index":"index","follow":"follow","max-snippet":"max-snippet:-1","max-image-preview":"max-image-preview:large","max-video-preview":"max-video-preview:-1"},"canonical":"https:\/\/kapitalis.com\/tunisie\/2026\/09\/04\/tunisie-la-sante-de-wael-naouar-se-degrade-rapidement\/","og_locale":"fr_FR","og_type":"article","og_title":"Tunisie | La sant\u00e9 de Wael Naouar se d\u00e9grade rapidement - Kapitalis","og_description":"A la suite d'une gr\u00e8ve de la faim de 18 jours \u00e0 la prison de Mornaguia, le militant propalestinien Wael Naouar se porte tr\u00e8s mal.","og_url":"https:\/\/kapitalis.com\/tunisie\/2026\/09\/04\/tunisie-la-sante-de-wael-naouar-se-degrade-rapidement\/","og_site_name":"Kapitalis","article_publisher":"https:\/\/www.facebook.com\/KapitalisInfo\/","article_published_time":"2026-09-04T09:35:11+00:00","article_modified_time":"2026-09-04T09:35:13+00:00","og_image":[{"width":1200,"height":630,"url":"https:\/\/kapitalis.com\/tunisie\/wp-content\/uploads\/2026\/09\/Wael-Naouar-Flottille-Soumoud.jpg","type":"image\/jpeg"}],"author":"webmaster kapitalis","twitter_card":"summary_large_image","twitter_creator":"@KapitalisInfo","twitter_site":"@KapitalisInfo","twitter_misc":{"\u00c9crit par":"webmaster kapitalis","Dur\u00e9e de lecture estim\u00e9e":"2 minutes"},"schema":{"@context":"https:\/\/schema.org","@graph":[{"@type":"Article","@id":"https:\/\/kapitalis.com\/tunisie\/2026\/09\/04\/tunisie-la-sante-de-wael-naouar-se-degrade-rapidement\/#article","isPartOf":{"@id":"https:\/\/kapitalis.com\/tunisie\/2026\/09\/04\/tunisie-la-sante-de-wael-naouar-se-degrade-rapidement\/"},"author":{"name":"webmaster kapitalis","@id":"https:\/\/kapitalis.com\/tunisie\/#\/schema\/person\/d71f33a9ca44f7bad4698210b480c8e9"},"headline":"Tunisie | La sant\u00e9 de Wael Naouar se d\u00e9grade rapidement","datePublished":"2026-09-04T09:35:11+00:00","dateModified":"2026-09-04T09:35:13+00:00","mainEntityOfPage":{"@id":"https:\/\/kapitalis.com\/tunisie\/2026\/09\/04\/tunisie-la-sante-de-wael-naouar-se-degrade-rapidement\/"},"wordCount":329,"commentCount":0,"publisher":{"@id":"https:\/\/kapitalis.com\/tunisie\/#organization"},"image":{"@id":"https:\/\/kapitalis.com\/tunisie\/2026\/09\/04\/tunisie-la-sante-de-wael-naouar-se-degrade-rapidement\/#primaryimage"},"thumbnailUrl":"https:\/\/kapitalis.com\/tunisie\/wp-content\/uploads\/2026\/09\/Wael-Naouar-Flottille-Soumoud.jpg","keywords":["Flotilla of Resilience","Jawaher Channa","Palestine","Rafed Rabeh","Wael Naouar"],"articleSection":["POLITIQUE","Tunisie"],"inLanguage":"fr-FR","potentialAction":[{"@type":"CommentAction","name":"Comment","target":["https:\/\/kapitalis.com\/tunisie\/2026\/09\/04\/tunisie-la-sante-de-wael-naouar-se-degrade-rapidement\/#respond"]}]},{"@type":"WebPage","@id":"https:\/\/kapitalis.com\/tunisie\/2026\/09\/04\/tunisie-la-sante-de-wael-naouar-se-degrade-rapidement\/","url":"https:\/\/kapitalis.com\/tunisie\/2026\/09\/04\/tunisie-la-sante-de-wael-naouar-se-degrade-rapidement\/","name":"Tunisie | La sant\u00e9 de Wael Naouar se d\u00e9grade rapidement - Kapitalis","isPartOf":{"@id":"https:\/\/kapitalis.com\/tunisie\/#website"},"primaryImageOfPage":{"@id":"https:\/\/kapitalis.com\/tunisie\/2026\/09\/04\/tunisie-la-sante-de-wael-naouar-se-degrade-rapidement\/#primaryimage"},"image":{"@id":"https:\/\/kapitalis.com\/tunisie\/2026\/09\/04\/tunisie-la-sante-de-wael-naouar-se-degrade-rapidement\/#primaryimage"},"thumbnailUrl":"https:\/\/kapitalis.com\/tunisie\/wp-content\/uploads\/2026\/09\/Wael-Naouar-Flottille-Soumoud.jpg","datePublished":"2026-09-04T09:35:11+00:00","dateModified":"2026-09-04T09:35:13+00:00","description":"A la suite d'une gr\u00e8ve de la faim de 18 jours \u00e0 la prison de Mornaguia, le militant propalestinien Wael Naouar se porte tr\u00e8s mal.","breadcrumb":{"@id":"https:\/\/kapitalis.com\/tunisie\/2026\/09\/04\/tunisie-la-sante-de-wael-naouar-se-degrade-rapidement\/#breadcrumb"},"inLanguage":"fr-FR","potentialAction":[{"@type":"ReadAction","target":["https:\/\/kapitalis.com\/tunisie\/2026\/09\/04\/tunisie-la-sante-de-wael-naouar-se-degrade-rapidement\/"]}]},{"@type":"ImageObject","inLanguage":"fr-FR","@id":"https:\/\/kapitalis.com\/tunisie\/2026\/09\/04\/tunisie-la-sante-de-wael-naouar-se-degrade-rapidement\/#primaryimage","url":"https:\/\/kapitalis.com\/tunisie\/wp-content\/uploads\/2026\/09\/Wael-Naouar-Flottille-Soumoud.jpg","contentUrl":"https:\/\/kapitalis.com\/tunisie\/wp-content\/uploads\/2026\/09\/Wael-Naouar-Flottille-Soumoud.jpg","width":1200,"height":630},{"@type":"BreadcrumbList","@id":"https:\/\/kapitalis.com\/tunisie\/2026\/09\/04\/tunisie-la-sante-de-wael-naouar-se-degrade-rapidement\/#breadcrumb","itemListElement":[{"@type":"ListItem","position":1,"name":"Accueil","item":"https:\/\/kapitalis.com\/tunisie\/"},{"@type":"ListItem","position":2,"name":"Tunisie | La sant\u00e9 de Wael Naouar se d\u00e9grade rapidement"}]},{"@type":"WebSite","@id":"https:\/\/kapitalis.com\/tunisie\/#website","url":"https:\/\/kapitalis.com\/tunisie\/","name":"Kapitalis","description":"L&#039;actualit\u00e9 en Tunisie et dans le monde","publisher":{"@id":"https:\/\/kapitalis.com\/tunisie\/#organization"},"potentialAction":[{"@type":"SearchAction","target":{"@type":"EntryPoint","urlTemplate":"https:\/\/kapitalis.com\/tunisie\/?s={search_term_string}"},"query-input":{"@type":"PropertyValueSpecification","valueRequired":true,"valueName":"search_term_string"}}],"inLanguage":"fr-FR"},{"@type":"Organization","@id":"https:\/\/kapitalis.com\/tunisie\/#organization","name":"Kapitalis","url":"https:\/\/kapitalis.com\/tunisie\/","logo":{"@type":"ImageObject","inLanguage":"fr-FR","@id":"https:\/\/kapitalis.com\/tunisie\/#\/schema\/logo\/image\/","url":"https:\/\/kapitalis.com\/tunisie\/wp-content\/uploads\/2022\/05\/Kapitalis-big-size.png","contentUrl":"https:\/\/kapitalis.com\/tunisie\/wp-content\/uploads\/2022\/05\/Kapitalis-big-size.png","width":5000,"height":1500,"caption":"Kapitalis"},"image":{"@id":"https:\/\/kapitalis.com\/tunisie\/#\/schema\/logo\/image\/"},"sameAs":["https:\/\/www.facebook.com\/KapitalisInfo\/","https:\/\/x.com\/KapitalisInfo","https:\/\/www.youtube.com\/channel\/UC-yDYrHyfFBWWZaOw3FPg9Q"]},{"@type":"Person","@id":"https:\/\/kapitalis.com\/tunisie\/#\/schema\/person\/d71f33a9ca44f7bad4698210b480c8e9","name":"webmaster kapitalis","url":"https:\/\/kapitalis.com\/tunisie\/author\/webmaster-kapitalis\/"}]}},"_links":{"self":[{"href":"https:\/\/kapitalis.com\/tunisie\/wp-json\/wp\/v2\/posts\/19570994","targetHints":{"allow":["GET"]}}],"collection":[{"href":"https:\/\/kapitalis.com\/tunisie\/wp-json\/wp\/v2\/posts"}],"about":[{"href":"https:\/\/kapitalis.com\/tunisie\/wp-json\/wp\/v2\/types\/post"}],"author":[{"embeddable":true,"href":"https:\/\/kapitalis.com\/tunisie\/wp-json\/wp\/v2\/users\/8"}],"replies":[{"embeddable":true,"href":"https:\/\/kapitalis.com\/tunisie\/wp-json\/wp\/v2\/comments?post=19570994"}],"version-history":[{"count":1,"href":"https:\/\/kapitalis.com\/tunisie\/wp-json\/wp\/v2\/posts\/19570994\/revisions"}],"predecessor-version":[{"id":19571019,"href":"https:\/\/kapitalis.com\/tunisie\/wp-json\/wp\/v2\/posts\/19570994\/revisions\/19571019"}],"wp:featuredmedia":[{"embeddable":true,"href":"https:\/\/kapitalis.com\/tunisie\/wp-json\/wp\/v2\/media\/19571010"}],"wp:attachment":[{"href":"https:\/\/kapitalis.com\/tunisie\/wp-json\/wp\/v2\/media?parent=19570994"}],"wp:term":[{"taxonomy":"category","embeddable":true,"href":"https:\/\/kapitalis.com\/tunisie\/wp-json\/wp\/v2\/categories?post=19570994"},{"taxonomy":"post_tag","embeddable":true,"href":"https:\/\/kapitalis.com\/tunisie\/wp-json\/wp\/v2\/tags?post=19570994"}],"curies":[{"name":"wp","href":"https:\/\/api.w.org\/{rel}","templated":true}]}}