{"id":19571454,"date":"2026-09-04T12:15:29","date_gmt":"2026-09-04T11:15:29","guid":{"rendered":"https:\/\/kapitalis.com\/tunisie\/?p=19571454"},"modified":"2026-09-04T12:15:31","modified_gmt":"2026-09-04T11:15:31","slug":"attayar-appelle-les-tunisiens-a-ne-pas-se-taire-face-a-linjustice","status":"publish","type":"post","link":"https:\/\/kapitalis.com\/tunisie\/2026\/09\/04\/attayar-appelle-les-tunisiens-a-ne-pas-se-taire-face-a-linjustice\/","title":{"rendered":"Attayar appelle les Tunisiens \u00e0 \u00abne pas se taire face \u00e0 l\u2019injustice\u00bb"},"content":{"rendered":"\n<p class=\"wp-block-paragraph\"><strong><em>Le parti du Courant d\u00e9mocrate (Attayar) a publi\u00e9, le jeudi 3 septembre 2026 \u00e0 Tunis, le communiqu\u00e9 suivant, traduit de l\u2019arabe et intitul\u00e9 \u00abQuiconque ose les innocenter est leur complice\u2026\u00bb, reprenant ainsi une c\u00e9l\u00e8bre d\u00e9claration du pr\u00e9sident de la R\u00e9publique, Ka\u00efs Sa\u00efed, au sujet des personnalit\u00e9s accus\u00e9es dans l\u2019affaire dite du \u00abcomplot contre la s\u00fbret\u00e9 de l\u2019\u00c9tat 1 \u00bb.<\/em><\/strong><\/p>\n\n\n\n<!--more-->\n\n\n\n<p class=\"wp-block-paragraph\">La confirmation par la Cour de Cassation de l\u2019arr\u00eat de la Cour d\u2019appel dans l&rsquo;affaire dite du <em>\u00abcomplot contre la s\u00fbret\u00e9 de l&rsquo;\u00c9tat\u00bb<\/em> confirme une fois de plus que la justice, au lieu d\u2019\u00eatre un rempart prot\u00e9geant les droits et consolidant la confiance envers les institutions de l\u2019\u00c9tat, s\u2019est transform\u00e9e en un simple instrument docile au service du r\u00e8glement de comptes politiques et de la r\u00e9duction au silence de toute voix dissidente.<\/p>\n\n\n\n<p class=\"wp-block-paragraph\">Ce proc\u00e8s, entach\u00e9 d\u00e8s le premier jour de violations proc\u00e9durales flagrantes et graves \u2014 au cours duquel les d\u00e9tenus ont \u00e9t\u00e9 priv\u00e9s des garanties les plus \u00e9l\u00e9mentaires d\u2019un proc\u00e8s \u00e9quitable \u2014 n\u2019a jamais \u00e9t\u00e9 un proc\u00e8s pour <em>\u00abcomplot\u00bb<\/em>. Il a \u00e9t\u00e9, et demeure, un proc\u00e8s politique par excellence, visant \u00e0 mettre au pas quiconque a os\u00e9 s\u2019opposer au coup d\u2019\u00c9tat et \u00e0 l\u2019accaparement du pouvoir.<\/p>\n\n\n\n<p class=\"wp-block-paragraph\">Le Courant d\u00e9mocrate condamne avec la plus grande fermet\u00e9 la transformation de l\u2019approche s\u00e9curitaire et judiciaire en une m\u00e9thode constante de gestion des affaires du pays ; une approche o\u00f9 la justice et les services de s\u00e9curit\u00e9 sont sollicit\u00e9s pour traiter, par la r\u00e9pression et l\u2019intimidation plut\u00f4t que par le dialogue et la r\u00e9forme, des crises politiques, \u00e9conomiques et sociales \u00e0 r\u00e9p\u00e9tition.<\/p>\n\n\n\n<p class=\"wp-block-paragraph\">Loin de prot\u00e9ger l\u2019\u00c9tat comme le croit le pouvoir en place, cette d\u00e9marche en \u00e9rode les institutions, vide de sa substance le concept d\u2019\u00c9tat de droit et transforme la justice en un bras ex\u00e9cutif au service d\u2019une volont\u00e9 politique unique.<\/p>\n\n\n\n<p class=\"wp-block-paragraph\">Notre parti r\u00e9affirme son engagement total \u00e0 soutenir tous les d\u00e9tenus politiques ainsi que leurs familles ; il appelle \u00e9galement l\u2019ensemble des forces d\u00e9mocratiques, les d\u00e9fenseurs des droits humains et la soci\u00e9t\u00e9 civile \u00e0 unir leurs rangs pour d\u00e9fendre l\u2019ind\u00e9pendance de la justice et pr\u00e9server les droits, les libert\u00e9s et la dignit\u00e9 des Tunisiennes et des Tunisiens.<\/p>\n\n\n\n<p class=\"wp-block-paragraph\">Conscient de la gravit\u00e9 de la situation, le Courant d\u00e9mocrate exhorte les Tunisiennes et les Tunisiens \u00e0 ne pas rester silencieux face \u00e0 l\u2019injustice qui gangr\u00e8ne le pays et \u00e0 la violation des conditions \u00e9l\u00e9mentaires d\u2019une vie digne. Il les appelle \u00e0 descendre dans la rue et \u00e0 manifester pacifiquement pour d\u00e9fendre leurs droits, leurs libert\u00e9s et leur dignit\u00e9 ; car aujourd\u2019hui, le silence \u00e9quivaut \u00e0 une complicit\u00e9 avec l\u2019autoritarisme, et le soul\u00e8vement pacifique et citoyen contre l\u2019injustice constitue un devoir national et civique, bien au-del\u00e0 d&rsquo;un simple choix politique. En effet, quelle que soit sa dur\u00e9e, l\u2019autoritarisme ne saurait r\u00e9sister \u00e0 la volont\u00e9 des peuples d\u2019acc\u00e9der \u00e0 la libert\u00e9, \u00e0 la justice et \u00e0 la dignit\u00e9.<\/p>\n\n\n\n<p class=\"has-text-align-right wp-block-paragraph\">Pour le bureau politique<\/p>\n\n\n\n<p class=\"has-text-align-right wp-block-paragraph\">Le secr\u00e9taire g\u00e9n\u00e9ral<\/p>\n\n\n\n<p class=\"has-text-align-right wp-block-paragraph\"><strong>Hichem Ajbouni<\/strong><\/p>\n\n\n\n<p class=\"wp-block-paragraph\"><\/p>\n","protected":false},"excerpt":{"rendered":"<p>Pour le parti du Courant d\u00e9mocrate (Attayar), la justice en Tunisie est un simple instrument docile au service du pouvoir ex\u00e9cutif; <\/p>\n","protected":false},"author":8,"featured_media":19571491,"comment_status":"open","ping_status":"open","sticky":false,"template":"","format":"standard","meta":{"footnotes":""},"categories":[997,2433],"tags":[109837,15519,67134,68449,72934,76012],"class_list":["post-19571454","post","type-post","status-publish","format-standard","has-post-thumbnail","hentry","category-politique","category-tunisie","tag-affaire-du-complot","tag-attayar","tag-courant-democrate","tag-hichem-ajbouni","tag-justice-tunisienne","tag-kais-saied-2"],"yoast_head":"<!-- This site is optimized with the Yoast SEO plugin v26.6 - https:\/\/yoast.com\/wordpress\/plugins\/seo\/ -->\n<title>Attayar appelle les Tunisiens \u00e0 \u00abne pas se taire face \u00e0 l\u2019injustice\u00bb - Kapitalis<\/title>\n<meta name=\"description\" content=\"Pour le parti du Courant d\u00e9mocrate (Attayar), la justice en Tunisie est un simple instrument docile au service du pouvoir ex\u00e9cutif;\" \/>\n<meta name=\"robots\" content=\"index, follow, max-snippet:-1, max-image-preview:large, max-video-preview:-1\" \/>\n<link rel=\"canonical\" href=\"https:\/\/kapitalis.com\/tunisie\/2026\/09\/04\/attayar-appelle-les-tunisiens-a-ne-pas-se-taire-face-a-linjustice\/\" \/>\n<meta property=\"og:locale\" content=\"fr_FR\" \/>\n<meta property=\"og:type\" content=\"article\" \/>\n<meta property=\"og:title\" content=\"Attayar appelle les Tunisiens \u00e0 \u00abne pas se taire face \u00e0 l\u2019injustice\u00bb - Kapitalis\" \/>\n<meta property=\"og:description\" content=\"Pour le parti du Courant d\u00e9mocrate (Attayar), la justice en Tunisie est un simple instrument docile au service du pouvoir ex\u00e9cutif;\" \/>\n<meta property=\"og:url\" content=\"https:\/\/kapitalis.com\/tunisie\/2026\/09\/04\/attayar-appelle-les-tunisiens-a-ne-pas-se-taire-face-a-linjustice\/\" \/>\n<meta property=\"og:site_name\" content=\"Kapitalis\" \/>\n<meta property=\"article:publisher\" content=\"https:\/\/www.facebook.com\/KapitalisInfo\/\" \/>\n<meta property=\"article:published_time\" content=\"2026-09-04T11:15:29+00:00\" \/>\n<meta property=\"article:modified_time\" content=\"2026-09-04T11:15:31+00:00\" \/>\n<meta property=\"og:image\" content=\"https:\/\/kapitalis.com\/tunisie\/wp-content\/uploads\/2026\/09\/Attayar-Justice-tunisienne.jpg\" \/>\n\t<meta property=\"og:image:width\" content=\"1200\" \/>\n\t<meta property=\"og:image:height\" content=\"630\" \/>\n\t<meta property=\"og:image:type\" content=\"image\/jpeg\" \/>\n<meta name=\"author\" content=\"webmaster kapitalis\" \/>\n<meta name=\"twitter:card\" content=\"summary_large_image\" \/>\n<meta name=\"twitter:creator\" content=\"@KapitalisInfo\" \/>\n<meta name=\"twitter:site\" content=\"@KapitalisInfo\" \/>\n<meta name=\"twitter:label1\" content=\"\u00c9crit par\" \/>\n\t<meta name=\"twitter:data1\" content=\"webmaster kapitalis\" \/>\n\t<meta name=\"twitter:label2\" content=\"Dur\u00e9e de lecture estim\u00e9e\" \/>\n\t<meta name=\"twitter:data2\" content=\"3 minutes\" \/>\n<script type=\"application\/ld+json\" class=\"yoast-schema-graph\">{\"@context\":\"https:\/\/schema.org\",\"@graph\":[{\"@type\":\"Article\",\"@id\":\"https:\/\/kapitalis.com\/tunisie\/2026\/09\/04\/attayar-appelle-les-tunisiens-a-ne-pas-se-taire-face-a-linjustice\/#article\",\"isPartOf\":{\"@id\":\"https:\/\/kapitalis.com\/tunisie\/2026\/09\/04\/attayar-appelle-les-tunisiens-a-ne-pas-se-taire-face-a-linjustice\/\"},\"author\":{\"name\":\"webmaster kapitalis\",\"@id\":\"https:\/\/kapitalis.com\/tunisie\/#\/schema\/person\/d71f33a9ca44f7bad4698210b480c8e9\"},\"headline\":\"Attayar appelle les Tunisiens \u00e0 \u00abne pas se taire face \u00e0 l\u2019injustice\u00bb\",\"datePublished\":\"2026-09-04T11:15:29+00:00\",\"dateModified\":\"2026-09-04T11:15:31+00:00\",\"mainEntityOfPage\":{\"@id\":\"https:\/\/kapitalis.com\/tunisie\/2026\/09\/04\/attayar-appelle-les-tunisiens-a-ne-pas-se-taire-face-a-linjustice\/\"},\"wordCount\":555,\"commentCount\":0,\"publisher\":{\"@id\":\"https:\/\/kapitalis.com\/tunisie\/#organization\"},\"image\":{\"@id\":\"https:\/\/kapitalis.com\/tunisie\/2026\/09\/04\/attayar-appelle-les-tunisiens-a-ne-pas-se-taire-face-a-linjustice\/#primaryimage\"},\"thumbnailUrl\":\"https:\/\/kapitalis.com\/tunisie\/wp-content\/uploads\/2026\/09\/Attayar-Justice-tunisienne.jpg\",\"keywords\":[\"affaire du complot\",\"Attayar\",\"Courant d\u00e9mocrate\",\"Hichem Ajbouni\",\"justice tunisienne\",\"Ka\u00efs Sa\u00efed\"],\"articleSection\":[\"POLITIQUE\",\"Tunisie\"],\"inLanguage\":\"fr-FR\",\"potentialAction\":[{\"@type\":\"CommentAction\",\"name\":\"Comment\",\"target\":[\"https:\/\/kapitalis.com\/tunisie\/2026\/09\/04\/attayar-appelle-les-tunisiens-a-ne-pas-se-taire-face-a-linjustice\/#respond\"]}]},{\"@type\":\"WebPage\",\"@id\":\"https:\/\/kapitalis.com\/tunisie\/2026\/09\/04\/attayar-appelle-les-tunisiens-a-ne-pas-se-taire-face-a-linjustice\/\",\"url\":\"https:\/\/kapitalis.com\/tunisie\/2026\/09\/04\/attayar-appelle-les-tunisiens-a-ne-pas-se-taire-face-a-linjustice\/\",\"name\":\"Attayar appelle les Tunisiens \u00e0 \u00abne pas se taire face \u00e0 l\u2019injustice\u00bb - Kapitalis\",\"isPartOf\":{\"@id\":\"https:\/\/kapitalis.com\/tunisie\/#website\"},\"primaryImageOfPage\":{\"@id\":\"https:\/\/kapitalis.com\/tunisie\/2026\/09\/04\/attayar-appelle-les-tunisiens-a-ne-pas-se-taire-face-a-linjustice\/#primaryimage\"},\"image\":{\"@id\":\"https:\/\/kapitalis.com\/tunisie\/2026\/09\/04\/attayar-appelle-les-tunisiens-a-ne-pas-se-taire-face-a-linjustice\/#primaryimage\"},\"thumbnailUrl\":\"https:\/\/kapitalis.com\/tunisie\/wp-content\/uploads\/2026\/09\/Attayar-Justice-tunisienne.jpg\",\"datePublished\":\"2026-09-04T11:15:29+00:00\",\"dateModified\":\"2026-09-04T11:15:31+00:00\",\"description\":\"Pour le parti du Courant d\u00e9mocrate (Attayar), la justice en Tunisie est un simple instrument docile au service du pouvoir ex\u00e9cutif;\",\"breadcrumb\":{\"@id\":\"https:\/\/kapitalis.com\/tunisie\/2026\/09\/04\/attayar-appelle-les-tunisiens-a-ne-pas-se-taire-face-a-linjustice\/#breadcrumb\"},\"inLanguage\":\"fr-FR\",\"potentialAction\":[{\"@type\":\"ReadAction\",\"target\":[\"https:\/\/kapitalis.com\/tunisie\/2026\/09\/04\/attayar-appelle-les-tunisiens-a-ne-pas-se-taire-face-a-linjustice\/\"]}]},{\"@type\":\"ImageObject\",\"inLanguage\":\"fr-FR\",\"@id\":\"https:\/\/kapitalis.com\/tunisie\/2026\/09\/04\/attayar-appelle-les-tunisiens-a-ne-pas-se-taire-face-a-linjustice\/#primaryimage\",\"url\":\"https:\/\/kapitalis.com\/tunisie\/wp-content\/uploads\/2026\/09\/Attayar-Justice-tunisienne.jpg\",\"contentUrl\":\"https:\/\/kapitalis.com\/tunisie\/wp-content\/uploads\/2026\/09\/Attayar-Justice-tunisienne.jpg\",\"width\":1200,\"height\":630},{\"@type\":\"BreadcrumbList\",\"@id\":\"https:\/\/kapitalis.com\/tunisie\/2026\/09\/04\/attayar-appelle-les-tunisiens-a-ne-pas-se-taire-face-a-linjustice\/#breadcrumb\",\"itemListElement\":[{\"@type\":\"ListItem\",\"position\":1,\"name\":\"Accueil\",\"item\":\"https:\/\/kapitalis.com\/tunisie\/\"},{\"@type\":\"ListItem\",\"position\":2,\"name\":\"Attayar appelle les Tunisiens \u00e0 \u00abne pas se taire face \u00e0 l\u2019injustice\u00bb\"}]},{\"@type\":\"WebSite\",\"@id\":\"https:\/\/kapitalis.com\/tunisie\/#website\",\"url\":\"https:\/\/kapitalis.com\/tunisie\/\",\"name\":\"Kapitalis\",\"description\":\"L&#039;actualit\u00e9 en Tunisie et dans le monde\",\"publisher\":{\"@id\":\"https:\/\/kapitalis.com\/tunisie\/#organization\"},\"potentialAction\":[{\"@type\":\"SearchAction\",\"target\":{\"@type\":\"EntryPoint\",\"urlTemplate\":\"https:\/\/kapitalis.com\/tunisie\/?s={search_term_string}\"},\"query-input\":{\"@type\":\"PropertyValueSpecification\",\"valueRequired\":true,\"valueName\":\"search_term_string\"}}],\"inLanguage\":\"fr-FR\"},{\"@type\":\"Organization\",\"@id\":\"https:\/\/kapitalis.com\/tunisie\/#organization\",\"name\":\"Kapitalis\",\"url\":\"https:\/\/kapitalis.com\/tunisie\/\",\"logo\":{\"@type\":\"ImageObject\",\"inLanguage\":\"fr-FR\",\"@id\":\"https:\/\/kapitalis.com\/tunisie\/#\/schema\/logo\/image\/\",\"url\":\"https:\/\/kapitalis.com\/tunisie\/wp-content\/uploads\/2022\/05\/Kapitalis-big-size.png\",\"contentUrl\":\"https:\/\/kapitalis.com\/tunisie\/wp-content\/uploads\/2022\/05\/Kapitalis-big-size.png\",\"width\":5000,\"height\":1500,\"caption\":\"Kapitalis\"},\"image\":{\"@id\":\"https:\/\/kapitalis.com\/tunisie\/#\/schema\/logo\/image\/\"},\"sameAs\":[\"https:\/\/www.facebook.com\/KapitalisInfo\/\",\"https:\/\/x.com\/KapitalisInfo\",\"https:\/\/www.youtube.com\/channel\/UC-yDYrHyfFBWWZaOw3FPg9Q\"]},{\"@type\":\"Person\",\"@id\":\"https:\/\/kapitalis.com\/tunisie\/#\/schema\/person\/d71f33a9ca44f7bad4698210b480c8e9\",\"name\":\"webmaster kapitalis\",\"url\":\"https:\/\/kapitalis.com\/tunisie\/author\/webmaster-kapitalis\/\"}]}<\/script>\n<!-- \/ Yoast SEO plugin. -->","yoast_head_json":{"title":"Attayar appelle les Tunisiens \u00e0 \u00abne pas se taire face \u00e0 l\u2019injustice\u00bb - Kapitalis","description":"Pour le parti du Courant d\u00e9mocrate (Attayar), la justice en Tunisie est un simple instrument docile au service du pouvoir ex\u00e9cutif;","robots":{"index":"index","follow":"follow","max-snippet":"max-snippet:-1","max-image-preview":"max-image-preview:large","max-video-preview":"max-video-preview:-1"},"canonical":"https:\/\/kapitalis.com\/tunisie\/2026\/09\/04\/attayar-appelle-les-tunisiens-a-ne-pas-se-taire-face-a-linjustice\/","og_locale":"fr_FR","og_type":"article","og_title":"Attayar appelle les Tunisiens \u00e0 \u00abne pas se taire face \u00e0 l\u2019injustice\u00bb - Kapitalis","og_description":"Pour le parti du Courant d\u00e9mocrate (Attayar), la justice en Tunisie est un simple instrument docile au service du pouvoir ex\u00e9cutif;","og_url":"https:\/\/kapitalis.com\/tunisie\/2026\/09\/04\/attayar-appelle-les-tunisiens-a-ne-pas-se-taire-face-a-linjustice\/","og_site_name":"Kapitalis","article_publisher":"https:\/\/www.facebook.com\/KapitalisInfo\/","article_published_time":"2026-09-04T11:15:29+00:00","article_modified_time":"2026-09-04T11:15:31+00:00","og_image":[{"width":1200,"height":630,"url":"https:\/\/kapitalis.com\/tunisie\/wp-content\/uploads\/2026\/09\/Attayar-Justice-tunisienne.jpg","type":"image\/jpeg"}],"author":"webmaster kapitalis","twitter_card":"summary_large_image","twitter_creator":"@KapitalisInfo","twitter_site":"@KapitalisInfo","twitter_misc":{"\u00c9crit par":"webmaster kapitalis","Dur\u00e9e de lecture estim\u00e9e":"3 minutes"},"schema":{"@context":"https:\/\/schema.org","@graph":[{"@type":"Article","@id":"https:\/\/kapitalis.com\/tunisie\/2026\/09\/04\/attayar-appelle-les-tunisiens-a-ne-pas-se-taire-face-a-linjustice\/#article","isPartOf":{"@id":"https:\/\/kapitalis.com\/tunisie\/2026\/09\/04\/attayar-appelle-les-tunisiens-a-ne-pas-se-taire-face-a-linjustice\/"},"author":{"name":"webmaster kapitalis","@id":"https:\/\/kapitalis.com\/tunisie\/#\/schema\/person\/d71f33a9ca44f7bad4698210b480c8e9"},"headline":"Attayar appelle les Tunisiens \u00e0 \u00abne pas se taire face \u00e0 l\u2019injustice\u00bb","datePublished":"2026-09-04T11:15:29+00:00","dateModified":"2026-09-04T11:15:31+00:00","mainEntityOfPage":{"@id":"https:\/\/kapitalis.com\/tunisie\/2026\/09\/04\/attayar-appelle-les-tunisiens-a-ne-pas-se-taire-face-a-linjustice\/"},"wordCount":555,"commentCount":0,"publisher":{"@id":"https:\/\/kapitalis.com\/tunisie\/#organization"},"image":{"@id":"https:\/\/kapitalis.com\/tunisie\/2026\/09\/04\/attayar-appelle-les-tunisiens-a-ne-pas-se-taire-face-a-linjustice\/#primaryimage"},"thumbnailUrl":"https:\/\/kapitalis.com\/tunisie\/wp-content\/uploads\/2026\/09\/Attayar-Justice-tunisienne.jpg","keywords":["affaire du complot","Attayar","Courant d\u00e9mocrate","Hichem Ajbouni","justice tunisienne","Ka\u00efs Sa\u00efed"],"articleSection":["POLITIQUE","Tunisie"],"inLanguage":"fr-FR","potentialAction":[{"@type":"CommentAction","name":"Comment","target":["https:\/\/kapitalis.com\/tunisie\/2026\/09\/04\/attayar-appelle-les-tunisiens-a-ne-pas-se-taire-face-a-linjustice\/#respond"]}]},{"@type":"WebPage","@id":"https:\/\/kapitalis.com\/tunisie\/2026\/09\/04\/attayar-appelle-les-tunisiens-a-ne-pas-se-taire-face-a-linjustice\/","url":"https:\/\/kapitalis.com\/tunisie\/2026\/09\/04\/attayar-appelle-les-tunisiens-a-ne-pas-se-taire-face-a-linjustice\/","name":"Attayar appelle les Tunisiens \u00e0 \u00abne pas se taire face \u00e0 l\u2019injustice\u00bb - Kapitalis","isPartOf":{"@id":"https:\/\/kapitalis.com\/tunisie\/#website"},"primaryImageOfPage":{"@id":"https:\/\/kapitalis.com\/tunisie\/2026\/09\/04\/attayar-appelle-les-tunisiens-a-ne-pas-se-taire-face-a-linjustice\/#primaryimage"},"image":{"@id":"https:\/\/kapitalis.com\/tunisie\/2026\/09\/04\/attayar-appelle-les-tunisiens-a-ne-pas-se-taire-face-a-linjustice\/#primaryimage"},"thumbnailUrl":"https:\/\/kapitalis.com\/tunisie\/wp-content\/uploads\/2026\/09\/Attayar-Justice-tunisienne.jpg","datePublished":"2026-09-04T11:15:29+00:00","dateModified":"2026-09-04T11:15:31+00:00","description":"Pour le parti du Courant d\u00e9mocrate (Attayar), la justice en Tunisie est un simple instrument docile au service du pouvoir ex\u00e9cutif;","breadcrumb":{"@id":"https:\/\/kapitalis.com\/tunisie\/2026\/09\/04\/attayar-appelle-les-tunisiens-a-ne-pas-se-taire-face-a-linjustice\/#breadcrumb"},"inLanguage":"fr-FR","potentialAction":[{"@type":"ReadAction","target":["https:\/\/kapitalis.com\/tunisie\/2026\/09\/04\/attayar-appelle-les-tunisiens-a-ne-pas-se-taire-face-a-linjustice\/"]}]},{"@type":"ImageObject","inLanguage":"fr-FR","@id":"https:\/\/kapitalis.com\/tunisie\/2026\/09\/04\/attayar-appelle-les-tunisiens-a-ne-pas-se-taire-face-a-linjustice\/#primaryimage","url":"https:\/\/kapitalis.com\/tunisie\/wp-content\/uploads\/2026\/09\/Attayar-Justice-tunisienne.jpg","contentUrl":"https:\/\/kapitalis.com\/tunisie\/wp-content\/uploads\/2026\/09\/Attayar-Justice-tunisienne.jpg","width":1200,"height":630},{"@type":"BreadcrumbList","@id":"https:\/\/kapitalis.com\/tunisie\/2026\/09\/04\/attayar-appelle-les-tunisiens-a-ne-pas-se-taire-face-a-linjustice\/#breadcrumb","itemListElement":[{"@type":"ListItem","position":1,"name":"Accueil","item":"https:\/\/kapitalis.com\/tunisie\/"},{"@type":"ListItem","position":2,"name":"Attayar appelle les Tunisiens \u00e0 \u00abne pas se taire face \u00e0 l\u2019injustice\u00bb"}]},{"@type":"WebSite","@id":"https:\/\/kapitalis.com\/tunisie\/#website","url":"https:\/\/kapitalis.com\/tunisie\/","name":"Kapitalis","description":"L&#039;actualit\u00e9 en Tunisie et dans le monde","publisher":{"@id":"https:\/\/kapitalis.com\/tunisie\/#organization"},"potentialAction":[{"@type":"SearchAction","target":{"@type":"EntryPoint","urlTemplate":"https:\/\/kapitalis.com\/tunisie\/?s={search_term_string}"},"query-input":{"@type":"PropertyValueSpecification","valueRequired":true,"valueName":"search_term_string"}}],"inLanguage":"fr-FR"},{"@type":"Organization","@id":"https:\/\/kapitalis.com\/tunisie\/#organization","name":"Kapitalis","url":"https:\/\/kapitalis.com\/tunisie\/","logo":{"@type":"ImageObject","inLanguage":"fr-FR","@id":"https:\/\/kapitalis.com\/tunisie\/#\/schema\/logo\/image\/","url":"https:\/\/kapitalis.com\/tunisie\/wp-content\/uploads\/2022\/05\/Kapitalis-big-size.png","contentUrl":"https:\/\/kapitalis.com\/tunisie\/wp-content\/uploads\/2022\/05\/Kapitalis-big-size.png","width":5000,"height":1500,"caption":"Kapitalis"},"image":{"@id":"https:\/\/kapitalis.com\/tunisie\/#\/schema\/logo\/image\/"},"sameAs":["https:\/\/www.facebook.com\/KapitalisInfo\/","https:\/\/x.com\/KapitalisInfo","https:\/\/www.youtube.com\/channel\/UC-yDYrHyfFBWWZaOw3FPg9Q"]},{"@type":"Person","@id":"https:\/\/kapitalis.com\/tunisie\/#\/schema\/person\/d71f33a9ca44f7bad4698210b480c8e9","name":"webmaster kapitalis","url":"https:\/\/kapitalis.com\/tunisie\/author\/webmaster-kapitalis\/"}]}},"_links":{"self":[{"href":"https:\/\/kapitalis.com\/tunisie\/wp-json\/wp\/v2\/posts\/19571454","targetHints":{"allow":["GET"]}}],"collection":[{"href":"https:\/\/kapitalis.com\/tunisie\/wp-json\/wp\/v2\/posts"}],"about":[{"href":"https:\/\/kapitalis.com\/tunisie\/wp-json\/wp\/v2\/types\/post"}],"author":[{"embeddable":true,"href":"https:\/\/kapitalis.com\/tunisie\/wp-json\/wp\/v2\/users\/8"}],"replies":[{"embeddable":true,"href":"https:\/\/kapitalis.com\/tunisie\/wp-json\/wp\/v2\/comments?post=19571454"}],"version-history":[{"count":1,"href":"https:\/\/kapitalis.com\/tunisie\/wp-json\/wp\/v2\/posts\/19571454\/revisions"}],"predecessor-version":[{"id":19571501,"href":"https:\/\/kapitalis.com\/tunisie\/wp-json\/wp\/v2\/posts\/19571454\/revisions\/19571501"}],"wp:featuredmedia":[{"embeddable":true,"href":"https:\/\/kapitalis.com\/tunisie\/wp-json\/wp\/v2\/media\/19571491"}],"wp:attachment":[{"href":"https:\/\/kapitalis.com\/tunisie\/wp-json\/wp\/v2\/media?parent=19571454"}],"wp:term":[{"taxonomy":"category","embeddable":true,"href":"https:\/\/kapitalis.com\/tunisie\/wp-json\/wp\/v2\/categories?post=19571454"},{"taxonomy":"post_tag","embeddable":true,"href":"https:\/\/kapitalis.com\/tunisie\/wp-json\/wp\/v2\/tags?post=19571454"}],"curies":[{"name":"wp","href":"https:\/\/api.w.org\/{rel}","templated":true}]}}