{"id":19571553,"date":"2026-09-04T12:46:38","date_gmt":"2026-09-04T11:46:38","guid":{"rendered":"https:\/\/kapitalis.com\/tunisie\/?p=19571553"},"modified":"2026-09-04T12:53:48","modified_gmt":"2026-09-04T11:53:48","slug":"pourquoi-les-relations-se-sont-elles-deteriorees-entre-londres-et-tel-aviv","status":"publish","type":"post","link":"https:\/\/kapitalis.com\/tunisie\/2026\/09\/04\/pourquoi-les-relations-se-sont-elles-deteriorees-entre-londres-et-tel-aviv\/","title":{"rendered":"Pourquoi les relations se sont-elles d\u00e9t\u00e9rior\u00e9es entre Londres et Tel Aviv ?"},"content":{"rendered":"\n<p class=\"wp-block-paragraph\"><strong><em>La Grande-Bretagne est sans aucun doute le g\u00e9niteur d\u2019Isra\u00ebl. Sans la sinistrement c\u00e9l\u00e8bre D\u00e9claration Balfour qui a permis au mouvement sioniste de prendre pied en Palestine durant le mandat britannique, la cr\u00e9ation de l\u2019\u00c9tat d\u2019Isra\u00ebl n\u2019aurait pas \u00e9t\u00e9 possible en 1948. Pendant des d\u00e9cennies, il y a eu des hauts et des bas mais Londres est toujours rest\u00e9 un des principaux alli\u00e9s d\u2019Isra\u00ebl. Aujourd\u2019hui avec le g\u00e9nocide \u00e0 Gaza et la folie des colons en Cisjordanie, les relations se sont d\u00e9t\u00e9rior\u00e9es. De plus, la reconnaissance par le gouvernement travailliste de la Palestine en tant qu\u2019\u00c9tat a fortement agac\u00e9 Benjamin Netanyahu. Ce dernier ne manque plus une occasion pour attaquer la Grande-Bretagne.<\/em><\/strong><\/p>\n\n\n\n<p class=\"wp-block-paragraph\"><strong>Imed Bahri<\/strong><\/p>\n\n\n\n<!--more-->\n\n\n\n<p class=\"wp-block-paragraph\">Quelles sont les raisons de la d\u00e9t\u00e9rioration des relations anglo-isra\u00e9liennes, qui ont atteint leur point le plus bas depuis des d\u00e9cennies\u00a0?, se sont interrog\u00e9s Neri Zilber et Jim Pickard dans le <a href=\"https:\/\/www.ft.com\/content\/b0ea5b66-73f4-4e82-bacc-855072c0bffa?syn-25a6b1a6=1\" target=\"_blank\" rel=\"noreferrer noopener\">Financial Times<\/a>. Le gouvernement du Premier ministre Andy Burnham pourrait m\u00eame annoncer des sanctions en r\u00e9ponse \u00e0 l\u2019expansion ill\u00e9gale des colonies en Cisjordanie.<\/p>\n\n\n\n<h2 class=\"wp-block-heading\">Netanyahu qualifie la Grande-Bretagne de \u00abr\u00e9publique islamique\u00bb<\/h2>\n\n\n\n<p class=\"wp-block-paragraph\">De plus, les propos de Netanyahu tenus dans un podcast de l\u2019arm\u00e9e isra\u00e9lienne le mois dernier o\u00f9 il est all\u00e9 jusqu\u2019\u00e0 qualifier la Grande-Bretagne de <em>\u00abpremi\u00e8re r\u00e9publique islamique dot\u00e9e de l\u2019arme nucl\u00e9aire\u00bb<\/em>, ont fortement d\u00e9plu aux Britanniques. Downing Street a condamn\u00e9 ces propos, les qualifiant d\u2019<em>\u00abinacceptables\u00bb<\/em> et a d\u00e9clar\u00e9 que le gouvernement avait officiellement soulev\u00e9 la question aupr\u00e8s d\u2019Isra\u00ebl.<\/p>\n\n\n\n<p class=\"wp-block-paragraph\">Les provocations ne se sont pas arr\u00eat\u00e9es l\u00e0. Le fils de Netanyahu, Ya\u00efr, a d\u00e9clar\u00e9 que les \u00eeles Malouines appartiennent \u00e0 l\u2019Argentine.<\/p>\n\n\n\n<p class=\"wp-block-paragraph\">Ses propos t\u00e9moignent d\u2019une d\u00e9gradation des relations bilat\u00e9rales, cons\u00e9quence de la guerre d\u00e9vastatrice men\u00e9e par Isra\u00ebl contre Gaza et exacerb\u00e9e par les violences des colons et les projets du gouvernement d\u2019\u00e9tendre la construction de colonies ill\u00e9gales en Cisjordanie. Les analystes pr\u00e9viennent que les relations entre les deux alli\u00e9s n\u2019ont jamais \u00e9t\u00e9 aussi mauvaises et devraient encore se d\u00e9t\u00e9riorer. Un ancien responsable isra\u00e9lien, fin connaisseur des relations anglo-isra\u00e9liennes, a d\u00e9clar\u00e9 : <em>\u00abLa situation pourrait s\u2019aggraver et personne ne pourra enrayer la d\u00e9gradation\u00bb<\/em>. Le journal britannique ajoute qu\u2019aucun dialogue n\u2019a eu lieu entre les deux gouvernements depuis plus d\u2019un an.<\/p>\n\n\n\n<p class=\"wp-block-paragraph\">Netanyahu est confront\u00e9 \u00e0 des \u00e9lections en octobre, tandis que Burnham tente de reconqu\u00e9rir les \u00e9lecteurs propalestiniens qui ont quitt\u00e9 le Parti travailliste pour le Parti vert. De ce fait, ni Netanyahu ni Burnham n\u2019ont int\u00e9r\u00eat \u00e0 faire des compromis.<\/p>\n\n\n\n<p class=\"wp-block-paragraph\">Le <em>FT<\/em> indique que cette situation menace de compromettre les progr\u00e8s r\u00e9alis\u00e9s ces derni\u00e8res ann\u00e9es en mati\u00e8re de renforcement des liens de renseignement et de d\u00e9fense, ainsi que le commerce bilat\u00e9ral, qui atteint d\u00e9sormais 6,2 milliards de livres sterling par an.<\/p>\n\n\n\n<p class=\"wp-block-paragraph\">Malgr\u00e9 la d\u00e9t\u00e9rioration actuelle, les fluctuations des relations entre la Grande-Bretagne et Isra\u00ebl ne sont pas un ph\u00e9nom\u00e8ne nouveau. En t\u00e9moignent la D\u00e9claration Balfour de 1917, qui approuvait l\u2019\u00e9tablissement d\u2019un foyer national juif en Palestine et les violences perp\u00e9tr\u00e9es par la suite par des mouvements juifs extr\u00e9mistes contre le mandat britannique dans les ann\u00e9es 1940.<\/p>\n\n\n\n<p class=\"wp-block-paragraph\">Apr\u00e8s la participation de la Grande-Bretagne, aux c\u00f4t\u00e9s de la France et d\u2019Isra\u00ebl, \u00e0 l\u2019agression tripartite de 1956 contre l\u2019\u00c9gypte, les d\u00e9saccords entre les deux alli\u00e9s ont ressurgi au sujet du Liban et de la Cisjordanie.<\/p>\n\n\n\n<p class=\"wp-block-paragraph\">En 1982, la Premi\u00e8re ministre Margaret Thatcher a impos\u00e9 un embargo de facto sur les armes \u00e0 Isra\u00ebl en r\u00e9ponse \u00e0 son invasion du Liban. L\u2019ancienne Premi\u00e8re ministre britannique aurait d\u00e9clar\u00e9 : <em>\u00abJe n\u2019ai jamais eu affaire \u00e0 un homme aussi dur\u00bb<\/em>, en parlant du Premier ministre isra\u00e9lien de l\u2019\u00e9poque, Menahem Begin.<\/p>\n\n\n\n<p class=\"wp-block-paragraph\">Sir Malcolm Rifkind, ancien ministre des Affaires \u00e9trang\u00e8res conservateur, a d\u00e9clar\u00e9 : <em>\u00abGlobalement, les relations anglo-isra\u00e9liennes ont toujours \u00e9t\u00e9 \u00e9troites et constructives mais la Grande-Bretagne a parfois exprim\u00e9 sa frustration face au gouvernement isra\u00e9lien et \u00e0 sa politique, notamment en Cisjordanie. Cependant, lorsqu\u2019Isra\u00ebl est attaqu\u00e9 par le Hamas ou le Hezbollah, le gouvernement britannique le soutient toujours\u00bb<\/em>.<\/p>\n\n\n\n<p class=\"wp-block-paragraph\">La Grande-Bretagne a invoqu\u00e9 le droit d\u2019Isra\u00ebl \u00e0 la l\u00e9gitime d\u00e9fense suite \u00e0 l\u2019op\u00e9ration D\u00e9luge d\u2019Al Aqsa le 7 octobre 2023 mais face \u00e0 l\u2019escalade de la riposte isra\u00e9lienne \u00e0 Gaza, qui a d\u00e9vast\u00e9 le territoire, fait des dizaines de milliers de morts et engendr\u00e9 une catastrophe humanitaire, Londres a critiqu\u00e9 de plus en plus l\u2019attitude isra\u00e9lienne dans ce conflit.<\/p>\n\n\n\n<p class=\"wp-block-paragraph\">Des responsables britanniques, actuels et anciens, soulignent \u00e9galement le r\u00f4le jou\u00e9 par les forces britanniques pour prot\u00e9ger Isra\u00ebl des tirs r\u00e9p\u00e9t\u00e9s de roquettes et de drones iraniens en 2024.<\/p>\n\n\n\n<figure class=\"wp-block-embed alignleft is-type-wp-embed is-provider-kapitalis wp-block-embed-kapitalis\"><div class=\"wp-block-embed__wrapper\">\n<blockquote class=\"wp-embedded-content\" data-secret=\"fjp7JoaB4k\"><a href=\"https:\/\/kapitalis.com\/tunisie\/2025\/04\/16\/la-grande-bretagne-reconnaitra-t-elle-la-palestine-en-tant-quetat\/\">La Grande-Bretagne reconna\u00eetra-t-elle la Palestine en tant qu\u2019\u00c9tat?<\/a><\/blockquote><iframe loading=\"lazy\" class=\"wp-embedded-content\" sandbox=\"allow-scripts\" security=\"restricted\" style=\"position: absolute; visibility: hidden;\" title=\"\u00ab\u00a0La Grande-Bretagne reconna\u00eetra-t-elle la Palestine en tant qu\u2019\u00c9tat?\u00a0\u00bb \u2014 Kapitalis\" src=\"https:\/\/kapitalis.com\/tunisie\/2025\/04\/16\/la-grande-bretagne-reconnaitra-t-elle-la-palestine-en-tant-quetat\/embed\/#?secret=h3vKSfH8gr#?secret=fjp7JoaB4k\" data-secret=\"fjp7JoaB4k\" width=\"600\" height=\"338\" frameborder=\"0\" marginwidth=\"0\" marginheight=\"0\" scrolling=\"no\"><\/iframe>\n<\/div><\/figure>\n\n\n\n<h2 class=\"wp-block-heading\">La reconnaissance d\u2019un \u00c9tat palestinien par Londres f\u00e2che Tel Aviv <\/h2>\n\n\n\n<p class=\"wp-block-paragraph\">Cependant, le pr\u00e9d\u00e9cesseur de Burnham, Keir Starmer, a essuy\u00e9 des critiques concernant la politique de son gouvernement \u00e0 l\u2019\u00e9gard de Gaza, en particulier de la part de l\u2019aile gauche de son parti.<\/p>\n\n\n\n<p class=\"wp-block-paragraph\">Finalement, l\u2019ancien Premier ministre a fait volte-face, suspendant certaines licences d\u2019exportation d\u2019armes vers Isra\u00ebl, interrompant les n\u00e9gociations sur un nouvel accord de libre-\u00e9change, imposant des sanctions \u00e0 des ministres isra\u00e9liens et reconnaissant un \u00c9tat palestinien.<\/p>\n\n\n\n<p class=\"wp-block-paragraph\">Le nouveau ministre britannique des Affaires \u00e9trang\u00e8res, Ed Miliband, d\u00e9put\u00e9 juif, a critiqu\u00e9 le gouvernement de Netanyahu et le projet E1, qui pr\u00e9voit la construction d\u2019environ 3 000 logements dans une zone traversant la Cisjordanie.<\/p>\n\n\n\n<p class=\"wp-block-paragraph\">Mardi, M. Miliband a d\u00e9clar\u00e9 \u00e0 la Chambre des communes : <em>\u00abLa Grande-Bretagne n\u2019acceptera pas que la solution \u00e0 deux \u00c9tats soit compromise et nous agirons. J\u2019annoncerai un ensemble complet de mesures dans les semaines \u00e0 venir\u00bb<\/em>.<\/p>\n\n\n\n<p class=\"wp-block-paragraph\">Isra\u00ebl envisage d\u2019expulser des responsables britanniques, dont un amiral, du centre de coordination dirig\u00e9 par les \u00c9tats-Unis pour la bande de Gaza, suite \u00e0 la guerre, en r\u00e9ponse \u00e0 d\u2019\u00e9ventuelles nouvelles sanctions que pourrait annoncer le Premier ministre Burnham. Signe de la d\u00e9t\u00e9rioration des relations avec la plupart des pays europ\u00e9ens, Isra\u00ebl a expuls\u00e9 les repr\u00e9sentants de l\u2019Espagne et des Pays-Bas cette ann\u00e9e et pourrait \u00e9galement cibler les repr\u00e9sentants allemand et italien, selon que leurs capitales adoptent ou non une position aussi intransigeante que celle de Londres.<\/p>\n\n\n\n<p class=\"wp-block-paragraph\">Interrog\u00e9 la semaine derni\u00e8re sur la possibilit\u00e9 d\u2019exclure le Royaume-Uni et d\u2019autres pays du centre de coordination de Gaza, un responsable isra\u00e9lien a d\u00e9clar\u00e9 sans ambages : <em>\u00abIsra\u00ebl entretient de bonnes relations avec l\u2019Allemagne et l\u2019Italie\u00bb<\/em>, sans mentionner le Royaume-Uni. Il revient d\u00e9sormais \u00e0 Burnham de d\u00e9cider s\u2019il convient d\u2019imposer des sanctions.<\/p>\n\n\n\n<p class=\"wp-block-paragraph\">Le <em>FT<\/em> rapporte qu\u2019un embargo commercial sur les colonies est populaire aupr\u00e8s de l\u2019opinion publique britannique : 50% y sont favorables et seulement 16% s\u2019y opposent, tandis que le reste est ind\u00e9cis, selon un sondage YouGov.<\/p>\n\n\n\n<p class=\"wp-block-paragraph\">Cependant, imposer des sanctions g\u00e9n\u00e9rales risque d\u2019entra\u00eener un boycott de facto du commerce avec Isra\u00ebl et pourrait \u00e9galement constituer une violation des lois am\u00e9ricaines interdisant le boycott d\u2019Isra\u00ebl, selon plusieurs sources proches du dossier.<\/p>\n\n\n\n<p class=\"wp-block-paragraph\">De telles mesures pourraient profiter \u00e0 Netanyahu avant les \u00e9lections du 27 octobre, pour lesquelles les sondages indiquent une probable d\u00e9faite, lui permettant ainsi d\u2019attiser davantage les tensions parmi les \u00e9lecteurs isra\u00e9liens.<\/p>\n\n\n\n<p class=\"wp-block-paragraph\">Le ministre isra\u00e9lien des Affaires \u00e9trang\u00e8res, Gideon Sa\u2019ar, a d\u00e9clar\u00e9 mardi dans une interview que les sanctions britanniques constitueraient une <em>\u00abing\u00e9rence dans la campagne \u00e9lectorale isra\u00e9lienne et pourraient se retourner contre eux\u00bb<\/em>, promettant une riposte isra\u00e9lienne similaire \u00e0 toute action britannique.<\/p>\n\n\n\n<p class=\"wp-block-paragraph\">Un ancien responsable isra\u00e9lien a ajout\u00e9 que d\u2019autres gouvernements, notamment en Europe, sont exasp\u00e9r\u00e9s par Netanyahu et attendent tous l\u2019issue des \u00e9lections.<\/p>\n\n\n\n<p class=\"wp-block-paragraph\">Toute sanction pourrait prendre des mois \u00e0 se frayer un chemin \u00e0 travers la bureaucratie britannique, retardant potentiellement sa mise en \u0153uvre jusqu\u2019apr\u00e8s les \u00e9lections isra\u00e9liennes. Cependant, les analystes et les experts des relations anglo-isra\u00e9liennes ont averti que la crise est bien r\u00e9elle et pourrait prendre du temps \u00e0 se r\u00e9soudre, quel que soit le prochain gouvernement isra\u00e9lien.<\/p>\n\n\n\n<p class=\"wp-block-paragraph\">Un connaisseur des relations bilat\u00e9rales a d\u00e9clar\u00e9 : <em>\u00abLes relations entre les deux alli\u00e9s semblent avoir touch\u00e9 le fond\u00bb<\/em>. Il a ajout\u00e9 que r\u00e9tablir ces relations exigerait un long cheminement de part et d\u2019autre.<\/p>\n\n\n\n<p class=\"wp-block-paragraph\">Lors de sa campagne pour la direction du Parti travailliste en 2015, Burnham avait promis que son premier voyage \u00e0 l\u2019\u00e9tranger en tant que chef du parti serait en Isra\u00ebl. \u00c0 l\u2019\u00e9poque, Burnham avait perdu face \u00e0 Jeremy Corbyn. Cet \u00e9chec en 2015 l\u2019avait conduit \u00e0 quitter la politique nationale pour se tourner vers la politique locale, devenant plus tard maire du Grand Manchester avant de revenir au premier plan national.<\/p>\n\n\n\n<p class=\"wp-block-paragraph\">Cette ann\u00e9e, en prenant la t\u00eate du parti travailliste et en devenant Premier ministre, il a adopt\u00e9 une position tr\u00e8s diff\u00e9rente, pr\u00e9sentant ses excuses pour le manque de critiques du Parti travailliste concernant l\u2019offensive isra\u00e9lienne \u00e0 Gaza mais aussi n\u2019annon\u00e7ant aucune visite officielle en Isra\u00ebl et n\u2019envisageant pas d\u2019en faire une dans un avenir proche.<\/p>\n\n\n\n<figure class=\"wp-block-embed alignleft is-type-wp-embed is-provider-kapitalis wp-block-embed-kapitalis\"><div class=\"wp-block-embed__wrapper\">\n<blockquote class=\"wp-embedded-content\" data-secret=\"ehIzA8gmf9\"><a href=\"https:\/\/kapitalis.com\/tunisie\/2025\/10\/07\/la-grande-bretagne-veut-retablir-son-influence-au-moyen-orient\/\">La Grande-Bretagne veut r\u00e9tablir son influence au Moyen-Orient<\/a><\/blockquote><iframe loading=\"lazy\" class=\"wp-embedded-content\" sandbox=\"allow-scripts\" security=\"restricted\" style=\"position: absolute; visibility: hidden;\" title=\"\u00ab\u00a0La Grande-Bretagne veut r\u00e9tablir son influence au Moyen-Orient\u00a0\u00bb \u2014 Kapitalis\" src=\"https:\/\/kapitalis.com\/tunisie\/2025\/10\/07\/la-grande-bretagne-veut-retablir-son-influence-au-moyen-orient\/embed\/#?secret=CZV9SDdnXH#?secret=ehIzA8gmf9\" data-secret=\"ehIzA8gmf9\" width=\"600\" height=\"338\" frameborder=\"0\" marginwidth=\"0\" marginheight=\"0\" scrolling=\"no\"><\/iframe>\n<\/div><\/figure>\n","protected":false},"excerpt":{"rendered":"<p>Pourquoi le Premier ministre isra\u00e9lien Benjamin Netanyahu ne manque-t-il  plus aucune occasion pour attaquer la Grande-Bretagne ? <\/p>\n","protected":false},"author":8,"featured_media":19571709,"comment_status":"open","ping_status":"open","sticky":false,"template":"","format":"standard","meta":{"footnotes":""},"categories":[992,997,2433],"tags":[129463,78944,4027,129974,2444,111719,92534,2478,4026,7121],"class_list":["post-19571553","post","type-post","status-publish","format-standard","has-post-thumbnail","hentry","category-a-la-une","category-politique","category-tunisie","tag-andy-burnham","tag-benjamin-netanyahu","tag-cisjordanie","tag-declaration-de-balfour","tag-gaza","tag-genocide","tag-grande-bretagne-2","tag-israel","tag-palestine","tag-sionisme"],"yoast_head":"<!-- This site is optimized with the Yoast SEO plugin v26.6 - https:\/\/yoast.com\/wordpress\/plugins\/seo\/ -->\n<title>Pourquoi les relations se sont-elles d\u00e9t\u00e9rior\u00e9es entre Londres et Tel Aviv ? - Kapitalis<\/title>\n<meta name=\"description\" content=\"Pourquoi le Premier ministre isra\u00e9lien Benjamin Netanyahu ne manque-t-il plus aucune occasion pour attaquer la Grande-Bretagne ?\" \/>\n<meta name=\"robots\" content=\"index, follow, max-snippet:-1, max-image-preview:large, max-video-preview:-1\" \/>\n<link rel=\"canonical\" href=\"https:\/\/kapitalis.com\/tunisie\/2026\/09\/04\/pourquoi-les-relations-se-sont-elles-deteriorees-entre-londres-et-tel-aviv\/\" \/>\n<meta property=\"og:locale\" content=\"fr_FR\" \/>\n<meta property=\"og:type\" content=\"article\" \/>\n<meta property=\"og:title\" content=\"Pourquoi les relations se sont-elles d\u00e9t\u00e9rior\u00e9es entre Londres et Tel Aviv ? - Kapitalis\" \/>\n<meta property=\"og:description\" content=\"Pourquoi le Premier ministre isra\u00e9lien Benjamin Netanyahu ne manque-t-il plus aucune occasion pour attaquer la Grande-Bretagne ?\" \/>\n<meta property=\"og:url\" content=\"https:\/\/kapitalis.com\/tunisie\/2026\/09\/04\/pourquoi-les-relations-se-sont-elles-deteriorees-entre-londres-et-tel-aviv\/\" \/>\n<meta property=\"og:site_name\" content=\"Kapitalis\" \/>\n<meta property=\"article:publisher\" content=\"https:\/\/www.facebook.com\/KapitalisInfo\/\" \/>\n<meta property=\"article:published_time\" content=\"2026-09-04T11:46:38+00:00\" \/>\n<meta property=\"article:modified_time\" content=\"2026-09-04T11:53:48+00:00\" \/>\n<meta property=\"og:image\" content=\"https:\/\/kapitalis.com\/tunisie\/wp-content\/uploads\/2026\/09\/Israel-GRande-Bretagne.jpg\" \/>\n\t<meta property=\"og:image:width\" content=\"1200\" \/>\n\t<meta property=\"og:image:height\" content=\"630\" \/>\n\t<meta property=\"og:image:type\" content=\"image\/jpeg\" \/>\n<meta name=\"author\" content=\"webmaster kapitalis\" \/>\n<meta name=\"twitter:card\" content=\"summary_large_image\" \/>\n<meta name=\"twitter:creator\" content=\"@KapitalisInfo\" \/>\n<meta name=\"twitter:site\" content=\"@KapitalisInfo\" \/>\n<meta name=\"twitter:label1\" content=\"\u00c9crit par\" \/>\n\t<meta name=\"twitter:data1\" content=\"webmaster kapitalis\" \/>\n\t<meta name=\"twitter:label2\" content=\"Dur\u00e9e de lecture estim\u00e9e\" \/>\n\t<meta name=\"twitter:data2\" content=\"8 minutes\" \/>\n<script type=\"application\/ld+json\" class=\"yoast-schema-graph\">{\"@context\":\"https:\/\/schema.org\",\"@graph\":[{\"@type\":\"Article\",\"@id\":\"https:\/\/kapitalis.com\/tunisie\/2026\/09\/04\/pourquoi-les-relations-se-sont-elles-deteriorees-entre-londres-et-tel-aviv\/#article\",\"isPartOf\":{\"@id\":\"https:\/\/kapitalis.com\/tunisie\/2026\/09\/04\/pourquoi-les-relations-se-sont-elles-deteriorees-entre-londres-et-tel-aviv\/\"},\"author\":{\"name\":\"webmaster kapitalis\",\"@id\":\"https:\/\/kapitalis.com\/tunisie\/#\/schema\/person\/d71f33a9ca44f7bad4698210b480c8e9\"},\"headline\":\"Pourquoi les relations se sont-elles d\u00e9t\u00e9rior\u00e9es entre Londres et Tel Aviv ?\",\"datePublished\":\"2026-09-04T11:46:38+00:00\",\"dateModified\":\"2026-09-04T11:53:48+00:00\",\"mainEntityOfPage\":{\"@id\":\"https:\/\/kapitalis.com\/tunisie\/2026\/09\/04\/pourquoi-les-relations-se-sont-elles-deteriorees-entre-londres-et-tel-aviv\/\"},\"wordCount\":1606,\"commentCount\":0,\"publisher\":{\"@id\":\"https:\/\/kapitalis.com\/tunisie\/#organization\"},\"image\":{\"@id\":\"https:\/\/kapitalis.com\/tunisie\/2026\/09\/04\/pourquoi-les-relations-se-sont-elles-deteriorees-entre-londres-et-tel-aviv\/#primaryimage\"},\"thumbnailUrl\":\"https:\/\/kapitalis.com\/tunisie\/wp-content\/uploads\/2026\/09\/Israel-GRande-Bretagne.jpg\",\"keywords\":[\"Andy Burnham\",\"Benjamin Netanyahu\",\"Cisjordanie\",\"D\u00e9claration de Balfour\",\"Gaza\",\"g\u00e9nocide\",\"Grande-Bretagne\",\"Isra\u00ebl\",\"Palestine\",\"sionisme\"],\"articleSection\":[\"A LA UNE\",\"POLITIQUE\",\"Tunisie\"],\"inLanguage\":\"fr-FR\",\"potentialAction\":[{\"@type\":\"CommentAction\",\"name\":\"Comment\",\"target\":[\"https:\/\/kapitalis.com\/tunisie\/2026\/09\/04\/pourquoi-les-relations-se-sont-elles-deteriorees-entre-londres-et-tel-aviv\/#respond\"]}]},{\"@type\":\"WebPage\",\"@id\":\"https:\/\/kapitalis.com\/tunisie\/2026\/09\/04\/pourquoi-les-relations-se-sont-elles-deteriorees-entre-londres-et-tel-aviv\/\",\"url\":\"https:\/\/kapitalis.com\/tunisie\/2026\/09\/04\/pourquoi-les-relations-se-sont-elles-deteriorees-entre-londres-et-tel-aviv\/\",\"name\":\"Pourquoi les relations se sont-elles d\u00e9t\u00e9rior\u00e9es entre Londres et Tel Aviv ? - Kapitalis\",\"isPartOf\":{\"@id\":\"https:\/\/kapitalis.com\/tunisie\/#website\"},\"primaryImageOfPage\":{\"@id\":\"https:\/\/kapitalis.com\/tunisie\/2026\/09\/04\/pourquoi-les-relations-se-sont-elles-deteriorees-entre-londres-et-tel-aviv\/#primaryimage\"},\"image\":{\"@id\":\"https:\/\/kapitalis.com\/tunisie\/2026\/09\/04\/pourquoi-les-relations-se-sont-elles-deteriorees-entre-londres-et-tel-aviv\/#primaryimage\"},\"thumbnailUrl\":\"https:\/\/kapitalis.com\/tunisie\/wp-content\/uploads\/2026\/09\/Israel-GRande-Bretagne.jpg\",\"datePublished\":\"2026-09-04T11:46:38+00:00\",\"dateModified\":\"2026-09-04T11:53:48+00:00\",\"description\":\"Pourquoi le Premier ministre isra\u00e9lien Benjamin Netanyahu ne manque-t-il plus aucune occasion pour attaquer la Grande-Bretagne ?\",\"breadcrumb\":{\"@id\":\"https:\/\/kapitalis.com\/tunisie\/2026\/09\/04\/pourquoi-les-relations-se-sont-elles-deteriorees-entre-londres-et-tel-aviv\/#breadcrumb\"},\"inLanguage\":\"fr-FR\",\"potentialAction\":[{\"@type\":\"ReadAction\",\"target\":[\"https:\/\/kapitalis.com\/tunisie\/2026\/09\/04\/pourquoi-les-relations-se-sont-elles-deteriorees-entre-londres-et-tel-aviv\/\"]}]},{\"@type\":\"ImageObject\",\"inLanguage\":\"fr-FR\",\"@id\":\"https:\/\/kapitalis.com\/tunisie\/2026\/09\/04\/pourquoi-les-relations-se-sont-elles-deteriorees-entre-londres-et-tel-aviv\/#primaryimage\",\"url\":\"https:\/\/kapitalis.com\/tunisie\/wp-content\/uploads\/2026\/09\/Israel-GRande-Bretagne.jpg\",\"contentUrl\":\"https:\/\/kapitalis.com\/tunisie\/wp-content\/uploads\/2026\/09\/Israel-GRande-Bretagne.jpg\",\"width\":1200,\"height\":630},{\"@type\":\"BreadcrumbList\",\"@id\":\"https:\/\/kapitalis.com\/tunisie\/2026\/09\/04\/pourquoi-les-relations-se-sont-elles-deteriorees-entre-londres-et-tel-aviv\/#breadcrumb\",\"itemListElement\":[{\"@type\":\"ListItem\",\"position\":1,\"name\":\"Accueil\",\"item\":\"https:\/\/kapitalis.com\/tunisie\/\"},{\"@type\":\"ListItem\",\"position\":2,\"name\":\"Pourquoi les relations se sont-elles d\u00e9t\u00e9rior\u00e9es entre Londres et Tel Aviv ?\"}]},{\"@type\":\"WebSite\",\"@id\":\"https:\/\/kapitalis.com\/tunisie\/#website\",\"url\":\"https:\/\/kapitalis.com\/tunisie\/\",\"name\":\"Kapitalis\",\"description\":\"L&#039;actualit\u00e9 en Tunisie et dans le monde\",\"publisher\":{\"@id\":\"https:\/\/kapitalis.com\/tunisie\/#organization\"},\"potentialAction\":[{\"@type\":\"SearchAction\",\"target\":{\"@type\":\"EntryPoint\",\"urlTemplate\":\"https:\/\/kapitalis.com\/tunisie\/?s={search_term_string}\"},\"query-input\":{\"@type\":\"PropertyValueSpecification\",\"valueRequired\":true,\"valueName\":\"search_term_string\"}}],\"inLanguage\":\"fr-FR\"},{\"@type\":\"Organization\",\"@id\":\"https:\/\/kapitalis.com\/tunisie\/#organization\",\"name\":\"Kapitalis\",\"url\":\"https:\/\/kapitalis.com\/tunisie\/\",\"logo\":{\"@type\":\"ImageObject\",\"inLanguage\":\"fr-FR\",\"@id\":\"https:\/\/kapitalis.com\/tunisie\/#\/schema\/logo\/image\/\",\"url\":\"https:\/\/kapitalis.com\/tunisie\/wp-content\/uploads\/2022\/05\/Kapitalis-big-size.png\",\"contentUrl\":\"https:\/\/kapitalis.com\/tunisie\/wp-content\/uploads\/2022\/05\/Kapitalis-big-size.png\",\"width\":5000,\"height\":1500,\"caption\":\"Kapitalis\"},\"image\":{\"@id\":\"https:\/\/kapitalis.com\/tunisie\/#\/schema\/logo\/image\/\"},\"sameAs\":[\"https:\/\/www.facebook.com\/KapitalisInfo\/\",\"https:\/\/x.com\/KapitalisInfo\",\"https:\/\/www.youtube.com\/channel\/UC-yDYrHyfFBWWZaOw3FPg9Q\"]},{\"@type\":\"Person\",\"@id\":\"https:\/\/kapitalis.com\/tunisie\/#\/schema\/person\/d71f33a9ca44f7bad4698210b480c8e9\",\"name\":\"webmaster kapitalis\",\"url\":\"https:\/\/kapitalis.com\/tunisie\/author\/webmaster-kapitalis\/\"}]}<\/script>\n<!-- \/ Yoast SEO plugin. -->","yoast_head_json":{"title":"Pourquoi les relations se sont-elles d\u00e9t\u00e9rior\u00e9es entre Londres et Tel Aviv ? - Kapitalis","description":"Pourquoi le Premier ministre isra\u00e9lien Benjamin Netanyahu ne manque-t-il plus aucune occasion pour attaquer la Grande-Bretagne ?","robots":{"index":"index","follow":"follow","max-snippet":"max-snippet:-1","max-image-preview":"max-image-preview:large","max-video-preview":"max-video-preview:-1"},"canonical":"https:\/\/kapitalis.com\/tunisie\/2026\/09\/04\/pourquoi-les-relations-se-sont-elles-deteriorees-entre-londres-et-tel-aviv\/","og_locale":"fr_FR","og_type":"article","og_title":"Pourquoi les relations se sont-elles d\u00e9t\u00e9rior\u00e9es entre Londres et Tel Aviv ? - Kapitalis","og_description":"Pourquoi le Premier ministre isra\u00e9lien Benjamin Netanyahu ne manque-t-il plus aucune occasion pour attaquer la Grande-Bretagne ?","og_url":"https:\/\/kapitalis.com\/tunisie\/2026\/09\/04\/pourquoi-les-relations-se-sont-elles-deteriorees-entre-londres-et-tel-aviv\/","og_site_name":"Kapitalis","article_publisher":"https:\/\/www.facebook.com\/KapitalisInfo\/","article_published_time":"2026-09-04T11:46:38+00:00","article_modified_time":"2026-09-04T11:53:48+00:00","og_image":[{"width":1200,"height":630,"url":"https:\/\/kapitalis.com\/tunisie\/wp-content\/uploads\/2026\/09\/Israel-GRande-Bretagne.jpg","type":"image\/jpeg"}],"author":"webmaster kapitalis","twitter_card":"summary_large_image","twitter_creator":"@KapitalisInfo","twitter_site":"@KapitalisInfo","twitter_misc":{"\u00c9crit par":"webmaster kapitalis","Dur\u00e9e de lecture estim\u00e9e":"8 minutes"},"schema":{"@context":"https:\/\/schema.org","@graph":[{"@type":"Article","@id":"https:\/\/kapitalis.com\/tunisie\/2026\/09\/04\/pourquoi-les-relations-se-sont-elles-deteriorees-entre-londres-et-tel-aviv\/#article","isPartOf":{"@id":"https:\/\/kapitalis.com\/tunisie\/2026\/09\/04\/pourquoi-les-relations-se-sont-elles-deteriorees-entre-londres-et-tel-aviv\/"},"author":{"name":"webmaster kapitalis","@id":"https:\/\/kapitalis.com\/tunisie\/#\/schema\/person\/d71f33a9ca44f7bad4698210b480c8e9"},"headline":"Pourquoi les relations se sont-elles d\u00e9t\u00e9rior\u00e9es entre Londres et Tel Aviv ?","datePublished":"2026-09-04T11:46:38+00:00","dateModified":"2026-09-04T11:53:48+00:00","mainEntityOfPage":{"@id":"https:\/\/kapitalis.com\/tunisie\/2026\/09\/04\/pourquoi-les-relations-se-sont-elles-deteriorees-entre-londres-et-tel-aviv\/"},"wordCount":1606,"commentCount":0,"publisher":{"@id":"https:\/\/kapitalis.com\/tunisie\/#organization"},"image":{"@id":"https:\/\/kapitalis.com\/tunisie\/2026\/09\/04\/pourquoi-les-relations-se-sont-elles-deteriorees-entre-londres-et-tel-aviv\/#primaryimage"},"thumbnailUrl":"https:\/\/kapitalis.com\/tunisie\/wp-content\/uploads\/2026\/09\/Israel-GRande-Bretagne.jpg","keywords":["Andy Burnham","Benjamin Netanyahu","Cisjordanie","D\u00e9claration de Balfour","Gaza","g\u00e9nocide","Grande-Bretagne","Isra\u00ebl","Palestine","sionisme"],"articleSection":["A LA UNE","POLITIQUE","Tunisie"],"inLanguage":"fr-FR","potentialAction":[{"@type":"CommentAction","name":"Comment","target":["https:\/\/kapitalis.com\/tunisie\/2026\/09\/04\/pourquoi-les-relations-se-sont-elles-deteriorees-entre-londres-et-tel-aviv\/#respond"]}]},{"@type":"WebPage","@id":"https:\/\/kapitalis.com\/tunisie\/2026\/09\/04\/pourquoi-les-relations-se-sont-elles-deteriorees-entre-londres-et-tel-aviv\/","url":"https:\/\/kapitalis.com\/tunisie\/2026\/09\/04\/pourquoi-les-relations-se-sont-elles-deteriorees-entre-londres-et-tel-aviv\/","name":"Pourquoi les relations se sont-elles d\u00e9t\u00e9rior\u00e9es entre Londres et Tel Aviv ? - Kapitalis","isPartOf":{"@id":"https:\/\/kapitalis.com\/tunisie\/#website"},"primaryImageOfPage":{"@id":"https:\/\/kapitalis.com\/tunisie\/2026\/09\/04\/pourquoi-les-relations-se-sont-elles-deteriorees-entre-londres-et-tel-aviv\/#primaryimage"},"image":{"@id":"https:\/\/kapitalis.com\/tunisie\/2026\/09\/04\/pourquoi-les-relations-se-sont-elles-deteriorees-entre-londres-et-tel-aviv\/#primaryimage"},"thumbnailUrl":"https:\/\/kapitalis.com\/tunisie\/wp-content\/uploads\/2026\/09\/Israel-GRande-Bretagne.jpg","datePublished":"2026-09-04T11:46:38+00:00","dateModified":"2026-09-04T11:53:48+00:00","description":"Pourquoi le Premier ministre isra\u00e9lien Benjamin Netanyahu ne manque-t-il plus aucune occasion pour attaquer la Grande-Bretagne ?","breadcrumb":{"@id":"https:\/\/kapitalis.com\/tunisie\/2026\/09\/04\/pourquoi-les-relations-se-sont-elles-deteriorees-entre-londres-et-tel-aviv\/#breadcrumb"},"inLanguage":"fr-FR","potentialAction":[{"@type":"ReadAction","target":["https:\/\/kapitalis.com\/tunisie\/2026\/09\/04\/pourquoi-les-relations-se-sont-elles-deteriorees-entre-londres-et-tel-aviv\/"]}]},{"@type":"ImageObject","inLanguage":"fr-FR","@id":"https:\/\/kapitalis.com\/tunisie\/2026\/09\/04\/pourquoi-les-relations-se-sont-elles-deteriorees-entre-londres-et-tel-aviv\/#primaryimage","url":"https:\/\/kapitalis.com\/tunisie\/wp-content\/uploads\/2026\/09\/Israel-GRande-Bretagne.jpg","contentUrl":"https:\/\/kapitalis.com\/tunisie\/wp-content\/uploads\/2026\/09\/Israel-GRande-Bretagne.jpg","width":1200,"height":630},{"@type":"BreadcrumbList","@id":"https:\/\/kapitalis.com\/tunisie\/2026\/09\/04\/pourquoi-les-relations-se-sont-elles-deteriorees-entre-londres-et-tel-aviv\/#breadcrumb","itemListElement":[{"@type":"ListItem","position":1,"name":"Accueil","item":"https:\/\/kapitalis.com\/tunisie\/"},{"@type":"ListItem","position":2,"name":"Pourquoi les relations se sont-elles d\u00e9t\u00e9rior\u00e9es entre Londres et Tel Aviv ?"}]},{"@type":"WebSite","@id":"https:\/\/kapitalis.com\/tunisie\/#website","url":"https:\/\/kapitalis.com\/tunisie\/","name":"Kapitalis","description":"L&#039;actualit\u00e9 en Tunisie et dans le monde","publisher":{"@id":"https:\/\/kapitalis.com\/tunisie\/#organization"},"potentialAction":[{"@type":"SearchAction","target":{"@type":"EntryPoint","urlTemplate":"https:\/\/kapitalis.com\/tunisie\/?s={search_term_string}"},"query-input":{"@type":"PropertyValueSpecification","valueRequired":true,"valueName":"search_term_string"}}],"inLanguage":"fr-FR"},{"@type":"Organization","@id":"https:\/\/kapitalis.com\/tunisie\/#organization","name":"Kapitalis","url":"https:\/\/kapitalis.com\/tunisie\/","logo":{"@type":"ImageObject","inLanguage":"fr-FR","@id":"https:\/\/kapitalis.com\/tunisie\/#\/schema\/logo\/image\/","url":"https:\/\/kapitalis.com\/tunisie\/wp-content\/uploads\/2022\/05\/Kapitalis-big-size.png","contentUrl":"https:\/\/kapitalis.com\/tunisie\/wp-content\/uploads\/2022\/05\/Kapitalis-big-size.png","width":5000,"height":1500,"caption":"Kapitalis"},"image":{"@id":"https:\/\/kapitalis.com\/tunisie\/#\/schema\/logo\/image\/"},"sameAs":["https:\/\/www.facebook.com\/KapitalisInfo\/","https:\/\/x.com\/KapitalisInfo","https:\/\/www.youtube.com\/channel\/UC-yDYrHyfFBWWZaOw3FPg9Q"]},{"@type":"Person","@id":"https:\/\/kapitalis.com\/tunisie\/#\/schema\/person\/d71f33a9ca44f7bad4698210b480c8e9","name":"webmaster kapitalis","url":"https:\/\/kapitalis.com\/tunisie\/author\/webmaster-kapitalis\/"}]}},"_links":{"self":[{"href":"https:\/\/kapitalis.com\/tunisie\/wp-json\/wp\/v2\/posts\/19571553","targetHints":{"allow":["GET"]}}],"collection":[{"href":"https:\/\/kapitalis.com\/tunisie\/wp-json\/wp\/v2\/posts"}],"about":[{"href":"https:\/\/kapitalis.com\/tunisie\/wp-json\/wp\/v2\/types\/post"}],"author":[{"embeddable":true,"href":"https:\/\/kapitalis.com\/tunisie\/wp-json\/wp\/v2\/users\/8"}],"replies":[{"embeddable":true,"href":"https:\/\/kapitalis.com\/tunisie\/wp-json\/wp\/v2\/comments?post=19571553"}],"version-history":[{"count":1,"href":"https:\/\/kapitalis.com\/tunisie\/wp-json\/wp\/v2\/posts\/19571553\/revisions"}],"predecessor-version":[{"id":19571662,"href":"https:\/\/kapitalis.com\/tunisie\/wp-json\/wp\/v2\/posts\/19571553\/revisions\/19571662"}],"wp:featuredmedia":[{"embeddable":true,"href":"https:\/\/kapitalis.com\/tunisie\/wp-json\/wp\/v2\/media\/19571709"}],"wp:attachment":[{"href":"https:\/\/kapitalis.com\/tunisie\/wp-json\/wp\/v2\/media?parent=19571553"}],"wp:term":[{"taxonomy":"category","embeddable":true,"href":"https:\/\/kapitalis.com\/tunisie\/wp-json\/wp\/v2\/categories?post=19571553"},{"taxonomy":"post_tag","embeddable":true,"href":"https:\/\/kapitalis.com\/tunisie\/wp-json\/wp\/v2\/tags?post=19571553"}],"curies":[{"name":"wp","href":"https:\/\/api.w.org\/{rel}","templated":true}]}}