{"id":19574742,"date":"2026-09-05T07:36:39","date_gmt":"2026-09-05T06:36:39","guid":{"rendered":"https:\/\/kapitalis.com\/tunisie\/?p=19574742"},"modified":"2026-09-05T07:54:01","modified_gmt":"2026-09-05T06:54:01","slug":"tunisie-larrestation-du-journaliste-mohamed-yousfi-suscite-une-vague-dindignation","status":"publish","type":"post","link":"https:\/\/kapitalis.com\/tunisie\/2026\/09\/05\/tunisie-larrestation-du-journaliste-mohamed-yousfi-suscite-une-vague-dindignation\/","title":{"rendered":"Tunisie | L\u2019arrestation du journaliste Mohamed Yousfi suscite une vague d\u2019indignation"},"content":{"rendered":"\n<p class=\"wp-block-paragraph\"><strong><em>Mohamed Yousfi, r\u00e9dacteur en chef du m\u00e9dia d\u2019investigation<\/em><\/strong> <strong><em><a href=\"https:\/\/alqatiba.com\/\">Alqatiba<\/a><\/em><\/strong> <strong>(\u0627\u0644\u0643\u062a\u064a\u0628\u0629)<em>, est l\u2019un des meilleurs journalistes de sa g\u00e9n\u00e9ration.<\/em><\/strong> <strong><em>Il est r\u00e9put\u00e9 pour sa rigueur professionnelle et sa libert\u00e9 de ton. On comprend d\u00e8s lors que son arrestation et son placement en garde \u00e0 vue, le vendredi 4 septembre 2026, ait suscit\u00e9 une vague d\u2019indignation et des interrogations sur les motivations d\u2019une telle d\u00e9cision o\u00f9 beaucoup ont vu une volont\u00e9 du r\u00e9gime de faire taire une voix jug\u00e9e trop libre.<\/em><\/strong><\/p>\n\n\n\n<!--more-->\n\n\n\n<p class=\"wp-block-paragraph\">Mohamed Yousfi a \u00e9t\u00e9 interpell\u00e9 par la Brigade nationale d\u2019El Gorjani alors qu\u2019il s\u2019appr\u00eatait \u00e0 intervenir sur <em>Express FM<\/em> pour pr\u00e9senter une enqu\u00eate d\u2019<em>Alqatiba<\/em> sur les politiques hydrauliques en Tunisie.<\/p>\n\n\n\n<p class=\"wp-block-paragraph\"><em>Alqatiba <\/em>est un m\u00e9dia en ligne ind\u00e9pendant et un magazine d\u2019investigation tunisien sp\u00e9cialis\u00e9 dans le journalisme de donn\u00e9es et la presse d\u2019enqu\u00eate.<\/p>\n\n\n\n<p class=\"wp-block-paragraph\">Fond\u00e9 en 2019, le m\u00e9dia est g\u00e9r\u00e9 par l&rsquo;organisation non gouvernementale <em>Taqallam pour la libert\u00e9 d&rsquo;expression et de cr\u00e9ation<\/em> (\u062a\u0643\u0644\u0651\u0645 \u0645\u0646 \u0623\u062c\u0644 \u062d\u0631\u064a\u0629 \u0627\u0644\u062a\u0639\u0628\u064a\u0631 \u0648\u0627\u0644\u0625\u0628\u062f\u0627\u0639), bas\u00e9e \u00e0 Tunis.\u00a0Il se positionne comme une plateforme alternative ax\u00e9e sur la transparence, les droits de l\u2019homme, la gouvernance, le climat et la justice sociale et fiscale.<\/p>\n\n\n\n<p class=\"wp-block-paragraph\">Selon les premi\u00e8res informations, Mohamed Yousfi serait vis\u00e9 par une information judiciaire du P\u00f4le judiciaire \u00e9conomique et financier. Il serait soup\u00e7onn\u00e9 d\u2019entente pour nuire aux personnes et aux biens, d\u2019enrichissement illicite et de blanchiment d\u2019argent li\u00e9s \u00e0 des flux financiers associatifs de son m\u00e9dia d\u2019investigation. Mais la r\u00e9putation du journaliste, ses positions critiques \u00e0 l\u2019\u00e9gard du pouvoir entourent son arrestation d\u2019un soup\u00e7on de r\u00e8glement de compte politique dans un contexte o\u00f9, selon beaucoup d\u2019organisations nationales et internationales, les droits et les libert\u00e9s sont de plus en plus bafou\u00e9s et r\u00e9prim\u00e9s dans le pays.<\/p>\n\n\n\n<p class=\"wp-block-paragraph\">Rappelons, dans ce contexte, que plusieurs journalistes et chroniqueurs sont en prison depuis plusieurs ann\u00e9es, condamn\u00e9s dans des affaires similaires o\u00f9 la ligne de d\u00e9marcation entre la libert\u00e9 d&rsquo;expression et le blanchiment d&rsquo;argent est difficile \u00e0 \u00e9tablir, tels Mourad Zeghidi, Borhen Bsaies et Zied El Heni. D\u2019autres ont fait de la prison avant de retrouver une libert\u00e9 somme provisoire telles Chadha Hadj Mbarek et Sonia Dahmani. Khaoula Boukrim, quant \u00e0 elle, a eu le temps de s\u2019exiler en France. Elle a \u00e9t\u00e9 condamn\u00e9e par contumace \u00e0 quatre ans de prison ferme. <\/p>\n\n\n\n<p class=\"has-text-align-right wp-block-paragraph\"><strong>I. B.<\/strong><\/p>\n\n\n\n<figure class=\"wp-block-embed alignleft is-type-wp-embed is-provider-kapitalis wp-block-embed-kapitalis\"><div class=\"wp-block-embed__wrapper\">\n<blockquote class=\"wp-embedded-content\" data-secret=\"OOER9MqjUL\"><a href=\"https:\/\/kapitalis.com\/tunisie\/2026\/04\/30\/classement-de-la-liberte-de-la-presse-la-tunisie-recule-de-8-place\/\">Classement de la libert\u00e9 de la presse | La Tunisie recule de 8 places \u00a0<\/a><\/blockquote><iframe loading=\"lazy\" class=\"wp-embedded-content\" sandbox=\"allow-scripts\" security=\"restricted\" style=\"position: absolute; visibility: hidden;\" title=\"\u00ab\u00a0Classement de la libert\u00e9 de la presse | La Tunisie recule de 8 places \u00a0\u00a0\u00bb \u2014 Kapitalis\" src=\"https:\/\/kapitalis.com\/tunisie\/2026\/04\/30\/classement-de-la-liberte-de-la-presse-la-tunisie-recule-de-8-place\/embed\/#?secret=MF5E7qfn1G#?secret=OOER9MqjUL\" data-secret=\"OOER9MqjUL\" width=\"600\" height=\"338\" frameborder=\"0\" marginwidth=\"0\" marginheight=\"0\" scrolling=\"no\"><\/iframe>\n<\/div><\/figure>\n","protected":false},"excerpt":{"rendered":"<p>L&rsquo;arrestation et le placement en garde \u00e0 vue du journaliste Mohamed Yousfi suscite une vague d&rsquo;indignation en Tunisie.  <\/p>\n","protected":false},"author":8,"featured_media":19574754,"comment_status":"open","ping_status":"open","sticky":false,"template":"","format":"standard","meta":{"footnotes":""},"categories":[996,997,2433],"tags":[129977,126964,95658,129976,99952,77916,109455],"class_list":["post-19574742","post","type-post","status-publish","format-standard","has-post-thumbnail","hentry","category-media","category-politique","category-tunisie","tag-alqatiba","tag-borhen-bssaies","tag-khaoula-boukrim","tag-mohamed-yousfi","tag-mourad-zeghidi","tag-sonia-dahmani","tag-zied-el-heni-3"],"yoast_head":"<!-- This site is optimized with the Yoast SEO plugin v26.6 - https:\/\/yoast.com\/wordpress\/plugins\/seo\/ -->\n<title>Tunisie | L\u2019arrestation du journaliste Mohamed Yousfi suscite une vague d\u2019indignation - Kapitalis<\/title>\n<meta name=\"description\" content=\"L&#039;arrestation et le placement en garde \u00e0 vue du journaliste Mohamed Yousfi suscite une vague d&#039;indignation en Tunisie.\" \/>\n<meta name=\"robots\" content=\"index, follow, max-snippet:-1, max-image-preview:large, max-video-preview:-1\" \/>\n<link rel=\"canonical\" href=\"https:\/\/kapitalis.com\/tunisie\/2026\/09\/05\/tunisie-larrestation-du-journaliste-mohamed-yousfi-suscite-une-vague-dindignation\/\" \/>\n<meta property=\"og:locale\" content=\"fr_FR\" \/>\n<meta property=\"og:type\" content=\"article\" \/>\n<meta property=\"og:title\" content=\"Tunisie | L\u2019arrestation du journaliste Mohamed Yousfi suscite une vague d\u2019indignation - Kapitalis\" \/>\n<meta property=\"og:description\" content=\"L&#039;arrestation et le placement en garde \u00e0 vue du journaliste Mohamed Yousfi suscite une vague d&#039;indignation en Tunisie.\" \/>\n<meta property=\"og:url\" content=\"https:\/\/kapitalis.com\/tunisie\/2026\/09\/05\/tunisie-larrestation-du-journaliste-mohamed-yousfi-suscite-une-vague-dindignation\/\" \/>\n<meta property=\"og:site_name\" content=\"Kapitalis\" \/>\n<meta property=\"article:publisher\" content=\"https:\/\/www.facebook.com\/KapitalisInfo\/\" \/>\n<meta property=\"article:published_time\" content=\"2026-09-05T06:36:39+00:00\" \/>\n<meta property=\"article:modified_time\" content=\"2026-09-05T06:54:01+00:00\" \/>\n<meta property=\"og:image\" content=\"https:\/\/kapitalis.com\/tunisie\/wp-content\/uploads\/2026\/09\/Mohamed-Yousfi.jpg\" \/>\n\t<meta property=\"og:image:width\" content=\"1200\" \/>\n\t<meta property=\"og:image:height\" content=\"630\" \/>\n\t<meta property=\"og:image:type\" content=\"image\/jpeg\" \/>\n<meta name=\"author\" content=\"webmaster kapitalis\" \/>\n<meta name=\"twitter:card\" content=\"summary_large_image\" \/>\n<meta name=\"twitter:creator\" content=\"@KapitalisInfo\" \/>\n<meta name=\"twitter:site\" content=\"@KapitalisInfo\" \/>\n<meta name=\"twitter:label1\" content=\"\u00c9crit par\" \/>\n\t<meta name=\"twitter:data1\" content=\"webmaster kapitalis\" \/>\n\t<meta name=\"twitter:label2\" content=\"Dur\u00e9e de lecture estim\u00e9e\" \/>\n\t<meta name=\"twitter:data2\" content=\"3 minutes\" \/>\n<script type=\"application\/ld+json\" class=\"yoast-schema-graph\">{\"@context\":\"https:\/\/schema.org\",\"@graph\":[{\"@type\":\"Article\",\"@id\":\"https:\/\/kapitalis.com\/tunisie\/2026\/09\/05\/tunisie-larrestation-du-journaliste-mohamed-yousfi-suscite-une-vague-dindignation\/#article\",\"isPartOf\":{\"@id\":\"https:\/\/kapitalis.com\/tunisie\/2026\/09\/05\/tunisie-larrestation-du-journaliste-mohamed-yousfi-suscite-une-vague-dindignation\/\"},\"author\":{\"name\":\"webmaster kapitalis\",\"@id\":\"https:\/\/kapitalis.com\/tunisie\/#\/schema\/person\/d71f33a9ca44f7bad4698210b480c8e9\"},\"headline\":\"Tunisie | L\u2019arrestation du journaliste Mohamed Yousfi suscite une vague d\u2019indignation\",\"datePublished\":\"2026-09-05T06:36:39+00:00\",\"dateModified\":\"2026-09-05T06:54:01+00:00\",\"mainEntityOfPage\":{\"@id\":\"https:\/\/kapitalis.com\/tunisie\/2026\/09\/05\/tunisie-larrestation-du-journaliste-mohamed-yousfi-suscite-une-vague-dindignation\/\"},\"wordCount\":428,\"commentCount\":0,\"publisher\":{\"@id\":\"https:\/\/kapitalis.com\/tunisie\/#organization\"},\"image\":{\"@id\":\"https:\/\/kapitalis.com\/tunisie\/2026\/09\/05\/tunisie-larrestation-du-journaliste-mohamed-yousfi-suscite-une-vague-dindignation\/#primaryimage\"},\"thumbnailUrl\":\"https:\/\/kapitalis.com\/tunisie\/wp-content\/uploads\/2026\/09\/Mohamed-Yousfi.jpg\",\"keywords\":[\"Alqatiba\",\"Borhen Bssaies\",\"Khaoula Boukrim\",\"Mohamed Yousfi\",\"Mourad Zeghidi\",\"sonia dahmani\",\"Zied El Heni\"],\"articleSection\":[\"MEDIA\",\"POLITIQUE\",\"Tunisie\"],\"inLanguage\":\"fr-FR\",\"potentialAction\":[{\"@type\":\"CommentAction\",\"name\":\"Comment\",\"target\":[\"https:\/\/kapitalis.com\/tunisie\/2026\/09\/05\/tunisie-larrestation-du-journaliste-mohamed-yousfi-suscite-une-vague-dindignation\/#respond\"]}]},{\"@type\":\"WebPage\",\"@id\":\"https:\/\/kapitalis.com\/tunisie\/2026\/09\/05\/tunisie-larrestation-du-journaliste-mohamed-yousfi-suscite-une-vague-dindignation\/\",\"url\":\"https:\/\/kapitalis.com\/tunisie\/2026\/09\/05\/tunisie-larrestation-du-journaliste-mohamed-yousfi-suscite-une-vague-dindignation\/\",\"name\":\"Tunisie | L\u2019arrestation du journaliste Mohamed Yousfi suscite une vague d\u2019indignation - Kapitalis\",\"isPartOf\":{\"@id\":\"https:\/\/kapitalis.com\/tunisie\/#website\"},\"primaryImageOfPage\":{\"@id\":\"https:\/\/kapitalis.com\/tunisie\/2026\/09\/05\/tunisie-larrestation-du-journaliste-mohamed-yousfi-suscite-une-vague-dindignation\/#primaryimage\"},\"image\":{\"@id\":\"https:\/\/kapitalis.com\/tunisie\/2026\/09\/05\/tunisie-larrestation-du-journaliste-mohamed-yousfi-suscite-une-vague-dindignation\/#primaryimage\"},\"thumbnailUrl\":\"https:\/\/kapitalis.com\/tunisie\/wp-content\/uploads\/2026\/09\/Mohamed-Yousfi.jpg\",\"datePublished\":\"2026-09-05T06:36:39+00:00\",\"dateModified\":\"2026-09-05T06:54:01+00:00\",\"description\":\"L'arrestation et le placement en garde \u00e0 vue du journaliste Mohamed Yousfi suscite une vague d'indignation en Tunisie.\",\"breadcrumb\":{\"@id\":\"https:\/\/kapitalis.com\/tunisie\/2026\/09\/05\/tunisie-larrestation-du-journaliste-mohamed-yousfi-suscite-une-vague-dindignation\/#breadcrumb\"},\"inLanguage\":\"fr-FR\",\"potentialAction\":[{\"@type\":\"ReadAction\",\"target\":[\"https:\/\/kapitalis.com\/tunisie\/2026\/09\/05\/tunisie-larrestation-du-journaliste-mohamed-yousfi-suscite-une-vague-dindignation\/\"]}]},{\"@type\":\"ImageObject\",\"inLanguage\":\"fr-FR\",\"@id\":\"https:\/\/kapitalis.com\/tunisie\/2026\/09\/05\/tunisie-larrestation-du-journaliste-mohamed-yousfi-suscite-une-vague-dindignation\/#primaryimage\",\"url\":\"https:\/\/kapitalis.com\/tunisie\/wp-content\/uploads\/2026\/09\/Mohamed-Yousfi.jpg\",\"contentUrl\":\"https:\/\/kapitalis.com\/tunisie\/wp-content\/uploads\/2026\/09\/Mohamed-Yousfi.jpg\",\"width\":1200,\"height\":630},{\"@type\":\"BreadcrumbList\",\"@id\":\"https:\/\/kapitalis.com\/tunisie\/2026\/09\/05\/tunisie-larrestation-du-journaliste-mohamed-yousfi-suscite-une-vague-dindignation\/#breadcrumb\",\"itemListElement\":[{\"@type\":\"ListItem\",\"position\":1,\"name\":\"Accueil\",\"item\":\"https:\/\/kapitalis.com\/tunisie\/\"},{\"@type\":\"ListItem\",\"position\":2,\"name\":\"Tunisie | L\u2019arrestation du journaliste Mohamed Yousfi suscite une vague d\u2019indignation\"}]},{\"@type\":\"WebSite\",\"@id\":\"https:\/\/kapitalis.com\/tunisie\/#website\",\"url\":\"https:\/\/kapitalis.com\/tunisie\/\",\"name\":\"Kapitalis\",\"description\":\"L&#039;actualit\u00e9 en Tunisie et dans le monde\",\"publisher\":{\"@id\":\"https:\/\/kapitalis.com\/tunisie\/#organization\"},\"potentialAction\":[{\"@type\":\"SearchAction\",\"target\":{\"@type\":\"EntryPoint\",\"urlTemplate\":\"https:\/\/kapitalis.com\/tunisie\/?s={search_term_string}\"},\"query-input\":{\"@type\":\"PropertyValueSpecification\",\"valueRequired\":true,\"valueName\":\"search_term_string\"}}],\"inLanguage\":\"fr-FR\"},{\"@type\":\"Organization\",\"@id\":\"https:\/\/kapitalis.com\/tunisie\/#organization\",\"name\":\"Kapitalis\",\"url\":\"https:\/\/kapitalis.com\/tunisie\/\",\"logo\":{\"@type\":\"ImageObject\",\"inLanguage\":\"fr-FR\",\"@id\":\"https:\/\/kapitalis.com\/tunisie\/#\/schema\/logo\/image\/\",\"url\":\"https:\/\/kapitalis.com\/tunisie\/wp-content\/uploads\/2022\/05\/Kapitalis-big-size.png\",\"contentUrl\":\"https:\/\/kapitalis.com\/tunisie\/wp-content\/uploads\/2022\/05\/Kapitalis-big-size.png\",\"width\":5000,\"height\":1500,\"caption\":\"Kapitalis\"},\"image\":{\"@id\":\"https:\/\/kapitalis.com\/tunisie\/#\/schema\/logo\/image\/\"},\"sameAs\":[\"https:\/\/www.facebook.com\/KapitalisInfo\/\",\"https:\/\/x.com\/KapitalisInfo\",\"https:\/\/www.youtube.com\/channel\/UC-yDYrHyfFBWWZaOw3FPg9Q\"]},{\"@type\":\"Person\",\"@id\":\"https:\/\/kapitalis.com\/tunisie\/#\/schema\/person\/d71f33a9ca44f7bad4698210b480c8e9\",\"name\":\"webmaster kapitalis\",\"url\":\"https:\/\/kapitalis.com\/tunisie\/author\/webmaster-kapitalis\/\"}]}<\/script>\n<!-- \/ Yoast SEO plugin. -->","yoast_head_json":{"title":"Tunisie | L\u2019arrestation du journaliste Mohamed Yousfi suscite une vague d\u2019indignation - Kapitalis","description":"L'arrestation et le placement en garde \u00e0 vue du journaliste Mohamed Yousfi suscite une vague d'indignation en Tunisie.","robots":{"index":"index","follow":"follow","max-snippet":"max-snippet:-1","max-image-preview":"max-image-preview:large","max-video-preview":"max-video-preview:-1"},"canonical":"https:\/\/kapitalis.com\/tunisie\/2026\/09\/05\/tunisie-larrestation-du-journaliste-mohamed-yousfi-suscite-une-vague-dindignation\/","og_locale":"fr_FR","og_type":"article","og_title":"Tunisie | L\u2019arrestation du journaliste Mohamed Yousfi suscite une vague d\u2019indignation - Kapitalis","og_description":"L'arrestation et le placement en garde \u00e0 vue du journaliste Mohamed Yousfi suscite une vague d'indignation en Tunisie.","og_url":"https:\/\/kapitalis.com\/tunisie\/2026\/09\/05\/tunisie-larrestation-du-journaliste-mohamed-yousfi-suscite-une-vague-dindignation\/","og_site_name":"Kapitalis","article_publisher":"https:\/\/www.facebook.com\/KapitalisInfo\/","article_published_time":"2026-09-05T06:36:39+00:00","article_modified_time":"2026-09-05T06:54:01+00:00","og_image":[{"width":1200,"height":630,"url":"https:\/\/kapitalis.com\/tunisie\/wp-content\/uploads\/2026\/09\/Mohamed-Yousfi.jpg","type":"image\/jpeg"}],"author":"webmaster kapitalis","twitter_card":"summary_large_image","twitter_creator":"@KapitalisInfo","twitter_site":"@KapitalisInfo","twitter_misc":{"\u00c9crit par":"webmaster kapitalis","Dur\u00e9e de lecture estim\u00e9e":"3 minutes"},"schema":{"@context":"https:\/\/schema.org","@graph":[{"@type":"Article","@id":"https:\/\/kapitalis.com\/tunisie\/2026\/09\/05\/tunisie-larrestation-du-journaliste-mohamed-yousfi-suscite-une-vague-dindignation\/#article","isPartOf":{"@id":"https:\/\/kapitalis.com\/tunisie\/2026\/09\/05\/tunisie-larrestation-du-journaliste-mohamed-yousfi-suscite-une-vague-dindignation\/"},"author":{"name":"webmaster kapitalis","@id":"https:\/\/kapitalis.com\/tunisie\/#\/schema\/person\/d71f33a9ca44f7bad4698210b480c8e9"},"headline":"Tunisie | L\u2019arrestation du journaliste Mohamed Yousfi suscite une vague d\u2019indignation","datePublished":"2026-09-05T06:36:39+00:00","dateModified":"2026-09-05T06:54:01+00:00","mainEntityOfPage":{"@id":"https:\/\/kapitalis.com\/tunisie\/2026\/09\/05\/tunisie-larrestation-du-journaliste-mohamed-yousfi-suscite-une-vague-dindignation\/"},"wordCount":428,"commentCount":0,"publisher":{"@id":"https:\/\/kapitalis.com\/tunisie\/#organization"},"image":{"@id":"https:\/\/kapitalis.com\/tunisie\/2026\/09\/05\/tunisie-larrestation-du-journaliste-mohamed-yousfi-suscite-une-vague-dindignation\/#primaryimage"},"thumbnailUrl":"https:\/\/kapitalis.com\/tunisie\/wp-content\/uploads\/2026\/09\/Mohamed-Yousfi.jpg","keywords":["Alqatiba","Borhen Bssaies","Khaoula Boukrim","Mohamed Yousfi","Mourad Zeghidi","sonia dahmani","Zied El Heni"],"articleSection":["MEDIA","POLITIQUE","Tunisie"],"inLanguage":"fr-FR","potentialAction":[{"@type":"CommentAction","name":"Comment","target":["https:\/\/kapitalis.com\/tunisie\/2026\/09\/05\/tunisie-larrestation-du-journaliste-mohamed-yousfi-suscite-une-vague-dindignation\/#respond"]}]},{"@type":"WebPage","@id":"https:\/\/kapitalis.com\/tunisie\/2026\/09\/05\/tunisie-larrestation-du-journaliste-mohamed-yousfi-suscite-une-vague-dindignation\/","url":"https:\/\/kapitalis.com\/tunisie\/2026\/09\/05\/tunisie-larrestation-du-journaliste-mohamed-yousfi-suscite-une-vague-dindignation\/","name":"Tunisie | L\u2019arrestation du journaliste Mohamed Yousfi suscite une vague d\u2019indignation - Kapitalis","isPartOf":{"@id":"https:\/\/kapitalis.com\/tunisie\/#website"},"primaryImageOfPage":{"@id":"https:\/\/kapitalis.com\/tunisie\/2026\/09\/05\/tunisie-larrestation-du-journaliste-mohamed-yousfi-suscite-une-vague-dindignation\/#primaryimage"},"image":{"@id":"https:\/\/kapitalis.com\/tunisie\/2026\/09\/05\/tunisie-larrestation-du-journaliste-mohamed-yousfi-suscite-une-vague-dindignation\/#primaryimage"},"thumbnailUrl":"https:\/\/kapitalis.com\/tunisie\/wp-content\/uploads\/2026\/09\/Mohamed-Yousfi.jpg","datePublished":"2026-09-05T06:36:39+00:00","dateModified":"2026-09-05T06:54:01+00:00","description":"L'arrestation et le placement en garde \u00e0 vue du journaliste Mohamed Yousfi suscite une vague d'indignation en Tunisie.","breadcrumb":{"@id":"https:\/\/kapitalis.com\/tunisie\/2026\/09\/05\/tunisie-larrestation-du-journaliste-mohamed-yousfi-suscite-une-vague-dindignation\/#breadcrumb"},"inLanguage":"fr-FR","potentialAction":[{"@type":"ReadAction","target":["https:\/\/kapitalis.com\/tunisie\/2026\/09\/05\/tunisie-larrestation-du-journaliste-mohamed-yousfi-suscite-une-vague-dindignation\/"]}]},{"@type":"ImageObject","inLanguage":"fr-FR","@id":"https:\/\/kapitalis.com\/tunisie\/2026\/09\/05\/tunisie-larrestation-du-journaliste-mohamed-yousfi-suscite-une-vague-dindignation\/#primaryimage","url":"https:\/\/kapitalis.com\/tunisie\/wp-content\/uploads\/2026\/09\/Mohamed-Yousfi.jpg","contentUrl":"https:\/\/kapitalis.com\/tunisie\/wp-content\/uploads\/2026\/09\/Mohamed-Yousfi.jpg","width":1200,"height":630},{"@type":"BreadcrumbList","@id":"https:\/\/kapitalis.com\/tunisie\/2026\/09\/05\/tunisie-larrestation-du-journaliste-mohamed-yousfi-suscite-une-vague-dindignation\/#breadcrumb","itemListElement":[{"@type":"ListItem","position":1,"name":"Accueil","item":"https:\/\/kapitalis.com\/tunisie\/"},{"@type":"ListItem","position":2,"name":"Tunisie | L\u2019arrestation du journaliste Mohamed Yousfi suscite une vague d\u2019indignation"}]},{"@type":"WebSite","@id":"https:\/\/kapitalis.com\/tunisie\/#website","url":"https:\/\/kapitalis.com\/tunisie\/","name":"Kapitalis","description":"L&#039;actualit\u00e9 en Tunisie et dans le monde","publisher":{"@id":"https:\/\/kapitalis.com\/tunisie\/#organization"},"potentialAction":[{"@type":"SearchAction","target":{"@type":"EntryPoint","urlTemplate":"https:\/\/kapitalis.com\/tunisie\/?s={search_term_string}"},"query-input":{"@type":"PropertyValueSpecification","valueRequired":true,"valueName":"search_term_string"}}],"inLanguage":"fr-FR"},{"@type":"Organization","@id":"https:\/\/kapitalis.com\/tunisie\/#organization","name":"Kapitalis","url":"https:\/\/kapitalis.com\/tunisie\/","logo":{"@type":"ImageObject","inLanguage":"fr-FR","@id":"https:\/\/kapitalis.com\/tunisie\/#\/schema\/logo\/image\/","url":"https:\/\/kapitalis.com\/tunisie\/wp-content\/uploads\/2022\/05\/Kapitalis-big-size.png","contentUrl":"https:\/\/kapitalis.com\/tunisie\/wp-content\/uploads\/2022\/05\/Kapitalis-big-size.png","width":5000,"height":1500,"caption":"Kapitalis"},"image":{"@id":"https:\/\/kapitalis.com\/tunisie\/#\/schema\/logo\/image\/"},"sameAs":["https:\/\/www.facebook.com\/KapitalisInfo\/","https:\/\/x.com\/KapitalisInfo","https:\/\/www.youtube.com\/channel\/UC-yDYrHyfFBWWZaOw3FPg9Q"]},{"@type":"Person","@id":"https:\/\/kapitalis.com\/tunisie\/#\/schema\/person\/d71f33a9ca44f7bad4698210b480c8e9","name":"webmaster kapitalis","url":"https:\/\/kapitalis.com\/tunisie\/author\/webmaster-kapitalis\/"}]}},"_links":{"self":[{"href":"https:\/\/kapitalis.com\/tunisie\/wp-json\/wp\/v2\/posts\/19574742","targetHints":{"allow":["GET"]}}],"collection":[{"href":"https:\/\/kapitalis.com\/tunisie\/wp-json\/wp\/v2\/posts"}],"about":[{"href":"https:\/\/kapitalis.com\/tunisie\/wp-json\/wp\/v2\/types\/post"}],"author":[{"embeddable":true,"href":"https:\/\/kapitalis.com\/tunisie\/wp-json\/wp\/v2\/users\/8"}],"replies":[{"embeddable":true,"href":"https:\/\/kapitalis.com\/tunisie\/wp-json\/wp\/v2\/comments?post=19574742"}],"version-history":[{"count":4,"href":"https:\/\/kapitalis.com\/tunisie\/wp-json\/wp\/v2\/posts\/19574742\/revisions"}],"predecessor-version":[{"id":19574829,"href":"https:\/\/kapitalis.com\/tunisie\/wp-json\/wp\/v2\/posts\/19574742\/revisions\/19574829"}],"wp:featuredmedia":[{"embeddable":true,"href":"https:\/\/kapitalis.com\/tunisie\/wp-json\/wp\/v2\/media\/19574754"}],"wp:attachment":[{"href":"https:\/\/kapitalis.com\/tunisie\/wp-json\/wp\/v2\/media?parent=19574742"}],"wp:term":[{"taxonomy":"category","embeddable":true,"href":"https:\/\/kapitalis.com\/tunisie\/wp-json\/wp\/v2\/categories?post=19574742"},{"taxonomy":"post_tag","embeddable":true,"href":"https:\/\/kapitalis.com\/tunisie\/wp-json\/wp\/v2\/tags?post=19574742"}],"curies":[{"name":"wp","href":"https:\/\/api.w.org\/{rel}","templated":true}]}}