{"id":19575529,"date":"2026-09-05T10:44:31","date_gmt":"2026-09-05T09:44:31","guid":{"rendered":"https:\/\/kapitalis.com\/tunisie\/?p=19575529"},"modified":"2026-09-05T10:44:35","modified_gmt":"2026-09-05T09:44:35","slug":"leconomie-tunisienne-sous-pression","status":"publish","type":"post","link":"https:\/\/kapitalis.com\/tunisie\/2026\/09\/05\/leconomie-tunisienne-sous-pression\/","title":{"rendered":"L\u2019\u00e9conomie tunisienne sous pression"},"content":{"rendered":"\n<p class=\"wp-block-paragraph\"><strong><em>Ces derniers mois, les Tunisiens ont manifest\u00e9 pour d\u00e9noncer la d\u00e9gradation des conditions socio-\u00e9conomiques et du niveau de vie dans le pays. Pourtant, officiellement, les indicateurs de croissance \u00e9conomique sont \u00e0 la hausse. Que se passe-t-il donc ?<\/em><\/strong><\/p>\n\n\n\n<p class=\"wp-block-paragraph\"><strong>Sahar Mechmech *<\/strong><\/p>\n\n\n\n<!--more-->\n\n\n<div class=\"wp-block-image\">\n<figure class=\"alignleft size-full\"><img loading=\"lazy\" decoding=\"async\" width=\"200\" height=\"200\" src=\"https:\/\/kapitalis.com\/tunisie\/wp-content\/uploads\/2026\/09\/Sahar-Mechmech.jpg\" alt=\"\" class=\"wp-image-19575565\" srcset=\"https:\/\/kapitalis.com\/tunisie\/wp-content\/uploads\/2026\/09\/Sahar-Mechmech.jpg 200w, https:\/\/kapitalis.com\/tunisie\/wp-content\/uploads\/2026\/09\/Sahar-Mechmech-150x150.jpg 150w, https:\/\/kapitalis.com\/tunisie\/wp-content\/uploads\/2026\/09\/Sahar-Mechmech-120x120.jpg 120w\" sizes=\"auto, (max-width: 200px) 100vw, 200px\" \/><\/figure>\n<\/div>\n\n\n<p class=\"wp-block-paragraph\">Au cours des derni\u00e8res semaines, des manifestations ont \u00e9clat\u00e9 dans toute la Tunisie pour d\u00e9noncer des coupures massives d\u2019\u00e9lectricit\u00e9 et d\u2019eau impos\u00e9es par le gouvernement en pleine vague de chaleur, alors que les infrastructures du pays peinaient \u00e0 r\u00e9pondre \u00e0 la demande \u00e9nerg\u00e9tique. Ces coupures surviennent dans un climat social tendu, les Tunisiens manifestant d\u00e9j\u00e0 contre la hausse du co\u00fbt de la vie. Ainsi, le 16 mai, des centaines de Tunisiens sont descendus dans la rue pour d\u00e9noncer la r\u00e9pression ainsi que la d\u00e9t\u00e9rioration des conditions socio-\u00e9conomiques et du niveau de vie. Pourtant, fin avril encore, le pr\u00e9sident Kais Saied vantait le succ\u00e8s de la politique d\u2019autosuffisance de la Tunisie, affirmant qu\u2019elle avait permis de r\u00e9duire l\u2019inflation et de relancer la croissance. Il n\u2019a pas tort. Officiellement, la croissance s\u2019est quelque peu am\u00e9lior\u00e9e, l\u2019inflation a effectivement baiss\u00e9 et la situation de l\u2019emploi s\u2019est l\u00e9g\u00e8rement redress\u00e9e. Qu\u2019est-ce qui alimente alors la col\u00e8re de la population ?<\/p>\n\n\n\n<p class=\"wp-block-paragraph\">Un examen plus approfondi des perspectives et des r\u00e9alit\u00e9s \u00e9conomiques int\u00e9rieures de la Tunisie r\u00e9v\u00e8le une certaine fragilit\u00e9, de fortes tensions sociales et des divisions politiques internes, exacerb\u00e9es \u2014 en grande partie \u2014 par le fait que les indicateurs \u00e9conomiques ne se refl\u00e8tent pas dans le quotidien des Tunisiens. Cette situation est toutefois nuanc\u00e9e par le financement croissant des partenaires internationaux qui, tant\u00f4t all\u00e8ge les pressions, tant\u00f4t les aggrave.<\/p>\n\n\n\n<h2 class=\"wp-block-heading\">Exc\u00e8s d\u2019optimisme ou triomphalisme pr\u00e9matur\u00e9<\/h2>\n\n\n\n<p class=\"wp-block-paragraph\">En 2026, le gouvernement ne propose pas de rupture avec les politiques \u00e9conomiques en vigueur avant le 25 juillet 2021 [date de la proclamation de l\u2019\u00e9tat d\u2019exception par Ka\u00efs Sa\u00efed, Ndlr], caract\u00e9ris\u00e9es par des restrictions des d\u00e9penses publiques et des r\u00e9ductions d\u2019imp\u00f4ts pour les entreprises et les hauts revenus. Alors que des r\u00e9formes fiscales radicales en 2025 avaient am\u00e9lior\u00e9 la r\u00e9partition de la charge fiscale et accru la contribution des entreprises, la loi de finances 2026 \u00e9choue \u00e0 s\u2019attaquer aux probl\u00e8mes structurels de l\u2019\u00e9conomie tunisienne. La hausse des d\u00e9penses sociales ne suffit pas \u00e0 compenser l\u2019inflation, ce qui se traduit par une r\u00e9duction implicite des services sociaux.<\/p>\n\n\n\n<p class=\"wp-block-paragraph\">Par ailleurs, aucune r\u00e9forme structurelle profonde ne vise les acteurs en situation de monopole ou de rente qui constituent la trame de l\u2019\u00e9conomie tunisienne. Depuis l\u2019ind\u00e9pendance de la Tunisie dans les ann\u00e9es 1950, ce groupe d\u2019acteurs \u00e9conomiques b\u00e9n\u00e9ficiant de soutiens politiques a \u00e9rig\u00e9 un arsenal de barri\u00e8res r\u00e9glementaires \u00e0 l\u2019entr\u00e9e dans des secteurs cl\u00e9s et contr\u00f4le la majeure partie du financement priv\u00e9 au sein de l\u2019\u00e9conomie. La loi perp\u00e9tue \u00e9galement une pratique risqu\u00e9e, en vigueur depuis des ann\u00e9es, consistant \u00e0 emprunter aupr\u00e8s de la Banque centrale \u00e0 un taux d\u2019int\u00e9r\u00eat de 0 % sans g\u00e9n\u00e9rer une croissance proportionnelle \u00e0 l\u2019endettement, ce qui menace d\u2019alimenter l\u2019inflation.<\/p>\n\n\n\n<p class=\"wp-block-paragraph\">Malgr\u00e9 l\u2019absence de r\u00e9formes structurelles, le budget de l\u2019\u00c9tat pour 2026 pr\u00e9voit une croissance de 3,3 % sur l\u2019ann\u00e9e, un chiffre sup\u00e9rieur aux 2,1 % anticip\u00e9s par le Fonds mon\u00e9taire international (FMI), ce qui repr\u00e9sente un \u00e9cart significatif. Une croissance plus faible signifie moins de ressources pour l\u2019\u00c9tat afin de r\u00e9pondre \u00e0 des besoins sociaux croissants en pleine crise du co\u00fbt de la vie.<\/p>\n\n\n\n<p class=\"wp-block-paragraph\">Le budget table \u00e9galement sur un prix du p\u00e9trole avoisinant les 60 dollars le baril, une hypoth\u00e8se mise \u00e0 mal par la flamb\u00e9e des co\u00fbts de l\u2019\u00e9nergie cons\u00e9cutive \u00e0 la guerre en Iran. Le prix a d\u00e9pass\u00e9 les 100 dollars le baril \u00e0 plusieurs reprises cette ann\u00e9e et s\u2019\u00e9tablissait autour de 90 dollars le baril au 29 juillet.<\/p>\n\n\n\n<p class=\"wp-block-paragraph\">La Tunisie reste un pays importateur d\u2019\u00e9nergie pratiquant des subventions \u00e9nerg\u00e9tiques ; la hausse impr\u00e9vue du prix du p\u00e9trole alourdira sa facture d\u2019importation, entamant ainsi ses pr\u00e9cieuses r\u00e9serves de devises (dollars et euros) n\u00e9cessaires au r\u00e8glement des importations essentielles aupr\u00e8s de ses partenaires commerciaux. Cette hausse des prix p\u00e9troliers augmentera \u00e9galement les d\u00e9penses de l\u2019\u00c9tat consacr\u00e9es aux subventions \u00e9nerg\u00e9tiques afin de maintenir la stabilit\u00e9 des prix des hydrocarbures sur le march\u00e9 int\u00e9rieur. La hausse des prix, sup\u00e9rieure aux pr\u00e9visions, entra\u00eenera un creusement des d\u00e9ficits budg\u00e9taires, un besoin accru d\u2019emprunt et, potentiellement, une pression croissante pour r\u00e9duire les d\u00e9penses afin de rem\u00e9dier aux d\u00e9s\u00e9quilibres budg\u00e9taires.<\/p>\n\n\n\n<p class=\"wp-block-paragraph\">L\u2019inflation mondiale d\u00e9coulant de la guerre impliquant l\u2019Iran menace \u00e9galement d\u2019\u00e9roder les envois de fonds des Tunisiens r\u00e9sidant \u00e0 l\u2019\u00e9tranger ; ces transferts constituent une source essentielle de devises pour les importations et repr\u00e9sentaient 30 % des r\u00e9serves en 2024. Le conflit suscite de vives inqui\u00e9tudes quant \u00e0 l\u2019inflation en Europe \u2014 o\u00f9 vit la majeure partie de la diaspora tunisienne \u2014 ce qui pourrait entra\u00eener une baisse de ces transferts de fonds.<\/p>\n\n\n\n<p class=\"wp-block-paragraph\">Le secteur du tourisme, autre source majeure de devises, est lui aussi expos\u00e9 \u00e0 des risques. Malgr\u00e9 les assurances du gouvernement affirmant que le tourisme tunisien n\u2019\u00e9tait pas affect\u00e9 par le conflit r\u00e9gional, les premiers indicateurs font \u00e9tat d\u2019un ralentissement et d\u2019une baisse des r\u00e9servations.<\/p>\n\n\n\n<p class=\"wp-block-paragraph\">Les tensions sur les devises compromettent la capacit\u00e9 de la Tunisie \u00e0 importer des produits de premi\u00e8re n\u00e9cessit\u00e9 \u2014 notamment des denr\u00e9es alimentaires, des m\u00e9dicaments et de l\u2019\u00e9nergie \u2014 et pourraient provoquer des p\u00e9nuries comparables \u00e0 celles observ\u00e9es en 2023.<\/p>\n\n\n\n<p class=\"wp-block-paragraph\">Les signes de telles restrictions sont d\u00e9j\u00e0 manifestes. En mars, la Banque centrale de Tunisie a \u00e9mis de nouvelles directives visant \u00e0 limiter les importations afin de pr\u00e9server ses r\u00e9serves limit\u00e9es de dollars et d\u2019euros. Ces directives stipulent que les importations de produits <em>\u00abnon essentiels\u00bb<\/em> \u2014 tels que les v\u00eatements, le dentifrice et le papier toilette \u2014 doivent \u00eatre r\u00e9gl\u00e9es au comptant et non \u00e0 cr\u00e9dit. Cette d\u00e9cision a \u00e9t\u00e9 critiqu\u00e9e par des organisations influentes comme la Conect, qui repr\u00e9sente les employeurs et les entreprises ; celle-ci a qualifi\u00e9 ces directives d\u2019obstacle potentiel \u00e0 la croissance.<\/p>\n\n\n\n<p class=\"wp-block-paragraph\">De son c\u00f4t\u00e9, Alert, une organisation luttant contre les monopoles en Tunisie, a averti que ces mesures risquaient d\u2019ancrer davantage les pratiques monopolistiques dans le secteur de l\u2019import-export, les grandes entreprises disposant plus facilement de liquidit\u00e9s que les petites.<\/p>\n\n\n\n<p class=\"wp-block-paragraph\">Ces restrictions \u00e0 l\u2019importation menacent d\u2019aggraver les p\u00e9nuries actuelles de m\u00e9dicaments, de denr\u00e9es alimentaires et d\u2019autres produits de premi\u00e8re n\u00e9cessit\u00e9.<\/p>\n\n\n\n<h2 class=\"wp-block-heading\">Fissures naissantes entre la pr\u00e9sidence et le parlement<\/h2>\n\n\n\n<p class=\"wp-block-paragraph\">Parall\u00e8lement \u00e0 la mont\u00e9e des pressions \u00e9conomiques, le gouvernement de Sa\u00efed fait face \u00e0 des tensions politiques croissantes. L\u2019Assembl\u00e9e, qui \u00e9tait \u00e9troitement align\u00e9e sur Sa\u00efed \u00e0 la suite des \u00e9lections l\u00e9gislatives de 2022, est de plus en plus en d\u00e9saccord avec le gouvernement sur les questions \u00e9conomiques. En avril 2025, elle a refus\u00e9 d\u2019approuver un emprunt, invoquant le manque de clart\u00e9 quant \u00e0 ses retomb\u00e9es. Lors de l\u2019examen de la loi de finances pour 2026, l\u2019Assembl\u00e9e a rejet\u00e9 certaines propositions du minist\u00e8re des Finances et en a adopt\u00e9 d\u2019autres tout en \u00e9mettant de vives r\u00e9serves. Le ministre des Finances a m\u00eame quitt\u00e9 une s\u00e9ance parlementaire apr\u00e8s une vive altercation avec certains d\u00e9put\u00e9s.<\/p>\n\n\n\n<p class=\"wp-block-paragraph\">Lors des d\u00e9bats sur des contrats de concession controvers\u00e9s dans le domaine de l\u2019\u00e9nergie solaire, plusieurs d\u00e9put\u00e9s ont d\u00e9nonc\u00e9 ces textes, les qualifiant tour \u00e0 tour de dangereux, coloniaux, humiliants et contraires \u00e0 la souverainet\u00e9 \u00e9nerg\u00e9tique. En r\u00e9action \u00e0 cette lev\u00e9e de boucliers et avant le vote sur ces concessions, le pr\u00e9sident Sa\u00efed a limog\u00e9 le ministre de l\u2019Industrie, des Mines et de l\u2019\u00c9nergie ainsi que le directeur g\u00e9n\u00e9ral de l\u2019\u00c9lectricit\u00e9 et des \u00c9nergies renouvelables, bien que tous les contrats aient finalement \u00e9t\u00e9 adopt\u00e9s.<\/p>\n\n\n\n<p class=\"wp-block-paragraph\">Plus r\u00e9cemment, \u00e0 la suite de coupures massives d\u2019\u00e9lectricit\u00e9 et d\u2019eau survenues en juillet, le Parlement a tenu une s\u00e9ance le 27 juillet pour d\u00e9battre de la situation ; les d\u00e9put\u00e9s y ont critiqu\u00e9 la conjoncture ainsi que l\u2019absence de r\u00e9action officielle du gouvernement. Ils ont \u00e9galement reproch\u00e9 au gouvernement son absence lors de cette s\u00e9ance, bien qu\u2019un d\u00e9put\u00e9 ait pr\u00e9cis\u00e9 que l\u2019Assembl\u00e9e n\u2019avait adress\u00e9 aucune invitation ou convocation officielle au gouvernement pour y participer.<\/p>\n\n\n\n<p class=\"wp-block-paragraph\">Ces tensions ne doivent pas \u00eatre interpr\u00e9t\u00e9es comme une rupture franche avec Ka\u00efs Sa\u00efed. L\u2019Assembl\u00e9e continue de donner la priorit\u00e9 \u00e0 bon nombre de ses r\u00e9formes cl\u00e9s \u2014 celles qu\u2019il qualifie de <em>\u00abr\u00e9volution l\u00e9gislative\u00bb<\/em> et qui ont profond\u00e9ment restructur\u00e9 l\u2019arsenal juridique tunisien \u2014 et de les adopter. Il convient plut\u00f4t de voir dans ces tensions une tentative de l\u2019Assembl\u00e9e de se d\u00e9marquer quelque peu de Sa\u00efed, dont le bilan \u00e9conomique est jug\u00e9 insuffisant, alors m\u00eame que la Tunisie se dirige vers les \u00e9lections l\u00e9gislatives de 2027.<\/p>\n\n\n\n<p class=\"wp-block-paragraph\">Ces tensions d\u00e9passent le cadre politique pour s\u2019\u00e9tendre \u00e0 l&rsquo;espace civique dans son ensemble.<\/p>\n\n\n\n<h2 class=\"wp-block-heading\">Les boucs \u00e9missaires, anciens comme nouveaux<\/h2>\n\n\n\n<p class=\"wp-block-paragraph\">Face \u00e0 la mont\u00e9e des tensions \u00e9conomiques et politiques, le gouvernement tente de reproduire la strat\u00e9gie qu\u2019il a appliqu\u00e9e avec succ\u00e8s en 2023 : d\u00e9signer des boucs \u00e9missaires.<\/p>\n\n\n\n<p class=\"wp-block-paragraph\">Sa\u00efed continue d\u2019\u00e9voquer de myst\u00e9rieux saboteurs sans jamais les nommer. Il persiste \u00e0 sacrifier des membres de son gouvernement pour apaiser la col\u00e8re populaire, comme en t\u00e9moigne le limogeage d\u2019un ministre mentionn\u00e9 plus haut. Ses partisans \u2014 qu\u2019ils si\u00e8gent \u00e0 L\u2019Assembl\u00e9e, soient pr\u00e9sents sur le terrain ou actifs sur les r\u00e9seaux sociaux \u2014 continuent de pr\u00e9senter les migrants subsahariens en situation irr\u00e9guli\u00e8re comme un fardeau pour les ressources \u00e9conomiques et une menace pour la s\u00e9curit\u00e9 nationale. Le conflit qui l\u2019oppose depuis des ann\u00e9es \u00e0 la principale centrale syndicale du pays, l\u2019Union g\u00e9n\u00e9rale tunisienne du travail (UGTT), s\u2019est intensifi\u00e9 au cours de l\u2019ann\u00e9e \u00e9coul\u00e9e. Parall\u00e8lement, la r\u00e9pression \u00e0 l\u2019encontre de la soci\u00e9t\u00e9 civile \u2014 dont les acteurs sont per\u00e7us par Sa\u00efed comme des agents de l\u2019ing\u00e9rence \u00e9trang\u00e8re \u2014 s\u2019est accentu\u00e9e ces derniers mois : les autorit\u00e9s suspendent des organisations, engagent des poursuites pour obtenir leur dissolution d\u00e9finitive et emprisonnent militants, journalistes, magistrats et m\u00eame des d\u00e9put\u00e9s dissidents.<\/p>\n\n\n\n<p class=\"wp-block-paragraph\">La vague d\u2019enqu\u00eates p\u00e9nales la plus r\u00e9cente vise des fonctionnaires charg\u00e9s du dossier de l\u2019\u00e9lectricit\u00e9. Cette initiative, coupl\u00e9e aux d\u00e9clarations du pr\u00e9sident qualifiant ces coupures d\u2019<em>\u00ab\u00e9v\u00e9nements inhabituels\u00bb<\/em> et affirmant que <em>\u00abl\u2019\u00c9tat ne restera pas les bras crois\u00e9s face \u00e0 quiconque cherche \u00e0 harceler les citoyens et \u00e0 attiser les tensions\u00bb<\/em>, semble viser \u00e0 pr\u00e9senter ces perturbations majeures comme le fruit d\u2019un complot contre le pays.<\/p>\n\n\n\n<p class=\"wp-block-paragraph\">Cette interpr\u00e9tation contredit les d\u00e9clarations du syndicat de la Soci\u00e9t\u00e9 tunisienne de l\u2019\u00e9lectricit\u00e9 et du gaz (Steg), qui attribue les coupures \u00e0 une hausse de la demande d\u00e9passant les capacit\u00e9s de production lors de la r\u00e9cente vague de chaleur. Le d\u00e9fi de r\u00e9pondre \u00e0 la demande en \u00e9lectricit\u00e9 est aggrav\u00e9 par le manque d\u2019investissements dans la production, la derni\u00e8re grande centrale \u00e9lectrique ayant \u00e9t\u00e9 inaugur\u00e9e en 2019.<\/p>\n\n\n\n<p class=\"wp-block-paragraph\">Pour expliquer ce d\u00e9ficit d\u2019investissement, certains experts pointent du doigt l\u2019insuffisance des ressources allou\u00e9es par l\u2019\u00c9tat, le non-paiement int\u00e9gral par le gouvernement et les entreprises publiques de leurs dettes envers la Steg pour leur consommation d\u2019\u00e9lectricit\u00e9, ainsi que le d\u00e9faut de paiement par le gouvernement des subventions universelles \u00e0 l\u2019\u00e9lectricit\u00e9 accord\u00e9es aux citoyens.<\/p>\n\n\n\n<p class=\"wp-block-paragraph\">Tout comme en 2023, cette r\u00e9pression vise \u00e0 d\u00e9tourner l\u2019attention des probl\u00e8mes \u00e9conomiques chroniques et \u00e0 vider l\u2019espace politique et civique de toute opposition, laissant Sa\u00efed comme seul arbitre des d\u00e9cisions en Tunisie et unique interlocuteur pour les partenaires internationaux du pays.<\/p>\n\n\n\n<h2 class=\"wp-block-heading\">La diplomatie tunisienne en qu\u00eate d&rsquo;alliances internationales<\/h2>\n\n\n\n<p class=\"wp-block-paragraph\">En contraste avec les divisions internes, la Tunisie intensifie sa coop\u00e9ration et ses emprunts financiers aupr\u00e8s de plusieurs partenaires internationaux.<\/p>\n\n\n\n<p class=\"wp-block-paragraph\">\u00c0 l\u2019\u00e9chelle r\u00e9gionale, la Tunisie poursuit son rapprochement avec l\u2019Alg\u00e9rie, ayant sign\u00e9 fin 2025 plus de vingt accords de coop\u00e9ration dans des domaines vari\u00e9s, dont un accord controvers\u00e9 de coop\u00e9ration militaire. R\u00e9cemment, lors d\u2019une interview, le pr\u00e9sident alg\u00e9rien a tenu des propos fermes liant la s\u00e9curit\u00e9 des deux pays et r\u00e9affirmant l\u2019engagement de l\u2019Alg\u00e9rie \u00e0 d\u00e9fendre la Tunisie contre le terrorisme.<\/p>\n\n\n\n<p class=\"wp-block-paragraph\">Les relations avec la Libye semblent \u00e9galement s\u2019\u00eatre intensifi\u00e9es, marqu\u00e9es par une rencontre de haut niveau entre le Premier ministre tunisien et le pr\u00e9sident du Parlement libyen, la signature d\u2019un nouveau protocole d\u2019accord sur la coop\u00e9ration en mati\u00e8re de march\u00e9 du travail, ainsi que l\u2019annonce de projets concernant une nouvelle liaison maritime et la gestion partag\u00e9e d\u2019une nappe phr\u00e9atique commune.<\/p>\n\n\n\n<p class=\"wp-block-paragraph\">Ces initiatives t\u00e9moignent de la volont\u00e9 de la Tunisie de s\u2019affirmer comme un partenaire actif en Afrique du Nord, s\u2019assurant ainsi un acc\u00e8s privil\u00e9gi\u00e9 aux ressources \u00e9nerg\u00e9tiques de ses deux voisins riches en hydrocarbures.<\/p>\n\n\n\n<p class=\"wp-block-paragraph\">La Tunisie a par ailleurs renforc\u00e9 ses liens avec ses partenaires de l\u2019autre rive de la M\u00e9diterran\u00e9e ainsi qu\u2019avec les institutions financi\u00e8res internationales. Cela s\u2019est traduit par l\u2019octroi de nouveaux pr\u00eats \u2014 notamment de la part de la Banque europ\u00e9enne pour la reconstruction et le d\u00e9veloppement (Berd), de la Banque europ\u00e9enne d\u2019investissement (BEI), de la Banque mondiale (BM) et de la Banque africaine de d\u00e9veloppement (BAD)\u2014 par le renforcement des accords euro-tunisiens et par la mise \u00e0 jour de la coop\u00e9ration migratoire avec l\u2019Italie.<\/p>\n\n\n\n<p class=\"wp-block-paragraph\">Une grande partie de ces financements vise \u00e0 stabiliser le pays et \u00e0 r\u00e9duire la migration irr\u00e9guli\u00e8re, la Tunisie \u00e9tant \u00e0 la fois un pays d\u2019origine et un pays de transit.<\/p>\n\n\n\n<p class=\"wp-block-paragraph\">Toutefois, les retomb\u00e9es des r\u00e9centes concessions dans le secteur de l\u2019\u00e9nergie solaire d\u00e9montrent clairement que, sans adh\u00e9sion de l\u2019opinion publique, les financements internationaux risquent de susciter une lev\u00e9e de boucliers et de ne pas apporter de r\u00e9ponse aux tensions sociales et politiques.<\/p>\n\n\n\n<p class=\"wp-block-paragraph\">Dans le domaine des \u00e9nergies renouvelables, et bien que celles-ci soient indispensables \u00e0 la s\u00e9curit\u00e9 \u00e9nerg\u00e9tique du pays, la population a le sentiment que le gouvernement et le parlement offrent des contrats avantageux \u00e0 des investisseurs \u00e9trangers et mettent en place un c\u00e2ble sous-marin pour exporter de l\u2019\u00e9lectricit\u00e9 vers l\u2019Italie, alors m\u00eame que les entreprises tunisiennes peinent \u00e0 op\u00e9rer dans un contexte difficile et que le pays subit des coupures de courant \u00e0 r\u00e9p\u00e9tition.<\/p>\n\n\n\n<h2 class=\"wp-block-heading\">Sortir de la crise pour aller vers la prosp\u00e9rit\u00e9<\/h2>\n\n\n\n<p class=\"wp-block-paragraph\">Malgr\u00e9 l\u2019intensification du soutien financier international, le statu quo politique et social en Tunisie demeure extr\u00eamement fragile.<\/p>\n\n\n\n<p class=\"wp-block-paragraph\">Le soutien ext\u00e9rieur ne suffira pas, \u00e0 lui seul, \u00e0 stabiliser l\u2019\u00e9conomie tunisienne ou \u00e0 apaiser la col\u00e8re sociale.<\/p>\n\n\n\n<p class=\"wp-block-paragraph\">Sur le plan int\u00e9rieur, il est n\u00e9cessaire de faire preuve de plus de s\u00e9rieux pour identifier et d\u00e9manteler les structures qui entravent la concurrence et perp\u00e9tuent les monopoles, notamment les co\u00fbts \u00e9lev\u00e9s des pr\u00eats \u00e0 l\u2019investissement ainsi que les barri\u00e8res administratives complexes et changeantes qui freinent la cr\u00e9ation et la gestion d\u2019entreprises. Ces mesures permettraient aux petites et moyennes entreprises \u2014 v\u00e9ritables moteurs d\u2019une croissance \u00e9conomique durable \u2014 de mieux acc\u00e9der aux opportunit\u00e9s commerciales et aux financements.<\/p>\n\n\n\n<p class=\"wp-block-paragraph\">Le gouvernement doit \u00e9galement r\u00e9tablir sa cr\u00e9dibilit\u00e9 aupr\u00e8s de la population en investissant judicieusement dans les infrastructures et les d\u00e9penses sociales afin de r\u00e9pondre aux besoins des citoyens. Enfin, il doit mettre un terme \u00e0 toutes les pratiques r\u00e9pressives contre-productives qui n\u2019ont fait qu\u2019attiser la col\u00e8re et le sentiment de d\u00e9possession au sein de la population.<\/p>\n\n\n\n<p class=\"wp-block-paragraph\">De leur c\u00f4t\u00e9, les alli\u00e9s internationaux de la Tunisie doivent r\u00e9orienter le financement pour s\u2019attaquer aux causes profondes de la migration irr\u00e9guli\u00e8re : les probl\u00e8mes structurels du pays et l\u2019insuffisance des d\u00e9penses sociales. Les initiatives de coop\u00e9ration \u00e9conomique, y compris dans le secteur de l\u2019\u00e9nergie, doivent susciter l\u2019adh\u00e9sion du public en faisant preuve d\u2019une plus grande transparence concernant la propri\u00e9t\u00e9 des projets, les tarifs, les cr\u00e9ations d\u2019emplois pr\u00e9vues, les recettes publiques et l\u2019impact environnemental. En l\u2019absence de transparence et de redevabilit\u00e9, les risques de rejet et de tensions continueront de s\u2019accumuler.<\/p>\n\n\n\n<p class=\"wp-block-paragraph\">Le soutien ext\u00e9rieur ne suffira pas, \u00e0 lui seul, \u00e0 stabiliser l\u2019\u00e9conomie tunisienne ou \u00e0 apaiser la col\u00e8re sociale. Seules des r\u00e9formes structurelles profondes, un nouveau contrat social et un retour \u00e0 un contexte d\u00e9mocratique et ouvert permettront d\u2019apaiser la col\u00e8re sociale actuelle et de b\u00e2tir une \u00e9conomie stable, durable et inclusive, capable de r\u00e9pondre aux besoins fondamentaux de la population.<\/p>\n\n\n\n<p class=\"has-text-align-right wp-block-paragraph\"><em>Traduit de l&rsquo;anglais.<\/em><\/p>\n\n\n\n<p class=\"wp-block-paragraph\"><em>* Responsable du programme \u00ab\u00c9conomies inclusives\u00bb au sein de Tahrir institute for Middle East Policy. (<\/em><a href=\"https:\/\/timep.org\/2026\/07\/30\/power-cuts-protests-and-lack-of-policy-tunisias-economy-under-pressure\/\" target=\"_blank\" rel=\"noreferrer noopener\"><em>Timep<\/em><\/a><em>).<\/em><\/p>\n\n\n\n<figure class=\"wp-block-embed alignleft is-type-wp-embed is-provider-kapitalis wp-block-embed-kapitalis\"><div class=\"wp-block-embed__wrapper\">\n<blockquote class=\"wp-embedded-content\" data-secret=\"NU6tBOUm5E\"><a href=\"https:\/\/kapitalis.com\/tunisie\/2026\/05\/02\/cinq-mesures-pour-preserver-leconomie-tunisienne\/\">Cinq mesures pour pr\u00e9server l\u2019\u00e9conomie tunisienne<\/a><\/blockquote><iframe loading=\"lazy\" class=\"wp-embedded-content\" sandbox=\"allow-scripts\" security=\"restricted\" style=\"position: absolute; visibility: hidden;\" title=\"\u00ab\u00a0Cinq mesures pour pr\u00e9server l\u2019\u00e9conomie tunisienne\u00a0\u00bb \u2014 Kapitalis\" src=\"https:\/\/kapitalis.com\/tunisie\/2026\/05\/02\/cinq-mesures-pour-preserver-leconomie-tunisienne\/embed\/#?secret=3yyxv6mqTy#?secret=NU6tBOUm5E\" data-secret=\"NU6tBOUm5E\" width=\"600\" height=\"338\" frameborder=\"0\" marginwidth=\"0\" marginheight=\"0\" scrolling=\"no\"><\/iframe>\n<\/div><\/figure>\n","protected":false},"excerpt":{"rendered":"<p>Les Tunisiens ne cessent de d\u00e9noncer la d\u00e9gradation de leurs conditions socio-\u00e9conomiques et du niveau de vie. <\/p>\n","protected":false},"author":8,"featured_media":19575578,"comment_status":"open","ping_status":"open","sticky":false,"template":"","format":"standard","meta":{"footnotes":""},"categories":[992,995,997,2433],"tags":[64,1868,2144,303,478,12235,2059,129985,936,107607],"class_list":["post-19575529","post","type-post","status-publish","format-standard","has-post-thumbnail","hentry","category-a-la-une","category-economie","category-politique","category-tunisie","tag-algerie","tag-chomage","tag-conect","tag-economie-tunisienne","tag-inflation","tag-kais-saied","tag-pouvoir-dachat","tag-sahar-mechmech","tag-ugtt","tag-union-europeeene"],"yoast_head":"<!-- This site is optimized with the Yoast SEO plugin v26.6 - https:\/\/yoast.com\/wordpress\/plugins\/seo\/ -->\n<title>L\u2019\u00e9conomie tunisienne sous pression - Kapitalis<\/title>\n<meta name=\"description\" content=\"Les Tunisiens ne cessent de d\u00e9noncer la d\u00e9gradation de leurs conditions socio-\u00e9conomiques et du niveau de vie.\" \/>\n<meta name=\"robots\" content=\"index, follow, max-snippet:-1, max-image-preview:large, max-video-preview:-1\" \/>\n<link rel=\"canonical\" href=\"https:\/\/kapitalis.com\/tunisie\/2026\/09\/05\/leconomie-tunisienne-sous-pression\/\" \/>\n<meta property=\"og:locale\" content=\"fr_FR\" \/>\n<meta property=\"og:type\" content=\"article\" \/>\n<meta property=\"og:title\" content=\"L\u2019\u00e9conomie tunisienne sous pression - Kapitalis\" \/>\n<meta property=\"og:description\" content=\"Les Tunisiens ne cessent de d\u00e9noncer la d\u00e9gradation de leurs conditions socio-\u00e9conomiques et du niveau de vie.\" \/>\n<meta property=\"og:url\" content=\"https:\/\/kapitalis.com\/tunisie\/2026\/09\/05\/leconomie-tunisienne-sous-pression\/\" \/>\n<meta property=\"og:site_name\" content=\"Kapitalis\" \/>\n<meta property=\"article:publisher\" content=\"https:\/\/www.facebook.com\/KapitalisInfo\/\" \/>\n<meta property=\"article:published_time\" content=\"2026-09-05T09:44:31+00:00\" \/>\n<meta property=\"article:modified_time\" content=\"2026-09-05T09:44:35+00:00\" \/>\n<meta property=\"og:image\" content=\"https:\/\/kapitalis.com\/tunisie\/wp-content\/uploads\/2026\/09\/Coupure-electrique.jpg\" \/>\n\t<meta property=\"og:image:width\" content=\"1200\" \/>\n\t<meta property=\"og:image:height\" content=\"630\" \/>\n\t<meta property=\"og:image:type\" content=\"image\/jpeg\" \/>\n<meta name=\"author\" content=\"webmaster kapitalis\" \/>\n<meta name=\"twitter:card\" content=\"summary_large_image\" \/>\n<meta name=\"twitter:creator\" content=\"@KapitalisInfo\" \/>\n<meta name=\"twitter:site\" content=\"@KapitalisInfo\" \/>\n<meta name=\"twitter:label1\" content=\"\u00c9crit par\" \/>\n\t<meta name=\"twitter:data1\" content=\"webmaster kapitalis\" \/>\n\t<meta name=\"twitter:label2\" content=\"Dur\u00e9e de lecture estim\u00e9e\" \/>\n\t<meta name=\"twitter:data2\" content=\"14 minutes\" \/>\n<script type=\"application\/ld+json\" class=\"yoast-schema-graph\">{\"@context\":\"https:\/\/schema.org\",\"@graph\":[{\"@type\":\"Article\",\"@id\":\"https:\/\/kapitalis.com\/tunisie\/2026\/09\/05\/leconomie-tunisienne-sous-pression\/#article\",\"isPartOf\":{\"@id\":\"https:\/\/kapitalis.com\/tunisie\/2026\/09\/05\/leconomie-tunisienne-sous-pression\/\"},\"author\":{\"name\":\"webmaster kapitalis\",\"@id\":\"https:\/\/kapitalis.com\/tunisie\/#\/schema\/person\/d71f33a9ca44f7bad4698210b480c8e9\"},\"headline\":\"L\u2019\u00e9conomie tunisienne sous pression\",\"datePublished\":\"2026-09-05T09:44:31+00:00\",\"dateModified\":\"2026-09-05T09:44:35+00:00\",\"mainEntityOfPage\":{\"@id\":\"https:\/\/kapitalis.com\/tunisie\/2026\/09\/05\/leconomie-tunisienne-sous-pression\/\"},\"wordCount\":2963,\"commentCount\":0,\"publisher\":{\"@id\":\"https:\/\/kapitalis.com\/tunisie\/#organization\"},\"image\":{\"@id\":\"https:\/\/kapitalis.com\/tunisie\/2026\/09\/05\/leconomie-tunisienne-sous-pression\/#primaryimage\"},\"thumbnailUrl\":\"https:\/\/kapitalis.com\/tunisie\/wp-content\/uploads\/2026\/09\/Coupure-electrique.jpg\",\"keywords\":[\"Alg\u00e9rie\",\"ch\u00f4mage\",\"Conect\",\"\u00e9conomie tunisienne\",\"inflation\",\"Ka\u00efs Saied\",\"pouvoir d'achat\",\"Sahar Mechmech\",\"UGTT\",\"Union europ\u00e9eene\"],\"articleSection\":[\"A LA UNE\",\"ECONOMIE\",\"POLITIQUE\",\"Tunisie\"],\"inLanguage\":\"fr-FR\",\"potentialAction\":[{\"@type\":\"CommentAction\",\"name\":\"Comment\",\"target\":[\"https:\/\/kapitalis.com\/tunisie\/2026\/09\/05\/leconomie-tunisienne-sous-pression\/#respond\"]}]},{\"@type\":\"WebPage\",\"@id\":\"https:\/\/kapitalis.com\/tunisie\/2026\/09\/05\/leconomie-tunisienne-sous-pression\/\",\"url\":\"https:\/\/kapitalis.com\/tunisie\/2026\/09\/05\/leconomie-tunisienne-sous-pression\/\",\"name\":\"L\u2019\u00e9conomie tunisienne sous pression - Kapitalis\",\"isPartOf\":{\"@id\":\"https:\/\/kapitalis.com\/tunisie\/#website\"},\"primaryImageOfPage\":{\"@id\":\"https:\/\/kapitalis.com\/tunisie\/2026\/09\/05\/leconomie-tunisienne-sous-pression\/#primaryimage\"},\"image\":{\"@id\":\"https:\/\/kapitalis.com\/tunisie\/2026\/09\/05\/leconomie-tunisienne-sous-pression\/#primaryimage\"},\"thumbnailUrl\":\"https:\/\/kapitalis.com\/tunisie\/wp-content\/uploads\/2026\/09\/Coupure-electrique.jpg\",\"datePublished\":\"2026-09-05T09:44:31+00:00\",\"dateModified\":\"2026-09-05T09:44:35+00:00\",\"description\":\"Les Tunisiens ne cessent de d\u00e9noncer la d\u00e9gradation de leurs conditions socio-\u00e9conomiques et du niveau de vie.\",\"breadcrumb\":{\"@id\":\"https:\/\/kapitalis.com\/tunisie\/2026\/09\/05\/leconomie-tunisienne-sous-pression\/#breadcrumb\"},\"inLanguage\":\"fr-FR\",\"potentialAction\":[{\"@type\":\"ReadAction\",\"target\":[\"https:\/\/kapitalis.com\/tunisie\/2026\/09\/05\/leconomie-tunisienne-sous-pression\/\"]}]},{\"@type\":\"ImageObject\",\"inLanguage\":\"fr-FR\",\"@id\":\"https:\/\/kapitalis.com\/tunisie\/2026\/09\/05\/leconomie-tunisienne-sous-pression\/#primaryimage\",\"url\":\"https:\/\/kapitalis.com\/tunisie\/wp-content\/uploads\/2026\/09\/Coupure-electrique.jpg\",\"contentUrl\":\"https:\/\/kapitalis.com\/tunisie\/wp-content\/uploads\/2026\/09\/Coupure-electrique.jpg\",\"width\":1200,\"height\":630},{\"@type\":\"BreadcrumbList\",\"@id\":\"https:\/\/kapitalis.com\/tunisie\/2026\/09\/05\/leconomie-tunisienne-sous-pression\/#breadcrumb\",\"itemListElement\":[{\"@type\":\"ListItem\",\"position\":1,\"name\":\"Accueil\",\"item\":\"https:\/\/kapitalis.com\/tunisie\/\"},{\"@type\":\"ListItem\",\"position\":2,\"name\":\"L\u2019\u00e9conomie tunisienne sous pression\"}]},{\"@type\":\"WebSite\",\"@id\":\"https:\/\/kapitalis.com\/tunisie\/#website\",\"url\":\"https:\/\/kapitalis.com\/tunisie\/\",\"name\":\"Kapitalis\",\"description\":\"L&#039;actualit\u00e9 en Tunisie et dans le monde\",\"publisher\":{\"@id\":\"https:\/\/kapitalis.com\/tunisie\/#organization\"},\"potentialAction\":[{\"@type\":\"SearchAction\",\"target\":{\"@type\":\"EntryPoint\",\"urlTemplate\":\"https:\/\/kapitalis.com\/tunisie\/?s={search_term_string}\"},\"query-input\":{\"@type\":\"PropertyValueSpecification\",\"valueRequired\":true,\"valueName\":\"search_term_string\"}}],\"inLanguage\":\"fr-FR\"},{\"@type\":\"Organization\",\"@id\":\"https:\/\/kapitalis.com\/tunisie\/#organization\",\"name\":\"Kapitalis\",\"url\":\"https:\/\/kapitalis.com\/tunisie\/\",\"logo\":{\"@type\":\"ImageObject\",\"inLanguage\":\"fr-FR\",\"@id\":\"https:\/\/kapitalis.com\/tunisie\/#\/schema\/logo\/image\/\",\"url\":\"https:\/\/kapitalis.com\/tunisie\/wp-content\/uploads\/2022\/05\/Kapitalis-big-size.png\",\"contentUrl\":\"https:\/\/kapitalis.com\/tunisie\/wp-content\/uploads\/2022\/05\/Kapitalis-big-size.png\",\"width\":5000,\"height\":1500,\"caption\":\"Kapitalis\"},\"image\":{\"@id\":\"https:\/\/kapitalis.com\/tunisie\/#\/schema\/logo\/image\/\"},\"sameAs\":[\"https:\/\/www.facebook.com\/KapitalisInfo\/\",\"https:\/\/x.com\/KapitalisInfo\",\"https:\/\/www.youtube.com\/channel\/UC-yDYrHyfFBWWZaOw3FPg9Q\"]},{\"@type\":\"Person\",\"@id\":\"https:\/\/kapitalis.com\/tunisie\/#\/schema\/person\/d71f33a9ca44f7bad4698210b480c8e9\",\"name\":\"webmaster kapitalis\",\"url\":\"https:\/\/kapitalis.com\/tunisie\/author\/webmaster-kapitalis\/\"}]}<\/script>\n<!-- \/ Yoast SEO plugin. -->","yoast_head_json":{"title":"L\u2019\u00e9conomie tunisienne sous pression - Kapitalis","description":"Les Tunisiens ne cessent de d\u00e9noncer la d\u00e9gradation de leurs conditions socio-\u00e9conomiques et du niveau de vie.","robots":{"index":"index","follow":"follow","max-snippet":"max-snippet:-1","max-image-preview":"max-image-preview:large","max-video-preview":"max-video-preview:-1"},"canonical":"https:\/\/kapitalis.com\/tunisie\/2026\/09\/05\/leconomie-tunisienne-sous-pression\/","og_locale":"fr_FR","og_type":"article","og_title":"L\u2019\u00e9conomie tunisienne sous pression - Kapitalis","og_description":"Les Tunisiens ne cessent de d\u00e9noncer la d\u00e9gradation de leurs conditions socio-\u00e9conomiques et du niveau de vie.","og_url":"https:\/\/kapitalis.com\/tunisie\/2026\/09\/05\/leconomie-tunisienne-sous-pression\/","og_site_name":"Kapitalis","article_publisher":"https:\/\/www.facebook.com\/KapitalisInfo\/","article_published_time":"2026-09-05T09:44:31+00:00","article_modified_time":"2026-09-05T09:44:35+00:00","og_image":[{"width":1200,"height":630,"url":"https:\/\/kapitalis.com\/tunisie\/wp-content\/uploads\/2026\/09\/Coupure-electrique.jpg","type":"image\/jpeg"}],"author":"webmaster kapitalis","twitter_card":"summary_large_image","twitter_creator":"@KapitalisInfo","twitter_site":"@KapitalisInfo","twitter_misc":{"\u00c9crit par":"webmaster kapitalis","Dur\u00e9e de lecture estim\u00e9e":"14 minutes"},"schema":{"@context":"https:\/\/schema.org","@graph":[{"@type":"Article","@id":"https:\/\/kapitalis.com\/tunisie\/2026\/09\/05\/leconomie-tunisienne-sous-pression\/#article","isPartOf":{"@id":"https:\/\/kapitalis.com\/tunisie\/2026\/09\/05\/leconomie-tunisienne-sous-pression\/"},"author":{"name":"webmaster kapitalis","@id":"https:\/\/kapitalis.com\/tunisie\/#\/schema\/person\/d71f33a9ca44f7bad4698210b480c8e9"},"headline":"L\u2019\u00e9conomie tunisienne sous pression","datePublished":"2026-09-05T09:44:31+00:00","dateModified":"2026-09-05T09:44:35+00:00","mainEntityOfPage":{"@id":"https:\/\/kapitalis.com\/tunisie\/2026\/09\/05\/leconomie-tunisienne-sous-pression\/"},"wordCount":2963,"commentCount":0,"publisher":{"@id":"https:\/\/kapitalis.com\/tunisie\/#organization"},"image":{"@id":"https:\/\/kapitalis.com\/tunisie\/2026\/09\/05\/leconomie-tunisienne-sous-pression\/#primaryimage"},"thumbnailUrl":"https:\/\/kapitalis.com\/tunisie\/wp-content\/uploads\/2026\/09\/Coupure-electrique.jpg","keywords":["Alg\u00e9rie","ch\u00f4mage","Conect","\u00e9conomie tunisienne","inflation","Ka\u00efs Saied","pouvoir d'achat","Sahar Mechmech","UGTT","Union europ\u00e9eene"],"articleSection":["A LA UNE","ECONOMIE","POLITIQUE","Tunisie"],"inLanguage":"fr-FR","potentialAction":[{"@type":"CommentAction","name":"Comment","target":["https:\/\/kapitalis.com\/tunisie\/2026\/09\/05\/leconomie-tunisienne-sous-pression\/#respond"]}]},{"@type":"WebPage","@id":"https:\/\/kapitalis.com\/tunisie\/2026\/09\/05\/leconomie-tunisienne-sous-pression\/","url":"https:\/\/kapitalis.com\/tunisie\/2026\/09\/05\/leconomie-tunisienne-sous-pression\/","name":"L\u2019\u00e9conomie tunisienne sous pression - Kapitalis","isPartOf":{"@id":"https:\/\/kapitalis.com\/tunisie\/#website"},"primaryImageOfPage":{"@id":"https:\/\/kapitalis.com\/tunisie\/2026\/09\/05\/leconomie-tunisienne-sous-pression\/#primaryimage"},"image":{"@id":"https:\/\/kapitalis.com\/tunisie\/2026\/09\/05\/leconomie-tunisienne-sous-pression\/#primaryimage"},"thumbnailUrl":"https:\/\/kapitalis.com\/tunisie\/wp-content\/uploads\/2026\/09\/Coupure-electrique.jpg","datePublished":"2026-09-05T09:44:31+00:00","dateModified":"2026-09-05T09:44:35+00:00","description":"Les Tunisiens ne cessent de d\u00e9noncer la d\u00e9gradation de leurs conditions socio-\u00e9conomiques et du niveau de vie.","breadcrumb":{"@id":"https:\/\/kapitalis.com\/tunisie\/2026\/09\/05\/leconomie-tunisienne-sous-pression\/#breadcrumb"},"inLanguage":"fr-FR","potentialAction":[{"@type":"ReadAction","target":["https:\/\/kapitalis.com\/tunisie\/2026\/09\/05\/leconomie-tunisienne-sous-pression\/"]}]},{"@type":"ImageObject","inLanguage":"fr-FR","@id":"https:\/\/kapitalis.com\/tunisie\/2026\/09\/05\/leconomie-tunisienne-sous-pression\/#primaryimage","url":"https:\/\/kapitalis.com\/tunisie\/wp-content\/uploads\/2026\/09\/Coupure-electrique.jpg","contentUrl":"https:\/\/kapitalis.com\/tunisie\/wp-content\/uploads\/2026\/09\/Coupure-electrique.jpg","width":1200,"height":630},{"@type":"BreadcrumbList","@id":"https:\/\/kapitalis.com\/tunisie\/2026\/09\/05\/leconomie-tunisienne-sous-pression\/#breadcrumb","itemListElement":[{"@type":"ListItem","position":1,"name":"Accueil","item":"https:\/\/kapitalis.com\/tunisie\/"},{"@type":"ListItem","position":2,"name":"L\u2019\u00e9conomie tunisienne sous pression"}]},{"@type":"WebSite","@id":"https:\/\/kapitalis.com\/tunisie\/#website","url":"https:\/\/kapitalis.com\/tunisie\/","name":"Kapitalis","description":"L&#039;actualit\u00e9 en Tunisie et dans le monde","publisher":{"@id":"https:\/\/kapitalis.com\/tunisie\/#organization"},"potentialAction":[{"@type":"SearchAction","target":{"@type":"EntryPoint","urlTemplate":"https:\/\/kapitalis.com\/tunisie\/?s={search_term_string}"},"query-input":{"@type":"PropertyValueSpecification","valueRequired":true,"valueName":"search_term_string"}}],"inLanguage":"fr-FR"},{"@type":"Organization","@id":"https:\/\/kapitalis.com\/tunisie\/#organization","name":"Kapitalis","url":"https:\/\/kapitalis.com\/tunisie\/","logo":{"@type":"ImageObject","inLanguage":"fr-FR","@id":"https:\/\/kapitalis.com\/tunisie\/#\/schema\/logo\/image\/","url":"https:\/\/kapitalis.com\/tunisie\/wp-content\/uploads\/2022\/05\/Kapitalis-big-size.png","contentUrl":"https:\/\/kapitalis.com\/tunisie\/wp-content\/uploads\/2022\/05\/Kapitalis-big-size.png","width":5000,"height":1500,"caption":"Kapitalis"},"image":{"@id":"https:\/\/kapitalis.com\/tunisie\/#\/schema\/logo\/image\/"},"sameAs":["https:\/\/www.facebook.com\/KapitalisInfo\/","https:\/\/x.com\/KapitalisInfo","https:\/\/www.youtube.com\/channel\/UC-yDYrHyfFBWWZaOw3FPg9Q"]},{"@type":"Person","@id":"https:\/\/kapitalis.com\/tunisie\/#\/schema\/person\/d71f33a9ca44f7bad4698210b480c8e9","name":"webmaster kapitalis","url":"https:\/\/kapitalis.com\/tunisie\/author\/webmaster-kapitalis\/"}]}},"_links":{"self":[{"href":"https:\/\/kapitalis.com\/tunisie\/wp-json\/wp\/v2\/posts\/19575529","targetHints":{"allow":["GET"]}}],"collection":[{"href":"https:\/\/kapitalis.com\/tunisie\/wp-json\/wp\/v2\/posts"}],"about":[{"href":"https:\/\/kapitalis.com\/tunisie\/wp-json\/wp\/v2\/types\/post"}],"author":[{"embeddable":true,"href":"https:\/\/kapitalis.com\/tunisie\/wp-json\/wp\/v2\/users\/8"}],"replies":[{"embeddable":true,"href":"https:\/\/kapitalis.com\/tunisie\/wp-json\/wp\/v2\/comments?post=19575529"}],"version-history":[{"count":1,"href":"https:\/\/kapitalis.com\/tunisie\/wp-json\/wp\/v2\/posts\/19575529\/revisions"}],"predecessor-version":[{"id":19575609,"href":"https:\/\/kapitalis.com\/tunisie\/wp-json\/wp\/v2\/posts\/19575529\/revisions\/19575609"}],"wp:featuredmedia":[{"embeddable":true,"href":"https:\/\/kapitalis.com\/tunisie\/wp-json\/wp\/v2\/media\/19575578"}],"wp:attachment":[{"href":"https:\/\/kapitalis.com\/tunisie\/wp-json\/wp\/v2\/media?parent=19575529"}],"wp:term":[{"taxonomy":"category","embeddable":true,"href":"https:\/\/kapitalis.com\/tunisie\/wp-json\/wp\/v2\/categories?post=19575529"},{"taxonomy":"post_tag","embeddable":true,"href":"https:\/\/kapitalis.com\/tunisie\/wp-json\/wp\/v2\/tags?post=19575529"}],"curies":[{"name":"wp","href":"https:\/\/api.w.org\/{rel}","templated":true}]}}