{"id":19575809,"date":"2026-09-05T11:22:59","date_gmt":"2026-09-05T10:22:59","guid":{"rendered":"https:\/\/kapitalis.com\/tunisie\/?p=19575809"},"modified":"2026-09-05T11:28:33","modified_gmt":"2026-09-05T10:28:33","slug":"le-depute-mohmed-ali-solidaire-avec-le-journaliste-mohamed-yousfi","status":"publish","type":"post","link":"https:\/\/kapitalis.com\/tunisie\/2026\/09\/05\/le-depute-mohmed-ali-solidaire-avec-le-journaliste-mohamed-yousfi\/","title":{"rendered":"Le d\u00e9put\u00e9 Mohamed Ali solidaire avec le journaliste Mohamed Yousfi"},"content":{"rendered":"\n<p class=\"wp-block-paragraph\"><strong><em>Mohamed Ali, d\u00e9put\u00e9 de l\u2019Assembl\u00e9e des repr\u00e9sentants du peuple (ARP), a r\u00e9agi sur les r\u00e9seaux sociaux \u00e0 l\u2019<a href=\"https:\/\/kapitalis.com\/tunisie\/2026\/09\/05\/tunisie-larrestation-du-journaliste-mohamed-yousfi-suscite-une-vague-dindignation\/\" target=\"_blank\" rel=\"noreferrer noopener\">interpellation du journaliste Mohamed Yousfi<\/a>, r\u00e9dacteur en chef du m\u00e9dia Alqatiba, qui a eu lieu, dans la soir\u00e9e du vendredi 4 septembre 2026, devant les locaux de la radio Express FM, o\u00f9 il devait intervenir \u00e0 18 heures, aux c\u00f4t\u00e9s de son confr\u00e8re Walid Ben Rhouma, dans une \u00e9mission consacr\u00e9e \u00e0 la crise de l\u2019eau en Tunisie.<\/em><\/strong><\/p>\n\n\n\n<!--more-->\n\n\n\n<p class=\"wp-block-paragraph\"><em>\u00abToute ma solidarit\u00e9 avec le journaliste ind\u00e9pendant Mohamed Yousfi, interpell\u00e9 \u00a0dans un contexte pr\u00e9c\u00e9d\u00e9 d\u2019une campagne d\u2019incitation syst\u00e9matique sur les r\u00e9seaux sociaux\u00bb<\/em>, a \u00e9crit le d\u00e9put\u00e9, ajoutant que <em>\u00abla concomitance entre cette incitation et l\u2019interpellation soul\u00e8ve des questions s\u00e9rieuses qu\u2019il n\u2019est plus possible d\u2019ignorer ; en effet, les campagnes de diffamation et de pression exerc\u00e9es sur les journalistes ne sauraient constituer un pr\u00e9lude \u2018\u2018normal\u2019\u2019 ou une justification tacite \u00e0 des arrestations et \u00e0 des poursuites<\/em> [judiciaires]\u00bb<\/p>\n\n\n\n<p class=\"wp-block-paragraph\"><em>\u00abMohamed Yousfi est un journaliste qui a choisi d\u2019exercer son m\u00e9tier en toute ind\u00e9pendance et de poser les questions qu\u2019il juge d\u2019int\u00e9r\u00eat public. \u00catre en d\u00e9saccord avec ses \u00e9crits ou ses propos ne saurait constituer un d\u00e9lit ; de m\u00eame, la critique et le d\u00e9bat public ne justifient pas que l\u2019on fasse d\u2019un journaliste une cible d\u2019incitation \u00e0 la haine, pour ensuite le placer en d\u00e9tention\u00bb<\/em>, a encore \u00e9crit le d\u00e9put\u00e9.<\/p>\n\n\n\n<p class=\"wp-block-paragraph\"><em>\u00abLa solidarit\u00e9 avec Mohamed Yousfi ne se limite pas \u00e0 la personne ; elle constitue une d\u00e9fense du droit du journaliste \u00e0 travailler librement et du droit de la soci\u00e9t\u00e9 \u00e0 une presse affranchie de l\u2019intimidation, de l\u2019incitation \u00e0 la haine et des arrestations. Nous refusons que l\u2019incitation \u00e0 la haine contre les journalistes devienne une banalit\u00e9. Nous exigeons que toute la lumi\u00e8re soit faite sur les circonstances de l\u2019interpellation de Mohamed Yousfi et que ses droits l\u00e9gaux soient garantis. Nous refusons \u00e9galement que les r\u00e9seaux sociaux se transforment en un espace o\u00f9 l\u2019on d\u00e9cide arbitrairement qui doit \u00eatre poursuivi et qui doit \u00eatre laiss\u00e9 tranquille\u00bb<\/em>, a soulign\u00e9 Mohamed Ali. E de conclure&nbsp;: <em>\u00abLibert\u00e9 pour Mohamed Yousfi, et solidarit\u00e9 avec tout journaliste qui paie le prix de son attachement \u00e0 sa libert\u00e9 et \u00e0 son ind\u00e9pendance\u00bb<\/em>.<\/p>\n\n\n\n<p class=\"wp-block-paragraph\">Plac\u00e9 en garde-\u00e0-vue, Mohamed Yousfi serait vis\u00e9 par une information judiciaire du P\u00f4le judiciaire \u00e9conomique et financier. Il serait soup\u00e7onn\u00e9 d\u2019entente pour nuire aux personnes et aux biens, d\u2019enrichissement illicite et de blanchiment d\u2019argent li\u00e9s \u00e0 des flux financiers associatifs de son m\u00e9dia d\u2019investigation. Ses coll\u00e8gues affirment qu\u2019il a \u00e9t\u00e9 arr\u00eat\u00e9 pour faire taire sa voix ind\u00e9pendante et libre et, \u00e0 travers lui, intimider les journalistes soucieux de faire honn\u00eatement leur travail d&rsquo;information et d&rsquo;analyse de la grave situation r\u00e9gnant dans le pays.<\/p>\n\n\n\n<p class=\"has-text-align-right wp-block-paragraph\"><strong>I. B.<\/strong><\/p>\n\n\n\n<figure class=\"wp-block-embed alignleft is-type-wp-embed is-provider-kapitalis wp-block-embed-kapitalis\"><div class=\"wp-block-embed__wrapper\">\n<blockquote class=\"wp-embedded-content\" data-secret=\"pcEchISyN6\"><a href=\"https:\/\/kapitalis.com\/tunisie\/2026\/09\/05\/tunisie-larrestation-du-journaliste-mohamed-yousfi-suscite-une-vague-dindignation\/\">Tunisie | L\u2019arrestation du journaliste Mohamed Yousfi suscite une vague d\u2019indignation<\/a><\/blockquote><iframe loading=\"lazy\" class=\"wp-embedded-content\" sandbox=\"allow-scripts\" security=\"restricted\" style=\"position: absolute; visibility: hidden;\" title=\"\u00ab\u00a0Tunisie | L\u2019arrestation du journaliste Mohamed Yousfi suscite une vague d\u2019indignation\u00a0\u00bb \u2014 Kapitalis\" src=\"https:\/\/kapitalis.com\/tunisie\/2026\/09\/05\/tunisie-larrestation-du-journaliste-mohamed-yousfi-suscite-une-vague-dindignation\/embed\/#?secret=5IU5hROcIQ#?secret=pcEchISyN6\" data-secret=\"pcEchISyN6\" width=\"600\" height=\"338\" frameborder=\"0\" marginwidth=\"0\" marginheight=\"0\" scrolling=\"no\"><\/iframe>\n<\/div><\/figure>\n","protected":false},"excerpt":{"rendered":"<p>Le d\u00e9put\u00e9 Mohamed Ali a exprim\u00e9 sa solidarit\u00e9 avec le journaliste Mohamed Yousfi, arr\u00eat\u00e9 et plac\u00e9 en garde \u00e0 vue hier soir.  <\/p>\n","protected":false},"author":8,"featured_media":19575859,"comment_status":"open","ping_status":"open","sticky":false,"template":"","format":"standard","meta":{"footnotes":""},"categories":[996,997,2433],"tags":[129977,20470,129976,129986,129987],"class_list":["post-19575809","post","type-post","status-publish","format-standard","has-post-thumbnail","hentry","category-media","category-politique","category-tunisie","tag-alqatiba","tag-express-fm","tag-mohamed-yousfi","tag-mohmed-ali","tag-walid-ben-rhouma"],"yoast_head":"<!-- This site is optimized with the Yoast SEO plugin v26.6 - https:\/\/yoast.com\/wordpress\/plugins\/seo\/ -->\n<title>Le d\u00e9put\u00e9 Mohamed Ali solidaire avec le journaliste Mohamed Yousfi - Kapitalis<\/title>\n<meta name=\"description\" content=\"Le d\u00e9put\u00e9 Mohamed Ali a exprim\u00e9 sa solidarit\u00e9 avec le journaliste Mohamed Yousfi, arr\u00eat\u00e9 et plac\u00e9 en garde \u00e0 vue hier soir.\" \/>\n<meta name=\"robots\" content=\"index, follow, max-snippet:-1, max-image-preview:large, max-video-preview:-1\" \/>\n<link rel=\"canonical\" href=\"https:\/\/kapitalis.com\/tunisie\/2026\/09\/05\/le-depute-mohmed-ali-solidaire-avec-le-journaliste-mohamed-yousfi\/\" \/>\n<meta property=\"og:locale\" content=\"fr_FR\" \/>\n<meta property=\"og:type\" content=\"article\" \/>\n<meta property=\"og:title\" content=\"Le d\u00e9put\u00e9 Mohamed Ali solidaire avec le journaliste Mohamed Yousfi - Kapitalis\" \/>\n<meta property=\"og:description\" content=\"Le d\u00e9put\u00e9 Mohamed Ali a exprim\u00e9 sa solidarit\u00e9 avec le journaliste Mohamed Yousfi, arr\u00eat\u00e9 et plac\u00e9 en garde \u00e0 vue hier soir.\" \/>\n<meta property=\"og:url\" content=\"https:\/\/kapitalis.com\/tunisie\/2026\/09\/05\/le-depute-mohmed-ali-solidaire-avec-le-journaliste-mohamed-yousfi\/\" \/>\n<meta property=\"og:site_name\" content=\"Kapitalis\" \/>\n<meta property=\"article:publisher\" content=\"https:\/\/www.facebook.com\/KapitalisInfo\/\" \/>\n<meta property=\"article:published_time\" content=\"2026-09-05T10:22:59+00:00\" \/>\n<meta property=\"article:modified_time\" content=\"2026-09-05T10:28:33+00:00\" \/>\n<meta property=\"og:image\" content=\"https:\/\/kapitalis.com\/tunisie\/wp-content\/uploads\/2026\/09\/Mohamed-Ali-Mohamed-Yousfi.jpg\" \/>\n\t<meta property=\"og:image:width\" content=\"1200\" \/>\n\t<meta property=\"og:image:height\" content=\"630\" \/>\n\t<meta property=\"og:image:type\" content=\"image\/jpeg\" \/>\n<meta name=\"author\" content=\"webmaster kapitalis\" \/>\n<meta name=\"twitter:card\" content=\"summary_large_image\" \/>\n<meta name=\"twitter:creator\" content=\"@KapitalisInfo\" \/>\n<meta name=\"twitter:site\" content=\"@KapitalisInfo\" \/>\n<meta name=\"twitter:label1\" content=\"\u00c9crit par\" \/>\n\t<meta name=\"twitter:data1\" content=\"webmaster kapitalis\" \/>\n\t<meta name=\"twitter:label2\" content=\"Dur\u00e9e de lecture estim\u00e9e\" \/>\n\t<meta name=\"twitter:data2\" content=\"3 minutes\" \/>\n<script type=\"application\/ld+json\" class=\"yoast-schema-graph\">{\"@context\":\"https:\/\/schema.org\",\"@graph\":[{\"@type\":\"Article\",\"@id\":\"https:\/\/kapitalis.com\/tunisie\/2026\/09\/05\/le-depute-mohmed-ali-solidaire-avec-le-journaliste-mohamed-yousfi\/#article\",\"isPartOf\":{\"@id\":\"https:\/\/kapitalis.com\/tunisie\/2026\/09\/05\/le-depute-mohmed-ali-solidaire-avec-le-journaliste-mohamed-yousfi\/\"},\"author\":{\"name\":\"webmaster kapitalis\",\"@id\":\"https:\/\/kapitalis.com\/tunisie\/#\/schema\/person\/d71f33a9ca44f7bad4698210b480c8e9\"},\"headline\":\"Le d\u00e9put\u00e9 Mohamed Ali solidaire avec le journaliste Mohamed Yousfi\",\"datePublished\":\"2026-09-05T10:22:59+00:00\",\"dateModified\":\"2026-09-05T10:28:33+00:00\",\"mainEntityOfPage\":{\"@id\":\"https:\/\/kapitalis.com\/tunisie\/2026\/09\/05\/le-depute-mohmed-ali-solidaire-avec-le-journaliste-mohamed-yousfi\/\"},\"wordCount\":512,\"commentCount\":0,\"publisher\":{\"@id\":\"https:\/\/kapitalis.com\/tunisie\/#organization\"},\"image\":{\"@id\":\"https:\/\/kapitalis.com\/tunisie\/2026\/09\/05\/le-depute-mohmed-ali-solidaire-avec-le-journaliste-mohamed-yousfi\/#primaryimage\"},\"thumbnailUrl\":\"https:\/\/kapitalis.com\/tunisie\/wp-content\/uploads\/2026\/09\/Mohamed-Ali-Mohamed-Yousfi.jpg\",\"keywords\":[\"Alqatiba\",\"Express FM\",\"Mohamed Yousfi\",\"Mohmed Ali\",\"Walid Ben Rhouma\"],\"articleSection\":[\"MEDIA\",\"POLITIQUE\",\"Tunisie\"],\"inLanguage\":\"fr-FR\",\"potentialAction\":[{\"@type\":\"CommentAction\",\"name\":\"Comment\",\"target\":[\"https:\/\/kapitalis.com\/tunisie\/2026\/09\/05\/le-depute-mohmed-ali-solidaire-avec-le-journaliste-mohamed-yousfi\/#respond\"]}]},{\"@type\":\"WebPage\",\"@id\":\"https:\/\/kapitalis.com\/tunisie\/2026\/09\/05\/le-depute-mohmed-ali-solidaire-avec-le-journaliste-mohamed-yousfi\/\",\"url\":\"https:\/\/kapitalis.com\/tunisie\/2026\/09\/05\/le-depute-mohmed-ali-solidaire-avec-le-journaliste-mohamed-yousfi\/\",\"name\":\"Le d\u00e9put\u00e9 Mohamed Ali solidaire avec le journaliste Mohamed Yousfi - Kapitalis\",\"isPartOf\":{\"@id\":\"https:\/\/kapitalis.com\/tunisie\/#website\"},\"primaryImageOfPage\":{\"@id\":\"https:\/\/kapitalis.com\/tunisie\/2026\/09\/05\/le-depute-mohmed-ali-solidaire-avec-le-journaliste-mohamed-yousfi\/#primaryimage\"},\"image\":{\"@id\":\"https:\/\/kapitalis.com\/tunisie\/2026\/09\/05\/le-depute-mohmed-ali-solidaire-avec-le-journaliste-mohamed-yousfi\/#primaryimage\"},\"thumbnailUrl\":\"https:\/\/kapitalis.com\/tunisie\/wp-content\/uploads\/2026\/09\/Mohamed-Ali-Mohamed-Yousfi.jpg\",\"datePublished\":\"2026-09-05T10:22:59+00:00\",\"dateModified\":\"2026-09-05T10:28:33+00:00\",\"description\":\"Le d\u00e9put\u00e9 Mohamed Ali a exprim\u00e9 sa solidarit\u00e9 avec le journaliste Mohamed Yousfi, arr\u00eat\u00e9 et plac\u00e9 en garde \u00e0 vue hier soir.\",\"breadcrumb\":{\"@id\":\"https:\/\/kapitalis.com\/tunisie\/2026\/09\/05\/le-depute-mohmed-ali-solidaire-avec-le-journaliste-mohamed-yousfi\/#breadcrumb\"},\"inLanguage\":\"fr-FR\",\"potentialAction\":[{\"@type\":\"ReadAction\",\"target\":[\"https:\/\/kapitalis.com\/tunisie\/2026\/09\/05\/le-depute-mohmed-ali-solidaire-avec-le-journaliste-mohamed-yousfi\/\"]}]},{\"@type\":\"ImageObject\",\"inLanguage\":\"fr-FR\",\"@id\":\"https:\/\/kapitalis.com\/tunisie\/2026\/09\/05\/le-depute-mohmed-ali-solidaire-avec-le-journaliste-mohamed-yousfi\/#primaryimage\",\"url\":\"https:\/\/kapitalis.com\/tunisie\/wp-content\/uploads\/2026\/09\/Mohamed-Ali-Mohamed-Yousfi.jpg\",\"contentUrl\":\"https:\/\/kapitalis.com\/tunisie\/wp-content\/uploads\/2026\/09\/Mohamed-Ali-Mohamed-Yousfi.jpg\",\"width\":1200,\"height\":630},{\"@type\":\"BreadcrumbList\",\"@id\":\"https:\/\/kapitalis.com\/tunisie\/2026\/09\/05\/le-depute-mohmed-ali-solidaire-avec-le-journaliste-mohamed-yousfi\/#breadcrumb\",\"itemListElement\":[{\"@type\":\"ListItem\",\"position\":1,\"name\":\"Accueil\",\"item\":\"https:\/\/kapitalis.com\/tunisie\/\"},{\"@type\":\"ListItem\",\"position\":2,\"name\":\"Le d\u00e9put\u00e9 Mohamed Ali solidaire avec le journaliste Mohamed Yousfi\"}]},{\"@type\":\"WebSite\",\"@id\":\"https:\/\/kapitalis.com\/tunisie\/#website\",\"url\":\"https:\/\/kapitalis.com\/tunisie\/\",\"name\":\"Kapitalis\",\"description\":\"L&#039;actualit\u00e9 en Tunisie et dans le monde\",\"publisher\":{\"@id\":\"https:\/\/kapitalis.com\/tunisie\/#organization\"},\"potentialAction\":[{\"@type\":\"SearchAction\",\"target\":{\"@type\":\"EntryPoint\",\"urlTemplate\":\"https:\/\/kapitalis.com\/tunisie\/?s={search_term_string}\"},\"query-input\":{\"@type\":\"PropertyValueSpecification\",\"valueRequired\":true,\"valueName\":\"search_term_string\"}}],\"inLanguage\":\"fr-FR\"},{\"@type\":\"Organization\",\"@id\":\"https:\/\/kapitalis.com\/tunisie\/#organization\",\"name\":\"Kapitalis\",\"url\":\"https:\/\/kapitalis.com\/tunisie\/\",\"logo\":{\"@type\":\"ImageObject\",\"inLanguage\":\"fr-FR\",\"@id\":\"https:\/\/kapitalis.com\/tunisie\/#\/schema\/logo\/image\/\",\"url\":\"https:\/\/kapitalis.com\/tunisie\/wp-content\/uploads\/2022\/05\/Kapitalis-big-size.png\",\"contentUrl\":\"https:\/\/kapitalis.com\/tunisie\/wp-content\/uploads\/2022\/05\/Kapitalis-big-size.png\",\"width\":5000,\"height\":1500,\"caption\":\"Kapitalis\"},\"image\":{\"@id\":\"https:\/\/kapitalis.com\/tunisie\/#\/schema\/logo\/image\/\"},\"sameAs\":[\"https:\/\/www.facebook.com\/KapitalisInfo\/\",\"https:\/\/x.com\/KapitalisInfo\",\"https:\/\/www.youtube.com\/channel\/UC-yDYrHyfFBWWZaOw3FPg9Q\"]},{\"@type\":\"Person\",\"@id\":\"https:\/\/kapitalis.com\/tunisie\/#\/schema\/person\/d71f33a9ca44f7bad4698210b480c8e9\",\"name\":\"webmaster kapitalis\",\"url\":\"https:\/\/kapitalis.com\/tunisie\/author\/webmaster-kapitalis\/\"}]}<\/script>\n<!-- \/ Yoast SEO plugin. -->","yoast_head_json":{"title":"Le d\u00e9put\u00e9 Mohamed Ali solidaire avec le journaliste Mohamed Yousfi - Kapitalis","description":"Le d\u00e9put\u00e9 Mohamed Ali a exprim\u00e9 sa solidarit\u00e9 avec le journaliste Mohamed Yousfi, arr\u00eat\u00e9 et plac\u00e9 en garde \u00e0 vue hier soir.","robots":{"index":"index","follow":"follow","max-snippet":"max-snippet:-1","max-image-preview":"max-image-preview:large","max-video-preview":"max-video-preview:-1"},"canonical":"https:\/\/kapitalis.com\/tunisie\/2026\/09\/05\/le-depute-mohmed-ali-solidaire-avec-le-journaliste-mohamed-yousfi\/","og_locale":"fr_FR","og_type":"article","og_title":"Le d\u00e9put\u00e9 Mohamed Ali solidaire avec le journaliste Mohamed Yousfi - Kapitalis","og_description":"Le d\u00e9put\u00e9 Mohamed Ali a exprim\u00e9 sa solidarit\u00e9 avec le journaliste Mohamed Yousfi, arr\u00eat\u00e9 et plac\u00e9 en garde \u00e0 vue hier soir.","og_url":"https:\/\/kapitalis.com\/tunisie\/2026\/09\/05\/le-depute-mohmed-ali-solidaire-avec-le-journaliste-mohamed-yousfi\/","og_site_name":"Kapitalis","article_publisher":"https:\/\/www.facebook.com\/KapitalisInfo\/","article_published_time":"2026-09-05T10:22:59+00:00","article_modified_time":"2026-09-05T10:28:33+00:00","og_image":[{"width":1200,"height":630,"url":"https:\/\/kapitalis.com\/tunisie\/wp-content\/uploads\/2026\/09\/Mohamed-Ali-Mohamed-Yousfi.jpg","type":"image\/jpeg"}],"author":"webmaster kapitalis","twitter_card":"summary_large_image","twitter_creator":"@KapitalisInfo","twitter_site":"@KapitalisInfo","twitter_misc":{"\u00c9crit par":"webmaster kapitalis","Dur\u00e9e de lecture estim\u00e9e":"3 minutes"},"schema":{"@context":"https:\/\/schema.org","@graph":[{"@type":"Article","@id":"https:\/\/kapitalis.com\/tunisie\/2026\/09\/05\/le-depute-mohmed-ali-solidaire-avec-le-journaliste-mohamed-yousfi\/#article","isPartOf":{"@id":"https:\/\/kapitalis.com\/tunisie\/2026\/09\/05\/le-depute-mohmed-ali-solidaire-avec-le-journaliste-mohamed-yousfi\/"},"author":{"name":"webmaster kapitalis","@id":"https:\/\/kapitalis.com\/tunisie\/#\/schema\/person\/d71f33a9ca44f7bad4698210b480c8e9"},"headline":"Le d\u00e9put\u00e9 Mohamed Ali solidaire avec le journaliste Mohamed Yousfi","datePublished":"2026-09-05T10:22:59+00:00","dateModified":"2026-09-05T10:28:33+00:00","mainEntityOfPage":{"@id":"https:\/\/kapitalis.com\/tunisie\/2026\/09\/05\/le-depute-mohmed-ali-solidaire-avec-le-journaliste-mohamed-yousfi\/"},"wordCount":512,"commentCount":0,"publisher":{"@id":"https:\/\/kapitalis.com\/tunisie\/#organization"},"image":{"@id":"https:\/\/kapitalis.com\/tunisie\/2026\/09\/05\/le-depute-mohmed-ali-solidaire-avec-le-journaliste-mohamed-yousfi\/#primaryimage"},"thumbnailUrl":"https:\/\/kapitalis.com\/tunisie\/wp-content\/uploads\/2026\/09\/Mohamed-Ali-Mohamed-Yousfi.jpg","keywords":["Alqatiba","Express FM","Mohamed Yousfi","Mohmed Ali","Walid Ben Rhouma"],"articleSection":["MEDIA","POLITIQUE","Tunisie"],"inLanguage":"fr-FR","potentialAction":[{"@type":"CommentAction","name":"Comment","target":["https:\/\/kapitalis.com\/tunisie\/2026\/09\/05\/le-depute-mohmed-ali-solidaire-avec-le-journaliste-mohamed-yousfi\/#respond"]}]},{"@type":"WebPage","@id":"https:\/\/kapitalis.com\/tunisie\/2026\/09\/05\/le-depute-mohmed-ali-solidaire-avec-le-journaliste-mohamed-yousfi\/","url":"https:\/\/kapitalis.com\/tunisie\/2026\/09\/05\/le-depute-mohmed-ali-solidaire-avec-le-journaliste-mohamed-yousfi\/","name":"Le d\u00e9put\u00e9 Mohamed Ali solidaire avec le journaliste Mohamed Yousfi - Kapitalis","isPartOf":{"@id":"https:\/\/kapitalis.com\/tunisie\/#website"},"primaryImageOfPage":{"@id":"https:\/\/kapitalis.com\/tunisie\/2026\/09\/05\/le-depute-mohmed-ali-solidaire-avec-le-journaliste-mohamed-yousfi\/#primaryimage"},"image":{"@id":"https:\/\/kapitalis.com\/tunisie\/2026\/09\/05\/le-depute-mohmed-ali-solidaire-avec-le-journaliste-mohamed-yousfi\/#primaryimage"},"thumbnailUrl":"https:\/\/kapitalis.com\/tunisie\/wp-content\/uploads\/2026\/09\/Mohamed-Ali-Mohamed-Yousfi.jpg","datePublished":"2026-09-05T10:22:59+00:00","dateModified":"2026-09-05T10:28:33+00:00","description":"Le d\u00e9put\u00e9 Mohamed Ali a exprim\u00e9 sa solidarit\u00e9 avec le journaliste Mohamed Yousfi, arr\u00eat\u00e9 et plac\u00e9 en garde \u00e0 vue hier soir.","breadcrumb":{"@id":"https:\/\/kapitalis.com\/tunisie\/2026\/09\/05\/le-depute-mohmed-ali-solidaire-avec-le-journaliste-mohamed-yousfi\/#breadcrumb"},"inLanguage":"fr-FR","potentialAction":[{"@type":"ReadAction","target":["https:\/\/kapitalis.com\/tunisie\/2026\/09\/05\/le-depute-mohmed-ali-solidaire-avec-le-journaliste-mohamed-yousfi\/"]}]},{"@type":"ImageObject","inLanguage":"fr-FR","@id":"https:\/\/kapitalis.com\/tunisie\/2026\/09\/05\/le-depute-mohmed-ali-solidaire-avec-le-journaliste-mohamed-yousfi\/#primaryimage","url":"https:\/\/kapitalis.com\/tunisie\/wp-content\/uploads\/2026\/09\/Mohamed-Ali-Mohamed-Yousfi.jpg","contentUrl":"https:\/\/kapitalis.com\/tunisie\/wp-content\/uploads\/2026\/09\/Mohamed-Ali-Mohamed-Yousfi.jpg","width":1200,"height":630},{"@type":"BreadcrumbList","@id":"https:\/\/kapitalis.com\/tunisie\/2026\/09\/05\/le-depute-mohmed-ali-solidaire-avec-le-journaliste-mohamed-yousfi\/#breadcrumb","itemListElement":[{"@type":"ListItem","position":1,"name":"Accueil","item":"https:\/\/kapitalis.com\/tunisie\/"},{"@type":"ListItem","position":2,"name":"Le d\u00e9put\u00e9 Mohamed Ali solidaire avec le journaliste Mohamed Yousfi"}]},{"@type":"WebSite","@id":"https:\/\/kapitalis.com\/tunisie\/#website","url":"https:\/\/kapitalis.com\/tunisie\/","name":"Kapitalis","description":"L&#039;actualit\u00e9 en Tunisie et dans le monde","publisher":{"@id":"https:\/\/kapitalis.com\/tunisie\/#organization"},"potentialAction":[{"@type":"SearchAction","target":{"@type":"EntryPoint","urlTemplate":"https:\/\/kapitalis.com\/tunisie\/?s={search_term_string}"},"query-input":{"@type":"PropertyValueSpecification","valueRequired":true,"valueName":"search_term_string"}}],"inLanguage":"fr-FR"},{"@type":"Organization","@id":"https:\/\/kapitalis.com\/tunisie\/#organization","name":"Kapitalis","url":"https:\/\/kapitalis.com\/tunisie\/","logo":{"@type":"ImageObject","inLanguage":"fr-FR","@id":"https:\/\/kapitalis.com\/tunisie\/#\/schema\/logo\/image\/","url":"https:\/\/kapitalis.com\/tunisie\/wp-content\/uploads\/2022\/05\/Kapitalis-big-size.png","contentUrl":"https:\/\/kapitalis.com\/tunisie\/wp-content\/uploads\/2022\/05\/Kapitalis-big-size.png","width":5000,"height":1500,"caption":"Kapitalis"},"image":{"@id":"https:\/\/kapitalis.com\/tunisie\/#\/schema\/logo\/image\/"},"sameAs":["https:\/\/www.facebook.com\/KapitalisInfo\/","https:\/\/x.com\/KapitalisInfo","https:\/\/www.youtube.com\/channel\/UC-yDYrHyfFBWWZaOw3FPg9Q"]},{"@type":"Person","@id":"https:\/\/kapitalis.com\/tunisie\/#\/schema\/person\/d71f33a9ca44f7bad4698210b480c8e9","name":"webmaster kapitalis","url":"https:\/\/kapitalis.com\/tunisie\/author\/webmaster-kapitalis\/"}]}},"_links":{"self":[{"href":"https:\/\/kapitalis.com\/tunisie\/wp-json\/wp\/v2\/posts\/19575809","targetHints":{"allow":["GET"]}}],"collection":[{"href":"https:\/\/kapitalis.com\/tunisie\/wp-json\/wp\/v2\/posts"}],"about":[{"href":"https:\/\/kapitalis.com\/tunisie\/wp-json\/wp\/v2\/types\/post"}],"author":[{"embeddable":true,"href":"https:\/\/kapitalis.com\/tunisie\/wp-json\/wp\/v2\/users\/8"}],"replies":[{"embeddable":true,"href":"https:\/\/kapitalis.com\/tunisie\/wp-json\/wp\/v2\/comments?post=19575809"}],"version-history":[{"count":3,"href":"https:\/\/kapitalis.com\/tunisie\/wp-json\/wp\/v2\/posts\/19575809\/revisions"}],"predecessor-version":[{"id":19575923,"href":"https:\/\/kapitalis.com\/tunisie\/wp-json\/wp\/v2\/posts\/19575809\/revisions\/19575923"}],"wp:featuredmedia":[{"embeddable":true,"href":"https:\/\/kapitalis.com\/tunisie\/wp-json\/wp\/v2\/media\/19575859"}],"wp:attachment":[{"href":"https:\/\/kapitalis.com\/tunisie\/wp-json\/wp\/v2\/media?parent=19575809"}],"wp:term":[{"taxonomy":"category","embeddable":true,"href":"https:\/\/kapitalis.com\/tunisie\/wp-json\/wp\/v2\/categories?post=19575809"},{"taxonomy":"post_tag","embeddable":true,"href":"https:\/\/kapitalis.com\/tunisie\/wp-json\/wp\/v2\/tags?post=19575809"}],"curies":[{"name":"wp","href":"https:\/\/api.w.org\/{rel}","templated":true}]}}