{"id":19576014,"date":"2026-09-05T11:47:13","date_gmt":"2026-09-05T10:47:13","guid":{"rendered":"https:\/\/kapitalis.com\/tunisie\/?p=19576014"},"modified":"2026-09-05T11:47:15","modified_gmt":"2026-09-05T10:47:15","slug":"tunisie-la-fij-exige-la-liberation-immediate-du-journaliste-mohamed-yousfi","status":"publish","type":"post","link":"https:\/\/kapitalis.com\/tunisie\/2026\/09\/05\/tunisie-la-fij-exige-la-liberation-immediate-du-journaliste-mohamed-yousfi\/","title":{"rendered":"Tunisie | La FIJ exige la lib\u00e9ration imm\u00e9diate du journaliste Mohamed Yousfi"},"content":{"rendered":"\n<p class=\"wp-block-paragraph\"><strong><em>Dans un communiqu\u00e9 publi\u00e9 ce samedi 5 septembre 2026, la F\u00e9d\u00e9ration internationale des journalistes (FIJ) s\u2019est jointe au Syndicat national des journalistes tunisiens (SNJT), pour exiger la lib\u00e9ration imm\u00e9diate du journaliste <a href=\"https:\/\/kapitalis.com\/tunisie\/2026\/09\/05\/tunisie-larrestation-du-journaliste-mohamed-yousfi-suscite-une-vague-dindignation\/\" target=\"_blank\" rel=\"noreferrer noopener\">Mohamed Yousfi, arr\u00eat\u00e9<\/a> la veille devant les locaux d\u2019Express FM, \u00e0 Tunis, alors qu\u2019il s\u2019appr\u00eatait \u00e0 participer \u00e0 une \u00e9mission consacr\u00e9e \u00e0 la politique de l\u2019eau en Tunisie.<\/em><\/strong><\/p>\n\n\n\n<!--more-->\n\n\n\n<p class=\"wp-block-paragraph\">Le journaliste, rappelons-le, a \u00e9t\u00e9 conduit \u00e0 la troisi\u00e8me brigade centrale d\u2019enqu\u00eate sur les crimes financiers complexes de la Garde nationale, situ\u00e9e \u00e0 El Aouina, \u00e0 Tunis et plac\u00e9 en garde.<\/p>\n\n\n\n<p class=\"wp-block-paragraph\">Selon les informations recueillies par le&nbsp;<a href=\"https:\/\/www.facebook.com\/snjt.tunisie\" target=\"_blank\" rel=\"noopener\">SNJT<\/a>&nbsp;aupr\u00e8s de son \u00e9quipe juridique, Mohamed Yousfi a \u00e9t\u00e9 interrog\u00e9 sur des publications diffus\u00e9es sur Facebook, mais aussi sur son travail journalistique et la ligne \u00e9ditoriale d\u2019<em><a href=\"https:\/\/alqatiba.com\/\" target=\"_blank\" rel=\"noopener\">Alqatiba<\/a><\/em>, l\u2019un des m\u00e9dias ind\u00e9pendants de r\u00e9f\u00e9rence en Tunisie. Son arrestation intervient apr\u00e8s une campagne de d\u00e9nigrement et d\u2019incitation men\u00e9e contre lui sur les r\u00e9seaux sociaux.<\/p>\n\n\n\n<p class=\"wp-block-paragraph\"><em>\u00abMohamed Yousfi vient allonger la liste des journalistes emprisonn\u00e9s en Tunisie en raison de leur travail ou de leurs prises de position. Il rejoint notamment Mourad Zeghidi et Borhen Bsa\u00efes, d\u00e9tenus depuis mai 2024 et condamn\u00e9s \u00e0 de lourdes peines de prison, ainsi que Zied El Heni, arr\u00eat\u00e9 en avril 2026 et condamn\u00e9 \u00e0 un an de prison apr\u00e8s avoir critiqu\u00e9 une d\u00e9cision judiciaire\u00bb<\/em>, souligne la FIJ.<\/p>\n\n\n\n<p class=\"wp-block-paragraph\">Zied Dabbar, pr\u00e9sident du SNJT et vice-pr\u00e9sident de la FIJ, a d\u00e9clar\u00e9 : \u00ab<em>L\u2019arrestation de Mohamed Yousfi est directement li\u00e9e \u00e0 son travail journalistique ind\u00e9pendant et \u00e0 ses prises de position critiques. Lorsqu\u2019un journaliste peut \u00eatre arr\u00eat\u00e9 sur le chemin d\u2019un studio de radio, c\u2019est \u00e0 toute la profession qu\u2019un message d\u2019intimidation est adress\u00e9.&nbsp;Les journalistes tunisiens ne renonceront pourtant ni \u00e0 enqu\u00eater, ni \u00e0 interroger les responsables publics, ni \u00e0 exercer leur indispensable mission d\u2019information.<\/em>\u00bb<\/p>\n\n\n\n<p class=\"wp-block-paragraph\">Anthony Bellanger, secr\u00e9taire g\u00e9n\u00e9ral de la FIJ, a d\u00e9clar\u00e9 : \u00ab<em>Je connais personnellement Mohamed Yousfi. Je connais son engagement, son courage et son attachement \u00e0 un journalisme libre, rigoureux et de qualit\u00e9. Son travail au sein d\u2019Alqatiba et ses interventions critiques d\u00e9rangent manifestement le pouvoir. Son arrestation s\u2019inscrit directement dans la politique r\u00e9pressive tunisienne, qui vise, poursuit et emprisonne les journalistes. La Tunisie s\u2019enfonce chaque jour davantage dans la criminalisation du journalisme ind\u00e9pendant. Nous exigeons la lib\u00e9ration imm\u00e9diate de Mohamed et de tous les journalistes d\u00e9tenus.<\/em>\u00bb<\/p>\n\n\n\n<figure class=\"wp-block-embed alignleft is-type-wp-embed is-provider-kapitalis wp-block-embed-kapitalis\"><div class=\"wp-block-embed__wrapper\">\n<blockquote class=\"wp-embedded-content\" data-secret=\"5MzAeAqNxz\"><a href=\"https:\/\/kapitalis.com\/tunisie\/2026\/09\/05\/tunisie-larrestation-du-journaliste-mohamed-yousfi-suscite-une-vague-dindignation\/\">Tunisie | L\u2019arrestation du journaliste Mohamed Yousfi suscite une vague d\u2019indignation<\/a><\/blockquote><iframe loading=\"lazy\" class=\"wp-embedded-content\" sandbox=\"allow-scripts\" security=\"restricted\" style=\"position: absolute; visibility: hidden;\" title=\"\u00ab\u00a0Tunisie | L\u2019arrestation du journaliste Mohamed Yousfi suscite une vague d\u2019indignation\u00a0\u00bb \u2014 Kapitalis\" src=\"https:\/\/kapitalis.com\/tunisie\/2026\/09\/05\/tunisie-larrestation-du-journaliste-mohamed-yousfi-suscite-une-vague-dindignation\/embed\/#?secret=sj08W19dVK#?secret=5MzAeAqNxz\" data-secret=\"5MzAeAqNxz\" width=\"600\" height=\"338\" frameborder=\"0\" marginwidth=\"0\" marginheight=\"0\" scrolling=\"no\"><\/iframe>\n<\/div><\/figure>\n","protected":false},"excerpt":{"rendered":"<p>La F\u00e9d\u00e9ration internationale des journalistes (FIJ) exige la lib\u00e9ration imm\u00e9diate du journaliste tunisien Mohamed Yousfi. <\/p>\n","protected":false},"author":8,"featured_media":19576068,"comment_status":"open","ping_status":"open","sticky":false,"template":"","format":"standard","meta":{"footnotes":""},"categories":[996,997,2433],"tags":[129977,89743,29058,1382,129976,99952,838,62643,67049,109455],"class_list":["post-19576014","post","type-post","status-publish","format-standard","has-post-thumbnail","hentry","category-media","category-politique","category-tunisie","tag-alqatiba","tag-anthony-bellanger","tag-borhen-bsaies","tag-fij","tag-mohamed-yousfi","tag-mourad-zeghidi","tag-snjt","tag-tunisie","tag-zied-dabbar","tag-zied-el-heni-3"],"yoast_head":"<!-- This site is optimized with the Yoast SEO plugin v26.6 - https:\/\/yoast.com\/wordpress\/plugins\/seo\/ -->\n<title>Tunisie | La FIJ exige la lib\u00e9ration imm\u00e9diate du journaliste Mohamed Yousfi - Kapitalis<\/title>\n<meta name=\"robots\" content=\"index, follow, max-snippet:-1, max-image-preview:large, max-video-preview:-1\" \/>\n<link rel=\"canonical\" href=\"https:\/\/kapitalis.com\/tunisie\/2026\/09\/05\/tunisie-la-fij-exige-la-liberation-immediate-du-journaliste-mohamed-yousfi\/\" \/>\n<meta property=\"og:locale\" content=\"fr_FR\" \/>\n<meta property=\"og:type\" content=\"article\" \/>\n<meta property=\"og:title\" content=\"Tunisie | La FIJ exige la lib\u00e9ration imm\u00e9diate du journaliste Mohamed Yousfi - Kapitalis\" \/>\n<meta property=\"og:description\" content=\"La F\u00e9d\u00e9ration internationale des journalistes (FIJ) exige la lib\u00e9ration imm\u00e9diate du journaliste tunisien Mohamed Yousfi.\" \/>\n<meta property=\"og:url\" content=\"https:\/\/kapitalis.com\/tunisie\/2026\/09\/05\/tunisie-la-fij-exige-la-liberation-immediate-du-journaliste-mohamed-yousfi\/\" \/>\n<meta property=\"og:site_name\" content=\"Kapitalis\" \/>\n<meta property=\"article:publisher\" content=\"https:\/\/www.facebook.com\/KapitalisInfo\/\" \/>\n<meta property=\"article:published_time\" content=\"2026-09-05T10:47:13+00:00\" \/>\n<meta property=\"article:modified_time\" content=\"2026-09-05T10:47:15+00:00\" \/>\n<meta property=\"og:image\" content=\"https:\/\/kapitalis.com\/tunisie\/wp-content\/uploads\/2026\/09\/Mohamed-Yousfi-FIJ.jpg\" \/>\n\t<meta property=\"og:image:width\" content=\"1200\" \/>\n\t<meta property=\"og:image:height\" content=\"630\" \/>\n\t<meta property=\"og:image:type\" content=\"image\/jpeg\" \/>\n<meta name=\"author\" content=\"webmaster kapitalis\" \/>\n<meta name=\"twitter:card\" content=\"summary_large_image\" \/>\n<meta name=\"twitter:creator\" content=\"@KapitalisInfo\" \/>\n<meta name=\"twitter:site\" content=\"@KapitalisInfo\" \/>\n<meta name=\"twitter:label1\" content=\"\u00c9crit par\" \/>\n\t<meta name=\"twitter:data1\" content=\"webmaster kapitalis\" \/>\n\t<meta name=\"twitter:label2\" content=\"Dur\u00e9e de lecture estim\u00e9e\" \/>\n\t<meta name=\"twitter:data2\" content=\"3 minutes\" \/>\n<script type=\"application\/ld+json\" class=\"yoast-schema-graph\">{\"@context\":\"https:\/\/schema.org\",\"@graph\":[{\"@type\":\"Article\",\"@id\":\"https:\/\/kapitalis.com\/tunisie\/2026\/09\/05\/tunisie-la-fij-exige-la-liberation-immediate-du-journaliste-mohamed-yousfi\/#article\",\"isPartOf\":{\"@id\":\"https:\/\/kapitalis.com\/tunisie\/2026\/09\/05\/tunisie-la-fij-exige-la-liberation-immediate-du-journaliste-mohamed-yousfi\/\"},\"author\":{\"name\":\"webmaster kapitalis\",\"@id\":\"https:\/\/kapitalis.com\/tunisie\/#\/schema\/person\/d71f33a9ca44f7bad4698210b480c8e9\"},\"headline\":\"Tunisie | La FIJ exige la lib\u00e9ration imm\u00e9diate du journaliste Mohamed Yousfi\",\"datePublished\":\"2026-09-05T10:47:13+00:00\",\"dateModified\":\"2026-09-05T10:47:15+00:00\",\"mainEntityOfPage\":{\"@id\":\"https:\/\/kapitalis.com\/tunisie\/2026\/09\/05\/tunisie-la-fij-exige-la-liberation-immediate-du-journaliste-mohamed-yousfi\/\"},\"wordCount\":440,\"commentCount\":0,\"publisher\":{\"@id\":\"https:\/\/kapitalis.com\/tunisie\/#organization\"},\"image\":{\"@id\":\"https:\/\/kapitalis.com\/tunisie\/2026\/09\/05\/tunisie-la-fij-exige-la-liberation-immediate-du-journaliste-mohamed-yousfi\/#primaryimage\"},\"thumbnailUrl\":\"https:\/\/kapitalis.com\/tunisie\/wp-content\/uploads\/2026\/09\/Mohamed-Yousfi-FIJ.jpg\",\"keywords\":[\"Alqatiba\",\"Anthony Bellanger\",\"Borhen Bsa\u00efes\",\"FIJ\",\"Mohamed Yousfi\",\"Mourad Zeghidi\",\"SNJT\",\"Tunisie\",\"Zied Dabbar\",\"Zied El Heni\"],\"articleSection\":[\"MEDIA\",\"POLITIQUE\",\"Tunisie\"],\"inLanguage\":\"fr-FR\",\"potentialAction\":[{\"@type\":\"CommentAction\",\"name\":\"Comment\",\"target\":[\"https:\/\/kapitalis.com\/tunisie\/2026\/09\/05\/tunisie-la-fij-exige-la-liberation-immediate-du-journaliste-mohamed-yousfi\/#respond\"]}]},{\"@type\":\"WebPage\",\"@id\":\"https:\/\/kapitalis.com\/tunisie\/2026\/09\/05\/tunisie-la-fij-exige-la-liberation-immediate-du-journaliste-mohamed-yousfi\/\",\"url\":\"https:\/\/kapitalis.com\/tunisie\/2026\/09\/05\/tunisie-la-fij-exige-la-liberation-immediate-du-journaliste-mohamed-yousfi\/\",\"name\":\"Tunisie | La FIJ exige la lib\u00e9ration imm\u00e9diate du journaliste Mohamed Yousfi - Kapitalis\",\"isPartOf\":{\"@id\":\"https:\/\/kapitalis.com\/tunisie\/#website\"},\"primaryImageOfPage\":{\"@id\":\"https:\/\/kapitalis.com\/tunisie\/2026\/09\/05\/tunisie-la-fij-exige-la-liberation-immediate-du-journaliste-mohamed-yousfi\/#primaryimage\"},\"image\":{\"@id\":\"https:\/\/kapitalis.com\/tunisie\/2026\/09\/05\/tunisie-la-fij-exige-la-liberation-immediate-du-journaliste-mohamed-yousfi\/#primaryimage\"},\"thumbnailUrl\":\"https:\/\/kapitalis.com\/tunisie\/wp-content\/uploads\/2026\/09\/Mohamed-Yousfi-FIJ.jpg\",\"datePublished\":\"2026-09-05T10:47:13+00:00\",\"dateModified\":\"2026-09-05T10:47:15+00:00\",\"breadcrumb\":{\"@id\":\"https:\/\/kapitalis.com\/tunisie\/2026\/09\/05\/tunisie-la-fij-exige-la-liberation-immediate-du-journaliste-mohamed-yousfi\/#breadcrumb\"},\"inLanguage\":\"fr-FR\",\"potentialAction\":[{\"@type\":\"ReadAction\",\"target\":[\"https:\/\/kapitalis.com\/tunisie\/2026\/09\/05\/tunisie-la-fij-exige-la-liberation-immediate-du-journaliste-mohamed-yousfi\/\"]}]},{\"@type\":\"ImageObject\",\"inLanguage\":\"fr-FR\",\"@id\":\"https:\/\/kapitalis.com\/tunisie\/2026\/09\/05\/tunisie-la-fij-exige-la-liberation-immediate-du-journaliste-mohamed-yousfi\/#primaryimage\",\"url\":\"https:\/\/kapitalis.com\/tunisie\/wp-content\/uploads\/2026\/09\/Mohamed-Yousfi-FIJ.jpg\",\"contentUrl\":\"https:\/\/kapitalis.com\/tunisie\/wp-content\/uploads\/2026\/09\/Mohamed-Yousfi-FIJ.jpg\",\"width\":1200,\"height\":630},{\"@type\":\"BreadcrumbList\",\"@id\":\"https:\/\/kapitalis.com\/tunisie\/2026\/09\/05\/tunisie-la-fij-exige-la-liberation-immediate-du-journaliste-mohamed-yousfi\/#breadcrumb\",\"itemListElement\":[{\"@type\":\"ListItem\",\"position\":1,\"name\":\"Accueil\",\"item\":\"https:\/\/kapitalis.com\/tunisie\/\"},{\"@type\":\"ListItem\",\"position\":2,\"name\":\"Tunisie | La FIJ exige la lib\u00e9ration imm\u00e9diate du journaliste Mohamed Yousfi\"}]},{\"@type\":\"WebSite\",\"@id\":\"https:\/\/kapitalis.com\/tunisie\/#website\",\"url\":\"https:\/\/kapitalis.com\/tunisie\/\",\"name\":\"Kapitalis\",\"description\":\"L&#039;actualit\u00e9 en Tunisie et dans le monde\",\"publisher\":{\"@id\":\"https:\/\/kapitalis.com\/tunisie\/#organization\"},\"potentialAction\":[{\"@type\":\"SearchAction\",\"target\":{\"@type\":\"EntryPoint\",\"urlTemplate\":\"https:\/\/kapitalis.com\/tunisie\/?s={search_term_string}\"},\"query-input\":{\"@type\":\"PropertyValueSpecification\",\"valueRequired\":true,\"valueName\":\"search_term_string\"}}],\"inLanguage\":\"fr-FR\"},{\"@type\":\"Organization\",\"@id\":\"https:\/\/kapitalis.com\/tunisie\/#organization\",\"name\":\"Kapitalis\",\"url\":\"https:\/\/kapitalis.com\/tunisie\/\",\"logo\":{\"@type\":\"ImageObject\",\"inLanguage\":\"fr-FR\",\"@id\":\"https:\/\/kapitalis.com\/tunisie\/#\/schema\/logo\/image\/\",\"url\":\"https:\/\/kapitalis.com\/tunisie\/wp-content\/uploads\/2022\/05\/Kapitalis-big-size.png\",\"contentUrl\":\"https:\/\/kapitalis.com\/tunisie\/wp-content\/uploads\/2022\/05\/Kapitalis-big-size.png\",\"width\":5000,\"height\":1500,\"caption\":\"Kapitalis\"},\"image\":{\"@id\":\"https:\/\/kapitalis.com\/tunisie\/#\/schema\/logo\/image\/\"},\"sameAs\":[\"https:\/\/www.facebook.com\/KapitalisInfo\/\",\"https:\/\/x.com\/KapitalisInfo\",\"https:\/\/www.youtube.com\/channel\/UC-yDYrHyfFBWWZaOw3FPg9Q\"]},{\"@type\":\"Person\",\"@id\":\"https:\/\/kapitalis.com\/tunisie\/#\/schema\/person\/d71f33a9ca44f7bad4698210b480c8e9\",\"name\":\"webmaster kapitalis\",\"url\":\"https:\/\/kapitalis.com\/tunisie\/author\/webmaster-kapitalis\/\"}]}<\/script>\n<!-- \/ Yoast SEO plugin. -->","yoast_head_json":{"title":"Tunisie | La FIJ exige la lib\u00e9ration imm\u00e9diate du journaliste Mohamed Yousfi - Kapitalis","robots":{"index":"index","follow":"follow","max-snippet":"max-snippet:-1","max-image-preview":"max-image-preview:large","max-video-preview":"max-video-preview:-1"},"canonical":"https:\/\/kapitalis.com\/tunisie\/2026\/09\/05\/tunisie-la-fij-exige-la-liberation-immediate-du-journaliste-mohamed-yousfi\/","og_locale":"fr_FR","og_type":"article","og_title":"Tunisie | La FIJ exige la lib\u00e9ration imm\u00e9diate du journaliste Mohamed Yousfi - Kapitalis","og_description":"La F\u00e9d\u00e9ration internationale des journalistes (FIJ) exige la lib\u00e9ration imm\u00e9diate du journaliste tunisien Mohamed Yousfi.","og_url":"https:\/\/kapitalis.com\/tunisie\/2026\/09\/05\/tunisie-la-fij-exige-la-liberation-immediate-du-journaliste-mohamed-yousfi\/","og_site_name":"Kapitalis","article_publisher":"https:\/\/www.facebook.com\/KapitalisInfo\/","article_published_time":"2026-09-05T10:47:13+00:00","article_modified_time":"2026-09-05T10:47:15+00:00","og_image":[{"width":1200,"height":630,"url":"https:\/\/kapitalis.com\/tunisie\/wp-content\/uploads\/2026\/09\/Mohamed-Yousfi-FIJ.jpg","type":"image\/jpeg"}],"author":"webmaster kapitalis","twitter_card":"summary_large_image","twitter_creator":"@KapitalisInfo","twitter_site":"@KapitalisInfo","twitter_misc":{"\u00c9crit par":"webmaster kapitalis","Dur\u00e9e de lecture estim\u00e9e":"3 minutes"},"schema":{"@context":"https:\/\/schema.org","@graph":[{"@type":"Article","@id":"https:\/\/kapitalis.com\/tunisie\/2026\/09\/05\/tunisie-la-fij-exige-la-liberation-immediate-du-journaliste-mohamed-yousfi\/#article","isPartOf":{"@id":"https:\/\/kapitalis.com\/tunisie\/2026\/09\/05\/tunisie-la-fij-exige-la-liberation-immediate-du-journaliste-mohamed-yousfi\/"},"author":{"name":"webmaster kapitalis","@id":"https:\/\/kapitalis.com\/tunisie\/#\/schema\/person\/d71f33a9ca44f7bad4698210b480c8e9"},"headline":"Tunisie | La FIJ exige la lib\u00e9ration imm\u00e9diate du journaliste Mohamed Yousfi","datePublished":"2026-09-05T10:47:13+00:00","dateModified":"2026-09-05T10:47:15+00:00","mainEntityOfPage":{"@id":"https:\/\/kapitalis.com\/tunisie\/2026\/09\/05\/tunisie-la-fij-exige-la-liberation-immediate-du-journaliste-mohamed-yousfi\/"},"wordCount":440,"commentCount":0,"publisher":{"@id":"https:\/\/kapitalis.com\/tunisie\/#organization"},"image":{"@id":"https:\/\/kapitalis.com\/tunisie\/2026\/09\/05\/tunisie-la-fij-exige-la-liberation-immediate-du-journaliste-mohamed-yousfi\/#primaryimage"},"thumbnailUrl":"https:\/\/kapitalis.com\/tunisie\/wp-content\/uploads\/2026\/09\/Mohamed-Yousfi-FIJ.jpg","keywords":["Alqatiba","Anthony Bellanger","Borhen Bsa\u00efes","FIJ","Mohamed Yousfi","Mourad Zeghidi","SNJT","Tunisie","Zied Dabbar","Zied El Heni"],"articleSection":["MEDIA","POLITIQUE","Tunisie"],"inLanguage":"fr-FR","potentialAction":[{"@type":"CommentAction","name":"Comment","target":["https:\/\/kapitalis.com\/tunisie\/2026\/09\/05\/tunisie-la-fij-exige-la-liberation-immediate-du-journaliste-mohamed-yousfi\/#respond"]}]},{"@type":"WebPage","@id":"https:\/\/kapitalis.com\/tunisie\/2026\/09\/05\/tunisie-la-fij-exige-la-liberation-immediate-du-journaliste-mohamed-yousfi\/","url":"https:\/\/kapitalis.com\/tunisie\/2026\/09\/05\/tunisie-la-fij-exige-la-liberation-immediate-du-journaliste-mohamed-yousfi\/","name":"Tunisie | La FIJ exige la lib\u00e9ration imm\u00e9diate du journaliste Mohamed Yousfi - Kapitalis","isPartOf":{"@id":"https:\/\/kapitalis.com\/tunisie\/#website"},"primaryImageOfPage":{"@id":"https:\/\/kapitalis.com\/tunisie\/2026\/09\/05\/tunisie-la-fij-exige-la-liberation-immediate-du-journaliste-mohamed-yousfi\/#primaryimage"},"image":{"@id":"https:\/\/kapitalis.com\/tunisie\/2026\/09\/05\/tunisie-la-fij-exige-la-liberation-immediate-du-journaliste-mohamed-yousfi\/#primaryimage"},"thumbnailUrl":"https:\/\/kapitalis.com\/tunisie\/wp-content\/uploads\/2026\/09\/Mohamed-Yousfi-FIJ.jpg","datePublished":"2026-09-05T10:47:13+00:00","dateModified":"2026-09-05T10:47:15+00:00","breadcrumb":{"@id":"https:\/\/kapitalis.com\/tunisie\/2026\/09\/05\/tunisie-la-fij-exige-la-liberation-immediate-du-journaliste-mohamed-yousfi\/#breadcrumb"},"inLanguage":"fr-FR","potentialAction":[{"@type":"ReadAction","target":["https:\/\/kapitalis.com\/tunisie\/2026\/09\/05\/tunisie-la-fij-exige-la-liberation-immediate-du-journaliste-mohamed-yousfi\/"]}]},{"@type":"ImageObject","inLanguage":"fr-FR","@id":"https:\/\/kapitalis.com\/tunisie\/2026\/09\/05\/tunisie-la-fij-exige-la-liberation-immediate-du-journaliste-mohamed-yousfi\/#primaryimage","url":"https:\/\/kapitalis.com\/tunisie\/wp-content\/uploads\/2026\/09\/Mohamed-Yousfi-FIJ.jpg","contentUrl":"https:\/\/kapitalis.com\/tunisie\/wp-content\/uploads\/2026\/09\/Mohamed-Yousfi-FIJ.jpg","width":1200,"height":630},{"@type":"BreadcrumbList","@id":"https:\/\/kapitalis.com\/tunisie\/2026\/09\/05\/tunisie-la-fij-exige-la-liberation-immediate-du-journaliste-mohamed-yousfi\/#breadcrumb","itemListElement":[{"@type":"ListItem","position":1,"name":"Accueil","item":"https:\/\/kapitalis.com\/tunisie\/"},{"@type":"ListItem","position":2,"name":"Tunisie | La FIJ exige la lib\u00e9ration imm\u00e9diate du journaliste Mohamed Yousfi"}]},{"@type":"WebSite","@id":"https:\/\/kapitalis.com\/tunisie\/#website","url":"https:\/\/kapitalis.com\/tunisie\/","name":"Kapitalis","description":"L&#039;actualit\u00e9 en Tunisie et dans le monde","publisher":{"@id":"https:\/\/kapitalis.com\/tunisie\/#organization"},"potentialAction":[{"@type":"SearchAction","target":{"@type":"EntryPoint","urlTemplate":"https:\/\/kapitalis.com\/tunisie\/?s={search_term_string}"},"query-input":{"@type":"PropertyValueSpecification","valueRequired":true,"valueName":"search_term_string"}}],"inLanguage":"fr-FR"},{"@type":"Organization","@id":"https:\/\/kapitalis.com\/tunisie\/#organization","name":"Kapitalis","url":"https:\/\/kapitalis.com\/tunisie\/","logo":{"@type":"ImageObject","inLanguage":"fr-FR","@id":"https:\/\/kapitalis.com\/tunisie\/#\/schema\/logo\/image\/","url":"https:\/\/kapitalis.com\/tunisie\/wp-content\/uploads\/2022\/05\/Kapitalis-big-size.png","contentUrl":"https:\/\/kapitalis.com\/tunisie\/wp-content\/uploads\/2022\/05\/Kapitalis-big-size.png","width":5000,"height":1500,"caption":"Kapitalis"},"image":{"@id":"https:\/\/kapitalis.com\/tunisie\/#\/schema\/logo\/image\/"},"sameAs":["https:\/\/www.facebook.com\/KapitalisInfo\/","https:\/\/x.com\/KapitalisInfo","https:\/\/www.youtube.com\/channel\/UC-yDYrHyfFBWWZaOw3FPg9Q"]},{"@type":"Person","@id":"https:\/\/kapitalis.com\/tunisie\/#\/schema\/person\/d71f33a9ca44f7bad4698210b480c8e9","name":"webmaster kapitalis","url":"https:\/\/kapitalis.com\/tunisie\/author\/webmaster-kapitalis\/"}]}},"_links":{"self":[{"href":"https:\/\/kapitalis.com\/tunisie\/wp-json\/wp\/v2\/posts\/19576014","targetHints":{"allow":["GET"]}}],"collection":[{"href":"https:\/\/kapitalis.com\/tunisie\/wp-json\/wp\/v2\/posts"}],"about":[{"href":"https:\/\/kapitalis.com\/tunisie\/wp-json\/wp\/v2\/types\/post"}],"author":[{"embeddable":true,"href":"https:\/\/kapitalis.com\/tunisie\/wp-json\/wp\/v2\/users\/8"}],"replies":[{"embeddable":true,"href":"https:\/\/kapitalis.com\/tunisie\/wp-json\/wp\/v2\/comments?post=19576014"}],"version-history":[{"count":1,"href":"https:\/\/kapitalis.com\/tunisie\/wp-json\/wp\/v2\/posts\/19576014\/revisions"}],"predecessor-version":[{"id":19576075,"href":"https:\/\/kapitalis.com\/tunisie\/wp-json\/wp\/v2\/posts\/19576014\/revisions\/19576075"}],"wp:featuredmedia":[{"embeddable":true,"href":"https:\/\/kapitalis.com\/tunisie\/wp-json\/wp\/v2\/media\/19576068"}],"wp:attachment":[{"href":"https:\/\/kapitalis.com\/tunisie\/wp-json\/wp\/v2\/media?parent=19576014"}],"wp:term":[{"taxonomy":"category","embeddable":true,"href":"https:\/\/kapitalis.com\/tunisie\/wp-json\/wp\/v2\/categories?post=19576014"},{"taxonomy":"post_tag","embeddable":true,"href":"https:\/\/kapitalis.com\/tunisie\/wp-json\/wp\/v2\/tags?post=19576014"}],"curies":[{"name":"wp","href":"https:\/\/api.w.org\/{rel}","templated":true}]}}