{"id":19576501,"date":"2026-09-05T12:51:20","date_gmt":"2026-09-05T11:51:20","guid":{"rendered":"https:\/\/kapitalis.com\/tunisie\/?p=19576501"},"modified":"2026-09-05T12:51:25","modified_gmt":"2026-09-05T11:51:25","slug":"le-mensonge-a-les-jambes-courtes-la-verite-finira-par-eclater","status":"publish","type":"post","link":"https:\/\/kapitalis.com\/tunisie\/2026\/09\/05\/le-mensonge-a-les-jambes-courtes-la-verite-finira-par-eclater\/","title":{"rendered":"Le mensonge a les jambes courtes, la v\u00e9rit\u00e9 finira par \u00e9clater\u00a0!"},"content":{"rendered":"\n<p class=\"wp-block-paragraph\"><strong><em>Le journaliste Mohamed Yousfi, r\u00e9dacteur en chef du m\u00e9dia d\u2019investigation<a href=\"https:\/\/alqatiba.com\/\" target=\"_blank\" rel=\"noreferrer noopener\"> Alqatiba<\/a>, arr\u00eat\u00e9 et <a href=\"https:\/\/kapitalis.com\/tunisie\/2026\/09\/05\/tunisie-larrestation-du-journaliste-mohamed-yousfi-suscite-une-vague-dindignation\/\" target=\"_blank\" rel=\"noreferrer noopener\">plac\u00e9 en garde-\u00e0-vue<\/a> hier soir, vendredi 4 septembre 2026, a fait parvenir, par le biais de son avocate Hela Ben Salem, cette lettre \u00e0 ses coll\u00e8gues journalistes et aux Tunisiens en g\u00e9n\u00e9ral, pour les exhorter \u00e0 d\u00e9fendre leur dignit\u00e9 et leurs droits.\u00a0Nous traduisons cette lettre de l\u2019arabe et la reproduisons ci-dessous\u2026 \u00a0<\/em><\/strong><\/p>\n\n\n\n<p class=\"wp-block-paragraph\"><strong>Mohamed Yousfi<\/strong> *<\/p>\n\n\n\n<!--more-->\n\n\n<div class=\"wp-block-image\">\n<figure class=\"alignleft size-full is-resized\"><img decoding=\"async\" src=\"http:\/\/kapitalis.com\/tunisie\/wp-content\/uploads\/2016\/01\/Mohamed-Yousfi.jpg\" alt=\"\" class=\"wp-image-35194\" style=\"width:300px;height:auto\"\/><\/figure>\n<\/div>\n\n\n<p class=\"wp-block-paragraph\">Mon message aux journalistes ind\u00e9pendants de ce pays : N\u2019ayez pas peur ; continuez \u00e0 \u00e9crire, \u00e0 vous exprimer, \u00e0 porter la voix des citoyens, celle des personnes marginalis\u00e9es et opprim\u00e9es.<\/p>\n\n\n\n<p class=\"wp-block-paragraph\">D\u00e9fendez l\u2019\u00c9tat de droit, les droits humains et la dignit\u00e9 du citoyen tunisien \u2014 une dignit\u00e9 que nous avons perdue dans ce pays.<\/p>\n\n\n\n<p class=\"wp-block-paragraph\">Je m\u2019adresse tout particuli\u00e8rement \u00e0 mes coll\u00e8gues d\u2019Alqatiba : Poursuivez le chemin que nous avons trac\u00e9 ; n\u2019ayez crainte&nbsp;; j\u2019ai une immense confiance en vous. Les tentatives de harc\u00e8lement et d\u2019acharnement dont je fais l\u2019objet ne visent en r\u00e9alit\u00e9 qu\u2019\u00e0 atteindre Alqatiba et \u00e0 entraver la ligne \u00e9ditoriale ind\u00e9pendante de cette entreprise.<\/p>\n\n\n\n<p class=\"wp-block-paragraph\">Tous les Tunisiens connaissent la valeur de cette plateforme, ainsi que ses r\u00e9alisations et sa contribution au droit d\u2019acc\u00e8s \u00e0 l\u2019information et au journalisme d\u2019investigation.<\/p>\n\n\n\n<p class=\"wp-block-paragraph\">Aujourd\u2019hui, les faits, enqu\u00eates et donn\u00e9es pr\u00e9sent\u00e9s par Alqatiba sont utilis\u00e9s par la justice elle-m\u00eame comme r\u00e9f\u00e9rence dans des affaires majeures d\u2019\u00e9vasion fiscale, de blanchiment d\u2019argent et de corruption ; c&rsquo;est l\u2019un des derniers bastions de la libert\u00e9 de pens\u00e9e, d\u2019expression et de la presse.<\/p>\n\n\n\n<p class=\"wp-block-paragraph\">Ce n\u2019est pas Mohamed Yousfi qui est sanctionn\u00e9 aujourd\u2019hui, mais Alqatiba, pour son attachement \u00e0 son ind\u00e9pendance et aux valeurs journalistiques l\u00e9gu\u00e9es par la R\u00e9volution, au prix du sang des martyrs et des bless\u00e9s. Il est donc imp\u00e9ratif de poursuivre ce chemin, et j\u2019ai une confiance totale en mes coll\u00e8gues d\u2019Alqatiba.<\/p>\n\n\n\n<p class=\"wp-block-paragraph\">Mon message aux Tunisiens : si je suis actuellement en garde \u00e0 vue, c\u2019est pour une raison tr\u00e8s simple : j\u2019exerce mon m\u00e9tier de journaliste de mani\u00e8re ind\u00e9pendante et professionnelle.<\/p>\n\n\n\n<p class=\"wp-block-paragraph\">Je d\u00e9fends votre droit \u00e0 une vie digne, \u00e0 l\u2019eau, \u00e0 l\u2019\u00e9lectricit\u00e9, \u00e0 la sant\u00e9 et \u00e0 l\u2019enseignement public, ainsi que votre droit de d\u00e9fendre votre dignit\u00e9, de b\u00e9n\u00e9ficier d\u2019une presse libre et d\u2019acc\u00e9der \u00e0 l\u2019information.<\/p>\n\n\n\n<p class=\"wp-block-paragraph\">Les v\u00e9ritables criminels sont ces blogueurs corrompus qui tentent de salir la r\u00e9putation des journalistes libres du pays ; mais le mensonge a les jambes courtes.<\/p>\n\n\n\n<p class=\"wp-block-paragraph\">Aujourd\u2019hui, j\u2019ai \u00e9t\u00e9 enlev\u00e9 alors que j\u2019exer\u00e7ais mes fonctions de journaliste. On m\u2019a appr\u00e9hend\u00e9 comme si j\u2019avais \u00e9t\u00e9 pris en flagrant d\u00e9lit ou que je tentais de fuir, alors qu\u2019il aurait suffi de me convoquer : mon identit\u00e9 et mon adresse sont connues, et il n\u2019y avait aucune raison de faire une telle d\u00e9monstration de force.<\/p>\n\n\n\n<p class=\"wp-block-paragraph\">Tenter de me discr\u00e9diter en m\u2019accusant de blanchiment d\u2019argent rel\u00e8ve de l\u2019absurde et t\u00e9moigne de la faillite de ce syst\u00e8me.<\/p>\n\n\n\n<p class=\"wp-block-paragraph\">Au moment de mon arrestation, je ne poss\u00e9dais rien : ni argent, ni biens immobiliers. Je vis de mon salaire et mon compte bancaire est m\u00eame d\u00e9biteur de quelques dinars.<\/p>\n\n\n\n<p class=\"wp-block-paragraph\">Esp\u00e9rons que cette \u00e9preuve passera ; la v\u00e9rit\u00e9 finira par \u00e9clater, t\u00f4t ou tard.<\/p>\n\n\n\n<p class=\"has-text-align-right wp-block-paragraph\"><em>Traduit de l&rsquo;arabe.<\/em><\/p>\n\n\n\n<p class=\"wp-block-paragraph\">* <em>Journaliste, r\u00e9dacteur en chef d&rsquo;Alqatiba.<\/em><\/p>\n\n\n\n<figure class=\"wp-block-embed alignleft is-type-wp-embed is-provider-kapitalis wp-block-embed-kapitalis\"><div class=\"wp-block-embed__wrapper\">\n<blockquote class=\"wp-embedded-content\" data-secret=\"rrYBTBaItI\"><a href=\"https:\/\/kapitalis.com\/tunisie\/2026\/09\/05\/tunisie-larrestation-du-journaliste-mohamed-yousfi-suscite-une-vague-dindignation\/\">Tunisie | L\u2019arrestation du journaliste Mohamed Yousfi suscite une vague d\u2019indignation<\/a><\/blockquote><iframe loading=\"lazy\" class=\"wp-embedded-content\" sandbox=\"allow-scripts\" security=\"restricted\" style=\"position: absolute; visibility: hidden;\" title=\"\u00ab\u00a0Tunisie | L\u2019arrestation du journaliste Mohamed Yousfi suscite une vague d\u2019indignation\u00a0\u00bb \u2014 Kapitalis\" src=\"https:\/\/kapitalis.com\/tunisie\/2026\/09\/05\/tunisie-larrestation-du-journaliste-mohamed-yousfi-suscite-une-vague-dindignation\/embed\/#?secret=EqfxgSx459#?secret=rrYBTBaItI\" data-secret=\"rrYBTBaItI\" width=\"600\" height=\"338\" frameborder=\"0\" marginwidth=\"0\" marginheight=\"0\" scrolling=\"no\"><\/iframe>\n<\/div><\/figure>\n","protected":false},"excerpt":{"rendered":"<p>Le message de  Mohamed Yousfi pour ses coll\u00e8gues journalistes et pour les Tunisiens en g\u00e9n\u00e9ral.  <\/p>\n","protected":false},"author":8,"featured_media":19576592,"comment_status":"open","ping_status":"open","sticky":false,"template":"","format":"standard","meta":{"footnotes":""},"categories":[996,997,1000,2433],"tags":[129977,129988,129976],"class_list":["post-19576501","post","type-post","status-publish","format-standard","has-post-thumbnail","hentry","category-media","category-politique","category-tribune","category-tunisie","tag-alqatiba","tag-hela-ben-salem","tag-mohamed-yousfi"],"yoast_head":"<!-- This site is optimized with the Yoast SEO plugin v26.6 - https:\/\/yoast.com\/wordpress\/plugins\/seo\/ -->\n<title>Le mensonge a les jambes courtes, la v\u00e9rit\u00e9 finira par \u00e9clater\u00a0! - Kapitalis<\/title>\n<meta name=\"description\" content=\"Le message que Mohamed Yousfi a adress\u00e9 de sa cellule \u00e0 ses coll\u00e8gues journalistes et aux Tunisiens en g\u00e9n\u00e9ral.\" \/>\n<meta name=\"robots\" content=\"index, follow, max-snippet:-1, max-image-preview:large, max-video-preview:-1\" \/>\n<link rel=\"canonical\" href=\"https:\/\/kapitalis.com\/tunisie\/2026\/09\/05\/le-mensonge-a-les-jambes-courtes-la-verite-finira-par-eclater\/\" \/>\n<meta property=\"og:locale\" content=\"fr_FR\" \/>\n<meta property=\"og:type\" content=\"article\" \/>\n<meta property=\"og:title\" content=\"Le mensonge a les jambes courtes, la v\u00e9rit\u00e9 finira par \u00e9clater\u00a0! - Kapitalis\" \/>\n<meta property=\"og:description\" content=\"Le message que Mohamed Yousfi a adress\u00e9 de sa cellule \u00e0 ses coll\u00e8gues journalistes et aux Tunisiens en g\u00e9n\u00e9ral.\" \/>\n<meta property=\"og:url\" content=\"https:\/\/kapitalis.com\/tunisie\/2026\/09\/05\/le-mensonge-a-les-jambes-courtes-la-verite-finira-par-eclater\/\" \/>\n<meta property=\"og:site_name\" content=\"Kapitalis\" \/>\n<meta property=\"article:publisher\" content=\"https:\/\/www.facebook.com\/KapitalisInfo\/\" \/>\n<meta property=\"article:published_time\" content=\"2026-09-05T11:51:20+00:00\" \/>\n<meta property=\"article:modified_time\" content=\"2026-09-05T11:51:25+00:00\" \/>\n<meta property=\"og:image\" content=\"https:\/\/kapitalis.com\/tunisie\/wp-content\/uploads\/2026\/09\/Liberte-de-la-presse.jpg\" \/>\n\t<meta property=\"og:image:width\" content=\"1200\" \/>\n\t<meta property=\"og:image:height\" content=\"630\" \/>\n\t<meta property=\"og:image:type\" content=\"image\/jpeg\" \/>\n<meta name=\"author\" content=\"webmaster kapitalis\" \/>\n<meta name=\"twitter:card\" content=\"summary_large_image\" \/>\n<meta name=\"twitter:creator\" content=\"@KapitalisInfo\" \/>\n<meta name=\"twitter:site\" content=\"@KapitalisInfo\" \/>\n<meta name=\"twitter:label1\" content=\"\u00c9crit par\" \/>\n\t<meta name=\"twitter:data1\" content=\"webmaster kapitalis\" \/>\n\t<meta name=\"twitter:label2\" content=\"Dur\u00e9e de lecture estim\u00e9e\" \/>\n\t<meta name=\"twitter:data2\" content=\"3 minutes\" \/>\n<script type=\"application\/ld+json\" class=\"yoast-schema-graph\">{\"@context\":\"https:\/\/schema.org\",\"@graph\":[{\"@type\":\"Article\",\"@id\":\"https:\/\/kapitalis.com\/tunisie\/2026\/09\/05\/le-mensonge-a-les-jambes-courtes-la-verite-finira-par-eclater\/#article\",\"isPartOf\":{\"@id\":\"https:\/\/kapitalis.com\/tunisie\/2026\/09\/05\/le-mensonge-a-les-jambes-courtes-la-verite-finira-par-eclater\/\"},\"author\":{\"name\":\"webmaster kapitalis\",\"@id\":\"https:\/\/kapitalis.com\/tunisie\/#\/schema\/person\/d71f33a9ca44f7bad4698210b480c8e9\"},\"headline\":\"Le mensonge a les jambes courtes, la v\u00e9rit\u00e9 finira par \u00e9clater\u00a0!\",\"datePublished\":\"2026-09-05T11:51:20+00:00\",\"dateModified\":\"2026-09-05T11:51:25+00:00\",\"mainEntityOfPage\":{\"@id\":\"https:\/\/kapitalis.com\/tunisie\/2026\/09\/05\/le-mensonge-a-les-jambes-courtes-la-verite-finira-par-eclater\/\"},\"wordCount\":603,\"commentCount\":0,\"publisher\":{\"@id\":\"https:\/\/kapitalis.com\/tunisie\/#organization\"},\"image\":{\"@id\":\"https:\/\/kapitalis.com\/tunisie\/2026\/09\/05\/le-mensonge-a-les-jambes-courtes-la-verite-finira-par-eclater\/#primaryimage\"},\"thumbnailUrl\":\"https:\/\/kapitalis.com\/tunisie\/wp-content\/uploads\/2026\/09\/Liberte-de-la-presse.jpg\",\"keywords\":[\"Alqatiba\",\"Hela Ben Salem\",\"Mohamed Yousfi\"],\"articleSection\":[\"MEDIA\",\"POLITIQUE\",\"TRIBUNE\",\"Tunisie\"],\"inLanguage\":\"fr-FR\",\"potentialAction\":[{\"@type\":\"CommentAction\",\"name\":\"Comment\",\"target\":[\"https:\/\/kapitalis.com\/tunisie\/2026\/09\/05\/le-mensonge-a-les-jambes-courtes-la-verite-finira-par-eclater\/#respond\"]}]},{\"@type\":\"WebPage\",\"@id\":\"https:\/\/kapitalis.com\/tunisie\/2026\/09\/05\/le-mensonge-a-les-jambes-courtes-la-verite-finira-par-eclater\/\",\"url\":\"https:\/\/kapitalis.com\/tunisie\/2026\/09\/05\/le-mensonge-a-les-jambes-courtes-la-verite-finira-par-eclater\/\",\"name\":\"Le mensonge a les jambes courtes, la v\u00e9rit\u00e9 finira par \u00e9clater\u00a0! - Kapitalis\",\"isPartOf\":{\"@id\":\"https:\/\/kapitalis.com\/tunisie\/#website\"},\"primaryImageOfPage\":{\"@id\":\"https:\/\/kapitalis.com\/tunisie\/2026\/09\/05\/le-mensonge-a-les-jambes-courtes-la-verite-finira-par-eclater\/#primaryimage\"},\"image\":{\"@id\":\"https:\/\/kapitalis.com\/tunisie\/2026\/09\/05\/le-mensonge-a-les-jambes-courtes-la-verite-finira-par-eclater\/#primaryimage\"},\"thumbnailUrl\":\"https:\/\/kapitalis.com\/tunisie\/wp-content\/uploads\/2026\/09\/Liberte-de-la-presse.jpg\",\"datePublished\":\"2026-09-05T11:51:20+00:00\",\"dateModified\":\"2026-09-05T11:51:25+00:00\",\"description\":\"Le message que Mohamed Yousfi a adress\u00e9 de sa cellule \u00e0 ses coll\u00e8gues journalistes et aux Tunisiens en g\u00e9n\u00e9ral.\",\"breadcrumb\":{\"@id\":\"https:\/\/kapitalis.com\/tunisie\/2026\/09\/05\/le-mensonge-a-les-jambes-courtes-la-verite-finira-par-eclater\/#breadcrumb\"},\"inLanguage\":\"fr-FR\",\"potentialAction\":[{\"@type\":\"ReadAction\",\"target\":[\"https:\/\/kapitalis.com\/tunisie\/2026\/09\/05\/le-mensonge-a-les-jambes-courtes-la-verite-finira-par-eclater\/\"]}]},{\"@type\":\"ImageObject\",\"inLanguage\":\"fr-FR\",\"@id\":\"https:\/\/kapitalis.com\/tunisie\/2026\/09\/05\/le-mensonge-a-les-jambes-courtes-la-verite-finira-par-eclater\/#primaryimage\",\"url\":\"https:\/\/kapitalis.com\/tunisie\/wp-content\/uploads\/2026\/09\/Liberte-de-la-presse.jpg\",\"contentUrl\":\"https:\/\/kapitalis.com\/tunisie\/wp-content\/uploads\/2026\/09\/Liberte-de-la-presse.jpg\",\"width\":1200,\"height\":630},{\"@type\":\"BreadcrumbList\",\"@id\":\"https:\/\/kapitalis.com\/tunisie\/2026\/09\/05\/le-mensonge-a-les-jambes-courtes-la-verite-finira-par-eclater\/#breadcrumb\",\"itemListElement\":[{\"@type\":\"ListItem\",\"position\":1,\"name\":\"Accueil\",\"item\":\"https:\/\/kapitalis.com\/tunisie\/\"},{\"@type\":\"ListItem\",\"position\":2,\"name\":\"Le mensonge a les jambes courtes, la v\u00e9rit\u00e9 finira par \u00e9clater\u00a0!\"}]},{\"@type\":\"WebSite\",\"@id\":\"https:\/\/kapitalis.com\/tunisie\/#website\",\"url\":\"https:\/\/kapitalis.com\/tunisie\/\",\"name\":\"Kapitalis\",\"description\":\"L&#039;actualit\u00e9 en Tunisie et dans le monde\",\"publisher\":{\"@id\":\"https:\/\/kapitalis.com\/tunisie\/#organization\"},\"potentialAction\":[{\"@type\":\"SearchAction\",\"target\":{\"@type\":\"EntryPoint\",\"urlTemplate\":\"https:\/\/kapitalis.com\/tunisie\/?s={search_term_string}\"},\"query-input\":{\"@type\":\"PropertyValueSpecification\",\"valueRequired\":true,\"valueName\":\"search_term_string\"}}],\"inLanguage\":\"fr-FR\"},{\"@type\":\"Organization\",\"@id\":\"https:\/\/kapitalis.com\/tunisie\/#organization\",\"name\":\"Kapitalis\",\"url\":\"https:\/\/kapitalis.com\/tunisie\/\",\"logo\":{\"@type\":\"ImageObject\",\"inLanguage\":\"fr-FR\",\"@id\":\"https:\/\/kapitalis.com\/tunisie\/#\/schema\/logo\/image\/\",\"url\":\"https:\/\/kapitalis.com\/tunisie\/wp-content\/uploads\/2022\/05\/Kapitalis-big-size.png\",\"contentUrl\":\"https:\/\/kapitalis.com\/tunisie\/wp-content\/uploads\/2022\/05\/Kapitalis-big-size.png\",\"width\":5000,\"height\":1500,\"caption\":\"Kapitalis\"},\"image\":{\"@id\":\"https:\/\/kapitalis.com\/tunisie\/#\/schema\/logo\/image\/\"},\"sameAs\":[\"https:\/\/www.facebook.com\/KapitalisInfo\/\",\"https:\/\/x.com\/KapitalisInfo\",\"https:\/\/www.youtube.com\/channel\/UC-yDYrHyfFBWWZaOw3FPg9Q\"]},{\"@type\":\"Person\",\"@id\":\"https:\/\/kapitalis.com\/tunisie\/#\/schema\/person\/d71f33a9ca44f7bad4698210b480c8e9\",\"name\":\"webmaster kapitalis\",\"url\":\"https:\/\/kapitalis.com\/tunisie\/author\/webmaster-kapitalis\/\"}]}<\/script>\n<!-- \/ Yoast SEO plugin. -->","yoast_head_json":{"title":"Le mensonge a les jambes courtes, la v\u00e9rit\u00e9 finira par \u00e9clater\u00a0! - Kapitalis","description":"Le message que Mohamed Yousfi a adress\u00e9 de sa cellule \u00e0 ses coll\u00e8gues journalistes et aux Tunisiens en g\u00e9n\u00e9ral.","robots":{"index":"index","follow":"follow","max-snippet":"max-snippet:-1","max-image-preview":"max-image-preview:large","max-video-preview":"max-video-preview:-1"},"canonical":"https:\/\/kapitalis.com\/tunisie\/2026\/09\/05\/le-mensonge-a-les-jambes-courtes-la-verite-finira-par-eclater\/","og_locale":"fr_FR","og_type":"article","og_title":"Le mensonge a les jambes courtes, la v\u00e9rit\u00e9 finira par \u00e9clater\u00a0! - Kapitalis","og_description":"Le message que Mohamed Yousfi a adress\u00e9 de sa cellule \u00e0 ses coll\u00e8gues journalistes et aux Tunisiens en g\u00e9n\u00e9ral.","og_url":"https:\/\/kapitalis.com\/tunisie\/2026\/09\/05\/le-mensonge-a-les-jambes-courtes-la-verite-finira-par-eclater\/","og_site_name":"Kapitalis","article_publisher":"https:\/\/www.facebook.com\/KapitalisInfo\/","article_published_time":"2026-09-05T11:51:20+00:00","article_modified_time":"2026-09-05T11:51:25+00:00","og_image":[{"width":1200,"height":630,"url":"https:\/\/kapitalis.com\/tunisie\/wp-content\/uploads\/2026\/09\/Liberte-de-la-presse.jpg","type":"image\/jpeg"}],"author":"webmaster kapitalis","twitter_card":"summary_large_image","twitter_creator":"@KapitalisInfo","twitter_site":"@KapitalisInfo","twitter_misc":{"\u00c9crit par":"webmaster kapitalis","Dur\u00e9e de lecture estim\u00e9e":"3 minutes"},"schema":{"@context":"https:\/\/schema.org","@graph":[{"@type":"Article","@id":"https:\/\/kapitalis.com\/tunisie\/2026\/09\/05\/le-mensonge-a-les-jambes-courtes-la-verite-finira-par-eclater\/#article","isPartOf":{"@id":"https:\/\/kapitalis.com\/tunisie\/2026\/09\/05\/le-mensonge-a-les-jambes-courtes-la-verite-finira-par-eclater\/"},"author":{"name":"webmaster kapitalis","@id":"https:\/\/kapitalis.com\/tunisie\/#\/schema\/person\/d71f33a9ca44f7bad4698210b480c8e9"},"headline":"Le mensonge a les jambes courtes, la v\u00e9rit\u00e9 finira par \u00e9clater\u00a0!","datePublished":"2026-09-05T11:51:20+00:00","dateModified":"2026-09-05T11:51:25+00:00","mainEntityOfPage":{"@id":"https:\/\/kapitalis.com\/tunisie\/2026\/09\/05\/le-mensonge-a-les-jambes-courtes-la-verite-finira-par-eclater\/"},"wordCount":603,"commentCount":0,"publisher":{"@id":"https:\/\/kapitalis.com\/tunisie\/#organization"},"image":{"@id":"https:\/\/kapitalis.com\/tunisie\/2026\/09\/05\/le-mensonge-a-les-jambes-courtes-la-verite-finira-par-eclater\/#primaryimage"},"thumbnailUrl":"https:\/\/kapitalis.com\/tunisie\/wp-content\/uploads\/2026\/09\/Liberte-de-la-presse.jpg","keywords":["Alqatiba","Hela Ben Salem","Mohamed Yousfi"],"articleSection":["MEDIA","POLITIQUE","TRIBUNE","Tunisie"],"inLanguage":"fr-FR","potentialAction":[{"@type":"CommentAction","name":"Comment","target":["https:\/\/kapitalis.com\/tunisie\/2026\/09\/05\/le-mensonge-a-les-jambes-courtes-la-verite-finira-par-eclater\/#respond"]}]},{"@type":"WebPage","@id":"https:\/\/kapitalis.com\/tunisie\/2026\/09\/05\/le-mensonge-a-les-jambes-courtes-la-verite-finira-par-eclater\/","url":"https:\/\/kapitalis.com\/tunisie\/2026\/09\/05\/le-mensonge-a-les-jambes-courtes-la-verite-finira-par-eclater\/","name":"Le mensonge a les jambes courtes, la v\u00e9rit\u00e9 finira par \u00e9clater\u00a0! - Kapitalis","isPartOf":{"@id":"https:\/\/kapitalis.com\/tunisie\/#website"},"primaryImageOfPage":{"@id":"https:\/\/kapitalis.com\/tunisie\/2026\/09\/05\/le-mensonge-a-les-jambes-courtes-la-verite-finira-par-eclater\/#primaryimage"},"image":{"@id":"https:\/\/kapitalis.com\/tunisie\/2026\/09\/05\/le-mensonge-a-les-jambes-courtes-la-verite-finira-par-eclater\/#primaryimage"},"thumbnailUrl":"https:\/\/kapitalis.com\/tunisie\/wp-content\/uploads\/2026\/09\/Liberte-de-la-presse.jpg","datePublished":"2026-09-05T11:51:20+00:00","dateModified":"2026-09-05T11:51:25+00:00","description":"Le message que Mohamed Yousfi a adress\u00e9 de sa cellule \u00e0 ses coll\u00e8gues journalistes et aux Tunisiens en g\u00e9n\u00e9ral.","breadcrumb":{"@id":"https:\/\/kapitalis.com\/tunisie\/2026\/09\/05\/le-mensonge-a-les-jambes-courtes-la-verite-finira-par-eclater\/#breadcrumb"},"inLanguage":"fr-FR","potentialAction":[{"@type":"ReadAction","target":["https:\/\/kapitalis.com\/tunisie\/2026\/09\/05\/le-mensonge-a-les-jambes-courtes-la-verite-finira-par-eclater\/"]}]},{"@type":"ImageObject","inLanguage":"fr-FR","@id":"https:\/\/kapitalis.com\/tunisie\/2026\/09\/05\/le-mensonge-a-les-jambes-courtes-la-verite-finira-par-eclater\/#primaryimage","url":"https:\/\/kapitalis.com\/tunisie\/wp-content\/uploads\/2026\/09\/Liberte-de-la-presse.jpg","contentUrl":"https:\/\/kapitalis.com\/tunisie\/wp-content\/uploads\/2026\/09\/Liberte-de-la-presse.jpg","width":1200,"height":630},{"@type":"BreadcrumbList","@id":"https:\/\/kapitalis.com\/tunisie\/2026\/09\/05\/le-mensonge-a-les-jambes-courtes-la-verite-finira-par-eclater\/#breadcrumb","itemListElement":[{"@type":"ListItem","position":1,"name":"Accueil","item":"https:\/\/kapitalis.com\/tunisie\/"},{"@type":"ListItem","position":2,"name":"Le mensonge a les jambes courtes, la v\u00e9rit\u00e9 finira par \u00e9clater\u00a0!"}]},{"@type":"WebSite","@id":"https:\/\/kapitalis.com\/tunisie\/#website","url":"https:\/\/kapitalis.com\/tunisie\/","name":"Kapitalis","description":"L&#039;actualit\u00e9 en Tunisie et dans le monde","publisher":{"@id":"https:\/\/kapitalis.com\/tunisie\/#organization"},"potentialAction":[{"@type":"SearchAction","target":{"@type":"EntryPoint","urlTemplate":"https:\/\/kapitalis.com\/tunisie\/?s={search_term_string}"},"query-input":{"@type":"PropertyValueSpecification","valueRequired":true,"valueName":"search_term_string"}}],"inLanguage":"fr-FR"},{"@type":"Organization","@id":"https:\/\/kapitalis.com\/tunisie\/#organization","name":"Kapitalis","url":"https:\/\/kapitalis.com\/tunisie\/","logo":{"@type":"ImageObject","inLanguage":"fr-FR","@id":"https:\/\/kapitalis.com\/tunisie\/#\/schema\/logo\/image\/","url":"https:\/\/kapitalis.com\/tunisie\/wp-content\/uploads\/2022\/05\/Kapitalis-big-size.png","contentUrl":"https:\/\/kapitalis.com\/tunisie\/wp-content\/uploads\/2022\/05\/Kapitalis-big-size.png","width":5000,"height":1500,"caption":"Kapitalis"},"image":{"@id":"https:\/\/kapitalis.com\/tunisie\/#\/schema\/logo\/image\/"},"sameAs":["https:\/\/www.facebook.com\/KapitalisInfo\/","https:\/\/x.com\/KapitalisInfo","https:\/\/www.youtube.com\/channel\/UC-yDYrHyfFBWWZaOw3FPg9Q"]},{"@type":"Person","@id":"https:\/\/kapitalis.com\/tunisie\/#\/schema\/person\/d71f33a9ca44f7bad4698210b480c8e9","name":"webmaster kapitalis","url":"https:\/\/kapitalis.com\/tunisie\/author\/webmaster-kapitalis\/"}]}},"_links":{"self":[{"href":"https:\/\/kapitalis.com\/tunisie\/wp-json\/wp\/v2\/posts\/19576501","targetHints":{"allow":["GET"]}}],"collection":[{"href":"https:\/\/kapitalis.com\/tunisie\/wp-json\/wp\/v2\/posts"}],"about":[{"href":"https:\/\/kapitalis.com\/tunisie\/wp-json\/wp\/v2\/types\/post"}],"author":[{"embeddable":true,"href":"https:\/\/kapitalis.com\/tunisie\/wp-json\/wp\/v2\/users\/8"}],"replies":[{"embeddable":true,"href":"https:\/\/kapitalis.com\/tunisie\/wp-json\/wp\/v2\/comments?post=19576501"}],"version-history":[{"count":1,"href":"https:\/\/kapitalis.com\/tunisie\/wp-json\/wp\/v2\/posts\/19576501\/revisions"}],"predecessor-version":[{"id":19576620,"href":"https:\/\/kapitalis.com\/tunisie\/wp-json\/wp\/v2\/posts\/19576501\/revisions\/19576620"}],"wp:featuredmedia":[{"embeddable":true,"href":"https:\/\/kapitalis.com\/tunisie\/wp-json\/wp\/v2\/media\/19576592"}],"wp:attachment":[{"href":"https:\/\/kapitalis.com\/tunisie\/wp-json\/wp\/v2\/media?parent=19576501"}],"wp:term":[{"taxonomy":"category","embeddable":true,"href":"https:\/\/kapitalis.com\/tunisie\/wp-json\/wp\/v2\/categories?post=19576501"},{"taxonomy":"post_tag","embeddable":true,"href":"https:\/\/kapitalis.com\/tunisie\/wp-json\/wp\/v2\/tags?post=19576501"}],"curies":[{"name":"wp","href":"https:\/\/api.w.org\/{rel}","templated":true}]}}