{"id":19576871,"date":"2026-09-05T13:25:09","date_gmt":"2026-09-05T12:25:09","guid":{"rendered":"https:\/\/kapitalis.com\/tunisie\/?p=19576871"},"modified":"2026-09-05T13:25:11","modified_gmt":"2026-09-05T12:25:11","slug":"tunisie-chaleur-et-hausse-de-la-mortalite-dans-les-prisons","status":"publish","type":"post","link":"https:\/\/kapitalis.com\/tunisie\/2026\/09\/05\/tunisie-chaleur-et-hausse-de-la-mortalite-dans-les-prisons\/","title":{"rendered":"Tunisie | Chaleur et hausse de la mortalit\u00e9 dans les prisons"},"content":{"rendered":"\n<p class=\"wp-block-paragraph\"><strong><em>Suite \u00e0 plusieurs d\u00e9c\u00e8s survenus dans les \u00e9tablissements p\u00e9nitentiaires en Tunisie durant les derni\u00e8res vagues de chaleur, annonc\u00e9s par les avocats et les familles des victimes, l\u2019Organisation tunisienne contre la torture (OTCT) r\u00e9clame des mesures \u00aburgentes et ad\u00e9quates\u00bb pour prot\u00e9ger les d\u00e9tenus des effets des vagues de chaleur et du changement climatique dans les prisons tunisiennes.<\/em><\/strong><\/p>\n\n\n\n<!--more-->\n\n\n\n<p class=\"wp-block-paragraph\">L\u2019OTCT appelle, \u00e9galement, dans un communiqu\u00e9 publi\u00e9 le 2 septembre 2026, \u00e0 des interventions imm\u00e9diates pour rem\u00e9dier \u00e0 la surpopulation carc\u00e9rale, et demande notamment des travaux d\u2019entretien des infrastructures p\u00e9nitentiaires ; ainsi que la lib\u00e9ration des personnes incarc\u00e9r\u00e9es pour des d\u00e9lits mineurs \u2014 y compris celles plac\u00e9es en d\u00e9tention provisoire \u2014, ainsi que celle des personnes \u00e2g\u00e9es et des d\u00e9tenus atteints de maladies chroniques. <\/p>\n\n\n\n<p class=\"wp-block-paragraph\">L\u2019OTCT r\u00e9clame plus particuli\u00e8rement la lib\u00e9ration des personnes condamn\u00e9es en vertu du d\u00e9cret 54 relatif aux infractions li\u00e9es aux syst\u00e8mes d\u2019information et de communication et du Code des t\u00e9l\u00e9communications, tout en pr\u00f4nant un recours accru aux peines alternatives, telles que les travaux d\u2019int\u00e9r\u00eat g\u00e9n\u00e9ral, les sanctions p\u00e9cuniaires et le bracelet \u00e9lectronique.<\/p>\n\n\n\n<p class=\"wp-block-paragraph\">Dans le m\u00eame communiqu\u00e9, l\u2019organisation revendique \u00e9galement, pour les associations de d\u00e9fense des droits humains, un meilleur acc\u00e8s aux informations concernant la situation des d\u00e9tenus ainsi que la possibilit\u00e9 d\u2019effectuer des visites ind\u00e9pendantes dans les \u00e9tablissements p\u00e9nitentiaires.<\/p>\n\n\n\n<p class=\"wp-block-paragraph\">Cet appel fait suite \u00e0 une s\u00e9rie de signalements \u00e9manant d\u2019organisations, d\u2019avocats et de familles concernant les conditions de d\u00e9tention durant les vagues de chaleur exceptionnelles qui ont frapp\u00e9 la Tunisie cet \u00e9t\u00e9.<\/p>\n\n\n\n<p class=\"wp-block-paragraph\">Le pr\u00e9sident de la Ligue tunisienne des droits de l\u2019homme (LTDH), Bassem Trifi, avait fait \u00e9tat ces derniers jours \u2014 en citant des sources judiciaires \u2014 de cinq d\u00e9c\u00e8s survenus le 28 ao\u00fbt dans les prisons du Grand Tunis.<\/p>\n\n\n\n<p class=\"wp-block-paragraph\">\u00c0 ce jour, les autorit\u00e9s n\u2019ont publi\u00e9 aucun bilan global permettant de v\u00e9rifier le nombre et, surtout, les causes des d\u00e9c\u00e8s signal\u00e9s.<\/p>\n\n\n\n<p class=\"wp-block-paragraph\">L\u2019administration p\u00e9nitentiaire avait toutefois d\u00e9menti, le 22 ao\u00fbt, les informations faisant \u00e9tat d\u2019une d\u00e9t\u00e9rioration g\u00e9n\u00e9rale de l\u2019\u00e9tat de sant\u00e9 des d\u00e9tenus ou de cas de d\u00e9faut de soins m\u00e9dicaux, affirmant que le suivi sanitaire s\u2019effectuait conform\u00e9ment aux proc\u00e9dures \u00e9tablies.<\/p>\n\n\n\n<p class=\"wp-block-paragraph\">Le porte-parole Hatem Akrout avait indiqu\u00e9 que 20 773 consultations avaient \u00e9t\u00e9 r\u00e9alis\u00e9es dans des h\u00f4pitaux publics pour des d\u00e9tenus au cours du premier semestre 2026.<\/p>\n\n\n\n<p class=\"wp-block-paragraph\">La question de la chaleur dans les prisons avait d\u00e9j\u00e0 \u00e9t\u00e9 soulev\u00e9e ces derni\u00e8res semaines par d\u2019autres organisations de d\u00e9fense des droits humains, qui \u00e9tablissaient un lien entre les risques sanitaires et la surpopulation, l\u2019\u00e9tat des infrastructures et la difficult\u00e9 d\u2019acc\u00e8s aux soins. Cependant, aucun lien de causalit\u00e9 entre les temp\u00e9ratures extr\u00eames et les d\u00e9c\u00e8s signal\u00e9s n\u2019a encore \u00e9t\u00e9 \u00e9tabli officiellement, les autorit\u00e9s pr\u00e9f\u00e9rant ne pas communiquer sur ce sujet.<\/p>\n\n\n\n<p class=\"has-text-align-right wp-block-paragraph\"><strong>I. B.<\/strong><\/p>\n\n\n\n<p class=\"wp-block-paragraph\"><\/p>\n","protected":false},"excerpt":{"rendered":"<p>Des d\u00e9c\u00e8s sont survenus dans les prisons en Tunisie durant les derni\u00e8res vagues de chaleur, annonc\u00e9s par les avocats et les familles. <\/p>\n","protected":false},"author":8,"featured_media":19547949,"comment_status":"open","ping_status":"open","sticky":false,"template":"","format":"standard","meta":{"footnotes":""},"categories":[998,2433],"tags":[86755,3137,119710,129961,739,91645,62643],"class_list":["post-19576871","post","type-post","status-publish","format-standard","has-post-thumbnail","hentry","category-societe","category-tunisie","tag-bassem-trifi","tag-ltdh","tag-mortalite","tag-otct","tag-prisons","tag-surpopulation-carcerale","tag-tunisie"],"yoast_head":"<!-- This site is optimized with the Yoast SEO plugin v26.6 - https:\/\/yoast.com\/wordpress\/plugins\/seo\/ -->\n<title>Tunisie | Chaleur et hausse de la mortalit\u00e9 dans les prisons - Kapitalis<\/title>\n<meta name=\"description\" content=\"Des d\u00e9c\u00e8s sont survenus dans les prisons en Tunisie durant les derni\u00e8res vagues de chaleur, annonc\u00e9s par les avocats et les familles.\" \/>\n<meta name=\"robots\" content=\"index, follow, max-snippet:-1, max-image-preview:large, max-video-preview:-1\" \/>\n<link rel=\"canonical\" href=\"https:\/\/kapitalis.com\/tunisie\/2026\/09\/05\/tunisie-chaleur-et-hausse-de-la-mortalite-dans-les-prisons\/\" \/>\n<meta property=\"og:locale\" content=\"fr_FR\" \/>\n<meta property=\"og:type\" content=\"article\" \/>\n<meta property=\"og:title\" content=\"Tunisie | Chaleur et hausse de la mortalit\u00e9 dans les prisons - Kapitalis\" \/>\n<meta property=\"og:description\" content=\"Des d\u00e9c\u00e8s sont survenus dans les prisons en Tunisie durant les derni\u00e8res vagues de chaleur, annonc\u00e9s par les avocats et les familles.\" \/>\n<meta property=\"og:url\" content=\"https:\/\/kapitalis.com\/tunisie\/2026\/09\/05\/tunisie-chaleur-et-hausse-de-la-mortalite-dans-les-prisons\/\" \/>\n<meta property=\"og:site_name\" content=\"Kapitalis\" \/>\n<meta property=\"article:publisher\" content=\"https:\/\/www.facebook.com\/KapitalisInfo\/\" \/>\n<meta property=\"article:published_time\" content=\"2026-09-05T12:25:09+00:00\" \/>\n<meta property=\"article:modified_time\" content=\"2026-09-05T12:25:11+00:00\" \/>\n<meta property=\"og:image\" content=\"https:\/\/kapitalis.com\/tunisie\/wp-content\/uploads\/2026\/09\/Prisonniers-1.jpg\" \/>\n\t<meta property=\"og:image:width\" content=\"1200\" \/>\n\t<meta property=\"og:image:height\" content=\"630\" \/>\n\t<meta property=\"og:image:type\" content=\"image\/jpeg\" \/>\n<meta name=\"author\" content=\"webmaster kapitalis\" \/>\n<meta name=\"twitter:card\" content=\"summary_large_image\" \/>\n<meta name=\"twitter:creator\" content=\"@KapitalisInfo\" \/>\n<meta name=\"twitter:site\" content=\"@KapitalisInfo\" \/>\n<meta name=\"twitter:label1\" content=\"\u00c9crit par\" \/>\n\t<meta name=\"twitter:data1\" content=\"webmaster kapitalis\" \/>\n\t<meta name=\"twitter:label2\" content=\"Dur\u00e9e de lecture estim\u00e9e\" \/>\n\t<meta name=\"twitter:data2\" content=\"3 minutes\" \/>\n<script type=\"application\/ld+json\" class=\"yoast-schema-graph\">{\"@context\":\"https:\/\/schema.org\",\"@graph\":[{\"@type\":\"Article\",\"@id\":\"https:\/\/kapitalis.com\/tunisie\/2026\/09\/05\/tunisie-chaleur-et-hausse-de-la-mortalite-dans-les-prisons\/#article\",\"isPartOf\":{\"@id\":\"https:\/\/kapitalis.com\/tunisie\/2026\/09\/05\/tunisie-chaleur-et-hausse-de-la-mortalite-dans-les-prisons\/\"},\"author\":{\"name\":\"webmaster kapitalis\",\"@id\":\"https:\/\/kapitalis.com\/tunisie\/#\/schema\/person\/d71f33a9ca44f7bad4698210b480c8e9\"},\"headline\":\"Tunisie | Chaleur et hausse de la mortalit\u00e9 dans les prisons\",\"datePublished\":\"2026-09-05T12:25:09+00:00\",\"dateModified\":\"2026-09-05T12:25:11+00:00\",\"mainEntityOfPage\":{\"@id\":\"https:\/\/kapitalis.com\/tunisie\/2026\/09\/05\/tunisie-chaleur-et-hausse-de-la-mortalite-dans-les-prisons\/\"},\"wordCount\":533,\"commentCount\":0,\"publisher\":{\"@id\":\"https:\/\/kapitalis.com\/tunisie\/#organization\"},\"image\":{\"@id\":\"https:\/\/kapitalis.com\/tunisie\/2026\/09\/05\/tunisie-chaleur-et-hausse-de-la-mortalite-dans-les-prisons\/#primaryimage\"},\"thumbnailUrl\":\"https:\/\/kapitalis.com\/tunisie\/wp-content\/uploads\/2026\/09\/Prisonniers-1.jpg\",\"keywords\":[\"Bassem Trifi\",\"LTDH\",\"mortalit\u00e9\",\"OTCT\",\"prisons\",\"surpopulation carc\u00e9rale\",\"Tunisie\"],\"articleSection\":[\"SOCIETE\",\"Tunisie\"],\"inLanguage\":\"fr-FR\",\"potentialAction\":[{\"@type\":\"CommentAction\",\"name\":\"Comment\",\"target\":[\"https:\/\/kapitalis.com\/tunisie\/2026\/09\/05\/tunisie-chaleur-et-hausse-de-la-mortalite-dans-les-prisons\/#respond\"]}]},{\"@type\":\"WebPage\",\"@id\":\"https:\/\/kapitalis.com\/tunisie\/2026\/09\/05\/tunisie-chaleur-et-hausse-de-la-mortalite-dans-les-prisons\/\",\"url\":\"https:\/\/kapitalis.com\/tunisie\/2026\/09\/05\/tunisie-chaleur-et-hausse-de-la-mortalite-dans-les-prisons\/\",\"name\":\"Tunisie | Chaleur et hausse de la mortalit\u00e9 dans les prisons - Kapitalis\",\"isPartOf\":{\"@id\":\"https:\/\/kapitalis.com\/tunisie\/#website\"},\"primaryImageOfPage\":{\"@id\":\"https:\/\/kapitalis.com\/tunisie\/2026\/09\/05\/tunisie-chaleur-et-hausse-de-la-mortalite-dans-les-prisons\/#primaryimage\"},\"image\":{\"@id\":\"https:\/\/kapitalis.com\/tunisie\/2026\/09\/05\/tunisie-chaleur-et-hausse-de-la-mortalite-dans-les-prisons\/#primaryimage\"},\"thumbnailUrl\":\"https:\/\/kapitalis.com\/tunisie\/wp-content\/uploads\/2026\/09\/Prisonniers-1.jpg\",\"datePublished\":\"2026-09-05T12:25:09+00:00\",\"dateModified\":\"2026-09-05T12:25:11+00:00\",\"description\":\"Des d\u00e9c\u00e8s sont survenus dans les prisons en Tunisie durant les derni\u00e8res vagues de chaleur, annonc\u00e9s par les avocats et les familles.\",\"breadcrumb\":{\"@id\":\"https:\/\/kapitalis.com\/tunisie\/2026\/09\/05\/tunisie-chaleur-et-hausse-de-la-mortalite-dans-les-prisons\/#breadcrumb\"},\"inLanguage\":\"fr-FR\",\"potentialAction\":[{\"@type\":\"ReadAction\",\"target\":[\"https:\/\/kapitalis.com\/tunisie\/2026\/09\/05\/tunisie-chaleur-et-hausse-de-la-mortalite-dans-les-prisons\/\"]}]},{\"@type\":\"ImageObject\",\"inLanguage\":\"fr-FR\",\"@id\":\"https:\/\/kapitalis.com\/tunisie\/2026\/09\/05\/tunisie-chaleur-et-hausse-de-la-mortalite-dans-les-prisons\/#primaryimage\",\"url\":\"https:\/\/kapitalis.com\/tunisie\/wp-content\/uploads\/2026\/09\/Prisonniers-1.jpg\",\"contentUrl\":\"https:\/\/kapitalis.com\/tunisie\/wp-content\/uploads\/2026\/09\/Prisonniers-1.jpg\",\"width\":1200,\"height\":630},{\"@type\":\"BreadcrumbList\",\"@id\":\"https:\/\/kapitalis.com\/tunisie\/2026\/09\/05\/tunisie-chaleur-et-hausse-de-la-mortalite-dans-les-prisons\/#breadcrumb\",\"itemListElement\":[{\"@type\":\"ListItem\",\"position\":1,\"name\":\"Accueil\",\"item\":\"https:\/\/kapitalis.com\/tunisie\/\"},{\"@type\":\"ListItem\",\"position\":2,\"name\":\"Tunisie | Chaleur et hausse de la mortalit\u00e9 dans les prisons\"}]},{\"@type\":\"WebSite\",\"@id\":\"https:\/\/kapitalis.com\/tunisie\/#website\",\"url\":\"https:\/\/kapitalis.com\/tunisie\/\",\"name\":\"Kapitalis\",\"description\":\"L&#039;actualit\u00e9 en Tunisie et dans le monde\",\"publisher\":{\"@id\":\"https:\/\/kapitalis.com\/tunisie\/#organization\"},\"potentialAction\":[{\"@type\":\"SearchAction\",\"target\":{\"@type\":\"EntryPoint\",\"urlTemplate\":\"https:\/\/kapitalis.com\/tunisie\/?s={search_term_string}\"},\"query-input\":{\"@type\":\"PropertyValueSpecification\",\"valueRequired\":true,\"valueName\":\"search_term_string\"}}],\"inLanguage\":\"fr-FR\"},{\"@type\":\"Organization\",\"@id\":\"https:\/\/kapitalis.com\/tunisie\/#organization\",\"name\":\"Kapitalis\",\"url\":\"https:\/\/kapitalis.com\/tunisie\/\",\"logo\":{\"@type\":\"ImageObject\",\"inLanguage\":\"fr-FR\",\"@id\":\"https:\/\/kapitalis.com\/tunisie\/#\/schema\/logo\/image\/\",\"url\":\"https:\/\/kapitalis.com\/tunisie\/wp-content\/uploads\/2022\/05\/Kapitalis-big-size.png\",\"contentUrl\":\"https:\/\/kapitalis.com\/tunisie\/wp-content\/uploads\/2022\/05\/Kapitalis-big-size.png\",\"width\":5000,\"height\":1500,\"caption\":\"Kapitalis\"},\"image\":{\"@id\":\"https:\/\/kapitalis.com\/tunisie\/#\/schema\/logo\/image\/\"},\"sameAs\":[\"https:\/\/www.facebook.com\/KapitalisInfo\/\",\"https:\/\/x.com\/KapitalisInfo\",\"https:\/\/www.youtube.com\/channel\/UC-yDYrHyfFBWWZaOw3FPg9Q\"]},{\"@type\":\"Person\",\"@id\":\"https:\/\/kapitalis.com\/tunisie\/#\/schema\/person\/d71f33a9ca44f7bad4698210b480c8e9\",\"name\":\"webmaster kapitalis\",\"url\":\"https:\/\/kapitalis.com\/tunisie\/author\/webmaster-kapitalis\/\"}]}<\/script>\n<!-- \/ Yoast SEO plugin. -->","yoast_head_json":{"title":"Tunisie | Chaleur et hausse de la mortalit\u00e9 dans les prisons - Kapitalis","description":"Des d\u00e9c\u00e8s sont survenus dans les prisons en Tunisie durant les derni\u00e8res vagues de chaleur, annonc\u00e9s par les avocats et les familles.","robots":{"index":"index","follow":"follow","max-snippet":"max-snippet:-1","max-image-preview":"max-image-preview:large","max-video-preview":"max-video-preview:-1"},"canonical":"https:\/\/kapitalis.com\/tunisie\/2026\/09\/05\/tunisie-chaleur-et-hausse-de-la-mortalite-dans-les-prisons\/","og_locale":"fr_FR","og_type":"article","og_title":"Tunisie | Chaleur et hausse de la mortalit\u00e9 dans les prisons - Kapitalis","og_description":"Des d\u00e9c\u00e8s sont survenus dans les prisons en Tunisie durant les derni\u00e8res vagues de chaleur, annonc\u00e9s par les avocats et les familles.","og_url":"https:\/\/kapitalis.com\/tunisie\/2026\/09\/05\/tunisie-chaleur-et-hausse-de-la-mortalite-dans-les-prisons\/","og_site_name":"Kapitalis","article_publisher":"https:\/\/www.facebook.com\/KapitalisInfo\/","article_published_time":"2026-09-05T12:25:09+00:00","article_modified_time":"2026-09-05T12:25:11+00:00","og_image":[{"width":1200,"height":630,"url":"https:\/\/kapitalis.com\/tunisie\/wp-content\/uploads\/2026\/09\/Prisonniers-1.jpg","type":"image\/jpeg"}],"author":"webmaster kapitalis","twitter_card":"summary_large_image","twitter_creator":"@KapitalisInfo","twitter_site":"@KapitalisInfo","twitter_misc":{"\u00c9crit par":"webmaster kapitalis","Dur\u00e9e de lecture estim\u00e9e":"3 minutes"},"schema":{"@context":"https:\/\/schema.org","@graph":[{"@type":"Article","@id":"https:\/\/kapitalis.com\/tunisie\/2026\/09\/05\/tunisie-chaleur-et-hausse-de-la-mortalite-dans-les-prisons\/#article","isPartOf":{"@id":"https:\/\/kapitalis.com\/tunisie\/2026\/09\/05\/tunisie-chaleur-et-hausse-de-la-mortalite-dans-les-prisons\/"},"author":{"name":"webmaster kapitalis","@id":"https:\/\/kapitalis.com\/tunisie\/#\/schema\/person\/d71f33a9ca44f7bad4698210b480c8e9"},"headline":"Tunisie | Chaleur et hausse de la mortalit\u00e9 dans les prisons","datePublished":"2026-09-05T12:25:09+00:00","dateModified":"2026-09-05T12:25:11+00:00","mainEntityOfPage":{"@id":"https:\/\/kapitalis.com\/tunisie\/2026\/09\/05\/tunisie-chaleur-et-hausse-de-la-mortalite-dans-les-prisons\/"},"wordCount":533,"commentCount":0,"publisher":{"@id":"https:\/\/kapitalis.com\/tunisie\/#organization"},"image":{"@id":"https:\/\/kapitalis.com\/tunisie\/2026\/09\/05\/tunisie-chaleur-et-hausse-de-la-mortalite-dans-les-prisons\/#primaryimage"},"thumbnailUrl":"https:\/\/kapitalis.com\/tunisie\/wp-content\/uploads\/2026\/09\/Prisonniers-1.jpg","keywords":["Bassem Trifi","LTDH","mortalit\u00e9","OTCT","prisons","surpopulation carc\u00e9rale","Tunisie"],"articleSection":["SOCIETE","Tunisie"],"inLanguage":"fr-FR","potentialAction":[{"@type":"CommentAction","name":"Comment","target":["https:\/\/kapitalis.com\/tunisie\/2026\/09\/05\/tunisie-chaleur-et-hausse-de-la-mortalite-dans-les-prisons\/#respond"]}]},{"@type":"WebPage","@id":"https:\/\/kapitalis.com\/tunisie\/2026\/09\/05\/tunisie-chaleur-et-hausse-de-la-mortalite-dans-les-prisons\/","url":"https:\/\/kapitalis.com\/tunisie\/2026\/09\/05\/tunisie-chaleur-et-hausse-de-la-mortalite-dans-les-prisons\/","name":"Tunisie | Chaleur et hausse de la mortalit\u00e9 dans les prisons - Kapitalis","isPartOf":{"@id":"https:\/\/kapitalis.com\/tunisie\/#website"},"primaryImageOfPage":{"@id":"https:\/\/kapitalis.com\/tunisie\/2026\/09\/05\/tunisie-chaleur-et-hausse-de-la-mortalite-dans-les-prisons\/#primaryimage"},"image":{"@id":"https:\/\/kapitalis.com\/tunisie\/2026\/09\/05\/tunisie-chaleur-et-hausse-de-la-mortalite-dans-les-prisons\/#primaryimage"},"thumbnailUrl":"https:\/\/kapitalis.com\/tunisie\/wp-content\/uploads\/2026\/09\/Prisonniers-1.jpg","datePublished":"2026-09-05T12:25:09+00:00","dateModified":"2026-09-05T12:25:11+00:00","description":"Des d\u00e9c\u00e8s sont survenus dans les prisons en Tunisie durant les derni\u00e8res vagues de chaleur, annonc\u00e9s par les avocats et les familles.","breadcrumb":{"@id":"https:\/\/kapitalis.com\/tunisie\/2026\/09\/05\/tunisie-chaleur-et-hausse-de-la-mortalite-dans-les-prisons\/#breadcrumb"},"inLanguage":"fr-FR","potentialAction":[{"@type":"ReadAction","target":["https:\/\/kapitalis.com\/tunisie\/2026\/09\/05\/tunisie-chaleur-et-hausse-de-la-mortalite-dans-les-prisons\/"]}]},{"@type":"ImageObject","inLanguage":"fr-FR","@id":"https:\/\/kapitalis.com\/tunisie\/2026\/09\/05\/tunisie-chaleur-et-hausse-de-la-mortalite-dans-les-prisons\/#primaryimage","url":"https:\/\/kapitalis.com\/tunisie\/wp-content\/uploads\/2026\/09\/Prisonniers-1.jpg","contentUrl":"https:\/\/kapitalis.com\/tunisie\/wp-content\/uploads\/2026\/09\/Prisonniers-1.jpg","width":1200,"height":630},{"@type":"BreadcrumbList","@id":"https:\/\/kapitalis.com\/tunisie\/2026\/09\/05\/tunisie-chaleur-et-hausse-de-la-mortalite-dans-les-prisons\/#breadcrumb","itemListElement":[{"@type":"ListItem","position":1,"name":"Accueil","item":"https:\/\/kapitalis.com\/tunisie\/"},{"@type":"ListItem","position":2,"name":"Tunisie | Chaleur et hausse de la mortalit\u00e9 dans les prisons"}]},{"@type":"WebSite","@id":"https:\/\/kapitalis.com\/tunisie\/#website","url":"https:\/\/kapitalis.com\/tunisie\/","name":"Kapitalis","description":"L&#039;actualit\u00e9 en Tunisie et dans le monde","publisher":{"@id":"https:\/\/kapitalis.com\/tunisie\/#organization"},"potentialAction":[{"@type":"SearchAction","target":{"@type":"EntryPoint","urlTemplate":"https:\/\/kapitalis.com\/tunisie\/?s={search_term_string}"},"query-input":{"@type":"PropertyValueSpecification","valueRequired":true,"valueName":"search_term_string"}}],"inLanguage":"fr-FR"},{"@type":"Organization","@id":"https:\/\/kapitalis.com\/tunisie\/#organization","name":"Kapitalis","url":"https:\/\/kapitalis.com\/tunisie\/","logo":{"@type":"ImageObject","inLanguage":"fr-FR","@id":"https:\/\/kapitalis.com\/tunisie\/#\/schema\/logo\/image\/","url":"https:\/\/kapitalis.com\/tunisie\/wp-content\/uploads\/2022\/05\/Kapitalis-big-size.png","contentUrl":"https:\/\/kapitalis.com\/tunisie\/wp-content\/uploads\/2022\/05\/Kapitalis-big-size.png","width":5000,"height":1500,"caption":"Kapitalis"},"image":{"@id":"https:\/\/kapitalis.com\/tunisie\/#\/schema\/logo\/image\/"},"sameAs":["https:\/\/www.facebook.com\/KapitalisInfo\/","https:\/\/x.com\/KapitalisInfo","https:\/\/www.youtube.com\/channel\/UC-yDYrHyfFBWWZaOw3FPg9Q"]},{"@type":"Person","@id":"https:\/\/kapitalis.com\/tunisie\/#\/schema\/person\/d71f33a9ca44f7bad4698210b480c8e9","name":"webmaster kapitalis","url":"https:\/\/kapitalis.com\/tunisie\/author\/webmaster-kapitalis\/"}]}},"_links":{"self":[{"href":"https:\/\/kapitalis.com\/tunisie\/wp-json\/wp\/v2\/posts\/19576871","targetHints":{"allow":["GET"]}}],"collection":[{"href":"https:\/\/kapitalis.com\/tunisie\/wp-json\/wp\/v2\/posts"}],"about":[{"href":"https:\/\/kapitalis.com\/tunisie\/wp-json\/wp\/v2\/types\/post"}],"author":[{"embeddable":true,"href":"https:\/\/kapitalis.com\/tunisie\/wp-json\/wp\/v2\/users\/8"}],"replies":[{"embeddable":true,"href":"https:\/\/kapitalis.com\/tunisie\/wp-json\/wp\/v2\/comments?post=19576871"}],"version-history":[{"count":1,"href":"https:\/\/kapitalis.com\/tunisie\/wp-json\/wp\/v2\/posts\/19576871\/revisions"}],"predecessor-version":[{"id":19576907,"href":"https:\/\/kapitalis.com\/tunisie\/wp-json\/wp\/v2\/posts\/19576871\/revisions\/19576907"}],"wp:featuredmedia":[{"embeddable":true,"href":"https:\/\/kapitalis.com\/tunisie\/wp-json\/wp\/v2\/media\/19547949"}],"wp:attachment":[{"href":"https:\/\/kapitalis.com\/tunisie\/wp-json\/wp\/v2\/media?parent=19576871"}],"wp:term":[{"taxonomy":"category","embeddable":true,"href":"https:\/\/kapitalis.com\/tunisie\/wp-json\/wp\/v2\/categories?post=19576871"},{"taxonomy":"post_tag","embeddable":true,"href":"https:\/\/kapitalis.com\/tunisie\/wp-json\/wp\/v2\/tags?post=19576871"}],"curies":[{"name":"wp","href":"https:\/\/api.w.org\/{rel}","templated":true}]}}