{"id":195777,"date":"2019-01-30T17:55:20","date_gmt":"2019-01-30T16:55:20","guid":{"rendered":"http:\/\/kapitalis.com\/tunisie\/?p=195777"},"modified":"2019-01-30T17:55:20","modified_gmt":"2019-01-30T16:55:20","slug":"peugeot-doublement-distingue-au-festival-automobile-international","status":"publish","type":"post","link":"https:\/\/kapitalis.com\/tunisie\/2019\/01\/30\/peugeot-doublement-distingue-au-festival-automobile-international\/","title":{"rendered":"Peugeot doublement distingu\u00e9 au Festival Automobile International"},"content":{"rendered":"<p style=\"text-align: center;\"><img loading=\"lazy\" decoding=\"async\" class=\"alignnone size-full wp-image-195778\" src=\"http:\/\/kapitalis.com\/tunisie\/wp-content\/uploads\/2019\/01\/Peugeot-Prix-Festival.jpg\" alt=\"\" width=\"626\" height=\"380\" \/><\/p>\n<p><em><strong>A la 34e \u00e9dition du Festival Automobile International, qui s\u2019est tenu le 29 janvier 2019 \u00e0 l\u2019h\u00f4tel des Invalides \u00e0 Paris, la nouvelle Peugeot 508 a \u00e9t\u00e9 \u00e9lue \u00abPlus belle voiture de l\u2019ann\u00e9e 2018\u00bb et Peugeot e-Legend concept re\u00e7oit le prix du \u00abPlus beau concept car\u00bb.<\/strong><\/em><\/p>\n<p><!--more--><\/p>\n<p>Ces deux troph\u00e9es ont \u00e9t\u00e9 re\u00e7us par Jean-Philippe Imparato, directeur de la marque Peugeot et Gilles Vidal, directeur du Design Peugeot.<\/p>\n<p>La nouvelle Peugeot 508 est arriv\u00e9e en t\u00eate avec plus de 34% des votes. La berline radicale de la marque comptabilise depuis son lancement en octobre 2018, plus de 10.000 commandes en Europe depuis sa r\u00e9v\u00e9lation au public en mars 2018 \u00e0 Gen\u00e8ve.<\/p>\n<p style=\"text-align: center;\"><img loading=\"lazy\" decoding=\"async\" class=\"alignnone wp-image-195780\" src=\"http:\/\/kapitalis.com\/tunisie\/wp-content\/uploads\/2019\/01\/Peugeot-508.jpg\" alt=\"\" width=\"500\" height=\"304\" \/><\/p>\n<p>Peugeot e-Legend Concept a remport\u00e9 le prix du plus beau Concept car de l\u2019ann\u00e9e.<\/p>\n<p>Le jury, expert et passionn\u00e9 issu du sport automobile, de l\u2019architecture, de la mode et du design a \u00e9t\u00e9 s\u00e9duit par ce concept qui porte la vision excitante de l\u2019avenir d\u2019un v\u00e9hicule 100% autonome, \u00e9lectrique, connect\u00e9 et personnalisable selon Peugeot.<\/p>\n<p style=\"text-align: center;\"><img loading=\"lazy\" decoding=\"async\" class=\"alignnone wp-image-195781\" src=\"http:\/\/kapitalis.com\/tunisie\/wp-content\/uploads\/2019\/01\/Peugeot-concept.jpg\" alt=\"\" width=\"500\" height=\"304\" \/><\/p>\n<p>Les Grands Prix du Festival Automobile International r\u00e9compensent chaque ann\u00e9e les plus belles r\u00e9alisations dans le domaine automobile. L\u2019architecte Jean-Michel Wilmotte et la cr\u00e9atrice de mode Chantal Thomass pr\u00e9sident un jury d\u2019experts issus du monde de l\u2019automobile, de la mode, de la culture et du design.<\/p>\n<p><em><strong>Source<\/strong> <\/em>: communiqu\u00e9.<\/p>\n","protected":false},"excerpt":{"rendered":"<p>A la 34e \u00e9dition du Festival Automobile International, qui s\u2019est tenu le 29 janvier 2019 \u00e0 l\u2019h\u00f4tel des Invalides \u00e0 Paris, la nouvelle Peugeot 508 a \u00e9t\u00e9 \u00e9lue \u00abPlus belle voiture de l\u2019ann\u00e9e 2018\u00bb et Peugeot e-Legend concept re\u00e7oit le prix du \u00abPlus beau concept car\u00bb.<\/p>\n","protected":false},"author":8,"featured_media":195778,"comment_status":"open","ping_status":"open","sticky":false,"template":"","format":"standard","meta":{"footnotes":""},"categories":[54707,2433],"tags":[27481,27482,36463],"class_list":["post-195777","post","type-post","status-publish","format-standard","has-post-thumbnail","hentry","category-auto","category-tunisie","tag-festival-automobile-international","tag-gilles-vidal","tag-jean-philippe-imparato"],"yoast_head":"<!-- This site is optimized with the Yoast SEO plugin v26.6 - https:\/\/yoast.com\/wordpress\/plugins\/seo\/ -->\n<title>Peugeot doublement distingu\u00e9 au Festival Automobile International - Kapitalis<\/title>\n<meta name=\"robots\" content=\"index, follow, max-snippet:-1, max-image-preview:large, max-video-preview:-1\" \/>\n<link rel=\"canonical\" href=\"https:\/\/kapitalis.com\/tunisie\/2019\/01\/30\/peugeot-doublement-distingue-au-festival-automobile-international\/\" \/>\n<meta property=\"og:locale\" content=\"fr_FR\" \/>\n<meta property=\"og:type\" content=\"article\" \/>\n<meta property=\"og:title\" content=\"Peugeot doublement distingu\u00e9 au Festival Automobile International - Kapitalis\" \/>\n<meta property=\"og:description\" content=\"A la 34e \u00e9dition du Festival Automobile International, qui s\u2019est tenu le 29 janvier 2019 \u00e0 l\u2019h\u00f4tel des Invalides \u00e0 Paris, la nouvelle Peugeot 508 a \u00e9t\u00e9 \u00e9lue \u00abPlus belle voiture de l\u2019ann\u00e9e 2018\u00bb et Peugeot e-Legend concept re\u00e7oit le prix du \u00abPlus beau concept car\u00bb.\" \/>\n<meta property=\"og:url\" content=\"https:\/\/kapitalis.com\/tunisie\/2019\/01\/30\/peugeot-doublement-distingue-au-festival-automobile-international\/\" \/>\n<meta property=\"og:site_name\" content=\"Kapitalis\" \/>\n<meta property=\"article:publisher\" content=\"https:\/\/www.facebook.com\/KapitalisInfo\/\" \/>\n<meta property=\"article:published_time\" content=\"2019-01-30T16:55:20+00:00\" \/>\n<meta property=\"og:image\" content=\"https:\/\/kapitalis.com\/tunisie\/wp-content\/uploads\/2022\/05\/kapitalis-logo-fb.png\" \/>\n\t<meta property=\"og:image:width\" content=\"1200\" \/>\n\t<meta property=\"og:image:height\" content=\"630\" \/>\n\t<meta property=\"og:image:type\" content=\"image\/png\" \/>\n<meta name=\"author\" content=\"webmaster kapitalis\" \/>\n<meta name=\"twitter:card\" content=\"summary_large_image\" \/>\n<meta name=\"twitter:creator\" content=\"@KapitalisInfo\" \/>\n<meta name=\"twitter:site\" content=\"@KapitalisInfo\" \/>\n<meta name=\"twitter:label1\" content=\"\u00c9crit par\" \/>\n\t<meta name=\"twitter:data1\" content=\"webmaster kapitalis\" \/>\n\t<meta name=\"twitter:label2\" content=\"Dur\u00e9e de lecture estim\u00e9e\" \/>\n\t<meta name=\"twitter:data2\" content=\"1 minute\" \/>\n<script type=\"application\/ld+json\" class=\"yoast-schema-graph\">{\"@context\":\"https:\/\/schema.org\",\"@graph\":[{\"@type\":\"Article\",\"@id\":\"https:\/\/kapitalis.com\/tunisie\/2019\/01\/30\/peugeot-doublement-distingue-au-festival-automobile-international\/#article\",\"isPartOf\":{\"@id\":\"https:\/\/kapitalis.com\/tunisie\/2019\/01\/30\/peugeot-doublement-distingue-au-festival-automobile-international\/\"},\"author\":{\"name\":\"webmaster kapitalis\",\"@id\":\"https:\/\/kapitalis.com\/tunisie\/#\/schema\/person\/d71f33a9ca44f7bad4698210b480c8e9\"},\"headline\":\"Peugeot doublement distingu\u00e9 au Festival Automobile International\",\"datePublished\":\"2019-01-30T16:55:20+00:00\",\"mainEntityOfPage\":{\"@id\":\"https:\/\/kapitalis.com\/tunisie\/2019\/01\/30\/peugeot-doublement-distingue-au-festival-automobile-international\/\"},\"wordCount\":234,\"commentCount\":0,\"publisher\":{\"@id\":\"https:\/\/kapitalis.com\/tunisie\/#organization\"},\"image\":{\"@id\":\"https:\/\/kapitalis.com\/tunisie\/2019\/01\/30\/peugeot-doublement-distingue-au-festival-automobile-international\/#primaryimage\"},\"thumbnailUrl\":\"\",\"keywords\":[\"Festival Automobile International\",\"Gilles Vidal\",\"Jean-Philippe Imparato\"],\"articleSection\":[\"AUTO\",\"Tunisie\"],\"inLanguage\":\"fr-FR\",\"potentialAction\":[{\"@type\":\"CommentAction\",\"name\":\"Comment\",\"target\":[\"https:\/\/kapitalis.com\/tunisie\/2019\/01\/30\/peugeot-doublement-distingue-au-festival-automobile-international\/#respond\"]}]},{\"@type\":\"WebPage\",\"@id\":\"https:\/\/kapitalis.com\/tunisie\/2019\/01\/30\/peugeot-doublement-distingue-au-festival-automobile-international\/\",\"url\":\"https:\/\/kapitalis.com\/tunisie\/2019\/01\/30\/peugeot-doublement-distingue-au-festival-automobile-international\/\",\"name\":\"Peugeot doublement distingu\u00e9 au Festival Automobile International - Kapitalis\",\"isPartOf\":{\"@id\":\"https:\/\/kapitalis.com\/tunisie\/#website\"},\"primaryImageOfPage\":{\"@id\":\"https:\/\/kapitalis.com\/tunisie\/2019\/01\/30\/peugeot-doublement-distingue-au-festival-automobile-international\/#primaryimage\"},\"image\":{\"@id\":\"https:\/\/kapitalis.com\/tunisie\/2019\/01\/30\/peugeot-doublement-distingue-au-festival-automobile-international\/#primaryimage\"},\"thumbnailUrl\":\"\",\"datePublished\":\"2019-01-30T16:55:20+00:00\",\"breadcrumb\":{\"@id\":\"https:\/\/kapitalis.com\/tunisie\/2019\/01\/30\/peugeot-doublement-distingue-au-festival-automobile-international\/#breadcrumb\"},\"inLanguage\":\"fr-FR\",\"potentialAction\":[{\"@type\":\"ReadAction\",\"target\":[\"https:\/\/kapitalis.com\/tunisie\/2019\/01\/30\/peugeot-doublement-distingue-au-festival-automobile-international\/\"]}]},{\"@type\":\"ImageObject\",\"inLanguage\":\"fr-FR\",\"@id\":\"https:\/\/kapitalis.com\/tunisie\/2019\/01\/30\/peugeot-doublement-distingue-au-festival-automobile-international\/#primaryimage\",\"url\":\"\",\"contentUrl\":\"\"},{\"@type\":\"BreadcrumbList\",\"@id\":\"https:\/\/kapitalis.com\/tunisie\/2019\/01\/30\/peugeot-doublement-distingue-au-festival-automobile-international\/#breadcrumb\",\"itemListElement\":[{\"@type\":\"ListItem\",\"position\":1,\"name\":\"Accueil\",\"item\":\"https:\/\/kapitalis.com\/tunisie\/\"},{\"@type\":\"ListItem\",\"position\":2,\"name\":\"Peugeot doublement distingu\u00e9 au Festival Automobile International\"}]},{\"@type\":\"WebSite\",\"@id\":\"https:\/\/kapitalis.com\/tunisie\/#website\",\"url\":\"https:\/\/kapitalis.com\/tunisie\/\",\"name\":\"Kapitalis\",\"description\":\"L&#039;actualit\u00e9 en Tunisie et dans le monde\",\"publisher\":{\"@id\":\"https:\/\/kapitalis.com\/tunisie\/#organization\"},\"potentialAction\":[{\"@type\":\"SearchAction\",\"target\":{\"@type\":\"EntryPoint\",\"urlTemplate\":\"https:\/\/kapitalis.com\/tunisie\/?s={search_term_string}\"},\"query-input\":{\"@type\":\"PropertyValueSpecification\",\"valueRequired\":true,\"valueName\":\"search_term_string\"}}],\"inLanguage\":\"fr-FR\"},{\"@type\":\"Organization\",\"@id\":\"https:\/\/kapitalis.com\/tunisie\/#organization\",\"name\":\"Kapitalis\",\"url\":\"https:\/\/kapitalis.com\/tunisie\/\",\"logo\":{\"@type\":\"ImageObject\",\"inLanguage\":\"fr-FR\",\"@id\":\"https:\/\/kapitalis.com\/tunisie\/#\/schema\/logo\/image\/\",\"url\":\"https:\/\/kapitalis.com\/tunisie\/wp-content\/uploads\/2022\/05\/Kapitalis-big-size.png\",\"contentUrl\":\"https:\/\/kapitalis.com\/tunisie\/wp-content\/uploads\/2022\/05\/Kapitalis-big-size.png\",\"width\":5000,\"height\":1500,\"caption\":\"Kapitalis\"},\"image\":{\"@id\":\"https:\/\/kapitalis.com\/tunisie\/#\/schema\/logo\/image\/\"},\"sameAs\":[\"https:\/\/www.facebook.com\/KapitalisInfo\/\",\"https:\/\/x.com\/KapitalisInfo\",\"https:\/\/www.youtube.com\/channel\/UC-yDYrHyfFBWWZaOw3FPg9Q\"]},{\"@type\":\"Person\",\"@id\":\"https:\/\/kapitalis.com\/tunisie\/#\/schema\/person\/d71f33a9ca44f7bad4698210b480c8e9\",\"name\":\"webmaster kapitalis\",\"url\":\"https:\/\/kapitalis.com\/tunisie\/author\/webmaster-kapitalis\/\"}]}<\/script>\n<!-- \/ Yoast SEO plugin. -->","yoast_head_json":{"title":"Peugeot doublement distingu\u00e9 au Festival Automobile International - Kapitalis","robots":{"index":"index","follow":"follow","max-snippet":"max-snippet:-1","max-image-preview":"max-image-preview:large","max-video-preview":"max-video-preview:-1"},"canonical":"https:\/\/kapitalis.com\/tunisie\/2019\/01\/30\/peugeot-doublement-distingue-au-festival-automobile-international\/","og_locale":"fr_FR","og_type":"article","og_title":"Peugeot doublement distingu\u00e9 au Festival Automobile International - Kapitalis","og_description":"A la 34e \u00e9dition du Festival Automobile International, qui s\u2019est tenu le 29 janvier 2019 \u00e0 l\u2019h\u00f4tel des Invalides \u00e0 Paris, la nouvelle Peugeot 508 a \u00e9t\u00e9 \u00e9lue \u00abPlus belle voiture de l\u2019ann\u00e9e 2018\u00bb et Peugeot e-Legend concept re\u00e7oit le prix du \u00abPlus beau concept car\u00bb.","og_url":"https:\/\/kapitalis.com\/tunisie\/2019\/01\/30\/peugeot-doublement-distingue-au-festival-automobile-international\/","og_site_name":"Kapitalis","article_publisher":"https:\/\/www.facebook.com\/KapitalisInfo\/","article_published_time":"2019-01-30T16:55:20+00:00","og_image":[{"width":1200,"height":630,"url":"https:\/\/kapitalis.com\/tunisie\/wp-content\/uploads\/2022\/05\/kapitalis-logo-fb.png","type":"image\/png"}],"author":"webmaster kapitalis","twitter_card":"summary_large_image","twitter_creator":"@KapitalisInfo","twitter_site":"@KapitalisInfo","twitter_misc":{"\u00c9crit par":"webmaster kapitalis","Dur\u00e9e de lecture estim\u00e9e":"1 minute"},"schema":{"@context":"https:\/\/schema.org","@graph":[{"@type":"Article","@id":"https:\/\/kapitalis.com\/tunisie\/2019\/01\/30\/peugeot-doublement-distingue-au-festival-automobile-international\/#article","isPartOf":{"@id":"https:\/\/kapitalis.com\/tunisie\/2019\/01\/30\/peugeot-doublement-distingue-au-festival-automobile-international\/"},"author":{"name":"webmaster kapitalis","@id":"https:\/\/kapitalis.com\/tunisie\/#\/schema\/person\/d71f33a9ca44f7bad4698210b480c8e9"},"headline":"Peugeot doublement distingu\u00e9 au Festival Automobile International","datePublished":"2019-01-30T16:55:20+00:00","mainEntityOfPage":{"@id":"https:\/\/kapitalis.com\/tunisie\/2019\/01\/30\/peugeot-doublement-distingue-au-festival-automobile-international\/"},"wordCount":234,"commentCount":0,"publisher":{"@id":"https:\/\/kapitalis.com\/tunisie\/#organization"},"image":{"@id":"https:\/\/kapitalis.com\/tunisie\/2019\/01\/30\/peugeot-doublement-distingue-au-festival-automobile-international\/#primaryimage"},"thumbnailUrl":"","keywords":["Festival Automobile International","Gilles Vidal","Jean-Philippe Imparato"],"articleSection":["AUTO","Tunisie"],"inLanguage":"fr-FR","potentialAction":[{"@type":"CommentAction","name":"Comment","target":["https:\/\/kapitalis.com\/tunisie\/2019\/01\/30\/peugeot-doublement-distingue-au-festival-automobile-international\/#respond"]}]},{"@type":"WebPage","@id":"https:\/\/kapitalis.com\/tunisie\/2019\/01\/30\/peugeot-doublement-distingue-au-festival-automobile-international\/","url":"https:\/\/kapitalis.com\/tunisie\/2019\/01\/30\/peugeot-doublement-distingue-au-festival-automobile-international\/","name":"Peugeot doublement distingu\u00e9 au Festival Automobile International - Kapitalis","isPartOf":{"@id":"https:\/\/kapitalis.com\/tunisie\/#website"},"primaryImageOfPage":{"@id":"https:\/\/kapitalis.com\/tunisie\/2019\/01\/30\/peugeot-doublement-distingue-au-festival-automobile-international\/#primaryimage"},"image":{"@id":"https:\/\/kapitalis.com\/tunisie\/2019\/01\/30\/peugeot-doublement-distingue-au-festival-automobile-international\/#primaryimage"},"thumbnailUrl":"","datePublished":"2019-01-30T16:55:20+00:00","breadcrumb":{"@id":"https:\/\/kapitalis.com\/tunisie\/2019\/01\/30\/peugeot-doublement-distingue-au-festival-automobile-international\/#breadcrumb"},"inLanguage":"fr-FR","potentialAction":[{"@type":"ReadAction","target":["https:\/\/kapitalis.com\/tunisie\/2019\/01\/30\/peugeot-doublement-distingue-au-festival-automobile-international\/"]}]},{"@type":"ImageObject","inLanguage":"fr-FR","@id":"https:\/\/kapitalis.com\/tunisie\/2019\/01\/30\/peugeot-doublement-distingue-au-festival-automobile-international\/#primaryimage","url":"","contentUrl":""},{"@type":"BreadcrumbList","@id":"https:\/\/kapitalis.com\/tunisie\/2019\/01\/30\/peugeot-doublement-distingue-au-festival-automobile-international\/#breadcrumb","itemListElement":[{"@type":"ListItem","position":1,"name":"Accueil","item":"https:\/\/kapitalis.com\/tunisie\/"},{"@type":"ListItem","position":2,"name":"Peugeot doublement distingu\u00e9 au Festival Automobile International"}]},{"@type":"WebSite","@id":"https:\/\/kapitalis.com\/tunisie\/#website","url":"https:\/\/kapitalis.com\/tunisie\/","name":"Kapitalis","description":"L&#039;actualit\u00e9 en Tunisie et dans le monde","publisher":{"@id":"https:\/\/kapitalis.com\/tunisie\/#organization"},"potentialAction":[{"@type":"SearchAction","target":{"@type":"EntryPoint","urlTemplate":"https:\/\/kapitalis.com\/tunisie\/?s={search_term_string}"},"query-input":{"@type":"PropertyValueSpecification","valueRequired":true,"valueName":"search_term_string"}}],"inLanguage":"fr-FR"},{"@type":"Organization","@id":"https:\/\/kapitalis.com\/tunisie\/#organization","name":"Kapitalis","url":"https:\/\/kapitalis.com\/tunisie\/","logo":{"@type":"ImageObject","inLanguage":"fr-FR","@id":"https:\/\/kapitalis.com\/tunisie\/#\/schema\/logo\/image\/","url":"https:\/\/kapitalis.com\/tunisie\/wp-content\/uploads\/2022\/05\/Kapitalis-big-size.png","contentUrl":"https:\/\/kapitalis.com\/tunisie\/wp-content\/uploads\/2022\/05\/Kapitalis-big-size.png","width":5000,"height":1500,"caption":"Kapitalis"},"image":{"@id":"https:\/\/kapitalis.com\/tunisie\/#\/schema\/logo\/image\/"},"sameAs":["https:\/\/www.facebook.com\/KapitalisInfo\/","https:\/\/x.com\/KapitalisInfo","https:\/\/www.youtube.com\/channel\/UC-yDYrHyfFBWWZaOw3FPg9Q"]},{"@type":"Person","@id":"https:\/\/kapitalis.com\/tunisie\/#\/schema\/person\/d71f33a9ca44f7bad4698210b480c8e9","name":"webmaster kapitalis","url":"https:\/\/kapitalis.com\/tunisie\/author\/webmaster-kapitalis\/"}]}},"_links":{"self":[{"href":"https:\/\/kapitalis.com\/tunisie\/wp-json\/wp\/v2\/posts\/195777","targetHints":{"allow":["GET"]}}],"collection":[{"href":"https:\/\/kapitalis.com\/tunisie\/wp-json\/wp\/v2\/posts"}],"about":[{"href":"https:\/\/kapitalis.com\/tunisie\/wp-json\/wp\/v2\/types\/post"}],"author":[{"embeddable":true,"href":"https:\/\/kapitalis.com\/tunisie\/wp-json\/wp\/v2\/users\/8"}],"replies":[{"embeddable":true,"href":"https:\/\/kapitalis.com\/tunisie\/wp-json\/wp\/v2\/comments?post=195777"}],"version-history":[{"count":0,"href":"https:\/\/kapitalis.com\/tunisie\/wp-json\/wp\/v2\/posts\/195777\/revisions"}],"wp:featuredmedia":[{"embeddable":true,"href":"https:\/\/kapitalis.com\/tunisie\/wp-json\/wp\/v2\/media\/195778"}],"wp:attachment":[{"href":"https:\/\/kapitalis.com\/tunisie\/wp-json\/wp\/v2\/media?parent=195777"}],"wp:term":[{"taxonomy":"category","embeddable":true,"href":"https:\/\/kapitalis.com\/tunisie\/wp-json\/wp\/v2\/categories?post=195777"},{"taxonomy":"post_tag","embeddable":true,"href":"https:\/\/kapitalis.com\/tunisie\/wp-json\/wp\/v2\/tags?post=195777"}],"curies":[{"name":"wp","href":"https:\/\/api.w.org\/{rel}","templated":true}]}}