{"id":195789,"date":"2019-01-30T18:25:47","date_gmt":"2019-01-30T17:25:47","guid":{"rendered":"http:\/\/kapitalis.com\/tunisie\/?p=195789"},"modified":"2019-01-30T18:25:47","modified_gmt":"2019-01-30T17:25:47","slug":"les-ams-annoncent-un-chiffre-daffaires-en-baisse-de-4-en-2018","status":"publish","type":"post","link":"https:\/\/kapitalis.com\/tunisie\/2019\/01\/30\/les-ams-annoncent-un-chiffre-daffaires-en-baisse-de-4-en-2018\/","title":{"rendered":"Les AMS annoncent un chiffre d\u2019affaires en baisse de 4% en 2018"},"content":{"rendered":"<p style=\"text-align: center;\"><img loading=\"lazy\" decoding=\"async\" class=\"alignnone size-full wp-image-135782\" src=\"http:\/\/kapitalis.com\/tunisie\/wp-content\/uploads\/2018\/01\/AMS.jpg\" alt=\"\" width=\"626\" height=\"380\" \/><\/p>\n<p><em><strong>\u00c0 la cl\u00f4ture de l\u2019ann\u00e9e 2018, la soci\u00e9t\u00e9 les Ateliers m\u00e9caniques du Sahel (AMS) a r\u00e9alis\u00e9 un chiffre d\u2019affaires de 22.046.000 DT contre 23.041.000DT au 31 d\u00e9cembre 2017, enregistrant ainsi une l\u00e9g\u00e8re baisse de 4%.<\/strong> <\/em><\/p>\n<p><!--more--><\/p>\n<p>Cette baisse est caus\u00e9e par la r\u00e9gression de la demande du march\u00e9, influenc\u00e9e par la situation \u00e9conomique du pays et particuli\u00e8rement le secteur de l\u2019immobilier, le retard dans la mise en place du plan de restructuration financi\u00e8re et op\u00e9rationnelle qui est en cours et qui aurait permis \u00e0 la soci\u00e9t\u00e9 de mieux g\u00e9rer son cycle d\u2019exploitation, l\u2019absence de facturation des march\u00e9s publics, Sonede et Steg, sur ce dernier trimestre.<\/p>\n<p>\u00c0 la cl\u00f4ture de l\u2019exercice 2018, la valeur de la production finie a enregistr\u00e9 une l\u00e9g\u00e8re baisse de 11% par rapport au 31 d\u00e9cembre 2017, en affichant une valeur de 26.095.000 DT contre 29.194.000 DT pour l\u2019ann\u00e9e 2017.<\/p>\n<p>Les investissements cumul\u00e9s (incorporels et corporels) ont atteint 667.000 DT, \u00e0 la cl\u00f4ture de l&rsquo;ann\u00e9e 2018, contre 844.000 DT pour l\u2019ann\u00e9e 2017, soit une r\u00e9gression de 21%.<\/p>\n<p>La valeur de l\u2019endettement financier de la soci\u00e9t\u00e9 au 31 d\u00e9cembre 2018 s\u2019\u00e9l\u00e8ve \u00e0 49.332.000 DT contre 45.305.000 DT \u00e0 la cl\u00f4ture de l\u2019ann\u00e9e 2017. Cette augmentation est due principalement au financement des march\u00e9s publics (Sonede principalement).<\/p>\n<p><em><strong>Source<\/strong><\/em> : communiqu\u00e9.<\/p>\n<blockquote class=\"wp-embedded-content\" data-secret=\"uoRp4hcquO\"><p><a href=\"https:\/\/kapitalis.com\/tunisie\/2019\/01\/19\/industrie-les-ams-se-remettront-en-selle-prochainement\/\">Industrie\u00a0: Les AMS se remettront en selle prochainement<\/a><\/p><\/blockquote>\n<p><iframe loading=\"lazy\" class=\"wp-embedded-content\" sandbox=\"allow-scripts\" security=\"restricted\" style=\"position: absolute; clip: rect(1px, 1px, 1px, 1px);\" title=\"\u00ab\u00a0Industrie\u00a0: Les AMS se remettront en selle prochainement\u00a0\u00bb &#8212; Kapitalis\" src=\"https:\/\/kapitalis.com\/tunisie\/2019\/01\/19\/industrie-les-ams-se-remettront-en-selle-prochainement\/embed\/#?secret=1WHaqFm044#?secret=uoRp4hcquO\" data-secret=\"uoRp4hcquO\" width=\"600\" height=\"338\" frameborder=\"0\" marginwidth=\"0\" marginheight=\"0\" scrolling=\"no\"><\/iframe><\/p>\n<blockquote class=\"wp-embedded-content\" data-secret=\"yW5UWplzLg\"><p><a href=\"https:\/\/kapitalis.com\/tunisie\/2018\/12\/18\/industrie-les-ams-une-marque-tunisienne-qui-se-defend-bien\/\">Industrie\u00a0: Les AMS, une marque tunisienne qui se d\u00e9fend bien \u00a0<\/a><\/p><\/blockquote>\n<p><iframe loading=\"lazy\" class=\"wp-embedded-content\" sandbox=\"allow-scripts\" security=\"restricted\" style=\"position: absolute; clip: rect(1px, 1px, 1px, 1px);\" title=\"\u00ab\u00a0Industrie\u00a0: Les AMS, une marque tunisienne qui se d\u00e9fend bien \u00a0\u00a0\u00bb &#8212; Kapitalis\" src=\"https:\/\/kapitalis.com\/tunisie\/2018\/12\/18\/industrie-les-ams-une-marque-tunisienne-qui-se-defend-bien\/embed\/#?secret=kdQxKUxezS#?secret=yW5UWplzLg\" data-secret=\"yW5UWplzLg\" width=\"600\" height=\"338\" frameborder=\"0\" marginwidth=\"0\" marginheight=\"0\" scrolling=\"no\"><\/iframe><\/p>\n","protected":false},"excerpt":{"rendered":"<p>\u00c0 la cl\u00f4ture de l\u2019ann\u00e9e 2018, la soci\u00e9t\u00e9 les Ateliers m\u00e9caniques du Sahel (AMS) a r\u00e9alis\u00e9 un chiffre d\u2019affaires de 22.046.000 DT contre 23.041.000DT au 31 d\u00e9cembre 2017, enregistrant ainsi une l\u00e9g\u00e8re baisse de 4%.<\/p>\n","protected":false},"author":8,"featured_media":0,"comment_status":"open","ping_status":"open","sticky":false,"template":"","format":"standard","meta":{"footnotes":""},"categories":[995,2433],"tags":[3063,1047,6099],"class_list":["post-195789","post","type-post","status-publish","format-standard","hentry","category-economie","category-tunisie","tag-ams","tag-ateliers-mecaniques-du-sahel","tag-plan-de-restructuration"],"yoast_head":"<!-- This site is optimized with the Yoast SEO plugin v26.6 - https:\/\/yoast.com\/wordpress\/plugins\/seo\/ -->\n<title>Les AMS annoncent un chiffre d\u2019affaires en baisse de 4% en 2018 - Kapitalis<\/title>\n<meta name=\"robots\" content=\"index, follow, max-snippet:-1, max-image-preview:large, max-video-preview:-1\" \/>\n<link rel=\"canonical\" href=\"https:\/\/kapitalis.com\/tunisie\/2019\/01\/30\/les-ams-annoncent-un-chiffre-daffaires-en-baisse-de-4-en-2018\/\" \/>\n<meta property=\"og:locale\" content=\"fr_FR\" \/>\n<meta property=\"og:type\" content=\"article\" \/>\n<meta property=\"og:title\" content=\"Les AMS annoncent un chiffre d\u2019affaires en baisse de 4% en 2018 - Kapitalis\" \/>\n<meta property=\"og:description\" content=\"\u00c0 la cl\u00f4ture de l\u2019ann\u00e9e 2018, la soci\u00e9t\u00e9 les Ateliers m\u00e9caniques du Sahel (AMS) a r\u00e9alis\u00e9 un chiffre d\u2019affaires de 22.046.000 DT contre 23.041.000DT au 31 d\u00e9cembre 2017, enregistrant ainsi une l\u00e9g\u00e8re baisse de 4%.\" \/>\n<meta property=\"og:url\" content=\"https:\/\/kapitalis.com\/tunisie\/2019\/01\/30\/les-ams-annoncent-un-chiffre-daffaires-en-baisse-de-4-en-2018\/\" \/>\n<meta property=\"og:site_name\" content=\"Kapitalis\" \/>\n<meta property=\"article:publisher\" content=\"https:\/\/www.facebook.com\/KapitalisInfo\/\" \/>\n<meta property=\"article:published_time\" content=\"2019-01-30T17:25:47+00:00\" \/>\n<meta property=\"og:image\" content=\"http:\/\/kapitalis.com\/tunisie\/wp-content\/uploads\/2018\/01\/AMS.jpg\" \/>\n<meta name=\"author\" content=\"webmaster kapitalis\" \/>\n<meta name=\"twitter:card\" content=\"summary_large_image\" \/>\n<meta name=\"twitter:creator\" content=\"@KapitalisInfo\" \/>\n<meta name=\"twitter:site\" content=\"@KapitalisInfo\" \/>\n<meta name=\"twitter:label1\" content=\"\u00c9crit par\" \/>\n\t<meta name=\"twitter:data1\" content=\"webmaster kapitalis\" \/>\n\t<meta name=\"twitter:label2\" content=\"Dur\u00e9e de lecture estim\u00e9e\" \/>\n\t<meta name=\"twitter:data2\" content=\"1 minute\" \/>\n<script type=\"application\/ld+json\" class=\"yoast-schema-graph\">{\"@context\":\"https:\/\/schema.org\",\"@graph\":[{\"@type\":\"Article\",\"@id\":\"https:\/\/kapitalis.com\/tunisie\/2019\/01\/30\/les-ams-annoncent-un-chiffre-daffaires-en-baisse-de-4-en-2018\/#article\",\"isPartOf\":{\"@id\":\"https:\/\/kapitalis.com\/tunisie\/2019\/01\/30\/les-ams-annoncent-un-chiffre-daffaires-en-baisse-de-4-en-2018\/\"},\"author\":{\"name\":\"webmaster kapitalis\",\"@id\":\"https:\/\/kapitalis.com\/tunisie\/#\/schema\/person\/d71f33a9ca44f7bad4698210b480c8e9\"},\"headline\":\"Les AMS annoncent un chiffre d\u2019affaires en baisse de 4% en 2018\",\"datePublished\":\"2019-01-30T17:25:47+00:00\",\"mainEntityOfPage\":{\"@id\":\"https:\/\/kapitalis.com\/tunisie\/2019\/01\/30\/les-ams-annoncent-un-chiffre-daffaires-en-baisse-de-4-en-2018\/\"},\"wordCount\":245,\"commentCount\":0,\"publisher\":{\"@id\":\"https:\/\/kapitalis.com\/tunisie\/#organization\"},\"image\":{\"@id\":\"https:\/\/kapitalis.com\/tunisie\/2019\/01\/30\/les-ams-annoncent-un-chiffre-daffaires-en-baisse-de-4-en-2018\/#primaryimage\"},\"thumbnailUrl\":\"http:\/\/kapitalis.com\/tunisie\/wp-content\/uploads\/2018\/01\/AMS.jpg\",\"keywords\":[\"AMS\",\"Ateliers m\u00e9caniques du Sahel\",\"plan de restructuration\"],\"articleSection\":[\"ECONOMIE\",\"Tunisie\"],\"inLanguage\":\"fr-FR\",\"potentialAction\":[{\"@type\":\"CommentAction\",\"name\":\"Comment\",\"target\":[\"https:\/\/kapitalis.com\/tunisie\/2019\/01\/30\/les-ams-annoncent-un-chiffre-daffaires-en-baisse-de-4-en-2018\/#respond\"]}]},{\"@type\":\"WebPage\",\"@id\":\"https:\/\/kapitalis.com\/tunisie\/2019\/01\/30\/les-ams-annoncent-un-chiffre-daffaires-en-baisse-de-4-en-2018\/\",\"url\":\"https:\/\/kapitalis.com\/tunisie\/2019\/01\/30\/les-ams-annoncent-un-chiffre-daffaires-en-baisse-de-4-en-2018\/\",\"name\":\"Les AMS annoncent un chiffre d\u2019affaires en baisse de 4% en 2018 - Kapitalis\",\"isPartOf\":{\"@id\":\"https:\/\/kapitalis.com\/tunisie\/#website\"},\"primaryImageOfPage\":{\"@id\":\"https:\/\/kapitalis.com\/tunisie\/2019\/01\/30\/les-ams-annoncent-un-chiffre-daffaires-en-baisse-de-4-en-2018\/#primaryimage\"},\"image\":{\"@id\":\"https:\/\/kapitalis.com\/tunisie\/2019\/01\/30\/les-ams-annoncent-un-chiffre-daffaires-en-baisse-de-4-en-2018\/#primaryimage\"},\"thumbnailUrl\":\"http:\/\/kapitalis.com\/tunisie\/wp-content\/uploads\/2018\/01\/AMS.jpg\",\"datePublished\":\"2019-01-30T17:25:47+00:00\",\"breadcrumb\":{\"@id\":\"https:\/\/kapitalis.com\/tunisie\/2019\/01\/30\/les-ams-annoncent-un-chiffre-daffaires-en-baisse-de-4-en-2018\/#breadcrumb\"},\"inLanguage\":\"fr-FR\",\"potentialAction\":[{\"@type\":\"ReadAction\",\"target\":[\"https:\/\/kapitalis.com\/tunisie\/2019\/01\/30\/les-ams-annoncent-un-chiffre-daffaires-en-baisse-de-4-en-2018\/\"]}]},{\"@type\":\"ImageObject\",\"inLanguage\":\"fr-FR\",\"@id\":\"https:\/\/kapitalis.com\/tunisie\/2019\/01\/30\/les-ams-annoncent-un-chiffre-daffaires-en-baisse-de-4-en-2018\/#primaryimage\",\"url\":\"http:\/\/kapitalis.com\/tunisie\/wp-content\/uploads\/2018\/01\/AMS.jpg\",\"contentUrl\":\"http:\/\/kapitalis.com\/tunisie\/wp-content\/uploads\/2018\/01\/AMS.jpg\"},{\"@type\":\"BreadcrumbList\",\"@id\":\"https:\/\/kapitalis.com\/tunisie\/2019\/01\/30\/les-ams-annoncent-un-chiffre-daffaires-en-baisse-de-4-en-2018\/#breadcrumb\",\"itemListElement\":[{\"@type\":\"ListItem\",\"position\":1,\"name\":\"Accueil\",\"item\":\"https:\/\/kapitalis.com\/tunisie\/\"},{\"@type\":\"ListItem\",\"position\":2,\"name\":\"Les AMS annoncent un chiffre d\u2019affaires en baisse de 4% en 2018\"}]},{\"@type\":\"WebSite\",\"@id\":\"https:\/\/kapitalis.com\/tunisie\/#website\",\"url\":\"https:\/\/kapitalis.com\/tunisie\/\",\"name\":\"Kapitalis\",\"description\":\"L&#039;actualit\u00e9 en Tunisie et dans le monde\",\"publisher\":{\"@id\":\"https:\/\/kapitalis.com\/tunisie\/#organization\"},\"potentialAction\":[{\"@type\":\"SearchAction\",\"target\":{\"@type\":\"EntryPoint\",\"urlTemplate\":\"https:\/\/kapitalis.com\/tunisie\/?s={search_term_string}\"},\"query-input\":{\"@type\":\"PropertyValueSpecification\",\"valueRequired\":true,\"valueName\":\"search_term_string\"}}],\"inLanguage\":\"fr-FR\"},{\"@type\":\"Organization\",\"@id\":\"https:\/\/kapitalis.com\/tunisie\/#organization\",\"name\":\"Kapitalis\",\"url\":\"https:\/\/kapitalis.com\/tunisie\/\",\"logo\":{\"@type\":\"ImageObject\",\"inLanguage\":\"fr-FR\",\"@id\":\"https:\/\/kapitalis.com\/tunisie\/#\/schema\/logo\/image\/\",\"url\":\"https:\/\/kapitalis.com\/tunisie\/wp-content\/uploads\/2022\/05\/Kapitalis-big-size.png\",\"contentUrl\":\"https:\/\/kapitalis.com\/tunisie\/wp-content\/uploads\/2022\/05\/Kapitalis-big-size.png\",\"width\":5000,\"height\":1500,\"caption\":\"Kapitalis\"},\"image\":{\"@id\":\"https:\/\/kapitalis.com\/tunisie\/#\/schema\/logo\/image\/\"},\"sameAs\":[\"https:\/\/www.facebook.com\/KapitalisInfo\/\",\"https:\/\/x.com\/KapitalisInfo\",\"https:\/\/www.youtube.com\/channel\/UC-yDYrHyfFBWWZaOw3FPg9Q\"]},{\"@type\":\"Person\",\"@id\":\"https:\/\/kapitalis.com\/tunisie\/#\/schema\/person\/d71f33a9ca44f7bad4698210b480c8e9\",\"name\":\"webmaster kapitalis\",\"url\":\"https:\/\/kapitalis.com\/tunisie\/author\/webmaster-kapitalis\/\"}]}<\/script>\n<!-- \/ Yoast SEO plugin. -->","yoast_head_json":{"title":"Les AMS annoncent un chiffre d\u2019affaires en baisse de 4% en 2018 - Kapitalis","robots":{"index":"index","follow":"follow","max-snippet":"max-snippet:-1","max-image-preview":"max-image-preview:large","max-video-preview":"max-video-preview:-1"},"canonical":"https:\/\/kapitalis.com\/tunisie\/2019\/01\/30\/les-ams-annoncent-un-chiffre-daffaires-en-baisse-de-4-en-2018\/","og_locale":"fr_FR","og_type":"article","og_title":"Les AMS annoncent un chiffre d\u2019affaires en baisse de 4% en 2018 - Kapitalis","og_description":"\u00c0 la cl\u00f4ture de l\u2019ann\u00e9e 2018, la soci\u00e9t\u00e9 les Ateliers m\u00e9caniques du Sahel (AMS) a r\u00e9alis\u00e9 un chiffre d\u2019affaires de 22.046.000 DT contre 23.041.000DT au 31 d\u00e9cembre 2017, enregistrant ainsi une l\u00e9g\u00e8re baisse de 4%.","og_url":"https:\/\/kapitalis.com\/tunisie\/2019\/01\/30\/les-ams-annoncent-un-chiffre-daffaires-en-baisse-de-4-en-2018\/","og_site_name":"Kapitalis","article_publisher":"https:\/\/www.facebook.com\/KapitalisInfo\/","article_published_time":"2019-01-30T17:25:47+00:00","og_image":[{"url":"http:\/\/kapitalis.com\/tunisie\/wp-content\/uploads\/2018\/01\/AMS.jpg","type":"","width":"","height":""}],"author":"webmaster kapitalis","twitter_card":"summary_large_image","twitter_creator":"@KapitalisInfo","twitter_site":"@KapitalisInfo","twitter_misc":{"\u00c9crit par":"webmaster kapitalis","Dur\u00e9e de lecture estim\u00e9e":"1 minute"},"schema":{"@context":"https:\/\/schema.org","@graph":[{"@type":"Article","@id":"https:\/\/kapitalis.com\/tunisie\/2019\/01\/30\/les-ams-annoncent-un-chiffre-daffaires-en-baisse-de-4-en-2018\/#article","isPartOf":{"@id":"https:\/\/kapitalis.com\/tunisie\/2019\/01\/30\/les-ams-annoncent-un-chiffre-daffaires-en-baisse-de-4-en-2018\/"},"author":{"name":"webmaster kapitalis","@id":"https:\/\/kapitalis.com\/tunisie\/#\/schema\/person\/d71f33a9ca44f7bad4698210b480c8e9"},"headline":"Les AMS annoncent un chiffre d\u2019affaires en baisse de 4% en 2018","datePublished":"2019-01-30T17:25:47+00:00","mainEntityOfPage":{"@id":"https:\/\/kapitalis.com\/tunisie\/2019\/01\/30\/les-ams-annoncent-un-chiffre-daffaires-en-baisse-de-4-en-2018\/"},"wordCount":245,"commentCount":0,"publisher":{"@id":"https:\/\/kapitalis.com\/tunisie\/#organization"},"image":{"@id":"https:\/\/kapitalis.com\/tunisie\/2019\/01\/30\/les-ams-annoncent-un-chiffre-daffaires-en-baisse-de-4-en-2018\/#primaryimage"},"thumbnailUrl":"http:\/\/kapitalis.com\/tunisie\/wp-content\/uploads\/2018\/01\/AMS.jpg","keywords":["AMS","Ateliers m\u00e9caniques du Sahel","plan de restructuration"],"articleSection":["ECONOMIE","Tunisie"],"inLanguage":"fr-FR","potentialAction":[{"@type":"CommentAction","name":"Comment","target":["https:\/\/kapitalis.com\/tunisie\/2019\/01\/30\/les-ams-annoncent-un-chiffre-daffaires-en-baisse-de-4-en-2018\/#respond"]}]},{"@type":"WebPage","@id":"https:\/\/kapitalis.com\/tunisie\/2019\/01\/30\/les-ams-annoncent-un-chiffre-daffaires-en-baisse-de-4-en-2018\/","url":"https:\/\/kapitalis.com\/tunisie\/2019\/01\/30\/les-ams-annoncent-un-chiffre-daffaires-en-baisse-de-4-en-2018\/","name":"Les AMS annoncent un chiffre d\u2019affaires en baisse de 4% en 2018 - Kapitalis","isPartOf":{"@id":"https:\/\/kapitalis.com\/tunisie\/#website"},"primaryImageOfPage":{"@id":"https:\/\/kapitalis.com\/tunisie\/2019\/01\/30\/les-ams-annoncent-un-chiffre-daffaires-en-baisse-de-4-en-2018\/#primaryimage"},"image":{"@id":"https:\/\/kapitalis.com\/tunisie\/2019\/01\/30\/les-ams-annoncent-un-chiffre-daffaires-en-baisse-de-4-en-2018\/#primaryimage"},"thumbnailUrl":"http:\/\/kapitalis.com\/tunisie\/wp-content\/uploads\/2018\/01\/AMS.jpg","datePublished":"2019-01-30T17:25:47+00:00","breadcrumb":{"@id":"https:\/\/kapitalis.com\/tunisie\/2019\/01\/30\/les-ams-annoncent-un-chiffre-daffaires-en-baisse-de-4-en-2018\/#breadcrumb"},"inLanguage":"fr-FR","potentialAction":[{"@type":"ReadAction","target":["https:\/\/kapitalis.com\/tunisie\/2019\/01\/30\/les-ams-annoncent-un-chiffre-daffaires-en-baisse-de-4-en-2018\/"]}]},{"@type":"ImageObject","inLanguage":"fr-FR","@id":"https:\/\/kapitalis.com\/tunisie\/2019\/01\/30\/les-ams-annoncent-un-chiffre-daffaires-en-baisse-de-4-en-2018\/#primaryimage","url":"http:\/\/kapitalis.com\/tunisie\/wp-content\/uploads\/2018\/01\/AMS.jpg","contentUrl":"http:\/\/kapitalis.com\/tunisie\/wp-content\/uploads\/2018\/01\/AMS.jpg"},{"@type":"BreadcrumbList","@id":"https:\/\/kapitalis.com\/tunisie\/2019\/01\/30\/les-ams-annoncent-un-chiffre-daffaires-en-baisse-de-4-en-2018\/#breadcrumb","itemListElement":[{"@type":"ListItem","position":1,"name":"Accueil","item":"https:\/\/kapitalis.com\/tunisie\/"},{"@type":"ListItem","position":2,"name":"Les AMS annoncent un chiffre d\u2019affaires en baisse de 4% en 2018"}]},{"@type":"WebSite","@id":"https:\/\/kapitalis.com\/tunisie\/#website","url":"https:\/\/kapitalis.com\/tunisie\/","name":"Kapitalis","description":"L&#039;actualit\u00e9 en Tunisie et dans le monde","publisher":{"@id":"https:\/\/kapitalis.com\/tunisie\/#organization"},"potentialAction":[{"@type":"SearchAction","target":{"@type":"EntryPoint","urlTemplate":"https:\/\/kapitalis.com\/tunisie\/?s={search_term_string}"},"query-input":{"@type":"PropertyValueSpecification","valueRequired":true,"valueName":"search_term_string"}}],"inLanguage":"fr-FR"},{"@type":"Organization","@id":"https:\/\/kapitalis.com\/tunisie\/#organization","name":"Kapitalis","url":"https:\/\/kapitalis.com\/tunisie\/","logo":{"@type":"ImageObject","inLanguage":"fr-FR","@id":"https:\/\/kapitalis.com\/tunisie\/#\/schema\/logo\/image\/","url":"https:\/\/kapitalis.com\/tunisie\/wp-content\/uploads\/2022\/05\/Kapitalis-big-size.png","contentUrl":"https:\/\/kapitalis.com\/tunisie\/wp-content\/uploads\/2022\/05\/Kapitalis-big-size.png","width":5000,"height":1500,"caption":"Kapitalis"},"image":{"@id":"https:\/\/kapitalis.com\/tunisie\/#\/schema\/logo\/image\/"},"sameAs":["https:\/\/www.facebook.com\/KapitalisInfo\/","https:\/\/x.com\/KapitalisInfo","https:\/\/www.youtube.com\/channel\/UC-yDYrHyfFBWWZaOw3FPg9Q"]},{"@type":"Person","@id":"https:\/\/kapitalis.com\/tunisie\/#\/schema\/person\/d71f33a9ca44f7bad4698210b480c8e9","name":"webmaster kapitalis","url":"https:\/\/kapitalis.com\/tunisie\/author\/webmaster-kapitalis\/"}]}},"_links":{"self":[{"href":"https:\/\/kapitalis.com\/tunisie\/wp-json\/wp\/v2\/posts\/195789","targetHints":{"allow":["GET"]}}],"collection":[{"href":"https:\/\/kapitalis.com\/tunisie\/wp-json\/wp\/v2\/posts"}],"about":[{"href":"https:\/\/kapitalis.com\/tunisie\/wp-json\/wp\/v2\/types\/post"}],"author":[{"embeddable":true,"href":"https:\/\/kapitalis.com\/tunisie\/wp-json\/wp\/v2\/users\/8"}],"replies":[{"embeddable":true,"href":"https:\/\/kapitalis.com\/tunisie\/wp-json\/wp\/v2\/comments?post=195789"}],"version-history":[{"count":0,"href":"https:\/\/kapitalis.com\/tunisie\/wp-json\/wp\/v2\/posts\/195789\/revisions"}],"wp:attachment":[{"href":"https:\/\/kapitalis.com\/tunisie\/wp-json\/wp\/v2\/media?parent=195789"}],"wp:term":[{"taxonomy":"category","embeddable":true,"href":"https:\/\/kapitalis.com\/tunisie\/wp-json\/wp\/v2\/categories?post=195789"},{"taxonomy":"post_tag","embeddable":true,"href":"https:\/\/kapitalis.com\/tunisie\/wp-json\/wp\/v2\/tags?post=195789"}],"curies":[{"name":"wp","href":"https:\/\/api.w.org\/{rel}","templated":true}]}}