{"id":19580055,"date":"2026-09-05T21:54:56","date_gmt":"2026-09-05T20:54:56","guid":{"rendered":"https:\/\/kapitalis.com\/tunisie\/?p=19580055"},"modified":"2026-09-05T22:13:06","modified_gmt":"2026-09-05T21:13:06","slug":"snjt-place-en-garde-a-vue-le-journaliste-mohamed-yousfi-opere-en-urgence","status":"publish","type":"post","link":"https:\/\/kapitalis.com\/tunisie\/2026\/09\/05\/snjt-place-en-garde-a-vue-le-journaliste-mohamed-yousfi-opere-en-urgence\/","title":{"rendered":"SNJT | Plac\u00e9 en garde \u00e0 vue, le journaliste Mohamed Yousfi op\u00e9r\u00e9 en urgence"},"content":{"rendered":"\n<p class=\"wp-block-paragraph\"><strong><em>\u200bLe Syndicat national des journalistes tunisiens (SNJT) a annonc\u00e9 dans la soir\u00e9e de ce samedi 5 septembre 2026, que Mohamed Yousfi a \u00e9t\u00e9 op\u00e9r\u00e9 en urgence alors qu&rsquo;il \u00e9tait en garde \u00e0 vue.<\/em><\/strong><\/p>\n\n\n\n<!--more-->\n\n\n\n<p class=\"wp-block-paragraph\">Dans son communiqu\u00e9, le SNJT pr\u00e9cise que Mohamed Yousfi a \u00e9t\u00e9 victime d&rsquo;un malaise et qu&rsquo;il a \u00e9t\u00e9 transport\u00e9 \u00e0 l&rsquo;h\u00f4pital , o\u00f9 il a \u00e9t\u00e9 op\u00e9r\u00e9 en urgence de l&rsquo;appendicite dans la nuit du 4 septembre 2026.<\/p>\n\n\n\n<p class=\"wp-block-paragraph\">\u200bLe syndicat soutient que les contraintes et la pression de la d\u00e9tention sont incompatibles avec les soins post-op\u00e9ratoires et la convalescence requis par son \u00e9tat, en affirmant que la sant\u00e9 et l&rsquo;int\u00e9grit\u00e9 physique du journaliste rel\u00e8vent de la responsabilit\u00e9 directe des autorit\u00e9s comp\u00e9tentes.<\/p>\n\n\n\n<p class=\"wp-block-paragraph\">La m\u00eame source a rappel\u00e9 que la place d&rsquo;un professionnel de l&rsquo;information et des m\u00e9dias n&rsquo;est pas en prison quelles que soient ses prises de position, tout en r\u00e9clamant l&rsquo;abandon des poursuites visant Mohamed Yousfi et sa remise en libert\u00e9 afin qu&rsquo;il puisse se soigner dignement tout en exer\u00e7ant ses droits de d\u00e9fense.<\/p>\n\n\n\n<p class=\"has-text-align-right wp-block-paragraph\"><strong>Y. N.<\/strong><\/p>\n","protected":false},"excerpt":{"rendered":"<p>\u200bLe Syndicat national des journalistes tunisiens (SNJT) a annonc\u00e9 dans la soir\u00e9e de ce samedi 5 septembre 2026, que Mohamed Yousfi a \u00e9t\u00e9 op\u00e9r\u00e9 en urgence alors qu&rsquo;il \u00e9tait en garde \u00e0 vue.<\/p>\n","protected":false},"author":6,"featured_media":19580075,"comment_status":"open","ping_status":"open","sticky":false,"template":"","format":"standard","meta":{"footnotes":""},"categories":[996,998,2433],"tags":[2201,129976,2798,838,62643],"class_list":["post-19580055","post","type-post","status-publish","format-standard","has-post-thumbnail","hentry","category-media","category-societe","category-tunisie","tag-garde-a-vue","tag-mohamed-yousfi","tag-operation","tag-snjt","tag-tunisie"],"yoast_head":"<!-- This site is optimized with the Yoast SEO plugin v26.6 - https:\/\/yoast.com\/wordpress\/plugins\/seo\/ -->\n<title>SNJT | Plac\u00e9 en garde \u00e0 vue, le journaliste Mohamed Yousfi op\u00e9r\u00e9 en urgence - Kapitalis<\/title>\n<meta name=\"robots\" content=\"index, follow, max-snippet:-1, max-image-preview:large, max-video-preview:-1\" \/>\n<link rel=\"canonical\" href=\"https:\/\/kapitalis.com\/tunisie\/2026\/09\/05\/snjt-place-en-garde-a-vue-le-journaliste-mohamed-yousfi-opere-en-urgence\/\" \/>\n<meta property=\"og:locale\" content=\"fr_FR\" \/>\n<meta property=\"og:type\" content=\"article\" \/>\n<meta property=\"og:title\" content=\"SNJT | Plac\u00e9 en garde \u00e0 vue, le journaliste Mohamed Yousfi op\u00e9r\u00e9 en urgence - Kapitalis\" \/>\n<meta property=\"og:description\" content=\"\u200bLe Syndicat national des journalistes tunisiens (SNJT) a annonc\u00e9 dans la soir\u00e9e de ce samedi 5 septembre 2026, que Mohamed Yousfi a \u00e9t\u00e9 op\u00e9r\u00e9 en urgence alors qu&rsquo;il \u00e9tait en garde \u00e0 vue.\" \/>\n<meta property=\"og:url\" content=\"https:\/\/kapitalis.com\/tunisie\/2026\/09\/05\/snjt-place-en-garde-a-vue-le-journaliste-mohamed-yousfi-opere-en-urgence\/\" \/>\n<meta property=\"og:site_name\" content=\"Kapitalis\" \/>\n<meta property=\"article:publisher\" content=\"https:\/\/www.facebook.com\/KapitalisInfo\/\" \/>\n<meta property=\"article:published_time\" content=\"2026-09-05T20:54:56+00:00\" \/>\n<meta property=\"article:modified_time\" content=\"2026-09-05T21:13:06+00:00\" \/>\n<meta property=\"og:image\" content=\"https:\/\/kapitalis.com\/tunisie\/wp-content\/uploads\/2026\/09\/Mohamed-Yousfi.png\" \/>\n\t<meta property=\"og:image:width\" content=\"1200\" \/>\n\t<meta property=\"og:image:height\" content=\"630\" \/>\n\t<meta property=\"og:image:type\" content=\"image\/png\" \/>\n<meta name=\"author\" content=\"Yusra NY\" \/>\n<meta name=\"twitter:card\" content=\"summary_large_image\" \/>\n<meta name=\"twitter:creator\" content=\"@KapitalisInfo\" \/>\n<meta name=\"twitter:site\" content=\"@KapitalisInfo\" \/>\n<meta name=\"twitter:label1\" content=\"\u00c9crit par\" \/>\n\t<meta name=\"twitter:data1\" content=\"Yusra NY\" \/>\n\t<meta name=\"twitter:label2\" content=\"Dur\u00e9e de lecture estim\u00e9e\" \/>\n\t<meta name=\"twitter:data2\" content=\"2 minutes\" \/>\n<script type=\"application\/ld+json\" class=\"yoast-schema-graph\">{\"@context\":\"https:\/\/schema.org\",\"@graph\":[{\"@type\":\"Article\",\"@id\":\"https:\/\/kapitalis.com\/tunisie\/2026\/09\/05\/snjt-place-en-garde-a-vue-le-journaliste-mohamed-yousfi-opere-en-urgence\/#article\",\"isPartOf\":{\"@id\":\"https:\/\/kapitalis.com\/tunisie\/2026\/09\/05\/snjt-place-en-garde-a-vue-le-journaliste-mohamed-yousfi-opere-en-urgence\/\"},\"author\":{\"name\":\"Yusra NY\",\"@id\":\"https:\/\/kapitalis.com\/tunisie\/#\/schema\/person\/74bbde0154d49d790a92aaeac5bc01d5\"},\"headline\":\"SNJT | Plac\u00e9 en garde \u00e0 vue, le journaliste Mohamed Yousfi op\u00e9r\u00e9 en urgence\",\"datePublished\":\"2026-09-05T20:54:56+00:00\",\"dateModified\":\"2026-09-05T21:13:06+00:00\",\"mainEntityOfPage\":{\"@id\":\"https:\/\/kapitalis.com\/tunisie\/2026\/09\/05\/snjt-place-en-garde-a-vue-le-journaliste-mohamed-yousfi-opere-en-urgence\/\"},\"wordCount\":191,\"commentCount\":0,\"publisher\":{\"@id\":\"https:\/\/kapitalis.com\/tunisie\/#organization\"},\"image\":{\"@id\":\"https:\/\/kapitalis.com\/tunisie\/2026\/09\/05\/snjt-place-en-garde-a-vue-le-journaliste-mohamed-yousfi-opere-en-urgence\/#primaryimage\"},\"thumbnailUrl\":\"https:\/\/kapitalis.com\/tunisie\/wp-content\/uploads\/2026\/09\/Mohamed-Yousfi.png\",\"keywords\":[\"garde \u00e0 vue\",\"Mohamed Yousfi\",\"op\u00e9ration\",\"SNJT\",\"Tunisie\"],\"articleSection\":[\"MEDIA\",\"SOCIETE\",\"Tunisie\"],\"inLanguage\":\"fr-FR\",\"potentialAction\":[{\"@type\":\"CommentAction\",\"name\":\"Comment\",\"target\":[\"https:\/\/kapitalis.com\/tunisie\/2026\/09\/05\/snjt-place-en-garde-a-vue-le-journaliste-mohamed-yousfi-opere-en-urgence\/#respond\"]}]},{\"@type\":\"WebPage\",\"@id\":\"https:\/\/kapitalis.com\/tunisie\/2026\/09\/05\/snjt-place-en-garde-a-vue-le-journaliste-mohamed-yousfi-opere-en-urgence\/\",\"url\":\"https:\/\/kapitalis.com\/tunisie\/2026\/09\/05\/snjt-place-en-garde-a-vue-le-journaliste-mohamed-yousfi-opere-en-urgence\/\",\"name\":\"SNJT | Plac\u00e9 en garde \u00e0 vue, le journaliste Mohamed Yousfi op\u00e9r\u00e9 en urgence - Kapitalis\",\"isPartOf\":{\"@id\":\"https:\/\/kapitalis.com\/tunisie\/#website\"},\"primaryImageOfPage\":{\"@id\":\"https:\/\/kapitalis.com\/tunisie\/2026\/09\/05\/snjt-place-en-garde-a-vue-le-journaliste-mohamed-yousfi-opere-en-urgence\/#primaryimage\"},\"image\":{\"@id\":\"https:\/\/kapitalis.com\/tunisie\/2026\/09\/05\/snjt-place-en-garde-a-vue-le-journaliste-mohamed-yousfi-opere-en-urgence\/#primaryimage\"},\"thumbnailUrl\":\"https:\/\/kapitalis.com\/tunisie\/wp-content\/uploads\/2026\/09\/Mohamed-Yousfi.png\",\"datePublished\":\"2026-09-05T20:54:56+00:00\",\"dateModified\":\"2026-09-05T21:13:06+00:00\",\"breadcrumb\":{\"@id\":\"https:\/\/kapitalis.com\/tunisie\/2026\/09\/05\/snjt-place-en-garde-a-vue-le-journaliste-mohamed-yousfi-opere-en-urgence\/#breadcrumb\"},\"inLanguage\":\"fr-FR\",\"potentialAction\":[{\"@type\":\"ReadAction\",\"target\":[\"https:\/\/kapitalis.com\/tunisie\/2026\/09\/05\/snjt-place-en-garde-a-vue-le-journaliste-mohamed-yousfi-opere-en-urgence\/\"]}]},{\"@type\":\"ImageObject\",\"inLanguage\":\"fr-FR\",\"@id\":\"https:\/\/kapitalis.com\/tunisie\/2026\/09\/05\/snjt-place-en-garde-a-vue-le-journaliste-mohamed-yousfi-opere-en-urgence\/#primaryimage\",\"url\":\"https:\/\/kapitalis.com\/tunisie\/wp-content\/uploads\/2026\/09\/Mohamed-Yousfi.png\",\"contentUrl\":\"https:\/\/kapitalis.com\/tunisie\/wp-content\/uploads\/2026\/09\/Mohamed-Yousfi.png\",\"width\":1200,\"height\":630},{\"@type\":\"BreadcrumbList\",\"@id\":\"https:\/\/kapitalis.com\/tunisie\/2026\/09\/05\/snjt-place-en-garde-a-vue-le-journaliste-mohamed-yousfi-opere-en-urgence\/#breadcrumb\",\"itemListElement\":[{\"@type\":\"ListItem\",\"position\":1,\"name\":\"Accueil\",\"item\":\"https:\/\/kapitalis.com\/tunisie\/\"},{\"@type\":\"ListItem\",\"position\":2,\"name\":\"SNJT | Plac\u00e9 en garde \u00e0 vue, le journaliste Mohamed Yousfi op\u00e9r\u00e9 en urgence\"}]},{\"@type\":\"WebSite\",\"@id\":\"https:\/\/kapitalis.com\/tunisie\/#website\",\"url\":\"https:\/\/kapitalis.com\/tunisie\/\",\"name\":\"Kapitalis\",\"description\":\"L&#039;actualit\u00e9 en Tunisie et dans le monde\",\"publisher\":{\"@id\":\"https:\/\/kapitalis.com\/tunisie\/#organization\"},\"potentialAction\":[{\"@type\":\"SearchAction\",\"target\":{\"@type\":\"EntryPoint\",\"urlTemplate\":\"https:\/\/kapitalis.com\/tunisie\/?s={search_term_string}\"},\"query-input\":{\"@type\":\"PropertyValueSpecification\",\"valueRequired\":true,\"valueName\":\"search_term_string\"}}],\"inLanguage\":\"fr-FR\"},{\"@type\":\"Organization\",\"@id\":\"https:\/\/kapitalis.com\/tunisie\/#organization\",\"name\":\"Kapitalis\",\"url\":\"https:\/\/kapitalis.com\/tunisie\/\",\"logo\":{\"@type\":\"ImageObject\",\"inLanguage\":\"fr-FR\",\"@id\":\"https:\/\/kapitalis.com\/tunisie\/#\/schema\/logo\/image\/\",\"url\":\"https:\/\/kapitalis.com\/tunisie\/wp-content\/uploads\/2022\/05\/Kapitalis-big-size.png\",\"contentUrl\":\"https:\/\/kapitalis.com\/tunisie\/wp-content\/uploads\/2022\/05\/Kapitalis-big-size.png\",\"width\":5000,\"height\":1500,\"caption\":\"Kapitalis\"},\"image\":{\"@id\":\"https:\/\/kapitalis.com\/tunisie\/#\/schema\/logo\/image\/\"},\"sameAs\":[\"https:\/\/www.facebook.com\/KapitalisInfo\/\",\"https:\/\/x.com\/KapitalisInfo\",\"https:\/\/www.youtube.com\/channel\/UC-yDYrHyfFBWWZaOw3FPg9Q\"]},{\"@type\":\"Person\",\"@id\":\"https:\/\/kapitalis.com\/tunisie\/#\/schema\/person\/74bbde0154d49d790a92aaeac5bc01d5\",\"name\":\"Yusra NY\",\"url\":\"https:\/\/kapitalis.com\/tunisie\/author\/yuza_adam\/\"}]}<\/script>\n<!-- \/ Yoast SEO plugin. -->","yoast_head_json":{"title":"SNJT | Plac\u00e9 en garde \u00e0 vue, le journaliste Mohamed Yousfi op\u00e9r\u00e9 en urgence - Kapitalis","robots":{"index":"index","follow":"follow","max-snippet":"max-snippet:-1","max-image-preview":"max-image-preview:large","max-video-preview":"max-video-preview:-1"},"canonical":"https:\/\/kapitalis.com\/tunisie\/2026\/09\/05\/snjt-place-en-garde-a-vue-le-journaliste-mohamed-yousfi-opere-en-urgence\/","og_locale":"fr_FR","og_type":"article","og_title":"SNJT | Plac\u00e9 en garde \u00e0 vue, le journaliste Mohamed Yousfi op\u00e9r\u00e9 en urgence - Kapitalis","og_description":"\u200bLe Syndicat national des journalistes tunisiens (SNJT) a annonc\u00e9 dans la soir\u00e9e de ce samedi 5 septembre 2026, que Mohamed Yousfi a \u00e9t\u00e9 op\u00e9r\u00e9 en urgence alors qu&rsquo;il \u00e9tait en garde \u00e0 vue.","og_url":"https:\/\/kapitalis.com\/tunisie\/2026\/09\/05\/snjt-place-en-garde-a-vue-le-journaliste-mohamed-yousfi-opere-en-urgence\/","og_site_name":"Kapitalis","article_publisher":"https:\/\/www.facebook.com\/KapitalisInfo\/","article_published_time":"2026-09-05T20:54:56+00:00","article_modified_time":"2026-09-05T21:13:06+00:00","og_image":[{"width":1200,"height":630,"url":"https:\/\/kapitalis.com\/tunisie\/wp-content\/uploads\/2026\/09\/Mohamed-Yousfi.png","type":"image\/png"}],"author":"Yusra NY","twitter_card":"summary_large_image","twitter_creator":"@KapitalisInfo","twitter_site":"@KapitalisInfo","twitter_misc":{"\u00c9crit par":"Yusra NY","Dur\u00e9e de lecture estim\u00e9e":"2 minutes"},"schema":{"@context":"https:\/\/schema.org","@graph":[{"@type":"Article","@id":"https:\/\/kapitalis.com\/tunisie\/2026\/09\/05\/snjt-place-en-garde-a-vue-le-journaliste-mohamed-yousfi-opere-en-urgence\/#article","isPartOf":{"@id":"https:\/\/kapitalis.com\/tunisie\/2026\/09\/05\/snjt-place-en-garde-a-vue-le-journaliste-mohamed-yousfi-opere-en-urgence\/"},"author":{"name":"Yusra NY","@id":"https:\/\/kapitalis.com\/tunisie\/#\/schema\/person\/74bbde0154d49d790a92aaeac5bc01d5"},"headline":"SNJT | Plac\u00e9 en garde \u00e0 vue, le journaliste Mohamed Yousfi op\u00e9r\u00e9 en urgence","datePublished":"2026-09-05T20:54:56+00:00","dateModified":"2026-09-05T21:13:06+00:00","mainEntityOfPage":{"@id":"https:\/\/kapitalis.com\/tunisie\/2026\/09\/05\/snjt-place-en-garde-a-vue-le-journaliste-mohamed-yousfi-opere-en-urgence\/"},"wordCount":191,"commentCount":0,"publisher":{"@id":"https:\/\/kapitalis.com\/tunisie\/#organization"},"image":{"@id":"https:\/\/kapitalis.com\/tunisie\/2026\/09\/05\/snjt-place-en-garde-a-vue-le-journaliste-mohamed-yousfi-opere-en-urgence\/#primaryimage"},"thumbnailUrl":"https:\/\/kapitalis.com\/tunisie\/wp-content\/uploads\/2026\/09\/Mohamed-Yousfi.png","keywords":["garde \u00e0 vue","Mohamed Yousfi","op\u00e9ration","SNJT","Tunisie"],"articleSection":["MEDIA","SOCIETE","Tunisie"],"inLanguage":"fr-FR","potentialAction":[{"@type":"CommentAction","name":"Comment","target":["https:\/\/kapitalis.com\/tunisie\/2026\/09\/05\/snjt-place-en-garde-a-vue-le-journaliste-mohamed-yousfi-opere-en-urgence\/#respond"]}]},{"@type":"WebPage","@id":"https:\/\/kapitalis.com\/tunisie\/2026\/09\/05\/snjt-place-en-garde-a-vue-le-journaliste-mohamed-yousfi-opere-en-urgence\/","url":"https:\/\/kapitalis.com\/tunisie\/2026\/09\/05\/snjt-place-en-garde-a-vue-le-journaliste-mohamed-yousfi-opere-en-urgence\/","name":"SNJT | Plac\u00e9 en garde \u00e0 vue, le journaliste Mohamed Yousfi op\u00e9r\u00e9 en urgence - Kapitalis","isPartOf":{"@id":"https:\/\/kapitalis.com\/tunisie\/#website"},"primaryImageOfPage":{"@id":"https:\/\/kapitalis.com\/tunisie\/2026\/09\/05\/snjt-place-en-garde-a-vue-le-journaliste-mohamed-yousfi-opere-en-urgence\/#primaryimage"},"image":{"@id":"https:\/\/kapitalis.com\/tunisie\/2026\/09\/05\/snjt-place-en-garde-a-vue-le-journaliste-mohamed-yousfi-opere-en-urgence\/#primaryimage"},"thumbnailUrl":"https:\/\/kapitalis.com\/tunisie\/wp-content\/uploads\/2026\/09\/Mohamed-Yousfi.png","datePublished":"2026-09-05T20:54:56+00:00","dateModified":"2026-09-05T21:13:06+00:00","breadcrumb":{"@id":"https:\/\/kapitalis.com\/tunisie\/2026\/09\/05\/snjt-place-en-garde-a-vue-le-journaliste-mohamed-yousfi-opere-en-urgence\/#breadcrumb"},"inLanguage":"fr-FR","potentialAction":[{"@type":"ReadAction","target":["https:\/\/kapitalis.com\/tunisie\/2026\/09\/05\/snjt-place-en-garde-a-vue-le-journaliste-mohamed-yousfi-opere-en-urgence\/"]}]},{"@type":"ImageObject","inLanguage":"fr-FR","@id":"https:\/\/kapitalis.com\/tunisie\/2026\/09\/05\/snjt-place-en-garde-a-vue-le-journaliste-mohamed-yousfi-opere-en-urgence\/#primaryimage","url":"https:\/\/kapitalis.com\/tunisie\/wp-content\/uploads\/2026\/09\/Mohamed-Yousfi.png","contentUrl":"https:\/\/kapitalis.com\/tunisie\/wp-content\/uploads\/2026\/09\/Mohamed-Yousfi.png","width":1200,"height":630},{"@type":"BreadcrumbList","@id":"https:\/\/kapitalis.com\/tunisie\/2026\/09\/05\/snjt-place-en-garde-a-vue-le-journaliste-mohamed-yousfi-opere-en-urgence\/#breadcrumb","itemListElement":[{"@type":"ListItem","position":1,"name":"Accueil","item":"https:\/\/kapitalis.com\/tunisie\/"},{"@type":"ListItem","position":2,"name":"SNJT | Plac\u00e9 en garde \u00e0 vue, le journaliste Mohamed Yousfi op\u00e9r\u00e9 en urgence"}]},{"@type":"WebSite","@id":"https:\/\/kapitalis.com\/tunisie\/#website","url":"https:\/\/kapitalis.com\/tunisie\/","name":"Kapitalis","description":"L&#039;actualit\u00e9 en Tunisie et dans le monde","publisher":{"@id":"https:\/\/kapitalis.com\/tunisie\/#organization"},"potentialAction":[{"@type":"SearchAction","target":{"@type":"EntryPoint","urlTemplate":"https:\/\/kapitalis.com\/tunisie\/?s={search_term_string}"},"query-input":{"@type":"PropertyValueSpecification","valueRequired":true,"valueName":"search_term_string"}}],"inLanguage":"fr-FR"},{"@type":"Organization","@id":"https:\/\/kapitalis.com\/tunisie\/#organization","name":"Kapitalis","url":"https:\/\/kapitalis.com\/tunisie\/","logo":{"@type":"ImageObject","inLanguage":"fr-FR","@id":"https:\/\/kapitalis.com\/tunisie\/#\/schema\/logo\/image\/","url":"https:\/\/kapitalis.com\/tunisie\/wp-content\/uploads\/2022\/05\/Kapitalis-big-size.png","contentUrl":"https:\/\/kapitalis.com\/tunisie\/wp-content\/uploads\/2022\/05\/Kapitalis-big-size.png","width":5000,"height":1500,"caption":"Kapitalis"},"image":{"@id":"https:\/\/kapitalis.com\/tunisie\/#\/schema\/logo\/image\/"},"sameAs":["https:\/\/www.facebook.com\/KapitalisInfo\/","https:\/\/x.com\/KapitalisInfo","https:\/\/www.youtube.com\/channel\/UC-yDYrHyfFBWWZaOw3FPg9Q"]},{"@type":"Person","@id":"https:\/\/kapitalis.com\/tunisie\/#\/schema\/person\/74bbde0154d49d790a92aaeac5bc01d5","name":"Yusra NY","url":"https:\/\/kapitalis.com\/tunisie\/author\/yuza_adam\/"}]}},"_links":{"self":[{"href":"https:\/\/kapitalis.com\/tunisie\/wp-json\/wp\/v2\/posts\/19580055","targetHints":{"allow":["GET"]}}],"collection":[{"href":"https:\/\/kapitalis.com\/tunisie\/wp-json\/wp\/v2\/posts"}],"about":[{"href":"https:\/\/kapitalis.com\/tunisie\/wp-json\/wp\/v2\/types\/post"}],"author":[{"embeddable":true,"href":"https:\/\/kapitalis.com\/tunisie\/wp-json\/wp\/v2\/users\/6"}],"replies":[{"embeddable":true,"href":"https:\/\/kapitalis.com\/tunisie\/wp-json\/wp\/v2\/comments?post=19580055"}],"version-history":[{"count":1,"href":"https:\/\/kapitalis.com\/tunisie\/wp-json\/wp\/v2\/posts\/19580055\/revisions"}],"predecessor-version":[{"id":19580077,"href":"https:\/\/kapitalis.com\/tunisie\/wp-json\/wp\/v2\/posts\/19580055\/revisions\/19580077"}],"wp:featuredmedia":[{"embeddable":true,"href":"https:\/\/kapitalis.com\/tunisie\/wp-json\/wp\/v2\/media\/19580075"}],"wp:attachment":[{"href":"https:\/\/kapitalis.com\/tunisie\/wp-json\/wp\/v2\/media?parent=19580055"}],"wp:term":[{"taxonomy":"category","embeddable":true,"href":"https:\/\/kapitalis.com\/tunisie\/wp-json\/wp\/v2\/categories?post=19580055"},{"taxonomy":"post_tag","embeddable":true,"href":"https:\/\/kapitalis.com\/tunisie\/wp-json\/wp\/v2\/tags?post=19580055"}],"curies":[{"name":"wp","href":"https:\/\/api.w.org\/{rel}","templated":true}]}}