{"id":19581523,"date":"2026-09-06T07:33:54","date_gmt":"2026-09-06T06:33:54","guid":{"rendered":"https:\/\/kapitalis.com\/tunisie\/?p=19581523"},"modified":"2026-09-06T07:33:55","modified_gmt":"2026-09-06T06:33:55","slug":"le-poeme-du-dimanche-un-jour-sans-visage-de-fouad-rifka","status":"publish","type":"post","link":"https:\/\/kapitalis.com\/tunisie\/2026\/09\/06\/le-poeme-du-dimanche-un-jour-sans-visage-de-fouad-rifka\/","title":{"rendered":"Le po\u00e8me du dimanche | \u2018\u2018Un jour sans visage\u2019\u2019 de Fouad Rifka"},"content":{"rendered":"\n<p class=\"wp-block-paragraph\"><strong><em>Fouad Rifka est po\u00e8te, traducteur et enseignant de philosophie. Il est co-fondateur de la revue de po\u00e9sie d\u2019avant-garde, Sh\u2019ir, en 1957.<\/em><\/strong><\/p>\n\n\n\n<!--more-->\n\n\n\n<p class=\"wp-block-paragraph\">N\u00e9 en 1930 \u00e0 Kalfoun, en Syrie, il s\u2019installe \u00e0 l\u2019\u00e2ge de dix ans avec sa famille au Liban o\u00f9 il poursuit ses \u00e9tudes. Il reste, cependant, en marge, pr\u00e9f\u00e9rant garder sa libert\u00e9 et \u00e9voluant vers une po\u00e9sie m\u00e9ditative, soufie. Auteur de nombreux recueils, essais et d\u2019une th\u00e8se de philosophie sur <em>\u00abLa conception de la po\u00e9sie chez Heidegger\u00bb<\/em>, il est traducteur de nombreux po\u00e8tes allemands.<\/p>\n\n\n\n<p class=\"wp-block-paragraph\">Il d\u00e9c\u00e8de en 2011 \u00e0 Beyrouth, enterr\u00e9 \u00e0 Kalfoun, selon ses volont\u00e9s.<\/p>\n\n\n\n<p class=\"has-text-align-right wp-block-paragraph\"><strong>Tahar Bekri<\/strong><\/p>\n\n\n<div class=\"wp-block-image\">\n<figure class=\"alignleft size-full is-resized\"><img loading=\"lazy\" decoding=\"async\" width=\"895\" height=\"907\" src=\"https:\/\/kapitalis.com\/tunisie\/wp-content\/uploads\/2026\/09\/Fouad-Rifka-Tahar-Bekri-Medelin-2009.jpg\" alt=\"\" class=\"wp-image-19581549\" style=\"width:300px;height:auto\" srcset=\"https:\/\/kapitalis.com\/tunisie\/wp-content\/uploads\/2026\/09\/Fouad-Rifka-Tahar-Bekri-Medelin-2009.jpg 895w, https:\/\/kapitalis.com\/tunisie\/wp-content\/uploads\/2026\/09\/Fouad-Rifka-Tahar-Bekri-Medelin-2009-296x300.jpg 296w, https:\/\/kapitalis.com\/tunisie\/wp-content\/uploads\/2026\/09\/Fouad-Rifka-Tahar-Bekri-Medelin-2009-768x778.jpg 768w, https:\/\/kapitalis.com\/tunisie\/wp-content\/uploads\/2026\/09\/Fouad-Rifka-Tahar-Bekri-Medelin-2009-580x588.jpg 580w, https:\/\/kapitalis.com\/tunisie\/wp-content\/uploads\/2026\/09\/Fouad-Rifka-Tahar-Bekri-Medelin-2009-860x872.jpg 860w\" sizes=\"auto, (max-width: 895px) 100vw, 895px\" \/><figcaption class=\"wp-element-caption\"><em>Fouad Rifkah et Tahar Bekri \u00e0 Medelin, en 2009. <\/em><\/figcaption><\/figure>\n<\/div>\n\n\n<p class=\"wp-block-paragraph\"><em>Un jour sans visage<\/em><\/p>\n\n\n\n<p class=\"wp-block-paragraph\"><em>Passe avec les herbes et le silence<\/em><\/p>\n\n\n\n<p class=\"wp-block-paragraph\"><em>Sous le pass\u00e9 et les \u00e9toiles vertes<\/em><\/p>\n\n\n\n<p class=\"wp-block-paragraph\"><em>Des vaisseaux s\u2019\u00e9garent<\/em><\/p>\n\n\n\n<p class=\"wp-block-paragraph\"><em>L\u2019ancre de minuit demeure sur l\u2019avenir des morts<\/em><\/p>\n\n\n\n<p class=\"wp-block-paragraph\"><em>Sur le lit de l\u2019amour<\/em><\/p>\n\n\n\n<p class=\"wp-block-paragraph\"><em>Si elle demeure<\/em><\/p>\n\n\n\n<p class=\"wp-block-paragraph\"><em>Si elle peut demeurer.<\/em><\/p>\n\n\n\n<p class=\"wp-block-paragraph\"><em>L\u00e0-bas<\/em><\/p>\n\n\n\n<p class=\"wp-block-paragraph\"><em>Pr\u00e8s de la grande toile<\/em><\/p>\n\n\n\n<p class=\"wp-block-paragraph\"><em>L\u2019histoire des noy\u00e9s<\/em><\/p>\n\n\n\n<p class=\"wp-block-paragraph\"><em>Le regard \u00e0 perte du regard<\/em><\/p>\n\n\n\n<p class=\"wp-block-paragraph\"><em>Une histoire pour la mer<\/em><\/p>\n\n\n\n<p class=\"wp-block-paragraph\"><em>Mille voix dans la bouche de la mer<\/em><\/p>\n\n\n\n<p class=\"wp-block-paragraph\"><em>Pour la p\u00e8che<\/em><\/p>\n\n\n\n<p class=\"wp-block-paragraph\"><em>Pour l\u2019aube<\/em><\/p>\n\n\n\n<p class=\"wp-block-paragraph\"><em>Pour nous<\/em><\/p>\n\n\n\n<p class=\"wp-block-paragraph\"><em>Pour un homme sans devenir.<\/em><\/p>\n\n\n\n<p class=\"has-text-align-right wp-block-paragraph\"><em>Traduit de l\u2019arabe par <strong>Luc Norin<\/strong> et l\u2019auteur<\/em><\/p>\n\n\n\n<p class=\"has-text-align-left wp-block-paragraph\"><em><strong>Revue Vagabondages, n\u00b031, juin 1981.<\/strong><\/em><\/p>\n","protected":false},"excerpt":{"rendered":"<p>Fouad Rifka est po\u00e8te, traducteur et enseignant de philosophie. Co-fondateur de la revue de po\u00e9sie d\u2019avant-garde, Sh\u2019ir, en 1957.<\/p>\n","protected":false},"author":8,"featured_media":19581545,"comment_status":"open","ping_status":"open","sticky":false,"template":"","format":"standard","meta":{"footnotes":""},"categories":[992,994,2433],"tags":[129990,129991,8563,127776,873],"class_list":["post-19581523","post","type-post","status-publish","format-standard","has-post-thumbnail","hentry","category-a-la-une","category-culture","category-tunisie","tag-fouad-rifka","tag-kalfoun","tag-liban","tag-luc-norin","tag-syrie"],"yoast_head":"<!-- This site is optimized with the Yoast SEO plugin v26.6 - https:\/\/yoast.com\/wordpress\/plugins\/seo\/ -->\n<title>Le po\u00e8me du dimanche | \u2018\u2018Un jour sans visage\u2019\u2019 de Fouad Rifka - Kapitalis<\/title>\n<meta name=\"description\" content=\"Fouad Rifka est po\u00e8te, traducteur et enseignant de philosophie. Co-fondateur de la revue de po\u00e9sie d\u2019avant-garde, Sh\u2019ir, en 1957.\" \/>\n<meta name=\"robots\" content=\"index, follow, max-snippet:-1, max-image-preview:large, max-video-preview:-1\" \/>\n<link rel=\"canonical\" href=\"https:\/\/kapitalis.com\/tunisie\/2026\/09\/06\/le-poeme-du-dimanche-un-jour-sans-visage-de-fouad-rifka\/\" \/>\n<meta property=\"og:locale\" content=\"fr_FR\" \/>\n<meta property=\"og:type\" content=\"article\" \/>\n<meta property=\"og:title\" content=\"Le po\u00e8me du dimanche | \u2018\u2018Un jour sans visage\u2019\u2019 de Fouad Rifka - Kapitalis\" \/>\n<meta property=\"og:description\" content=\"Fouad Rifka est po\u00e8te, traducteur et enseignant de philosophie. Co-fondateur de la revue de po\u00e9sie d\u2019avant-garde, Sh\u2019ir, en 1957.\" \/>\n<meta property=\"og:url\" content=\"https:\/\/kapitalis.com\/tunisie\/2026\/09\/06\/le-poeme-du-dimanche-un-jour-sans-visage-de-fouad-rifka\/\" \/>\n<meta property=\"og:site_name\" content=\"Kapitalis\" \/>\n<meta property=\"article:publisher\" content=\"https:\/\/www.facebook.com\/KapitalisInfo\/\" \/>\n<meta property=\"article:published_time\" content=\"2026-09-06T06:33:54+00:00\" \/>\n<meta property=\"article:modified_time\" content=\"2026-09-06T06:33:55+00:00\" \/>\n<meta property=\"og:image\" content=\"https:\/\/kapitalis.com\/tunisie\/wp-content\/uploads\/2026\/09\/Fouad-Rifka.jpg\" \/>\n\t<meta property=\"og:image:width\" content=\"1200\" \/>\n\t<meta property=\"og:image:height\" content=\"630\" \/>\n\t<meta property=\"og:image:type\" content=\"image\/jpeg\" \/>\n<meta name=\"author\" content=\"webmaster kapitalis\" \/>\n<meta name=\"twitter:card\" content=\"summary_large_image\" \/>\n<meta name=\"twitter:creator\" content=\"@KapitalisInfo\" \/>\n<meta name=\"twitter:site\" content=\"@KapitalisInfo\" \/>\n<meta name=\"twitter:label1\" content=\"\u00c9crit par\" \/>\n\t<meta name=\"twitter:data1\" content=\"webmaster kapitalis\" \/>\n\t<meta name=\"twitter:label2\" content=\"Dur\u00e9e de lecture estim\u00e9e\" \/>\n\t<meta name=\"twitter:data2\" content=\"2 minutes\" \/>\n<script type=\"application\/ld+json\" class=\"yoast-schema-graph\">{\"@context\":\"https:\/\/schema.org\",\"@graph\":[{\"@type\":\"Article\",\"@id\":\"https:\/\/kapitalis.com\/tunisie\/2026\/09\/06\/le-poeme-du-dimanche-un-jour-sans-visage-de-fouad-rifka\/#article\",\"isPartOf\":{\"@id\":\"https:\/\/kapitalis.com\/tunisie\/2026\/09\/06\/le-poeme-du-dimanche-un-jour-sans-visage-de-fouad-rifka\/\"},\"author\":{\"name\":\"webmaster kapitalis\",\"@id\":\"https:\/\/kapitalis.com\/tunisie\/#\/schema\/person\/d71f33a9ca44f7bad4698210b480c8e9\"},\"headline\":\"Le po\u00e8me du dimanche | \u2018\u2018Un jour sans visage\u2019\u2019 de Fouad Rifka\",\"datePublished\":\"2026-09-06T06:33:54+00:00\",\"dateModified\":\"2026-09-06T06:33:55+00:00\",\"mainEntityOfPage\":{\"@id\":\"https:\/\/kapitalis.com\/tunisie\/2026\/09\/06\/le-poeme-du-dimanche-un-jour-sans-visage-de-fouad-rifka\/\"},\"wordCount\":233,\"commentCount\":0,\"publisher\":{\"@id\":\"https:\/\/kapitalis.com\/tunisie\/#organization\"},\"image\":{\"@id\":\"https:\/\/kapitalis.com\/tunisie\/2026\/09\/06\/le-poeme-du-dimanche-un-jour-sans-visage-de-fouad-rifka\/#primaryimage\"},\"thumbnailUrl\":\"https:\/\/kapitalis.com\/tunisie\/wp-content\/uploads\/2026\/09\/Fouad-Rifka.jpg\",\"keywords\":[\"Fouad Rifka\",\"Kalfoun\",\"Liban\",\"Luc Norin\",\"Syrie\"],\"articleSection\":[\"A LA UNE\",\"CULTURE\",\"Tunisie\"],\"inLanguage\":\"fr-FR\",\"potentialAction\":[{\"@type\":\"CommentAction\",\"name\":\"Comment\",\"target\":[\"https:\/\/kapitalis.com\/tunisie\/2026\/09\/06\/le-poeme-du-dimanche-un-jour-sans-visage-de-fouad-rifka\/#respond\"]}]},{\"@type\":\"WebPage\",\"@id\":\"https:\/\/kapitalis.com\/tunisie\/2026\/09\/06\/le-poeme-du-dimanche-un-jour-sans-visage-de-fouad-rifka\/\",\"url\":\"https:\/\/kapitalis.com\/tunisie\/2026\/09\/06\/le-poeme-du-dimanche-un-jour-sans-visage-de-fouad-rifka\/\",\"name\":\"Le po\u00e8me du dimanche | \u2018\u2018Un jour sans visage\u2019\u2019 de Fouad Rifka - Kapitalis\",\"isPartOf\":{\"@id\":\"https:\/\/kapitalis.com\/tunisie\/#website\"},\"primaryImageOfPage\":{\"@id\":\"https:\/\/kapitalis.com\/tunisie\/2026\/09\/06\/le-poeme-du-dimanche-un-jour-sans-visage-de-fouad-rifka\/#primaryimage\"},\"image\":{\"@id\":\"https:\/\/kapitalis.com\/tunisie\/2026\/09\/06\/le-poeme-du-dimanche-un-jour-sans-visage-de-fouad-rifka\/#primaryimage\"},\"thumbnailUrl\":\"https:\/\/kapitalis.com\/tunisie\/wp-content\/uploads\/2026\/09\/Fouad-Rifka.jpg\",\"datePublished\":\"2026-09-06T06:33:54+00:00\",\"dateModified\":\"2026-09-06T06:33:55+00:00\",\"description\":\"Fouad Rifka est po\u00e8te, traducteur et enseignant de philosophie. Co-fondateur de la revue de po\u00e9sie d\u2019avant-garde, Sh\u2019ir, en 1957.\",\"breadcrumb\":{\"@id\":\"https:\/\/kapitalis.com\/tunisie\/2026\/09\/06\/le-poeme-du-dimanche-un-jour-sans-visage-de-fouad-rifka\/#breadcrumb\"},\"inLanguage\":\"fr-FR\",\"potentialAction\":[{\"@type\":\"ReadAction\",\"target\":[\"https:\/\/kapitalis.com\/tunisie\/2026\/09\/06\/le-poeme-du-dimanche-un-jour-sans-visage-de-fouad-rifka\/\"]}]},{\"@type\":\"ImageObject\",\"inLanguage\":\"fr-FR\",\"@id\":\"https:\/\/kapitalis.com\/tunisie\/2026\/09\/06\/le-poeme-du-dimanche-un-jour-sans-visage-de-fouad-rifka\/#primaryimage\",\"url\":\"https:\/\/kapitalis.com\/tunisie\/wp-content\/uploads\/2026\/09\/Fouad-Rifka.jpg\",\"contentUrl\":\"https:\/\/kapitalis.com\/tunisie\/wp-content\/uploads\/2026\/09\/Fouad-Rifka.jpg\",\"width\":1200,\"height\":630},{\"@type\":\"BreadcrumbList\",\"@id\":\"https:\/\/kapitalis.com\/tunisie\/2026\/09\/06\/le-poeme-du-dimanche-un-jour-sans-visage-de-fouad-rifka\/#breadcrumb\",\"itemListElement\":[{\"@type\":\"ListItem\",\"position\":1,\"name\":\"Accueil\",\"item\":\"https:\/\/kapitalis.com\/tunisie\/\"},{\"@type\":\"ListItem\",\"position\":2,\"name\":\"Le po\u00e8me du dimanche | \u2018\u2018Un jour sans visage\u2019\u2019 de Fouad Rifka\"}]},{\"@type\":\"WebSite\",\"@id\":\"https:\/\/kapitalis.com\/tunisie\/#website\",\"url\":\"https:\/\/kapitalis.com\/tunisie\/\",\"name\":\"Kapitalis\",\"description\":\"L&#039;actualit\u00e9 en Tunisie et dans le monde\",\"publisher\":{\"@id\":\"https:\/\/kapitalis.com\/tunisie\/#organization\"},\"potentialAction\":[{\"@type\":\"SearchAction\",\"target\":{\"@type\":\"EntryPoint\",\"urlTemplate\":\"https:\/\/kapitalis.com\/tunisie\/?s={search_term_string}\"},\"query-input\":{\"@type\":\"PropertyValueSpecification\",\"valueRequired\":true,\"valueName\":\"search_term_string\"}}],\"inLanguage\":\"fr-FR\"},{\"@type\":\"Organization\",\"@id\":\"https:\/\/kapitalis.com\/tunisie\/#organization\",\"name\":\"Kapitalis\",\"url\":\"https:\/\/kapitalis.com\/tunisie\/\",\"logo\":{\"@type\":\"ImageObject\",\"inLanguage\":\"fr-FR\",\"@id\":\"https:\/\/kapitalis.com\/tunisie\/#\/schema\/logo\/image\/\",\"url\":\"https:\/\/kapitalis.com\/tunisie\/wp-content\/uploads\/2022\/05\/Kapitalis-big-size.png\",\"contentUrl\":\"https:\/\/kapitalis.com\/tunisie\/wp-content\/uploads\/2022\/05\/Kapitalis-big-size.png\",\"width\":5000,\"height\":1500,\"caption\":\"Kapitalis\"},\"image\":{\"@id\":\"https:\/\/kapitalis.com\/tunisie\/#\/schema\/logo\/image\/\"},\"sameAs\":[\"https:\/\/www.facebook.com\/KapitalisInfo\/\",\"https:\/\/x.com\/KapitalisInfo\",\"https:\/\/www.youtube.com\/channel\/UC-yDYrHyfFBWWZaOw3FPg9Q\"]},{\"@type\":\"Person\",\"@id\":\"https:\/\/kapitalis.com\/tunisie\/#\/schema\/person\/d71f33a9ca44f7bad4698210b480c8e9\",\"name\":\"webmaster kapitalis\",\"url\":\"https:\/\/kapitalis.com\/tunisie\/author\/webmaster-kapitalis\/\"}]}<\/script>\n<!-- \/ Yoast SEO plugin. -->","yoast_head_json":{"title":"Le po\u00e8me du dimanche | \u2018\u2018Un jour sans visage\u2019\u2019 de Fouad Rifka - Kapitalis","description":"Fouad Rifka est po\u00e8te, traducteur et enseignant de philosophie. Co-fondateur de la revue de po\u00e9sie d\u2019avant-garde, Sh\u2019ir, en 1957.","robots":{"index":"index","follow":"follow","max-snippet":"max-snippet:-1","max-image-preview":"max-image-preview:large","max-video-preview":"max-video-preview:-1"},"canonical":"https:\/\/kapitalis.com\/tunisie\/2026\/09\/06\/le-poeme-du-dimanche-un-jour-sans-visage-de-fouad-rifka\/","og_locale":"fr_FR","og_type":"article","og_title":"Le po\u00e8me du dimanche | \u2018\u2018Un jour sans visage\u2019\u2019 de Fouad Rifka - Kapitalis","og_description":"Fouad Rifka est po\u00e8te, traducteur et enseignant de philosophie. Co-fondateur de la revue de po\u00e9sie d\u2019avant-garde, Sh\u2019ir, en 1957.","og_url":"https:\/\/kapitalis.com\/tunisie\/2026\/09\/06\/le-poeme-du-dimanche-un-jour-sans-visage-de-fouad-rifka\/","og_site_name":"Kapitalis","article_publisher":"https:\/\/www.facebook.com\/KapitalisInfo\/","article_published_time":"2026-09-06T06:33:54+00:00","article_modified_time":"2026-09-06T06:33:55+00:00","og_image":[{"width":1200,"height":630,"url":"https:\/\/kapitalis.com\/tunisie\/wp-content\/uploads\/2026\/09\/Fouad-Rifka.jpg","type":"image\/jpeg"}],"author":"webmaster kapitalis","twitter_card":"summary_large_image","twitter_creator":"@KapitalisInfo","twitter_site":"@KapitalisInfo","twitter_misc":{"\u00c9crit par":"webmaster kapitalis","Dur\u00e9e de lecture estim\u00e9e":"2 minutes"},"schema":{"@context":"https:\/\/schema.org","@graph":[{"@type":"Article","@id":"https:\/\/kapitalis.com\/tunisie\/2026\/09\/06\/le-poeme-du-dimanche-un-jour-sans-visage-de-fouad-rifka\/#article","isPartOf":{"@id":"https:\/\/kapitalis.com\/tunisie\/2026\/09\/06\/le-poeme-du-dimanche-un-jour-sans-visage-de-fouad-rifka\/"},"author":{"name":"webmaster kapitalis","@id":"https:\/\/kapitalis.com\/tunisie\/#\/schema\/person\/d71f33a9ca44f7bad4698210b480c8e9"},"headline":"Le po\u00e8me du dimanche | \u2018\u2018Un jour sans visage\u2019\u2019 de Fouad Rifka","datePublished":"2026-09-06T06:33:54+00:00","dateModified":"2026-09-06T06:33:55+00:00","mainEntityOfPage":{"@id":"https:\/\/kapitalis.com\/tunisie\/2026\/09\/06\/le-poeme-du-dimanche-un-jour-sans-visage-de-fouad-rifka\/"},"wordCount":233,"commentCount":0,"publisher":{"@id":"https:\/\/kapitalis.com\/tunisie\/#organization"},"image":{"@id":"https:\/\/kapitalis.com\/tunisie\/2026\/09\/06\/le-poeme-du-dimanche-un-jour-sans-visage-de-fouad-rifka\/#primaryimage"},"thumbnailUrl":"https:\/\/kapitalis.com\/tunisie\/wp-content\/uploads\/2026\/09\/Fouad-Rifka.jpg","keywords":["Fouad Rifka","Kalfoun","Liban","Luc Norin","Syrie"],"articleSection":["A LA UNE","CULTURE","Tunisie"],"inLanguage":"fr-FR","potentialAction":[{"@type":"CommentAction","name":"Comment","target":["https:\/\/kapitalis.com\/tunisie\/2026\/09\/06\/le-poeme-du-dimanche-un-jour-sans-visage-de-fouad-rifka\/#respond"]}]},{"@type":"WebPage","@id":"https:\/\/kapitalis.com\/tunisie\/2026\/09\/06\/le-poeme-du-dimanche-un-jour-sans-visage-de-fouad-rifka\/","url":"https:\/\/kapitalis.com\/tunisie\/2026\/09\/06\/le-poeme-du-dimanche-un-jour-sans-visage-de-fouad-rifka\/","name":"Le po\u00e8me du dimanche | \u2018\u2018Un jour sans visage\u2019\u2019 de Fouad Rifka - Kapitalis","isPartOf":{"@id":"https:\/\/kapitalis.com\/tunisie\/#website"},"primaryImageOfPage":{"@id":"https:\/\/kapitalis.com\/tunisie\/2026\/09\/06\/le-poeme-du-dimanche-un-jour-sans-visage-de-fouad-rifka\/#primaryimage"},"image":{"@id":"https:\/\/kapitalis.com\/tunisie\/2026\/09\/06\/le-poeme-du-dimanche-un-jour-sans-visage-de-fouad-rifka\/#primaryimage"},"thumbnailUrl":"https:\/\/kapitalis.com\/tunisie\/wp-content\/uploads\/2026\/09\/Fouad-Rifka.jpg","datePublished":"2026-09-06T06:33:54+00:00","dateModified":"2026-09-06T06:33:55+00:00","description":"Fouad Rifka est po\u00e8te, traducteur et enseignant de philosophie. Co-fondateur de la revue de po\u00e9sie d\u2019avant-garde, Sh\u2019ir, en 1957.","breadcrumb":{"@id":"https:\/\/kapitalis.com\/tunisie\/2026\/09\/06\/le-poeme-du-dimanche-un-jour-sans-visage-de-fouad-rifka\/#breadcrumb"},"inLanguage":"fr-FR","potentialAction":[{"@type":"ReadAction","target":["https:\/\/kapitalis.com\/tunisie\/2026\/09\/06\/le-poeme-du-dimanche-un-jour-sans-visage-de-fouad-rifka\/"]}]},{"@type":"ImageObject","inLanguage":"fr-FR","@id":"https:\/\/kapitalis.com\/tunisie\/2026\/09\/06\/le-poeme-du-dimanche-un-jour-sans-visage-de-fouad-rifka\/#primaryimage","url":"https:\/\/kapitalis.com\/tunisie\/wp-content\/uploads\/2026\/09\/Fouad-Rifka.jpg","contentUrl":"https:\/\/kapitalis.com\/tunisie\/wp-content\/uploads\/2026\/09\/Fouad-Rifka.jpg","width":1200,"height":630},{"@type":"BreadcrumbList","@id":"https:\/\/kapitalis.com\/tunisie\/2026\/09\/06\/le-poeme-du-dimanche-un-jour-sans-visage-de-fouad-rifka\/#breadcrumb","itemListElement":[{"@type":"ListItem","position":1,"name":"Accueil","item":"https:\/\/kapitalis.com\/tunisie\/"},{"@type":"ListItem","position":2,"name":"Le po\u00e8me du dimanche | \u2018\u2018Un jour sans visage\u2019\u2019 de Fouad Rifka"}]},{"@type":"WebSite","@id":"https:\/\/kapitalis.com\/tunisie\/#website","url":"https:\/\/kapitalis.com\/tunisie\/","name":"Kapitalis","description":"L&#039;actualit\u00e9 en Tunisie et dans le monde","publisher":{"@id":"https:\/\/kapitalis.com\/tunisie\/#organization"},"potentialAction":[{"@type":"SearchAction","target":{"@type":"EntryPoint","urlTemplate":"https:\/\/kapitalis.com\/tunisie\/?s={search_term_string}"},"query-input":{"@type":"PropertyValueSpecification","valueRequired":true,"valueName":"search_term_string"}}],"inLanguage":"fr-FR"},{"@type":"Organization","@id":"https:\/\/kapitalis.com\/tunisie\/#organization","name":"Kapitalis","url":"https:\/\/kapitalis.com\/tunisie\/","logo":{"@type":"ImageObject","inLanguage":"fr-FR","@id":"https:\/\/kapitalis.com\/tunisie\/#\/schema\/logo\/image\/","url":"https:\/\/kapitalis.com\/tunisie\/wp-content\/uploads\/2022\/05\/Kapitalis-big-size.png","contentUrl":"https:\/\/kapitalis.com\/tunisie\/wp-content\/uploads\/2022\/05\/Kapitalis-big-size.png","width":5000,"height":1500,"caption":"Kapitalis"},"image":{"@id":"https:\/\/kapitalis.com\/tunisie\/#\/schema\/logo\/image\/"},"sameAs":["https:\/\/www.facebook.com\/KapitalisInfo\/","https:\/\/x.com\/KapitalisInfo","https:\/\/www.youtube.com\/channel\/UC-yDYrHyfFBWWZaOw3FPg9Q"]},{"@type":"Person","@id":"https:\/\/kapitalis.com\/tunisie\/#\/schema\/person\/d71f33a9ca44f7bad4698210b480c8e9","name":"webmaster kapitalis","url":"https:\/\/kapitalis.com\/tunisie\/author\/webmaster-kapitalis\/"}]}},"_links":{"self":[{"href":"https:\/\/kapitalis.com\/tunisie\/wp-json\/wp\/v2\/posts\/19581523","targetHints":{"allow":["GET"]}}],"collection":[{"href":"https:\/\/kapitalis.com\/tunisie\/wp-json\/wp\/v2\/posts"}],"about":[{"href":"https:\/\/kapitalis.com\/tunisie\/wp-json\/wp\/v2\/types\/post"}],"author":[{"embeddable":true,"href":"https:\/\/kapitalis.com\/tunisie\/wp-json\/wp\/v2\/users\/8"}],"replies":[{"embeddable":true,"href":"https:\/\/kapitalis.com\/tunisie\/wp-json\/wp\/v2\/comments?post=19581523"}],"version-history":[{"count":1,"href":"https:\/\/kapitalis.com\/tunisie\/wp-json\/wp\/v2\/posts\/19581523\/revisions"}],"predecessor-version":[{"id":19581552,"href":"https:\/\/kapitalis.com\/tunisie\/wp-json\/wp\/v2\/posts\/19581523\/revisions\/19581552"}],"wp:featuredmedia":[{"embeddable":true,"href":"https:\/\/kapitalis.com\/tunisie\/wp-json\/wp\/v2\/media\/19581545"}],"wp:attachment":[{"href":"https:\/\/kapitalis.com\/tunisie\/wp-json\/wp\/v2\/media?parent=19581523"}],"wp:term":[{"taxonomy":"category","embeddable":true,"href":"https:\/\/kapitalis.com\/tunisie\/wp-json\/wp\/v2\/categories?post=19581523"},{"taxonomy":"post_tag","embeddable":true,"href":"https:\/\/kapitalis.com\/tunisie\/wp-json\/wp\/v2\/tags?post=19581523"}],"curies":[{"name":"wp","href":"https:\/\/api.w.org\/{rel}","templated":true}]}}