{"id":19581855,"date":"2026-09-06T08:18:39","date_gmt":"2026-09-06T07:18:39","guid":{"rendered":"https:\/\/kapitalis.com\/tunisie\/?p=19581855"},"modified":"2026-09-06T08:18:41","modified_gmt":"2026-09-06T07:18:41","slug":"la-tunisie-a-besoin-de-4-nouvelles-centrales-pour-combler-son-deficit-electrique","status":"publish","type":"post","link":"https:\/\/kapitalis.com\/tunisie\/2026\/09\/06\/la-tunisie-a-besoin-de-4-nouvelles-centrales-pour-combler-son-deficit-electrique\/","title":{"rendered":"La Tunisie a besoin de 4 nouvelles centrales pour combler son d\u00e9ficit \u00e9lectrique"},"content":{"rendered":"\n<p class=\"wp-block-paragraph\"><strong><em>Selon le secr\u00e9taire g\u00e9n\u00e9ral adjoint de la F\u00e9d\u00e9ration g\u00e9n\u00e9rale de l\u2019\u00e9lectricit\u00e9 et du gaz, relevant de l\u2019Union g\u00e9n\u00e9rale tunisienne du travail (UGTT), Elyes Ben Ammar, la Tunisie aurait besoin de construire au moins quatre nouvelles centrales \u00e9lectriques afin de r\u00e9sorber le d\u00e9ficit enregistr\u00e9 durant les heures de pointe et \u00e9viter les coupures d\u2019\u00e9lectricit\u00e9 intermittentes auxquelles la Soci\u00e9t\u00e9 tunisienne d\u2019\u00e9lectricit\u00e9 de gaz (Steg) est accul\u00e9e depuis la mi-juillet en raison de la forte consommation induite par la climatisation en pleine canicule estivale. \u00a0<\/em><\/strong><em>(Photo: Centrale \u00e9lectrique de Sousse).<\/em><\/p>\n\n\n\n<p class=\"wp-block-paragraph\"><strong>Habib Glenza<\/strong><\/p>\n\n\n\n<!--more-->\n\n\n\n<p class=\"wp-block-paragraph\">Le d\u00e9ficit de production au niveau des centrales relevant de la Steg atteindrait environ&nbsp;2 000 m\u00e9gawatts&nbsp;quotidiennement pendant les pics de consommation. Cette situation s\u2019explique par plusieurs ann\u00e9es de retard dans l\u2019adaptation de la production \u00e0 l\u2019\u00e9volution de la demande et dans la r\u00e9alisation de certains projets de centrales \u00e9lectriques, ainsi que la lenteur des proc\u00e9dures et des autorisations.<\/p>\n\n\n\n<p class=\"wp-block-paragraph\">Les solutions conjoncturelles, notamment le recours au soutien de l\u2019Alg\u00e9rie, ne suffisent pas \u00e0 combler un \u00e9cart de cette ampleur, estime le responsable syndical qui d\u00e9plore, \u00e9galement, l\u2019absence d\u2019investissements significatifs dans le secteur \u00e9nerg\u00e9tique depuis 2020 et avertit que l\u2019\u00e9t\u00e9 2027 pourrait \u00eatre encore plus difficile que celui de 2026 si le retard actuel n\u2019est pas surmont\u00e9 rapidement.<\/p>\n\n\n\n<h2 class=\"wp-block-heading\">Les raisons des coupures de l\u2019\u00e9lectricit\u00e9<\/h2>\n\n\n\n<p class=\"wp-block-paragraph\">Les raisons des coupures de l\u2019\u00e9lectricit\u00e9&nbsp;en Tunisie sont multiples.&nbsp;L\u2019une des raisons principales est la surcharge du r\u00e9seau. Elle survient lorsque trop d\u2019abonn\u00e9s sont aliment\u00e9s par un m\u00eame circuit, ou quand la puissance demand\u00e9e d\u00e9passe ce que le c\u00e2ble peut supporter.&nbsp;Chaque section de c\u00e2ble correspond \u00e0 une capacit\u00e9 de courant maximale. Si un c\u00e2ble trop fin est utilis\u00e9 pour alimenter un appareil puissant, il va chauffer excessivement jusqu\u2019\u00e0&nbsp;fondre.&nbsp;<\/p>\n\n\n\n<p class=\"wp-block-paragraph\">Le r\u00e9seau&nbsp;\u00e9lectrique tunisien a&nbsp;\u00e9t\u00e9&nbsp;con\u00e7u et r\u00e9alis\u00e9, il y a plusieurs ann\u00e9es, pour subvenir aux besoins d\u2019environ 6 \u00e0 7&nbsp;millions de citoyens. Aujourd\u2019hui, la Tunisie compte environ 12 millions d\u2019habitants et 15 millions voire plus pendant la saison estivale. Par cons\u00e9quent, les c\u00e2bles&nbsp;\u00e9lectriques vont chauffer jusqu\u2019\u00e0 fondre si le courant n\u2019est pas imm\u00e9diatement coup\u00e9. Tour cela peut conduire \u00e0 un blackout&nbsp; &nbsp; &nbsp; &nbsp; &nbsp; &nbsp; &nbsp; &nbsp; &nbsp; &nbsp; &nbsp; &nbsp;<\/p>\n\n\n\n<p class=\"wp-block-paragraph\">Confront\u00e9s \u00e0 de s\u00e9rieux probl\u00e8mes techniques, les ing\u00e9nieurs et agents de la Steg sont en train de faire un travail gigantesque pour pallier tous&nbsp;les probl\u00e8mes et dangers li\u00e9s aux surcharges du r\u00e9seau&nbsp;\u00e9lectrique. Mais ils ne peuvent pas faire des miracles lorsque la demande outrepasse de beaucoup l\u2019offre et que le r\u00e9seau montre son insuffisance structurelle. Accuser certains d\u2019entre eux de provoquer sciemment les coupures d\u2019\u00e9lectricit\u00e9 pour susciter la col\u00e8re de la population et la remonter contre le r\u00e9gime est pour le moins absurde et frapp\u00e9 du sceau de l\u2019ingratitude.<\/p>\n\n\n\n<h2 class=\"wp-block-heading\">Le solaire photovolta\u00efque s\u2019impose\u00a0aux op\u00e9rateurs \u00e9conomiques \u00a0<\/h2>\n\n\n\n<p class=\"wp-block-paragraph\">Actuellement, la Tunisie n\u2019a pas les moyens financiers n\u00e9cessaires pour moderniser le r\u00e9seau \u00e9lectrique&nbsp;ou encore cr\u00e9er de nouvelles centrales \u00e9lectriques&nbsp;; elle doit donc r\u00e9server son r\u00e9seau&nbsp;\u00e9lectrique, en priorit\u00e9, aux besoins des abonn\u00e9s des zones urbaines. Les h\u00f4pitaux, les h\u00f4tels, les \u00e9coles, les fermes agricoles, les industries lourdes, m\u00e9tallurgiques, manufacturi\u00e8res, agroalimentaires, les mines, les stations de carburants et de services, etc., doivent, sans tarder, opter pour l\u2019\u00e9nergie&nbsp;photovolta\u00efque avec stockage. Ce syst\u00e8me autonome et fiable serait une bonne solution durable pour \u00e9viter les pertes humaines, mat\u00e9rielles&nbsp;et financi\u00e8res dues aux coupures \u00e9lectriques, notamment durant la saison estivale.<\/p>\n\n\n\n<p class=\"wp-block-paragraph\">Aujourd\u2019hui nombreux sont les pays dans le monde qui utilisent l\u2019\u00e9nergie\u00a0photovolta\u00efque avec stockage\u00a0m\u00eame s\u2019ils n\u2019ont pas de probl\u00e8mes\u00a0de coupures d\u2019\u00e9lectricit\u00e9, et d\u2019abord\u00a0parce que l\u2019\u00e9nergie\u00a0solaire est\u00a0propre, ensuite parce qu&rsquo;elle est gratuite dans un pays \u00e0 fort ensoleillement comme la Tunisie. Certes, les \u00e9quipements\u00a0co\u00fbtent encore relativement cher \u00e0 l\u2019achat mais ils ne co\u00fbtent presque rien \u00e0 la\u00a0consommation, et puis ils constituent un investissement rentable \u00e0 moyen et long terme. <\/p>\n\n\n\n<p class=\"wp-block-paragraph\">On ne comprend pas d\u2019ailleurs pourquoi ce secteur soit encore si peu d\u00e9velopp\u00e9 en Tunisie, o\u00f9 l\u2019Agence nationale pour la ma\u00eetrise de l\u2019\u00e9nergie (AMNE), cr\u00e9\u00e9e pour promouvoir les \u00e9nergies renouvelables, vient de f\u00eater son 40<sup>e<\/sup> anniversaire. Qu\u2019a fait cette agence en 40 ans\u00a0? Cette question est d\u2019autant plus l\u00e9gitime que la part des \u00e9nergies renouvelables ne d\u00e9passe gu\u00e8re 5 \u00e0 6 % du mix \u00e9nerg\u00e9tique national qui reste tr\u00e8s fortement domin\u00e9 par les \u00e9nergies non renouvelables. <\/p>\n\n\n\n<p class=\"wp-block-paragraph\">Nous avons donc aujourd\u2019hui un grand retard \u00e0 rattraper, qui plus est, dans un contexte de d\u00e9ficits financiers aigus, de faible croissance allant de 1,5 \u00e0 2,5% par an et de baisse des investissements publics. Et nous n\u2019avons \u00e0 nous prendre qu\u2019\u00e0 nous-m\u00eames pour n\u2019avoir pas pris le taureau du d\u00e9ficit \u00e9nerg\u00e9tique par les cornes lorsqu\u2019il a commenc\u00e9 \u00e0 pointer du nez au d\u00e9but des ann\u00e9es 2000, lorsque le taux de croissance annuelle du pays \u00e9tait de 5 \u00e0 6 %.<\/p>\n","protected":false},"excerpt":{"rendered":"<p>La Tunisie a besoin de construire au moins quatre nouvelles centrales afin de r\u00e9sorber son d\u00e9ficit \u00e9lectrique actuel.  <\/p>\n","protected":false},"author":8,"featured_media":6440979,"comment_status":"open","ping_status":"open","sticky":false,"template":"","format":"standard","meta":{"footnotes":""},"categories":[992,995,2433],"tags":[129553,23315,129992,5640,97859,3763,936],"class_list":["post-19581855","post","type-post","status-publish","format-standard","has-post-thumbnail","hentry","category-a-la-une","category-economie","category-tunisie","tag-centrales-electriques","tag-deficit-energetique","tag-elyes-ben-ammar","tag-energies-renouvelables","tag-solaire-photovoltaique","tag-steg","tag-ugtt"],"yoast_head":"<!-- This site is optimized with the Yoast SEO plugin v26.6 - https:\/\/yoast.com\/wordpress\/plugins\/seo\/ -->\n<title>La Tunisie a besoin de 4 nouvelles centrales pour combler son d\u00e9ficit \u00e9lectrique - Kapitalis<\/title>\n<meta name=\"description\" content=\"La Tunisie a besoin de construire au moins quatre nouvelles centrales afin de r\u00e9sorber son d\u00e9ficit \u00e9lectrique actuel.\" \/>\n<meta name=\"robots\" content=\"index, follow, max-snippet:-1, max-image-preview:large, max-video-preview:-1\" \/>\n<link rel=\"canonical\" href=\"https:\/\/kapitalis.com\/tunisie\/2026\/09\/06\/la-tunisie-a-besoin-de-4-nouvelles-centrales-pour-combler-son-deficit-electrique\/\" \/>\n<meta property=\"og:locale\" content=\"fr_FR\" \/>\n<meta property=\"og:type\" content=\"article\" \/>\n<meta property=\"og:title\" content=\"La Tunisie a besoin de 4 nouvelles centrales pour combler son d\u00e9ficit \u00e9lectrique - Kapitalis\" \/>\n<meta property=\"og:description\" content=\"La Tunisie a besoin de construire au moins quatre nouvelles centrales afin de r\u00e9sorber son d\u00e9ficit \u00e9lectrique actuel.\" \/>\n<meta property=\"og:url\" content=\"https:\/\/kapitalis.com\/tunisie\/2026\/09\/06\/la-tunisie-a-besoin-de-4-nouvelles-centrales-pour-combler-son-deficit-electrique\/\" \/>\n<meta property=\"og:site_name\" content=\"Kapitalis\" \/>\n<meta property=\"article:publisher\" content=\"https:\/\/www.facebook.com\/KapitalisInfo\/\" \/>\n<meta property=\"article:published_time\" content=\"2026-09-06T07:18:39+00:00\" \/>\n<meta property=\"article:modified_time\" content=\"2026-09-06T07:18:41+00:00\" \/>\n<meta property=\"og:image\" content=\"https:\/\/kapitalis.com\/tunisie\/wp-content\/uploads\/2023\/02\/Centrale-electrique-de-Sousse..jpg\" \/>\n\t<meta property=\"og:image:width\" content=\"1200\" \/>\n\t<meta property=\"og:image:height\" content=\"630\" \/>\n\t<meta property=\"og:image:type\" content=\"image\/jpeg\" \/>\n<meta name=\"author\" content=\"webmaster kapitalis\" \/>\n<meta name=\"twitter:card\" content=\"summary_large_image\" \/>\n<meta name=\"twitter:creator\" content=\"@KapitalisInfo\" \/>\n<meta name=\"twitter:site\" content=\"@KapitalisInfo\" \/>\n<meta name=\"twitter:label1\" content=\"\u00c9crit par\" \/>\n\t<meta name=\"twitter:data1\" content=\"webmaster kapitalis\" \/>\n\t<meta name=\"twitter:label2\" content=\"Dur\u00e9e de lecture estim\u00e9e\" \/>\n\t<meta name=\"twitter:data2\" content=\"5 minutes\" \/>\n<script type=\"application\/ld+json\" class=\"yoast-schema-graph\">{\"@context\":\"https:\/\/schema.org\",\"@graph\":[{\"@type\":\"Article\",\"@id\":\"https:\/\/kapitalis.com\/tunisie\/2026\/09\/06\/la-tunisie-a-besoin-de-4-nouvelles-centrales-pour-combler-son-deficit-electrique\/#article\",\"isPartOf\":{\"@id\":\"https:\/\/kapitalis.com\/tunisie\/2026\/09\/06\/la-tunisie-a-besoin-de-4-nouvelles-centrales-pour-combler-son-deficit-electrique\/\"},\"author\":{\"name\":\"webmaster kapitalis\",\"@id\":\"https:\/\/kapitalis.com\/tunisie\/#\/schema\/person\/d71f33a9ca44f7bad4698210b480c8e9\"},\"headline\":\"La Tunisie a besoin de 4 nouvelles centrales pour combler son d\u00e9ficit \u00e9lectrique\",\"datePublished\":\"2026-09-06T07:18:39+00:00\",\"dateModified\":\"2026-09-06T07:18:41+00:00\",\"mainEntityOfPage\":{\"@id\":\"https:\/\/kapitalis.com\/tunisie\/2026\/09\/06\/la-tunisie-a-besoin-de-4-nouvelles-centrales-pour-combler-son-deficit-electrique\/\"},\"wordCount\":912,\"commentCount\":0,\"publisher\":{\"@id\":\"https:\/\/kapitalis.com\/tunisie\/#organization\"},\"image\":{\"@id\":\"https:\/\/kapitalis.com\/tunisie\/2026\/09\/06\/la-tunisie-a-besoin-de-4-nouvelles-centrales-pour-combler-son-deficit-electrique\/#primaryimage\"},\"thumbnailUrl\":\"https:\/\/kapitalis.com\/tunisie\/wp-content\/uploads\/2023\/02\/Centrale-electrique-de-Sousse..jpg\",\"keywords\":[\"centrales \u00e9lectriques\",\"d\u00e9ficit \u00e9nerg\u00e9tique\",\"Elyes Ben Ammar\",\"\u00e9nergies renouvelables\",\"solaire photovolta\u00efque\",\"Steg\",\"UGTT\"],\"articleSection\":[\"A LA UNE\",\"ECONOMIE\",\"Tunisie\"],\"inLanguage\":\"fr-FR\",\"potentialAction\":[{\"@type\":\"CommentAction\",\"name\":\"Comment\",\"target\":[\"https:\/\/kapitalis.com\/tunisie\/2026\/09\/06\/la-tunisie-a-besoin-de-4-nouvelles-centrales-pour-combler-son-deficit-electrique\/#respond\"]}]},{\"@type\":\"WebPage\",\"@id\":\"https:\/\/kapitalis.com\/tunisie\/2026\/09\/06\/la-tunisie-a-besoin-de-4-nouvelles-centrales-pour-combler-son-deficit-electrique\/\",\"url\":\"https:\/\/kapitalis.com\/tunisie\/2026\/09\/06\/la-tunisie-a-besoin-de-4-nouvelles-centrales-pour-combler-son-deficit-electrique\/\",\"name\":\"La Tunisie a besoin de 4 nouvelles centrales pour combler son d\u00e9ficit \u00e9lectrique - Kapitalis\",\"isPartOf\":{\"@id\":\"https:\/\/kapitalis.com\/tunisie\/#website\"},\"primaryImageOfPage\":{\"@id\":\"https:\/\/kapitalis.com\/tunisie\/2026\/09\/06\/la-tunisie-a-besoin-de-4-nouvelles-centrales-pour-combler-son-deficit-electrique\/#primaryimage\"},\"image\":{\"@id\":\"https:\/\/kapitalis.com\/tunisie\/2026\/09\/06\/la-tunisie-a-besoin-de-4-nouvelles-centrales-pour-combler-son-deficit-electrique\/#primaryimage\"},\"thumbnailUrl\":\"https:\/\/kapitalis.com\/tunisie\/wp-content\/uploads\/2023\/02\/Centrale-electrique-de-Sousse..jpg\",\"datePublished\":\"2026-09-06T07:18:39+00:00\",\"dateModified\":\"2026-09-06T07:18:41+00:00\",\"description\":\"La Tunisie a besoin de construire au moins quatre nouvelles centrales afin de r\u00e9sorber son d\u00e9ficit \u00e9lectrique actuel.\",\"breadcrumb\":{\"@id\":\"https:\/\/kapitalis.com\/tunisie\/2026\/09\/06\/la-tunisie-a-besoin-de-4-nouvelles-centrales-pour-combler-son-deficit-electrique\/#breadcrumb\"},\"inLanguage\":\"fr-FR\",\"potentialAction\":[{\"@type\":\"ReadAction\",\"target\":[\"https:\/\/kapitalis.com\/tunisie\/2026\/09\/06\/la-tunisie-a-besoin-de-4-nouvelles-centrales-pour-combler-son-deficit-electrique\/\"]}]},{\"@type\":\"ImageObject\",\"inLanguage\":\"fr-FR\",\"@id\":\"https:\/\/kapitalis.com\/tunisie\/2026\/09\/06\/la-tunisie-a-besoin-de-4-nouvelles-centrales-pour-combler-son-deficit-electrique\/#primaryimage\",\"url\":\"https:\/\/kapitalis.com\/tunisie\/wp-content\/uploads\/2023\/02\/Centrale-electrique-de-Sousse..jpg\",\"contentUrl\":\"https:\/\/kapitalis.com\/tunisie\/wp-content\/uploads\/2023\/02\/Centrale-electrique-de-Sousse..jpg\",\"width\":1200,\"height\":630},{\"@type\":\"BreadcrumbList\",\"@id\":\"https:\/\/kapitalis.com\/tunisie\/2026\/09\/06\/la-tunisie-a-besoin-de-4-nouvelles-centrales-pour-combler-son-deficit-electrique\/#breadcrumb\",\"itemListElement\":[{\"@type\":\"ListItem\",\"position\":1,\"name\":\"Accueil\",\"item\":\"https:\/\/kapitalis.com\/tunisie\/\"},{\"@type\":\"ListItem\",\"position\":2,\"name\":\"La Tunisie a besoin de 4 nouvelles centrales pour combler son d\u00e9ficit \u00e9lectrique\"}]},{\"@type\":\"WebSite\",\"@id\":\"https:\/\/kapitalis.com\/tunisie\/#website\",\"url\":\"https:\/\/kapitalis.com\/tunisie\/\",\"name\":\"Kapitalis\",\"description\":\"L&#039;actualit\u00e9 en Tunisie et dans le monde\",\"publisher\":{\"@id\":\"https:\/\/kapitalis.com\/tunisie\/#organization\"},\"potentialAction\":[{\"@type\":\"SearchAction\",\"target\":{\"@type\":\"EntryPoint\",\"urlTemplate\":\"https:\/\/kapitalis.com\/tunisie\/?s={search_term_string}\"},\"query-input\":{\"@type\":\"PropertyValueSpecification\",\"valueRequired\":true,\"valueName\":\"search_term_string\"}}],\"inLanguage\":\"fr-FR\"},{\"@type\":\"Organization\",\"@id\":\"https:\/\/kapitalis.com\/tunisie\/#organization\",\"name\":\"Kapitalis\",\"url\":\"https:\/\/kapitalis.com\/tunisie\/\",\"logo\":{\"@type\":\"ImageObject\",\"inLanguage\":\"fr-FR\",\"@id\":\"https:\/\/kapitalis.com\/tunisie\/#\/schema\/logo\/image\/\",\"url\":\"https:\/\/kapitalis.com\/tunisie\/wp-content\/uploads\/2022\/05\/Kapitalis-big-size.png\",\"contentUrl\":\"https:\/\/kapitalis.com\/tunisie\/wp-content\/uploads\/2022\/05\/Kapitalis-big-size.png\",\"width\":5000,\"height\":1500,\"caption\":\"Kapitalis\"},\"image\":{\"@id\":\"https:\/\/kapitalis.com\/tunisie\/#\/schema\/logo\/image\/\"},\"sameAs\":[\"https:\/\/www.facebook.com\/KapitalisInfo\/\",\"https:\/\/x.com\/KapitalisInfo\",\"https:\/\/www.youtube.com\/channel\/UC-yDYrHyfFBWWZaOw3FPg9Q\"]},{\"@type\":\"Person\",\"@id\":\"https:\/\/kapitalis.com\/tunisie\/#\/schema\/person\/d71f33a9ca44f7bad4698210b480c8e9\",\"name\":\"webmaster kapitalis\",\"url\":\"https:\/\/kapitalis.com\/tunisie\/author\/webmaster-kapitalis\/\"}]}<\/script>\n<!-- \/ Yoast SEO plugin. -->","yoast_head_json":{"title":"La Tunisie a besoin de 4 nouvelles centrales pour combler son d\u00e9ficit \u00e9lectrique - Kapitalis","description":"La Tunisie a besoin de construire au moins quatre nouvelles centrales afin de r\u00e9sorber son d\u00e9ficit \u00e9lectrique actuel.","robots":{"index":"index","follow":"follow","max-snippet":"max-snippet:-1","max-image-preview":"max-image-preview:large","max-video-preview":"max-video-preview:-1"},"canonical":"https:\/\/kapitalis.com\/tunisie\/2026\/09\/06\/la-tunisie-a-besoin-de-4-nouvelles-centrales-pour-combler-son-deficit-electrique\/","og_locale":"fr_FR","og_type":"article","og_title":"La Tunisie a besoin de 4 nouvelles centrales pour combler son d\u00e9ficit \u00e9lectrique - Kapitalis","og_description":"La Tunisie a besoin de construire au moins quatre nouvelles centrales afin de r\u00e9sorber son d\u00e9ficit \u00e9lectrique actuel.","og_url":"https:\/\/kapitalis.com\/tunisie\/2026\/09\/06\/la-tunisie-a-besoin-de-4-nouvelles-centrales-pour-combler-son-deficit-electrique\/","og_site_name":"Kapitalis","article_publisher":"https:\/\/www.facebook.com\/KapitalisInfo\/","article_published_time":"2026-09-06T07:18:39+00:00","article_modified_time":"2026-09-06T07:18:41+00:00","og_image":[{"width":1200,"height":630,"url":"https:\/\/kapitalis.com\/tunisie\/wp-content\/uploads\/2023\/02\/Centrale-electrique-de-Sousse..jpg","type":"image\/jpeg"}],"author":"webmaster kapitalis","twitter_card":"summary_large_image","twitter_creator":"@KapitalisInfo","twitter_site":"@KapitalisInfo","twitter_misc":{"\u00c9crit par":"webmaster kapitalis","Dur\u00e9e de lecture estim\u00e9e":"5 minutes"},"schema":{"@context":"https:\/\/schema.org","@graph":[{"@type":"Article","@id":"https:\/\/kapitalis.com\/tunisie\/2026\/09\/06\/la-tunisie-a-besoin-de-4-nouvelles-centrales-pour-combler-son-deficit-electrique\/#article","isPartOf":{"@id":"https:\/\/kapitalis.com\/tunisie\/2026\/09\/06\/la-tunisie-a-besoin-de-4-nouvelles-centrales-pour-combler-son-deficit-electrique\/"},"author":{"name":"webmaster kapitalis","@id":"https:\/\/kapitalis.com\/tunisie\/#\/schema\/person\/d71f33a9ca44f7bad4698210b480c8e9"},"headline":"La Tunisie a besoin de 4 nouvelles centrales pour combler son d\u00e9ficit \u00e9lectrique","datePublished":"2026-09-06T07:18:39+00:00","dateModified":"2026-09-06T07:18:41+00:00","mainEntityOfPage":{"@id":"https:\/\/kapitalis.com\/tunisie\/2026\/09\/06\/la-tunisie-a-besoin-de-4-nouvelles-centrales-pour-combler-son-deficit-electrique\/"},"wordCount":912,"commentCount":0,"publisher":{"@id":"https:\/\/kapitalis.com\/tunisie\/#organization"},"image":{"@id":"https:\/\/kapitalis.com\/tunisie\/2026\/09\/06\/la-tunisie-a-besoin-de-4-nouvelles-centrales-pour-combler-son-deficit-electrique\/#primaryimage"},"thumbnailUrl":"https:\/\/kapitalis.com\/tunisie\/wp-content\/uploads\/2023\/02\/Centrale-electrique-de-Sousse..jpg","keywords":["centrales \u00e9lectriques","d\u00e9ficit \u00e9nerg\u00e9tique","Elyes Ben Ammar","\u00e9nergies renouvelables","solaire photovolta\u00efque","Steg","UGTT"],"articleSection":["A LA UNE","ECONOMIE","Tunisie"],"inLanguage":"fr-FR","potentialAction":[{"@type":"CommentAction","name":"Comment","target":["https:\/\/kapitalis.com\/tunisie\/2026\/09\/06\/la-tunisie-a-besoin-de-4-nouvelles-centrales-pour-combler-son-deficit-electrique\/#respond"]}]},{"@type":"WebPage","@id":"https:\/\/kapitalis.com\/tunisie\/2026\/09\/06\/la-tunisie-a-besoin-de-4-nouvelles-centrales-pour-combler-son-deficit-electrique\/","url":"https:\/\/kapitalis.com\/tunisie\/2026\/09\/06\/la-tunisie-a-besoin-de-4-nouvelles-centrales-pour-combler-son-deficit-electrique\/","name":"La Tunisie a besoin de 4 nouvelles centrales pour combler son d\u00e9ficit \u00e9lectrique - Kapitalis","isPartOf":{"@id":"https:\/\/kapitalis.com\/tunisie\/#website"},"primaryImageOfPage":{"@id":"https:\/\/kapitalis.com\/tunisie\/2026\/09\/06\/la-tunisie-a-besoin-de-4-nouvelles-centrales-pour-combler-son-deficit-electrique\/#primaryimage"},"image":{"@id":"https:\/\/kapitalis.com\/tunisie\/2026\/09\/06\/la-tunisie-a-besoin-de-4-nouvelles-centrales-pour-combler-son-deficit-electrique\/#primaryimage"},"thumbnailUrl":"https:\/\/kapitalis.com\/tunisie\/wp-content\/uploads\/2023\/02\/Centrale-electrique-de-Sousse..jpg","datePublished":"2026-09-06T07:18:39+00:00","dateModified":"2026-09-06T07:18:41+00:00","description":"La Tunisie a besoin de construire au moins quatre nouvelles centrales afin de r\u00e9sorber son d\u00e9ficit \u00e9lectrique actuel.","breadcrumb":{"@id":"https:\/\/kapitalis.com\/tunisie\/2026\/09\/06\/la-tunisie-a-besoin-de-4-nouvelles-centrales-pour-combler-son-deficit-electrique\/#breadcrumb"},"inLanguage":"fr-FR","potentialAction":[{"@type":"ReadAction","target":["https:\/\/kapitalis.com\/tunisie\/2026\/09\/06\/la-tunisie-a-besoin-de-4-nouvelles-centrales-pour-combler-son-deficit-electrique\/"]}]},{"@type":"ImageObject","inLanguage":"fr-FR","@id":"https:\/\/kapitalis.com\/tunisie\/2026\/09\/06\/la-tunisie-a-besoin-de-4-nouvelles-centrales-pour-combler-son-deficit-electrique\/#primaryimage","url":"https:\/\/kapitalis.com\/tunisie\/wp-content\/uploads\/2023\/02\/Centrale-electrique-de-Sousse..jpg","contentUrl":"https:\/\/kapitalis.com\/tunisie\/wp-content\/uploads\/2023\/02\/Centrale-electrique-de-Sousse..jpg","width":1200,"height":630},{"@type":"BreadcrumbList","@id":"https:\/\/kapitalis.com\/tunisie\/2026\/09\/06\/la-tunisie-a-besoin-de-4-nouvelles-centrales-pour-combler-son-deficit-electrique\/#breadcrumb","itemListElement":[{"@type":"ListItem","position":1,"name":"Accueil","item":"https:\/\/kapitalis.com\/tunisie\/"},{"@type":"ListItem","position":2,"name":"La Tunisie a besoin de 4 nouvelles centrales pour combler son d\u00e9ficit \u00e9lectrique"}]},{"@type":"WebSite","@id":"https:\/\/kapitalis.com\/tunisie\/#website","url":"https:\/\/kapitalis.com\/tunisie\/","name":"Kapitalis","description":"L&#039;actualit\u00e9 en Tunisie et dans le monde","publisher":{"@id":"https:\/\/kapitalis.com\/tunisie\/#organization"},"potentialAction":[{"@type":"SearchAction","target":{"@type":"EntryPoint","urlTemplate":"https:\/\/kapitalis.com\/tunisie\/?s={search_term_string}"},"query-input":{"@type":"PropertyValueSpecification","valueRequired":true,"valueName":"search_term_string"}}],"inLanguage":"fr-FR"},{"@type":"Organization","@id":"https:\/\/kapitalis.com\/tunisie\/#organization","name":"Kapitalis","url":"https:\/\/kapitalis.com\/tunisie\/","logo":{"@type":"ImageObject","inLanguage":"fr-FR","@id":"https:\/\/kapitalis.com\/tunisie\/#\/schema\/logo\/image\/","url":"https:\/\/kapitalis.com\/tunisie\/wp-content\/uploads\/2022\/05\/Kapitalis-big-size.png","contentUrl":"https:\/\/kapitalis.com\/tunisie\/wp-content\/uploads\/2022\/05\/Kapitalis-big-size.png","width":5000,"height":1500,"caption":"Kapitalis"},"image":{"@id":"https:\/\/kapitalis.com\/tunisie\/#\/schema\/logo\/image\/"},"sameAs":["https:\/\/www.facebook.com\/KapitalisInfo\/","https:\/\/x.com\/KapitalisInfo","https:\/\/www.youtube.com\/channel\/UC-yDYrHyfFBWWZaOw3FPg9Q"]},{"@type":"Person","@id":"https:\/\/kapitalis.com\/tunisie\/#\/schema\/person\/d71f33a9ca44f7bad4698210b480c8e9","name":"webmaster kapitalis","url":"https:\/\/kapitalis.com\/tunisie\/author\/webmaster-kapitalis\/"}]}},"_links":{"self":[{"href":"https:\/\/kapitalis.com\/tunisie\/wp-json\/wp\/v2\/posts\/19581855","targetHints":{"allow":["GET"]}}],"collection":[{"href":"https:\/\/kapitalis.com\/tunisie\/wp-json\/wp\/v2\/posts"}],"about":[{"href":"https:\/\/kapitalis.com\/tunisie\/wp-json\/wp\/v2\/types\/post"}],"author":[{"embeddable":true,"href":"https:\/\/kapitalis.com\/tunisie\/wp-json\/wp\/v2\/users\/8"}],"replies":[{"embeddable":true,"href":"https:\/\/kapitalis.com\/tunisie\/wp-json\/wp\/v2\/comments?post=19581855"}],"version-history":[{"count":1,"href":"https:\/\/kapitalis.com\/tunisie\/wp-json\/wp\/v2\/posts\/19581855\/revisions"}],"predecessor-version":[{"id":19581967,"href":"https:\/\/kapitalis.com\/tunisie\/wp-json\/wp\/v2\/posts\/19581855\/revisions\/19581967"}],"wp:featuredmedia":[{"embeddable":true,"href":"https:\/\/kapitalis.com\/tunisie\/wp-json\/wp\/v2\/media\/6440979"}],"wp:attachment":[{"href":"https:\/\/kapitalis.com\/tunisie\/wp-json\/wp\/v2\/media?parent=19581855"}],"wp:term":[{"taxonomy":"category","embeddable":true,"href":"https:\/\/kapitalis.com\/tunisie\/wp-json\/wp\/v2\/categories?post=19581855"},{"taxonomy":"post_tag","embeddable":true,"href":"https:\/\/kapitalis.com\/tunisie\/wp-json\/wp\/v2\/tags?post=19581855"}],"curies":[{"name":"wp","href":"https:\/\/api.w.org\/{rel}","templated":true}]}}