{"id":19582917,"date":"2026-09-06T10:50:32","date_gmt":"2026-09-06T09:50:32","guid":{"rendered":"https:\/\/kapitalis.com\/tunisie\/?p=19582917"},"modified":"2026-09-06T10:50:34","modified_gmt":"2026-09-06T09:50:34","slug":"messages-de-prison-de-saadia-mosbah","status":"publish","type":"post","link":"https:\/\/kapitalis.com\/tunisie\/2026\/09\/06\/messages-de-prison-de-saadia-mosbah\/","title":{"rendered":"Messages de prison de Sa\u00e2dia Mosbah"},"content":{"rendered":"\n<p class=\"wp-block-paragraph\"><strong><em>Nous publions ci-dessous le t\u00e9moignage prononc\u00e9 par Affet Bent Mabrouk Mosbah, le 1<sup>er<\/sup> septembre 2026, \u00e0 l\u2019H\u00f4tel de Ville de Bruxelles, en Belgique, dans le cadre de l\u2019action men\u00e9e par Protect Humanitarians en vue d\u2019obtenir la lib\u00e9ration de sa s\u0153ur Sa\u00e2dia Mosbah, pr\u00e9sidente de l\u2019association antiraciste Mnemty. Il s\u2019agit d\u2019un dialogue recompos\u00e9, fait \u00e0 partir d\u2019extraits de lettres de Sa\u00e2dia, suivis des r\u00e9ponses d\u2019Affet. Au-del\u00e0 du cas \u00e9voqu\u00e9, celui d\u2019une militante antiraciste condamn\u00e9e \u00e0 huit ans de prison, c\u2019est la vie carc\u00e9rale en Tunisie en g\u00e9n\u00e9ral qui transpara\u00eet de ce t\u00e9moignage poignant. &nbsp;<\/em><\/strong><\/p>\n\n\n\n<!--more-->\n\n\n\n<p class=\"wp-block-paragraph\">Il faut parler, que cela se sache ! Je parle donc pour porter la voix de Sa\u00e2dia Mosbah, ma s\u0153ur, aujourd\u2019hui accul\u00e9e au silence : le calendrier judiciaire et carc\u00e9ral, hors normes, s\u2019affolant en Tunisie, elle est dans la situation d\u2019un grand nombre de martyrs de l\u2019arbitraire.<\/p>\n\n\n\n<h2 class=\"wp-block-heading\">Quelques dates :<\/h2>\n\n\n\n<p class=\"wp-block-paragraph\">\u2022 En 2013 est cr\u00e9\u00e9e l\u2019association Mnemty, mon r\u00eave, en hommage au discours de Martin Luther King <em>\u00abI have a dream\u00bb<\/em>. L\u2019objet de l\u2019association est de lutter contre les discriminations raciales en Tunisie.<\/p>\n\n\n\n<p class=\"wp-block-paragraph\">\u2022 En 2018, adoption de la loi criminalisant les discriminations raciales : Sa\u00e2dia aura \u0153uvr\u00e9 via Mnemty pour ce r\u00e9sultat, unique du genre dans la r\u00e9gion et le monde arabe.<\/p>\n\n\n\n<p class=\"wp-block-paragraph\">\u2022 En 2021- Un coup d\u2019\u00c9tat est perp\u00e9tr\u00e9 contre le parlement.<\/p>\n\n\n\n<p class=\"wp-block-paragraph\">\u2022 En 2023 \u2013 Un pacte d\u2019externalisation migratoire sign\u00e9 entre l\u2019Europe et la Tunisie est ratifi\u00e9 \u00e0 Tunis. Il fait des Tunisiens, contre r\u00e9mun\u00e9ration, les garde-fronti\u00e8res europ\u00e9ennes. [\u2026] En juillet de la m\u00eame ann\u00e9e, Sa\u00e2dia, ma s\u0153ur, re\u00e7oit cependant, un prix des mains du d\u00e9mocrate Antony Blinken au sein des Nations Unies, pour son travail en mati\u00e8re de lutte contre les discriminations raciales. A l\u2019aller comme au retour, sa valise est perdue, son portefeuille d\u00e9rob\u00e9.<\/p>\n\n\n\n<p class=\"wp-block-paragraph\">\u2022 Et le 6 mai 2024 \u2013 Un appel m\u2019apprend que Sa\u00e2dia est en d\u00e9tention pr\u00e9ventive pour un motif inconnu ! Nos lettres, quand nous les recevons, ne se r\u00e9pondent pas, au vu du temps qu\u2019elles mettent \u00e0 nous parvenir ; elles sont d\u00e9cal\u00e9es.<\/p>\n\n\n\n<p class=\"wp-block-paragraph\">Voici des extraits chronologiques de nos \u00e9changes r\u00e9els :<\/p>\n\n\n\n<p class=\"wp-block-paragraph\">&#8211; 3 novembre 24, Sa\u00e2dia \u00e0 son fils : \u2026Ce que je vis ici est surprenant et \u00e0 peine croyable. J\u2019ai appris la m\u00e9fiance. Je sais le sens des mots m\u00e9chancet\u00e9, mensonge, envie, vengeance, vol et j\u2019en passe, h\u00e9las ! Tu peux donc imaginer mon d\u00e9sarroi\u2026 orpheline de toi, de ma vie, de mes amis et amies&#8230; On vit ici continuellement dans un brouhaha terrible. Nous sommes 57 depuis hier. Tu diras \u00e0 Affet qu\u2019elle est le plus bel h\u00e9ritage de nos parents.<\/p>\n\n\n\n<p class=\"wp-block-paragraph\">&#8211; Sa\u00e2dia, je sais combien toi et moi tenons \u00e0 la verticalit\u00e9 h\u00e9rit\u00e9e de nos g\u00e9niteurs. Far\u00e8s, ton fils, est un homme debout\u2026 Nous survivrons \u00e0 cette p\u00e9riode inattendue et pas facile.<\/p>\n\n\n\n<p class=\"wp-block-paragraph\">&#8211; 10 novembre 24 : Nous sommes 61 dans la chambr\u00e9e d\u00e9sormais. Il commence \u00e0 faire tr\u00e8s froid et l\u2019eau est tr\u00e8s froide, pas encore glac\u00e9e. Sans commentaire. A la fin de l\u2019ann\u00e9e 2024, elles seront 95 d\u00e9tenues dans la m\u00eame chambr\u00e9e.<\/p>\n\n\n\n<p class=\"wp-block-paragraph\">&#8211; 11 novembre 24 : R\u00e9veill\u00e9e ce matin pour passer devant le juge d\u2019instruction. Apr\u00e8s deux heures d\u2019attente, on me fait regagner la chambr\u00e9e. Les autres d\u00e9tenues sont pass\u00e9es quand-m\u00eame. Mon fils, r\u00e9organise ta vie sans moi, continue \u00e0 vivre et \u00e0 r\u00eaver.<\/p>\n\n\n\n<p class=\"wp-block-paragraph\">Affet, petite s\u0153ur, je vais bien malgr\u00e9 tout ; je pense chaque jour \u00e0 toi et \u00e0 nos parents et quelque part contente qu\u2019ils n\u2019aient pas vu ces jours.<\/p>\n\n\n\n<p class=\"wp-block-paragraph\">&#8211; Sa\u00e2dia, c\u2019est cela l\u2019arbitraire. Il est \u00e9trange ce bonheur que je ressens, aujourd\u2019hui, \u00e0 la pens\u00e9e qu\u2019ils ne sont plus de ce monde, histoire de les pr\u00e9server de notre \u00e9preuve. Bizarre sentiment qui consiste \u00e0 se r\u00e9jouir de l\u2019absence de ceux que nous aimons.<\/p>\n\n\n\n<p class=\"wp-block-paragraph\">&#8211; 1<sup>er<\/sup> d\u00e9cembre 24 : Affet, Pardonne-moi pour tous les tracas que je te fais subir. Ne t\u2019inqui\u00e8te pas pour moi : nous avons appris \u00e0 nous adapter \u00e0 toutes les situations. Nous sommes 79 dans la chambr\u00e9e. En esp\u00e9rant que nous serons r\u00e9unis pour les f\u00eates\u2026<\/p>\n\n\n\n<p class=\"wp-block-paragraph\">&#8211; Sa\u00e2dia, la dignit\u00e9 dont tu fais preuve force le respect sans me surprendre toutefois. Dans certaines circonstances, une m\u00e8re ne s\u2019\u00e9panchera pas devant son fils. Nous sommes s\u0153urs et je sais ce mutisme-l\u00e0.<\/p>\n\n\n\n<p class=\"wp-block-paragraph\">&#8211; 8 d\u00e9cembre 24 : &#8230; une carte de Nina datant de juillet m\u2019est parvenue le 18 novembre. C\u2019est le premier et unique courrier que j\u2019ai re\u00e7u. L\u2019espoir fait vivre dit-on. Sa\u00e2dia, il ne s\u2019agit plus de d\u00e9tention pr\u00e9ventive, mais d\u2019une torture blanche. D\u00e9tenue, certes ; coup\u00e9e de tous, pourquoi ? Dans quel but exactement ?<\/p>\n\n\n\n<p class=\"wp-block-paragraph\">&#8211; 16 f\u00e9vrier 25 : \u2026 Nous devons nous souvenir que nos acquis peuvent nous \u00eatre retir\u00e9s. Soyons vigilants, car les droits ne s\u2019offrent pas : ils s\u2019arrachent&#8230; Plus que 4 jours avant le 3<sup>e<\/sup> rendez-vous avec le juge&#8230; Notre chambr\u00e9e a \u00e9t\u00e9 \u00e9vacu\u00e9e en raison des probl\u00e8mes d\u2019\u00e9vacuation d\u2019eau.<\/p>\n\n\n\n<p class=\"wp-block-paragraph\">&#8211; Sa\u00e2dia, tu ne le dis pas : il s\u2019agissait de d\u00e9bordement des \u00e9gouts publics. Ton transf\u00e8rement vers une autre prison s\u2019est fait dans des conditions difficiles. Pour te faire sourire, sais-tu que l\u2019architecte de la prison est&#8230; en prison ? Comme tout le monde. La PDG qui a licenci\u00e9 ton fils aussi\u2026<\/p>\n\n\n\n<p class=\"wp-block-paragraph\">&#8211; 29 mars 25 \u00e0 son fils : Te voir \u00e0 travers une vitre et te parler \u00e0 travers un appareil, c\u2019est tout simplement inhumain. Sa\u00e2dia, ton fils, unique, parle peu de la souffrance qu\u2019il ressent, mais il agit.<\/p>\n\n\n\n<p class=\"wp-block-paragraph\">&#8211; 14 avril 25 : J\u2019\u00e9cris tout en sachant que mes lettres restent lettres mortes. Pourquoi ? \u2026 Un coup de poignard apr\u00e8s chaque parloir o\u00f9 des d\u00e9tenues disent que leurs parents ont re\u00e7u leurs lettres. A Affet ma petite s\u0153ur, tout l\u2019amour et plus encore.<\/p>\n\n\n\n<p class=\"wp-block-paragraph\">&#8211; Sa\u00e2dia, cette citation de Rainer Maria Rilke : <em>\u00abCar au fond, et pr\u00e9cis\u00e9ment pour les choses les plus profondes et les plus importantes, nous sommes inqualifiablement seuls.\u00bb<\/em><\/p>\n\n\n\n<p class=\"wp-block-paragraph\">&#8211; 25 avril 2025 \u00e0 son fils : \u2026 Je ne compte plus le nombre de lettres que je t\u2019envoie mais que tu ne re\u00e7ois pas. Rien ne m\u2019arr\u00eatera : j\u2019ai \u00e9crit, j\u2019\u00e9cris et j\u2019\u00e9crirai encore et encore et encore. Ici on prend des mesures sanitaires importantes en pr\u00e9vention de la gale. On nous fera d\u00e9sormais chauffer le lait le matin. Je n\u2019aurai plus \u00e0 boire un verre d\u2019eau chaude puis\u00e9e dans la douche, mais je continuerai \u00e0 prendre un verre d\u2019eau chaude le soir \u00e0 la place de la soupe. Mon mal de dents persiste malheureusement.<\/p>\n\n\n\n<p class=\"wp-block-paragraph\">&#8211; Sa\u00e2dia, c\u2019est en relisant tes lettres que j\u2019ai accept\u00e9 d\u2019entendre ta souffrance. Mon cerveau oblit\u00e9rait les passages insupportables&#8230; la soupe \u00e9tait r\u00e9clam\u00e9e pour que vous mangiez chaud une fois par jour, en pr\u00e9vention des probl\u00e8mes dentaires pr\u00e9cis\u00e9ment. Un soir, une d\u00e9tenue a vu un l\u00e9zard flotter dans son assiette. Je comprends pourquoi tu pr\u00e9f\u00e8res l\u2018eau de douche \u00e0 la soupe. Qui en voudrait ?<\/p>\n\n\n\n<p class=\"wp-block-paragraph\">&#8211; 1<sup>er<\/sup> d\u00e9cembre 25 : \u2026 le froid n\u2019arrange h\u00e9las, pas les choses ! \u2026 gr\u00e2ce \u00e0 toi, je n\u2019en souffre pas beaucoup. Ta super cape verte tombe \u00e0 pic ; je ne la quitte plus, m\u00eame la nuit je la mets sur la couverture. Finalement, je m\u2019adapte sans pouvoir m\u2019habituer\u2026 mon fils m\u2019a dit que tu m\u2019\u00e9crivais tous les jours, je n\u2019ai rien re\u00e7u de toi. Une seule carte postale m\u2019est parvenue, celle de Nina. \u2026 Le 22 d\u00e9cembre approche et je ne sais plus quoi penser. Ma sant\u00e9 est bonne encore et je peux tenir le coup gr\u00e2ce \u00e0 votre soutien. Merci du fond du c\u0153ur, ma petite s\u0153ur.<\/p>\n\n\n\n<p class=\"wp-block-paragraph\">Sa\u00e2dia, tu ne dis pas qu\u2019apr\u00e8s ou pendant l\u2019\u00e9pisode des \u00e9gouts, vous avez eu soif aussi, sous 48 degr\u00e9s. Il ne s\u2019agit pas que de froid.<\/p>\n\n\n\n<p class=\"wp-block-paragraph\">&#8211; 22 d\u00e9cembre 25 : De retour du Tribunal de premi\u00e8re instance de Tunis. 15h. Mon fils, je n\u2019ai v\u00e9cu que pour le moment o\u00f9 j\u2019allais enfin pouvoir te voir, sentir ton odeur. Et j\u2019ai pu te prendre dans mes bras. Quel bonheur ! Le monde s\u2019est arr\u00eat\u00e9. La v\u00e9rit\u00e9 \u00e9clatera et ta maman va \u00eatre innocent\u00e9e de toutes les fausses accusations.<\/p>\n\n\n\n<p class=\"wp-block-paragraph\">&#8211; Sa\u00e2dia, afin de ne pas t\u2019inqui\u00e9ter nous t\u2019avions cach\u00e9 que ton fils avait \u00e9t\u00e9 licenci\u00e9. Tu l\u2019as appris lors de la plaidoirie de son avocat. Cette s\u00e9ance au tribunal a arrach\u00e9 beaucoup de larmes lorsque tu t\u2019es \u00e9cri\u00e9e : <em>\u00abLaissez-moi sentir mon fils !\u00bb<\/em> Dans un sursaut d\u2019humanit\u00e9 la juge t\u2019a autoris\u00e9e \u00e0 l\u2019embrasser, plus d\u2019une ann\u00e9e et demi apr\u00e8s ta d\u00e9tention&#8230; toujours pr\u00e9ventive.<\/p>\n\n\n\n<p class=\"wp-block-paragraph\">&#8211; 5 janvier 26 : \u2026 comme si on m\u2019arrachait un membre lentement pour faire durer la douleur. Je sais que je ne m\u00e9rite pas tout \u00e7a. Qu\u2019aurions-nous fait si tu n\u2019\u00e9tais pas ma s\u0153ur ? J\u2019ai re\u00e7u la nouvelle du licenciement en pleine audience ; j\u2019ai failli en perdre le souffle.<\/p>\n\n\n\n<p class=\"wp-block-paragraph\">&#8211; Sa\u00e2dia, ce que nous traversons est fait de silence : curieusement, je ne ressens ni le vide de toi, ni ton silence. Nous sommes issues du m\u00eame ventre, nous aurons c\u00f4toy\u00e9 la m\u00eame enfance, la m\u00eame jeunesse, la m\u00eame maturit\u00e9 et, entamons ensemble nos prochaines ann\u00e9es. Ton rire, tes col\u00e8res m\u2019accompagnent comme toujours. \u2026 Nous sommes ind\u00e9fectiblement unies.<\/p>\n\n\n\n<p class=\"wp-block-paragraph\">&#8211; 14 f\u00e9vrier 26 : Cela fait une ann\u00e9e que je suis \u00e0 la prison de Belli\u2026 Dans douze jours, j\u2019esp\u00e8re \u00eatre dans la salle d\u2019audience\u2026 Pour ma dent je pense qu\u2019il est trop tard.<\/p>\n\n\n\n<p class=\"wp-block-paragraph\">&#8211; Sa\u00e2dia, ta dent t\u2019a \u00e9t\u00e9 arrach\u00e9e sans anesth\u00e9sie\u2026 L\u2019acc\u00e8s aux soins pour tous est calamiteux, criminel.<\/p>\n\n\n\n<p class=\"wp-block-paragraph\">&#8211; 8 mars 26, journ\u00e9e de la femme : Ici, certaines pensent que c\u2019est une f\u00eate. Sa\u00e2dia, Simone de Beauvoir \u00e9crit : <em>\u00abN\u2019oubliez jamais qu\u2019il suffira d\u2019une crise politique, \u00e9conomique ou religieuse pour que les droits des femmes soient remis en question.\u00bb<\/em><\/p>\n\n\n\n<p class=\"wp-block-paragraph\">Suit un extrait de la lettre publi\u00e9e via son avocate, \u00e0 l\u2019occasion de la Journ\u00e9e internationale des droits des femmes&nbsp;: <em>\u00ab\u202621 mois sans jugement\u2026 Ma situation concerne aussi les m\u00e8res en d\u00e9tention et les victimes de l\u2019arbitraire\u2026 Raison pour laquelle, je plaide coupable d\u2019\u00eatre humaine. Il y a deux ans, \u00e0 New-York, j\u2019avais remarqu\u00e9 que celles et ceux qui d\u00e9fendent la dignit\u00e9 et les droits sont en danger ; ils ne sont pas toujours prot\u00e9g\u00e9s par ceux qui en portent la responsabilit\u00e9. Que faisons-nous pour prot\u00e9ger les d\u00e9fenseurs des droits ? Que faisons-nous pour que cessent les injustices ? J\u2019ai honor\u00e9 la Tunisie, j\u2019ai honor\u00e9 mon pays, o\u00f9 que je sois, m\u00eame en prison. Et c\u2019est ainsi qu\u2019IL m\u2019honore aujourd\u2019hui ? Quel est le sens de ma d\u00e9tention ? Apr\u00e8s pr\u00e8s de deux ans, je peux mourir ici, loin de mon fils et des miens ; je me pr\u00e9pare \u00e0 cette r\u00e9alit\u00e9. Debout. Je suis afro-tunisienne. Je suis fi\u00e8re de ce que je suis\u2026 je ne suis pas une criminelle. Je suis ici parce que la solidarit\u00e9 devient une tare. Parce que Mnemty, l\u2019association que j\u2019ai fond\u00e9e pour lutter contre la discrimination raciale\u2026 Parce qu\u2019un autre humaniste, Martin Luther King, ailleurs, a hurl\u00e9 : I have a dream. J\u2019ai donn\u00e9 mon temps, ma jeunesse, mes moyens \u00e0 mon pays. Je le r\u00e9p\u00e8te : Je n\u2019ai jamais d\u00e9tourn\u00e9 quoi que ce soit, ni qui que ce soit\u2026\u00bb<\/em><\/p>\n\n\n\n<p class=\"wp-block-paragraph\">&#8211; Sa\u00e2dia, Socrate t\u2019accompagne : <em>\u00abIl vaut mieux subir l\u2019injure que la commettre.\u00bb<\/em><\/p>\n\n\n\n<p class=\"wp-block-paragraph\">&#8211; 5 juin 2026 : Affet, ma s\u0153ur. Enfin tes cartes me sont parvenues, c\u2019est le premier courrier que je re\u00e7ois de ma famille apr\u00e8s plus de 25 mois de d\u00e9tention.\u2026 Les premiers mois, j\u2019\u00e9crivais beaucoup, jusqu\u2019au jour o\u00f9 l\u2019on est venu me saisir mes cahiers num\u00e9rot\u00e9s de 1 \u00e0 6.<\/p>\n\n\n\n<p class=\"wp-block-paragraph\">&#8211; Sa\u00e2dia, je sais en partie ce que tu as rapport\u00e9 dans tes cahiers : les agressions racistes, jusqu\u2019\u00e0 la blessure physique ; le manque de soins ; les humiliations. Dis, s\u0153ur, que caches-tu \u00e0 ton fils pour l\u2019\u00e9pargner ? Je ne peux aller te visiter sous peine d\u2019\u00eatre arr\u00eat\u00e9e moi-m\u00eame. Benjamin Constant : <em>\u00abL\u2019unique garantie des citoyens contre l\u2019arbitraire, c\u2019est la publicit\u00e9.\u00bb<\/em> Nous en sortirons. Je vais parler\u2026<\/p>\n\n\n\n<h2 class=\"wp-block-heading\">Conclusion<\/h2>\n\n\n\n<p class=\"wp-block-paragraph\">Depuis son arrestation le 6 mai 2024, puis son incarc\u00e9ration, puis sa condamnation \u00e0 huit ann\u00e9es de privation de libert\u00e9, \u00e0 \u00eatre d\u00e9chue de ses droits civiques, \u00e0 une amende de plus de 30.000\u20ac, enfin \u00e0 une confiscation de sa retraite \u2013 les sons de nos voix ne parviennent plus l\u2019une \u00e0 l\u2019autre. Rien, absolument rien pourtant, n\u2019entravera la force des \u00e2mes et du lien : ni les ge\u00f4les, ni les murs, ni les silences, ni les sanctions financi\u00e8res. Je parle !<\/p>\n\n\n\n<p class=\"has-text-align-right wp-block-paragraph\"><strong>Affet Bent Mabrouk Mosbah<\/strong>, 1<sup>er<\/sup> septembre 2026<\/p>\n\n\n\n<p class=\"wp-block-paragraph\"><\/p>\n","protected":false},"excerpt":{"rendered":"<p>Dialogue recompos\u00e9 fait \u00e0 partir d\u2019extraits de lettres de Sa\u00e2dia Mosbah, militante antiraciste en prison, suivis des r\u00e9ponses de se s\u0153ur Affet. <\/p>\n","protected":false},"author":8,"featured_media":18131394,"comment_status":"open","ping_status":"open","sticky":false,"template":"","format":"standard","meta":{"footnotes":""},"categories":[992,997,1000,2433],"tags":[128312,129999,110361,130000,110359,62643],"class_list":["post-19582917","post","type-post","status-publish","format-standard","has-post-thumbnail","hentry","category-a-la-une","category-politique","category-tribune","category-tunisie","tag-affet-bent-mabrouk-mosbah","tag-discriminations-raciales","tag-mnemty","tag-protect-humanitarians","tag-saadia-mosbah","tag-tunisie"],"yoast_head":"<!-- This site is optimized with the Yoast SEO plugin v26.6 - https:\/\/yoast.com\/wordpress\/plugins\/seo\/ -->\n<title>Messages de prison de Sa\u00e2dia Mosbah - Kapitalis<\/title>\n<meta name=\"description\" content=\"Dialogue fait \u00e0 partir d\u2019extraits de lettres de Sa\u00e2dia Mosbah, militante antiraciste en prison, suivis des r\u00e9ponses de se s\u0153ur Affet.\" \/>\n<meta name=\"robots\" content=\"index, follow, max-snippet:-1, max-image-preview:large, max-video-preview:-1\" \/>\n<link rel=\"canonical\" href=\"https:\/\/kapitalis.com\/tunisie\/2026\/09\/06\/messages-de-prison-de-saadia-mosbah\/\" \/>\n<meta property=\"og:locale\" content=\"fr_FR\" \/>\n<meta property=\"og:type\" content=\"article\" \/>\n<meta property=\"og:title\" content=\"Messages de prison de Sa\u00e2dia Mosbah - Kapitalis\" \/>\n<meta property=\"og:description\" content=\"Dialogue fait \u00e0 partir d\u2019extraits de lettres de Sa\u00e2dia Mosbah, militante antiraciste en prison, suivis des r\u00e9ponses de se s\u0153ur Affet.\" \/>\n<meta property=\"og:url\" content=\"https:\/\/kapitalis.com\/tunisie\/2026\/09\/06\/messages-de-prison-de-saadia-mosbah\/\" \/>\n<meta property=\"og:site_name\" content=\"Kapitalis\" \/>\n<meta property=\"article:publisher\" content=\"https:\/\/www.facebook.com\/KapitalisInfo\/\" \/>\n<meta property=\"article:published_time\" content=\"2026-09-06T09:50:32+00:00\" \/>\n<meta property=\"article:modified_time\" content=\"2026-09-06T09:50:34+00:00\" \/>\n<meta property=\"og:image\" content=\"https:\/\/kapitalis.com\/tunisie\/wp-content\/uploads\/2025\/12\/Saadia-Mosbah.jpg\" \/>\n\t<meta property=\"og:image:width\" content=\"1200\" \/>\n\t<meta property=\"og:image:height\" content=\"630\" \/>\n\t<meta property=\"og:image:type\" content=\"image\/jpeg\" \/>\n<meta name=\"author\" content=\"webmaster kapitalis\" \/>\n<meta name=\"twitter:card\" content=\"summary_large_image\" \/>\n<meta name=\"twitter:creator\" content=\"@KapitalisInfo\" \/>\n<meta name=\"twitter:site\" content=\"@KapitalisInfo\" \/>\n<meta name=\"twitter:label1\" content=\"\u00c9crit par\" \/>\n\t<meta name=\"twitter:data1\" content=\"webmaster kapitalis\" \/>\n\t<meta name=\"twitter:label2\" content=\"Dur\u00e9e de lecture estim\u00e9e\" \/>\n\t<meta name=\"twitter:data2\" content=\"11 minutes\" \/>\n<script type=\"application\/ld+json\" class=\"yoast-schema-graph\">{\"@context\":\"https:\/\/schema.org\",\"@graph\":[{\"@type\":\"Article\",\"@id\":\"https:\/\/kapitalis.com\/tunisie\/2026\/09\/06\/messages-de-prison-de-saadia-mosbah\/#article\",\"isPartOf\":{\"@id\":\"https:\/\/kapitalis.com\/tunisie\/2026\/09\/06\/messages-de-prison-de-saadia-mosbah\/\"},\"author\":{\"name\":\"webmaster kapitalis\",\"@id\":\"https:\/\/kapitalis.com\/tunisie\/#\/schema\/person\/d71f33a9ca44f7bad4698210b480c8e9\"},\"headline\":\"Messages de prison de Sa\u00e2dia Mosbah\",\"datePublished\":\"2026-09-06T09:50:32+00:00\",\"dateModified\":\"2026-09-06T09:50:34+00:00\",\"mainEntityOfPage\":{\"@id\":\"https:\/\/kapitalis.com\/tunisie\/2026\/09\/06\/messages-de-prison-de-saadia-mosbah\/\"},\"wordCount\":2247,\"commentCount\":0,\"publisher\":{\"@id\":\"https:\/\/kapitalis.com\/tunisie\/#organization\"},\"image\":{\"@id\":\"https:\/\/kapitalis.com\/tunisie\/2026\/09\/06\/messages-de-prison-de-saadia-mosbah\/#primaryimage\"},\"thumbnailUrl\":\"https:\/\/kapitalis.com\/tunisie\/wp-content\/uploads\/2025\/12\/Saadia-Mosbah.jpg\",\"keywords\":[\"Affet Bent Mabrouk Mosbah\",\"discriminations raciales\",\"Mnemty\",\"Protect Humanitarians\",\"Sa\u00e2dia Mosbah\",\"Tunisie\"],\"articleSection\":[\"A LA UNE\",\"POLITIQUE\",\"TRIBUNE\",\"Tunisie\"],\"inLanguage\":\"fr-FR\",\"potentialAction\":[{\"@type\":\"CommentAction\",\"name\":\"Comment\",\"target\":[\"https:\/\/kapitalis.com\/tunisie\/2026\/09\/06\/messages-de-prison-de-saadia-mosbah\/#respond\"]}]},{\"@type\":\"WebPage\",\"@id\":\"https:\/\/kapitalis.com\/tunisie\/2026\/09\/06\/messages-de-prison-de-saadia-mosbah\/\",\"url\":\"https:\/\/kapitalis.com\/tunisie\/2026\/09\/06\/messages-de-prison-de-saadia-mosbah\/\",\"name\":\"Messages de prison de Sa\u00e2dia Mosbah - Kapitalis\",\"isPartOf\":{\"@id\":\"https:\/\/kapitalis.com\/tunisie\/#website\"},\"primaryImageOfPage\":{\"@id\":\"https:\/\/kapitalis.com\/tunisie\/2026\/09\/06\/messages-de-prison-de-saadia-mosbah\/#primaryimage\"},\"image\":{\"@id\":\"https:\/\/kapitalis.com\/tunisie\/2026\/09\/06\/messages-de-prison-de-saadia-mosbah\/#primaryimage\"},\"thumbnailUrl\":\"https:\/\/kapitalis.com\/tunisie\/wp-content\/uploads\/2025\/12\/Saadia-Mosbah.jpg\",\"datePublished\":\"2026-09-06T09:50:32+00:00\",\"dateModified\":\"2026-09-06T09:50:34+00:00\",\"description\":\"Dialogue fait \u00e0 partir d\u2019extraits de lettres de Sa\u00e2dia Mosbah, militante antiraciste en prison, suivis des r\u00e9ponses de se s\u0153ur Affet.\",\"breadcrumb\":{\"@id\":\"https:\/\/kapitalis.com\/tunisie\/2026\/09\/06\/messages-de-prison-de-saadia-mosbah\/#breadcrumb\"},\"inLanguage\":\"fr-FR\",\"potentialAction\":[{\"@type\":\"ReadAction\",\"target\":[\"https:\/\/kapitalis.com\/tunisie\/2026\/09\/06\/messages-de-prison-de-saadia-mosbah\/\"]}]},{\"@type\":\"ImageObject\",\"inLanguage\":\"fr-FR\",\"@id\":\"https:\/\/kapitalis.com\/tunisie\/2026\/09\/06\/messages-de-prison-de-saadia-mosbah\/#primaryimage\",\"url\":\"https:\/\/kapitalis.com\/tunisie\/wp-content\/uploads\/2025\/12\/Saadia-Mosbah.jpg\",\"contentUrl\":\"https:\/\/kapitalis.com\/tunisie\/wp-content\/uploads\/2025\/12\/Saadia-Mosbah.jpg\",\"width\":1200,\"height\":630},{\"@type\":\"BreadcrumbList\",\"@id\":\"https:\/\/kapitalis.com\/tunisie\/2026\/09\/06\/messages-de-prison-de-saadia-mosbah\/#breadcrumb\",\"itemListElement\":[{\"@type\":\"ListItem\",\"position\":1,\"name\":\"Accueil\",\"item\":\"https:\/\/kapitalis.com\/tunisie\/\"},{\"@type\":\"ListItem\",\"position\":2,\"name\":\"Messages de prison de Sa\u00e2dia Mosbah\"}]},{\"@type\":\"WebSite\",\"@id\":\"https:\/\/kapitalis.com\/tunisie\/#website\",\"url\":\"https:\/\/kapitalis.com\/tunisie\/\",\"name\":\"Kapitalis\",\"description\":\"L&#039;actualit\u00e9 en Tunisie et dans le monde\",\"publisher\":{\"@id\":\"https:\/\/kapitalis.com\/tunisie\/#organization\"},\"potentialAction\":[{\"@type\":\"SearchAction\",\"target\":{\"@type\":\"EntryPoint\",\"urlTemplate\":\"https:\/\/kapitalis.com\/tunisie\/?s={search_term_string}\"},\"query-input\":{\"@type\":\"PropertyValueSpecification\",\"valueRequired\":true,\"valueName\":\"search_term_string\"}}],\"inLanguage\":\"fr-FR\"},{\"@type\":\"Organization\",\"@id\":\"https:\/\/kapitalis.com\/tunisie\/#organization\",\"name\":\"Kapitalis\",\"url\":\"https:\/\/kapitalis.com\/tunisie\/\",\"logo\":{\"@type\":\"ImageObject\",\"inLanguage\":\"fr-FR\",\"@id\":\"https:\/\/kapitalis.com\/tunisie\/#\/schema\/logo\/image\/\",\"url\":\"https:\/\/kapitalis.com\/tunisie\/wp-content\/uploads\/2022\/05\/Kapitalis-big-size.png\",\"contentUrl\":\"https:\/\/kapitalis.com\/tunisie\/wp-content\/uploads\/2022\/05\/Kapitalis-big-size.png\",\"width\":5000,\"height\":1500,\"caption\":\"Kapitalis\"},\"image\":{\"@id\":\"https:\/\/kapitalis.com\/tunisie\/#\/schema\/logo\/image\/\"},\"sameAs\":[\"https:\/\/www.facebook.com\/KapitalisInfo\/\",\"https:\/\/x.com\/KapitalisInfo\",\"https:\/\/www.youtube.com\/channel\/UC-yDYrHyfFBWWZaOw3FPg9Q\"]},{\"@type\":\"Person\",\"@id\":\"https:\/\/kapitalis.com\/tunisie\/#\/schema\/person\/d71f33a9ca44f7bad4698210b480c8e9\",\"name\":\"webmaster kapitalis\",\"url\":\"https:\/\/kapitalis.com\/tunisie\/author\/webmaster-kapitalis\/\"}]}<\/script>\n<!-- \/ Yoast SEO plugin. -->","yoast_head_json":{"title":"Messages de prison de Sa\u00e2dia Mosbah - Kapitalis","description":"Dialogue fait \u00e0 partir d\u2019extraits de lettres de Sa\u00e2dia Mosbah, militante antiraciste en prison, suivis des r\u00e9ponses de se s\u0153ur Affet.","robots":{"index":"index","follow":"follow","max-snippet":"max-snippet:-1","max-image-preview":"max-image-preview:large","max-video-preview":"max-video-preview:-1"},"canonical":"https:\/\/kapitalis.com\/tunisie\/2026\/09\/06\/messages-de-prison-de-saadia-mosbah\/","og_locale":"fr_FR","og_type":"article","og_title":"Messages de prison de Sa\u00e2dia Mosbah - Kapitalis","og_description":"Dialogue fait \u00e0 partir d\u2019extraits de lettres de Sa\u00e2dia Mosbah, militante antiraciste en prison, suivis des r\u00e9ponses de se s\u0153ur Affet.","og_url":"https:\/\/kapitalis.com\/tunisie\/2026\/09\/06\/messages-de-prison-de-saadia-mosbah\/","og_site_name":"Kapitalis","article_publisher":"https:\/\/www.facebook.com\/KapitalisInfo\/","article_published_time":"2026-09-06T09:50:32+00:00","article_modified_time":"2026-09-06T09:50:34+00:00","og_image":[{"width":1200,"height":630,"url":"https:\/\/kapitalis.com\/tunisie\/wp-content\/uploads\/2025\/12\/Saadia-Mosbah.jpg","type":"image\/jpeg"}],"author":"webmaster kapitalis","twitter_card":"summary_large_image","twitter_creator":"@KapitalisInfo","twitter_site":"@KapitalisInfo","twitter_misc":{"\u00c9crit par":"webmaster kapitalis","Dur\u00e9e de lecture estim\u00e9e":"11 minutes"},"schema":{"@context":"https:\/\/schema.org","@graph":[{"@type":"Article","@id":"https:\/\/kapitalis.com\/tunisie\/2026\/09\/06\/messages-de-prison-de-saadia-mosbah\/#article","isPartOf":{"@id":"https:\/\/kapitalis.com\/tunisie\/2026\/09\/06\/messages-de-prison-de-saadia-mosbah\/"},"author":{"name":"webmaster kapitalis","@id":"https:\/\/kapitalis.com\/tunisie\/#\/schema\/person\/d71f33a9ca44f7bad4698210b480c8e9"},"headline":"Messages de prison de Sa\u00e2dia Mosbah","datePublished":"2026-09-06T09:50:32+00:00","dateModified":"2026-09-06T09:50:34+00:00","mainEntityOfPage":{"@id":"https:\/\/kapitalis.com\/tunisie\/2026\/09\/06\/messages-de-prison-de-saadia-mosbah\/"},"wordCount":2247,"commentCount":0,"publisher":{"@id":"https:\/\/kapitalis.com\/tunisie\/#organization"},"image":{"@id":"https:\/\/kapitalis.com\/tunisie\/2026\/09\/06\/messages-de-prison-de-saadia-mosbah\/#primaryimage"},"thumbnailUrl":"https:\/\/kapitalis.com\/tunisie\/wp-content\/uploads\/2025\/12\/Saadia-Mosbah.jpg","keywords":["Affet Bent Mabrouk Mosbah","discriminations raciales","Mnemty","Protect Humanitarians","Sa\u00e2dia Mosbah","Tunisie"],"articleSection":["A LA UNE","POLITIQUE","TRIBUNE","Tunisie"],"inLanguage":"fr-FR","potentialAction":[{"@type":"CommentAction","name":"Comment","target":["https:\/\/kapitalis.com\/tunisie\/2026\/09\/06\/messages-de-prison-de-saadia-mosbah\/#respond"]}]},{"@type":"WebPage","@id":"https:\/\/kapitalis.com\/tunisie\/2026\/09\/06\/messages-de-prison-de-saadia-mosbah\/","url":"https:\/\/kapitalis.com\/tunisie\/2026\/09\/06\/messages-de-prison-de-saadia-mosbah\/","name":"Messages de prison de Sa\u00e2dia Mosbah - Kapitalis","isPartOf":{"@id":"https:\/\/kapitalis.com\/tunisie\/#website"},"primaryImageOfPage":{"@id":"https:\/\/kapitalis.com\/tunisie\/2026\/09\/06\/messages-de-prison-de-saadia-mosbah\/#primaryimage"},"image":{"@id":"https:\/\/kapitalis.com\/tunisie\/2026\/09\/06\/messages-de-prison-de-saadia-mosbah\/#primaryimage"},"thumbnailUrl":"https:\/\/kapitalis.com\/tunisie\/wp-content\/uploads\/2025\/12\/Saadia-Mosbah.jpg","datePublished":"2026-09-06T09:50:32+00:00","dateModified":"2026-09-06T09:50:34+00:00","description":"Dialogue fait \u00e0 partir d\u2019extraits de lettres de Sa\u00e2dia Mosbah, militante antiraciste en prison, suivis des r\u00e9ponses de se s\u0153ur Affet.","breadcrumb":{"@id":"https:\/\/kapitalis.com\/tunisie\/2026\/09\/06\/messages-de-prison-de-saadia-mosbah\/#breadcrumb"},"inLanguage":"fr-FR","potentialAction":[{"@type":"ReadAction","target":["https:\/\/kapitalis.com\/tunisie\/2026\/09\/06\/messages-de-prison-de-saadia-mosbah\/"]}]},{"@type":"ImageObject","inLanguage":"fr-FR","@id":"https:\/\/kapitalis.com\/tunisie\/2026\/09\/06\/messages-de-prison-de-saadia-mosbah\/#primaryimage","url":"https:\/\/kapitalis.com\/tunisie\/wp-content\/uploads\/2025\/12\/Saadia-Mosbah.jpg","contentUrl":"https:\/\/kapitalis.com\/tunisie\/wp-content\/uploads\/2025\/12\/Saadia-Mosbah.jpg","width":1200,"height":630},{"@type":"BreadcrumbList","@id":"https:\/\/kapitalis.com\/tunisie\/2026\/09\/06\/messages-de-prison-de-saadia-mosbah\/#breadcrumb","itemListElement":[{"@type":"ListItem","position":1,"name":"Accueil","item":"https:\/\/kapitalis.com\/tunisie\/"},{"@type":"ListItem","position":2,"name":"Messages de prison de Sa\u00e2dia Mosbah"}]},{"@type":"WebSite","@id":"https:\/\/kapitalis.com\/tunisie\/#website","url":"https:\/\/kapitalis.com\/tunisie\/","name":"Kapitalis","description":"L&#039;actualit\u00e9 en Tunisie et dans le monde","publisher":{"@id":"https:\/\/kapitalis.com\/tunisie\/#organization"},"potentialAction":[{"@type":"SearchAction","target":{"@type":"EntryPoint","urlTemplate":"https:\/\/kapitalis.com\/tunisie\/?s={search_term_string}"},"query-input":{"@type":"PropertyValueSpecification","valueRequired":true,"valueName":"search_term_string"}}],"inLanguage":"fr-FR"},{"@type":"Organization","@id":"https:\/\/kapitalis.com\/tunisie\/#organization","name":"Kapitalis","url":"https:\/\/kapitalis.com\/tunisie\/","logo":{"@type":"ImageObject","inLanguage":"fr-FR","@id":"https:\/\/kapitalis.com\/tunisie\/#\/schema\/logo\/image\/","url":"https:\/\/kapitalis.com\/tunisie\/wp-content\/uploads\/2022\/05\/Kapitalis-big-size.png","contentUrl":"https:\/\/kapitalis.com\/tunisie\/wp-content\/uploads\/2022\/05\/Kapitalis-big-size.png","width":5000,"height":1500,"caption":"Kapitalis"},"image":{"@id":"https:\/\/kapitalis.com\/tunisie\/#\/schema\/logo\/image\/"},"sameAs":["https:\/\/www.facebook.com\/KapitalisInfo\/","https:\/\/x.com\/KapitalisInfo","https:\/\/www.youtube.com\/channel\/UC-yDYrHyfFBWWZaOw3FPg9Q"]},{"@type":"Person","@id":"https:\/\/kapitalis.com\/tunisie\/#\/schema\/person\/d71f33a9ca44f7bad4698210b480c8e9","name":"webmaster kapitalis","url":"https:\/\/kapitalis.com\/tunisie\/author\/webmaster-kapitalis\/"}]}},"_links":{"self":[{"href":"https:\/\/kapitalis.com\/tunisie\/wp-json\/wp\/v2\/posts\/19582917","targetHints":{"allow":["GET"]}}],"collection":[{"href":"https:\/\/kapitalis.com\/tunisie\/wp-json\/wp\/v2\/posts"}],"about":[{"href":"https:\/\/kapitalis.com\/tunisie\/wp-json\/wp\/v2\/types\/post"}],"author":[{"embeddable":true,"href":"https:\/\/kapitalis.com\/tunisie\/wp-json\/wp\/v2\/users\/8"}],"replies":[{"embeddable":true,"href":"https:\/\/kapitalis.com\/tunisie\/wp-json\/wp\/v2\/comments?post=19582917"}],"version-history":[{"count":1,"href":"https:\/\/kapitalis.com\/tunisie\/wp-json\/wp\/v2\/posts\/19582917\/revisions"}],"predecessor-version":[{"id":19582966,"href":"https:\/\/kapitalis.com\/tunisie\/wp-json\/wp\/v2\/posts\/19582917\/revisions\/19582966"}],"wp:featuredmedia":[{"embeddable":true,"href":"https:\/\/kapitalis.com\/tunisie\/wp-json\/wp\/v2\/media\/18131394"}],"wp:attachment":[{"href":"https:\/\/kapitalis.com\/tunisie\/wp-json\/wp\/v2\/media?parent=19582917"}],"wp:term":[{"taxonomy":"category","embeddable":true,"href":"https:\/\/kapitalis.com\/tunisie\/wp-json\/wp\/v2\/categories?post=19582917"},{"taxonomy":"post_tag","embeddable":true,"href":"https:\/\/kapitalis.com\/tunisie\/wp-json\/wp\/v2\/tags?post=19582917"}],"curies":[{"name":"wp","href":"https:\/\/api.w.org\/{rel}","templated":true}]}}