{"id":19583347,"date":"2026-09-06T11:41:57","date_gmt":"2026-09-06T10:41:57","guid":{"rendered":"https:\/\/kapitalis.com\/tunisie\/?p=19583347"},"modified":"2026-09-06T11:41:58","modified_gmt":"2026-09-06T10:41:58","slug":"tunisie-les-partis-politiques-indesirables-au-cadre-de-coordination","status":"publish","type":"post","link":"https:\/\/kapitalis.com\/tunisie\/2026\/09\/06\/tunisie-les-partis-politiques-indesirables-au-cadre-de-coordination\/","title":{"rendered":"Tunisie | Les partis politiques ind\u00e9sirables au \u00abcadre de coordination\u00bb"},"content":{"rendered":"\n<p class=\"wp-block-paragraph\"><strong><em>Othman Jallouli, secr\u00e9taire g\u00e9n\u00e9ral adjoint de l&rsquo;Union g\u00e9n\u00e9rale tunisienne du travail (UGTT) charg\u00e9 du d\u00e9partement de l\u2019information et des publications, a d\u00e9clar\u00e9 vendredi 4 septembre \u00e0 <a href=\"https:\/\/diwanfm.net\/news\/%D9%88%D8%B7%D9%86%D9%8A%D8%A9\/%D8%B9%D8%AB%D9%85%D8%A7%D9%86-%D8%A7%D9%84%D8%AC%D9%84%D9%88%D9%84%D9%8A%3A-%D8%A7%D9%84%D8%A3%D8%AD%D8%B2%D8%A7%D8%A8-%D8%A7%D9%84%D8%B3%D9%8A%D8%A7%D8%B3%D9%8A%D8%A9-%D8%BA%D9%8A%D8%B1-%D9%85%D8%B7%D8%B1%D9%88%D8%AD%D8%A9-%D8%B6%D9%85%D9%86-%D8%A7%D9%84%D8%A5%D8%B7%D8%A7%D8%B1-%D8%A7%D9%84%D8%AA%D9%86%D8%B3%D9%8A%D9%82%D9%8A\" target=\"_blank\" rel=\"noreferrer noopener\">Diwan FM<\/a> que le <a href=\"https:\/\/kapitalis.com\/tunisie\/2026\/09\/03\/un-nouveau-cadre-de-dialogue-national-pour-sortir-la-tunisie-de-la-crise\/\" target=\"_blank\" rel=\"noreferrer noopener\">cadre de coordination<\/a> \u2014 dont le lancement a \u00e9t\u00e9 annonc\u00e9 avec la participation de l\u2019Ordre national des avocats et de la Ligue tunisienne des droits de l\u2019homme \u2014 vise \u00e0 rassembler le plus grand nombre possible d\u2019organisations et d\u2019acteurs de la soci\u00e9t\u00e9 civile, ainsi que diverses forces vives du pays, afin que \u00able peuple tunisien puisse faire entendre sa voix\u00bb, selon ses termes.<\/em><\/strong><\/p>\n\n\n\n<!--more-->\n\n\n\n<p class=\"wp-block-paragraph\">M. Jallouli a expliqu\u00e9 que la mise en place de cette structure de coordination intervient dans un contexte marqu\u00e9 par ce qu\u2019il consid\u00e8re comme <em>\u00abl\u2019incapacit\u00e9 du pouvoir politique \u00e0 r\u00e9soudre les probl\u00e8mes accumul\u00e9s\u00bb<\/em>, ajoutant que ces probl\u00e8mes se sont aggrav\u00e9s et que les Tunisiens font face d\u00e9sormais \u00e0 des difficult\u00e9s qui perdurent depuis des d\u00e9cennies.<\/p>\n\n\n\n<p class=\"wp-block-paragraph\"><em>\u00abIl y a un champ politique bloqu\u00e9, incapable jusqu\u2019\u00e0 pr\u00e9sent de rassembler les Tunisiens autour d\u2019une position commune face \u00e0 la situation actuelle\u00bb<\/em>, a estim\u00e9 Othman Jallouli. C\u2019est ce qui a incit\u00e9 les trois organisations \u00e0 se mobiliser <em>\u00abpour rendre la parole aux Tunisiens\u00bb<\/em>, lesquels, a-t-il affirm\u00e9, <em>\u00absont rest\u00e9s silencieux tout en subissant les cons\u00e9quences de politiques d\u00e9faillantes, tant anciennes que nouvelles\u00bb<\/em>.<\/p>\n\n\n\n<p class=\"wp-block-paragraph\"><em>\u00abLorsque les partis politiques et la politique elle-m\u00eame sont absents, les Tunisiens ne peuvent rester de simples spectateurs d\u2019une situation insoutenable\u00bb<\/em>, a encore soulign\u00e9 Othman Jallouli, pr\u00e9cisant qu\u2019ils <em>\u00abont le droit d\u2019exprimer leurs opinions et de d\u00e9fendre leur point de vue par tous les moyens pacifiques et civiques\u00bb<\/em>.<br>Les partis politiques ne sont pas les bienvenus au sein du cadre de coordination, a encore pr\u00e9cis\u00e9 le responsable syndical, ajoutant que les discussions en cours portent sur <em>\u00abl\u2019adh\u00e9sion de nombreux acteurs de la soci\u00e9t\u00e9 civile, qui ont un avis sur diverses questions, qu\u2019elles soient sectorielles ou d\u2019int\u00e9r\u00eat g\u00e9n\u00e9ral\u00bb<\/em>.<\/p>\n\n\n\n<p class=\"wp-block-paragraph\">M. Jallouli a soulign\u00e9 que <em>\u00able cadre de coordination n\u2019a aucun lien avec l\u2019exp\u00e9rience du Dialogue national\u00bb<\/em> de 2015, expliquant que ce dernier <em>\u00abrev\u00eatait un caract\u00e8re sp\u00e9cifique et relevait d\u2019une exp\u00e9rience pass\u00e9e non transposable dans la phase actuelle\u00bb<\/em>. Le dirigeant syndicaliste a fait remarquer, \u00e0 ce propos, qu\u2019auparavant, <em>\u00abil y avait des responsables politiques au pouvoir et une opposition active, alors qu\u2019actuellement, le pouvoir prend des d\u00e9cisions de mani\u00e8re unilat\u00e9rale\u00bb<\/em>.<\/p>\n\n\n\n<p class=\"wp-block-paragraph\">Le cadre de coordination en cours de constitution examine actuellement une s\u00e9rie d\u2019actions qui restent \u00e0 d\u00e9finir et qui ont vocation \u00e0 rassembler les forces vives du pays autour d\u2019un projet de redressement national.<\/p>\n\n\n\n<p class=\"wp-block-paragraph\">Il convient de noter que ce cadre de coordination, dont le lancement a \u00e9t\u00e9 annonc\u00e9 jeudi 3 septembre, vise \u00e0 d\u00e9fendre les droits et les libert\u00e9s, \u00e0 promouvoir l\u2019\u00c9tat de droit et les institutions, ainsi qu\u2019\u00e0 pr\u00e9server l\u2019ind\u00e9pendance de la soci\u00e9t\u00e9 civile.<\/p>\n\n\n\n<p class=\"has-text-align-right wp-block-paragraph\"><strong>I. B.<\/strong><\/p>\n\n\n\n<figure class=\"wp-block-embed alignleft is-type-wp-embed is-provider-kapitalis wp-block-embed-kapitalis\"><div class=\"wp-block-embed__wrapper\">\n<blockquote class=\"wp-embedded-content\" data-secret=\"NewDPlMuWk\"><a href=\"https:\/\/kapitalis.com\/tunisie\/2026\/09\/03\/un-nouveau-cadre-de-dialogue-national-pour-sortir-la-tunisie-de-la-crise\/\">Un nouveau cadre de dialogue national pour sortir la Tunisie de la crise \u00a0\u00a0<\/a><\/blockquote><iframe loading=\"lazy\" class=\"wp-embedded-content\" sandbox=\"allow-scripts\" security=\"restricted\" style=\"position: absolute; visibility: hidden;\" title=\"\u00ab\u00a0Un nouveau cadre de dialogue national pour sortir la Tunisie de la crise \u00a0\u00a0\u00a0\u00bb \u2014 Kapitalis\" src=\"https:\/\/kapitalis.com\/tunisie\/2026\/09\/03\/un-nouveau-cadre-de-dialogue-national-pour-sortir-la-tunisie-de-la-crise\/embed\/#?secret=jCkqLpEK5a#?secret=NewDPlMuWk\" data-secret=\"NewDPlMuWk\" width=\"600\" height=\"338\" frameborder=\"0\" marginwidth=\"0\" marginheight=\"0\" scrolling=\"no\"><\/iframe>\n<\/div><\/figure>\n\n\n\n<p class=\"has-text-align-right wp-block-paragraph\"> <\/p>\n\n\n\n<p class=\"wp-block-paragraph\"><\/p>\n\n\n\n<p class=\"wp-block-paragraph\"><\/p>\n\n\n\n<p class=\"wp-block-paragraph\"><\/p>\n\n\n\n<p class=\"wp-block-paragraph\"><\/p>\n","protected":false},"excerpt":{"rendered":"<p>Le \u00abcadre de coordination\u00bb lanc\u00e9 cette semaine vise \u00e0 rassembler le plus grand nombre d\u2019organisations de la soci\u00e9t\u00e9 civile pour faire entendre la voix des Tunisiens. <\/p>\n","protected":false},"author":8,"featured_media":19583413,"comment_status":"open","ping_status":"open","sticky":false,"template":"","format":"standard","meta":{"footnotes":""},"categories":[997,2433],"tags":[130001,2447,3137,4696,90420,936],"class_list":["post-19583347","post","type-post","status-publish","format-standard","has-post-thumbnail","hentry","category-politique","category-tunisie","tag-cadre-de-coordination","tag-dialogue-national","tag-ltdh","tag-ordre-des-avocats","tag-othman-jallouli","tag-ugtt"],"yoast_head":"<!-- This site is optimized with the Yoast SEO plugin v26.6 - https:\/\/yoast.com\/wordpress\/plugins\/seo\/ -->\n<title>Tunisie | Les partis politiques ind\u00e9sirables au \u00abcadre de coordination\u00bb - Kapitalis<\/title>\n<meta name=\"description\" content=\"Le \u00abcadre de coordination\u00bb vise \u00e0 rassembler le plus grand nombre d\u2019acteurs de la soci\u00e9t\u00e9 civile pour faire entendre la voix des Tunisiens.\" \/>\n<meta name=\"robots\" content=\"index, follow, max-snippet:-1, max-image-preview:large, max-video-preview:-1\" \/>\n<link rel=\"canonical\" href=\"https:\/\/kapitalis.com\/tunisie\/2026\/09\/06\/tunisie-les-partis-politiques-indesirables-au-cadre-de-coordination\/\" \/>\n<meta property=\"og:locale\" content=\"fr_FR\" \/>\n<meta property=\"og:type\" content=\"article\" \/>\n<meta property=\"og:title\" content=\"Tunisie | Les partis politiques ind\u00e9sirables au \u00abcadre de coordination\u00bb - Kapitalis\" \/>\n<meta property=\"og:description\" content=\"Le \u00abcadre de coordination\u00bb vise \u00e0 rassembler le plus grand nombre d\u2019acteurs de la soci\u00e9t\u00e9 civile pour faire entendre la voix des Tunisiens.\" \/>\n<meta property=\"og:url\" content=\"https:\/\/kapitalis.com\/tunisie\/2026\/09\/06\/tunisie-les-partis-politiques-indesirables-au-cadre-de-coordination\/\" \/>\n<meta property=\"og:site_name\" content=\"Kapitalis\" \/>\n<meta property=\"article:publisher\" content=\"https:\/\/www.facebook.com\/KapitalisInfo\/\" \/>\n<meta property=\"article:published_time\" content=\"2026-09-06T10:41:57+00:00\" \/>\n<meta property=\"article:modified_time\" content=\"2026-09-06T10:41:58+00:00\" \/>\n<meta property=\"og:image\" content=\"https:\/\/kapitalis.com\/tunisie\/wp-content\/uploads\/2026\/09\/UGTT-Othman-Jallouli.jpg\" \/>\n\t<meta property=\"og:image:width\" content=\"1200\" \/>\n\t<meta property=\"og:image:height\" content=\"630\" \/>\n\t<meta property=\"og:image:type\" content=\"image\/jpeg\" \/>\n<meta name=\"author\" content=\"webmaster kapitalis\" \/>\n<meta name=\"twitter:card\" content=\"summary_large_image\" \/>\n<meta name=\"twitter:creator\" content=\"@KapitalisInfo\" \/>\n<meta name=\"twitter:site\" content=\"@KapitalisInfo\" \/>\n<meta name=\"twitter:label1\" content=\"\u00c9crit par\" \/>\n\t<meta name=\"twitter:data1\" content=\"webmaster kapitalis\" \/>\n\t<meta name=\"twitter:label2\" content=\"Dur\u00e9e de lecture estim\u00e9e\" \/>\n\t<meta name=\"twitter:data2\" content=\"3 minutes\" \/>\n<script type=\"application\/ld+json\" class=\"yoast-schema-graph\">{\"@context\":\"https:\/\/schema.org\",\"@graph\":[{\"@type\":\"Article\",\"@id\":\"https:\/\/kapitalis.com\/tunisie\/2026\/09\/06\/tunisie-les-partis-politiques-indesirables-au-cadre-de-coordination\/#article\",\"isPartOf\":{\"@id\":\"https:\/\/kapitalis.com\/tunisie\/2026\/09\/06\/tunisie-les-partis-politiques-indesirables-au-cadre-de-coordination\/\"},\"author\":{\"name\":\"webmaster kapitalis\",\"@id\":\"https:\/\/kapitalis.com\/tunisie\/#\/schema\/person\/d71f33a9ca44f7bad4698210b480c8e9\"},\"headline\":\"Tunisie | Les partis politiques ind\u00e9sirables au \u00abcadre de coordination\u00bb\",\"datePublished\":\"2026-09-06T10:41:57+00:00\",\"dateModified\":\"2026-09-06T10:41:58+00:00\",\"mainEntityOfPage\":{\"@id\":\"https:\/\/kapitalis.com\/tunisie\/2026\/09\/06\/tunisie-les-partis-politiques-indesirables-au-cadre-de-coordination\/\"},\"wordCount\":525,\"commentCount\":0,\"publisher\":{\"@id\":\"https:\/\/kapitalis.com\/tunisie\/#organization\"},\"image\":{\"@id\":\"https:\/\/kapitalis.com\/tunisie\/2026\/09\/06\/tunisie-les-partis-politiques-indesirables-au-cadre-de-coordination\/#primaryimage\"},\"thumbnailUrl\":\"https:\/\/kapitalis.com\/tunisie\/wp-content\/uploads\/2026\/09\/UGTT-Othman-Jallouli.jpg\",\"keywords\":[\"cadre de coordination\",\"dialogue national\",\"LTDH\",\"Ordre des avocats\",\"Othman Jallouli\",\"UGTT\"],\"articleSection\":[\"POLITIQUE\",\"Tunisie\"],\"inLanguage\":\"fr-FR\",\"potentialAction\":[{\"@type\":\"CommentAction\",\"name\":\"Comment\",\"target\":[\"https:\/\/kapitalis.com\/tunisie\/2026\/09\/06\/tunisie-les-partis-politiques-indesirables-au-cadre-de-coordination\/#respond\"]}]},{\"@type\":\"WebPage\",\"@id\":\"https:\/\/kapitalis.com\/tunisie\/2026\/09\/06\/tunisie-les-partis-politiques-indesirables-au-cadre-de-coordination\/\",\"url\":\"https:\/\/kapitalis.com\/tunisie\/2026\/09\/06\/tunisie-les-partis-politiques-indesirables-au-cadre-de-coordination\/\",\"name\":\"Tunisie | Les partis politiques ind\u00e9sirables au \u00abcadre de coordination\u00bb - Kapitalis\",\"isPartOf\":{\"@id\":\"https:\/\/kapitalis.com\/tunisie\/#website\"},\"primaryImageOfPage\":{\"@id\":\"https:\/\/kapitalis.com\/tunisie\/2026\/09\/06\/tunisie-les-partis-politiques-indesirables-au-cadre-de-coordination\/#primaryimage\"},\"image\":{\"@id\":\"https:\/\/kapitalis.com\/tunisie\/2026\/09\/06\/tunisie-les-partis-politiques-indesirables-au-cadre-de-coordination\/#primaryimage\"},\"thumbnailUrl\":\"https:\/\/kapitalis.com\/tunisie\/wp-content\/uploads\/2026\/09\/UGTT-Othman-Jallouli.jpg\",\"datePublished\":\"2026-09-06T10:41:57+00:00\",\"dateModified\":\"2026-09-06T10:41:58+00:00\",\"description\":\"Le \u00abcadre de coordination\u00bb vise \u00e0 rassembler le plus grand nombre d\u2019acteurs de la soci\u00e9t\u00e9 civile pour faire entendre la voix des Tunisiens.\",\"breadcrumb\":{\"@id\":\"https:\/\/kapitalis.com\/tunisie\/2026\/09\/06\/tunisie-les-partis-politiques-indesirables-au-cadre-de-coordination\/#breadcrumb\"},\"inLanguage\":\"fr-FR\",\"potentialAction\":[{\"@type\":\"ReadAction\",\"target\":[\"https:\/\/kapitalis.com\/tunisie\/2026\/09\/06\/tunisie-les-partis-politiques-indesirables-au-cadre-de-coordination\/\"]}]},{\"@type\":\"ImageObject\",\"inLanguage\":\"fr-FR\",\"@id\":\"https:\/\/kapitalis.com\/tunisie\/2026\/09\/06\/tunisie-les-partis-politiques-indesirables-au-cadre-de-coordination\/#primaryimage\",\"url\":\"https:\/\/kapitalis.com\/tunisie\/wp-content\/uploads\/2026\/09\/UGTT-Othman-Jallouli.jpg\",\"contentUrl\":\"https:\/\/kapitalis.com\/tunisie\/wp-content\/uploads\/2026\/09\/UGTT-Othman-Jallouli.jpg\",\"width\":1200,\"height\":630},{\"@type\":\"BreadcrumbList\",\"@id\":\"https:\/\/kapitalis.com\/tunisie\/2026\/09\/06\/tunisie-les-partis-politiques-indesirables-au-cadre-de-coordination\/#breadcrumb\",\"itemListElement\":[{\"@type\":\"ListItem\",\"position\":1,\"name\":\"Accueil\",\"item\":\"https:\/\/kapitalis.com\/tunisie\/\"},{\"@type\":\"ListItem\",\"position\":2,\"name\":\"Tunisie | Les partis politiques ind\u00e9sirables au \u00abcadre de coordination\u00bb\"}]},{\"@type\":\"WebSite\",\"@id\":\"https:\/\/kapitalis.com\/tunisie\/#website\",\"url\":\"https:\/\/kapitalis.com\/tunisie\/\",\"name\":\"Kapitalis\",\"description\":\"L&#039;actualit\u00e9 en Tunisie et dans le monde\",\"publisher\":{\"@id\":\"https:\/\/kapitalis.com\/tunisie\/#organization\"},\"potentialAction\":[{\"@type\":\"SearchAction\",\"target\":{\"@type\":\"EntryPoint\",\"urlTemplate\":\"https:\/\/kapitalis.com\/tunisie\/?s={search_term_string}\"},\"query-input\":{\"@type\":\"PropertyValueSpecification\",\"valueRequired\":true,\"valueName\":\"search_term_string\"}}],\"inLanguage\":\"fr-FR\"},{\"@type\":\"Organization\",\"@id\":\"https:\/\/kapitalis.com\/tunisie\/#organization\",\"name\":\"Kapitalis\",\"url\":\"https:\/\/kapitalis.com\/tunisie\/\",\"logo\":{\"@type\":\"ImageObject\",\"inLanguage\":\"fr-FR\",\"@id\":\"https:\/\/kapitalis.com\/tunisie\/#\/schema\/logo\/image\/\",\"url\":\"https:\/\/kapitalis.com\/tunisie\/wp-content\/uploads\/2022\/05\/Kapitalis-big-size.png\",\"contentUrl\":\"https:\/\/kapitalis.com\/tunisie\/wp-content\/uploads\/2022\/05\/Kapitalis-big-size.png\",\"width\":5000,\"height\":1500,\"caption\":\"Kapitalis\"},\"image\":{\"@id\":\"https:\/\/kapitalis.com\/tunisie\/#\/schema\/logo\/image\/\"},\"sameAs\":[\"https:\/\/www.facebook.com\/KapitalisInfo\/\",\"https:\/\/x.com\/KapitalisInfo\",\"https:\/\/www.youtube.com\/channel\/UC-yDYrHyfFBWWZaOw3FPg9Q\"]},{\"@type\":\"Person\",\"@id\":\"https:\/\/kapitalis.com\/tunisie\/#\/schema\/person\/d71f33a9ca44f7bad4698210b480c8e9\",\"name\":\"webmaster kapitalis\",\"url\":\"https:\/\/kapitalis.com\/tunisie\/author\/webmaster-kapitalis\/\"}]}<\/script>\n<!-- \/ Yoast SEO plugin. -->","yoast_head_json":{"title":"Tunisie | Les partis politiques ind\u00e9sirables au \u00abcadre de coordination\u00bb - Kapitalis","description":"Le \u00abcadre de coordination\u00bb vise \u00e0 rassembler le plus grand nombre d\u2019acteurs de la soci\u00e9t\u00e9 civile pour faire entendre la voix des Tunisiens.","robots":{"index":"index","follow":"follow","max-snippet":"max-snippet:-1","max-image-preview":"max-image-preview:large","max-video-preview":"max-video-preview:-1"},"canonical":"https:\/\/kapitalis.com\/tunisie\/2026\/09\/06\/tunisie-les-partis-politiques-indesirables-au-cadre-de-coordination\/","og_locale":"fr_FR","og_type":"article","og_title":"Tunisie | Les partis politiques ind\u00e9sirables au \u00abcadre de coordination\u00bb - Kapitalis","og_description":"Le \u00abcadre de coordination\u00bb vise \u00e0 rassembler le plus grand nombre d\u2019acteurs de la soci\u00e9t\u00e9 civile pour faire entendre la voix des Tunisiens.","og_url":"https:\/\/kapitalis.com\/tunisie\/2026\/09\/06\/tunisie-les-partis-politiques-indesirables-au-cadre-de-coordination\/","og_site_name":"Kapitalis","article_publisher":"https:\/\/www.facebook.com\/KapitalisInfo\/","article_published_time":"2026-09-06T10:41:57+00:00","article_modified_time":"2026-09-06T10:41:58+00:00","og_image":[{"width":1200,"height":630,"url":"https:\/\/kapitalis.com\/tunisie\/wp-content\/uploads\/2026\/09\/UGTT-Othman-Jallouli.jpg","type":"image\/jpeg"}],"author":"webmaster kapitalis","twitter_card":"summary_large_image","twitter_creator":"@KapitalisInfo","twitter_site":"@KapitalisInfo","twitter_misc":{"\u00c9crit par":"webmaster kapitalis","Dur\u00e9e de lecture estim\u00e9e":"3 minutes"},"schema":{"@context":"https:\/\/schema.org","@graph":[{"@type":"Article","@id":"https:\/\/kapitalis.com\/tunisie\/2026\/09\/06\/tunisie-les-partis-politiques-indesirables-au-cadre-de-coordination\/#article","isPartOf":{"@id":"https:\/\/kapitalis.com\/tunisie\/2026\/09\/06\/tunisie-les-partis-politiques-indesirables-au-cadre-de-coordination\/"},"author":{"name":"webmaster kapitalis","@id":"https:\/\/kapitalis.com\/tunisie\/#\/schema\/person\/d71f33a9ca44f7bad4698210b480c8e9"},"headline":"Tunisie | Les partis politiques ind\u00e9sirables au \u00abcadre de coordination\u00bb","datePublished":"2026-09-06T10:41:57+00:00","dateModified":"2026-09-06T10:41:58+00:00","mainEntityOfPage":{"@id":"https:\/\/kapitalis.com\/tunisie\/2026\/09\/06\/tunisie-les-partis-politiques-indesirables-au-cadre-de-coordination\/"},"wordCount":525,"commentCount":0,"publisher":{"@id":"https:\/\/kapitalis.com\/tunisie\/#organization"},"image":{"@id":"https:\/\/kapitalis.com\/tunisie\/2026\/09\/06\/tunisie-les-partis-politiques-indesirables-au-cadre-de-coordination\/#primaryimage"},"thumbnailUrl":"https:\/\/kapitalis.com\/tunisie\/wp-content\/uploads\/2026\/09\/UGTT-Othman-Jallouli.jpg","keywords":["cadre de coordination","dialogue national","LTDH","Ordre des avocats","Othman Jallouli","UGTT"],"articleSection":["POLITIQUE","Tunisie"],"inLanguage":"fr-FR","potentialAction":[{"@type":"CommentAction","name":"Comment","target":["https:\/\/kapitalis.com\/tunisie\/2026\/09\/06\/tunisie-les-partis-politiques-indesirables-au-cadre-de-coordination\/#respond"]}]},{"@type":"WebPage","@id":"https:\/\/kapitalis.com\/tunisie\/2026\/09\/06\/tunisie-les-partis-politiques-indesirables-au-cadre-de-coordination\/","url":"https:\/\/kapitalis.com\/tunisie\/2026\/09\/06\/tunisie-les-partis-politiques-indesirables-au-cadre-de-coordination\/","name":"Tunisie | Les partis politiques ind\u00e9sirables au \u00abcadre de coordination\u00bb - Kapitalis","isPartOf":{"@id":"https:\/\/kapitalis.com\/tunisie\/#website"},"primaryImageOfPage":{"@id":"https:\/\/kapitalis.com\/tunisie\/2026\/09\/06\/tunisie-les-partis-politiques-indesirables-au-cadre-de-coordination\/#primaryimage"},"image":{"@id":"https:\/\/kapitalis.com\/tunisie\/2026\/09\/06\/tunisie-les-partis-politiques-indesirables-au-cadre-de-coordination\/#primaryimage"},"thumbnailUrl":"https:\/\/kapitalis.com\/tunisie\/wp-content\/uploads\/2026\/09\/UGTT-Othman-Jallouli.jpg","datePublished":"2026-09-06T10:41:57+00:00","dateModified":"2026-09-06T10:41:58+00:00","description":"Le \u00abcadre de coordination\u00bb vise \u00e0 rassembler le plus grand nombre d\u2019acteurs de la soci\u00e9t\u00e9 civile pour faire entendre la voix des Tunisiens.","breadcrumb":{"@id":"https:\/\/kapitalis.com\/tunisie\/2026\/09\/06\/tunisie-les-partis-politiques-indesirables-au-cadre-de-coordination\/#breadcrumb"},"inLanguage":"fr-FR","potentialAction":[{"@type":"ReadAction","target":["https:\/\/kapitalis.com\/tunisie\/2026\/09\/06\/tunisie-les-partis-politiques-indesirables-au-cadre-de-coordination\/"]}]},{"@type":"ImageObject","inLanguage":"fr-FR","@id":"https:\/\/kapitalis.com\/tunisie\/2026\/09\/06\/tunisie-les-partis-politiques-indesirables-au-cadre-de-coordination\/#primaryimage","url":"https:\/\/kapitalis.com\/tunisie\/wp-content\/uploads\/2026\/09\/UGTT-Othman-Jallouli.jpg","contentUrl":"https:\/\/kapitalis.com\/tunisie\/wp-content\/uploads\/2026\/09\/UGTT-Othman-Jallouli.jpg","width":1200,"height":630},{"@type":"BreadcrumbList","@id":"https:\/\/kapitalis.com\/tunisie\/2026\/09\/06\/tunisie-les-partis-politiques-indesirables-au-cadre-de-coordination\/#breadcrumb","itemListElement":[{"@type":"ListItem","position":1,"name":"Accueil","item":"https:\/\/kapitalis.com\/tunisie\/"},{"@type":"ListItem","position":2,"name":"Tunisie | Les partis politiques ind\u00e9sirables au \u00abcadre de coordination\u00bb"}]},{"@type":"WebSite","@id":"https:\/\/kapitalis.com\/tunisie\/#website","url":"https:\/\/kapitalis.com\/tunisie\/","name":"Kapitalis","description":"L&#039;actualit\u00e9 en Tunisie et dans le monde","publisher":{"@id":"https:\/\/kapitalis.com\/tunisie\/#organization"},"potentialAction":[{"@type":"SearchAction","target":{"@type":"EntryPoint","urlTemplate":"https:\/\/kapitalis.com\/tunisie\/?s={search_term_string}"},"query-input":{"@type":"PropertyValueSpecification","valueRequired":true,"valueName":"search_term_string"}}],"inLanguage":"fr-FR"},{"@type":"Organization","@id":"https:\/\/kapitalis.com\/tunisie\/#organization","name":"Kapitalis","url":"https:\/\/kapitalis.com\/tunisie\/","logo":{"@type":"ImageObject","inLanguage":"fr-FR","@id":"https:\/\/kapitalis.com\/tunisie\/#\/schema\/logo\/image\/","url":"https:\/\/kapitalis.com\/tunisie\/wp-content\/uploads\/2022\/05\/Kapitalis-big-size.png","contentUrl":"https:\/\/kapitalis.com\/tunisie\/wp-content\/uploads\/2022\/05\/Kapitalis-big-size.png","width":5000,"height":1500,"caption":"Kapitalis"},"image":{"@id":"https:\/\/kapitalis.com\/tunisie\/#\/schema\/logo\/image\/"},"sameAs":["https:\/\/www.facebook.com\/KapitalisInfo\/","https:\/\/x.com\/KapitalisInfo","https:\/\/www.youtube.com\/channel\/UC-yDYrHyfFBWWZaOw3FPg9Q"]},{"@type":"Person","@id":"https:\/\/kapitalis.com\/tunisie\/#\/schema\/person\/d71f33a9ca44f7bad4698210b480c8e9","name":"webmaster kapitalis","url":"https:\/\/kapitalis.com\/tunisie\/author\/webmaster-kapitalis\/"}]}},"_links":{"self":[{"href":"https:\/\/kapitalis.com\/tunisie\/wp-json\/wp\/v2\/posts\/19583347","targetHints":{"allow":["GET"]}}],"collection":[{"href":"https:\/\/kapitalis.com\/tunisie\/wp-json\/wp\/v2\/posts"}],"about":[{"href":"https:\/\/kapitalis.com\/tunisie\/wp-json\/wp\/v2\/types\/post"}],"author":[{"embeddable":true,"href":"https:\/\/kapitalis.com\/tunisie\/wp-json\/wp\/v2\/users\/8"}],"replies":[{"embeddable":true,"href":"https:\/\/kapitalis.com\/tunisie\/wp-json\/wp\/v2\/comments?post=19583347"}],"version-history":[{"count":2,"href":"https:\/\/kapitalis.com\/tunisie\/wp-json\/wp\/v2\/posts\/19583347\/revisions"}],"predecessor-version":[{"id":19583438,"href":"https:\/\/kapitalis.com\/tunisie\/wp-json\/wp\/v2\/posts\/19583347\/revisions\/19583438"}],"wp:featuredmedia":[{"embeddable":true,"href":"https:\/\/kapitalis.com\/tunisie\/wp-json\/wp\/v2\/media\/19583413"}],"wp:attachment":[{"href":"https:\/\/kapitalis.com\/tunisie\/wp-json\/wp\/v2\/media?parent=19583347"}],"wp:term":[{"taxonomy":"category","embeddable":true,"href":"https:\/\/kapitalis.com\/tunisie\/wp-json\/wp\/v2\/categories?post=19583347"},{"taxonomy":"post_tag","embeddable":true,"href":"https:\/\/kapitalis.com\/tunisie\/wp-json\/wp\/v2\/tags?post=19583347"}],"curies":[{"name":"wp","href":"https:\/\/api.w.org\/{rel}","templated":true}]}}