{"id":195835,"date":"2019-01-31T08:57:03","date_gmt":"2019-01-31T07:57:03","guid":{"rendered":"http:\/\/kapitalis.com\/tunisie\/?p=195835"},"modified":"2019-01-31T08:57:03","modified_gmt":"2019-01-31T07:57:03","slug":"les-mouvements-sociaux-en-tunisie-ont-baisse-de-1048-en-2018","status":"publish","type":"post","link":"https:\/\/kapitalis.com\/tunisie\/2019\/01\/31\/les-mouvements-sociaux-en-tunisie-ont-baisse-de-1048-en-2018\/","title":{"rendered":"Les mouvements sociaux en Tunisie ont baiss\u00e9 de 10,48% en 2018"},"content":{"rendered":"<p style=\"text-align: center;\"><img loading=\"lazy\" decoding=\"async\" class=\"alignnone size-full wp-image-133052\" src=\"http:\/\/kapitalis.com\/tunisie\/wp-content\/uploads\/2018\/01\/Manifestations-2018.jpg\" alt=\"\" width=\"626\" height=\"380\" \/><\/p>\n<p><em><strong>Selon le Forum tunisien pour les droits \u00e9conomiques et sociaux (FTDES), la Tunisie a enregistr\u00e9, en 2018, 9.356 mouvements sociaux, soit une baisse de 1.096 de ces actions par rapport \u00e0 2017 o\u00f9 ce nombre \u00e9tait de 10.452. Mais le chiffre reste relativement important.<\/strong> <\/em><\/p>\n<p><!--more--><\/p>\n<p>D\u2019apr\u00e8s le compteur du FTDES, en 2018, le plus gros de ces mouvements sociaux a \u00e9t\u00e9 enregistr\u00e9 durant le premier semestre de l\u2019ann\u00e9e o\u00f9 ce nombre a \u00e9t\u00e9 de 6.052, soit pr\u00e8s des 2\/3, et, de juillet \u00e0 d\u00e9cembre, il y en a eu 3.304, c\u2019est-\u00e0-dire l\u2019autre tiers.<\/p>\n<p>Selon la m\u00eame source, en 2018, c\u2019est dans les r\u00e9gions du centre du pays que le nombre le plus important de ces actions sociales ont \u00e9t\u00e9 men\u00e9es: avec 1.668 mouvements de protestation dans le gouvernorat de Kairouan \u2013 soit pr\u00e8s de 18% du nombre total sur toute l\u2019ann\u00e9e \u2013 et 881 dans le gouvernorat voisin de Sidi Bouzid \u2013soit plus de 9,4%.<\/p>\n<p>Expliquant les motivations de ces actions de protestation, le FTDES indique que, dans la majorit\u00e9 de ces mouvements \u00e0 travers les diff\u00e9rentes r\u00e9gions du pays, les raisons sont socio-\u00e9conomiques: dans la plupart des cas, il s\u2019agit de revendications d\u2019emplois et d\u2019am\u00e9liorations de conditions sociales et de services publics.<\/p>\n<p>Le FTDES rapporte aussi qu\u2019en 2018 il y a eu 467 suicides et tentatives de suicide et que, dans 76% des cas, les victimes \u00e9taient \u00e2g\u00e9es entre 16 et 45 ans. <em>\u00abD\u2019une mani\u00e8re g\u00e9n\u00e9rale, ces actes de suicide ont \u00e9t\u00e9 commis par des personnes d\u00e9sesp\u00e9r\u00e9es, frustr\u00e9es et en col\u00e8re en raison de la vuln\u00e9rabilit\u00e9 de leurs conditions \u00e9conomiques\u00bb<\/em>, r\u00e9sume le Forum.<\/p>\n<p style=\"text-align: right;\"><strong>Marwan Chahla<\/strong><\/p>\n","protected":false},"excerpt":{"rendered":"<p>Selon le Forum tunisien pour les droits \u00e9conomiques et sociaux (FTDES), la Tunisie a enregistr\u00e9, en 2018, 9.356 mouvements sociaux, soit une baisse de 1.096 de ces actions par rapport \u00e0 2017 o\u00f9 ce nombre \u00e9tait de 10.452. Mais le chiffre reste relativement important.<\/p>\n","protected":false},"author":8,"featured_media":0,"comment_status":"open","ping_status":"open","sticky":false,"template":"","format":"standard","meta":{"footnotes":""},"categories":[998,2433],"tags":[401,643,2926,828,3180],"class_list":["post-195835","post","type-post","status-publish","format-standard","hentry","category-societe","category-tunisie","tag-ftdes","tag-mouvements-sociaux","tag-protestation","tag-sidi-bouzid","tag-suicides"],"yoast_head":"<!-- This site is optimized with the Yoast SEO plugin v26.6 - https:\/\/yoast.com\/wordpress\/plugins\/seo\/ -->\n<title>Les mouvements sociaux en Tunisie ont baiss\u00e9 de 10,48% en 2018 - Kapitalis<\/title>\n<meta name=\"robots\" content=\"index, follow, max-snippet:-1, max-image-preview:large, max-video-preview:-1\" \/>\n<link rel=\"canonical\" href=\"https:\/\/kapitalis.com\/tunisie\/2019\/01\/31\/les-mouvements-sociaux-en-tunisie-ont-baisse-de-1048-en-2018\/\" \/>\n<meta property=\"og:locale\" content=\"fr_FR\" \/>\n<meta property=\"og:type\" content=\"article\" \/>\n<meta property=\"og:title\" content=\"Les mouvements sociaux en Tunisie ont baiss\u00e9 de 10,48% en 2018 - Kapitalis\" \/>\n<meta property=\"og:description\" content=\"Selon le Forum tunisien pour les droits \u00e9conomiques et sociaux (FTDES), la Tunisie a enregistr\u00e9, en 2018, 9.356 mouvements sociaux, soit une baisse de 1.096 de ces actions par rapport \u00e0 2017 o\u00f9 ce nombre \u00e9tait de 10.452. Mais le chiffre reste relativement important.\" \/>\n<meta property=\"og:url\" content=\"https:\/\/kapitalis.com\/tunisie\/2019\/01\/31\/les-mouvements-sociaux-en-tunisie-ont-baisse-de-1048-en-2018\/\" \/>\n<meta property=\"og:site_name\" content=\"Kapitalis\" \/>\n<meta property=\"article:publisher\" content=\"https:\/\/www.facebook.com\/KapitalisInfo\/\" \/>\n<meta property=\"article:published_time\" content=\"2019-01-31T07:57:03+00:00\" \/>\n<meta property=\"og:image\" content=\"http:\/\/kapitalis.com\/tunisie\/wp-content\/uploads\/2018\/01\/Manifestations-2018.jpg\" \/>\n<meta name=\"author\" content=\"webmaster kapitalis\" \/>\n<meta name=\"twitter:card\" content=\"summary_large_image\" \/>\n<meta name=\"twitter:creator\" content=\"@KapitalisInfo\" \/>\n<meta name=\"twitter:site\" content=\"@KapitalisInfo\" \/>\n<meta name=\"twitter:label1\" content=\"\u00c9crit par\" \/>\n\t<meta name=\"twitter:data1\" content=\"webmaster kapitalis\" \/>\n\t<meta name=\"twitter:label2\" content=\"Dur\u00e9e de lecture estim\u00e9e\" \/>\n\t<meta name=\"twitter:data2\" content=\"1 minute\" \/>\n<script type=\"application\/ld+json\" class=\"yoast-schema-graph\">{\"@context\":\"https:\/\/schema.org\",\"@graph\":[{\"@type\":\"Article\",\"@id\":\"https:\/\/kapitalis.com\/tunisie\/2019\/01\/31\/les-mouvements-sociaux-en-tunisie-ont-baisse-de-1048-en-2018\/#article\",\"isPartOf\":{\"@id\":\"https:\/\/kapitalis.com\/tunisie\/2019\/01\/31\/les-mouvements-sociaux-en-tunisie-ont-baisse-de-1048-en-2018\/\"},\"author\":{\"name\":\"webmaster kapitalis\",\"@id\":\"https:\/\/kapitalis.com\/tunisie\/#\/schema\/person\/d71f33a9ca44f7bad4698210b480c8e9\"},\"headline\":\"Les mouvements sociaux en Tunisie ont baiss\u00e9 de 10,48% en 2018\",\"datePublished\":\"2019-01-31T07:57:03+00:00\",\"mainEntityOfPage\":{\"@id\":\"https:\/\/kapitalis.com\/tunisie\/2019\/01\/31\/les-mouvements-sociaux-en-tunisie-ont-baisse-de-1048-en-2018\/\"},\"wordCount\":286,\"commentCount\":0,\"publisher\":{\"@id\":\"https:\/\/kapitalis.com\/tunisie\/#organization\"},\"image\":{\"@id\":\"https:\/\/kapitalis.com\/tunisie\/2019\/01\/31\/les-mouvements-sociaux-en-tunisie-ont-baisse-de-1048-en-2018\/#primaryimage\"},\"thumbnailUrl\":\"http:\/\/kapitalis.com\/tunisie\/wp-content\/uploads\/2018\/01\/Manifestations-2018.jpg\",\"keywords\":[\"FTDES\",\"mouvements sociaux\",\"protestation\",\"Sidi Bouzid\",\"suicides\"],\"articleSection\":[\"SOCIETE\",\"Tunisie\"],\"inLanguage\":\"fr-FR\",\"potentialAction\":[{\"@type\":\"CommentAction\",\"name\":\"Comment\",\"target\":[\"https:\/\/kapitalis.com\/tunisie\/2019\/01\/31\/les-mouvements-sociaux-en-tunisie-ont-baisse-de-1048-en-2018\/#respond\"]}]},{\"@type\":\"WebPage\",\"@id\":\"https:\/\/kapitalis.com\/tunisie\/2019\/01\/31\/les-mouvements-sociaux-en-tunisie-ont-baisse-de-1048-en-2018\/\",\"url\":\"https:\/\/kapitalis.com\/tunisie\/2019\/01\/31\/les-mouvements-sociaux-en-tunisie-ont-baisse-de-1048-en-2018\/\",\"name\":\"Les mouvements sociaux en Tunisie ont baiss\u00e9 de 10,48% en 2018 - Kapitalis\",\"isPartOf\":{\"@id\":\"https:\/\/kapitalis.com\/tunisie\/#website\"},\"primaryImageOfPage\":{\"@id\":\"https:\/\/kapitalis.com\/tunisie\/2019\/01\/31\/les-mouvements-sociaux-en-tunisie-ont-baisse-de-1048-en-2018\/#primaryimage\"},\"image\":{\"@id\":\"https:\/\/kapitalis.com\/tunisie\/2019\/01\/31\/les-mouvements-sociaux-en-tunisie-ont-baisse-de-1048-en-2018\/#primaryimage\"},\"thumbnailUrl\":\"http:\/\/kapitalis.com\/tunisie\/wp-content\/uploads\/2018\/01\/Manifestations-2018.jpg\",\"datePublished\":\"2019-01-31T07:57:03+00:00\",\"breadcrumb\":{\"@id\":\"https:\/\/kapitalis.com\/tunisie\/2019\/01\/31\/les-mouvements-sociaux-en-tunisie-ont-baisse-de-1048-en-2018\/#breadcrumb\"},\"inLanguage\":\"fr-FR\",\"potentialAction\":[{\"@type\":\"ReadAction\",\"target\":[\"https:\/\/kapitalis.com\/tunisie\/2019\/01\/31\/les-mouvements-sociaux-en-tunisie-ont-baisse-de-1048-en-2018\/\"]}]},{\"@type\":\"ImageObject\",\"inLanguage\":\"fr-FR\",\"@id\":\"https:\/\/kapitalis.com\/tunisie\/2019\/01\/31\/les-mouvements-sociaux-en-tunisie-ont-baisse-de-1048-en-2018\/#primaryimage\",\"url\":\"http:\/\/kapitalis.com\/tunisie\/wp-content\/uploads\/2018\/01\/Manifestations-2018.jpg\",\"contentUrl\":\"http:\/\/kapitalis.com\/tunisie\/wp-content\/uploads\/2018\/01\/Manifestations-2018.jpg\"},{\"@type\":\"BreadcrumbList\",\"@id\":\"https:\/\/kapitalis.com\/tunisie\/2019\/01\/31\/les-mouvements-sociaux-en-tunisie-ont-baisse-de-1048-en-2018\/#breadcrumb\",\"itemListElement\":[{\"@type\":\"ListItem\",\"position\":1,\"name\":\"Accueil\",\"item\":\"https:\/\/kapitalis.com\/tunisie\/\"},{\"@type\":\"ListItem\",\"position\":2,\"name\":\"Les mouvements sociaux en Tunisie ont baiss\u00e9 de 10,48% en 2018\"}]},{\"@type\":\"WebSite\",\"@id\":\"https:\/\/kapitalis.com\/tunisie\/#website\",\"url\":\"https:\/\/kapitalis.com\/tunisie\/\",\"name\":\"Kapitalis\",\"description\":\"L&#039;actualit\u00e9 en Tunisie et dans le monde\",\"publisher\":{\"@id\":\"https:\/\/kapitalis.com\/tunisie\/#organization\"},\"potentialAction\":[{\"@type\":\"SearchAction\",\"target\":{\"@type\":\"EntryPoint\",\"urlTemplate\":\"https:\/\/kapitalis.com\/tunisie\/?s={search_term_string}\"},\"query-input\":{\"@type\":\"PropertyValueSpecification\",\"valueRequired\":true,\"valueName\":\"search_term_string\"}}],\"inLanguage\":\"fr-FR\"},{\"@type\":\"Organization\",\"@id\":\"https:\/\/kapitalis.com\/tunisie\/#organization\",\"name\":\"Kapitalis\",\"url\":\"https:\/\/kapitalis.com\/tunisie\/\",\"logo\":{\"@type\":\"ImageObject\",\"inLanguage\":\"fr-FR\",\"@id\":\"https:\/\/kapitalis.com\/tunisie\/#\/schema\/logo\/image\/\",\"url\":\"https:\/\/kapitalis.com\/tunisie\/wp-content\/uploads\/2022\/05\/Kapitalis-big-size.png\",\"contentUrl\":\"https:\/\/kapitalis.com\/tunisie\/wp-content\/uploads\/2022\/05\/Kapitalis-big-size.png\",\"width\":5000,\"height\":1500,\"caption\":\"Kapitalis\"},\"image\":{\"@id\":\"https:\/\/kapitalis.com\/tunisie\/#\/schema\/logo\/image\/\"},\"sameAs\":[\"https:\/\/www.facebook.com\/KapitalisInfo\/\",\"https:\/\/x.com\/KapitalisInfo\",\"https:\/\/www.youtube.com\/channel\/UC-yDYrHyfFBWWZaOw3FPg9Q\"]},{\"@type\":\"Person\",\"@id\":\"https:\/\/kapitalis.com\/tunisie\/#\/schema\/person\/d71f33a9ca44f7bad4698210b480c8e9\",\"name\":\"webmaster kapitalis\",\"url\":\"https:\/\/kapitalis.com\/tunisie\/author\/webmaster-kapitalis\/\"}]}<\/script>\n<!-- \/ Yoast SEO plugin. -->","yoast_head_json":{"title":"Les mouvements sociaux en Tunisie ont baiss\u00e9 de 10,48% en 2018 - Kapitalis","robots":{"index":"index","follow":"follow","max-snippet":"max-snippet:-1","max-image-preview":"max-image-preview:large","max-video-preview":"max-video-preview:-1"},"canonical":"https:\/\/kapitalis.com\/tunisie\/2019\/01\/31\/les-mouvements-sociaux-en-tunisie-ont-baisse-de-1048-en-2018\/","og_locale":"fr_FR","og_type":"article","og_title":"Les mouvements sociaux en Tunisie ont baiss\u00e9 de 10,48% en 2018 - Kapitalis","og_description":"Selon le Forum tunisien pour les droits \u00e9conomiques et sociaux (FTDES), la Tunisie a enregistr\u00e9, en 2018, 9.356 mouvements sociaux, soit une baisse de 1.096 de ces actions par rapport \u00e0 2017 o\u00f9 ce nombre \u00e9tait de 10.452. Mais le chiffre reste relativement important.","og_url":"https:\/\/kapitalis.com\/tunisie\/2019\/01\/31\/les-mouvements-sociaux-en-tunisie-ont-baisse-de-1048-en-2018\/","og_site_name":"Kapitalis","article_publisher":"https:\/\/www.facebook.com\/KapitalisInfo\/","article_published_time":"2019-01-31T07:57:03+00:00","og_image":[{"url":"http:\/\/kapitalis.com\/tunisie\/wp-content\/uploads\/2018\/01\/Manifestations-2018.jpg","type":"","width":"","height":""}],"author":"webmaster kapitalis","twitter_card":"summary_large_image","twitter_creator":"@KapitalisInfo","twitter_site":"@KapitalisInfo","twitter_misc":{"\u00c9crit par":"webmaster kapitalis","Dur\u00e9e de lecture estim\u00e9e":"1 minute"},"schema":{"@context":"https:\/\/schema.org","@graph":[{"@type":"Article","@id":"https:\/\/kapitalis.com\/tunisie\/2019\/01\/31\/les-mouvements-sociaux-en-tunisie-ont-baisse-de-1048-en-2018\/#article","isPartOf":{"@id":"https:\/\/kapitalis.com\/tunisie\/2019\/01\/31\/les-mouvements-sociaux-en-tunisie-ont-baisse-de-1048-en-2018\/"},"author":{"name":"webmaster kapitalis","@id":"https:\/\/kapitalis.com\/tunisie\/#\/schema\/person\/d71f33a9ca44f7bad4698210b480c8e9"},"headline":"Les mouvements sociaux en Tunisie ont baiss\u00e9 de 10,48% en 2018","datePublished":"2019-01-31T07:57:03+00:00","mainEntityOfPage":{"@id":"https:\/\/kapitalis.com\/tunisie\/2019\/01\/31\/les-mouvements-sociaux-en-tunisie-ont-baisse-de-1048-en-2018\/"},"wordCount":286,"commentCount":0,"publisher":{"@id":"https:\/\/kapitalis.com\/tunisie\/#organization"},"image":{"@id":"https:\/\/kapitalis.com\/tunisie\/2019\/01\/31\/les-mouvements-sociaux-en-tunisie-ont-baisse-de-1048-en-2018\/#primaryimage"},"thumbnailUrl":"http:\/\/kapitalis.com\/tunisie\/wp-content\/uploads\/2018\/01\/Manifestations-2018.jpg","keywords":["FTDES","mouvements sociaux","protestation","Sidi Bouzid","suicides"],"articleSection":["SOCIETE","Tunisie"],"inLanguage":"fr-FR","potentialAction":[{"@type":"CommentAction","name":"Comment","target":["https:\/\/kapitalis.com\/tunisie\/2019\/01\/31\/les-mouvements-sociaux-en-tunisie-ont-baisse-de-1048-en-2018\/#respond"]}]},{"@type":"WebPage","@id":"https:\/\/kapitalis.com\/tunisie\/2019\/01\/31\/les-mouvements-sociaux-en-tunisie-ont-baisse-de-1048-en-2018\/","url":"https:\/\/kapitalis.com\/tunisie\/2019\/01\/31\/les-mouvements-sociaux-en-tunisie-ont-baisse-de-1048-en-2018\/","name":"Les mouvements sociaux en Tunisie ont baiss\u00e9 de 10,48% en 2018 - Kapitalis","isPartOf":{"@id":"https:\/\/kapitalis.com\/tunisie\/#website"},"primaryImageOfPage":{"@id":"https:\/\/kapitalis.com\/tunisie\/2019\/01\/31\/les-mouvements-sociaux-en-tunisie-ont-baisse-de-1048-en-2018\/#primaryimage"},"image":{"@id":"https:\/\/kapitalis.com\/tunisie\/2019\/01\/31\/les-mouvements-sociaux-en-tunisie-ont-baisse-de-1048-en-2018\/#primaryimage"},"thumbnailUrl":"http:\/\/kapitalis.com\/tunisie\/wp-content\/uploads\/2018\/01\/Manifestations-2018.jpg","datePublished":"2019-01-31T07:57:03+00:00","breadcrumb":{"@id":"https:\/\/kapitalis.com\/tunisie\/2019\/01\/31\/les-mouvements-sociaux-en-tunisie-ont-baisse-de-1048-en-2018\/#breadcrumb"},"inLanguage":"fr-FR","potentialAction":[{"@type":"ReadAction","target":["https:\/\/kapitalis.com\/tunisie\/2019\/01\/31\/les-mouvements-sociaux-en-tunisie-ont-baisse-de-1048-en-2018\/"]}]},{"@type":"ImageObject","inLanguage":"fr-FR","@id":"https:\/\/kapitalis.com\/tunisie\/2019\/01\/31\/les-mouvements-sociaux-en-tunisie-ont-baisse-de-1048-en-2018\/#primaryimage","url":"http:\/\/kapitalis.com\/tunisie\/wp-content\/uploads\/2018\/01\/Manifestations-2018.jpg","contentUrl":"http:\/\/kapitalis.com\/tunisie\/wp-content\/uploads\/2018\/01\/Manifestations-2018.jpg"},{"@type":"BreadcrumbList","@id":"https:\/\/kapitalis.com\/tunisie\/2019\/01\/31\/les-mouvements-sociaux-en-tunisie-ont-baisse-de-1048-en-2018\/#breadcrumb","itemListElement":[{"@type":"ListItem","position":1,"name":"Accueil","item":"https:\/\/kapitalis.com\/tunisie\/"},{"@type":"ListItem","position":2,"name":"Les mouvements sociaux en Tunisie ont baiss\u00e9 de 10,48% en 2018"}]},{"@type":"WebSite","@id":"https:\/\/kapitalis.com\/tunisie\/#website","url":"https:\/\/kapitalis.com\/tunisie\/","name":"Kapitalis","description":"L&#039;actualit\u00e9 en Tunisie et dans le monde","publisher":{"@id":"https:\/\/kapitalis.com\/tunisie\/#organization"},"potentialAction":[{"@type":"SearchAction","target":{"@type":"EntryPoint","urlTemplate":"https:\/\/kapitalis.com\/tunisie\/?s={search_term_string}"},"query-input":{"@type":"PropertyValueSpecification","valueRequired":true,"valueName":"search_term_string"}}],"inLanguage":"fr-FR"},{"@type":"Organization","@id":"https:\/\/kapitalis.com\/tunisie\/#organization","name":"Kapitalis","url":"https:\/\/kapitalis.com\/tunisie\/","logo":{"@type":"ImageObject","inLanguage":"fr-FR","@id":"https:\/\/kapitalis.com\/tunisie\/#\/schema\/logo\/image\/","url":"https:\/\/kapitalis.com\/tunisie\/wp-content\/uploads\/2022\/05\/Kapitalis-big-size.png","contentUrl":"https:\/\/kapitalis.com\/tunisie\/wp-content\/uploads\/2022\/05\/Kapitalis-big-size.png","width":5000,"height":1500,"caption":"Kapitalis"},"image":{"@id":"https:\/\/kapitalis.com\/tunisie\/#\/schema\/logo\/image\/"},"sameAs":["https:\/\/www.facebook.com\/KapitalisInfo\/","https:\/\/x.com\/KapitalisInfo","https:\/\/www.youtube.com\/channel\/UC-yDYrHyfFBWWZaOw3FPg9Q"]},{"@type":"Person","@id":"https:\/\/kapitalis.com\/tunisie\/#\/schema\/person\/d71f33a9ca44f7bad4698210b480c8e9","name":"webmaster kapitalis","url":"https:\/\/kapitalis.com\/tunisie\/author\/webmaster-kapitalis\/"}]}},"_links":{"self":[{"href":"https:\/\/kapitalis.com\/tunisie\/wp-json\/wp\/v2\/posts\/195835","targetHints":{"allow":["GET"]}}],"collection":[{"href":"https:\/\/kapitalis.com\/tunisie\/wp-json\/wp\/v2\/posts"}],"about":[{"href":"https:\/\/kapitalis.com\/tunisie\/wp-json\/wp\/v2\/types\/post"}],"author":[{"embeddable":true,"href":"https:\/\/kapitalis.com\/tunisie\/wp-json\/wp\/v2\/users\/8"}],"replies":[{"embeddable":true,"href":"https:\/\/kapitalis.com\/tunisie\/wp-json\/wp\/v2\/comments?post=195835"}],"version-history":[{"count":0,"href":"https:\/\/kapitalis.com\/tunisie\/wp-json\/wp\/v2\/posts\/195835\/revisions"}],"wp:attachment":[{"href":"https:\/\/kapitalis.com\/tunisie\/wp-json\/wp\/v2\/media?parent=195835"}],"wp:term":[{"taxonomy":"category","embeddable":true,"href":"https:\/\/kapitalis.com\/tunisie\/wp-json\/wp\/v2\/categories?post=195835"},{"taxonomy":"post_tag","embeddable":true,"href":"https:\/\/kapitalis.com\/tunisie\/wp-json\/wp\/v2\/tags?post=195835"}],"curies":[{"name":"wp","href":"https:\/\/api.w.org\/{rel}","templated":true}]}}