{"id":19583681,"date":"2026-09-06T12:16:12","date_gmt":"2026-09-06T11:16:12","guid":{"rendered":"https:\/\/kapitalis.com\/tunisie\/?p=19583681"},"modified":"2026-09-06T12:16:14","modified_gmt":"2026-09-06T11:16:14","slug":"tunis-accueille-son-1er-forum-international-du-halal","status":"publish","type":"post","link":"https:\/\/kapitalis.com\/tunisie\/2026\/09\/06\/tunis-accueille-son-1er-forum-international-du-halal\/","title":{"rendered":"Tunis accueille son 1er Forum international du halal"},"content":{"rendered":"\n<p class=\"wp-block-paragraph\"><strong><em>La Tunisie accueillera la premi\u00e8re \u00e9dition de l\u2019International Halal Forum les 29 et 30 septembre 2026 au si\u00e8ge de la Maison de l\u2019Exportateur, \u00e0 Tunis, avec la participation des<\/em><\/strong> <strong><em>acteurs de l\u2019\u00e9cosyst\u00e8me halal aux niveaux national, r\u00e9gional et international.<\/em><\/strong><\/p>\n\n\n\n<!--more-->\n\n\n\n<p class=\"wp-block-paragraph\">Organis\u00e9 par le Global Business Network, sous l&rsquo;\u00e9gide du minist\u00e8re du Commerce et du D\u00e9veloppement des exportations et en coordination avec le Centre de promotion des exportations (Cepex), ce forum international r\u00e9unira plusieurs institutions et organisations r\u00e9gionales et internationales \u0153uvrant dans les domaines du halal, de la normalisation et du commerce, notamment l\u2019Institut de normalisation et de m\u00e9trologie pour les pays islamiques (Inpi, plus connu sous son acronyme anglais Smic), le Centre islamique pour le d\u00e9veloppement du commerce (CIDC) et l\u2019Institut national de normalisation et de propri\u00e9t\u00e9 industrielle (Innorpi).<\/p>\n\n\n\n<p class=\"wp-block-paragraph\">Selon les informations publi\u00e9es par le Cepex, ce forum vise \u00e0 explorer les moyens de d\u00e9velopper les industries et les produits halal, \u00e0 renforcer la coop\u00e9ration en mati\u00e8re de normalisation, de certification, de finance et de commerce, et \u00e0 promouvoir les \u00e9changes \u00e9conomiques et les partenariats entre les acteurs de ce secteur en Afrique, dans les pays du Golfe, en Asie et en Europe.<\/p>\n\n\n\n<p class=\"wp-block-paragraph\">Le programme du forum comprend des s\u00e9ances pl\u00e9ni\u00e8res, des tables rondes sp\u00e9cialis\u00e9es et des ateliers techniques, ainsi que des rencontres interentreprises. L\u2019objectif est de faciliter la mise en r\u00e9seau des participants et d\u2019explorer les opportunit\u00e9s de collaboration, d\u2019investissement et de cr\u00e9ation de partenariats \u00e9conomiques et commerciaux.<\/p>\n\n\n\n<p class=\"wp-block-paragraph\">Le forum disposera \u00e9galement d\u2019un espace d\u2019exposition pr\u00e9sentant des produits, des solutions et des initiatives halal susceptibles d\u2019acc\u00e9der aux march\u00e9s internationaux, permettant ainsi aux entreprises participantes de mettre en valeur leurs atouts et de nouer des contacts avec des partenaires potentiels.<\/p>\n\n\n\n<p class=\"wp-block-paragraph\">Le forum devrait r\u00e9unir des repr\u00e9sentants d\u2019institutions gouvernementales, d\u2019organismes de normalisation et de certification halal, ainsi que des repr\u00e9sentants d\u2019institutions financi\u00e8res, des dirigeants d\u2019organisations \u00e9conomiques, des investisseurs strat\u00e9giques et des repr\u00e9sentants de divers acteurs de l\u2019\u00e9cosyst\u00e8me halal aux niveaux r\u00e9gional et international.<\/p>\n\n\n\n<p class=\"has-text-align-right wp-block-paragraph\"><strong>I. B.<\/strong> <\/p>\n\n\n\n<p class=\"wp-block-paragraph\"><\/p>\n","protected":false},"excerpt":{"rendered":"<p>La Tunisie accueillera la premi\u00e8re \u00e9dition de l\u2019International Halal Forum les 29 et 30 septembre 2026 .<\/p>\n","protected":false},"author":8,"featured_media":19583714,"comment_status":"open","ping_status":"open","sticky":false,"template":"","format":"standard","meta":{"footnotes":""},"categories":[995,2433],"tags":[1575,7382,130002],"class_list":["post-19583681","post","type-post","status-publish","format-standard","has-post-thumbnail","hentry","category-economie","category-tunisie","tag-cepex","tag-innorpi","tag-international-halal-forum"],"yoast_head":"<!-- This site is optimized with the Yoast SEO plugin v26.6 - https:\/\/yoast.com\/wordpress\/plugins\/seo\/ -->\n<title>Tunis accueille son 1er Forum international du halal - Kapitalis<\/title>\n<meta name=\"description\" content=\"La Tunisie accueillera la premi\u00e8re \u00e9dition de l\u2019International Halal Forum, les 29 et 30 septembre 2026 \u00e0 la Maison de l&#039;Exportateur .\" \/>\n<meta name=\"robots\" content=\"index, follow, max-snippet:-1, max-image-preview:large, max-video-preview:-1\" \/>\n<link rel=\"canonical\" href=\"https:\/\/kapitalis.com\/tunisie\/2026\/09\/06\/tunis-accueille-son-1er-forum-international-du-halal\/\" \/>\n<meta property=\"og:locale\" content=\"fr_FR\" \/>\n<meta property=\"og:type\" content=\"article\" \/>\n<meta property=\"og:title\" content=\"Tunis accueille son 1er Forum international du halal - Kapitalis\" \/>\n<meta property=\"og:description\" content=\"La Tunisie accueillera la premi\u00e8re \u00e9dition de l\u2019International Halal Forum, les 29 et 30 septembre 2026 \u00e0 la Maison de l&#039;Exportateur .\" \/>\n<meta property=\"og:url\" content=\"https:\/\/kapitalis.com\/tunisie\/2026\/09\/06\/tunis-accueille-son-1er-forum-international-du-halal\/\" \/>\n<meta property=\"og:site_name\" content=\"Kapitalis\" \/>\n<meta property=\"article:publisher\" content=\"https:\/\/www.facebook.com\/KapitalisInfo\/\" \/>\n<meta property=\"article:published_time\" content=\"2026-09-06T11:16:12+00:00\" \/>\n<meta property=\"article:modified_time\" content=\"2026-09-06T11:16:14+00:00\" \/>\n<meta property=\"og:image\" content=\"https:\/\/kapitalis.com\/tunisie\/wp-content\/uploads\/2026\/09\/International-Halal-Forum.jpg\" \/>\n\t<meta property=\"og:image:width\" content=\"1200\" \/>\n\t<meta property=\"og:image:height\" content=\"630\" \/>\n\t<meta property=\"og:image:type\" content=\"image\/jpeg\" \/>\n<meta name=\"author\" content=\"webmaster kapitalis\" \/>\n<meta name=\"twitter:card\" content=\"summary_large_image\" \/>\n<meta name=\"twitter:creator\" content=\"@KapitalisInfo\" \/>\n<meta name=\"twitter:site\" content=\"@KapitalisInfo\" \/>\n<meta name=\"twitter:label1\" content=\"\u00c9crit par\" \/>\n\t<meta name=\"twitter:data1\" content=\"webmaster kapitalis\" \/>\n\t<meta name=\"twitter:label2\" content=\"Dur\u00e9e de lecture estim\u00e9e\" \/>\n\t<meta name=\"twitter:data2\" content=\"2 minutes\" \/>\n<script type=\"application\/ld+json\" class=\"yoast-schema-graph\">{\"@context\":\"https:\/\/schema.org\",\"@graph\":[{\"@type\":\"Article\",\"@id\":\"https:\/\/kapitalis.com\/tunisie\/2026\/09\/06\/tunis-accueille-son-1er-forum-international-du-halal\/#article\",\"isPartOf\":{\"@id\":\"https:\/\/kapitalis.com\/tunisie\/2026\/09\/06\/tunis-accueille-son-1er-forum-international-du-halal\/\"},\"author\":{\"name\":\"webmaster kapitalis\",\"@id\":\"https:\/\/kapitalis.com\/tunisie\/#\/schema\/person\/d71f33a9ca44f7bad4698210b480c8e9\"},\"headline\":\"Tunis accueille son 1er Forum international du halal\",\"datePublished\":\"2026-09-06T11:16:12+00:00\",\"dateModified\":\"2026-09-06T11:16:14+00:00\",\"mainEntityOfPage\":{\"@id\":\"https:\/\/kapitalis.com\/tunisie\/2026\/09\/06\/tunis-accueille-son-1er-forum-international-du-halal\/\"},\"wordCount\":375,\"commentCount\":0,\"publisher\":{\"@id\":\"https:\/\/kapitalis.com\/tunisie\/#organization\"},\"image\":{\"@id\":\"https:\/\/kapitalis.com\/tunisie\/2026\/09\/06\/tunis-accueille-son-1er-forum-international-du-halal\/#primaryimage\"},\"thumbnailUrl\":\"https:\/\/kapitalis.com\/tunisie\/wp-content\/uploads\/2026\/09\/International-Halal-Forum.jpg\",\"keywords\":[\"Cepex\",\"Innorpi\",\"International Halal Forum\"],\"articleSection\":[\"ECONOMIE\",\"Tunisie\"],\"inLanguage\":\"fr-FR\",\"potentialAction\":[{\"@type\":\"CommentAction\",\"name\":\"Comment\",\"target\":[\"https:\/\/kapitalis.com\/tunisie\/2026\/09\/06\/tunis-accueille-son-1er-forum-international-du-halal\/#respond\"]}]},{\"@type\":\"WebPage\",\"@id\":\"https:\/\/kapitalis.com\/tunisie\/2026\/09\/06\/tunis-accueille-son-1er-forum-international-du-halal\/\",\"url\":\"https:\/\/kapitalis.com\/tunisie\/2026\/09\/06\/tunis-accueille-son-1er-forum-international-du-halal\/\",\"name\":\"Tunis accueille son 1er Forum international du halal - Kapitalis\",\"isPartOf\":{\"@id\":\"https:\/\/kapitalis.com\/tunisie\/#website\"},\"primaryImageOfPage\":{\"@id\":\"https:\/\/kapitalis.com\/tunisie\/2026\/09\/06\/tunis-accueille-son-1er-forum-international-du-halal\/#primaryimage\"},\"image\":{\"@id\":\"https:\/\/kapitalis.com\/tunisie\/2026\/09\/06\/tunis-accueille-son-1er-forum-international-du-halal\/#primaryimage\"},\"thumbnailUrl\":\"https:\/\/kapitalis.com\/tunisie\/wp-content\/uploads\/2026\/09\/International-Halal-Forum.jpg\",\"datePublished\":\"2026-09-06T11:16:12+00:00\",\"dateModified\":\"2026-09-06T11:16:14+00:00\",\"description\":\"La Tunisie accueillera la premi\u00e8re \u00e9dition de l\u2019International Halal Forum, les 29 et 30 septembre 2026 \u00e0 la Maison de l'Exportateur .\",\"breadcrumb\":{\"@id\":\"https:\/\/kapitalis.com\/tunisie\/2026\/09\/06\/tunis-accueille-son-1er-forum-international-du-halal\/#breadcrumb\"},\"inLanguage\":\"fr-FR\",\"potentialAction\":[{\"@type\":\"ReadAction\",\"target\":[\"https:\/\/kapitalis.com\/tunisie\/2026\/09\/06\/tunis-accueille-son-1er-forum-international-du-halal\/\"]}]},{\"@type\":\"ImageObject\",\"inLanguage\":\"fr-FR\",\"@id\":\"https:\/\/kapitalis.com\/tunisie\/2026\/09\/06\/tunis-accueille-son-1er-forum-international-du-halal\/#primaryimage\",\"url\":\"https:\/\/kapitalis.com\/tunisie\/wp-content\/uploads\/2026\/09\/International-Halal-Forum.jpg\",\"contentUrl\":\"https:\/\/kapitalis.com\/tunisie\/wp-content\/uploads\/2026\/09\/International-Halal-Forum.jpg\",\"width\":1200,\"height\":630},{\"@type\":\"BreadcrumbList\",\"@id\":\"https:\/\/kapitalis.com\/tunisie\/2026\/09\/06\/tunis-accueille-son-1er-forum-international-du-halal\/#breadcrumb\",\"itemListElement\":[{\"@type\":\"ListItem\",\"position\":1,\"name\":\"Accueil\",\"item\":\"https:\/\/kapitalis.com\/tunisie\/\"},{\"@type\":\"ListItem\",\"position\":2,\"name\":\"Tunis accueille son 1er Forum international du halal\"}]},{\"@type\":\"WebSite\",\"@id\":\"https:\/\/kapitalis.com\/tunisie\/#website\",\"url\":\"https:\/\/kapitalis.com\/tunisie\/\",\"name\":\"Kapitalis\",\"description\":\"L&#039;actualit\u00e9 en Tunisie et dans le monde\",\"publisher\":{\"@id\":\"https:\/\/kapitalis.com\/tunisie\/#organization\"},\"potentialAction\":[{\"@type\":\"SearchAction\",\"target\":{\"@type\":\"EntryPoint\",\"urlTemplate\":\"https:\/\/kapitalis.com\/tunisie\/?s={search_term_string}\"},\"query-input\":{\"@type\":\"PropertyValueSpecification\",\"valueRequired\":true,\"valueName\":\"search_term_string\"}}],\"inLanguage\":\"fr-FR\"},{\"@type\":\"Organization\",\"@id\":\"https:\/\/kapitalis.com\/tunisie\/#organization\",\"name\":\"Kapitalis\",\"url\":\"https:\/\/kapitalis.com\/tunisie\/\",\"logo\":{\"@type\":\"ImageObject\",\"inLanguage\":\"fr-FR\",\"@id\":\"https:\/\/kapitalis.com\/tunisie\/#\/schema\/logo\/image\/\",\"url\":\"https:\/\/kapitalis.com\/tunisie\/wp-content\/uploads\/2022\/05\/Kapitalis-big-size.png\",\"contentUrl\":\"https:\/\/kapitalis.com\/tunisie\/wp-content\/uploads\/2022\/05\/Kapitalis-big-size.png\",\"width\":5000,\"height\":1500,\"caption\":\"Kapitalis\"},\"image\":{\"@id\":\"https:\/\/kapitalis.com\/tunisie\/#\/schema\/logo\/image\/\"},\"sameAs\":[\"https:\/\/www.facebook.com\/KapitalisInfo\/\",\"https:\/\/x.com\/KapitalisInfo\",\"https:\/\/www.youtube.com\/channel\/UC-yDYrHyfFBWWZaOw3FPg9Q\"]},{\"@type\":\"Person\",\"@id\":\"https:\/\/kapitalis.com\/tunisie\/#\/schema\/person\/d71f33a9ca44f7bad4698210b480c8e9\",\"name\":\"webmaster kapitalis\",\"url\":\"https:\/\/kapitalis.com\/tunisie\/author\/webmaster-kapitalis\/\"}]}<\/script>\n<!-- \/ Yoast SEO plugin. -->","yoast_head_json":{"title":"Tunis accueille son 1er Forum international du halal - Kapitalis","description":"La Tunisie accueillera la premi\u00e8re \u00e9dition de l\u2019International Halal Forum, les 29 et 30 septembre 2026 \u00e0 la Maison de l'Exportateur .","robots":{"index":"index","follow":"follow","max-snippet":"max-snippet:-1","max-image-preview":"max-image-preview:large","max-video-preview":"max-video-preview:-1"},"canonical":"https:\/\/kapitalis.com\/tunisie\/2026\/09\/06\/tunis-accueille-son-1er-forum-international-du-halal\/","og_locale":"fr_FR","og_type":"article","og_title":"Tunis accueille son 1er Forum international du halal - Kapitalis","og_description":"La Tunisie accueillera la premi\u00e8re \u00e9dition de l\u2019International Halal Forum, les 29 et 30 septembre 2026 \u00e0 la Maison de l'Exportateur .","og_url":"https:\/\/kapitalis.com\/tunisie\/2026\/09\/06\/tunis-accueille-son-1er-forum-international-du-halal\/","og_site_name":"Kapitalis","article_publisher":"https:\/\/www.facebook.com\/KapitalisInfo\/","article_published_time":"2026-09-06T11:16:12+00:00","article_modified_time":"2026-09-06T11:16:14+00:00","og_image":[{"width":1200,"height":630,"url":"https:\/\/kapitalis.com\/tunisie\/wp-content\/uploads\/2026\/09\/International-Halal-Forum.jpg","type":"image\/jpeg"}],"author":"webmaster kapitalis","twitter_card":"summary_large_image","twitter_creator":"@KapitalisInfo","twitter_site":"@KapitalisInfo","twitter_misc":{"\u00c9crit par":"webmaster kapitalis","Dur\u00e9e de lecture estim\u00e9e":"2 minutes"},"schema":{"@context":"https:\/\/schema.org","@graph":[{"@type":"Article","@id":"https:\/\/kapitalis.com\/tunisie\/2026\/09\/06\/tunis-accueille-son-1er-forum-international-du-halal\/#article","isPartOf":{"@id":"https:\/\/kapitalis.com\/tunisie\/2026\/09\/06\/tunis-accueille-son-1er-forum-international-du-halal\/"},"author":{"name":"webmaster kapitalis","@id":"https:\/\/kapitalis.com\/tunisie\/#\/schema\/person\/d71f33a9ca44f7bad4698210b480c8e9"},"headline":"Tunis accueille son 1er Forum international du halal","datePublished":"2026-09-06T11:16:12+00:00","dateModified":"2026-09-06T11:16:14+00:00","mainEntityOfPage":{"@id":"https:\/\/kapitalis.com\/tunisie\/2026\/09\/06\/tunis-accueille-son-1er-forum-international-du-halal\/"},"wordCount":375,"commentCount":0,"publisher":{"@id":"https:\/\/kapitalis.com\/tunisie\/#organization"},"image":{"@id":"https:\/\/kapitalis.com\/tunisie\/2026\/09\/06\/tunis-accueille-son-1er-forum-international-du-halal\/#primaryimage"},"thumbnailUrl":"https:\/\/kapitalis.com\/tunisie\/wp-content\/uploads\/2026\/09\/International-Halal-Forum.jpg","keywords":["Cepex","Innorpi","International Halal Forum"],"articleSection":["ECONOMIE","Tunisie"],"inLanguage":"fr-FR","potentialAction":[{"@type":"CommentAction","name":"Comment","target":["https:\/\/kapitalis.com\/tunisie\/2026\/09\/06\/tunis-accueille-son-1er-forum-international-du-halal\/#respond"]}]},{"@type":"WebPage","@id":"https:\/\/kapitalis.com\/tunisie\/2026\/09\/06\/tunis-accueille-son-1er-forum-international-du-halal\/","url":"https:\/\/kapitalis.com\/tunisie\/2026\/09\/06\/tunis-accueille-son-1er-forum-international-du-halal\/","name":"Tunis accueille son 1er Forum international du halal - Kapitalis","isPartOf":{"@id":"https:\/\/kapitalis.com\/tunisie\/#website"},"primaryImageOfPage":{"@id":"https:\/\/kapitalis.com\/tunisie\/2026\/09\/06\/tunis-accueille-son-1er-forum-international-du-halal\/#primaryimage"},"image":{"@id":"https:\/\/kapitalis.com\/tunisie\/2026\/09\/06\/tunis-accueille-son-1er-forum-international-du-halal\/#primaryimage"},"thumbnailUrl":"https:\/\/kapitalis.com\/tunisie\/wp-content\/uploads\/2026\/09\/International-Halal-Forum.jpg","datePublished":"2026-09-06T11:16:12+00:00","dateModified":"2026-09-06T11:16:14+00:00","description":"La Tunisie accueillera la premi\u00e8re \u00e9dition de l\u2019International Halal Forum, les 29 et 30 septembre 2026 \u00e0 la Maison de l'Exportateur .","breadcrumb":{"@id":"https:\/\/kapitalis.com\/tunisie\/2026\/09\/06\/tunis-accueille-son-1er-forum-international-du-halal\/#breadcrumb"},"inLanguage":"fr-FR","potentialAction":[{"@type":"ReadAction","target":["https:\/\/kapitalis.com\/tunisie\/2026\/09\/06\/tunis-accueille-son-1er-forum-international-du-halal\/"]}]},{"@type":"ImageObject","inLanguage":"fr-FR","@id":"https:\/\/kapitalis.com\/tunisie\/2026\/09\/06\/tunis-accueille-son-1er-forum-international-du-halal\/#primaryimage","url":"https:\/\/kapitalis.com\/tunisie\/wp-content\/uploads\/2026\/09\/International-Halal-Forum.jpg","contentUrl":"https:\/\/kapitalis.com\/tunisie\/wp-content\/uploads\/2026\/09\/International-Halal-Forum.jpg","width":1200,"height":630},{"@type":"BreadcrumbList","@id":"https:\/\/kapitalis.com\/tunisie\/2026\/09\/06\/tunis-accueille-son-1er-forum-international-du-halal\/#breadcrumb","itemListElement":[{"@type":"ListItem","position":1,"name":"Accueil","item":"https:\/\/kapitalis.com\/tunisie\/"},{"@type":"ListItem","position":2,"name":"Tunis accueille son 1er Forum international du halal"}]},{"@type":"WebSite","@id":"https:\/\/kapitalis.com\/tunisie\/#website","url":"https:\/\/kapitalis.com\/tunisie\/","name":"Kapitalis","description":"L&#039;actualit\u00e9 en Tunisie et dans le monde","publisher":{"@id":"https:\/\/kapitalis.com\/tunisie\/#organization"},"potentialAction":[{"@type":"SearchAction","target":{"@type":"EntryPoint","urlTemplate":"https:\/\/kapitalis.com\/tunisie\/?s={search_term_string}"},"query-input":{"@type":"PropertyValueSpecification","valueRequired":true,"valueName":"search_term_string"}}],"inLanguage":"fr-FR"},{"@type":"Organization","@id":"https:\/\/kapitalis.com\/tunisie\/#organization","name":"Kapitalis","url":"https:\/\/kapitalis.com\/tunisie\/","logo":{"@type":"ImageObject","inLanguage":"fr-FR","@id":"https:\/\/kapitalis.com\/tunisie\/#\/schema\/logo\/image\/","url":"https:\/\/kapitalis.com\/tunisie\/wp-content\/uploads\/2022\/05\/Kapitalis-big-size.png","contentUrl":"https:\/\/kapitalis.com\/tunisie\/wp-content\/uploads\/2022\/05\/Kapitalis-big-size.png","width":5000,"height":1500,"caption":"Kapitalis"},"image":{"@id":"https:\/\/kapitalis.com\/tunisie\/#\/schema\/logo\/image\/"},"sameAs":["https:\/\/www.facebook.com\/KapitalisInfo\/","https:\/\/x.com\/KapitalisInfo","https:\/\/www.youtube.com\/channel\/UC-yDYrHyfFBWWZaOw3FPg9Q"]},{"@type":"Person","@id":"https:\/\/kapitalis.com\/tunisie\/#\/schema\/person\/d71f33a9ca44f7bad4698210b480c8e9","name":"webmaster kapitalis","url":"https:\/\/kapitalis.com\/tunisie\/author\/webmaster-kapitalis\/"}]}},"_links":{"self":[{"href":"https:\/\/kapitalis.com\/tunisie\/wp-json\/wp\/v2\/posts\/19583681","targetHints":{"allow":["GET"]}}],"collection":[{"href":"https:\/\/kapitalis.com\/tunisie\/wp-json\/wp\/v2\/posts"}],"about":[{"href":"https:\/\/kapitalis.com\/tunisie\/wp-json\/wp\/v2\/types\/post"}],"author":[{"embeddable":true,"href":"https:\/\/kapitalis.com\/tunisie\/wp-json\/wp\/v2\/users\/8"}],"replies":[{"embeddable":true,"href":"https:\/\/kapitalis.com\/tunisie\/wp-json\/wp\/v2\/comments?post=19583681"}],"version-history":[{"count":1,"href":"https:\/\/kapitalis.com\/tunisie\/wp-json\/wp\/v2\/posts\/19583681\/revisions"}],"predecessor-version":[{"id":19583722,"href":"https:\/\/kapitalis.com\/tunisie\/wp-json\/wp\/v2\/posts\/19583681\/revisions\/19583722"}],"wp:featuredmedia":[{"embeddable":true,"href":"https:\/\/kapitalis.com\/tunisie\/wp-json\/wp\/v2\/media\/19583714"}],"wp:attachment":[{"href":"https:\/\/kapitalis.com\/tunisie\/wp-json\/wp\/v2\/media?parent=19583681"}],"wp:term":[{"taxonomy":"category","embeddable":true,"href":"https:\/\/kapitalis.com\/tunisie\/wp-json\/wp\/v2\/categories?post=19583681"},{"taxonomy":"post_tag","embeddable":true,"href":"https:\/\/kapitalis.com\/tunisie\/wp-json\/wp\/v2\/tags?post=19583681"}],"curies":[{"name":"wp","href":"https:\/\/api.w.org\/{rel}","templated":true}]}}