{"id":196112,"date":"2019-02-01T13:59:00","date_gmt":"2019-02-01T12:59:00","guid":{"rendered":"http:\/\/kapitalis.com\/tunisie\/?p=196112"},"modified":"2019-02-01T13:59:00","modified_gmt":"2019-02-01T12:59:00","slug":"le-fonds-tasdir-sinteresse-aux-societes-de-commerce-international","status":"publish","type":"post","link":"https:\/\/kapitalis.com\/tunisie\/2019\/02\/01\/le-fonds-tasdir-sinteresse-aux-societes-de-commerce-international\/","title":{"rendered":"Le fonds Tasdir+ s\u2019int\u00e9resse aux soci\u00e9t\u00e9s de commerce international"},"content":{"rendered":"<p style=\"text-align: center;\"><img loading=\"lazy\" decoding=\"async\" class=\"alignnone size-full wp-image-196113\" src=\"http:\/\/kapitalis.com\/tunisie\/wp-content\/uploads\/2019\/02\/Tasdir-Utica.jpg\" alt=\"\" width=\"626\" height=\"380\" \/><\/p>\n<p><em><strong>La Chambre syndicale nationale des soci\u00e9t\u00e9s de commerce international (CSNSCI) a organis\u00e9, vendredi 1er f\u00e9vrier 2019 au si\u00e8ge de l\u2019Utica, \u00e0 Tunis, en collaboration avec le programme Tasdir+, une table-ronde pour booster les exportations des SCI et les encourager \u00e0 cr\u00e9er des plateformes commerciales et logistiques dans les grands march\u00e9s d\u2019int\u00e9r\u00eat.<\/strong><\/em><\/p>\n<p><!--more--><\/p>\n<p>Ouvrant les travaux de cette table-ronde, Maher Ben Aissa, vice-pr\u00e9sident de la CSNSCI a soulign\u00e9 dans son intervention d\u2019ouverture que les soci\u00e9t\u00e9s de commerce international r\u00e9alisent aujourd\u2019hui 10,6% du total des exportations tunisiennes hors \u00e9nergie. En b\u00e9n\u00e9ficiant de plus d\u2019encouragement, les SCI pourront accro\u00eetre encore plus leurs exportations, a affirm\u00e9 M. Ben Aissa. Il a ajout\u00e9 que le programme Tasdir+ offre des opportunit\u00e9s r\u00e9elles pour les soci\u00e9t\u00e9s de commerce international afin qu\u2019elles d\u00e9veloppent leurs exportations.<\/p>\n<p>Riadh Bezzarga, directeur coordinateur du fonds Tasdir+ a pr\u00e9sent\u00e9 le programme qui s\u2019adresse \u00e0 toutes les entreprises. Il a invit\u00e9 les soci\u00e9t\u00e9s de commerce international \u00e0 adh\u00e9rer \u00e0 Tasdir+ qui leur offre un appui sp\u00e9cifique pour conqu\u00e9rir de nouveaux march\u00e9s internationaux soulignant qu\u2019il n\u2019y a pas assez de SCI inscrites au programme raison pour laquelle Tasdir+ organise cette table-ronde \u00e0 Tunis qui sera suivie par deux tables rondes \u00e0 Sousse et Sfax.<\/p>\n<p>Sur les 800 SCI existantes, seules 400 sont en activit\u00e9 et Tasdir+ esp\u00e8re attirer 10 \u00e0 20% de ces entreprises actives pour les appuyer \u00e0 r\u00e9ussir leurs exportations sur de nouveaux march\u00e9s. M. Bezzarga a ajout\u00e9 que le programme propose de nouveaux produits qui s\u2019adressent aux fili\u00e8res des entreprises m\u00e8res qui peuvent elles aussi b\u00e9n\u00e9ficier de ses prestations.<\/p>\n<p>L\u2019objectif strat\u00e9gique de Tasdir+ est la diversification des march\u00e9s pour les exportations tunisienne alors que les objectifs prioritaires sont l\u2019implantation commerciale des entreprises tunisiennes sur les march\u00e9s ext\u00e9rieurs, a ajout\u00e9 M. Bezzarga, soulignant que d\u00e9j\u00e0 331 entreprises ont \u00e9t\u00e9 accompagn\u00e9es par Tasdir+ pour se d\u00e9velopper \u00e0 l\u2019international.<\/p>\n<p>G\u00e9r\u00e9 sous l\u2019\u00e9gide du Cepex, le programme Tasdir+ est financ\u00e9 par la Banque Mondiale dans le cadre du 3e programme de d\u00e9veloppement des exportations.<br \/>\nSource : communiqu\u00e9.<\/p>\n","protected":false},"excerpt":{"rendered":"<p>La Chambre syndicale nationale des soci\u00e9t\u00e9s de commerce international (CSNSCI) a organis\u00e9, vendredi 1er f\u00e9vrier 2019 au si\u00e8ge de l\u2019Utica, \u00e0 Tunis, en collaboration avec le programme Tasdir+, une table-ronde pour booster les exportations des SCI et les encourager \u00e0 cr\u00e9er des plateformes commerciales et logistiques dans les grands march\u00e9s d\u2019int\u00e9r\u00eat.<\/p>\n","protected":false},"author":8,"featured_media":196113,"comment_status":"open","ping_status":"open","sticky":false,"template":"","format":"standard","meta":{"footnotes":""},"categories":[995,2433],"tags":[365,41628,11727],"class_list":["post-196112","post","type-post","status-publish","format-standard","has-post-thumbnail","hentry","category-economie","category-tunisie","tag-exportations","tag-riadh-bezzarga","tag-tasdir"],"yoast_head":"<!-- This site is optimized with the Yoast SEO plugin v26.6 - https:\/\/yoast.com\/wordpress\/plugins\/seo\/ -->\n<title>Le fonds Tasdir+ s\u2019int\u00e9resse aux soci\u00e9t\u00e9s de commerce international - Kapitalis<\/title>\n<meta name=\"robots\" content=\"index, follow, max-snippet:-1, max-image-preview:large, max-video-preview:-1\" \/>\n<link rel=\"canonical\" href=\"https:\/\/kapitalis.com\/tunisie\/2019\/02\/01\/le-fonds-tasdir-sinteresse-aux-societes-de-commerce-international\/\" \/>\n<meta property=\"og:locale\" content=\"fr_FR\" \/>\n<meta property=\"og:type\" content=\"article\" \/>\n<meta property=\"og:title\" content=\"Le fonds Tasdir+ s\u2019int\u00e9resse aux soci\u00e9t\u00e9s de commerce international - Kapitalis\" \/>\n<meta property=\"og:description\" content=\"La Chambre syndicale nationale des soci\u00e9t\u00e9s de commerce international (CSNSCI) a organis\u00e9, vendredi 1er f\u00e9vrier 2019 au si\u00e8ge de l\u2019Utica, \u00e0 Tunis, en collaboration avec le programme Tasdir+, une table-ronde pour booster les exportations des SCI et les encourager \u00e0 cr\u00e9er des plateformes commerciales et logistiques dans les grands march\u00e9s d\u2019int\u00e9r\u00eat.\" \/>\n<meta property=\"og:url\" content=\"https:\/\/kapitalis.com\/tunisie\/2019\/02\/01\/le-fonds-tasdir-sinteresse-aux-societes-de-commerce-international\/\" \/>\n<meta property=\"og:site_name\" content=\"Kapitalis\" \/>\n<meta property=\"article:publisher\" content=\"https:\/\/www.facebook.com\/KapitalisInfo\/\" \/>\n<meta property=\"article:published_time\" content=\"2019-02-01T12:59:00+00:00\" \/>\n<meta property=\"og:image\" content=\"https:\/\/kapitalis.com\/tunisie\/wp-content\/uploads\/2022\/05\/kapitalis-logo-fb.png\" \/>\n\t<meta property=\"og:image:width\" content=\"1200\" \/>\n\t<meta property=\"og:image:height\" content=\"630\" \/>\n\t<meta property=\"og:image:type\" content=\"image\/png\" \/>\n<meta name=\"author\" content=\"webmaster kapitalis\" \/>\n<meta name=\"twitter:card\" content=\"summary_large_image\" \/>\n<meta name=\"twitter:creator\" content=\"@KapitalisInfo\" \/>\n<meta name=\"twitter:site\" content=\"@KapitalisInfo\" \/>\n<meta name=\"twitter:label1\" content=\"\u00c9crit par\" \/>\n\t<meta name=\"twitter:data1\" content=\"webmaster kapitalis\" \/>\n\t<meta name=\"twitter:label2\" content=\"Dur\u00e9e de lecture estim\u00e9e\" \/>\n\t<meta name=\"twitter:data2\" content=\"2 minutes\" \/>\n<script type=\"application\/ld+json\" class=\"yoast-schema-graph\">{\"@context\":\"https:\/\/schema.org\",\"@graph\":[{\"@type\":\"Article\",\"@id\":\"https:\/\/kapitalis.com\/tunisie\/2019\/02\/01\/le-fonds-tasdir-sinteresse-aux-societes-de-commerce-international\/#article\",\"isPartOf\":{\"@id\":\"https:\/\/kapitalis.com\/tunisie\/2019\/02\/01\/le-fonds-tasdir-sinteresse-aux-societes-de-commerce-international\/\"},\"author\":{\"name\":\"webmaster kapitalis\",\"@id\":\"https:\/\/kapitalis.com\/tunisie\/#\/schema\/person\/d71f33a9ca44f7bad4698210b480c8e9\"},\"headline\":\"Le fonds Tasdir+ s\u2019int\u00e9resse aux soci\u00e9t\u00e9s de commerce international\",\"datePublished\":\"2019-02-01T12:59:00+00:00\",\"mainEntityOfPage\":{\"@id\":\"https:\/\/kapitalis.com\/tunisie\/2019\/02\/01\/le-fonds-tasdir-sinteresse-aux-societes-de-commerce-international\/\"},\"wordCount\":382,\"commentCount\":0,\"publisher\":{\"@id\":\"https:\/\/kapitalis.com\/tunisie\/#organization\"},\"image\":{\"@id\":\"https:\/\/kapitalis.com\/tunisie\/2019\/02\/01\/le-fonds-tasdir-sinteresse-aux-societes-de-commerce-international\/#primaryimage\"},\"thumbnailUrl\":\"\",\"keywords\":[\"exportations\",\"Riadh Bezzarga\",\"Tasdir+\"],\"articleSection\":[\"ECONOMIE\",\"Tunisie\"],\"inLanguage\":\"fr-FR\",\"potentialAction\":[{\"@type\":\"CommentAction\",\"name\":\"Comment\",\"target\":[\"https:\/\/kapitalis.com\/tunisie\/2019\/02\/01\/le-fonds-tasdir-sinteresse-aux-societes-de-commerce-international\/#respond\"]}]},{\"@type\":\"WebPage\",\"@id\":\"https:\/\/kapitalis.com\/tunisie\/2019\/02\/01\/le-fonds-tasdir-sinteresse-aux-societes-de-commerce-international\/\",\"url\":\"https:\/\/kapitalis.com\/tunisie\/2019\/02\/01\/le-fonds-tasdir-sinteresse-aux-societes-de-commerce-international\/\",\"name\":\"Le fonds Tasdir+ s\u2019int\u00e9resse aux soci\u00e9t\u00e9s de commerce international - Kapitalis\",\"isPartOf\":{\"@id\":\"https:\/\/kapitalis.com\/tunisie\/#website\"},\"primaryImageOfPage\":{\"@id\":\"https:\/\/kapitalis.com\/tunisie\/2019\/02\/01\/le-fonds-tasdir-sinteresse-aux-societes-de-commerce-international\/#primaryimage\"},\"image\":{\"@id\":\"https:\/\/kapitalis.com\/tunisie\/2019\/02\/01\/le-fonds-tasdir-sinteresse-aux-societes-de-commerce-international\/#primaryimage\"},\"thumbnailUrl\":\"\",\"datePublished\":\"2019-02-01T12:59:00+00:00\",\"breadcrumb\":{\"@id\":\"https:\/\/kapitalis.com\/tunisie\/2019\/02\/01\/le-fonds-tasdir-sinteresse-aux-societes-de-commerce-international\/#breadcrumb\"},\"inLanguage\":\"fr-FR\",\"potentialAction\":[{\"@type\":\"ReadAction\",\"target\":[\"https:\/\/kapitalis.com\/tunisie\/2019\/02\/01\/le-fonds-tasdir-sinteresse-aux-societes-de-commerce-international\/\"]}]},{\"@type\":\"ImageObject\",\"inLanguage\":\"fr-FR\",\"@id\":\"https:\/\/kapitalis.com\/tunisie\/2019\/02\/01\/le-fonds-tasdir-sinteresse-aux-societes-de-commerce-international\/#primaryimage\",\"url\":\"\",\"contentUrl\":\"\"},{\"@type\":\"BreadcrumbList\",\"@id\":\"https:\/\/kapitalis.com\/tunisie\/2019\/02\/01\/le-fonds-tasdir-sinteresse-aux-societes-de-commerce-international\/#breadcrumb\",\"itemListElement\":[{\"@type\":\"ListItem\",\"position\":1,\"name\":\"Accueil\",\"item\":\"https:\/\/kapitalis.com\/tunisie\/\"},{\"@type\":\"ListItem\",\"position\":2,\"name\":\"Le fonds Tasdir+ s\u2019int\u00e9resse aux soci\u00e9t\u00e9s de commerce international\"}]},{\"@type\":\"WebSite\",\"@id\":\"https:\/\/kapitalis.com\/tunisie\/#website\",\"url\":\"https:\/\/kapitalis.com\/tunisie\/\",\"name\":\"Kapitalis\",\"description\":\"L&#039;actualit\u00e9 en Tunisie et dans le monde\",\"publisher\":{\"@id\":\"https:\/\/kapitalis.com\/tunisie\/#organization\"},\"potentialAction\":[{\"@type\":\"SearchAction\",\"target\":{\"@type\":\"EntryPoint\",\"urlTemplate\":\"https:\/\/kapitalis.com\/tunisie\/?s={search_term_string}\"},\"query-input\":{\"@type\":\"PropertyValueSpecification\",\"valueRequired\":true,\"valueName\":\"search_term_string\"}}],\"inLanguage\":\"fr-FR\"},{\"@type\":\"Organization\",\"@id\":\"https:\/\/kapitalis.com\/tunisie\/#organization\",\"name\":\"Kapitalis\",\"url\":\"https:\/\/kapitalis.com\/tunisie\/\",\"logo\":{\"@type\":\"ImageObject\",\"inLanguage\":\"fr-FR\",\"@id\":\"https:\/\/kapitalis.com\/tunisie\/#\/schema\/logo\/image\/\",\"url\":\"https:\/\/kapitalis.com\/tunisie\/wp-content\/uploads\/2022\/05\/Kapitalis-big-size.png\",\"contentUrl\":\"https:\/\/kapitalis.com\/tunisie\/wp-content\/uploads\/2022\/05\/Kapitalis-big-size.png\",\"width\":5000,\"height\":1500,\"caption\":\"Kapitalis\"},\"image\":{\"@id\":\"https:\/\/kapitalis.com\/tunisie\/#\/schema\/logo\/image\/\"},\"sameAs\":[\"https:\/\/www.facebook.com\/KapitalisInfo\/\",\"https:\/\/x.com\/KapitalisInfo\",\"https:\/\/www.youtube.com\/channel\/UC-yDYrHyfFBWWZaOw3FPg9Q\"]},{\"@type\":\"Person\",\"@id\":\"https:\/\/kapitalis.com\/tunisie\/#\/schema\/person\/d71f33a9ca44f7bad4698210b480c8e9\",\"name\":\"webmaster kapitalis\",\"url\":\"https:\/\/kapitalis.com\/tunisie\/author\/webmaster-kapitalis\/\"}]}<\/script>\n<!-- \/ Yoast SEO plugin. -->","yoast_head_json":{"title":"Le fonds Tasdir+ s\u2019int\u00e9resse aux soci\u00e9t\u00e9s de commerce international - Kapitalis","robots":{"index":"index","follow":"follow","max-snippet":"max-snippet:-1","max-image-preview":"max-image-preview:large","max-video-preview":"max-video-preview:-1"},"canonical":"https:\/\/kapitalis.com\/tunisie\/2019\/02\/01\/le-fonds-tasdir-sinteresse-aux-societes-de-commerce-international\/","og_locale":"fr_FR","og_type":"article","og_title":"Le fonds Tasdir+ s\u2019int\u00e9resse aux soci\u00e9t\u00e9s de commerce international - Kapitalis","og_description":"La Chambre syndicale nationale des soci\u00e9t\u00e9s de commerce international (CSNSCI) a organis\u00e9, vendredi 1er f\u00e9vrier 2019 au si\u00e8ge de l\u2019Utica, \u00e0 Tunis, en collaboration avec le programme Tasdir+, une table-ronde pour booster les exportations des SCI et les encourager \u00e0 cr\u00e9er des plateformes commerciales et logistiques dans les grands march\u00e9s d\u2019int\u00e9r\u00eat.","og_url":"https:\/\/kapitalis.com\/tunisie\/2019\/02\/01\/le-fonds-tasdir-sinteresse-aux-societes-de-commerce-international\/","og_site_name":"Kapitalis","article_publisher":"https:\/\/www.facebook.com\/KapitalisInfo\/","article_published_time":"2019-02-01T12:59:00+00:00","og_image":[{"width":1200,"height":630,"url":"https:\/\/kapitalis.com\/tunisie\/wp-content\/uploads\/2022\/05\/kapitalis-logo-fb.png","type":"image\/png"}],"author":"webmaster kapitalis","twitter_card":"summary_large_image","twitter_creator":"@KapitalisInfo","twitter_site":"@KapitalisInfo","twitter_misc":{"\u00c9crit par":"webmaster kapitalis","Dur\u00e9e de lecture estim\u00e9e":"2 minutes"},"schema":{"@context":"https:\/\/schema.org","@graph":[{"@type":"Article","@id":"https:\/\/kapitalis.com\/tunisie\/2019\/02\/01\/le-fonds-tasdir-sinteresse-aux-societes-de-commerce-international\/#article","isPartOf":{"@id":"https:\/\/kapitalis.com\/tunisie\/2019\/02\/01\/le-fonds-tasdir-sinteresse-aux-societes-de-commerce-international\/"},"author":{"name":"webmaster kapitalis","@id":"https:\/\/kapitalis.com\/tunisie\/#\/schema\/person\/d71f33a9ca44f7bad4698210b480c8e9"},"headline":"Le fonds Tasdir+ s\u2019int\u00e9resse aux soci\u00e9t\u00e9s de commerce international","datePublished":"2019-02-01T12:59:00+00:00","mainEntityOfPage":{"@id":"https:\/\/kapitalis.com\/tunisie\/2019\/02\/01\/le-fonds-tasdir-sinteresse-aux-societes-de-commerce-international\/"},"wordCount":382,"commentCount":0,"publisher":{"@id":"https:\/\/kapitalis.com\/tunisie\/#organization"},"image":{"@id":"https:\/\/kapitalis.com\/tunisie\/2019\/02\/01\/le-fonds-tasdir-sinteresse-aux-societes-de-commerce-international\/#primaryimage"},"thumbnailUrl":"","keywords":["exportations","Riadh Bezzarga","Tasdir+"],"articleSection":["ECONOMIE","Tunisie"],"inLanguage":"fr-FR","potentialAction":[{"@type":"CommentAction","name":"Comment","target":["https:\/\/kapitalis.com\/tunisie\/2019\/02\/01\/le-fonds-tasdir-sinteresse-aux-societes-de-commerce-international\/#respond"]}]},{"@type":"WebPage","@id":"https:\/\/kapitalis.com\/tunisie\/2019\/02\/01\/le-fonds-tasdir-sinteresse-aux-societes-de-commerce-international\/","url":"https:\/\/kapitalis.com\/tunisie\/2019\/02\/01\/le-fonds-tasdir-sinteresse-aux-societes-de-commerce-international\/","name":"Le fonds Tasdir+ s\u2019int\u00e9resse aux soci\u00e9t\u00e9s de commerce international - Kapitalis","isPartOf":{"@id":"https:\/\/kapitalis.com\/tunisie\/#website"},"primaryImageOfPage":{"@id":"https:\/\/kapitalis.com\/tunisie\/2019\/02\/01\/le-fonds-tasdir-sinteresse-aux-societes-de-commerce-international\/#primaryimage"},"image":{"@id":"https:\/\/kapitalis.com\/tunisie\/2019\/02\/01\/le-fonds-tasdir-sinteresse-aux-societes-de-commerce-international\/#primaryimage"},"thumbnailUrl":"","datePublished":"2019-02-01T12:59:00+00:00","breadcrumb":{"@id":"https:\/\/kapitalis.com\/tunisie\/2019\/02\/01\/le-fonds-tasdir-sinteresse-aux-societes-de-commerce-international\/#breadcrumb"},"inLanguage":"fr-FR","potentialAction":[{"@type":"ReadAction","target":["https:\/\/kapitalis.com\/tunisie\/2019\/02\/01\/le-fonds-tasdir-sinteresse-aux-societes-de-commerce-international\/"]}]},{"@type":"ImageObject","inLanguage":"fr-FR","@id":"https:\/\/kapitalis.com\/tunisie\/2019\/02\/01\/le-fonds-tasdir-sinteresse-aux-societes-de-commerce-international\/#primaryimage","url":"","contentUrl":""},{"@type":"BreadcrumbList","@id":"https:\/\/kapitalis.com\/tunisie\/2019\/02\/01\/le-fonds-tasdir-sinteresse-aux-societes-de-commerce-international\/#breadcrumb","itemListElement":[{"@type":"ListItem","position":1,"name":"Accueil","item":"https:\/\/kapitalis.com\/tunisie\/"},{"@type":"ListItem","position":2,"name":"Le fonds Tasdir+ s\u2019int\u00e9resse aux soci\u00e9t\u00e9s de commerce international"}]},{"@type":"WebSite","@id":"https:\/\/kapitalis.com\/tunisie\/#website","url":"https:\/\/kapitalis.com\/tunisie\/","name":"Kapitalis","description":"L&#039;actualit\u00e9 en Tunisie et dans le monde","publisher":{"@id":"https:\/\/kapitalis.com\/tunisie\/#organization"},"potentialAction":[{"@type":"SearchAction","target":{"@type":"EntryPoint","urlTemplate":"https:\/\/kapitalis.com\/tunisie\/?s={search_term_string}"},"query-input":{"@type":"PropertyValueSpecification","valueRequired":true,"valueName":"search_term_string"}}],"inLanguage":"fr-FR"},{"@type":"Organization","@id":"https:\/\/kapitalis.com\/tunisie\/#organization","name":"Kapitalis","url":"https:\/\/kapitalis.com\/tunisie\/","logo":{"@type":"ImageObject","inLanguage":"fr-FR","@id":"https:\/\/kapitalis.com\/tunisie\/#\/schema\/logo\/image\/","url":"https:\/\/kapitalis.com\/tunisie\/wp-content\/uploads\/2022\/05\/Kapitalis-big-size.png","contentUrl":"https:\/\/kapitalis.com\/tunisie\/wp-content\/uploads\/2022\/05\/Kapitalis-big-size.png","width":5000,"height":1500,"caption":"Kapitalis"},"image":{"@id":"https:\/\/kapitalis.com\/tunisie\/#\/schema\/logo\/image\/"},"sameAs":["https:\/\/www.facebook.com\/KapitalisInfo\/","https:\/\/x.com\/KapitalisInfo","https:\/\/www.youtube.com\/channel\/UC-yDYrHyfFBWWZaOw3FPg9Q"]},{"@type":"Person","@id":"https:\/\/kapitalis.com\/tunisie\/#\/schema\/person\/d71f33a9ca44f7bad4698210b480c8e9","name":"webmaster kapitalis","url":"https:\/\/kapitalis.com\/tunisie\/author\/webmaster-kapitalis\/"}]}},"_links":{"self":[{"href":"https:\/\/kapitalis.com\/tunisie\/wp-json\/wp\/v2\/posts\/196112","targetHints":{"allow":["GET"]}}],"collection":[{"href":"https:\/\/kapitalis.com\/tunisie\/wp-json\/wp\/v2\/posts"}],"about":[{"href":"https:\/\/kapitalis.com\/tunisie\/wp-json\/wp\/v2\/types\/post"}],"author":[{"embeddable":true,"href":"https:\/\/kapitalis.com\/tunisie\/wp-json\/wp\/v2\/users\/8"}],"replies":[{"embeddable":true,"href":"https:\/\/kapitalis.com\/tunisie\/wp-json\/wp\/v2\/comments?post=196112"}],"version-history":[{"count":0,"href":"https:\/\/kapitalis.com\/tunisie\/wp-json\/wp\/v2\/posts\/196112\/revisions"}],"wp:featuredmedia":[{"embeddable":true,"href":"https:\/\/kapitalis.com\/tunisie\/wp-json\/wp\/v2\/media\/196113"}],"wp:attachment":[{"href":"https:\/\/kapitalis.com\/tunisie\/wp-json\/wp\/v2\/media?parent=196112"}],"wp:term":[{"taxonomy":"category","embeddable":true,"href":"https:\/\/kapitalis.com\/tunisie\/wp-json\/wp\/v2\/categories?post=196112"},{"taxonomy":"post_tag","embeddable":true,"href":"https:\/\/kapitalis.com\/tunisie\/wp-json\/wp\/v2\/tags?post=196112"}],"curies":[{"name":"wp","href":"https:\/\/api.w.org\/{rel}","templated":true}]}}