{"id":196119,"date":"2019-02-01T14:18:10","date_gmt":"2019-02-01T13:18:10","guid":{"rendered":"http:\/\/kapitalis.com\/tunisie\/?p=196119"},"modified":"2019-02-01T14:18:10","modified_gmt":"2019-02-01T13:18:10","slug":"kebili-achevement-dun-projet-italien-de-gestion-durable-de-leau","status":"publish","type":"post","link":"https:\/\/kapitalis.com\/tunisie\/2019\/02\/01\/kebili-achevement-dun-projet-italien-de-gestion-durable-de-leau\/","title":{"rendered":"K\u00e9bili : Ach\u00e8vement d\u2019un projet italien de gestion durable de l\u2019eau"},"content":{"rendered":"<p style=\"text-align: center;\"><img loading=\"lazy\" decoding=\"async\" class=\"alignnone size-full wp-image-196120\" src=\"http:\/\/kapitalis.com\/tunisie\/wp-content\/uploads\/2019\/02\/Kebili-Gestion-eau.jpg\" alt=\"\" width=\"626\" height=\"380\" \/><\/p>\n<p><em><strong>Un \u00e9v\u00e9nement s\u2019est r\u00e9cemment tenu \u00e0 l\u2019ambassade d\u2019Italie \u00e0 Tunis pour marquer l\u2019ach\u00e8vement d\u2019un projet tuniso-italien de collecte et de gestion durable de l\u2019eau d\u2019une dur\u00e9e de 3 ans dans la r\u00e9gion de K\u00e9bili.<\/strong><\/em><\/p>\n<p><!--more--><\/p>\n<p>Le projet vise notamment \u00e0 am\u00e9liorer la s\u00e9curit\u00e9 alimentaire mais aussi \u00e0 promouvoir un revenu \u00e9quitable et suffisant pour la communaut\u00e9 rurale concern\u00e9e, d\u2019accro\u00eetre la capacit\u00e9 des exploitations agricoles \u00e0 stocker de l\u2019eau dans cette r\u00e9gion du sud-ouest de la Tunisie, o\u00f9 cette ressource se fait rare, et de favoriser des \u00e9co-syst\u00e8mes durables.<\/p>\n<p>Les r\u00e9sultats du projet ont \u00e9t\u00e9 pr\u00e9sent\u00e9s \u00e0 la r\u00e9sidence de l\u2019ambassadeur d\u2019Italie en Tunisie, Lorenzo Fanara, en pr\u00e9sence de responsables nationaux et locaux, ainsi que de partenaires du projet.<\/p>\n<p>L\u2019initiative pour la durabilit\u00e9 a \u00e9t\u00e9 parrain\u00e9e par CNH Industrial par l\u2019interm\u00e9diaire de sa marque New Holland Agriculture, en collaboration avec l\u2019Organisation des Nations Unies pour l\u2019alimentation et l\u2019agriculture (FAO) et le minist\u00e8re de l\u2019Agriculture, des Ressources hydrauliques et de la p\u00eache, ainsi que de la Direction g\u00e9n\u00e9rale de l\u2019Am\u00e9nagement du territoire et de la conservation (DG-ACTA).<\/p>\n<p>Lanc\u00e9 en 2015, le projet a \u00e9t\u00e9 ax\u00e9 sur le d\u00e9veloppement de syst\u00e8mes int\u00e9gr\u00e9s de mobilisation de l\u2019eau et l\u2019irrigation dans le gouvernorat de K\u00e9bili.<\/p>\n<p>K\u00e9bili est le deuxi\u00e8me plus grand des 24 gouvernorats de la Tunisie. Il comprend 250 petites exploitations.<\/p>\n<p><em><strong>Source<\/strong><\/em> : <a href=\"http:\/\/www.ansamed.info\/ansamed\/en\/news\/sections\/generalnews\/2019\/01\/31\/tunisia-project-for-sustainable-water-management-in-kabylie_5d5e2f36-43f8-497a-9434-991d20fbe1d6.html\" target=\"_blank\" rel=\"noopener\">Ansamed<\/a>, traduit de l\u2019anglais par <strong>Amine Abdelmoumen<\/strong><\/p>\n","protected":false},"excerpt":{"rendered":"<p>Un \u00e9v\u00e9nement s\u2019est r\u00e9cemment tenu \u00e0 l\u2019ambassade d\u2019Italie \u00e0 Tunis pour marquer l\u2019ach\u00e8vement d\u2019un projet tuniso-italien de collecte et de gestion durable de l\u2019eau d\u2019une dur\u00e9e de 3 ans dans la r\u00e9gion de K\u00e9bili.<\/p>\n","protected":false},"author":8,"featured_media":196120,"comment_status":"open","ping_status":"open","sticky":false,"template":"","format":"standard","meta":{"footnotes":""},"categories":[995,2433],"tags":[526,46307],"class_list":["post-196119","post","type-post","status-publish","format-standard","has-post-thumbnail","hentry","category-economie","category-tunisie","tag-kebili","tag-lorenzo-fanara"],"yoast_head":"<!-- This site is optimized with the Yoast SEO plugin v26.6 - https:\/\/yoast.com\/wordpress\/plugins\/seo\/ -->\n<title>K\u00e9bili : Ach\u00e8vement d\u2019un projet italien de gestion durable de l\u2019eau - Kapitalis<\/title>\n<meta name=\"robots\" content=\"index, follow, max-snippet:-1, max-image-preview:large, max-video-preview:-1\" \/>\n<link rel=\"canonical\" href=\"https:\/\/kapitalis.com\/tunisie\/2019\/02\/01\/kebili-achevement-dun-projet-italien-de-gestion-durable-de-leau\/\" \/>\n<meta property=\"og:locale\" content=\"fr_FR\" \/>\n<meta property=\"og:type\" content=\"article\" \/>\n<meta property=\"og:title\" content=\"K\u00e9bili : Ach\u00e8vement d\u2019un projet italien de gestion durable de l\u2019eau - Kapitalis\" \/>\n<meta property=\"og:description\" content=\"Un \u00e9v\u00e9nement s\u2019est r\u00e9cemment tenu \u00e0 l\u2019ambassade d\u2019Italie \u00e0 Tunis pour marquer l\u2019ach\u00e8vement d\u2019un projet tuniso-italien de collecte et de gestion durable de l\u2019eau d\u2019une dur\u00e9e de 3 ans dans la r\u00e9gion de K\u00e9bili.\" \/>\n<meta property=\"og:url\" content=\"https:\/\/kapitalis.com\/tunisie\/2019\/02\/01\/kebili-achevement-dun-projet-italien-de-gestion-durable-de-leau\/\" \/>\n<meta property=\"og:site_name\" content=\"Kapitalis\" \/>\n<meta property=\"article:publisher\" content=\"https:\/\/www.facebook.com\/KapitalisInfo\/\" \/>\n<meta property=\"article:published_time\" content=\"2019-02-01T13:18:10+00:00\" \/>\n<meta property=\"og:image\" content=\"https:\/\/kapitalis.com\/tunisie\/wp-content\/uploads\/2022\/05\/kapitalis-logo-fb.png\" \/>\n\t<meta property=\"og:image:width\" content=\"1200\" \/>\n\t<meta property=\"og:image:height\" content=\"630\" \/>\n\t<meta property=\"og:image:type\" content=\"image\/png\" \/>\n<meta name=\"author\" content=\"webmaster kapitalis\" \/>\n<meta name=\"twitter:card\" content=\"summary_large_image\" \/>\n<meta name=\"twitter:creator\" content=\"@KapitalisInfo\" \/>\n<meta name=\"twitter:site\" content=\"@KapitalisInfo\" \/>\n<meta name=\"twitter:label1\" content=\"\u00c9crit par\" \/>\n\t<meta name=\"twitter:data1\" content=\"webmaster kapitalis\" \/>\n\t<meta name=\"twitter:label2\" content=\"Dur\u00e9e de lecture estim\u00e9e\" \/>\n\t<meta name=\"twitter:data2\" content=\"1 minute\" \/>\n<script type=\"application\/ld+json\" class=\"yoast-schema-graph\">{\"@context\":\"https:\/\/schema.org\",\"@graph\":[{\"@type\":\"Article\",\"@id\":\"https:\/\/kapitalis.com\/tunisie\/2019\/02\/01\/kebili-achevement-dun-projet-italien-de-gestion-durable-de-leau\/#article\",\"isPartOf\":{\"@id\":\"https:\/\/kapitalis.com\/tunisie\/2019\/02\/01\/kebili-achevement-dun-projet-italien-de-gestion-durable-de-leau\/\"},\"author\":{\"name\":\"webmaster kapitalis\",\"@id\":\"https:\/\/kapitalis.com\/tunisie\/#\/schema\/person\/d71f33a9ca44f7bad4698210b480c8e9\"},\"headline\":\"K\u00e9bili : Ach\u00e8vement d\u2019un projet italien de gestion durable de l\u2019eau\",\"datePublished\":\"2019-02-01T13:18:10+00:00\",\"mainEntityOfPage\":{\"@id\":\"https:\/\/kapitalis.com\/tunisie\/2019\/02\/01\/kebili-achevement-dun-projet-italien-de-gestion-durable-de-leau\/\"},\"wordCount\":280,\"commentCount\":1,\"publisher\":{\"@id\":\"https:\/\/kapitalis.com\/tunisie\/#organization\"},\"image\":{\"@id\":\"https:\/\/kapitalis.com\/tunisie\/2019\/02\/01\/kebili-achevement-dun-projet-italien-de-gestion-durable-de-leau\/#primaryimage\"},\"thumbnailUrl\":\"\",\"keywords\":[\"K\u00e9bili\",\"Lorenzo Fanara\"],\"articleSection\":[\"ECONOMIE\",\"Tunisie\"],\"inLanguage\":\"fr-FR\",\"potentialAction\":[{\"@type\":\"CommentAction\",\"name\":\"Comment\",\"target\":[\"https:\/\/kapitalis.com\/tunisie\/2019\/02\/01\/kebili-achevement-dun-projet-italien-de-gestion-durable-de-leau\/#respond\"]}]},{\"@type\":\"WebPage\",\"@id\":\"https:\/\/kapitalis.com\/tunisie\/2019\/02\/01\/kebili-achevement-dun-projet-italien-de-gestion-durable-de-leau\/\",\"url\":\"https:\/\/kapitalis.com\/tunisie\/2019\/02\/01\/kebili-achevement-dun-projet-italien-de-gestion-durable-de-leau\/\",\"name\":\"K\u00e9bili : Ach\u00e8vement d\u2019un projet italien de gestion durable de l\u2019eau - Kapitalis\",\"isPartOf\":{\"@id\":\"https:\/\/kapitalis.com\/tunisie\/#website\"},\"primaryImageOfPage\":{\"@id\":\"https:\/\/kapitalis.com\/tunisie\/2019\/02\/01\/kebili-achevement-dun-projet-italien-de-gestion-durable-de-leau\/#primaryimage\"},\"image\":{\"@id\":\"https:\/\/kapitalis.com\/tunisie\/2019\/02\/01\/kebili-achevement-dun-projet-italien-de-gestion-durable-de-leau\/#primaryimage\"},\"thumbnailUrl\":\"\",\"datePublished\":\"2019-02-01T13:18:10+00:00\",\"breadcrumb\":{\"@id\":\"https:\/\/kapitalis.com\/tunisie\/2019\/02\/01\/kebili-achevement-dun-projet-italien-de-gestion-durable-de-leau\/#breadcrumb\"},\"inLanguage\":\"fr-FR\",\"potentialAction\":[{\"@type\":\"ReadAction\",\"target\":[\"https:\/\/kapitalis.com\/tunisie\/2019\/02\/01\/kebili-achevement-dun-projet-italien-de-gestion-durable-de-leau\/\"]}]},{\"@type\":\"ImageObject\",\"inLanguage\":\"fr-FR\",\"@id\":\"https:\/\/kapitalis.com\/tunisie\/2019\/02\/01\/kebili-achevement-dun-projet-italien-de-gestion-durable-de-leau\/#primaryimage\",\"url\":\"\",\"contentUrl\":\"\"},{\"@type\":\"BreadcrumbList\",\"@id\":\"https:\/\/kapitalis.com\/tunisie\/2019\/02\/01\/kebili-achevement-dun-projet-italien-de-gestion-durable-de-leau\/#breadcrumb\",\"itemListElement\":[{\"@type\":\"ListItem\",\"position\":1,\"name\":\"Accueil\",\"item\":\"https:\/\/kapitalis.com\/tunisie\/\"},{\"@type\":\"ListItem\",\"position\":2,\"name\":\"K\u00e9bili : Ach\u00e8vement d\u2019un projet italien de gestion durable de l\u2019eau\"}]},{\"@type\":\"WebSite\",\"@id\":\"https:\/\/kapitalis.com\/tunisie\/#website\",\"url\":\"https:\/\/kapitalis.com\/tunisie\/\",\"name\":\"Kapitalis\",\"description\":\"L&#039;actualit\u00e9 en Tunisie et dans le monde\",\"publisher\":{\"@id\":\"https:\/\/kapitalis.com\/tunisie\/#organization\"},\"potentialAction\":[{\"@type\":\"SearchAction\",\"target\":{\"@type\":\"EntryPoint\",\"urlTemplate\":\"https:\/\/kapitalis.com\/tunisie\/?s={search_term_string}\"},\"query-input\":{\"@type\":\"PropertyValueSpecification\",\"valueRequired\":true,\"valueName\":\"search_term_string\"}}],\"inLanguage\":\"fr-FR\"},{\"@type\":\"Organization\",\"@id\":\"https:\/\/kapitalis.com\/tunisie\/#organization\",\"name\":\"Kapitalis\",\"url\":\"https:\/\/kapitalis.com\/tunisie\/\",\"logo\":{\"@type\":\"ImageObject\",\"inLanguage\":\"fr-FR\",\"@id\":\"https:\/\/kapitalis.com\/tunisie\/#\/schema\/logo\/image\/\",\"url\":\"https:\/\/kapitalis.com\/tunisie\/wp-content\/uploads\/2022\/05\/Kapitalis-big-size.png\",\"contentUrl\":\"https:\/\/kapitalis.com\/tunisie\/wp-content\/uploads\/2022\/05\/Kapitalis-big-size.png\",\"width\":5000,\"height\":1500,\"caption\":\"Kapitalis\"},\"image\":{\"@id\":\"https:\/\/kapitalis.com\/tunisie\/#\/schema\/logo\/image\/\"},\"sameAs\":[\"https:\/\/www.facebook.com\/KapitalisInfo\/\",\"https:\/\/x.com\/KapitalisInfo\",\"https:\/\/www.youtube.com\/channel\/UC-yDYrHyfFBWWZaOw3FPg9Q\"]},{\"@type\":\"Person\",\"@id\":\"https:\/\/kapitalis.com\/tunisie\/#\/schema\/person\/d71f33a9ca44f7bad4698210b480c8e9\",\"name\":\"webmaster kapitalis\",\"url\":\"https:\/\/kapitalis.com\/tunisie\/author\/webmaster-kapitalis\/\"}]}<\/script>\n<!-- \/ Yoast SEO plugin. -->","yoast_head_json":{"title":"K\u00e9bili : Ach\u00e8vement d\u2019un projet italien de gestion durable de l\u2019eau - Kapitalis","robots":{"index":"index","follow":"follow","max-snippet":"max-snippet:-1","max-image-preview":"max-image-preview:large","max-video-preview":"max-video-preview:-1"},"canonical":"https:\/\/kapitalis.com\/tunisie\/2019\/02\/01\/kebili-achevement-dun-projet-italien-de-gestion-durable-de-leau\/","og_locale":"fr_FR","og_type":"article","og_title":"K\u00e9bili : Ach\u00e8vement d\u2019un projet italien de gestion durable de l\u2019eau - Kapitalis","og_description":"Un \u00e9v\u00e9nement s\u2019est r\u00e9cemment tenu \u00e0 l\u2019ambassade d\u2019Italie \u00e0 Tunis pour marquer l\u2019ach\u00e8vement d\u2019un projet tuniso-italien de collecte et de gestion durable de l\u2019eau d\u2019une dur\u00e9e de 3 ans dans la r\u00e9gion de K\u00e9bili.","og_url":"https:\/\/kapitalis.com\/tunisie\/2019\/02\/01\/kebili-achevement-dun-projet-italien-de-gestion-durable-de-leau\/","og_site_name":"Kapitalis","article_publisher":"https:\/\/www.facebook.com\/KapitalisInfo\/","article_published_time":"2019-02-01T13:18:10+00:00","og_image":[{"width":1200,"height":630,"url":"https:\/\/kapitalis.com\/tunisie\/wp-content\/uploads\/2022\/05\/kapitalis-logo-fb.png","type":"image\/png"}],"author":"webmaster kapitalis","twitter_card":"summary_large_image","twitter_creator":"@KapitalisInfo","twitter_site":"@KapitalisInfo","twitter_misc":{"\u00c9crit par":"webmaster kapitalis","Dur\u00e9e de lecture estim\u00e9e":"1 minute"},"schema":{"@context":"https:\/\/schema.org","@graph":[{"@type":"Article","@id":"https:\/\/kapitalis.com\/tunisie\/2019\/02\/01\/kebili-achevement-dun-projet-italien-de-gestion-durable-de-leau\/#article","isPartOf":{"@id":"https:\/\/kapitalis.com\/tunisie\/2019\/02\/01\/kebili-achevement-dun-projet-italien-de-gestion-durable-de-leau\/"},"author":{"name":"webmaster kapitalis","@id":"https:\/\/kapitalis.com\/tunisie\/#\/schema\/person\/d71f33a9ca44f7bad4698210b480c8e9"},"headline":"K\u00e9bili : Ach\u00e8vement d\u2019un projet italien de gestion durable de l\u2019eau","datePublished":"2019-02-01T13:18:10+00:00","mainEntityOfPage":{"@id":"https:\/\/kapitalis.com\/tunisie\/2019\/02\/01\/kebili-achevement-dun-projet-italien-de-gestion-durable-de-leau\/"},"wordCount":280,"commentCount":1,"publisher":{"@id":"https:\/\/kapitalis.com\/tunisie\/#organization"},"image":{"@id":"https:\/\/kapitalis.com\/tunisie\/2019\/02\/01\/kebili-achevement-dun-projet-italien-de-gestion-durable-de-leau\/#primaryimage"},"thumbnailUrl":"","keywords":["K\u00e9bili","Lorenzo Fanara"],"articleSection":["ECONOMIE","Tunisie"],"inLanguage":"fr-FR","potentialAction":[{"@type":"CommentAction","name":"Comment","target":["https:\/\/kapitalis.com\/tunisie\/2019\/02\/01\/kebili-achevement-dun-projet-italien-de-gestion-durable-de-leau\/#respond"]}]},{"@type":"WebPage","@id":"https:\/\/kapitalis.com\/tunisie\/2019\/02\/01\/kebili-achevement-dun-projet-italien-de-gestion-durable-de-leau\/","url":"https:\/\/kapitalis.com\/tunisie\/2019\/02\/01\/kebili-achevement-dun-projet-italien-de-gestion-durable-de-leau\/","name":"K\u00e9bili : Ach\u00e8vement d\u2019un projet italien de gestion durable de l\u2019eau - Kapitalis","isPartOf":{"@id":"https:\/\/kapitalis.com\/tunisie\/#website"},"primaryImageOfPage":{"@id":"https:\/\/kapitalis.com\/tunisie\/2019\/02\/01\/kebili-achevement-dun-projet-italien-de-gestion-durable-de-leau\/#primaryimage"},"image":{"@id":"https:\/\/kapitalis.com\/tunisie\/2019\/02\/01\/kebili-achevement-dun-projet-italien-de-gestion-durable-de-leau\/#primaryimage"},"thumbnailUrl":"","datePublished":"2019-02-01T13:18:10+00:00","breadcrumb":{"@id":"https:\/\/kapitalis.com\/tunisie\/2019\/02\/01\/kebili-achevement-dun-projet-italien-de-gestion-durable-de-leau\/#breadcrumb"},"inLanguage":"fr-FR","potentialAction":[{"@type":"ReadAction","target":["https:\/\/kapitalis.com\/tunisie\/2019\/02\/01\/kebili-achevement-dun-projet-italien-de-gestion-durable-de-leau\/"]}]},{"@type":"ImageObject","inLanguage":"fr-FR","@id":"https:\/\/kapitalis.com\/tunisie\/2019\/02\/01\/kebili-achevement-dun-projet-italien-de-gestion-durable-de-leau\/#primaryimage","url":"","contentUrl":""},{"@type":"BreadcrumbList","@id":"https:\/\/kapitalis.com\/tunisie\/2019\/02\/01\/kebili-achevement-dun-projet-italien-de-gestion-durable-de-leau\/#breadcrumb","itemListElement":[{"@type":"ListItem","position":1,"name":"Accueil","item":"https:\/\/kapitalis.com\/tunisie\/"},{"@type":"ListItem","position":2,"name":"K\u00e9bili : Ach\u00e8vement d\u2019un projet italien de gestion durable de l\u2019eau"}]},{"@type":"WebSite","@id":"https:\/\/kapitalis.com\/tunisie\/#website","url":"https:\/\/kapitalis.com\/tunisie\/","name":"Kapitalis","description":"L&#039;actualit\u00e9 en Tunisie et dans le monde","publisher":{"@id":"https:\/\/kapitalis.com\/tunisie\/#organization"},"potentialAction":[{"@type":"SearchAction","target":{"@type":"EntryPoint","urlTemplate":"https:\/\/kapitalis.com\/tunisie\/?s={search_term_string}"},"query-input":{"@type":"PropertyValueSpecification","valueRequired":true,"valueName":"search_term_string"}}],"inLanguage":"fr-FR"},{"@type":"Organization","@id":"https:\/\/kapitalis.com\/tunisie\/#organization","name":"Kapitalis","url":"https:\/\/kapitalis.com\/tunisie\/","logo":{"@type":"ImageObject","inLanguage":"fr-FR","@id":"https:\/\/kapitalis.com\/tunisie\/#\/schema\/logo\/image\/","url":"https:\/\/kapitalis.com\/tunisie\/wp-content\/uploads\/2022\/05\/Kapitalis-big-size.png","contentUrl":"https:\/\/kapitalis.com\/tunisie\/wp-content\/uploads\/2022\/05\/Kapitalis-big-size.png","width":5000,"height":1500,"caption":"Kapitalis"},"image":{"@id":"https:\/\/kapitalis.com\/tunisie\/#\/schema\/logo\/image\/"},"sameAs":["https:\/\/www.facebook.com\/KapitalisInfo\/","https:\/\/x.com\/KapitalisInfo","https:\/\/www.youtube.com\/channel\/UC-yDYrHyfFBWWZaOw3FPg9Q"]},{"@type":"Person","@id":"https:\/\/kapitalis.com\/tunisie\/#\/schema\/person\/d71f33a9ca44f7bad4698210b480c8e9","name":"webmaster kapitalis","url":"https:\/\/kapitalis.com\/tunisie\/author\/webmaster-kapitalis\/"}]}},"_links":{"self":[{"href":"https:\/\/kapitalis.com\/tunisie\/wp-json\/wp\/v2\/posts\/196119","targetHints":{"allow":["GET"]}}],"collection":[{"href":"https:\/\/kapitalis.com\/tunisie\/wp-json\/wp\/v2\/posts"}],"about":[{"href":"https:\/\/kapitalis.com\/tunisie\/wp-json\/wp\/v2\/types\/post"}],"author":[{"embeddable":true,"href":"https:\/\/kapitalis.com\/tunisie\/wp-json\/wp\/v2\/users\/8"}],"replies":[{"embeddable":true,"href":"https:\/\/kapitalis.com\/tunisie\/wp-json\/wp\/v2\/comments?post=196119"}],"version-history":[{"count":0,"href":"https:\/\/kapitalis.com\/tunisie\/wp-json\/wp\/v2\/posts\/196119\/revisions"}],"wp:featuredmedia":[{"embeddable":true,"href":"https:\/\/kapitalis.com\/tunisie\/wp-json\/wp\/v2\/media\/196120"}],"wp:attachment":[{"href":"https:\/\/kapitalis.com\/tunisie\/wp-json\/wp\/v2\/media?parent=196119"}],"wp:term":[{"taxonomy":"category","embeddable":true,"href":"https:\/\/kapitalis.com\/tunisie\/wp-json\/wp\/v2\/categories?post=196119"},{"taxonomy":"post_tag","embeddable":true,"href":"https:\/\/kapitalis.com\/tunisie\/wp-json\/wp\/v2\/tags?post=196119"}],"curies":[{"name":"wp","href":"https:\/\/api.w.org\/{rel}","templated":true}]}}