{"id":1961805,"date":"2022-07-05T00:54:22","date_gmt":"2022-07-04T23:54:22","guid":{"rendered":"https:\/\/kapitalis.com\/tunisie\/?p=1961805"},"modified":"2022-07-05T00:58:05","modified_gmt":"2022-07-04T23:58:05","slug":"tunisie-lisie-presente-le-bulletin-de-vote-pour-le-referendum-du-25-juillet","status":"publish","type":"post","link":"https:\/\/kapitalis.com\/tunisie\/2022\/07\/05\/tunisie-lisie-presente-le-bulletin-de-vote-pour-le-referendum-du-25-juillet\/","title":{"rendered":"Tunisie : L&rsquo;Isie pr\u00e9sente le bulletin de vote pour le r\u00e9f\u00e9rendum du 25 juillet"},"content":{"rendered":"\n<p><strong><em>L&rsquo;Instance sup\u00e9rieure ind\u00e9pendante pour les \u00e9lections (Isie) a publi\u00e9, dans la soir\u00e9e de ce lundi 4 juillet 2022, le mod\u00e8le du bulletin de vote pour le r\u00e9f\u00e9rendum du 25 juillet.<\/em><\/strong><\/p>\n\n\n\n<!--more-->\n\n\n\n<p>Le bulletin pr\u00e9sente une seule question \u00e9crite en deux langues (arabe &amp; fran\u00e7ais): \u00ab<em>Approuvez-vous le projet de la nouvelle constitution de la R\u00e9publique tunisienne ?<\/em>\u00bb, \u00e0 laquelle les \u00e9lecteurs devront r\u00e9pondre en cochant une des cases \u00ab\u00a0Oui\u00a0\u00bb ou \u00ab\u00a0Non\u00a0\u00bb.<\/p>\n\n\n\n<p><em>\u00abL\u2019\u00e9lecteur devra choisir une seule r\u00e9ponse\u00bb<\/em>, pr\u00e9cise-t-on dans le bulletin.<\/p>\n\n\n<div class=\"wp-block-image\">\n<figure class=\"aligncenter size-full is-resized\"><img decoding=\"async\" src=\"https:\/\/kapitalis.com\/tunisie\/wp-content\/uploads\/2022\/07\/isie.jpg\" alt=\"\" class=\"wp-image-1961837\" width=\"500\" srcset=\"https:\/\/kapitalis.com\/tunisie\/wp-content\/uploads\/2022\/07\/isie.jpg 596w, https:\/\/kapitalis.com\/tunisie\/wp-content\/uploads\/2022\/07\/isie-300x172.jpg 300w, https:\/\/kapitalis.com\/tunisie\/wp-content\/uploads\/2022\/07\/isie-580x332.jpg 580w\" sizes=\"(max-width: 596px) 100vw, 596px\" \/><\/figure>\n<\/div>\n\n\n<p>Rappelons que plusieurs parties et partis ont officiellement appel\u00e9 au boycott, notamment le PDL, Attayar, Al-Karama, AL-Massar ou encore, Amal wa enjaz r\u00e9cemment fond\u00e9 par Abdellatif Mekki.<\/p>\n\n\n\n<p>D&rsquo;autres, en revanche, comme Afek Tounes ont demand\u00e9 aux citoyens de se rendre en masse aux urnes pour voter contre le projet de la constitution alors que Mouvement Echaab a appel\u00e9 \u00e0 voter en faveur de la nouvelle constitution et que la centrale syndicale (UGTT) a finalement laiss\u00e9 le libre choix de vote \u00e0 ses adh\u00e9rents.<\/p>\n\n\n\n<p>Notons aussi que Sadok Belaid, le pr\u00e9sident de la Commission nationale consultative pour la nouvelle constitution, a reni\u00e9 le projet en \u00e9crivant dans une lettre ouverte, dans laquelle on peut notamment lire : \u00ab<em>En ma qualit\u00e9 de coordinateur de la Commission nationale consultative, et apr\u00e8s concertation avec mon ami, Amin Mahfoudh, et avec son accord, je d\u00e9clare avec regret et en pleine conscience de la responsabilit\u00e9 envers le peuple tunisien, qui aura la derni\u00e8re d\u00e9cision dans ce domaine, que la Commission est totalement innocente du projet que le pr\u00e9sident a propos\u00e9 au r\u00e9f\u00e9rendum national\u00bb, <\/em>a-t-il notamment \u00e9crit en affirmant que \u00able texte publi\u00e9 par la pr\u00e9sidence de la r\u00e9publique pr\u00e9sente de graves dangers et \u00e9cueils\u00bb<\/p>\n\n\n\n<p class=\"has-text-align-right\"><strong>Y. N.<\/strong><\/p>\n\n\n\n<figure class=\"wp-block-embed is-type-wp-embed is-provider-kapitalis wp-block-embed-kapitalis\"><div class=\"wp-block-embed__wrapper\">\n<blockquote class=\"wp-embedded-content\" data-secret=\"OmrKCPzrZV\"><a href=\"https:\/\/kapitalis.com\/tunisie\/2022\/07\/02\/tunisie-referendum-lugtt-laisse-le-libre-choix-de-vote-a-ses-adherents\/\">Tunisie-R\u00e9f\u00e9rendum : L&rsquo;UGTT laisse le libre choix de vote \u00e0 ses adh\u00e9rents<\/a><\/blockquote><iframe loading=\"lazy\" class=\"wp-embedded-content\" sandbox=\"allow-scripts\" security=\"restricted\" style=\"position: absolute; clip: rect(1px, 1px, 1px, 1px);\" title=\"\u00ab\u00a0Tunisie-R\u00e9f\u00e9rendum : L&rsquo;UGTT laisse le libre choix de vote \u00e0 ses adh\u00e9rents\u00a0\u00bb &#8212; Kapitalis\" src=\"https:\/\/kapitalis.com\/tunisie\/2022\/07\/02\/tunisie-referendum-lugtt-laisse-le-libre-choix-de-vote-a-ses-adherents\/embed\/#?secret=cEo6W3Az8R#?secret=OmrKCPzrZV\" data-secret=\"OmrKCPzrZV\" width=\"600\" height=\"338\" frameborder=\"0\" marginwidth=\"0\" marginheight=\"0\" scrolling=\"no\"><\/iframe>\n<\/div><\/figure>\n\n\n\n<figure class=\"wp-block-embed is-type-wp-embed is-provider-kapitalis wp-block-embed-kapitalis\"><div class=\"wp-block-embed__wrapper\">\n<blockquote class=\"wp-embedded-content\" data-secret=\"PEDmRYE3MU\"><a href=\"https:\/\/kapitalis.com\/tunisie\/2022\/07\/04\/salwa-hamrouni-la-constitution-de-kais-saied-netablit-pas-dequilibre-entre-les-pouvoirs\/\">Salwa Hamrouni\u00a0: \u00abLa constitution de Ka\u00efs Sa\u00efed n\u2019\u00e9tablit pas d\u2019\u00e9quilibre entre les pouvoirs\u00bb<\/a><\/blockquote><iframe loading=\"lazy\" class=\"wp-embedded-content\" sandbox=\"allow-scripts\" security=\"restricted\" style=\"position: absolute; clip: rect(1px, 1px, 1px, 1px);\" title=\"\u00ab\u00a0Salwa Hamrouni\u00a0: \u00abLa constitution de Ka\u00efs Sa\u00efed n\u2019\u00e9tablit pas d\u2019\u00e9quilibre entre les pouvoirs\u00bb\u00a0\u00bb &#8212; Kapitalis\" src=\"https:\/\/kapitalis.com\/tunisie\/2022\/07\/04\/salwa-hamrouni-la-constitution-de-kais-saied-netablit-pas-dequilibre-entre-les-pouvoirs\/embed\/#?secret=49QVoSCXiF#?secret=PEDmRYE3MU\" data-secret=\"PEDmRYE3MU\" width=\"600\" height=\"338\" frameborder=\"0\" marginwidth=\"0\" marginheight=\"0\" scrolling=\"no\"><\/iframe>\n<\/div><\/figure>\n","protected":false},"excerpt":{"rendered":"<p>Tunisie : L&rsquo;Isie pr\u00e9sente le bulletin de vote pour le r\u00e9f\u00e9rendum du 25 juillet<\/p>\n","protected":false},"author":6,"featured_media":928173,"comment_status":"open","ping_status":"open","sticky":false,"template":"","format":"standard","meta":{"footnotes":""},"categories":[997,998,2433],"tags":[76920,101174,230,101173,499,2889,3670],"class_list":["post-1961805","post","type-post","status-publish","format-standard","has-post-thumbnail","hentry","category-politique","category-societe","category-tunisie","tag-25-juillet","tag-bulletin-de-vote","tag-constitution","tag-electeur-2","tag-isie","tag-referendum","tag-vote"],"yoast_head":"<!-- This site is optimized with the Yoast SEO plugin v26.6 - https:\/\/yoast.com\/wordpress\/plugins\/seo\/ -->\n<title>Tunisie : L&#039;Isie pr\u00e9sente le bulletin de vote pour le r\u00e9f\u00e9rendum du 25 juillet - Kapitalis<\/title>\n<meta name=\"description\" content=\"L&#039;Instance sup\u00e9rieure ind\u00e9pendante pour les \u00e9lections (Isie) a publi\u00e9, dans la soir\u00e9e de ce lundi 4 juillet 2022, le mod\u00e8le du bulletin de vote pour le r\u00e9f\u00e9rendum du 25 juillet.\" \/>\n<meta name=\"robots\" content=\"index, follow, max-snippet:-1, max-image-preview:large, max-video-preview:-1\" \/>\n<link rel=\"canonical\" href=\"https:\/\/kapitalis.com\/tunisie\/2022\/07\/05\/tunisie-lisie-presente-le-bulletin-de-vote-pour-le-referendum-du-25-juillet\/\" \/>\n<meta property=\"og:locale\" content=\"fr_FR\" \/>\n<meta property=\"og:type\" content=\"article\" \/>\n<meta property=\"og:title\" content=\"Tunisie : L&#039;Isie pr\u00e9sente le bulletin de vote pour le r\u00e9f\u00e9rendum du 25 juillet - Kapitalis\" \/>\n<meta property=\"og:description\" content=\"L&#039;Instance sup\u00e9rieure ind\u00e9pendante pour les \u00e9lections (Isie) a publi\u00e9, dans la soir\u00e9e de ce lundi 4 juillet 2022, le mod\u00e8le du bulletin de vote pour le r\u00e9f\u00e9rendum du 25 juillet.\" \/>\n<meta property=\"og:url\" content=\"https:\/\/kapitalis.com\/tunisie\/2022\/07\/05\/tunisie-lisie-presente-le-bulletin-de-vote-pour-le-referendum-du-25-juillet\/\" \/>\n<meta property=\"og:site_name\" content=\"Kapitalis\" \/>\n<meta property=\"article:publisher\" content=\"https:\/\/www.facebook.com\/KapitalisInfo\/\" \/>\n<meta property=\"article:published_time\" content=\"2022-07-04T23:54:22+00:00\" \/>\n<meta property=\"article:modified_time\" content=\"2022-07-04T23:58:05+00:00\" \/>\n<meta property=\"og:image\" content=\"https:\/\/kapitalis.com\/tunisie\/wp-content\/uploads\/2022\/05\/isie-2.jpg\" \/>\n\t<meta property=\"og:image:width\" content=\"1200\" \/>\n\t<meta property=\"og:image:height\" content=\"630\" \/>\n\t<meta property=\"og:image:type\" content=\"image\/jpeg\" \/>\n<meta name=\"author\" content=\"Yusra NY\" \/>\n<meta name=\"twitter:card\" content=\"summary_large_image\" \/>\n<meta name=\"twitter:creator\" content=\"@KapitalisInfo\" \/>\n<meta name=\"twitter:site\" content=\"@KapitalisInfo\" \/>\n<meta name=\"twitter:label1\" content=\"\u00c9crit par\" \/>\n\t<meta name=\"twitter:data1\" content=\"Yusra NY\" \/>\n\t<meta name=\"twitter:label2\" content=\"Dur\u00e9e de lecture estim\u00e9e\" \/>\n\t<meta name=\"twitter:data2\" content=\"2 minutes\" \/>\n<script type=\"application\/ld+json\" class=\"yoast-schema-graph\">{\"@context\":\"https:\/\/schema.org\",\"@graph\":[{\"@type\":\"Article\",\"@id\":\"https:\/\/kapitalis.com\/tunisie\/2022\/07\/05\/tunisie-lisie-presente-le-bulletin-de-vote-pour-le-referendum-du-25-juillet\/#article\",\"isPartOf\":{\"@id\":\"https:\/\/kapitalis.com\/tunisie\/2022\/07\/05\/tunisie-lisie-presente-le-bulletin-de-vote-pour-le-referendum-du-25-juillet\/\"},\"author\":{\"name\":\"Yusra NY\",\"@id\":\"https:\/\/kapitalis.com\/tunisie\/#\/schema\/person\/74bbde0154d49d790a92aaeac5bc01d5\"},\"headline\":\"Tunisie : L&rsquo;Isie pr\u00e9sente le bulletin de vote pour le r\u00e9f\u00e9rendum du 25 juillet\",\"datePublished\":\"2022-07-04T23:54:22+00:00\",\"dateModified\":\"2022-07-04T23:58:05+00:00\",\"mainEntityOfPage\":{\"@id\":\"https:\/\/kapitalis.com\/tunisie\/2022\/07\/05\/tunisie-lisie-presente-le-bulletin-de-vote-pour-le-referendum-du-25-juillet\/\"},\"wordCount\":322,\"commentCount\":6,\"publisher\":{\"@id\":\"https:\/\/kapitalis.com\/tunisie\/#organization\"},\"image\":{\"@id\":\"https:\/\/kapitalis.com\/tunisie\/2022\/07\/05\/tunisie-lisie-presente-le-bulletin-de-vote-pour-le-referendum-du-25-juillet\/#primaryimage\"},\"thumbnailUrl\":\"https:\/\/kapitalis.com\/tunisie\/wp-content\/uploads\/2022\/05\/isie-2.jpg\",\"keywords\":[\"25 juillet\",\"bulletin de vote\",\"constitution\",\"\u00e9l\u00e9cteur\",\"Isie\",\"r\u00e9f\u00e9rendum\",\"vote\"],\"articleSection\":[\"POLITIQUE\",\"SOCIETE\",\"Tunisie\"],\"inLanguage\":\"fr-FR\",\"potentialAction\":[{\"@type\":\"CommentAction\",\"name\":\"Comment\",\"target\":[\"https:\/\/kapitalis.com\/tunisie\/2022\/07\/05\/tunisie-lisie-presente-le-bulletin-de-vote-pour-le-referendum-du-25-juillet\/#respond\"]}]},{\"@type\":\"WebPage\",\"@id\":\"https:\/\/kapitalis.com\/tunisie\/2022\/07\/05\/tunisie-lisie-presente-le-bulletin-de-vote-pour-le-referendum-du-25-juillet\/\",\"url\":\"https:\/\/kapitalis.com\/tunisie\/2022\/07\/05\/tunisie-lisie-presente-le-bulletin-de-vote-pour-le-referendum-du-25-juillet\/\",\"name\":\"Tunisie : L'Isie pr\u00e9sente le bulletin de vote pour le r\u00e9f\u00e9rendum du 25 juillet - Kapitalis\",\"isPartOf\":{\"@id\":\"https:\/\/kapitalis.com\/tunisie\/#website\"},\"primaryImageOfPage\":{\"@id\":\"https:\/\/kapitalis.com\/tunisie\/2022\/07\/05\/tunisie-lisie-presente-le-bulletin-de-vote-pour-le-referendum-du-25-juillet\/#primaryimage\"},\"image\":{\"@id\":\"https:\/\/kapitalis.com\/tunisie\/2022\/07\/05\/tunisie-lisie-presente-le-bulletin-de-vote-pour-le-referendum-du-25-juillet\/#primaryimage\"},\"thumbnailUrl\":\"https:\/\/kapitalis.com\/tunisie\/wp-content\/uploads\/2022\/05\/isie-2.jpg\",\"datePublished\":\"2022-07-04T23:54:22+00:00\",\"dateModified\":\"2022-07-04T23:58:05+00:00\",\"description\":\"L'Instance sup\u00e9rieure ind\u00e9pendante pour les \u00e9lections (Isie) a publi\u00e9, dans la soir\u00e9e de ce lundi 4 juillet 2022, le mod\u00e8le du bulletin de vote pour le r\u00e9f\u00e9rendum du 25 juillet.\",\"breadcrumb\":{\"@id\":\"https:\/\/kapitalis.com\/tunisie\/2022\/07\/05\/tunisie-lisie-presente-le-bulletin-de-vote-pour-le-referendum-du-25-juillet\/#breadcrumb\"},\"inLanguage\":\"fr-FR\",\"potentialAction\":[{\"@type\":\"ReadAction\",\"target\":[\"https:\/\/kapitalis.com\/tunisie\/2022\/07\/05\/tunisie-lisie-presente-le-bulletin-de-vote-pour-le-referendum-du-25-juillet\/\"]}]},{\"@type\":\"ImageObject\",\"inLanguage\":\"fr-FR\",\"@id\":\"https:\/\/kapitalis.com\/tunisie\/2022\/07\/05\/tunisie-lisie-presente-le-bulletin-de-vote-pour-le-referendum-du-25-juillet\/#primaryimage\",\"url\":\"https:\/\/kapitalis.com\/tunisie\/wp-content\/uploads\/2022\/05\/isie-2.jpg\",\"contentUrl\":\"https:\/\/kapitalis.com\/tunisie\/wp-content\/uploads\/2022\/05\/isie-2.jpg\",\"width\":1200,\"height\":630},{\"@type\":\"BreadcrumbList\",\"@id\":\"https:\/\/kapitalis.com\/tunisie\/2022\/07\/05\/tunisie-lisie-presente-le-bulletin-de-vote-pour-le-referendum-du-25-juillet\/#breadcrumb\",\"itemListElement\":[{\"@type\":\"ListItem\",\"position\":1,\"name\":\"Accueil\",\"item\":\"https:\/\/kapitalis.com\/tunisie\/\"},{\"@type\":\"ListItem\",\"position\":2,\"name\":\"Tunisie : L&rsquo;Isie pr\u00e9sente le bulletin de vote pour le r\u00e9f\u00e9rendum du 25 juillet\"}]},{\"@type\":\"WebSite\",\"@id\":\"https:\/\/kapitalis.com\/tunisie\/#website\",\"url\":\"https:\/\/kapitalis.com\/tunisie\/\",\"name\":\"Kapitalis\",\"description\":\"L&#039;actualit\u00e9 en Tunisie et dans le monde\",\"publisher\":{\"@id\":\"https:\/\/kapitalis.com\/tunisie\/#organization\"},\"potentialAction\":[{\"@type\":\"SearchAction\",\"target\":{\"@type\":\"EntryPoint\",\"urlTemplate\":\"https:\/\/kapitalis.com\/tunisie\/?s={search_term_string}\"},\"query-input\":{\"@type\":\"PropertyValueSpecification\",\"valueRequired\":true,\"valueName\":\"search_term_string\"}}],\"inLanguage\":\"fr-FR\"},{\"@type\":\"Organization\",\"@id\":\"https:\/\/kapitalis.com\/tunisie\/#organization\",\"name\":\"Kapitalis\",\"url\":\"https:\/\/kapitalis.com\/tunisie\/\",\"logo\":{\"@type\":\"ImageObject\",\"inLanguage\":\"fr-FR\",\"@id\":\"https:\/\/kapitalis.com\/tunisie\/#\/schema\/logo\/image\/\",\"url\":\"https:\/\/kapitalis.com\/tunisie\/wp-content\/uploads\/2022\/05\/Kapitalis-big-size.png\",\"contentUrl\":\"https:\/\/kapitalis.com\/tunisie\/wp-content\/uploads\/2022\/05\/Kapitalis-big-size.png\",\"width\":5000,\"height\":1500,\"caption\":\"Kapitalis\"},\"image\":{\"@id\":\"https:\/\/kapitalis.com\/tunisie\/#\/schema\/logo\/image\/\"},\"sameAs\":[\"https:\/\/www.facebook.com\/KapitalisInfo\/\",\"https:\/\/x.com\/KapitalisInfo\",\"https:\/\/www.youtube.com\/channel\/UC-yDYrHyfFBWWZaOw3FPg9Q\"]},{\"@type\":\"Person\",\"@id\":\"https:\/\/kapitalis.com\/tunisie\/#\/schema\/person\/74bbde0154d49d790a92aaeac5bc01d5\",\"name\":\"Yusra NY\",\"url\":\"https:\/\/kapitalis.com\/tunisie\/author\/yuza_adam\/\"}]}<\/script>\n<!-- \/ Yoast SEO plugin. -->","yoast_head_json":{"title":"Tunisie : L'Isie pr\u00e9sente le bulletin de vote pour le r\u00e9f\u00e9rendum du 25 juillet - Kapitalis","description":"L'Instance sup\u00e9rieure ind\u00e9pendante pour les \u00e9lections (Isie) a publi\u00e9, dans la soir\u00e9e de ce lundi 4 juillet 2022, le mod\u00e8le du bulletin de vote pour le r\u00e9f\u00e9rendum du 25 juillet.","robots":{"index":"index","follow":"follow","max-snippet":"max-snippet:-1","max-image-preview":"max-image-preview:large","max-video-preview":"max-video-preview:-1"},"canonical":"https:\/\/kapitalis.com\/tunisie\/2022\/07\/05\/tunisie-lisie-presente-le-bulletin-de-vote-pour-le-referendum-du-25-juillet\/","og_locale":"fr_FR","og_type":"article","og_title":"Tunisie : L'Isie pr\u00e9sente le bulletin de vote pour le r\u00e9f\u00e9rendum du 25 juillet - Kapitalis","og_description":"L'Instance sup\u00e9rieure ind\u00e9pendante pour les \u00e9lections (Isie) a publi\u00e9, dans la soir\u00e9e de ce lundi 4 juillet 2022, le mod\u00e8le du bulletin de vote pour le r\u00e9f\u00e9rendum du 25 juillet.","og_url":"https:\/\/kapitalis.com\/tunisie\/2022\/07\/05\/tunisie-lisie-presente-le-bulletin-de-vote-pour-le-referendum-du-25-juillet\/","og_site_name":"Kapitalis","article_publisher":"https:\/\/www.facebook.com\/KapitalisInfo\/","article_published_time":"2022-07-04T23:54:22+00:00","article_modified_time":"2022-07-04T23:58:05+00:00","og_image":[{"width":1200,"height":630,"url":"https:\/\/kapitalis.com\/tunisie\/wp-content\/uploads\/2022\/05\/isie-2.jpg","type":"image\/jpeg"}],"author":"Yusra NY","twitter_card":"summary_large_image","twitter_creator":"@KapitalisInfo","twitter_site":"@KapitalisInfo","twitter_misc":{"\u00c9crit par":"Yusra NY","Dur\u00e9e de lecture estim\u00e9e":"2 minutes"},"schema":{"@context":"https:\/\/schema.org","@graph":[{"@type":"Article","@id":"https:\/\/kapitalis.com\/tunisie\/2022\/07\/05\/tunisie-lisie-presente-le-bulletin-de-vote-pour-le-referendum-du-25-juillet\/#article","isPartOf":{"@id":"https:\/\/kapitalis.com\/tunisie\/2022\/07\/05\/tunisie-lisie-presente-le-bulletin-de-vote-pour-le-referendum-du-25-juillet\/"},"author":{"name":"Yusra NY","@id":"https:\/\/kapitalis.com\/tunisie\/#\/schema\/person\/74bbde0154d49d790a92aaeac5bc01d5"},"headline":"Tunisie : L&rsquo;Isie pr\u00e9sente le bulletin de vote pour le r\u00e9f\u00e9rendum du 25 juillet","datePublished":"2022-07-04T23:54:22+00:00","dateModified":"2022-07-04T23:58:05+00:00","mainEntityOfPage":{"@id":"https:\/\/kapitalis.com\/tunisie\/2022\/07\/05\/tunisie-lisie-presente-le-bulletin-de-vote-pour-le-referendum-du-25-juillet\/"},"wordCount":322,"commentCount":6,"publisher":{"@id":"https:\/\/kapitalis.com\/tunisie\/#organization"},"image":{"@id":"https:\/\/kapitalis.com\/tunisie\/2022\/07\/05\/tunisie-lisie-presente-le-bulletin-de-vote-pour-le-referendum-du-25-juillet\/#primaryimage"},"thumbnailUrl":"https:\/\/kapitalis.com\/tunisie\/wp-content\/uploads\/2022\/05\/isie-2.jpg","keywords":["25 juillet","bulletin de vote","constitution","\u00e9l\u00e9cteur","Isie","r\u00e9f\u00e9rendum","vote"],"articleSection":["POLITIQUE","SOCIETE","Tunisie"],"inLanguage":"fr-FR","potentialAction":[{"@type":"CommentAction","name":"Comment","target":["https:\/\/kapitalis.com\/tunisie\/2022\/07\/05\/tunisie-lisie-presente-le-bulletin-de-vote-pour-le-referendum-du-25-juillet\/#respond"]}]},{"@type":"WebPage","@id":"https:\/\/kapitalis.com\/tunisie\/2022\/07\/05\/tunisie-lisie-presente-le-bulletin-de-vote-pour-le-referendum-du-25-juillet\/","url":"https:\/\/kapitalis.com\/tunisie\/2022\/07\/05\/tunisie-lisie-presente-le-bulletin-de-vote-pour-le-referendum-du-25-juillet\/","name":"Tunisie : L'Isie pr\u00e9sente le bulletin de vote pour le r\u00e9f\u00e9rendum du 25 juillet - Kapitalis","isPartOf":{"@id":"https:\/\/kapitalis.com\/tunisie\/#website"},"primaryImageOfPage":{"@id":"https:\/\/kapitalis.com\/tunisie\/2022\/07\/05\/tunisie-lisie-presente-le-bulletin-de-vote-pour-le-referendum-du-25-juillet\/#primaryimage"},"image":{"@id":"https:\/\/kapitalis.com\/tunisie\/2022\/07\/05\/tunisie-lisie-presente-le-bulletin-de-vote-pour-le-referendum-du-25-juillet\/#primaryimage"},"thumbnailUrl":"https:\/\/kapitalis.com\/tunisie\/wp-content\/uploads\/2022\/05\/isie-2.jpg","datePublished":"2022-07-04T23:54:22+00:00","dateModified":"2022-07-04T23:58:05+00:00","description":"L'Instance sup\u00e9rieure ind\u00e9pendante pour les \u00e9lections (Isie) a publi\u00e9, dans la soir\u00e9e de ce lundi 4 juillet 2022, le mod\u00e8le du bulletin de vote pour le r\u00e9f\u00e9rendum du 25 juillet.","breadcrumb":{"@id":"https:\/\/kapitalis.com\/tunisie\/2022\/07\/05\/tunisie-lisie-presente-le-bulletin-de-vote-pour-le-referendum-du-25-juillet\/#breadcrumb"},"inLanguage":"fr-FR","potentialAction":[{"@type":"ReadAction","target":["https:\/\/kapitalis.com\/tunisie\/2022\/07\/05\/tunisie-lisie-presente-le-bulletin-de-vote-pour-le-referendum-du-25-juillet\/"]}]},{"@type":"ImageObject","inLanguage":"fr-FR","@id":"https:\/\/kapitalis.com\/tunisie\/2022\/07\/05\/tunisie-lisie-presente-le-bulletin-de-vote-pour-le-referendum-du-25-juillet\/#primaryimage","url":"https:\/\/kapitalis.com\/tunisie\/wp-content\/uploads\/2022\/05\/isie-2.jpg","contentUrl":"https:\/\/kapitalis.com\/tunisie\/wp-content\/uploads\/2022\/05\/isie-2.jpg","width":1200,"height":630},{"@type":"BreadcrumbList","@id":"https:\/\/kapitalis.com\/tunisie\/2022\/07\/05\/tunisie-lisie-presente-le-bulletin-de-vote-pour-le-referendum-du-25-juillet\/#breadcrumb","itemListElement":[{"@type":"ListItem","position":1,"name":"Accueil","item":"https:\/\/kapitalis.com\/tunisie\/"},{"@type":"ListItem","position":2,"name":"Tunisie : L&rsquo;Isie pr\u00e9sente le bulletin de vote pour le r\u00e9f\u00e9rendum du 25 juillet"}]},{"@type":"WebSite","@id":"https:\/\/kapitalis.com\/tunisie\/#website","url":"https:\/\/kapitalis.com\/tunisie\/","name":"Kapitalis","description":"L&#039;actualit\u00e9 en Tunisie et dans le monde","publisher":{"@id":"https:\/\/kapitalis.com\/tunisie\/#organization"},"potentialAction":[{"@type":"SearchAction","target":{"@type":"EntryPoint","urlTemplate":"https:\/\/kapitalis.com\/tunisie\/?s={search_term_string}"},"query-input":{"@type":"PropertyValueSpecification","valueRequired":true,"valueName":"search_term_string"}}],"inLanguage":"fr-FR"},{"@type":"Organization","@id":"https:\/\/kapitalis.com\/tunisie\/#organization","name":"Kapitalis","url":"https:\/\/kapitalis.com\/tunisie\/","logo":{"@type":"ImageObject","inLanguage":"fr-FR","@id":"https:\/\/kapitalis.com\/tunisie\/#\/schema\/logo\/image\/","url":"https:\/\/kapitalis.com\/tunisie\/wp-content\/uploads\/2022\/05\/Kapitalis-big-size.png","contentUrl":"https:\/\/kapitalis.com\/tunisie\/wp-content\/uploads\/2022\/05\/Kapitalis-big-size.png","width":5000,"height":1500,"caption":"Kapitalis"},"image":{"@id":"https:\/\/kapitalis.com\/tunisie\/#\/schema\/logo\/image\/"},"sameAs":["https:\/\/www.facebook.com\/KapitalisInfo\/","https:\/\/x.com\/KapitalisInfo","https:\/\/www.youtube.com\/channel\/UC-yDYrHyfFBWWZaOw3FPg9Q"]},{"@type":"Person","@id":"https:\/\/kapitalis.com\/tunisie\/#\/schema\/person\/74bbde0154d49d790a92aaeac5bc01d5","name":"Yusra NY","url":"https:\/\/kapitalis.com\/tunisie\/author\/yuza_adam\/"}]}},"_links":{"self":[{"href":"https:\/\/kapitalis.com\/tunisie\/wp-json\/wp\/v2\/posts\/1961805","targetHints":{"allow":["GET"]}}],"collection":[{"href":"https:\/\/kapitalis.com\/tunisie\/wp-json\/wp\/v2\/posts"}],"about":[{"href":"https:\/\/kapitalis.com\/tunisie\/wp-json\/wp\/v2\/types\/post"}],"author":[{"embeddable":true,"href":"https:\/\/kapitalis.com\/tunisie\/wp-json\/wp\/v2\/users\/6"}],"replies":[{"embeddable":true,"href":"https:\/\/kapitalis.com\/tunisie\/wp-json\/wp\/v2\/comments?post=1961805"}],"version-history":[{"count":0,"href":"https:\/\/kapitalis.com\/tunisie\/wp-json\/wp\/v2\/posts\/1961805\/revisions"}],"wp:featuredmedia":[{"embeddable":true,"href":"https:\/\/kapitalis.com\/tunisie\/wp-json\/wp\/v2\/media\/928173"}],"wp:attachment":[{"href":"https:\/\/kapitalis.com\/tunisie\/wp-json\/wp\/v2\/media?parent=1961805"}],"wp:term":[{"taxonomy":"category","embeddable":true,"href":"https:\/\/kapitalis.com\/tunisie\/wp-json\/wp\/v2\/categories?post=1961805"},{"taxonomy":"post_tag","embeddable":true,"href":"https:\/\/kapitalis.com\/tunisie\/wp-json\/wp\/v2\/tags?post=1961805"}],"curies":[{"name":"wp","href":"https:\/\/api.w.org\/{rel}","templated":true}]}}